{"id":14326,"date":"2024-11-26T09:31:25","date_gmt":"2024-11-26T08:31:25","guid":{"rendered":"https:\/\/www.renouvelle.be\/?p=14326"},"modified":"2024-11-26T09:31:29","modified_gmt":"2024-11-26T08:31:29","slug":"lancement-du-plus-grand-parc-de-batteries-de-belgique","status":"publish","type":"post","link":"https:\/\/www.renouvelle.be\/fr\/lancement-du-plus-grand-parc-de-batteries-de-belgique\/","title":{"rendered":"Lancement du plus grand parc de batteries de Belgique"},"content":{"rendered":"\n<p>Atout essentiel pour la transition \u00e9nerg\u00e9tique, les parcs de batteries permettent de stocker le surplus de production des \u00e9nergies renouvelables pour pouvoir le restituer sur le r\u00e9seau lorsque celles-ci produisent moins. Qu\u2019ils soient au stade de mise en service, \u00e0 l\u2019instar de celui d\u2019Eneco, ou \u00e0 celui des pr\u00e9mices de construction, comme celui d\u2019Engie sur le site de Kallo, de plus en plus de <a href=\"https:\/\/www.renouvelle.be\/fr\/parcs-de-batteries-une-capacite-bientot-decuplee-en-belgique\/\" target=\"_blank\" rel=\"noreferrer noopener\">projets<\/a> voient le jour en Belgique.<\/p>\n\n\n\n<h2 class=\"wp-block-heading\"><strong>Mise en service d\u2019un parc de batteries pour Eneco<\/strong><\/h2>\n\n\n\n<p>Avec un permis de construction obtenu il y a un peu plus d\u2019un an, le projet se concr\u00e9tise par sa mise en service en cette fin du mois de novembre. Situ\u00e9e \u00e0 Ville-sur-Haine, en Wallonie, <a href=\"https:\/\/news.eneco.be\/eneco-inaugurera-sa-plus-grande-installation-de-stockage-denergie-par-batteries-en-2024\" target=\"_blank\" rel=\"noreferrer noopener\">l\u2019installation<\/a> compte 53 batteries pour une capacit\u00e9 de 50 MW, pouvant stocker jusqu\u2019\u00e0 200 MWh. Elle sera capable de fournir de l\u2019\u00e9nergie au r\u00e9seau pendant 4 heures.<\/p>\n\n\n\n<p>Le parc, construit l\u00e0 o\u00f9 se trouvaient trois anciennes tours de refroidissement d\u2019une ancienne centrale \u00e0 charbon, sera connect\u00e9 au r\u00e9seau haute tension d\u2019Elia. Il s\u2019agira du plus grand parc de batteries actif en Belgique. Mais pour combien de temps encore ?<\/p>\n\n\n\n<h2 class=\"wp-block-heading\"><strong>Engie, bien engag\u00e9 dans la course au stockage d\u2019\u00e9nergie<\/strong><\/h2>\n\n\n\n<p>C\u2019est sur le site de <a href=\"https:\/\/corporate.engie.be\/fr\/energy\/batteries\/le-parc-batteries-de-kallo\" target=\"_blank\" rel=\"noreferrer noopener\">Kallo,<\/a> o\u00f9 se trouvait son ancienne centrale thermique, qu\u2019Engie lancera la construction d\u2019un parc de batteries d\u2019une capacit\u00e9 de 100 MW. Le d\u00e9but de celle-ci est pr\u00e9vu pour le premier trimestre 2025. L\u2019infrastructure de 110 modules pourra stocker jusqu\u2019\u00e0 400 MWh. Un contrat de capacit\u00e9 de 15 ans devrait d\u00e9marrer en novembre 2028.<\/p>\n\n\n\n<p>Mais il ne s\u2019agit pas de l\u2019unique projet d\u2019Engie, puisqu\u2019un autre devrait \u00eatre op\u00e9rationnel d\u00e8s octobre 2025. Situ\u00e9 \u00e0 Vilvorde, il aura une capacit\u00e9 de 200 MW et sera en mesure de stocker 800 MWh. De quoi couvrir les besoins \u00e9nerg\u00e9tiques de 96 000 foyers.<\/p>\n\n\n\n<h2 class=\"wp-block-heading\"><strong>Green Turtle : le plus grand parc de batteries d\u2019Europe en Belgique<\/strong><\/h2>\n\n\n\n<p>Giga Storage Belgium s\u2019appr\u00eate \u00e0 lancer un projet de tr\u00e8s grande envergure, c\u2019est le moins qu\u2019on puisse dire. Appel\u00e9 <a href=\"https:\/\/giga-storage.be\/green-turtle\/\" target=\"_blank\" rel=\"noreferrer noopener\">Green Turtle<\/a>, il devrait \u00eatre le plus grand syst\u00e8me de stockage d\u2019Europe et se situera \u00e0 Dilsen-Stokkem. Initialement, sa capacit\u00e9 avait \u00e9t\u00e9 \u00e9valu\u00e9e \u00e0 600 MW pour un stockage jusqu\u2019\u00e0 2 400 MWh, mais les ambitions ont \u00e9t\u00e9 revues \u00e0 la hausse : il s\u2019agit maintenant d\u2019installer 700 MW (720 batteries) pour pouvoir stocker jusqu\u2019\u00e0 2 800 MWh. Ancienne zone o\u00f9 \u00e9tait \u00e9tablie une usine de zinc, il sera situ\u00e9 \u00e0 proximit\u00e9 de la nouvelle sous-station de 380 kilovolts d\u2019Elia. 385 000 m\u00e9nages devraient pouvoir profiter de l\u2019\u00e9lectricit\u00e9 restitu\u00e9e sur le r\u00e9seau. Le d\u00e9marrage de sa sortie de terre est pr\u00e9vu courant 2025 et devrait \u00eatre achev\u00e9 en 2028.<\/p>\n\n\n\n<p>Bien que le d\u00e9veloppement de ces parcs soit n\u00e9cessaire, nous n\u2019insisterons jamais assez sur le fait que cela devra aller de pair avec <a href=\"https:\/\/www.renouvelle.be\/fr\/flexibilite-electrique-consommateur-en-4-gestes\/\" target=\"_blank\" rel=\"noreferrer noopener\">la flexibilit\u00e9 du consommateur<\/a>.<\/p>\n","protected":false},"excerpt":{"rendered":"<p>Atout essentiel pour la transition \u00e9nerg\u00e9tique, les parcs de batteries permettent de stocker le surplus de production des \u00e9nergies renouvelables pour pouvoir le restituer sur le r\u00e9seau lorsque celles-ci produisent moins. Qu\u2019ils soient au stade de mise en service, \u00e0 l\u2019instar de celui d\u2019Eneco, ou \u00e0 celui des pr\u00e9mices de construction, comme celui d\u2019Engie sur le site de Kallo, de plus en plus de projets voient le jour en Belgique. Mise en service d\u2019un parc de batteries pour Eneco Avec un permis de construction obtenu il y a un peu plus d\u2019un an, le projet se concr\u00e9tise par sa mise en service en cette fin du mois de novembre. Situ\u00e9e \u00e0 Ville-sur-Haine, en Wallonie, l\u2019installation compte 53 batteries pour une capacit\u00e9 de 50 MW, pouvant stocker jusqu\u2019\u00e0 200 MWh. Elle sera capable de fournir de l\u2019\u00e9nergie au r\u00e9seau pendant 4 heures. Le parc, construit l\u00e0 o\u00f9 se trouvaient trois anciennes tours de refroidissement d\u2019une ancienne centrale \u00e0 charbon, sera connect\u00e9 au r\u00e9seau haute tension d\u2019Elia. Il s\u2019agira du plus grand parc de batteries actif en Belgique. Mais pour combien de temps encore ? Engie, bien engag\u00e9 dans la course au stockage d\u2019\u00e9nergie C\u2019est sur le site de Kallo, o\u00f9 se trouvait son ancienne centrale thermique, qu\u2019Engie lancera la construction d\u2019un parc de batteries d\u2019une capacit\u00e9 de 100 MW. Le d\u00e9but de celle-ci est pr\u00e9vu pour le premier trimestre 2025. L\u2019infrastructure de 110 modules pourra stocker jusqu\u2019\u00e0 400 MWh. Un contrat de capacit\u00e9 de 15 ans devrait d\u00e9marrer en novembre 2028. Mais il ne s\u2019agit pas de l\u2019unique projet d\u2019Engie, puisqu\u2019un autre devrait \u00eatre op\u00e9rationnel d\u00e8s octobre 2025. Situ\u00e9 \u00e0 Vilvorde, il aura une capacit\u00e9 de 200 MW et sera en mesure de stocker 800 MWh. De quoi couvrir les besoins &hellip; <a href=\"https:\/\/www.renouvelle.be\/fr\/lancement-du-plus-grand-parc-de-batteries-de-belgique\/\" class=\"more-link\">Continue reading<span class=\"screen-reader-text\"> \u00ab\u00a0Lancement du plus grand parc de batteries de Belgique\u00a0\u00bb<\/span><\/a><\/p>\n","protected":false},"author":38,"featured_media":14335,"comment_status":"closed","ping_status":"closed","sticky":false,"template":"","format":"standard","meta":{"_acf_changed":false,"footnotes":""},"categories":[17],"tags":[],"section":[14],"class_list":["post-14326","post","type-post","status-publish","format-standard","has-post-thumbnail","hentry","category-actualite-en-belgique","section-stockage"],"acf":[],"yoast_head":"<!-- This site is optimized with the Yoast SEO plugin v27.5 - https:\/\/yoast.com\/product\/yoast-seo-wordpress\/ -->\n<title>Lancement du plus grand parc de batteries de Belgique - Renouvelle<\/title>\n<meta name=\"description\" content=\"Le plus grand parc de batteries de Belgique sera bient\u00f4t lanc\u00e9 par ENECO. D&#039;autres projets d&#039;installations de stockage vont voir le jour.\" \/>\n<meta name=\"robots\" content=\"index, follow, max-snippet:-1, max-image-preview:large, max-video-preview:-1\" \/>\n<link rel=\"canonical\" href=\"https:\/\/www.renouvelle.be\/fr\/lancement-du-plus-grand-parc-de-batteries-de-belgique\/\" \/>\n<meta property=\"og:locale\" content=\"fr_FR\" \/>\n<meta property=\"og:type\" content=\"article\" \/>\n<meta property=\"og:title\" content=\"Lancement du plus grand parc de batteries de Belgique - Renouvelle\" \/>\n<meta property=\"og:description\" content=\"Le plus grand parc de batteries de Belgique sera bient\u00f4t lanc\u00e9 par ENECO. D&#039;autres projets d&#039;installations de stockage vont voir le jour.\" \/>\n<meta property=\"og:url\" content=\"https:\/\/www.renouvelle.be\/fr\/lancement-du-plus-grand-parc-de-batteries-de-belgique\/\" \/>\n<meta property=\"og:site_name\" content=\"Renouvelle\" \/>\n<meta property=\"article:published_time\" content=\"2024-11-26T08:31:25+00:00\" \/>\n<meta property=\"article:modified_time\" content=\"2024-11-26T08:31:29+00:00\" \/>\n<meta property=\"og:image\" content=\"https:\/\/www.renouvelle.be\/wp-content\/uploads\/2024\/11\/AdobeStock_551323921-scaled-e1732529391538.jpeg\" \/>\n\t<meta property=\"og:image:width\" content=\"2560\" \/>\n\t<meta property=\"og:image:height\" content=\"1660\" \/>\n\t<meta property=\"og:image:type\" content=\"image\/jpeg\" \/>\n<meta name=\"author\" content=\"Samuel Alves\" \/>\n<meta name=\"twitter:card\" content=\"summary_large_image\" \/>\n<script type=\"application\/ld+json\" class=\"yoast-schema-graph\">{\"@context\":\"https:\\\/\\\/schema.org\",\"@graph\":[{\"@type\":\"Article\",\"@id\":\"https:\\\/\\\/www.renouvelle.be\\\/fr\\\/lancement-du-plus-grand-parc-de-batteries-de-belgique\\\/#article\",\"isPartOf\":{\"@id\":\"https:\\\/\\\/www.renouvelle.be\\\/fr\\\/lancement-du-plus-grand-parc-de-batteries-de-belgique\\\/\"},\"author\":{\"name\":\"Samuel Alves\",\"@id\":\"https:\\\/\\\/www.renouvelle.be\\\/fr\\\/#\\\/schema\\\/person\\\/9d743366fb269eeceaa8d60e98d289d3\"},\"headline\":\"Lancement du plus grand parc de batteries de Belgique\",\"datePublished\":\"2024-11-26T08:31:25+00:00\",\"dateModified\":\"2024-11-26T08:31:29+00:00\",\"mainEntityOfPage\":{\"@id\":\"https:\\\/\\\/www.renouvelle.be\\\/fr\\\/lancement-du-plus-grand-parc-de-batteries-de-belgique\\\/\"},\"wordCount\":486,\"image\":{\"@id\":\"https:\\\/\\\/www.renouvelle.be\\\/fr\\\/lancement-du-plus-grand-parc-de-batteries-de-belgique\\\/#primaryimage\"},\"thumbnailUrl\":\"https:\\\/\\\/www.renouvelle.be\\\/wp-content\\\/uploads\\\/2024\\\/11\\\/AdobeStock_551323921-scaled-e1732529391538.jpeg\",\"articleSection\":[\"Actualit\u00e9 en Belgique\"],\"inLanguage\":\"fr-FR\"},{\"@type\":\"WebPage\",\"@id\":\"https:\\\/\\\/www.renouvelle.be\\\/fr\\\/lancement-du-plus-grand-parc-de-batteries-de-belgique\\\/\",\"url\":\"https:\\\/\\\/www.renouvelle.be\\\/fr\\\/lancement-du-plus-grand-parc-de-batteries-de-belgique\\\/\",\"name\":\"Lancement du plus grand parc de batteries de Belgique - Renouvelle\",\"isPartOf\":{\"@id\":\"https:\\\/\\\/www.renouvelle.be\\\/fr\\\/#website\"},\"primaryImageOfPage\":{\"@id\":\"https:\\\/\\\/www.renouvelle.be\\\/fr\\\/lancement-du-plus-grand-parc-de-batteries-de-belgique\\\/#primaryimage\"},\"image\":{\"@id\":\"https:\\\/\\\/www.renouvelle.be\\\/fr\\\/lancement-du-plus-grand-parc-de-batteries-de-belgique\\\/#primaryimage\"},\"thumbnailUrl\":\"https:\\\/\\\/www.renouvelle.be\\\/wp-content\\\/uploads\\\/2024\\\/11\\\/AdobeStock_551323921-scaled-e1732529391538.jpeg\",\"datePublished\":\"2024-11-26T08:31:25+00:00\",\"dateModified\":\"2024-11-26T08:31:29+00:00\",\"author\":{\"@id\":\"https:\\\/\\\/www.renouvelle.be\\\/fr\\\/#\\\/schema\\\/person\\\/9d743366fb269eeceaa8d60e98d289d3\"},\"description\":\"Le plus grand parc de batteries de Belgique sera bient\u00f4t lanc\u00e9 par ENECO. D'autres projets d'installations de stockage vont voir le jour.\",\"breadcrumb\":{\"@id\":\"https:\\\/\\\/www.renouvelle.be\\\/fr\\\/lancement-du-plus-grand-parc-de-batteries-de-belgique\\\/#breadcrumb\"},\"inLanguage\":\"fr-FR\",\"potentialAction\":[{\"@type\":\"ReadAction\",\"target\":[\"https:\\\/\\\/www.renouvelle.be\\\/fr\\\/lancement-du-plus-grand-parc-de-batteries-de-belgique\\\/\"]}]},{\"@type\":\"ImageObject\",\"inLanguage\":\"fr-FR\",\"@id\":\"https:\\\/\\\/www.renouvelle.be\\\/fr\\\/lancement-du-plus-grand-parc-de-batteries-de-belgique\\\/#primaryimage\",\"url\":\"https:\\\/\\\/www.renouvelle.be\\\/wp-content\\\/uploads\\\/2024\\\/11\\\/AdobeStock_551323921-scaled-e1732529391538.jpeg\",\"contentUrl\":\"https:\\\/\\\/www.renouvelle.be\\\/wp-content\\\/uploads\\\/2024\\\/11\\\/AdobeStock_551323921-scaled-e1732529391538.jpeg\",\"width\":2560,\"height\":1660},{\"@type\":\"BreadcrumbList\",\"@id\":\"https:\\\/\\\/www.renouvelle.be\\\/fr\\\/lancement-du-plus-grand-parc-de-batteries-de-belgique\\\/#breadcrumb\",\"itemListElement\":[{\"@type\":\"ListItem\",\"position\":1,\"name\":\"Accueil\",\"item\":\"https:\\\/\\\/www.renouvelle.be\\\/fr\\\/\"},{\"@type\":\"ListItem\",\"position\":2,\"name\":\"Lancement du plus grand parc de batteries de Belgique\"}]},{\"@type\":\"WebSite\",\"@id\":\"https:\\\/\\\/www.renouvelle.be\\\/fr\\\/#website\",\"url\":\"https:\\\/\\\/www.renouvelle.be\\\/fr\\\/\",\"name\":\"Renouvelle\",\"description\":\"L&#039;actualit\u00e9 de l&#039;\u00e9nergie durable\",\"potentialAction\":[{\"@type\":\"SearchAction\",\"target\":{\"@type\":\"EntryPoint\",\"urlTemplate\":\"https:\\\/\\\/www.renouvelle.be\\\/fr\\\/?s={search_term_string}\"},\"query-input\":{\"@type\":\"PropertyValueSpecification\",\"valueRequired\":true,\"valueName\":\"search_term_string\"}}],\"inLanguage\":\"fr-FR\"},{\"@type\":\"Person\",\"@id\":\"https:\\\/\\\/www.renouvelle.be\\\/fr\\\/#\\\/schema\\\/person\\\/9d743366fb269eeceaa8d60e98d289d3\",\"name\":\"Samuel Alves\",\"url\":\"https:\\\/\\\/www.renouvelle.be\\\/fr\\\/author\\\/salves\\\/\"}]}<\/script>\n<!-- \/ Yoast SEO plugin. -->","yoast_head_json":{"title":"Lancement du plus grand parc de batteries de Belgique - Renouvelle","description":"Le plus grand parc de batteries de Belgique sera bient\u00f4t lanc\u00e9 par ENECO. D'autres projets d'installations de stockage vont voir le jour.","robots":{"index":"index","follow":"follow","max-snippet":"max-snippet:-1","max-image-preview":"max-image-preview:large","max-video-preview":"max-video-preview:-1"},"canonical":"https:\/\/www.renouvelle.be\/fr\/lancement-du-plus-grand-parc-de-batteries-de-belgique\/","og_locale":"fr_FR","og_type":"article","og_title":"Lancement du plus grand parc de batteries de Belgique - Renouvelle","og_description":"Le plus grand parc de batteries de Belgique sera bient\u00f4t lanc\u00e9 par ENECO. D'autres projets d'installations de stockage vont voir le jour.","og_url":"https:\/\/www.renouvelle.be\/fr\/lancement-du-plus-grand-parc-de-batteries-de-belgique\/","og_site_name":"Renouvelle","article_published_time":"2024-11-26T08:31:25+00:00","article_modified_time":"2024-11-26T08:31:29+00:00","og_image":[{"width":2560,"height":1660,"url":"https:\/\/www.renouvelle.be\/wp-content\/uploads\/2024\/11\/AdobeStock_551323921-scaled-e1732529391538.jpeg","type":"image\/jpeg"}],"author":"Samuel Alves","twitter_card":"summary_large_image","schema":{"@context":"https:\/\/schema.org","@graph":[{"@type":"Article","@id":"https:\/\/www.renouvelle.be\/fr\/lancement-du-plus-grand-parc-de-batteries-de-belgique\/#article","isPartOf":{"@id":"https:\/\/www.renouvelle.be\/fr\/lancement-du-plus-grand-parc-de-batteries-de-belgique\/"},"author":{"name":"Samuel Alves","@id":"https:\/\/www.renouvelle.be\/fr\/#\/schema\/person\/9d743366fb269eeceaa8d60e98d289d3"},"headline":"Lancement du plus grand parc de batteries de Belgique","datePublished":"2024-11-26T08:31:25+00:00","dateModified":"2024-11-26T08:31:29+00:00","mainEntityOfPage":{"@id":"https:\/\/www.renouvelle.be\/fr\/lancement-du-plus-grand-parc-de-batteries-de-belgique\/"},"wordCount":486,"image":{"@id":"https:\/\/www.renouvelle.be\/fr\/lancement-du-plus-grand-parc-de-batteries-de-belgique\/#primaryimage"},"thumbnailUrl":"https:\/\/www.renouvelle.be\/wp-content\/uploads\/2024\/11\/AdobeStock_551323921-scaled-e1732529391538.jpeg","articleSection":["Actualit\u00e9 en Belgique"],"inLanguage":"fr-FR"},{"@type":"WebPage","@id":"https:\/\/www.renouvelle.be\/fr\/lancement-du-plus-grand-parc-de-batteries-de-belgique\/","url":"https:\/\/www.renouvelle.be\/fr\/lancement-du-plus-grand-parc-de-batteries-de-belgique\/","name":"Lancement du plus grand parc de batteries de Belgique - Renouvelle","isPartOf":{"@id":"https:\/\/www.renouvelle.be\/fr\/#website"},"primaryImageOfPage":{"@id":"https:\/\/www.renouvelle.be\/fr\/lancement-du-plus-grand-parc-de-batteries-de-belgique\/#primaryimage"},"image":{"@id":"https:\/\/www.renouvelle.be\/fr\/lancement-du-plus-grand-parc-de-batteries-de-belgique\/#primaryimage"},"thumbnailUrl":"https:\/\/www.renouvelle.be\/wp-content\/uploads\/2024\/11\/AdobeStock_551323921-scaled-e1732529391538.jpeg","datePublished":"2024-11-26T08:31:25+00:00","dateModified":"2024-11-26T08:31:29+00:00","author":{"@id":"https:\/\/www.renouvelle.be\/fr\/#\/schema\/person\/9d743366fb269eeceaa8d60e98d289d3"},"description":"Le plus grand parc de batteries de Belgique sera bient\u00f4t lanc\u00e9 par ENECO. D'autres projets d'installations de stockage vont voir le jour.","breadcrumb":{"@id":"https:\/\/www.renouvelle.be\/fr\/lancement-du-plus-grand-parc-de-batteries-de-belgique\/#breadcrumb"},"inLanguage":"fr-FR","potentialAction":[{"@type":"ReadAction","target":["https:\/\/www.renouvelle.be\/fr\/lancement-du-plus-grand-parc-de-batteries-de-belgique\/"]}]},{"@type":"ImageObject","inLanguage":"fr-FR","@id":"https:\/\/www.renouvelle.be\/fr\/lancement-du-plus-grand-parc-de-batteries-de-belgique\/#primaryimage","url":"https:\/\/www.renouvelle.be\/wp-content\/uploads\/2024\/11\/AdobeStock_551323921-scaled-e1732529391538.jpeg","contentUrl":"https:\/\/www.renouvelle.be\/wp-content\/uploads\/2024\/11\/AdobeStock_551323921-scaled-e1732529391538.jpeg","width":2560,"height":1660},{"@type":"BreadcrumbList","@id":"https:\/\/www.renouvelle.be\/fr\/lancement-du-plus-grand-parc-de-batteries-de-belgique\/#breadcrumb","itemListElement":[{"@type":"ListItem","position":1,"name":"Accueil","item":"https:\/\/www.renouvelle.be\/fr\/"},{"@type":"ListItem","position":2,"name":"Lancement du plus grand parc de batteries de Belgique"}]},{"@type":"WebSite","@id":"https:\/\/www.renouvelle.be\/fr\/#website","url":"https:\/\/www.renouvelle.be\/fr\/","name":"Renouvelle","description":"L&#039;actualit\u00e9 de l&#039;\u00e9nergie durable","potentialAction":[{"@type":"SearchAction","target":{"@type":"EntryPoint","urlTemplate":"https:\/\/www.renouvelle.be\/fr\/?s={search_term_string}"},"query-input":{"@type":"PropertyValueSpecification","valueRequired":true,"valueName":"search_term_string"}}],"inLanguage":"fr-FR"},{"@type":"Person","@id":"https:\/\/www.renouvelle.be\/fr\/#\/schema\/person\/9d743366fb269eeceaa8d60e98d289d3","name":"Samuel Alves","url":"https:\/\/www.renouvelle.be\/fr\/author\/salves\/"}]}},"_links":{"self":[{"href":"https:\/\/www.renouvelle.be\/fr\/wp-json\/wp\/v2\/posts\/14326","targetHints":{"allow":["GET"]}}],"collection":[{"href":"https:\/\/www.renouvelle.be\/fr\/wp-json\/wp\/v2\/posts"}],"about":[{"href":"https:\/\/www.renouvelle.be\/fr\/wp-json\/wp\/v2\/types\/post"}],"author":[{"embeddable":true,"href":"https:\/\/www.renouvelle.be\/fr\/wp-json\/wp\/v2\/users\/38"}],"replies":[{"embeddable":true,"href":"https:\/\/www.renouvelle.be\/fr\/wp-json\/wp\/v2\/comments?post=14326"}],"version-history":[{"count":11,"href":"https:\/\/www.renouvelle.be\/fr\/wp-json\/wp\/v2\/posts\/14326\/revisions"}],"predecessor-version":[{"id":14339,"href":"https:\/\/www.renouvelle.be\/fr\/wp-json\/wp\/v2\/posts\/14326\/revisions\/14339"}],"wp:featuredmedia":[{"embeddable":true,"href":"https:\/\/www.renouvelle.be\/fr\/wp-json\/wp\/v2\/media\/14335"}],"wp:attachment":[{"href":"https:\/\/www.renouvelle.be\/fr\/wp-json\/wp\/v2\/media?parent=14326"}],"wp:term":[{"taxonomy":"category","embeddable":true,"href":"https:\/\/www.renouvelle.be\/fr\/wp-json\/wp\/v2\/categories?post=14326"},{"taxonomy":"post_tag","embeddable":true,"href":"https:\/\/www.renouvelle.be\/fr\/wp-json\/wp\/v2\/tags?post=14326"},{"taxonomy":"section","embeddable":true,"href":"https:\/\/www.renouvelle.be\/fr\/wp-json\/wp\/v2\/section?post=14326"}],"curies":[{"name":"wp","href":"https:\/\/api.w.org\/{rel}","templated":true}]}}