{"id":14222,"date":"2018-03-15T16:08:00","date_gmt":"2018-03-15T15:08:00","guid":{"rendered":"https:\/\/www.renouvelle.be\/?p=14222"},"modified":"2024-11-21T09:36:03","modified_gmt":"2024-11-21T08:36:03","slug":"avec-geothermia-la-geothermie-wallonne-refait-surface","status":"publish","type":"post","link":"https:\/\/www.renouvelle.be\/fr\/avec-geothermia-la-geothermie-wallonne-refait-surface\/","title":{"rendered":"Avec GEOTHERMIA, la g\u00e9othermie wallonne refait surface"},"content":{"rendered":"\n<p>L&rsquo;intercommunale IDEA a inaugur\u00e9 le 8 f\u00e9vrier dernier une centrale g\u00e9othermique de 7 MW \u00e0 Ghlin pr\u00e8s de Mons. Le puits, for\u00e9 en 1981 mais jamais exploit\u00e9, capte de l&rsquo;eau \u00e0 65\u00b0C \u00e0 un peu plus de 1.500&nbsp;m\u00e8tres de profondeur et permet d&rsquo;alimenter en chauffage et eau chaude sanitaire, via un r\u00e9seau de chaleur, les futures entreprises qui s\u2019installeront dans le zoning baptis\u00e9 GEOTHERMIA.<\/p>\n\n\n\n<p>Il s&rsquo;agit ainsi de la premi\u00e8re zone d&rsquo;activit\u00e9 \u00e9conomique aliment\u00e9e en g\u00e9othermie en Belgique. Pour l&rsquo;heure, outre les deux stations de d\u00e9mergement \u00e9galement g\u00e9r\u00e9es par IDEA, une premi\u00e8re entreprise a \u00e9t\u00e9 connect\u00e9e au r\u00e9seau : &nbsp;FACOZINC, qui construit un b\u00e2timent de 12.000 m\u00b2 pour y \u00e9tablir son p\u00f4le \u00ab\u00a0construction durable\u00a0\u00bb. A terme, le zoning de 40&nbsp;hectares devrait accueillir un nombre important d\u2019entreprises, chauff\u00e9es \u00e0 la g\u00e9othermie.<\/p>\n\n\n\n<p>IDEA dispose d\u2019une exp\u00e9rience de longue date en mati\u00e8re de g\u00e9othermie puisqu\u2019elle exploite depuis plus de 30 ans deux puits g\u00e9othermiques situ\u00e9s \u00e0 Saint-Ghislain et Douvrain qui alimentent, via des r\u00e9seaux de chaleur, deux h\u00f4pitaux, deux \u00e9coles, une gare, 355 logements sociaux, une piscine, un home, \u2026 et permettent ainsi d\u2019\u00e9viter chaque ann\u00e9e le rejet de 5.500 tonnes de CO<sub>2<\/sub>.<\/p>\n\n\n\n<h2 class=\"wp-block-heading\"><strong>O\u00f9 en est la g\u00e9othermie en Wallonie ?<\/strong><\/h2>\n\n\n\n<p>Avec cette inauguration, la g\u00e9othermie wallonne refait surface, apr\u00e8s une absence d\u2019\u00e9v\u00e8nements majeurs depuis quelques ann\u00e9es. L&rsquo;occasion de faire le point sur une fili\u00e8re qui entend trouver sa place dans la transition \u00e9nerg\u00e9tique en Wallonie.<\/p>\n\n\n\n<p>Petit rappel. En 2011, le Gouvernement wallon a adopt\u00e9 une strat\u00e9gie visant \u00e0 mieux conna\u00eetre son potentiel en g\u00e9othermie profonde pour une production de chaleur et d\u2019\u00e9lectricit\u00e9. Il a d\u00e8s lors initi\u00e9 des cadres incitatifs &#8211; financier, l\u00e9gislatif, scientifique et technique &#8211; et soutenu 2&nbsp;projets-pilotes :<\/p>\n\n\n\n<ol class=\"wp-block-list\">\n<li>Un projet de g\u00e9othermie profonde basse \u00e9nergie, accord\u00e9 \u00e0 l\u2019intercommunale IDEA, dont un forage destin\u00e9 \u00e0 alimenter un r\u00e9seau de chaleur urbain collectif.<\/li>\n\n\n\n<li>Un projet de g\u00e9othermie profonde moyenne \u00e9nergie, accord\u00e9 \u00e0 la soci\u00e9t\u00e9 EarthSolution, pour d\u00e9finir le potentiel de production&nbsp;d\u2019\u00e9lectricit\u00e9.<\/li>\n<\/ol>\n\n\n\n<h2 class=\"wp-block-heading\"><strong>O\u00f9 en sont ces projets&nbsp;?<\/strong><\/h2>\n\n\n\n<p>Une campagne de reconnaissance g\u00e9ophysique commune a \u00e9t\u00e9 r\u00e9alis\u00e9e en 2012 au droit du Bassin de Mons, permettant de mieux conna\u00eetre les ressources aquif\u00e8res.<\/p>\n\n\n\n<p>Le projet 2 (\u00e9lectricit\u00e9) est ainsi termin\u00e9 mais aucune suite n\u2019a \u00e9t\u00e9 donn\u00e9e pour l\u2019instant.<\/p>\n\n\n\n<p>Le projet 1 (chaleur), quant \u00e0 lui, a pris du retard.<\/p>\n\n\n\n<h2 class=\"wp-block-heading\"><strong>Tirer les le\u00e7ons d\u2019un retard<\/strong><\/h2>\n\n\n\n<p>Le forage du projet 1 \u00e9tait envisag\u00e9 sur un site proche de la nouvelle gare de Mons et du quartier d\u2019affaires et de logements en construction. \u00ab&nbsp;Mais le d\u00e9veloppement urbain s\u2019est r\u00e9alis\u00e9 \u00e0 des rythmes fort diff\u00e9rents, ce qui n\u2019a pas permis d\u2019atteindre l\u2019\u00e9quilibre financier \u00bb, explique David CHARLET, ing\u00e9nieur en charge des projets de consolidation et de d\u00e9veloppement de la g\u00e9othermie chez IDEA.<\/p>\n\n\n\n<p>\u00ab&nbsp;Pour \u00eatre rentable, la centrale g\u00e9othermique doit en effet fournir une production totale d\u00e8s le d\u00e9part&nbsp;\u00e0 tous ses consommateurs de chaleur. Or ici, le planning de consommation s\u2019est retrouv\u00e9 \u00e9tal\u00e9 dans le temps. Le magasin IKEA, par exemple, \u00e9tait pr\u00eat dans les temps mais la nouvelle gare est encore aujourd\u2019hui \u00e0 l\u2019\u00e9tat de gros \u0153uvre. Il \u00e9tait d\u00e8s lors impossible de r\u00e9aliser un tel investissement \u2013 5 millions \u20ac pour le seul forage \u2013 si tous les consommateurs n\u2019\u00e9taient pas raccord\u00e9s au r\u00e9seau de chaleur en m\u00eame temps. \u00bb<\/p>\n\n\n\n<p>Le calcul financier \u00e9tait d\u2019autant plus complexe qu\u2019un \u00e9v\u00e9nement inattendu s\u2019est produit sur le march\u00e9 international de l\u2019\u00e9nergie&nbsp;: une chute drastique du prix du gaz, en concurrence directe avec l\u2019\u00e9nergie g\u00e9othermique.<\/p>\n\n\n\n<p>Notons que le contexte est diff\u00e9rent pour la centrale g\u00e9othermique du zoning GEOTHERMIA&nbsp;: le puits est existant (aucun forage n\u00e9cessaire) et l\u2019\u00e9quipement des terrains a pu \u00eatre r\u00e9alis\u00e9 gr\u00e2ce \u00e0 des subsides de la Wallonie., L\u2019investissement de d\u00e9part est donc moindre et l\u2019agence de d\u00e9veloppement peut se permettre d\u2019attendre l\u2019installation progressive des entreprises dans la zone d\u2019activit\u00e9 \u00e9conomique.<\/p>\n\n\n\n<p>Le projet autour de la gare de Mons n\u2019est pas abandonn\u00e9 pour autant. IDEA dispose toujours du permis pour le creusement du puits et la construction de la centrale. Mais il faudra notamment attendre la fin des travaux en cours pour r\u00e9-envisager ici un r\u00e9seau de chaleur g\u00e9othermique.<\/p>\n\n\n\n<h2 class=\"wp-block-heading\"><strong>Un forage in\u00e9dit en Wallonie en 2020<\/strong><\/h2>\n\n\n\n<p>IDEA n\u2019a pas renonc\u00e9 pour autant \u00e0 mener un projet pilote dans le domaine de la g\u00e9othermie de basse \u00e9nergie et a introduit, dans le cadre de la programmation FEDER, diff\u00e9rents portefeuilles de projets, dont certains ont obtenu le soutien de la Wallonie et de l\u2019Europe. Parmi ceux-ci figure le portefeuille \u00ab&nbsp;Distribution d\u2019\u00e9nergie \u00bb qui concerne un autre site montois, plus ma\u00eetrisable, autour de l\u2019h\u00f4pital Ambroise Par\u00e9, p\u00f4le majeur de sant\u00e9 pour le C\u0153ur du Hainaut.<\/p>\n\n\n\n<p>L&rsquo;intercommunale compte r\u00e9aliser ici le forage d\u2019un doublet de puits \u00e0 2.500 m de profondeur, permettant de capter une eau chaude \u00e0 65 &#8211; 70\u00b0C avec un d\u00e9bit esp\u00e9r\u00e9 de 150 m\u00b3\/heure, et destin\u00e9 \u00e0 alimenter un nouveau r\u00e9seau de chaleur urbain qui couvrira essentiellement les besoins en chaleur et en eau chaude sanitaire de l\u2019h\u00f4pital.<\/p>\n\n\n\n<p>David CHARLET explique ce choix&nbsp;: \u00ab&nbsp;Nous partons de l\u2019hypoth\u00e8se que la puissance disponible sur ce site sera similaire \u00e0 nos 3 autres puits, \u00e0 savoir 7 MW thermiques. Or cela correspond aux besoins actuels de l\u2019h\u00f4pital.&nbsp;Mais il y a toujours un risque g\u00e9ologique&nbsp;: celui de ne pas trouver le d\u00e9bit escompt\u00e9. Mais la prospection g\u00e9ophysique et l\u2019interpr\u00e9tation des r\u00e9sultats par les \u00e9quipes scientifiques de l\u2019Universit\u00e9 de Mons nous permettront de d\u00e9terminer les cibles \u00e0 atteindre.&nbsp;Le risque est donc limit\u00e9. \u00bb<\/p>\n\n\n\n<p>Ce projet n\u00e9cessite le forage d\u2019un doublet g\u00e9othermique, \u00e0 savoir un puits de production qui pr\u00e9l\u00e8ve l\u2019eau g\u00e9othermale et un second qui permet la r\u00e9injection de l\u2019eau dans le r\u00e9servoir, apr\u00e8s utilisation des calories, comme cela existe notamment dans le Bassin parisien. Cette technique sera une premi\u00e8re en Wallonie, \u00e9tant donn\u00e9 que les puits actuels ne comportent pas de puits de r\u00e9injection mais rejettent l\u2019eau, apr\u00e8s transfert de chaleur, dans le r\u00e9seau hydrographique.<\/p>\n\n\n\n<p>Selon IDEA, les op\u00e9rations de forage devraient d\u00e9buter en 2020. Le chantier aura recours \u00e0 des techniques \u00e9quivalentes \u00e0 celles utilis\u00e9es pour le forage de puits p\u00e9troliers, ce qui devrait n\u00e9cessiter 3 mois d\u2019activit\u00e9 (24h\/24 et 7J\/7) pour chacun des 2 puits.<\/p>\n\n\n\n<p>La livraison des premi\u00e8res calories devrait intervenir en 2023.<\/p>\n\n\n\n<h2 class=\"wp-block-heading\"><strong>Un h\u00f4pital rendu compatible avec la g\u00e9othermie<\/strong><\/h2>\n\n\n\n<p>Pour \u00eatre optimale, la g\u00e9othermie a besoin de syst\u00e8mes de chauffage \u00e0 moyenne temp\u00e9rature, avec des dissipateurs adapt\u00e9s (radiateurs ad\u00e9quatement dimensionn\u00e9s, chauffage par le sol ou a\u00e9rothermes), ce qui peut \u00eatre directement mis en \u0153uvre lors de la construction de nouveaux b\u00e2timents.<\/p>\n\n\n\n<p>Dans le cas de l\u2019h\u00f4pital Ambroise Par\u00e9, il s\u2019agira de chauffer des b\u00e2timents existants. Quelles seront d\u00e8s lors les techniques mises en \u0153uvre&nbsp;?<\/p>\n\n\n\n<p>\u00ab&nbsp;La mise en ad\u00e9quation peut se faire de 3 mani\u00e8res&nbsp;\u00bb, explique David CHARLET. \u00ab&nbsp;Premi\u00e8rement, dans les situations o\u00f9 les corps de chauffe (radiateurs) ont \u00e9t\u00e9 surdimensionn\u00e9s, il s\u2019agira de les faire fonctionner, sans souci, \u00e0 un r\u00e9gime de temp\u00e9rature plus bas. Deuxi\u00e8mement, dans le cas d\u2019une extension ou d\u2019une r\u00e9novation, on peut rendre le syst\u00e8me de chauffage directement compatible. Enfin, troisi\u00e8mement, on peut r\u00e9aliser un phasage&nbsp;: d\u2019ici la mise en production pr\u00e9vue en 2023, l\u2019h\u00f4pital conna\u00eetra des r\u00e9novations au cours desquelles on peut pr\u00e9voir des installations directement compatibles.&nbsp;\u00bb<\/p>\n\n\n\n<h2 class=\"wp-block-heading\"><strong>Un mod\u00e8le de gestion dynamique<\/strong><\/h2>\n\n\n\n<p>Parall\u00e8lement au forage, les \u00e9quipes scientifiques de la Facult\u00e9 Polytechnique de l\u2019UMONS (Service de g\u00e9ologique fondamentale et appliqu\u00e9e) r\u00e9aliseront des recherches destin\u00e9es \u00e0 mieux conna\u00eetre le r\u00e9servoir du Bassin de Mons pour aboutir \u00e0 un mod\u00e8le de gestion dynamique de celle-ci.<\/p>\n\n\n\n<p>\u00ab&nbsp;Gr\u00e2ce \u00e0 ce mod\u00e8le&nbsp;\u00bb, explique David CHARLET, \u00ab&nbsp;il sera possible d\u2019identifier les sites les plus pertinents pour implanter d\u2019autres r\u00e9seaux de chaleur au droit de ce r\u00e9servoir, en tenant compte des forages existants ou \u00e0 venir.&nbsp;\u00bb<\/p>\n\n\n\n<p>Ce mod\u00e8le sera-t-il duplicable pour d\u2019autres r\u00e9gions de Wallonie&nbsp;? \u00ab&nbsp;Ce sera possible \u00e0 condition d\u2019augmenter nos connaissances du sous-sol wallon car, pour d\u00e9velopper une centrale g\u00e9othermique, il faut disposer de caract\u00e9ristiques similaires, \u00e0 savoir&nbsp;: une formation g\u00e9ologique aquif\u00e8re, avec un d\u00e9bit exploitable, \u00e0 une certaine profondeur &#8211; pour assurer une temp\u00e9rature suffisamment \u00e9lev\u00e9e.&nbsp;Et le niveau des connaissances actuelles ne permet d\u2019affirmer que c\u2019est le cas partout en Wallonie. \u00bb<\/p>\n\n\n<div class=\"wp-block-image\">\n<figure class=\"aligncenter size-full is-resized\"><img loading=\"lazy\" decoding=\"async\" width=\"580\" height=\"400\" src=\"https:\/\/www.renouvelle.be\/wp-content\/uploads\/2024\/11\/carte-geo.jpg\" alt=\"\" class=\"wp-image-14223\" style=\"width:784px;height:auto\" srcset=\"https:\/\/www.renouvelle.be\/wp-content\/uploads\/2024\/11\/carte-geo.jpg 580w, https:\/\/www.renouvelle.be\/wp-content\/uploads\/2024\/11\/carte-geo-300x207.jpg 300w\" sizes=\"auto, (max-width: 580px) 100vw, 580px\" \/><figcaption class=\"wp-element-caption\">Nos connaissances actuelles du sous-sol wallon ne permettent pas encore de conna\u00eetre le potentiel g\u00e9othermique en Wallonie (carte ci-dessus). Les recherches de l\u2019UMONS affineront notre connaissance du Bassin de Mons.<\/figcaption><\/figure>\n<\/div>\n\n\n<p>Lire \u00e9galement notre interview&nbsp;:<\/p>\n\n\n\n<p><a href=\"http:\/\/www.renouvelle.be\/fr\/technologies\/roland-de-schaetzen-earthsolution-la-geothermie-profonde-pourrait-produire-2-000-gwhe\" target=\"_blank\" rel=\"noreferrer noopener\">\u00ab\u2008La g\u00e9othermie profonde pourrait produire 2\u2008000\u2008GWhe par an dans la zone de Mons\u2008\u00bb<\/a> (Roland de Schaetzen, EarthSolution)<\/p>\n\n\n\n<p><\/p>\n","protected":false},"excerpt":{"rendered":"<p>L&rsquo;intercommunale IDEA a inaugur\u00e9 le 8 f\u00e9vrier dernier une centrale g\u00e9othermique de 7 MW \u00e0 Ghlin pr\u00e8s de Mons. Le puits, for\u00e9 en 1981 mais jamais exploit\u00e9, capte de l&rsquo;eau \u00e0 65\u00b0C \u00e0 un peu plus de 1.500&nbsp;m\u00e8tres de profondeur et permet d&rsquo;alimenter en chauffage et eau chaude sanitaire, via un r\u00e9seau de chaleur, les futures entreprises qui s\u2019installeront dans le zoning baptis\u00e9 GEOTHERMIA. Il s&rsquo;agit ainsi de la premi\u00e8re zone d&rsquo;activit\u00e9 \u00e9conomique aliment\u00e9e en g\u00e9othermie en Belgique. Pour l&rsquo;heure, outre les deux stations de d\u00e9mergement \u00e9galement g\u00e9r\u00e9es par IDEA, une premi\u00e8re entreprise a \u00e9t\u00e9 connect\u00e9e au r\u00e9seau : &nbsp;FACOZINC, qui construit un b\u00e2timent de 12.000 m\u00b2 pour y \u00e9tablir son p\u00f4le \u00ab\u00a0construction durable\u00a0\u00bb. A terme, le zoning de 40&nbsp;hectares devrait accueillir un nombre important d\u2019entreprises, chauff\u00e9es \u00e0 la g\u00e9othermie. IDEA dispose d\u2019une exp\u00e9rience de longue date en mati\u00e8re de g\u00e9othermie puisqu\u2019elle exploite depuis plus de 30 ans deux puits g\u00e9othermiques situ\u00e9s \u00e0 Saint-Ghislain et Douvrain qui alimentent, via des r\u00e9seaux de chaleur, deux h\u00f4pitaux, deux \u00e9coles, une gare, 355 logements sociaux, une piscine, un home, \u2026 et permettent ainsi d\u2019\u00e9viter chaque ann\u00e9e le rejet de 5.500 tonnes de CO2. O\u00f9 en est la g\u00e9othermie en Wallonie ? Avec cette inauguration, la g\u00e9othermie wallonne refait surface, apr\u00e8s une absence d\u2019\u00e9v\u00e8nements majeurs depuis quelques ann\u00e9es. L&rsquo;occasion de faire le point sur une fili\u00e8re qui entend trouver sa place dans la transition \u00e9nerg\u00e9tique en Wallonie. Petit rappel. En 2011, le Gouvernement wallon a adopt\u00e9 une strat\u00e9gie visant \u00e0 mieux conna\u00eetre son potentiel en g\u00e9othermie profonde pour une production de chaleur et d\u2019\u00e9lectricit\u00e9. Il a d\u00e8s lors initi\u00e9 des cadres incitatifs &#8211; financier, l\u00e9gislatif, scientifique et technique &#8211; et soutenu 2&nbsp;projets-pilotes : O\u00f9 en sont ces projets&nbsp;? Une campagne de reconnaissance g\u00e9ophysique commune &hellip; <a href=\"https:\/\/www.renouvelle.be\/fr\/avec-geothermia-la-geothermie-wallonne-refait-surface\/\" class=\"more-link\">Continue reading<span class=\"screen-reader-text\"> \u00ab\u00a0Avec GEOTHERMIA, la g\u00e9othermie wallonne refait surface\u00a0\u00bb<\/span><\/a><\/p>\n","protected":false},"author":41,"featured_media":0,"comment_status":"closed","ping_status":"closed","sticky":false,"template":"","format":"standard","meta":{"_acf_changed":false,"footnotes":""},"categories":[],"tags":[],"section":[9],"class_list":["post-14222","post","type-post","status-publish","format-standard","hentry","section-geothermie-pac"],"acf":[],"yoast_head":"<!-- This site is optimized with the Yoast SEO plugin v27.5 - https:\/\/yoast.com\/product\/yoast-seo-wordpress\/ -->\n<title>Avec GEOTHERMIA, la g\u00e9othermie wallonne refait surface - Renouvelle<\/title>\n<meta name=\"robots\" content=\"index, follow, max-snippet:-1, max-image-preview:large, max-video-preview:-1\" \/>\n<link rel=\"canonical\" href=\"https:\/\/www.renouvelle.be\/fr\/avec-geothermia-la-geothermie-wallonne-refait-surface\/\" \/>\n<meta property=\"og:locale\" content=\"fr_FR\" \/>\n<meta property=\"og:type\" content=\"article\" \/>\n<meta property=\"og:title\" content=\"Avec GEOTHERMIA, la g\u00e9othermie wallonne refait surface - Renouvelle\" \/>\n<meta property=\"og:description\" content=\"L&rsquo;intercommunale IDEA a inaugur\u00e9 le 8 f\u00e9vrier dernier une centrale g\u00e9othermique de 7 MW \u00e0 Ghlin pr\u00e8s de Mons. Le puits, for\u00e9 en 1981 mais jamais exploit\u00e9, capte de l&rsquo;eau \u00e0 65\u00b0C \u00e0 un peu plus de 1.500&nbsp;m\u00e8tres de profondeur et permet d&rsquo;alimenter en chauffage et eau chaude sanitaire, via un r\u00e9seau de chaleur, les futures entreprises qui s\u2019installeront dans le zoning baptis\u00e9 GEOTHERMIA. Il s&rsquo;agit ainsi de la premi\u00e8re zone d&rsquo;activit\u00e9 \u00e9conomique aliment\u00e9e en g\u00e9othermie en Belgique. Pour l&rsquo;heure, outre les deux stations de d\u00e9mergement \u00e9galement g\u00e9r\u00e9es par IDEA, une premi\u00e8re entreprise a \u00e9t\u00e9 connect\u00e9e au r\u00e9seau : &nbsp;FACOZINC, qui construit un b\u00e2timent de 12.000 m\u00b2 pour y \u00e9tablir son p\u00f4le \u00ab\u00a0construction durable\u00a0\u00bb. A terme, le zoning de 40&nbsp;hectares devrait accueillir un nombre important d\u2019entreprises, chauff\u00e9es \u00e0 la g\u00e9othermie. IDEA dispose d\u2019une exp\u00e9rience de longue date en mati\u00e8re de g\u00e9othermie puisqu\u2019elle exploite depuis plus de 30 ans deux puits g\u00e9othermiques situ\u00e9s \u00e0 Saint-Ghislain et Douvrain qui alimentent, via des r\u00e9seaux de chaleur, deux h\u00f4pitaux, deux \u00e9coles, une gare, 355 logements sociaux, une piscine, un home, \u2026 et permettent ainsi d\u2019\u00e9viter chaque ann\u00e9e le rejet de 5.500 tonnes de CO2. O\u00f9 en est la g\u00e9othermie en Wallonie ? Avec cette inauguration, la g\u00e9othermie wallonne refait surface, apr\u00e8s une absence d\u2019\u00e9v\u00e8nements majeurs depuis quelques ann\u00e9es. L&rsquo;occasion de faire le point sur une fili\u00e8re qui entend trouver sa place dans la transition \u00e9nerg\u00e9tique en Wallonie. Petit rappel. En 2011, le Gouvernement wallon a adopt\u00e9 une strat\u00e9gie visant \u00e0 mieux conna\u00eetre son potentiel en g\u00e9othermie profonde pour une production de chaleur et d\u2019\u00e9lectricit\u00e9. Il a d\u00e8s lors initi\u00e9 des cadres incitatifs &#8211; financier, l\u00e9gislatif, scientifique et technique &#8211; et soutenu 2&nbsp;projets-pilotes : O\u00f9 en sont ces projets&nbsp;? Une campagne de reconnaissance g\u00e9ophysique commune &hellip; Continue reading &quot;Avec GEOTHERMIA, la g\u00e9othermie wallonne refait surface&quot;\" \/>\n<meta property=\"og:url\" content=\"https:\/\/www.renouvelle.be\/fr\/avec-geothermia-la-geothermie-wallonne-refait-surface\/\" \/>\n<meta property=\"og:site_name\" content=\"Renouvelle\" \/>\n<meta property=\"article:published_time\" content=\"2018-03-15T15:08:00+00:00\" \/>\n<meta property=\"article:modified_time\" content=\"2024-11-21T08:36:03+00:00\" \/>\n<meta property=\"og:image\" content=\"https:\/\/www.renouvelle.be\/wp-content\/uploads\/2024\/11\/carte-geo.jpg\" \/>\n\t<meta property=\"og:image:width\" content=\"580\" \/>\n\t<meta property=\"og:image:height\" content=\"400\" \/>\n\t<meta property=\"og:image:type\" content=\"image\/jpeg\" \/>\n<meta name=\"author\" content=\"Christophe Haveaux\" \/>\n<meta name=\"twitter:card\" content=\"summary_large_image\" \/>\n<script type=\"application\/ld+json\" class=\"yoast-schema-graph\">{\"@context\":\"https:\\\/\\\/schema.org\",\"@graph\":[{\"@type\":\"Article\",\"@id\":\"https:\\\/\\\/www.renouvelle.be\\\/fr\\\/avec-geothermia-la-geothermie-wallonne-refait-surface\\\/#article\",\"isPartOf\":{\"@id\":\"https:\\\/\\\/www.renouvelle.be\\\/fr\\\/avec-geothermia-la-geothermie-wallonne-refait-surface\\\/\"},\"author\":{\"name\":\"Christophe Haveaux\",\"@id\":\"https:\\\/\\\/www.renouvelle.be\\\/fr\\\/#\\\/schema\\\/person\\\/1908bea929e39df17070615d8ebfeeaf\"},\"headline\":\"Avec GEOTHERMIA, la g\u00e9othermie wallonne refait surface\",\"datePublished\":\"2018-03-15T15:08:00+00:00\",\"dateModified\":\"2024-11-21T08:36:03+00:00\",\"mainEntityOfPage\":{\"@id\":\"https:\\\/\\\/www.renouvelle.be\\\/fr\\\/avec-geothermia-la-geothermie-wallonne-refait-surface\\\/\"},\"wordCount\":1592,\"image\":{\"@id\":\"https:\\\/\\\/www.renouvelle.be\\\/fr\\\/avec-geothermia-la-geothermie-wallonne-refait-surface\\\/#primaryimage\"},\"thumbnailUrl\":\"https:\\\/\\\/www.renouvelle.be\\\/wp-content\\\/uploads\\\/2024\\\/11\\\/carte-geo.jpg\",\"inLanguage\":\"fr-FR\"},{\"@type\":\"WebPage\",\"@id\":\"https:\\\/\\\/www.renouvelle.be\\\/fr\\\/avec-geothermia-la-geothermie-wallonne-refait-surface\\\/\",\"url\":\"https:\\\/\\\/www.renouvelle.be\\\/fr\\\/avec-geothermia-la-geothermie-wallonne-refait-surface\\\/\",\"name\":\"Avec GEOTHERMIA, la g\u00e9othermie wallonne refait surface - Renouvelle\",\"isPartOf\":{\"@id\":\"https:\\\/\\\/www.renouvelle.be\\\/fr\\\/#website\"},\"primaryImageOfPage\":{\"@id\":\"https:\\\/\\\/www.renouvelle.be\\\/fr\\\/avec-geothermia-la-geothermie-wallonne-refait-surface\\\/#primaryimage\"},\"image\":{\"@id\":\"https:\\\/\\\/www.renouvelle.be\\\/fr\\\/avec-geothermia-la-geothermie-wallonne-refait-surface\\\/#primaryimage\"},\"thumbnailUrl\":\"https:\\\/\\\/www.renouvelle.be\\\/wp-content\\\/uploads\\\/2024\\\/11\\\/carte-geo.jpg\",\"datePublished\":\"2018-03-15T15:08:00+00:00\",\"dateModified\":\"2024-11-21T08:36:03+00:00\",\"author\":{\"@id\":\"https:\\\/\\\/www.renouvelle.be\\\/fr\\\/#\\\/schema\\\/person\\\/1908bea929e39df17070615d8ebfeeaf\"},\"breadcrumb\":{\"@id\":\"https:\\\/\\\/www.renouvelle.be\\\/fr\\\/avec-geothermia-la-geothermie-wallonne-refait-surface\\\/#breadcrumb\"},\"inLanguage\":\"fr-FR\",\"potentialAction\":[{\"@type\":\"ReadAction\",\"target\":[\"https:\\\/\\\/www.renouvelle.be\\\/fr\\\/avec-geothermia-la-geothermie-wallonne-refait-surface\\\/\"]}]},{\"@type\":\"ImageObject\",\"inLanguage\":\"fr-FR\",\"@id\":\"https:\\\/\\\/www.renouvelle.be\\\/fr\\\/avec-geothermia-la-geothermie-wallonne-refait-surface\\\/#primaryimage\",\"url\":\"https:\\\/\\\/www.renouvelle.be\\\/wp-content\\\/uploads\\\/2024\\\/11\\\/carte-geo.jpg\",\"contentUrl\":\"https:\\\/\\\/www.renouvelle.be\\\/wp-content\\\/uploads\\\/2024\\\/11\\\/carte-geo.jpg\"},{\"@type\":\"BreadcrumbList\",\"@id\":\"https:\\\/\\\/www.renouvelle.be\\\/fr\\\/avec-geothermia-la-geothermie-wallonne-refait-surface\\\/#breadcrumb\",\"itemListElement\":[{\"@type\":\"ListItem\",\"position\":1,\"name\":\"Accueil\",\"item\":\"https:\\\/\\\/www.renouvelle.be\\\/fr\\\/\"},{\"@type\":\"ListItem\",\"position\":2,\"name\":\"Avec GEOTHERMIA, la g\u00e9othermie wallonne refait surface\"}]},{\"@type\":\"WebSite\",\"@id\":\"https:\\\/\\\/www.renouvelle.be\\\/fr\\\/#website\",\"url\":\"https:\\\/\\\/www.renouvelle.be\\\/fr\\\/\",\"name\":\"Renouvelle\",\"description\":\"L&#039;actualit\u00e9 de l&#039;\u00e9nergie durable\",\"potentialAction\":[{\"@type\":\"SearchAction\",\"target\":{\"@type\":\"EntryPoint\",\"urlTemplate\":\"https:\\\/\\\/www.renouvelle.be\\\/fr\\\/?s={search_term_string}\"},\"query-input\":{\"@type\":\"PropertyValueSpecification\",\"valueRequired\":true,\"valueName\":\"search_term_string\"}}],\"inLanguage\":\"fr-FR\"},{\"@type\":\"Person\",\"@id\":\"https:\\\/\\\/www.renouvelle.be\\\/fr\\\/#\\\/schema\\\/person\\\/1908bea929e39df17070615d8ebfeeaf\",\"name\":\"Christophe Haveaux\",\"url\":\"https:\\\/\\\/www.renouvelle.be\\\/fr\\\/author\\\/christophe-haveaux\\\/\"}]}<\/script>\n<!-- \/ Yoast SEO plugin. -->","yoast_head_json":{"title":"Avec GEOTHERMIA, la g\u00e9othermie wallonne refait surface - Renouvelle","robots":{"index":"index","follow":"follow","max-snippet":"max-snippet:-1","max-image-preview":"max-image-preview:large","max-video-preview":"max-video-preview:-1"},"canonical":"https:\/\/www.renouvelle.be\/fr\/avec-geothermia-la-geothermie-wallonne-refait-surface\/","og_locale":"fr_FR","og_type":"article","og_title":"Avec GEOTHERMIA, la g\u00e9othermie wallonne refait surface - Renouvelle","og_description":"L&rsquo;intercommunale IDEA a inaugur\u00e9 le 8 f\u00e9vrier dernier une centrale g\u00e9othermique de 7 MW \u00e0 Ghlin pr\u00e8s de Mons. Le puits, for\u00e9 en 1981 mais jamais exploit\u00e9, capte de l&rsquo;eau \u00e0 65\u00b0C \u00e0 un peu plus de 1.500&nbsp;m\u00e8tres de profondeur et permet d&rsquo;alimenter en chauffage et eau chaude sanitaire, via un r\u00e9seau de chaleur, les futures entreprises qui s\u2019installeront dans le zoning baptis\u00e9 GEOTHERMIA. Il s&rsquo;agit ainsi de la premi\u00e8re zone d&rsquo;activit\u00e9 \u00e9conomique aliment\u00e9e en g\u00e9othermie en Belgique. Pour l&rsquo;heure, outre les deux stations de d\u00e9mergement \u00e9galement g\u00e9r\u00e9es par IDEA, une premi\u00e8re entreprise a \u00e9t\u00e9 connect\u00e9e au r\u00e9seau : &nbsp;FACOZINC, qui construit un b\u00e2timent de 12.000 m\u00b2 pour y \u00e9tablir son p\u00f4le \u00ab\u00a0construction durable\u00a0\u00bb. A terme, le zoning de 40&nbsp;hectares devrait accueillir un nombre important d\u2019entreprises, chauff\u00e9es \u00e0 la g\u00e9othermie. IDEA dispose d\u2019une exp\u00e9rience de longue date en mati\u00e8re de g\u00e9othermie puisqu\u2019elle exploite depuis plus de 30 ans deux puits g\u00e9othermiques situ\u00e9s \u00e0 Saint-Ghislain et Douvrain qui alimentent, via des r\u00e9seaux de chaleur, deux h\u00f4pitaux, deux \u00e9coles, une gare, 355 logements sociaux, une piscine, un home, \u2026 et permettent ainsi d\u2019\u00e9viter chaque ann\u00e9e le rejet de 5.500 tonnes de CO2. O\u00f9 en est la g\u00e9othermie en Wallonie ? Avec cette inauguration, la g\u00e9othermie wallonne refait surface, apr\u00e8s une absence d\u2019\u00e9v\u00e8nements majeurs depuis quelques ann\u00e9es. L&rsquo;occasion de faire le point sur une fili\u00e8re qui entend trouver sa place dans la transition \u00e9nerg\u00e9tique en Wallonie. Petit rappel. En 2011, le Gouvernement wallon a adopt\u00e9 une strat\u00e9gie visant \u00e0 mieux conna\u00eetre son potentiel en g\u00e9othermie profonde pour une production de chaleur et d\u2019\u00e9lectricit\u00e9. Il a d\u00e8s lors initi\u00e9 des cadres incitatifs &#8211; financier, l\u00e9gislatif, scientifique et technique &#8211; et soutenu 2&nbsp;projets-pilotes : O\u00f9 en sont ces projets&nbsp;? Une campagne de reconnaissance g\u00e9ophysique commune &hellip; Continue reading \"Avec GEOTHERMIA, la g\u00e9othermie wallonne refait surface\"","og_url":"https:\/\/www.renouvelle.be\/fr\/avec-geothermia-la-geothermie-wallonne-refait-surface\/","og_site_name":"Renouvelle","article_published_time":"2018-03-15T15:08:00+00:00","article_modified_time":"2024-11-21T08:36:03+00:00","og_image":[{"width":580,"height":400,"url":"https:\/\/www.renouvelle.be\/wp-content\/uploads\/2024\/11\/carte-geo.jpg","type":"image\/jpeg"}],"author":"Christophe Haveaux","twitter_card":"summary_large_image","schema":{"@context":"https:\/\/schema.org","@graph":[{"@type":"Article","@id":"https:\/\/www.renouvelle.be\/fr\/avec-geothermia-la-geothermie-wallonne-refait-surface\/#article","isPartOf":{"@id":"https:\/\/www.renouvelle.be\/fr\/avec-geothermia-la-geothermie-wallonne-refait-surface\/"},"author":{"name":"Christophe Haveaux","@id":"https:\/\/www.renouvelle.be\/fr\/#\/schema\/person\/1908bea929e39df17070615d8ebfeeaf"},"headline":"Avec GEOTHERMIA, la g\u00e9othermie wallonne refait surface","datePublished":"2018-03-15T15:08:00+00:00","dateModified":"2024-11-21T08:36:03+00:00","mainEntityOfPage":{"@id":"https:\/\/www.renouvelle.be\/fr\/avec-geothermia-la-geothermie-wallonne-refait-surface\/"},"wordCount":1592,"image":{"@id":"https:\/\/www.renouvelle.be\/fr\/avec-geothermia-la-geothermie-wallonne-refait-surface\/#primaryimage"},"thumbnailUrl":"https:\/\/www.renouvelle.be\/wp-content\/uploads\/2024\/11\/carte-geo.jpg","inLanguage":"fr-FR"},{"@type":"WebPage","@id":"https:\/\/www.renouvelle.be\/fr\/avec-geothermia-la-geothermie-wallonne-refait-surface\/","url":"https:\/\/www.renouvelle.be\/fr\/avec-geothermia-la-geothermie-wallonne-refait-surface\/","name":"Avec GEOTHERMIA, la g\u00e9othermie wallonne refait surface - Renouvelle","isPartOf":{"@id":"https:\/\/www.renouvelle.be\/fr\/#website"},"primaryImageOfPage":{"@id":"https:\/\/www.renouvelle.be\/fr\/avec-geothermia-la-geothermie-wallonne-refait-surface\/#primaryimage"},"image":{"@id":"https:\/\/www.renouvelle.be\/fr\/avec-geothermia-la-geothermie-wallonne-refait-surface\/#primaryimage"},"thumbnailUrl":"https:\/\/www.renouvelle.be\/wp-content\/uploads\/2024\/11\/carte-geo.jpg","datePublished":"2018-03-15T15:08:00+00:00","dateModified":"2024-11-21T08:36:03+00:00","author":{"@id":"https:\/\/www.renouvelle.be\/fr\/#\/schema\/person\/1908bea929e39df17070615d8ebfeeaf"},"breadcrumb":{"@id":"https:\/\/www.renouvelle.be\/fr\/avec-geothermia-la-geothermie-wallonne-refait-surface\/#breadcrumb"},"inLanguage":"fr-FR","potentialAction":[{"@type":"ReadAction","target":["https:\/\/www.renouvelle.be\/fr\/avec-geothermia-la-geothermie-wallonne-refait-surface\/"]}]},{"@type":"ImageObject","inLanguage":"fr-FR","@id":"https:\/\/www.renouvelle.be\/fr\/avec-geothermia-la-geothermie-wallonne-refait-surface\/#primaryimage","url":"https:\/\/www.renouvelle.be\/wp-content\/uploads\/2024\/11\/carte-geo.jpg","contentUrl":"https:\/\/www.renouvelle.be\/wp-content\/uploads\/2024\/11\/carte-geo.jpg"},{"@type":"BreadcrumbList","@id":"https:\/\/www.renouvelle.be\/fr\/avec-geothermia-la-geothermie-wallonne-refait-surface\/#breadcrumb","itemListElement":[{"@type":"ListItem","position":1,"name":"Accueil","item":"https:\/\/www.renouvelle.be\/fr\/"},{"@type":"ListItem","position":2,"name":"Avec GEOTHERMIA, la g\u00e9othermie wallonne refait surface"}]},{"@type":"WebSite","@id":"https:\/\/www.renouvelle.be\/fr\/#website","url":"https:\/\/www.renouvelle.be\/fr\/","name":"Renouvelle","description":"L&#039;actualit\u00e9 de l&#039;\u00e9nergie durable","potentialAction":[{"@type":"SearchAction","target":{"@type":"EntryPoint","urlTemplate":"https:\/\/www.renouvelle.be\/fr\/?s={search_term_string}"},"query-input":{"@type":"PropertyValueSpecification","valueRequired":true,"valueName":"search_term_string"}}],"inLanguage":"fr-FR"},{"@type":"Person","@id":"https:\/\/www.renouvelle.be\/fr\/#\/schema\/person\/1908bea929e39df17070615d8ebfeeaf","name":"Christophe Haveaux","url":"https:\/\/www.renouvelle.be\/fr\/author\/christophe-haveaux\/"}]}},"_links":{"self":[{"href":"https:\/\/www.renouvelle.be\/fr\/wp-json\/wp\/v2\/posts\/14222","targetHints":{"allow":["GET"]}}],"collection":[{"href":"https:\/\/www.renouvelle.be\/fr\/wp-json\/wp\/v2\/posts"}],"about":[{"href":"https:\/\/www.renouvelle.be\/fr\/wp-json\/wp\/v2\/types\/post"}],"author":[{"embeddable":true,"href":"https:\/\/www.renouvelle.be\/fr\/wp-json\/wp\/v2\/users\/41"}],"replies":[{"embeddable":true,"href":"https:\/\/www.renouvelle.be\/fr\/wp-json\/wp\/v2\/comments?post=14222"}],"version-history":[{"count":4,"href":"https:\/\/www.renouvelle.be\/fr\/wp-json\/wp\/v2\/posts\/14222\/revisions"}],"predecessor-version":[{"id":14253,"href":"https:\/\/www.renouvelle.be\/fr\/wp-json\/wp\/v2\/posts\/14222\/revisions\/14253"}],"wp:attachment":[{"href":"https:\/\/www.renouvelle.be\/fr\/wp-json\/wp\/v2\/media?parent=14222"}],"wp:term":[{"taxonomy":"category","embeddable":true,"href":"https:\/\/www.renouvelle.be\/fr\/wp-json\/wp\/v2\/categories?post=14222"},{"taxonomy":"post_tag","embeddable":true,"href":"https:\/\/www.renouvelle.be\/fr\/wp-json\/wp\/v2\/tags?post=14222"},{"taxonomy":"section","embeddable":true,"href":"https:\/\/www.renouvelle.be\/fr\/wp-json\/wp\/v2\/section?post=14222"}],"curies":[{"name":"wp","href":"https:\/\/api.w.org\/{rel}","templated":true}]}}