{"id":14209,"date":"2019-02-20T15:38:00","date_gmt":"2019-02-20T14:38:00","guid":{"rendered":"https:\/\/www.renouvelle.be\/?p=14209"},"modified":"2024-11-21T09:38:46","modified_gmt":"2024-11-21T08:38:46","slug":"les-trains-de-nuit-ou-comment-voyager-proprement-en-europe","status":"publish","type":"post","link":"https:\/\/www.renouvelle.be\/fr\/les-trains-de-nuit-ou-comment-voyager-proprement-en-europe\/","title":{"rendered":"Les trains de nuit ou comment voyager proprement en Europe"},"content":{"rendered":"\n<p>Il fut un temps o\u00f9 il \u00e9tait possible de voyager par train de nuit vers la plupart des grandes villes europ\u00e9ennes. En Belgique, jusqu\u2019au d\u00e9but des ann\u00e9es 2000, les voyageurs pouvaient s\u2019installer dans un train couchette en gare de Schaerbeek (Bruxelles) ou de Bressoux (Li\u00e8ge) et se r\u00e9veiller le lendemain dans le sud de la France ou en Italie.<\/p>\n\n\n\n<p>Depuis lors, la concurrence a\u00e9rienne a profond\u00e9ment modifi\u00e9 la carte du transport en Europe&nbsp;: le boom des vols low-cost et la multiplication des a\u00e9roports r\u00e9gionaux (soutenus par des subsides publics) se sont traduits par une forte croissance du trafic a\u00e9rien (plus de 1 milliard de voyageurs en Europe par an) et un d\u00e9clin du service des trains de nuit (lire cet article de la Tribune de Gen\u00e8ve&nbsp;: <a href=\"https:\/\/webspecial.tdg.ch\/longform\/vol-lowcost\/15885-2\/\" target=\"_blank\" rel=\"noreferrer noopener\">Comment les vols low cost ont tu\u00e9 trains de nuit et TGV<\/a> et cet article du magazine Slate&nbsp;: <a href=\"https:\/\/www-slate-fr.cdn.ampproject.org\/v\/s\/www.slate.fr\/story\/58017\/avion-train-amis-ennemis?amp=&amp;usqp=mq331AQCCAE%3D&amp;amp_js_v=0.1#referrer=https%3A%2F%2Fwww.google.com&amp;amp_tf=Source%C2%A0%3A%20%251%24s\" target=\"_blank\" rel=\"noreferrer noopener\">Air et rail, les meilleurs ennemis<\/a>).<\/p>\n\n\n\n<p>Or, selon Eurostat, la moiti\u00e9 des voyageurs a\u00e9riens ont pour destination un autre pays europ\u00e9en, souvent limitrophe. Plus de 500 millions de passagers pourraient ainsi pr\u00e9f\u00e9rer prendre un train de nuit, si ce service \u00e9tait existant et \u00e0 prix comparable, pour arriver frais et dispo directement dans le centre-ville de la destination de leur choix \u2013 sans avoir pollu\u00e9 le ciel par avion. Voici un exemple de pertinence au d\u00e9part de Paris&nbsp;:<\/p>\n\n\n<div class=\"wp-block-image\">\n<figure class=\"aligncenter size-full is-resized\"><img loading=\"lazy\" decoding=\"async\" width=\"400\" height=\"336\" src=\"https:\/\/www.renouvelle.be\/wp-content\/uploads\/2024\/11\/train-nuit1.jpg\" alt=\"\" class=\"wp-image-14210\" style=\"width:506px;height:auto\" srcset=\"https:\/\/www.renouvelle.be\/wp-content\/uploads\/2024\/11\/train-nuit1.jpg 400w, https:\/\/www.renouvelle.be\/wp-content\/uploads\/2024\/11\/train-nuit1-300x252.jpg 300w\" sizes=\"auto, (max-width: 400px) 100vw, 400px\" \/><figcaption class=\"wp-element-caption\">Les trains de nuit sont un vrai outil de report de l\u2019avion sur le rail. Carte r\u00e9alis\u00e9e par le collectif citoyen \u00ab <a href=\"https:\/\/ouiautraindenuit.wordpress.com\/\" target=\"_blank\" rel=\"noreferrer noopener\">Oui au train de nuit<\/a> \u00bb.<\/figcaption><\/figure>\n<\/div>\n\n\n<h2 class=\"wp-block-heading\"><strong>Le co\u00fbt du k\u00e9ros\u00e8ne augmentera<\/strong><\/h2>\n\n\n\n<p>Soyons clair&nbsp;: tant que le k\u00e9ros\u00e8ne sera d\u00e9fiscalis\u00e9 en Europe, l\u2019avion restera longtemps plus comp\u00e9titif, malgr\u00e9 son caract\u00e8re \u00e9nergivore et son impact d\u00e9sastreux sur l\u2019environnement, comme le montre ce graphique&nbsp;:<\/p>\n\n\n<div class=\"wp-block-image\">\n<figure class=\"aligncenter size-full\"><img loading=\"lazy\" decoding=\"async\" width=\"580\" height=\"347\" src=\"https:\/\/www.renouvelle.be\/wp-content\/uploads\/2024\/11\/graphe.png\" alt=\"\" class=\"wp-image-14212\" srcset=\"https:\/\/www.renouvelle.be\/wp-content\/uploads\/2024\/11\/graphe.png 580w, https:\/\/www.renouvelle.be\/wp-content\/uploads\/2024\/11\/graphe-300x179.png 300w\" sizes=\"auto, (max-width: 580px) 100vw, 580px\" \/><figcaption class=\"wp-element-caption\">Source : Ademe \u2013 <a href=\"https:\/\/www.ademe.fr\/sites\/default\/files\/assets\/documents\/Chiffresclestransports.pdf\" target=\"_blank\" rel=\"noreferrer noopener\">Chiffres-cl\u00e9s des transports<\/a><\/figcaption><\/figure>\n<\/div>\n\n\n<p>Mais nous partons du principe que le pic p\u00e9trolier imminent et les politiques climatiques europ\u00e9ennes nous imposeront, plus ou moins rapidement, une profonde sobri\u00e9t\u00e9 \u00e9nerg\u00e9tique, qui induira de nombreux changement de comportements (lire notre article <a href=\"https:\/\/www.renouvelle.be\/fr\/entre-declin-petrolier-et-rechauffement-climatique-voici-le-temps-de-la-sobriete-energetique\/\" target=\"_blank\" rel=\"noreferrer noopener\">Entre pic p\u00e9trolier et r\u00e9chauffement climatique, voici le temps de la sobri\u00e9t\u00e9 \u00e9nerg\u00e9tique<\/a>).<\/p>\n\n\n\n<p>Avec le d\u00e9clin p\u00e9trolier, le co\u00fbt du k\u00e9ros\u00e8ne \u2013 m\u00eame d\u00e9fiscalis\u00e9 \u2013 p\u00e8sera de plus en plus sur le prix des billets d\u2019avion. Et si les Etats europ\u00e9ens d\u00e9cident, non plus de soutenir des a\u00e9roports r\u00e9gionaux, mais de r\u00e9investir dans le rail pour d\u00e9senclaver leurs territoires (mesure climatique au b\u00e9n\u00e9fice de la collectivit\u00e9), l\u2019on pourrait voir rena\u00eetre un service de trains de nuit attractif.<\/p>\n\n\n\n<h2 class=\"wp-block-heading\"><strong>Or nous assistons d\u00e9j\u00e0 aux pr\u00e9mices d\u2019une renaissance<\/strong><\/h2>\n\n\n\n<p>Constatons d\u2019abord que les trains de nuit, jug\u00e9s \u2013 \u00e0 tort &#8211; peu fr\u00e9quent\u00e9s et peu rentables, ont surtout \u00e9t\u00e9 abandonn\u00e9s \u00e0 l\u2019Ouest de l\u2019Europe (et singuli\u00e8rement au Benelux et en France), tandis que ce service reste encore tr\u00e8s pr\u00e9sent \u00e0 l\u2019Est.<\/p>\n\n\n\n<h2 class=\"wp-block-heading\">La success-story autrichienne<\/h2>\n\n\n\n<p>Ensuite, regardons de plus pr\u00e8s l\u2019exemple de l\u2019\u00d6BB, la compagnie ferroviaire autrichienne, qui a relanc\u00e9 avec succ\u00e8s le plus grand service de trains de nuit en Europe.<\/p>\n\n\n\n<p>Fin 2016, \u00d6BB a repris les lignes ferm\u00e9es par l&rsquo;op\u00e9rateur allemand, jug\u00e9es peu fr\u00e9quent\u00e9es et peu rentables. L\u2019op\u00e9rateur autrichien a d\u00e9ploy\u00e9 un r\u00e9seau de nuit, baptis\u00e9 <a href=\"https:\/\/www.nightjet.com\/#\/home\" target=\"_blank\" rel=\"noreferrer noopener\">Nightjet<\/a>, qui relie 10 pays : l\u2019Allemagne, l\u2019Autriche, la Suisse, l\u2019Italie mais aussi, gr\u00e2ce \u00e0 des partenariats, la R\u00e9publique tch\u00e8que, la Pologne, la Slovaquie, la Slov\u00e9nie, la Croatie et la Hongrie.<\/p>\n\n\n\n<p>En un an, la compagnie annonce que ce service est d\u00e9j\u00e0 rentable et compte passer de 1 million de voyageur en 2016 \u00e0 5 millions d\u2019ici 2020.<\/p>\n\n\n\n<p>Pour y arriver, \u00d6BB a investi dans du nouveau mat\u00e9riel roulant interchangeable sur les diff\u00e9rentes lignes nationales&nbsp;: une strat\u00e9gie essentielle pour garantir un service sans interruption sur de longues distances.<\/p>\n\n\n\n<p>Fort de son succ\u00e8s, l\u2019op\u00e9rateur autrichien envisage \u00e0 pr\u00e9sent une extension de son service vers les Pays-Bas, qui souhaitent d\u00e9charger la fr\u00e9quentation de l\u2019a\u00e9roport de Schipol (lire cet <a href=\"https:\/\/www.telegraaf.nl\/nieuws\/2162981\/slaaptrein-staat-weer-op-de-rails\" target=\"_blank\" rel=\"noreferrer noopener\">article<\/a> du Telegraaf). Ce projet d\u2019extension laisse m\u00eame esp\u00e9rer un arr\u00eat en Belgique.<\/p>\n\n\n\n<p>Tandis qu\u2019une liaison entre la Gr\u00e8ce et l\u2019Europe centrale est \u00e0 l\u2019\u00e9tude.<\/p>\n\n\n\n<h2 class=\"wp-block-heading\"><strong>La succes-story su\u00e9doise<\/strong><\/h2>\n\n\n\n<p>La SJ, l\u2019op\u00e9rateur ferroviaire su\u00e9dois, a \u00e9galement r\u00e9-investi dans son train de nuit entre Stockholm et Malm\u00f6, notamment dans les niveaux de confort et un meilleur horaire. D\u00e8s 2014, ce service a gagn\u00e9 +65% de fr\u00e9quentation sur un an et atteint la rentabilit\u00e9. Pour accompagner cette hausse du trafic, SJ compte embaucher 500 agents de conduite et contr\u00f4leurs (lire cet <a href=\"https:\/\/www.railjournal.com\/passenger\/main-line\/sj-reports-65-growth-in-overnight-train-traffic\/\" target=\"_blank\" rel=\"noreferrer noopener\">article<\/a> du International Railway Journal, cet <a href=\"https:\/\/www.lettreducheminot.fr\/international\/suede-investissements-massif-grande-vitesse-trains-de-nuit\/\">article<\/a> de La lettre du cheminot et la pr\u00e9sentation du service sur <a href=\"https:\/\/www.sj.se\/en\/about\/about-sj\/our-trains\/sj-night-train.html\" target=\"_blank\" rel=\"noreferrer noopener\">SJ.se<\/a>).<\/p>\n\n\n\n<h2 class=\"wp-block-heading\"><strong>Une nouvelle client\u00e8le orient\u00e9e \u00ab&nbsp;Climat&nbsp;\u00bb<\/strong><\/h2>\n\n\n\n<p>Les acteurs europ\u00e9ens du rail suivent ces success-stories avec grand int\u00e9r\u00eat et r\u00e9alisent qu\u2019ils ont sous-estim\u00e9 le potentiel des trains de nuit.<\/p>\n\n\n\n<p>\u00ab&nbsp;Il y a une nouvelle g\u00e9n\u00e9ration qui veut choisir consciemment le train au lieu de l&rsquo;avion&nbsp;\u00bb, explique ainsi Pier Eringa, pr\u00e9sident de European Rail Inframanagers. \u00ab&nbsp;Ces voyageurs doivent \u00eatre s\u00e9duits par les prix, le confort, la commodit\u00e9 et une dur\u00e9e de voyage attrayante.&nbsp;\u00bb (lire cet <a href=\"https:\/\/www.telegraaf.nl\/nieuws\/2162981\/slaaptrein-staat-weer-op-de-rails\" target=\"_blank\" rel=\"noreferrer noopener\">article<\/a> du Telegraaf).<\/p>\n\n\n\n<h2 class=\"wp-block-heading\"><strong>Des collectifs citoyens r\u00e9clament le retour de ce service<\/strong><\/h2>\n\n\n\n<p>Partout en Europe, des collectifs citoyens se sont form\u00e9s pour r\u00e9clamer le retour des trains de nuit \u2013 preuve qu\u2019il y a une demande.<\/p>\n\n\n\n<p>Au niveau europ\u00e9en, le r\u00e9seau <a href=\"https:\/\/back-on-track.eu\/\" target=\"_blank\" rel=\"noreferrer noopener\">Back on track<\/a> sensibilise les d\u00e9cideurs du rail afin de red\u00e9ployer ce service.<\/p>\n\n\n\n<p>En France, le collectif&nbsp;<a href=\"https:\/\/ouiautraindenuit.wordpress.com\/\" target=\"_blank\" rel=\"noreferrer noopener\">Oui au train de nuit&nbsp;<\/a> est particuli\u00e8rement actif. Nous vous invitons \u00e0 lire leur <a href=\"https:\/\/ouiautraindenuit.files.wordpress.com\/2018\/01\/2019-01-23h-investigation-oui-au-train-de-nuit.pdf\" target=\"_blank\" rel=\"noreferrer noopener\">enqu\u00eate d\u2019investigation<\/a> sur les Intercit\u00e9s de Nuit. Cette enqu\u00eate, passionnante et r\u00e9guli\u00e8rement remise \u00e0 jour, vous permettra de saisir les causes du d\u00e9clin de ce service en France mais aussi les enjeux et le potentiel de red\u00e9ploiement en France et en Europe.<\/p>\n\n\n\n<p>Nous vous invitons \u00e9galement \u00e0 lire l\u2019excellente analyse du bloggeur Sam BoisParr&nbsp;: <a href=\"https:\/\/medium.com\/@samagace_\/le-train-de-nuit-nest-pas-mort-ou-pourquoi-le-ressusciter-f47a51b9057c\" target=\"_blank\" rel=\"noreferrer noopener\">Le train de nuit n\u2019est pas mort ou \u201cPourquoi le ressusciter&nbsp;?\u201d<\/a><\/p>\n\n\n\n<h2 class=\"wp-block-heading\">Le contre-exemple fran\u00e7ais<\/h2>\n\n\n\n<p>Une des caract\u00e9ristiques de la France r\u00e9side dans son infrastructure ferroviaire radiale au d\u00e9part de Paris. Les Fran\u00e7ais du Sud qui souhaitent rejoindre une autre grande ville par train se voient donc oblig\u00e9s de faire une \u00e9tape par Paris, ce qui augmente inutilement le nombre de km, la dur\u00e9e du trajet et le co\u00fbt du billet.<\/p>\n\n\n\n<p>La SNCF, qui a mis\u00e9 sur les TGV Nord-Sud et n\u00e9glig\u00e9 ses lignes transversales, a donc laiss\u00e9 le secteur a\u00e9rien r\u00e9pondre \u00e0 cette demande, comme le montre la carte ci-dessous&nbsp;:<\/p>\n\n\n<div class=\"wp-block-image\">\n<figure class=\"aligncenter size-full\"><img loading=\"lazy\" decoding=\"async\" width=\"580\" height=\"568\" src=\"https:\/\/www.renouvelle.be\/wp-content\/uploads\/2024\/11\/1-xZBffyr7jlWSigCkbMWVgw.png\" alt=\"\" class=\"wp-image-14215\" srcset=\"https:\/\/www.renouvelle.be\/wp-content\/uploads\/2024\/11\/1-xZBffyr7jlWSigCkbMWVgw.png 580w, https:\/\/www.renouvelle.be\/wp-content\/uploads\/2024\/11\/1-xZBffyr7jlWSigCkbMWVgw-300x294.png 300w\" sizes=\"auto, (max-width: 580px) 100vw, 580px\" \/><figcaption class=\"wp-element-caption\">En violet : Trafic Moyen Journalier Annuel des TGV en France en 2013. En orange : les 5 lignes a\u00e9riennes transversales les plus emprunt\u00e9es en 2017. Sources : <a href=\"http:\/\/www.sncf-reseau.fr\/sites\/default\/files\/upload\/_Carte\/2015-juin\/A3_traficTGV_v1-2.pdf\" target=\"_blank\" rel=\"noreferrer noopener\">SNCF R\u00e9seau<\/a> &amp; <a href=\"https:\/\/www.ecologie.gouv.fr\/sites\/default\/files\/documents\/Bulletin_Statistique_2013.pdf\" target=\"_blank\" rel=\"noreferrer noopener\">Minist\u00e8re de la transition \u00e9cologique et solidaire<\/a>. Carte r\u00e9alis\u00e9e par <a href=\"https:\/\/medium.com\/@samagace_\/le-train-de-nuit-nest-pas-mort-ou-pourquoi-le-ressusciter-f47a51b9057c\" target=\"_blank\" rel=\"noreferrer noopener\">Sam BoisParr<\/a>.<\/figcaption><\/figure>\n<\/div>\n\n\n<p>Or, ces liaisons transversales pourraient pr\u00e9cis\u00e9ment \u00eatre assur\u00e9es par des Intercit\u00e9s de Nuit, comme le montre cette carte&nbsp;:<\/p>\n\n\n<div class=\"wp-block-image\">\n<figure class=\"aligncenter size-full is-resized\"><img loading=\"lazy\" decoding=\"async\" width=\"400\" height=\"382\" src=\"https:\/\/www.renouvelle.be\/wp-content\/uploads\/2024\/11\/train-nuit2.jpg\" alt=\"\" class=\"wp-image-14218\" style=\"width:570px;height:auto\" srcset=\"https:\/\/www.renouvelle.be\/wp-content\/uploads\/2024\/11\/train-nuit2.jpg 400w, https:\/\/www.renouvelle.be\/wp-content\/uploads\/2024\/11\/train-nuit2-300x287.jpg 300w\" sizes=\"auto, (max-width: 400px) 100vw, 400px\" \/><figcaption class=\"wp-element-caption\">Le potentiel insoup\u00e7onn\u00e9 des Intercit\u00e9s de Nuit sur les lignes transversales vers\/depuis le Sud. Carte r\u00e9alis\u00e9e par le collectif <a href=\"https:\/\/ouiautraindenuit.wordpress.com\/\" target=\"_blank\" rel=\"noreferrer noopener\">Oui au train de nuit <\/a>.<\/figcaption><\/figure>\n<\/div>\n\n\n<p>Ces deux cartes fran\u00e7aises r\u00e9sument \u00e0 elles-seules tout l\u2019enjeu d\u2019un report du transport a\u00e9rien vers le rail.<\/p>\n\n\n\n<p>Gageons que les success-stories autrichienne et su\u00e9doise incitent les d\u00e9cideurs du rail \u00e0 r\u00e9investir dans leurs services de Nuit, au b\u00e9n\u00e9fice des citoyens, de la collectivit\u00e9 et de l\u2019environnement.<\/p>\n","protected":false},"excerpt":{"rendered":"<p>Il fut un temps o\u00f9 il \u00e9tait possible de voyager par train de nuit vers la plupart des grandes villes europ\u00e9ennes. En Belgique, jusqu\u2019au d\u00e9but des ann\u00e9es 2000, les voyageurs pouvaient s\u2019installer dans un train couchette en gare de Schaerbeek (Bruxelles) ou de Bressoux (Li\u00e8ge) et se r\u00e9veiller le lendemain dans le sud de la France ou en Italie. Depuis lors, la concurrence a\u00e9rienne a profond\u00e9ment modifi\u00e9 la carte du transport en Europe&nbsp;: le boom des vols low-cost et la multiplication des a\u00e9roports r\u00e9gionaux (soutenus par des subsides publics) se sont traduits par une forte croissance du trafic a\u00e9rien (plus de 1 milliard de voyageurs en Europe par an) et un d\u00e9clin du service des trains de nuit (lire cet article de la Tribune de Gen\u00e8ve&nbsp;: Comment les vols low cost ont tu\u00e9 trains de nuit et TGV et cet article du magazine Slate&nbsp;: Air et rail, les meilleurs ennemis). Or, selon Eurostat, la moiti\u00e9 des voyageurs a\u00e9riens ont pour destination un autre pays europ\u00e9en, souvent limitrophe. Plus de 500 millions de passagers pourraient ainsi pr\u00e9f\u00e9rer prendre un train de nuit, si ce service \u00e9tait existant et \u00e0 prix comparable, pour arriver frais et dispo directement dans le centre-ville de la destination de leur choix \u2013 sans avoir pollu\u00e9 le ciel par avion. Voici un exemple de pertinence au d\u00e9part de Paris&nbsp;: Le co\u00fbt du k\u00e9ros\u00e8ne augmentera Soyons clair&nbsp;: tant que le k\u00e9ros\u00e8ne sera d\u00e9fiscalis\u00e9 en Europe, l\u2019avion restera longtemps plus comp\u00e9titif, malgr\u00e9 son caract\u00e8re \u00e9nergivore et son impact d\u00e9sastreux sur l\u2019environnement, comme le montre ce graphique&nbsp;: Mais nous partons du principe que le pic p\u00e9trolier imminent et les politiques climatiques europ\u00e9ennes nous imposeront, plus ou moins rapidement, une profonde sobri\u00e9t\u00e9 \u00e9nerg\u00e9tique, qui induira de nombreux changement de comportements (lire &hellip; <a href=\"https:\/\/www.renouvelle.be\/fr\/les-trains-de-nuit-ou-comment-voyager-proprement-en-europe\/\" class=\"more-link\">Continue reading<span class=\"screen-reader-text\"> \u00ab\u00a0Les trains de nuit ou comment voyager proprement en Europe\u00a0\u00bb<\/span><\/a><\/p>\n","protected":false},"author":41,"featured_media":0,"comment_status":"closed","ping_status":"closed","sticky":false,"template":"","format":"standard","meta":{"_acf_changed":false,"footnotes":""},"categories":[],"tags":[],"section":[8],"class_list":["post-14209","post","type-post","status-publish","format-standard","hentry","section-energie-renouvelables"],"acf":[],"yoast_head":"<!-- This site is optimized with the Yoast SEO plugin v27.5 - https:\/\/yoast.com\/product\/yoast-seo-wordpress\/ -->\n<title>Les trains de nuit ou comment voyager proprement en Europe - Renouvelle<\/title>\n<meta name=\"robots\" content=\"index, follow, max-snippet:-1, max-image-preview:large, max-video-preview:-1\" \/>\n<link rel=\"canonical\" href=\"https:\/\/www.renouvelle.be\/fr\/les-trains-de-nuit-ou-comment-voyager-proprement-en-europe\/\" \/>\n<meta property=\"og:locale\" content=\"fr_FR\" \/>\n<meta property=\"og:type\" content=\"article\" \/>\n<meta property=\"og:title\" content=\"Les trains de nuit ou comment voyager proprement en Europe - Renouvelle\" \/>\n<meta property=\"og:description\" content=\"Il fut un temps o\u00f9 il \u00e9tait possible de voyager par train de nuit vers la plupart des grandes villes europ\u00e9ennes. En Belgique, jusqu\u2019au d\u00e9but des ann\u00e9es 2000, les voyageurs pouvaient s\u2019installer dans un train couchette en gare de Schaerbeek (Bruxelles) ou de Bressoux (Li\u00e8ge) et se r\u00e9veiller le lendemain dans le sud de la France ou en Italie. Depuis lors, la concurrence a\u00e9rienne a profond\u00e9ment modifi\u00e9 la carte du transport en Europe&nbsp;: le boom des vols low-cost et la multiplication des a\u00e9roports r\u00e9gionaux (soutenus par des subsides publics) se sont traduits par une forte croissance du trafic a\u00e9rien (plus de 1 milliard de voyageurs en Europe par an) et un d\u00e9clin du service des trains de nuit (lire cet article de la Tribune de Gen\u00e8ve&nbsp;: Comment les vols low cost ont tu\u00e9 trains de nuit et TGV et cet article du magazine Slate&nbsp;: Air et rail, les meilleurs ennemis). Or, selon Eurostat, la moiti\u00e9 des voyageurs a\u00e9riens ont pour destination un autre pays europ\u00e9en, souvent limitrophe. Plus de 500 millions de passagers pourraient ainsi pr\u00e9f\u00e9rer prendre un train de nuit, si ce service \u00e9tait existant et \u00e0 prix comparable, pour arriver frais et dispo directement dans le centre-ville de la destination de leur choix \u2013 sans avoir pollu\u00e9 le ciel par avion. Voici un exemple de pertinence au d\u00e9part de Paris&nbsp;: Le co\u00fbt du k\u00e9ros\u00e8ne augmentera Soyons clair&nbsp;: tant que le k\u00e9ros\u00e8ne sera d\u00e9fiscalis\u00e9 en Europe, l\u2019avion restera longtemps plus comp\u00e9titif, malgr\u00e9 son caract\u00e8re \u00e9nergivore et son impact d\u00e9sastreux sur l\u2019environnement, comme le montre ce graphique&nbsp;: Mais nous partons du principe que le pic p\u00e9trolier imminent et les politiques climatiques europ\u00e9ennes nous imposeront, plus ou moins rapidement, une profonde sobri\u00e9t\u00e9 \u00e9nerg\u00e9tique, qui induira de nombreux changement de comportements (lire &hellip; Continue reading &quot;Les trains de nuit ou comment voyager proprement en Europe&quot;\" \/>\n<meta property=\"og:url\" content=\"https:\/\/www.renouvelle.be\/fr\/les-trains-de-nuit-ou-comment-voyager-proprement-en-europe\/\" \/>\n<meta property=\"og:site_name\" content=\"Renouvelle\" \/>\n<meta property=\"article:published_time\" content=\"2019-02-20T14:38:00+00:00\" \/>\n<meta property=\"article:modified_time\" content=\"2024-11-21T08:38:46+00:00\" \/>\n<meta property=\"og:image\" content=\"https:\/\/www.renouvelle.be\/wp-content\/uploads\/2024\/11\/train-nuit1.jpg\" \/>\n\t<meta property=\"og:image:width\" content=\"400\" \/>\n\t<meta property=\"og:image:height\" content=\"336\" \/>\n\t<meta property=\"og:image:type\" content=\"image\/jpeg\" \/>\n<meta name=\"author\" content=\"Christophe Haveaux\" \/>\n<meta name=\"twitter:card\" content=\"summary_large_image\" \/>\n<script type=\"application\/ld+json\" class=\"yoast-schema-graph\">{\"@context\":\"https:\\\/\\\/schema.org\",\"@graph\":[{\"@type\":\"Article\",\"@id\":\"https:\\\/\\\/www.renouvelle.be\\\/fr\\\/les-trains-de-nuit-ou-comment-voyager-proprement-en-europe\\\/#article\",\"isPartOf\":{\"@id\":\"https:\\\/\\\/www.renouvelle.be\\\/fr\\\/les-trains-de-nuit-ou-comment-voyager-proprement-en-europe\\\/\"},\"author\":{\"name\":\"Christophe Haveaux\",\"@id\":\"https:\\\/\\\/www.renouvelle.be\\\/fr\\\/#\\\/schema\\\/person\\\/1908bea929e39df17070615d8ebfeeaf\"},\"headline\":\"Les trains de nuit ou comment voyager proprement en Europe\",\"datePublished\":\"2019-02-20T14:38:00+00:00\",\"dateModified\":\"2024-11-21T08:38:46+00:00\",\"mainEntityOfPage\":{\"@id\":\"https:\\\/\\\/www.renouvelle.be\\\/fr\\\/les-trains-de-nuit-ou-comment-voyager-proprement-en-europe\\\/\"},\"wordCount\":1345,\"image\":{\"@id\":\"https:\\\/\\\/www.renouvelle.be\\\/fr\\\/les-trains-de-nuit-ou-comment-voyager-proprement-en-europe\\\/#primaryimage\"},\"thumbnailUrl\":\"https:\\\/\\\/www.renouvelle.be\\\/wp-content\\\/uploads\\\/2024\\\/11\\\/train-nuit1.jpg\",\"inLanguage\":\"fr-FR\"},{\"@type\":\"WebPage\",\"@id\":\"https:\\\/\\\/www.renouvelle.be\\\/fr\\\/les-trains-de-nuit-ou-comment-voyager-proprement-en-europe\\\/\",\"url\":\"https:\\\/\\\/www.renouvelle.be\\\/fr\\\/les-trains-de-nuit-ou-comment-voyager-proprement-en-europe\\\/\",\"name\":\"Les trains de nuit ou comment voyager proprement en Europe - Renouvelle\",\"isPartOf\":{\"@id\":\"https:\\\/\\\/www.renouvelle.be\\\/fr\\\/#website\"},\"primaryImageOfPage\":{\"@id\":\"https:\\\/\\\/www.renouvelle.be\\\/fr\\\/les-trains-de-nuit-ou-comment-voyager-proprement-en-europe\\\/#primaryimage\"},\"image\":{\"@id\":\"https:\\\/\\\/www.renouvelle.be\\\/fr\\\/les-trains-de-nuit-ou-comment-voyager-proprement-en-europe\\\/#primaryimage\"},\"thumbnailUrl\":\"https:\\\/\\\/www.renouvelle.be\\\/wp-content\\\/uploads\\\/2024\\\/11\\\/train-nuit1.jpg\",\"datePublished\":\"2019-02-20T14:38:00+00:00\",\"dateModified\":\"2024-11-21T08:38:46+00:00\",\"author\":{\"@id\":\"https:\\\/\\\/www.renouvelle.be\\\/fr\\\/#\\\/schema\\\/person\\\/1908bea929e39df17070615d8ebfeeaf\"},\"breadcrumb\":{\"@id\":\"https:\\\/\\\/www.renouvelle.be\\\/fr\\\/les-trains-de-nuit-ou-comment-voyager-proprement-en-europe\\\/#breadcrumb\"},\"inLanguage\":\"fr-FR\",\"potentialAction\":[{\"@type\":\"ReadAction\",\"target\":[\"https:\\\/\\\/www.renouvelle.be\\\/fr\\\/les-trains-de-nuit-ou-comment-voyager-proprement-en-europe\\\/\"]}]},{\"@type\":\"ImageObject\",\"inLanguage\":\"fr-FR\",\"@id\":\"https:\\\/\\\/www.renouvelle.be\\\/fr\\\/les-trains-de-nuit-ou-comment-voyager-proprement-en-europe\\\/#primaryimage\",\"url\":\"https:\\\/\\\/www.renouvelle.be\\\/wp-content\\\/uploads\\\/2024\\\/11\\\/train-nuit1.jpg\",\"contentUrl\":\"https:\\\/\\\/www.renouvelle.be\\\/wp-content\\\/uploads\\\/2024\\\/11\\\/train-nuit1.jpg\"},{\"@type\":\"BreadcrumbList\",\"@id\":\"https:\\\/\\\/www.renouvelle.be\\\/fr\\\/les-trains-de-nuit-ou-comment-voyager-proprement-en-europe\\\/#breadcrumb\",\"itemListElement\":[{\"@type\":\"ListItem\",\"position\":1,\"name\":\"Accueil\",\"item\":\"https:\\\/\\\/www.renouvelle.be\\\/fr\\\/\"},{\"@type\":\"ListItem\",\"position\":2,\"name\":\"Les trains de nuit ou comment voyager proprement en Europe\"}]},{\"@type\":\"WebSite\",\"@id\":\"https:\\\/\\\/www.renouvelle.be\\\/fr\\\/#website\",\"url\":\"https:\\\/\\\/www.renouvelle.be\\\/fr\\\/\",\"name\":\"Renouvelle\",\"description\":\"L&#039;actualit\u00e9 de l&#039;\u00e9nergie durable\",\"potentialAction\":[{\"@type\":\"SearchAction\",\"target\":{\"@type\":\"EntryPoint\",\"urlTemplate\":\"https:\\\/\\\/www.renouvelle.be\\\/fr\\\/?s={search_term_string}\"},\"query-input\":{\"@type\":\"PropertyValueSpecification\",\"valueRequired\":true,\"valueName\":\"search_term_string\"}}],\"inLanguage\":\"fr-FR\"},{\"@type\":\"Person\",\"@id\":\"https:\\\/\\\/www.renouvelle.be\\\/fr\\\/#\\\/schema\\\/person\\\/1908bea929e39df17070615d8ebfeeaf\",\"name\":\"Christophe Haveaux\",\"url\":\"https:\\\/\\\/www.renouvelle.be\\\/fr\\\/author\\\/christophe-haveaux\\\/\"}]}<\/script>\n<!-- \/ Yoast SEO plugin. -->","yoast_head_json":{"title":"Les trains de nuit ou comment voyager proprement en Europe - Renouvelle","robots":{"index":"index","follow":"follow","max-snippet":"max-snippet:-1","max-image-preview":"max-image-preview:large","max-video-preview":"max-video-preview:-1"},"canonical":"https:\/\/www.renouvelle.be\/fr\/les-trains-de-nuit-ou-comment-voyager-proprement-en-europe\/","og_locale":"fr_FR","og_type":"article","og_title":"Les trains de nuit ou comment voyager proprement en Europe - Renouvelle","og_description":"Il fut un temps o\u00f9 il \u00e9tait possible de voyager par train de nuit vers la plupart des grandes villes europ\u00e9ennes. En Belgique, jusqu\u2019au d\u00e9but des ann\u00e9es 2000, les voyageurs pouvaient s\u2019installer dans un train couchette en gare de Schaerbeek (Bruxelles) ou de Bressoux (Li\u00e8ge) et se r\u00e9veiller le lendemain dans le sud de la France ou en Italie. Depuis lors, la concurrence a\u00e9rienne a profond\u00e9ment modifi\u00e9 la carte du transport en Europe&nbsp;: le boom des vols low-cost et la multiplication des a\u00e9roports r\u00e9gionaux (soutenus par des subsides publics) se sont traduits par une forte croissance du trafic a\u00e9rien (plus de 1 milliard de voyageurs en Europe par an) et un d\u00e9clin du service des trains de nuit (lire cet article de la Tribune de Gen\u00e8ve&nbsp;: Comment les vols low cost ont tu\u00e9 trains de nuit et TGV et cet article du magazine Slate&nbsp;: Air et rail, les meilleurs ennemis). Or, selon Eurostat, la moiti\u00e9 des voyageurs a\u00e9riens ont pour destination un autre pays europ\u00e9en, souvent limitrophe. Plus de 500 millions de passagers pourraient ainsi pr\u00e9f\u00e9rer prendre un train de nuit, si ce service \u00e9tait existant et \u00e0 prix comparable, pour arriver frais et dispo directement dans le centre-ville de la destination de leur choix \u2013 sans avoir pollu\u00e9 le ciel par avion. Voici un exemple de pertinence au d\u00e9part de Paris&nbsp;: Le co\u00fbt du k\u00e9ros\u00e8ne augmentera Soyons clair&nbsp;: tant que le k\u00e9ros\u00e8ne sera d\u00e9fiscalis\u00e9 en Europe, l\u2019avion restera longtemps plus comp\u00e9titif, malgr\u00e9 son caract\u00e8re \u00e9nergivore et son impact d\u00e9sastreux sur l\u2019environnement, comme le montre ce graphique&nbsp;: Mais nous partons du principe que le pic p\u00e9trolier imminent et les politiques climatiques europ\u00e9ennes nous imposeront, plus ou moins rapidement, une profonde sobri\u00e9t\u00e9 \u00e9nerg\u00e9tique, qui induira de nombreux changement de comportements (lire &hellip; Continue reading \"Les trains de nuit ou comment voyager proprement en Europe\"","og_url":"https:\/\/www.renouvelle.be\/fr\/les-trains-de-nuit-ou-comment-voyager-proprement-en-europe\/","og_site_name":"Renouvelle","article_published_time":"2019-02-20T14:38:00+00:00","article_modified_time":"2024-11-21T08:38:46+00:00","og_image":[{"width":400,"height":336,"url":"https:\/\/www.renouvelle.be\/wp-content\/uploads\/2024\/11\/train-nuit1.jpg","type":"image\/jpeg"}],"author":"Christophe Haveaux","twitter_card":"summary_large_image","schema":{"@context":"https:\/\/schema.org","@graph":[{"@type":"Article","@id":"https:\/\/www.renouvelle.be\/fr\/les-trains-de-nuit-ou-comment-voyager-proprement-en-europe\/#article","isPartOf":{"@id":"https:\/\/www.renouvelle.be\/fr\/les-trains-de-nuit-ou-comment-voyager-proprement-en-europe\/"},"author":{"name":"Christophe Haveaux","@id":"https:\/\/www.renouvelle.be\/fr\/#\/schema\/person\/1908bea929e39df17070615d8ebfeeaf"},"headline":"Les trains de nuit ou comment voyager proprement en Europe","datePublished":"2019-02-20T14:38:00+00:00","dateModified":"2024-11-21T08:38:46+00:00","mainEntityOfPage":{"@id":"https:\/\/www.renouvelle.be\/fr\/les-trains-de-nuit-ou-comment-voyager-proprement-en-europe\/"},"wordCount":1345,"image":{"@id":"https:\/\/www.renouvelle.be\/fr\/les-trains-de-nuit-ou-comment-voyager-proprement-en-europe\/#primaryimage"},"thumbnailUrl":"https:\/\/www.renouvelle.be\/wp-content\/uploads\/2024\/11\/train-nuit1.jpg","inLanguage":"fr-FR"},{"@type":"WebPage","@id":"https:\/\/www.renouvelle.be\/fr\/les-trains-de-nuit-ou-comment-voyager-proprement-en-europe\/","url":"https:\/\/www.renouvelle.be\/fr\/les-trains-de-nuit-ou-comment-voyager-proprement-en-europe\/","name":"Les trains de nuit ou comment voyager proprement en Europe - Renouvelle","isPartOf":{"@id":"https:\/\/www.renouvelle.be\/fr\/#website"},"primaryImageOfPage":{"@id":"https:\/\/www.renouvelle.be\/fr\/les-trains-de-nuit-ou-comment-voyager-proprement-en-europe\/#primaryimage"},"image":{"@id":"https:\/\/www.renouvelle.be\/fr\/les-trains-de-nuit-ou-comment-voyager-proprement-en-europe\/#primaryimage"},"thumbnailUrl":"https:\/\/www.renouvelle.be\/wp-content\/uploads\/2024\/11\/train-nuit1.jpg","datePublished":"2019-02-20T14:38:00+00:00","dateModified":"2024-11-21T08:38:46+00:00","author":{"@id":"https:\/\/www.renouvelle.be\/fr\/#\/schema\/person\/1908bea929e39df17070615d8ebfeeaf"},"breadcrumb":{"@id":"https:\/\/www.renouvelle.be\/fr\/les-trains-de-nuit-ou-comment-voyager-proprement-en-europe\/#breadcrumb"},"inLanguage":"fr-FR","potentialAction":[{"@type":"ReadAction","target":["https:\/\/www.renouvelle.be\/fr\/les-trains-de-nuit-ou-comment-voyager-proprement-en-europe\/"]}]},{"@type":"ImageObject","inLanguage":"fr-FR","@id":"https:\/\/www.renouvelle.be\/fr\/les-trains-de-nuit-ou-comment-voyager-proprement-en-europe\/#primaryimage","url":"https:\/\/www.renouvelle.be\/wp-content\/uploads\/2024\/11\/train-nuit1.jpg","contentUrl":"https:\/\/www.renouvelle.be\/wp-content\/uploads\/2024\/11\/train-nuit1.jpg"},{"@type":"BreadcrumbList","@id":"https:\/\/www.renouvelle.be\/fr\/les-trains-de-nuit-ou-comment-voyager-proprement-en-europe\/#breadcrumb","itemListElement":[{"@type":"ListItem","position":1,"name":"Accueil","item":"https:\/\/www.renouvelle.be\/fr\/"},{"@type":"ListItem","position":2,"name":"Les trains de nuit ou comment voyager proprement en Europe"}]},{"@type":"WebSite","@id":"https:\/\/www.renouvelle.be\/fr\/#website","url":"https:\/\/www.renouvelle.be\/fr\/","name":"Renouvelle","description":"L&#039;actualit\u00e9 de l&#039;\u00e9nergie durable","potentialAction":[{"@type":"SearchAction","target":{"@type":"EntryPoint","urlTemplate":"https:\/\/www.renouvelle.be\/fr\/?s={search_term_string}"},"query-input":{"@type":"PropertyValueSpecification","valueRequired":true,"valueName":"search_term_string"}}],"inLanguage":"fr-FR"},{"@type":"Person","@id":"https:\/\/www.renouvelle.be\/fr\/#\/schema\/person\/1908bea929e39df17070615d8ebfeeaf","name":"Christophe Haveaux","url":"https:\/\/www.renouvelle.be\/fr\/author\/christophe-haveaux\/"}]}},"_links":{"self":[{"href":"https:\/\/www.renouvelle.be\/fr\/wp-json\/wp\/v2\/posts\/14209","targetHints":{"allow":["GET"]}}],"collection":[{"href":"https:\/\/www.renouvelle.be\/fr\/wp-json\/wp\/v2\/posts"}],"about":[{"href":"https:\/\/www.renouvelle.be\/fr\/wp-json\/wp\/v2\/types\/post"}],"author":[{"embeddable":true,"href":"https:\/\/www.renouvelle.be\/fr\/wp-json\/wp\/v2\/users\/41"}],"replies":[{"embeddable":true,"href":"https:\/\/www.renouvelle.be\/fr\/wp-json\/wp\/v2\/comments?post=14209"}],"version-history":[{"count":5,"href":"https:\/\/www.renouvelle.be\/fr\/wp-json\/wp\/v2\/posts\/14209\/revisions"}],"predecessor-version":[{"id":14254,"href":"https:\/\/www.renouvelle.be\/fr\/wp-json\/wp\/v2\/posts\/14209\/revisions\/14254"}],"wp:attachment":[{"href":"https:\/\/www.renouvelle.be\/fr\/wp-json\/wp\/v2\/media?parent=14209"}],"wp:term":[{"taxonomy":"category","embeddable":true,"href":"https:\/\/www.renouvelle.be\/fr\/wp-json\/wp\/v2\/categories?post=14209"},{"taxonomy":"post_tag","embeddable":true,"href":"https:\/\/www.renouvelle.be\/fr\/wp-json\/wp\/v2\/tags?post=14209"},{"taxonomy":"section","embeddable":true,"href":"https:\/\/www.renouvelle.be\/fr\/wp-json\/wp\/v2\/section?post=14209"}],"curies":[{"name":"wp","href":"https:\/\/api.w.org\/{rel}","templated":true}]}}