{"id":14201,"date":"2020-08-18T14:49:00","date_gmt":"2020-08-18T12:49:00","guid":{"rendered":"https:\/\/www.renouvelle.be\/?p=14201"},"modified":"2024-11-21T10:10:25","modified_gmt":"2024-11-21T09:10:25","slug":"flexibilite-et-stockage-deux-solutions-complementaires","status":"publish","type":"post","link":"https:\/\/www.renouvelle.be\/fr\/flexibilite-et-stockage-deux-solutions-complementaires\/","title":{"rendered":"Flexibilit\u00e9 et stockage, deux solutions compl\u00e9mentaires"},"content":{"rendered":"\n<p>Le cluster TWEED organisait le 23 juin dernier un webinaire qui abordait notamment l\u2019enjeu de la flexibilit\u00e9 et du stockage, en compagnie d\u2019un orateur de r\u00e9f\u00e9rence : Thibault Quetel, Sourcing &amp; Sales Manager chez Centrica Business Solutions (ex-REstore), un agr\u00e9gateur pionnier en Belgique.<\/p>\n\n\n\n<p>Voil\u00e0 qui nous donne l\u2019occasion de faire le point sur un enjeu strat\u00e9gique de la transition \u00e9nerg\u00e9tique.<\/p>\n\n\n\n<h2 class=\"wp-block-heading\"><strong>Qu\u2019est-ce que la flexibilit\u00e9 ?<\/strong><\/h2>\n\n\n\n<p>Plus on injecte des productions renouvelables dans le r\u00e9seau, plus celui-ci devient volatil car il s\u2019agit de productions qui varient selon la m\u00e9t\u00e9o. En cas de d\u00e9ficit de production (absence de vent et\/ou de soleil), Elia \u2013 gestionnaire du r\u00e9seau belge haute tension \u2013 dispose de deux solutions pour maintenir l\u2019\u00e9quilibre en temps r\u00e9el :<\/p>\n\n\n\n<ul class=\"wp-block-list\">\n<li>Elia peut faire appel \u00e0 des centrales de pointe (souvent au gaz) pour g\u00e9n\u00e9rer plus d\u2019\u00e9lectricit\u00e9 durant quelques minutes ou quelques heures ;<\/li>\n\n\n\n<li>Elia peut \u00e9galement activer de la flexibilit\u00e9 aupr\u00e8s d\u2019industriels, qui vont r\u00e9duire temporairement leur consommation d\u2019\u00e9lectricit\u00e9. A titre d\u2019exemple, Arcelor Mittal peut \u00e9teindre ou ralentir un four et ainsi r\u00e9duire sa consommation et all\u00e9ger le r\u00e9seau pendant des moments-clefs. De m\u00eame, un frigoriste industriel peut \u00e9teindre ses cong\u00e9lateurs pendant quelques minutes sans pour autant modifier la temp\u00e9rature des aliments gr\u00e2ce \u00e0 l\u2019inertie du froid.<\/li>\n<\/ul>\n\n\n\n<p>Pour ce faire, Elia utilise les r\u00e9serves primaire, secondaire et tertiaire, c-\u00e0-d des capacit\u00e9s de production et de flexibilit\u00e9 pr\u00e9vues pour \u00e9quilibrer le r\u00e9seau. En Belgique, la r\u00e9serve primaire repr\u00e9sente 80 MW, dont 30 \u00e0 36 MW peuvent \u00eatre activ\u00e9s par l\u2019agr\u00e9gateur Centrica, explique Thibault Quetel.<\/p>\n\n\n\n<h2 class=\"wp-block-heading\"><strong>Quel est le r\u00f4le d\u2019un agr\u00e9gateur ?<\/strong><\/h2>\n\n\n\n<p>Un agr\u00e9gateur est un op\u00e9rateur qui \u00e9tablit des contrats avec diff\u00e9rentes usines, qui acceptent de r\u00e9duire temporairement leur consommation d\u2019\u00e9lectricit\u00e9 contre une r\u00e9mun\u00e9ration. L\u2019agr\u00e9gateur vend ensuite ces MWh flexibles \u2013 on parle de centrale virtuelle et de gestion active de la demande &#8211; \u00e0 Elia, qui peut ainsi \u00e9quilibrer son r\u00e9seau en cas de trop faible production d\u2019\u00e9lectricit\u00e9.<\/p>\n\n\n\n<p>Parfois, l\u2019agr\u00e9gateur joue le r\u00f4le inverse : en cas de surproduction de renouvelables sur le r\u00e9seau, il pourra demander \u00e0 ses partenaires industriels de surconsommer \u00e0 certains moments pour \u00e9viter un d\u00e9s\u00e9quilibre. Ce cas de figure s\u2019est par exemple produit durant la p\u00e9riode de confinement en Belgique.<\/p>\n\n\n\n<p>A titre d\u2019exemple, la centrale virtuelle de Centrica fait 2.500 MW, r\u00e9partis entre diff\u00e9rents pays et sites industriels dont plus de 200 sites situ\u00e9s en Belgique. L\u2019agr\u00e9gateur doit r\u00e9unir un grand nombre de participants dans diff\u00e9rents secteurs car, en cas d\u2019indisponibilit\u00e9 d\u2019un industriel (qui proc\u00e8de par exemple \u00e0 une maintenance), il pourra activer d\u2019autres partenaires.<\/p>\n\n\n\n<p>Ce service d\u2019\u00e9quilibrage s\u2019av\u00e8re plus fiable et moins polluant qu\u2019un recours \u00e0 des centrales de pointe au gaz. En outre, cela permet d\u2019int\u00e9grer une plus grande quantit\u00e9 de productions d\u2019\u00e9nergies renouvelables sur le r\u00e9seau, ce qui est un objectif de la transition \u00e9nerg\u00e9tique belge et europ\u00e9enne.<\/p>\n\n\n\n<h2 class=\"wp-block-heading\"><strong>Coupler flexibilit\u00e9 et stockage<\/strong><\/h2>\n\n\n\n<p>Parmi ce pool de flexibilit\u00e9, certains investisseurs ou industriels ont investi dans des batteries, connect\u00e9es au r\u00e9seau Elia. Centrica a ainsi investi dans l\u2019un des plus gros projets de stockage en Belgique : la centrale Terhills (Limbourg), qui r\u00e9unit 140 batteries Tesla pour une puissance totale de 18 MW (lire notre article <a href=\"http:\/\/renouvelle.be\/fr\/technologies\/la-flandre-sequipe-dune-centrale-de-stockage-tesla-de-18-mw\" target=\"_blank\" rel=\"noreferrer noopener\">La Flandre s\u2019\u00e9quipe d\u2019une centrale de stockage Tesla de 18 MW<\/a>).<\/p>\n\n\n\n<p>Ici, le stockage des productions renouvelables (notamment photovolta\u00efques) ne s\u2019av\u00e8re pas suffisamment rentable, d\u2019o\u00f9 l\u2019id\u00e9e de valoriser aussi ces batteries dans un m\u00e9canisme de flexibilit\u00e9 au sein de la r\u00e9serve primaire.<\/p>\n\n\n\n<p>Centrica utilise ici une batterie pour absorber les petites d\u00e9viations du r\u00e9seau autour de 50 Hz (ce qui repr\u00e9sente 80% des activations). Et, en cas de d\u00e9viations plus grandes, l\u2019agr\u00e9gateur fait alors appel \u00e0 des capacit\u00e9s de flexibilit\u00e9 comme d\u00e9crit plus haut.<\/p>\n\n\n\n<p>Pourquoi la batterie ne peut-elle pas assurer l\u2019\u00e9quilibrage du r\u00e9seau \u00e0 elle seule ? Tout simplement parce qu\u2019elle devrait proc\u00e9der \u00e0 de grands cycles de charge et de d\u00e9charge, ce qui en acc\u00e9l\u00e8rerait l\u2019usure.<\/p>\n\n\n\n<p>Ce couplage entre stockage et flexibilit\u00e9 permet un retour sur investissement de 6-7 ans, d\u2019o\u00f9 un int\u00e9r\u00eat grandissant en Belgique pour investir dans des batteries de 5 \u00e0 50 MW au service de l\u2019\u00e9quilibrage du r\u00e9seau et financ\u00e9es par les m\u00e9canismes de r\u00e9serve primaire, et bient\u00f4t secondaire.<\/p>\n\n\n\n<p>\u201cLes projets de batteries sont d\u00e9sormais ancr\u00e9s dans la r\u00e9alit\u00e9 belge et ne sont plus des projets pilote ou d\u2019innovation\u201d, souligne Thibault Quetel en conclusion de ce webinaire.<\/p>\n\n\n\n<h2 class=\"wp-block-heading\"><strong>Une perspective de croissance<\/strong><\/h2>\n\n\n\n<p>Lors de la s\u00e9ance de questions-r\u00e9ponses, un participant s\u2019interroge : \u00e0 partir de quand les r\u00e9serves strat\u00e9giques belges ne seront plus suffisantes pour pallier aux variations des productions renouvelables ?<\/p>\n\n\n\n<p>\u201cPour l\u2019instant\u201d, r\u00e9pond l\u2019orateur, \u201cil y a de la marge, avec les r\u00e9serves primaire (80 MW), secondaire (plusieurs centaines de MW) et tertiaire (850 MW). Mais au fur et \u00e0 mesure que le renouvelable va continuer \u00e0 p\u00e9n\u00e9trer le r\u00e9seau, il faudra augmenter ces r\u00e9serves, ce qui ouvrira de nouvelles opportunit\u00e9s pour les industriels qui veulent rejoindre ces m\u00e9canismes.\u201d D\u2019autant plus que l\u2019Europe pr\u00e9voie une harmonisation des r\u00e9serves nationales. Les agr\u00e9gateurs pourront alors plus facilement vendre leurs services \u00e0 diff\u00e9rents pays.<\/p>\n\n\n\n<p>Ce march\u00e9 s\u2019av\u00e8re int\u00e9ressant pour les clients industriels qui consomment au moins 3 GWh par an, estime Thibault Quetel.<\/p>\n\n\n\n<p>Par contre, on ne trouve pas encore de mod\u00e8le rentable pour les particuliers. Au niveau technologique, il serait possible de connecter des milliers de frigos ou de boilers \u00e9lectriques qui participeraient ainsi \u00e0 l\u2019\u00e9quilibrage du r\u00e9seau. Mais ce mod\u00e8le ne trouve pas encore de d\u00e9veloppement commercial, constate-t-il.<\/p>\n\n\n\n<p>Lire \u00e9galement notre interview de Donald Gilbert, Sourcing manager de REstore: \u00ab\u00a0<a href=\"http:\/\/www.renouvelle.be\/fr\/debats\/donald-gilbert-restore-la-flexibilite-est-un-savoir-faire-qui-est-appele-a-se-developper\" target=\"_blank\" rel=\"noreferrer noopener\">La flexibilit\u00e9 est un savoir-faire qui est appel\u00e9 \u00e0 se d\u00e9velopper<\/a>\u00ab\u00a0<\/p>\n\n\n\n<p>&nbsp;et notre interview de Olivier Devolder (N-SIDE) : <a href=\"http:\/\/www.renouvelle.be\/fr\/technologies\/flexibilite-enjeux-et-mode-demploi\" target=\"_blank\" rel=\"noreferrer noopener\">Flexibilit\u00e9 : enjeu et mode d\u2019emploi<\/a><\/p>\n\n\n\n<p><\/p>\n","protected":false},"excerpt":{"rendered":"<p>Le cluster TWEED organisait le 23 juin dernier un webinaire qui abordait notamment l\u2019enjeu de la flexibilit\u00e9 et du stockage, en compagnie d\u2019un orateur de r\u00e9f\u00e9rence : Thibault Quetel, Sourcing &amp; Sales Manager chez Centrica Business Solutions (ex-REstore), un agr\u00e9gateur pionnier en Belgique. Voil\u00e0 qui nous donne l\u2019occasion de faire le point sur un enjeu strat\u00e9gique de la transition \u00e9nerg\u00e9tique. Qu\u2019est-ce que la flexibilit\u00e9 ? Plus on injecte des productions renouvelables dans le r\u00e9seau, plus celui-ci devient volatil car il s\u2019agit de productions qui varient selon la m\u00e9t\u00e9o. En cas de d\u00e9ficit de production (absence de vent et\/ou de soleil), Elia \u2013 gestionnaire du r\u00e9seau belge haute tension \u2013 dispose de deux solutions pour maintenir l\u2019\u00e9quilibre en temps r\u00e9el : Pour ce faire, Elia utilise les r\u00e9serves primaire, secondaire et tertiaire, c-\u00e0-d des capacit\u00e9s de production et de flexibilit\u00e9 pr\u00e9vues pour \u00e9quilibrer le r\u00e9seau. En Belgique, la r\u00e9serve primaire repr\u00e9sente 80 MW, dont 30 \u00e0 36 MW peuvent \u00eatre activ\u00e9s par l\u2019agr\u00e9gateur Centrica, explique Thibault Quetel. Quel est le r\u00f4le d\u2019un agr\u00e9gateur ? Un agr\u00e9gateur est un op\u00e9rateur qui \u00e9tablit des contrats avec diff\u00e9rentes usines, qui acceptent de r\u00e9duire temporairement leur consommation d\u2019\u00e9lectricit\u00e9 contre une r\u00e9mun\u00e9ration. L\u2019agr\u00e9gateur vend ensuite ces MWh flexibles \u2013 on parle de centrale virtuelle et de gestion active de la demande &#8211; \u00e0 Elia, qui peut ainsi \u00e9quilibrer son r\u00e9seau en cas de trop faible production d\u2019\u00e9lectricit\u00e9. Parfois, l\u2019agr\u00e9gateur joue le r\u00f4le inverse : en cas de surproduction de renouvelables sur le r\u00e9seau, il pourra demander \u00e0 ses partenaires industriels de surconsommer \u00e0 certains moments pour \u00e9viter un d\u00e9s\u00e9quilibre. Ce cas de figure s\u2019est par exemple produit durant la p\u00e9riode de confinement en Belgique. A titre d\u2019exemple, la centrale virtuelle de Centrica fait 2.500 MW, r\u00e9partis &hellip; <a href=\"https:\/\/www.renouvelle.be\/fr\/flexibilite-et-stockage-deux-solutions-complementaires\/\" class=\"more-link\">Continue reading<span class=\"screen-reader-text\"> \u00ab\u00a0Flexibilit\u00e9 et stockage, deux solutions compl\u00e9mentaires\u00a0\u00bb<\/span><\/a><\/p>\n","protected":false},"author":41,"featured_media":0,"comment_status":"closed","ping_status":"closed","sticky":false,"template":"","format":"standard","meta":{"_acf_changed":false,"footnotes":""},"categories":[],"tags":[],"section":[14],"class_list":["post-14201","post","type-post","status-publish","format-standard","hentry","section-stockage"],"acf":[],"yoast_head":"<!-- This site is optimized with the Yoast SEO plugin v27.4 - https:\/\/yoast.com\/product\/yoast-seo-wordpress\/ -->\n<title>Flexibilit\u00e9 et stockage, deux solutions compl\u00e9mentaires - Renouvelle<\/title>\n<meta name=\"robots\" content=\"index, follow, max-snippet:-1, max-image-preview:large, max-video-preview:-1\" \/>\n<link rel=\"canonical\" href=\"https:\/\/www.renouvelle.be\/fr\/flexibilite-et-stockage-deux-solutions-complementaires\/\" \/>\n<meta property=\"og:locale\" content=\"fr_FR\" \/>\n<meta property=\"og:type\" content=\"article\" \/>\n<meta property=\"og:title\" content=\"Flexibilit\u00e9 et stockage, deux solutions compl\u00e9mentaires - Renouvelle\" \/>\n<meta property=\"og:description\" content=\"Le cluster TWEED organisait le 23 juin dernier un webinaire qui abordait notamment l\u2019enjeu de la flexibilit\u00e9 et du stockage, en compagnie d\u2019un orateur de r\u00e9f\u00e9rence : Thibault Quetel, Sourcing &amp; Sales Manager chez Centrica Business Solutions (ex-REstore), un agr\u00e9gateur pionnier en Belgique. Voil\u00e0 qui nous donne l\u2019occasion de faire le point sur un enjeu strat\u00e9gique de la transition \u00e9nerg\u00e9tique. Qu\u2019est-ce que la flexibilit\u00e9 ? Plus on injecte des productions renouvelables dans le r\u00e9seau, plus celui-ci devient volatil car il s\u2019agit de productions qui varient selon la m\u00e9t\u00e9o. En cas de d\u00e9ficit de production (absence de vent et\/ou de soleil), Elia \u2013 gestionnaire du r\u00e9seau belge haute tension \u2013 dispose de deux solutions pour maintenir l\u2019\u00e9quilibre en temps r\u00e9el : Pour ce faire, Elia utilise les r\u00e9serves primaire, secondaire et tertiaire, c-\u00e0-d des capacit\u00e9s de production et de flexibilit\u00e9 pr\u00e9vues pour \u00e9quilibrer le r\u00e9seau. En Belgique, la r\u00e9serve primaire repr\u00e9sente 80 MW, dont 30 \u00e0 36 MW peuvent \u00eatre activ\u00e9s par l\u2019agr\u00e9gateur Centrica, explique Thibault Quetel. Quel est le r\u00f4le d\u2019un agr\u00e9gateur ? Un agr\u00e9gateur est un op\u00e9rateur qui \u00e9tablit des contrats avec diff\u00e9rentes usines, qui acceptent de r\u00e9duire temporairement leur consommation d\u2019\u00e9lectricit\u00e9 contre une r\u00e9mun\u00e9ration. L\u2019agr\u00e9gateur vend ensuite ces MWh flexibles \u2013 on parle de centrale virtuelle et de gestion active de la demande &#8211; \u00e0 Elia, qui peut ainsi \u00e9quilibrer son r\u00e9seau en cas de trop faible production d\u2019\u00e9lectricit\u00e9. Parfois, l\u2019agr\u00e9gateur joue le r\u00f4le inverse : en cas de surproduction de renouvelables sur le r\u00e9seau, il pourra demander \u00e0 ses partenaires industriels de surconsommer \u00e0 certains moments pour \u00e9viter un d\u00e9s\u00e9quilibre. Ce cas de figure s\u2019est par exemple produit durant la p\u00e9riode de confinement en Belgique. A titre d\u2019exemple, la centrale virtuelle de Centrica fait 2.500 MW, r\u00e9partis &hellip; Continue reading &quot;Flexibilit\u00e9 et stockage, deux solutions compl\u00e9mentaires&quot;\" \/>\n<meta property=\"og:url\" content=\"https:\/\/www.renouvelle.be\/fr\/flexibilite-et-stockage-deux-solutions-complementaires\/\" \/>\n<meta property=\"og:site_name\" content=\"Renouvelle\" \/>\n<meta property=\"article:published_time\" content=\"2020-08-18T12:49:00+00:00\" \/>\n<meta property=\"article:modified_time\" content=\"2024-11-21T09:10:25+00:00\" \/>\n<meta name=\"author\" content=\"Christophe Haveaux\" \/>\n<meta name=\"twitter:card\" content=\"summary_large_image\" \/>\n<script type=\"application\/ld+json\" class=\"yoast-schema-graph\">{\"@context\":\"https:\\\/\\\/schema.org\",\"@graph\":[{\"@type\":\"Article\",\"@id\":\"https:\\\/\\\/www.renouvelle.be\\\/fr\\\/flexibilite-et-stockage-deux-solutions-complementaires\\\/#article\",\"isPartOf\":{\"@id\":\"https:\\\/\\\/www.renouvelle.be\\\/fr\\\/flexibilite-et-stockage-deux-solutions-complementaires\\\/\"},\"author\":{\"name\":\"Christophe Haveaux\",\"@id\":\"https:\\\/\\\/www.renouvelle.be\\\/fr\\\/#\\\/schema\\\/person\\\/1908bea929e39df17070615d8ebfeeaf\"},\"headline\":\"Flexibilit\u00e9 et stockage, deux solutions compl\u00e9mentaires\",\"datePublished\":\"2020-08-18T12:49:00+00:00\",\"dateModified\":\"2024-11-21T09:10:25+00:00\",\"mainEntityOfPage\":{\"@id\":\"https:\\\/\\\/www.renouvelle.be\\\/fr\\\/flexibilite-et-stockage-deux-solutions-complementaires\\\/\"},\"wordCount\":1053,\"inLanguage\":\"fr-FR\"},{\"@type\":\"WebPage\",\"@id\":\"https:\\\/\\\/www.renouvelle.be\\\/fr\\\/flexibilite-et-stockage-deux-solutions-complementaires\\\/\",\"url\":\"https:\\\/\\\/www.renouvelle.be\\\/fr\\\/flexibilite-et-stockage-deux-solutions-complementaires\\\/\",\"name\":\"Flexibilit\u00e9 et stockage, deux solutions compl\u00e9mentaires - Renouvelle\",\"isPartOf\":{\"@id\":\"https:\\\/\\\/www.renouvelle.be\\\/fr\\\/#website\"},\"datePublished\":\"2020-08-18T12:49:00+00:00\",\"dateModified\":\"2024-11-21T09:10:25+00:00\",\"author\":{\"@id\":\"https:\\\/\\\/www.renouvelle.be\\\/fr\\\/#\\\/schema\\\/person\\\/1908bea929e39df17070615d8ebfeeaf\"},\"breadcrumb\":{\"@id\":\"https:\\\/\\\/www.renouvelle.be\\\/fr\\\/flexibilite-et-stockage-deux-solutions-complementaires\\\/#breadcrumb\"},\"inLanguage\":\"fr-FR\",\"potentialAction\":[{\"@type\":\"ReadAction\",\"target\":[\"https:\\\/\\\/www.renouvelle.be\\\/fr\\\/flexibilite-et-stockage-deux-solutions-complementaires\\\/\"]}]},{\"@type\":\"BreadcrumbList\",\"@id\":\"https:\\\/\\\/www.renouvelle.be\\\/fr\\\/flexibilite-et-stockage-deux-solutions-complementaires\\\/#breadcrumb\",\"itemListElement\":[{\"@type\":\"ListItem\",\"position\":1,\"name\":\"Accueil\",\"item\":\"https:\\\/\\\/www.renouvelle.be\\\/fr\\\/\"},{\"@type\":\"ListItem\",\"position\":2,\"name\":\"Flexibilit\u00e9 et stockage, deux solutions compl\u00e9mentaires\"}]},{\"@type\":\"WebSite\",\"@id\":\"https:\\\/\\\/www.renouvelle.be\\\/fr\\\/#website\",\"url\":\"https:\\\/\\\/www.renouvelle.be\\\/fr\\\/\",\"name\":\"Renouvelle\",\"description\":\"L&#039;actualit\u00e9 de l&#039;\u00e9nergie durable\",\"potentialAction\":[{\"@type\":\"SearchAction\",\"target\":{\"@type\":\"EntryPoint\",\"urlTemplate\":\"https:\\\/\\\/www.renouvelle.be\\\/fr\\\/?s={search_term_string}\"},\"query-input\":{\"@type\":\"PropertyValueSpecification\",\"valueRequired\":true,\"valueName\":\"search_term_string\"}}],\"inLanguage\":\"fr-FR\"},{\"@type\":\"Person\",\"@id\":\"https:\\\/\\\/www.renouvelle.be\\\/fr\\\/#\\\/schema\\\/person\\\/1908bea929e39df17070615d8ebfeeaf\",\"name\":\"Christophe Haveaux\",\"url\":\"https:\\\/\\\/www.renouvelle.be\\\/fr\\\/author\\\/christophe-haveaux\\\/\"}]}<\/script>\n<!-- \/ Yoast SEO plugin. -->","yoast_head_json":{"title":"Flexibilit\u00e9 et stockage, deux solutions compl\u00e9mentaires - Renouvelle","robots":{"index":"index","follow":"follow","max-snippet":"max-snippet:-1","max-image-preview":"max-image-preview:large","max-video-preview":"max-video-preview:-1"},"canonical":"https:\/\/www.renouvelle.be\/fr\/flexibilite-et-stockage-deux-solutions-complementaires\/","og_locale":"fr_FR","og_type":"article","og_title":"Flexibilit\u00e9 et stockage, deux solutions compl\u00e9mentaires - Renouvelle","og_description":"Le cluster TWEED organisait le 23 juin dernier un webinaire qui abordait notamment l\u2019enjeu de la flexibilit\u00e9 et du stockage, en compagnie d\u2019un orateur de r\u00e9f\u00e9rence : Thibault Quetel, Sourcing &amp; Sales Manager chez Centrica Business Solutions (ex-REstore), un agr\u00e9gateur pionnier en Belgique. Voil\u00e0 qui nous donne l\u2019occasion de faire le point sur un enjeu strat\u00e9gique de la transition \u00e9nerg\u00e9tique. Qu\u2019est-ce que la flexibilit\u00e9 ? Plus on injecte des productions renouvelables dans le r\u00e9seau, plus celui-ci devient volatil car il s\u2019agit de productions qui varient selon la m\u00e9t\u00e9o. En cas de d\u00e9ficit de production (absence de vent et\/ou de soleil), Elia \u2013 gestionnaire du r\u00e9seau belge haute tension \u2013 dispose de deux solutions pour maintenir l\u2019\u00e9quilibre en temps r\u00e9el : Pour ce faire, Elia utilise les r\u00e9serves primaire, secondaire et tertiaire, c-\u00e0-d des capacit\u00e9s de production et de flexibilit\u00e9 pr\u00e9vues pour \u00e9quilibrer le r\u00e9seau. En Belgique, la r\u00e9serve primaire repr\u00e9sente 80 MW, dont 30 \u00e0 36 MW peuvent \u00eatre activ\u00e9s par l\u2019agr\u00e9gateur Centrica, explique Thibault Quetel. Quel est le r\u00f4le d\u2019un agr\u00e9gateur ? Un agr\u00e9gateur est un op\u00e9rateur qui \u00e9tablit des contrats avec diff\u00e9rentes usines, qui acceptent de r\u00e9duire temporairement leur consommation d\u2019\u00e9lectricit\u00e9 contre une r\u00e9mun\u00e9ration. L\u2019agr\u00e9gateur vend ensuite ces MWh flexibles \u2013 on parle de centrale virtuelle et de gestion active de la demande &#8211; \u00e0 Elia, qui peut ainsi \u00e9quilibrer son r\u00e9seau en cas de trop faible production d\u2019\u00e9lectricit\u00e9. Parfois, l\u2019agr\u00e9gateur joue le r\u00f4le inverse : en cas de surproduction de renouvelables sur le r\u00e9seau, il pourra demander \u00e0 ses partenaires industriels de surconsommer \u00e0 certains moments pour \u00e9viter un d\u00e9s\u00e9quilibre. Ce cas de figure s\u2019est par exemple produit durant la p\u00e9riode de confinement en Belgique. A titre d\u2019exemple, la centrale virtuelle de Centrica fait 2.500 MW, r\u00e9partis &hellip; Continue reading \"Flexibilit\u00e9 et stockage, deux solutions compl\u00e9mentaires\"","og_url":"https:\/\/www.renouvelle.be\/fr\/flexibilite-et-stockage-deux-solutions-complementaires\/","og_site_name":"Renouvelle","article_published_time":"2020-08-18T12:49:00+00:00","article_modified_time":"2024-11-21T09:10:25+00:00","author":"Christophe Haveaux","twitter_card":"summary_large_image","schema":{"@context":"https:\/\/schema.org","@graph":[{"@type":"Article","@id":"https:\/\/www.renouvelle.be\/fr\/flexibilite-et-stockage-deux-solutions-complementaires\/#article","isPartOf":{"@id":"https:\/\/www.renouvelle.be\/fr\/flexibilite-et-stockage-deux-solutions-complementaires\/"},"author":{"name":"Christophe Haveaux","@id":"https:\/\/www.renouvelle.be\/fr\/#\/schema\/person\/1908bea929e39df17070615d8ebfeeaf"},"headline":"Flexibilit\u00e9 et stockage, deux solutions compl\u00e9mentaires","datePublished":"2020-08-18T12:49:00+00:00","dateModified":"2024-11-21T09:10:25+00:00","mainEntityOfPage":{"@id":"https:\/\/www.renouvelle.be\/fr\/flexibilite-et-stockage-deux-solutions-complementaires\/"},"wordCount":1053,"inLanguage":"fr-FR"},{"@type":"WebPage","@id":"https:\/\/www.renouvelle.be\/fr\/flexibilite-et-stockage-deux-solutions-complementaires\/","url":"https:\/\/www.renouvelle.be\/fr\/flexibilite-et-stockage-deux-solutions-complementaires\/","name":"Flexibilit\u00e9 et stockage, deux solutions compl\u00e9mentaires - Renouvelle","isPartOf":{"@id":"https:\/\/www.renouvelle.be\/fr\/#website"},"datePublished":"2020-08-18T12:49:00+00:00","dateModified":"2024-11-21T09:10:25+00:00","author":{"@id":"https:\/\/www.renouvelle.be\/fr\/#\/schema\/person\/1908bea929e39df17070615d8ebfeeaf"},"breadcrumb":{"@id":"https:\/\/www.renouvelle.be\/fr\/flexibilite-et-stockage-deux-solutions-complementaires\/#breadcrumb"},"inLanguage":"fr-FR","potentialAction":[{"@type":"ReadAction","target":["https:\/\/www.renouvelle.be\/fr\/flexibilite-et-stockage-deux-solutions-complementaires\/"]}]},{"@type":"BreadcrumbList","@id":"https:\/\/www.renouvelle.be\/fr\/flexibilite-et-stockage-deux-solutions-complementaires\/#breadcrumb","itemListElement":[{"@type":"ListItem","position":1,"name":"Accueil","item":"https:\/\/www.renouvelle.be\/fr\/"},{"@type":"ListItem","position":2,"name":"Flexibilit\u00e9 et stockage, deux solutions compl\u00e9mentaires"}]},{"@type":"WebSite","@id":"https:\/\/www.renouvelle.be\/fr\/#website","url":"https:\/\/www.renouvelle.be\/fr\/","name":"Renouvelle","description":"L&#039;actualit\u00e9 de l&#039;\u00e9nergie durable","potentialAction":[{"@type":"SearchAction","target":{"@type":"EntryPoint","urlTemplate":"https:\/\/www.renouvelle.be\/fr\/?s={search_term_string}"},"query-input":{"@type":"PropertyValueSpecification","valueRequired":true,"valueName":"search_term_string"}}],"inLanguage":"fr-FR"},{"@type":"Person","@id":"https:\/\/www.renouvelle.be\/fr\/#\/schema\/person\/1908bea929e39df17070615d8ebfeeaf","name":"Christophe Haveaux","url":"https:\/\/www.renouvelle.be\/fr\/author\/christophe-haveaux\/"}]}},"_links":{"self":[{"href":"https:\/\/www.renouvelle.be\/fr\/wp-json\/wp\/v2\/posts\/14201","targetHints":{"allow":["GET"]}}],"collection":[{"href":"https:\/\/www.renouvelle.be\/fr\/wp-json\/wp\/v2\/posts"}],"about":[{"href":"https:\/\/www.renouvelle.be\/fr\/wp-json\/wp\/v2\/types\/post"}],"author":[{"embeddable":true,"href":"https:\/\/www.renouvelle.be\/fr\/wp-json\/wp\/v2\/users\/41"}],"replies":[{"embeddable":true,"href":"https:\/\/www.renouvelle.be\/fr\/wp-json\/wp\/v2\/comments?post=14201"}],"version-history":[{"count":4,"href":"https:\/\/www.renouvelle.be\/fr\/wp-json\/wp\/v2\/posts\/14201\/revisions"}],"predecessor-version":[{"id":14257,"href":"https:\/\/www.renouvelle.be\/fr\/wp-json\/wp\/v2\/posts\/14201\/revisions\/14257"}],"wp:attachment":[{"href":"https:\/\/www.renouvelle.be\/fr\/wp-json\/wp\/v2\/media?parent=14201"}],"wp:term":[{"taxonomy":"category","embeddable":true,"href":"https:\/\/www.renouvelle.be\/fr\/wp-json\/wp\/v2\/categories?post=14201"},{"taxonomy":"post_tag","embeddable":true,"href":"https:\/\/www.renouvelle.be\/fr\/wp-json\/wp\/v2\/tags?post=14201"},{"taxonomy":"section","embeddable":true,"href":"https:\/\/www.renouvelle.be\/fr\/wp-json\/wp\/v2\/section?post=14201"}],"curies":[{"name":"wp","href":"https:\/\/api.w.org\/{rel}","templated":true}]}}