{"id":14187,"date":"2021-03-15T14:29:00","date_gmt":"2021-03-15T13:29:00","guid":{"rendered":"https:\/\/www.renouvelle.be\/?p=14187"},"modified":"2024-11-20T14:33:35","modified_gmt":"2024-11-20T13:33:35","slug":"10-ans-apres-fukushima-lallemagne-reussit-sa-sortie-du-nucleaire-grace-aux-renouvelables","status":"publish","type":"post","link":"https:\/\/www.renouvelle.be\/fr\/10-ans-apres-fukushima-lallemagne-reussit-sa-sortie-du-nucleaire-grace-aux-renouvelables\/","title":{"rendered":"10 ans apr\u00e8s Fukushima, l\u2019Allemagne r\u00e9ussit sa sortie du nucl\u00e9aire gr\u00e2ce aux renouvelables"},"content":{"rendered":"\n<p>Voici 10 ans, la catastrophe nucl\u00e9aire de Fukushima au Japon alertait l\u2019opinion publique mondiale sur les dangers de l\u2019atome.<\/p>\n\n\n\n<p>L\u2019Allemagne d\u00e9cida aussit\u00f4t de sortir progressivement du nucl\u00e9aire et de s\u2019engager dans une transition \u00e9nerg\u00e9tique (\u201cEnergiewende\u201d, en allemand).<\/p>\n\n\n\n<p>A l\u2019\u00e9poque, de nombreuses critiques et affirmations \u00e9taient \u00e9mises : \u201cL\u2019Allemagne va utiliser plus de charbon et \u00e9mettre plus de CO2\u201d, \u201cIls vont conna\u00eetre des p\u00e9nuries d\u2019\u00e9lectricit\u00e9\u201d, \u201cLes prix de l\u2019\u00e9lectricit\u00e9 vont augmenter\u201d, \u2026<\/p>\n\n\n\n<p>10 ans plus tard, Agora Energiewende, un institut ind\u00e9pendant d\u00e9di\u00e9 \u00e0 la transition, publie un bilan statistique qui d\u00e9monte ces affirmations ( <a href=\"https:\/\/www.agora-energiewende.de\/en\/publications\/10-years-after-fukushima\/\" target=\"_blank\" rel=\"noreferrer noopener\">https:\/\/www.agora-energiewende.de\/en\/publications\/10-years-after-fukushima\/<\/a> ).<\/p>\n\n\n\n<p>Voici donc les faits.<\/p>\n\n\n\n<p>Un \u00e9clairage tr\u00e8s utile \u00e0 l\u2019heure o\u00f9 la Belgique s\u2019engage elle aussi dans une sortie du nucl\u00e9aire d\u2019ici 2025 et que les m\u00eames critiques circulent dans le d\u00e9bat.<\/p>\n\n\n\n<h2 class=\"wp-block-heading\"><strong>Fin du nucl\u00e9aire, croissance des renouvelables<\/strong><\/h2>\n\n\n\n<p>En Allemagne, le plan de sortie du nucl\u00e9aire a d\u00e9but\u00e9 en 2000 puis s\u2019est acc\u00e9l\u00e9r\u00e9 apr\u00e8s la catastrophe de Fukushima. Onze centrales nucl\u00e9aires ont d\u00e9j\u00e0 \u00e9t\u00e9 arr\u00eat\u00e9es ; les six derni\u00e8res seront ferm\u00e9es d\u2019ici fin 2022 (graphique ci-dessous).<\/p>\n\n\n<div class=\"wp-block-image\">\n<figure class=\"aligncenter size-full is-resized\"><img loading=\"lazy\" decoding=\"async\" width=\"622\" height=\"255\" src=\"https:\/\/www.renouvelle.be\/wp-content\/uploads\/2024\/11\/Image3-1.jpg\" alt=\"\" class=\"wp-image-14190\" style=\"width:744px;height:auto\" srcset=\"https:\/\/www.renouvelle.be\/wp-content\/uploads\/2024\/11\/Image3-1.jpg 622w, https:\/\/www.renouvelle.be\/wp-content\/uploads\/2024\/11\/Image3-1-300x123.jpg 300w\" sizes=\"auto, (max-width: 622px) 100vw, 622px\" \/><figcaption class=\"wp-element-caption\">Source : 10 years after Fukushima, Agora Energiewende<\/figcaption><\/figure>\n<\/div>\n\n\n<p>Dans le mix \u00e9lectrique allemand, la part du nucl\u00e9aire a diminu\u00e9 de moiti\u00e9 entre 2010 et 2020 (de 22 \u00e0 11%) ; tandis que les \u00e9nergies renouvelables ont grimp\u00e9 de 17 \u00e0 45% (avec une grande contribution de l\u2019\u00e9olien terrestre) &#8211; voir graphique ci-dessous.<\/p>\n\n\n<div class=\"wp-block-image\">\n<figure class=\"aligncenter size-full is-resized\"><img loading=\"lazy\" decoding=\"async\" width=\"606\" height=\"249\" src=\"https:\/\/www.renouvelle.be\/wp-content\/uploads\/2024\/11\/Image4-1.jpg\" alt=\"\" class=\"wp-image-14192\" style=\"width:725px;height:auto\" srcset=\"https:\/\/www.renouvelle.be\/wp-content\/uploads\/2024\/11\/Image4-1.jpg 606w, https:\/\/www.renouvelle.be\/wp-content\/uploads\/2024\/11\/Image4-1-300x123.jpg 300w\" sizes=\"auto, (max-width: 606px) 100vw, 606px\" \/><figcaption class=\"wp-element-caption\">Source : 10 years after Fukushima, Agora Energiewende<\/figcaption><\/figure>\n<\/div>\n\n\n<p>Entre 2010 et 2020, l\u2019Allemagne n\u2019a connu ni p\u00e9nurie d\u2019\u00e9lectricit\u00e9, ni importation de gaz pour compenser le nucl\u00e9aire.<\/p>\n\n\n\n<p>Comme le montre le graphique ci-dessous, la production nucl\u00e9aire a chut\u00e9 de 76 TWh ; tandis que la production renouvelable a augment\u00e9 de quasi 150 TWh &#8211; soit le double.<\/p>\n\n\n\n<p>La production au gaz naturel est rest\u00e9e quasi identique, tandis que le charbon (hard coal et lignite) a diminu\u00e9 de fa\u00e7on significative.<\/p>\n\n\n\n<p>La diminution de la consommation d\u2019\u00e9lectricit\u00e9 en 2020 est principalement due \u00e0 la crise li\u00e9e au coronavirus. Une consommation plus importante est attendue en 2021.<\/p>\n\n\n<div class=\"wp-block-image\">\n<figure class=\"aligncenter size-full\"><img loading=\"lazy\" decoding=\"async\" width=\"585\" height=\"403\" src=\"https:\/\/www.renouvelle.be\/wp-content\/uploads\/2024\/11\/Image5-1.jpg\" alt=\"\" class=\"wp-image-14194\" srcset=\"https:\/\/www.renouvelle.be\/wp-content\/uploads\/2024\/11\/Image5-1.jpg 585w, https:\/\/www.renouvelle.be\/wp-content\/uploads\/2024\/11\/Image5-1-300x207.jpg 300w\" sizes=\"auto, (max-width: 585px) 100vw, 585px\" \/><\/figure>\n<\/div>\n\n\n<p>Contrairement aux craintes exprim\u00e9es en 2011, la sortie du nucl\u00e9aire n\u2019a pas conduit \u00e0 une hausse des \u00e9missions de CO2 dans le secteur de l\u2019\u00e9lectricit\u00e9.<br><br>Cependant, ces \u00e9missions sont rest\u00e9es relativement \u00e9lev\u00e9es jusqu\u2019en 2015, puis elles ont commenc\u00e9 \u00e0 fortement diminuer lorsque le prix du carbone a augment\u00e9 et ainsi rendu le charbon moins attractif.<\/p>\n\n\n<div class=\"wp-block-image\">\n<figure class=\"aligncenter size-full\"><img loading=\"lazy\" decoding=\"async\" width=\"500\" height=\"345\" src=\"https:\/\/www.renouvelle.be\/wp-content\/uploads\/2024\/11\/Image6-1.jpg\" alt=\"\" class=\"wp-image-14196\" srcset=\"https:\/\/www.renouvelle.be\/wp-content\/uploads\/2024\/11\/Image6-1.jpg 500w, https:\/\/www.renouvelle.be\/wp-content\/uploads\/2024\/11\/Image6-1-300x207.jpg 300w\" sizes=\"auto, (max-width: 500px) 100vw, 500px\" \/><\/figure>\n<\/div>\n\n\n<p>Enfin, parmi d\u2019autres conclusions du rapport, la sortie du nucl\u00e9aire n\u2019a pas eu d\u2019incidence sur le prix de l\u2019\u00e9lectricit\u00e9 pour les m\u00e9nages.<\/p>\n\n\n\n<p>Certes, ce prix a augment\u00e9 entre 2010 et 2013, mais principalement en raison des surco\u00fbts li\u00e9s aux \u00e9nergies renouvelables (voir \u201cEEG\u201d sur le graphique ci-dessous). Durant cette p\u00e9riode, l\u2019Allemagne a accord\u00e9 un soutien sp\u00e9cifique au photovolta\u00efque et \u00e0 la biomasse, des productions qui \u00e9taient encore co\u00fbteuses \u00e0 l\u2019\u00e9poque. Mais depuis 2014, le prix de l\u2019\u00e9lectricit\u00e9 pour les m\u00e9nages s\u2019est stabilis\u00e9 autour de 30 c\u20ac\/KWh. La croissance des \u00e9nergies renouvelables, devenues comp\u00e9titives, n\u2019a plus jou\u00e9 sur le prix.<\/p>\n\n\n\n<p>L\u2019industrie et les commerces ont b\u00e9n\u00e9fici\u00e9 d\u2019exemptions de taxes et autres charges, pour des motifs de comp\u00e9titivit\u00e9, et payent d\u00e8s lors un prix moins \u00e9lev\u00e9 que les m\u00e9nages.<\/p>\n\n\n<div class=\"wp-block-image\">\n<figure class=\"aligncenter size-full\"><img loading=\"lazy\" decoding=\"async\" width=\"578\" height=\"400\" src=\"https:\/\/www.renouvelle.be\/wp-content\/uploads\/2024\/11\/Image7.jpg\" alt=\"\" class=\"wp-image-14198\" srcset=\"https:\/\/www.renouvelle.be\/wp-content\/uploads\/2024\/11\/Image7.jpg 578w, https:\/\/www.renouvelle.be\/wp-content\/uploads\/2024\/11\/Image7-300x208.jpg 300w\" sizes=\"auto, (max-width: 578px) 100vw, 578px\" \/><figcaption class=\"wp-element-caption\">Source : 10 years after Fukushima, Agora Energiewende<\/figcaption><\/figure>\n<\/div>\n\n\n<p>Voici donc quelques unes des conclusions de ce rapport sur la sortie du nucl\u00e9aire en Allemagne. Nous vous invitons \u00e0 lire <a href=\"https:\/\/www.agora-energiewende.org\/publications\/10-years-after-fukushima\" target=\"_blank\" rel=\"noreferrer noopener\">le bilan<\/a> complet pour plus de d\u00e9tails.<\/p>\n\n\n\n<p><\/p>\n","protected":false},"excerpt":{"rendered":"<p>Voici 10 ans, la catastrophe nucl\u00e9aire de Fukushima au Japon alertait l\u2019opinion publique mondiale sur les dangers de l\u2019atome. L\u2019Allemagne d\u00e9cida aussit\u00f4t de sortir progressivement du nucl\u00e9aire et de s\u2019engager dans une transition \u00e9nerg\u00e9tique (\u201cEnergiewende\u201d, en allemand). A l\u2019\u00e9poque, de nombreuses critiques et affirmations \u00e9taient \u00e9mises : \u201cL\u2019Allemagne va utiliser plus de charbon et \u00e9mettre plus de CO2\u201d, \u201cIls vont conna\u00eetre des p\u00e9nuries d\u2019\u00e9lectricit\u00e9\u201d, \u201cLes prix de l\u2019\u00e9lectricit\u00e9 vont augmenter\u201d, \u2026 10 ans plus tard, Agora Energiewende, un institut ind\u00e9pendant d\u00e9di\u00e9 \u00e0 la transition, publie un bilan statistique qui d\u00e9monte ces affirmations ( https:\/\/www.agora-energiewende.de\/en\/publications\/10-years-after-fukushima\/ ). Voici donc les faits. Un \u00e9clairage tr\u00e8s utile \u00e0 l\u2019heure o\u00f9 la Belgique s\u2019engage elle aussi dans une sortie du nucl\u00e9aire d\u2019ici 2025 et que les m\u00eames critiques circulent dans le d\u00e9bat. Fin du nucl\u00e9aire, croissance des renouvelables En Allemagne, le plan de sortie du nucl\u00e9aire a d\u00e9but\u00e9 en 2000 puis s\u2019est acc\u00e9l\u00e9r\u00e9 apr\u00e8s la catastrophe de Fukushima. Onze centrales nucl\u00e9aires ont d\u00e9j\u00e0 \u00e9t\u00e9 arr\u00eat\u00e9es ; les six derni\u00e8res seront ferm\u00e9es d\u2019ici fin 2022 (graphique ci-dessous). Dans le mix \u00e9lectrique allemand, la part du nucl\u00e9aire a diminu\u00e9 de moiti\u00e9 entre 2010 et 2020 (de 22 \u00e0 11%) ; tandis que les \u00e9nergies renouvelables ont grimp\u00e9 de 17 \u00e0 45% (avec une grande contribution de l\u2019\u00e9olien terrestre) &#8211; voir graphique ci-dessous. Entre 2010 et 2020, l\u2019Allemagne n\u2019a connu ni p\u00e9nurie d\u2019\u00e9lectricit\u00e9, ni importation de gaz pour compenser le nucl\u00e9aire. Comme le montre le graphique ci-dessous, la production nucl\u00e9aire a chut\u00e9 de 76 TWh ; tandis que la production renouvelable a augment\u00e9 de quasi 150 TWh &#8211; soit le double. La production au gaz naturel est rest\u00e9e quasi identique, tandis que le charbon (hard coal et lignite) a diminu\u00e9 de fa\u00e7on significative. La diminution de la consommation &hellip; <a href=\"https:\/\/www.renouvelle.be\/fr\/10-ans-apres-fukushima-lallemagne-reussit-sa-sortie-du-nucleaire-grace-aux-renouvelables\/\" class=\"more-link\">Continue reading<span class=\"screen-reader-text\"> \u00ab\u00a010 ans apr\u00e8s Fukushima, l\u2019Allemagne r\u00e9ussit sa sortie du nucl\u00e9aire gr\u00e2ce aux renouvelables\u00a0\u00bb<\/span><\/a><\/p>\n","protected":false},"author":41,"featured_media":0,"comment_status":"closed","ping_status":"closed","sticky":false,"template":"","format":"standard","meta":{"_acf_changed":false,"footnotes":""},"categories":[],"tags":[],"section":[8],"class_list":["post-14187","post","type-post","status-publish","format-standard","hentry","section-energie-renouvelables"],"acf":[],"yoast_head":"<!-- This site is optimized with the Yoast SEO plugin v27.5 - https:\/\/yoast.com\/product\/yoast-seo-wordpress\/ -->\n<title>10 ans apr\u00e8s Fukushima, l\u2019Allemagne r\u00e9ussit sa sortie du nucl\u00e9aire gr\u00e2ce aux renouvelables - Renouvelle<\/title>\n<meta name=\"robots\" content=\"index, follow, max-snippet:-1, max-image-preview:large, max-video-preview:-1\" \/>\n<link rel=\"canonical\" href=\"https:\/\/www.renouvelle.be\/fr\/10-ans-apres-fukushima-lallemagne-reussit-sa-sortie-du-nucleaire-grace-aux-renouvelables\/\" \/>\n<meta property=\"og:locale\" content=\"fr_FR\" \/>\n<meta property=\"og:type\" content=\"article\" \/>\n<meta property=\"og:title\" content=\"10 ans apr\u00e8s Fukushima, l\u2019Allemagne r\u00e9ussit sa sortie du nucl\u00e9aire gr\u00e2ce aux renouvelables - Renouvelle\" \/>\n<meta property=\"og:description\" content=\"Voici 10 ans, la catastrophe nucl\u00e9aire de Fukushima au Japon alertait l\u2019opinion publique mondiale sur les dangers de l\u2019atome. L\u2019Allemagne d\u00e9cida aussit\u00f4t de sortir progressivement du nucl\u00e9aire et de s\u2019engager dans une transition \u00e9nerg\u00e9tique (\u201cEnergiewende\u201d, en allemand). A l\u2019\u00e9poque, de nombreuses critiques et affirmations \u00e9taient \u00e9mises : \u201cL\u2019Allemagne va utiliser plus de charbon et \u00e9mettre plus de CO2\u201d, \u201cIls vont conna\u00eetre des p\u00e9nuries d\u2019\u00e9lectricit\u00e9\u201d, \u201cLes prix de l\u2019\u00e9lectricit\u00e9 vont augmenter\u201d, \u2026 10 ans plus tard, Agora Energiewende, un institut ind\u00e9pendant d\u00e9di\u00e9 \u00e0 la transition, publie un bilan statistique qui d\u00e9monte ces affirmations ( https:\/\/www.agora-energiewende.de\/en\/publications\/10-years-after-fukushima\/ ). Voici donc les faits. Un \u00e9clairage tr\u00e8s utile \u00e0 l\u2019heure o\u00f9 la Belgique s\u2019engage elle aussi dans une sortie du nucl\u00e9aire d\u2019ici 2025 et que les m\u00eames critiques circulent dans le d\u00e9bat. Fin du nucl\u00e9aire, croissance des renouvelables En Allemagne, le plan de sortie du nucl\u00e9aire a d\u00e9but\u00e9 en 2000 puis s\u2019est acc\u00e9l\u00e9r\u00e9 apr\u00e8s la catastrophe de Fukushima. Onze centrales nucl\u00e9aires ont d\u00e9j\u00e0 \u00e9t\u00e9 arr\u00eat\u00e9es ; les six derni\u00e8res seront ferm\u00e9es d\u2019ici fin 2022 (graphique ci-dessous). Dans le mix \u00e9lectrique allemand, la part du nucl\u00e9aire a diminu\u00e9 de moiti\u00e9 entre 2010 et 2020 (de 22 \u00e0 11%) ; tandis que les \u00e9nergies renouvelables ont grimp\u00e9 de 17 \u00e0 45% (avec une grande contribution de l\u2019\u00e9olien terrestre) &#8211; voir graphique ci-dessous. Entre 2010 et 2020, l\u2019Allemagne n\u2019a connu ni p\u00e9nurie d\u2019\u00e9lectricit\u00e9, ni importation de gaz pour compenser le nucl\u00e9aire. Comme le montre le graphique ci-dessous, la production nucl\u00e9aire a chut\u00e9 de 76 TWh ; tandis que la production renouvelable a augment\u00e9 de quasi 150 TWh &#8211; soit le double. La production au gaz naturel est rest\u00e9e quasi identique, tandis que le charbon (hard coal et lignite) a diminu\u00e9 de fa\u00e7on significative. La diminution de la consommation &hellip; Continue reading &quot;10 ans apr\u00e8s Fukushima, l\u2019Allemagne r\u00e9ussit sa sortie du nucl\u00e9aire gr\u00e2ce aux renouvelables&quot;\" \/>\n<meta property=\"og:url\" content=\"https:\/\/www.renouvelle.be\/fr\/10-ans-apres-fukushima-lallemagne-reussit-sa-sortie-du-nucleaire-grace-aux-renouvelables\/\" \/>\n<meta property=\"og:site_name\" content=\"Renouvelle\" \/>\n<meta property=\"article:published_time\" content=\"2021-03-15T13:29:00+00:00\" \/>\n<meta property=\"article:modified_time\" content=\"2024-11-20T13:33:35+00:00\" \/>\n<meta property=\"og:image\" content=\"https:\/\/www.renouvelle.be\/wp-content\/uploads\/2024\/11\/Image3-1.jpg\" \/>\n\t<meta property=\"og:image:width\" content=\"622\" \/>\n\t<meta property=\"og:image:height\" content=\"255\" \/>\n\t<meta property=\"og:image:type\" content=\"image\/jpeg\" \/>\n<meta name=\"author\" content=\"Christophe Haveaux\" \/>\n<meta name=\"twitter:card\" content=\"summary_large_image\" \/>\n<script type=\"application\/ld+json\" class=\"yoast-schema-graph\">{\"@context\":\"https:\\\/\\\/schema.org\",\"@graph\":[{\"@type\":\"Article\",\"@id\":\"https:\\\/\\\/www.renouvelle.be\\\/fr\\\/10-ans-apres-fukushima-lallemagne-reussit-sa-sortie-du-nucleaire-grace-aux-renouvelables\\\/#article\",\"isPartOf\":{\"@id\":\"https:\\\/\\\/www.renouvelle.be\\\/fr\\\/10-ans-apres-fukushima-lallemagne-reussit-sa-sortie-du-nucleaire-grace-aux-renouvelables\\\/\"},\"author\":{\"name\":\"Christophe Haveaux\",\"@id\":\"https:\\\/\\\/www.renouvelle.be\\\/fr\\\/#\\\/schema\\\/person\\\/1908bea929e39df17070615d8ebfeeaf\"},\"headline\":\"10 ans apr\u00e8s Fukushima, l\u2019Allemagne r\u00e9ussit sa sortie du nucl\u00e9aire gr\u00e2ce aux renouvelables\",\"datePublished\":\"2021-03-15T13:29:00+00:00\",\"dateModified\":\"2024-11-20T13:33:35+00:00\",\"mainEntityOfPage\":{\"@id\":\"https:\\\/\\\/www.renouvelle.be\\\/fr\\\/10-ans-apres-fukushima-lallemagne-reussit-sa-sortie-du-nucleaire-grace-aux-renouvelables\\\/\"},\"wordCount\":608,\"image\":{\"@id\":\"https:\\\/\\\/www.renouvelle.be\\\/fr\\\/10-ans-apres-fukushima-lallemagne-reussit-sa-sortie-du-nucleaire-grace-aux-renouvelables\\\/#primaryimage\"},\"thumbnailUrl\":\"https:\\\/\\\/www.renouvelle.be\\\/wp-content\\\/uploads\\\/2024\\\/11\\\/Image3-1.jpg\",\"inLanguage\":\"fr-FR\"},{\"@type\":\"WebPage\",\"@id\":\"https:\\\/\\\/www.renouvelle.be\\\/fr\\\/10-ans-apres-fukushima-lallemagne-reussit-sa-sortie-du-nucleaire-grace-aux-renouvelables\\\/\",\"url\":\"https:\\\/\\\/www.renouvelle.be\\\/fr\\\/10-ans-apres-fukushima-lallemagne-reussit-sa-sortie-du-nucleaire-grace-aux-renouvelables\\\/\",\"name\":\"10 ans apr\u00e8s Fukushima, l\u2019Allemagne r\u00e9ussit sa sortie du nucl\u00e9aire gr\u00e2ce aux renouvelables - Renouvelle\",\"isPartOf\":{\"@id\":\"https:\\\/\\\/www.renouvelle.be\\\/fr\\\/#website\"},\"primaryImageOfPage\":{\"@id\":\"https:\\\/\\\/www.renouvelle.be\\\/fr\\\/10-ans-apres-fukushima-lallemagne-reussit-sa-sortie-du-nucleaire-grace-aux-renouvelables\\\/#primaryimage\"},\"image\":{\"@id\":\"https:\\\/\\\/www.renouvelle.be\\\/fr\\\/10-ans-apres-fukushima-lallemagne-reussit-sa-sortie-du-nucleaire-grace-aux-renouvelables\\\/#primaryimage\"},\"thumbnailUrl\":\"https:\\\/\\\/www.renouvelle.be\\\/wp-content\\\/uploads\\\/2024\\\/11\\\/Image3-1.jpg\",\"datePublished\":\"2021-03-15T13:29:00+00:00\",\"dateModified\":\"2024-11-20T13:33:35+00:00\",\"author\":{\"@id\":\"https:\\\/\\\/www.renouvelle.be\\\/fr\\\/#\\\/schema\\\/person\\\/1908bea929e39df17070615d8ebfeeaf\"},\"breadcrumb\":{\"@id\":\"https:\\\/\\\/www.renouvelle.be\\\/fr\\\/10-ans-apres-fukushima-lallemagne-reussit-sa-sortie-du-nucleaire-grace-aux-renouvelables\\\/#breadcrumb\"},\"inLanguage\":\"fr-FR\",\"potentialAction\":[{\"@type\":\"ReadAction\",\"target\":[\"https:\\\/\\\/www.renouvelle.be\\\/fr\\\/10-ans-apres-fukushima-lallemagne-reussit-sa-sortie-du-nucleaire-grace-aux-renouvelables\\\/\"]}]},{\"@type\":\"ImageObject\",\"inLanguage\":\"fr-FR\",\"@id\":\"https:\\\/\\\/www.renouvelle.be\\\/fr\\\/10-ans-apres-fukushima-lallemagne-reussit-sa-sortie-du-nucleaire-grace-aux-renouvelables\\\/#primaryimage\",\"url\":\"https:\\\/\\\/www.renouvelle.be\\\/wp-content\\\/uploads\\\/2024\\\/11\\\/Image3-1.jpg\",\"contentUrl\":\"https:\\\/\\\/www.renouvelle.be\\\/wp-content\\\/uploads\\\/2024\\\/11\\\/Image3-1.jpg\"},{\"@type\":\"BreadcrumbList\",\"@id\":\"https:\\\/\\\/www.renouvelle.be\\\/fr\\\/10-ans-apres-fukushima-lallemagne-reussit-sa-sortie-du-nucleaire-grace-aux-renouvelables\\\/#breadcrumb\",\"itemListElement\":[{\"@type\":\"ListItem\",\"position\":1,\"name\":\"Accueil\",\"item\":\"https:\\\/\\\/www.renouvelle.be\\\/fr\\\/\"},{\"@type\":\"ListItem\",\"position\":2,\"name\":\"10 ans apr\u00e8s Fukushima, l\u2019Allemagne r\u00e9ussit sa sortie du nucl\u00e9aire gr\u00e2ce aux renouvelables\"}]},{\"@type\":\"WebSite\",\"@id\":\"https:\\\/\\\/www.renouvelle.be\\\/fr\\\/#website\",\"url\":\"https:\\\/\\\/www.renouvelle.be\\\/fr\\\/\",\"name\":\"Renouvelle\",\"description\":\"L&#039;actualit\u00e9 de l&#039;\u00e9nergie durable\",\"potentialAction\":[{\"@type\":\"SearchAction\",\"target\":{\"@type\":\"EntryPoint\",\"urlTemplate\":\"https:\\\/\\\/www.renouvelle.be\\\/fr\\\/?s={search_term_string}\"},\"query-input\":{\"@type\":\"PropertyValueSpecification\",\"valueRequired\":true,\"valueName\":\"search_term_string\"}}],\"inLanguage\":\"fr-FR\"},{\"@type\":\"Person\",\"@id\":\"https:\\\/\\\/www.renouvelle.be\\\/fr\\\/#\\\/schema\\\/person\\\/1908bea929e39df17070615d8ebfeeaf\",\"name\":\"Christophe Haveaux\",\"url\":\"https:\\\/\\\/www.renouvelle.be\\\/fr\\\/author\\\/christophe-haveaux\\\/\"}]}<\/script>\n<!-- \/ Yoast SEO plugin. -->","yoast_head_json":{"title":"10 ans apr\u00e8s Fukushima, l\u2019Allemagne r\u00e9ussit sa sortie du nucl\u00e9aire gr\u00e2ce aux renouvelables - Renouvelle","robots":{"index":"index","follow":"follow","max-snippet":"max-snippet:-1","max-image-preview":"max-image-preview:large","max-video-preview":"max-video-preview:-1"},"canonical":"https:\/\/www.renouvelle.be\/fr\/10-ans-apres-fukushima-lallemagne-reussit-sa-sortie-du-nucleaire-grace-aux-renouvelables\/","og_locale":"fr_FR","og_type":"article","og_title":"10 ans apr\u00e8s Fukushima, l\u2019Allemagne r\u00e9ussit sa sortie du nucl\u00e9aire gr\u00e2ce aux renouvelables - Renouvelle","og_description":"Voici 10 ans, la catastrophe nucl\u00e9aire de Fukushima au Japon alertait l\u2019opinion publique mondiale sur les dangers de l\u2019atome. L\u2019Allemagne d\u00e9cida aussit\u00f4t de sortir progressivement du nucl\u00e9aire et de s\u2019engager dans une transition \u00e9nerg\u00e9tique (\u201cEnergiewende\u201d, en allemand). A l\u2019\u00e9poque, de nombreuses critiques et affirmations \u00e9taient \u00e9mises : \u201cL\u2019Allemagne va utiliser plus de charbon et \u00e9mettre plus de CO2\u201d, \u201cIls vont conna\u00eetre des p\u00e9nuries d\u2019\u00e9lectricit\u00e9\u201d, \u201cLes prix de l\u2019\u00e9lectricit\u00e9 vont augmenter\u201d, \u2026 10 ans plus tard, Agora Energiewende, un institut ind\u00e9pendant d\u00e9di\u00e9 \u00e0 la transition, publie un bilan statistique qui d\u00e9monte ces affirmations ( https:\/\/www.agora-energiewende.de\/en\/publications\/10-years-after-fukushima\/ ). Voici donc les faits. Un \u00e9clairage tr\u00e8s utile \u00e0 l\u2019heure o\u00f9 la Belgique s\u2019engage elle aussi dans une sortie du nucl\u00e9aire d\u2019ici 2025 et que les m\u00eames critiques circulent dans le d\u00e9bat. Fin du nucl\u00e9aire, croissance des renouvelables En Allemagne, le plan de sortie du nucl\u00e9aire a d\u00e9but\u00e9 en 2000 puis s\u2019est acc\u00e9l\u00e9r\u00e9 apr\u00e8s la catastrophe de Fukushima. Onze centrales nucl\u00e9aires ont d\u00e9j\u00e0 \u00e9t\u00e9 arr\u00eat\u00e9es ; les six derni\u00e8res seront ferm\u00e9es d\u2019ici fin 2022 (graphique ci-dessous). Dans le mix \u00e9lectrique allemand, la part du nucl\u00e9aire a diminu\u00e9 de moiti\u00e9 entre 2010 et 2020 (de 22 \u00e0 11%) ; tandis que les \u00e9nergies renouvelables ont grimp\u00e9 de 17 \u00e0 45% (avec une grande contribution de l\u2019\u00e9olien terrestre) &#8211; voir graphique ci-dessous. Entre 2010 et 2020, l\u2019Allemagne n\u2019a connu ni p\u00e9nurie d\u2019\u00e9lectricit\u00e9, ni importation de gaz pour compenser le nucl\u00e9aire. Comme le montre le graphique ci-dessous, la production nucl\u00e9aire a chut\u00e9 de 76 TWh ; tandis que la production renouvelable a augment\u00e9 de quasi 150 TWh &#8211; soit le double. La production au gaz naturel est rest\u00e9e quasi identique, tandis que le charbon (hard coal et lignite) a diminu\u00e9 de fa\u00e7on significative. La diminution de la consommation &hellip; Continue reading \"10 ans apr\u00e8s Fukushima, l\u2019Allemagne r\u00e9ussit sa sortie du nucl\u00e9aire gr\u00e2ce aux renouvelables\"","og_url":"https:\/\/www.renouvelle.be\/fr\/10-ans-apres-fukushima-lallemagne-reussit-sa-sortie-du-nucleaire-grace-aux-renouvelables\/","og_site_name":"Renouvelle","article_published_time":"2021-03-15T13:29:00+00:00","article_modified_time":"2024-11-20T13:33:35+00:00","og_image":[{"width":622,"height":255,"url":"https:\/\/www.renouvelle.be\/wp-content\/uploads\/2024\/11\/Image3-1.jpg","type":"image\/jpeg"}],"author":"Christophe Haveaux","twitter_card":"summary_large_image","schema":{"@context":"https:\/\/schema.org","@graph":[{"@type":"Article","@id":"https:\/\/www.renouvelle.be\/fr\/10-ans-apres-fukushima-lallemagne-reussit-sa-sortie-du-nucleaire-grace-aux-renouvelables\/#article","isPartOf":{"@id":"https:\/\/www.renouvelle.be\/fr\/10-ans-apres-fukushima-lallemagne-reussit-sa-sortie-du-nucleaire-grace-aux-renouvelables\/"},"author":{"name":"Christophe Haveaux","@id":"https:\/\/www.renouvelle.be\/fr\/#\/schema\/person\/1908bea929e39df17070615d8ebfeeaf"},"headline":"10 ans apr\u00e8s Fukushima, l\u2019Allemagne r\u00e9ussit sa sortie du nucl\u00e9aire gr\u00e2ce aux renouvelables","datePublished":"2021-03-15T13:29:00+00:00","dateModified":"2024-11-20T13:33:35+00:00","mainEntityOfPage":{"@id":"https:\/\/www.renouvelle.be\/fr\/10-ans-apres-fukushima-lallemagne-reussit-sa-sortie-du-nucleaire-grace-aux-renouvelables\/"},"wordCount":608,"image":{"@id":"https:\/\/www.renouvelle.be\/fr\/10-ans-apres-fukushima-lallemagne-reussit-sa-sortie-du-nucleaire-grace-aux-renouvelables\/#primaryimage"},"thumbnailUrl":"https:\/\/www.renouvelle.be\/wp-content\/uploads\/2024\/11\/Image3-1.jpg","inLanguage":"fr-FR"},{"@type":"WebPage","@id":"https:\/\/www.renouvelle.be\/fr\/10-ans-apres-fukushima-lallemagne-reussit-sa-sortie-du-nucleaire-grace-aux-renouvelables\/","url":"https:\/\/www.renouvelle.be\/fr\/10-ans-apres-fukushima-lallemagne-reussit-sa-sortie-du-nucleaire-grace-aux-renouvelables\/","name":"10 ans apr\u00e8s Fukushima, l\u2019Allemagne r\u00e9ussit sa sortie du nucl\u00e9aire gr\u00e2ce aux renouvelables - Renouvelle","isPartOf":{"@id":"https:\/\/www.renouvelle.be\/fr\/#website"},"primaryImageOfPage":{"@id":"https:\/\/www.renouvelle.be\/fr\/10-ans-apres-fukushima-lallemagne-reussit-sa-sortie-du-nucleaire-grace-aux-renouvelables\/#primaryimage"},"image":{"@id":"https:\/\/www.renouvelle.be\/fr\/10-ans-apres-fukushima-lallemagne-reussit-sa-sortie-du-nucleaire-grace-aux-renouvelables\/#primaryimage"},"thumbnailUrl":"https:\/\/www.renouvelle.be\/wp-content\/uploads\/2024\/11\/Image3-1.jpg","datePublished":"2021-03-15T13:29:00+00:00","dateModified":"2024-11-20T13:33:35+00:00","author":{"@id":"https:\/\/www.renouvelle.be\/fr\/#\/schema\/person\/1908bea929e39df17070615d8ebfeeaf"},"breadcrumb":{"@id":"https:\/\/www.renouvelle.be\/fr\/10-ans-apres-fukushima-lallemagne-reussit-sa-sortie-du-nucleaire-grace-aux-renouvelables\/#breadcrumb"},"inLanguage":"fr-FR","potentialAction":[{"@type":"ReadAction","target":["https:\/\/www.renouvelle.be\/fr\/10-ans-apres-fukushima-lallemagne-reussit-sa-sortie-du-nucleaire-grace-aux-renouvelables\/"]}]},{"@type":"ImageObject","inLanguage":"fr-FR","@id":"https:\/\/www.renouvelle.be\/fr\/10-ans-apres-fukushima-lallemagne-reussit-sa-sortie-du-nucleaire-grace-aux-renouvelables\/#primaryimage","url":"https:\/\/www.renouvelle.be\/wp-content\/uploads\/2024\/11\/Image3-1.jpg","contentUrl":"https:\/\/www.renouvelle.be\/wp-content\/uploads\/2024\/11\/Image3-1.jpg"},{"@type":"BreadcrumbList","@id":"https:\/\/www.renouvelle.be\/fr\/10-ans-apres-fukushima-lallemagne-reussit-sa-sortie-du-nucleaire-grace-aux-renouvelables\/#breadcrumb","itemListElement":[{"@type":"ListItem","position":1,"name":"Accueil","item":"https:\/\/www.renouvelle.be\/fr\/"},{"@type":"ListItem","position":2,"name":"10 ans apr\u00e8s Fukushima, l\u2019Allemagne r\u00e9ussit sa sortie du nucl\u00e9aire gr\u00e2ce aux renouvelables"}]},{"@type":"WebSite","@id":"https:\/\/www.renouvelle.be\/fr\/#website","url":"https:\/\/www.renouvelle.be\/fr\/","name":"Renouvelle","description":"L&#039;actualit\u00e9 de l&#039;\u00e9nergie durable","potentialAction":[{"@type":"SearchAction","target":{"@type":"EntryPoint","urlTemplate":"https:\/\/www.renouvelle.be\/fr\/?s={search_term_string}"},"query-input":{"@type":"PropertyValueSpecification","valueRequired":true,"valueName":"search_term_string"}}],"inLanguage":"fr-FR"},{"@type":"Person","@id":"https:\/\/www.renouvelle.be\/fr\/#\/schema\/person\/1908bea929e39df17070615d8ebfeeaf","name":"Christophe Haveaux","url":"https:\/\/www.renouvelle.be\/fr\/author\/christophe-haveaux\/"}]}},"_links":{"self":[{"href":"https:\/\/www.renouvelle.be\/fr\/wp-json\/wp\/v2\/posts\/14187","targetHints":{"allow":["GET"]}}],"collection":[{"href":"https:\/\/www.renouvelle.be\/fr\/wp-json\/wp\/v2\/posts"}],"about":[{"href":"https:\/\/www.renouvelle.be\/fr\/wp-json\/wp\/v2\/types\/post"}],"author":[{"embeddable":true,"href":"https:\/\/www.renouvelle.be\/fr\/wp-json\/wp\/v2\/users\/41"}],"replies":[{"embeddable":true,"href":"https:\/\/www.renouvelle.be\/fr\/wp-json\/wp\/v2\/comments?post=14187"}],"version-history":[{"count":3,"href":"https:\/\/www.renouvelle.be\/fr\/wp-json\/wp\/v2\/posts\/14187\/revisions"}],"predecessor-version":[{"id":14200,"href":"https:\/\/www.renouvelle.be\/fr\/wp-json\/wp\/v2\/posts\/14187\/revisions\/14200"}],"wp:attachment":[{"href":"https:\/\/www.renouvelle.be\/fr\/wp-json\/wp\/v2\/media?parent=14187"}],"wp:term":[{"taxonomy":"category","embeddable":true,"href":"https:\/\/www.renouvelle.be\/fr\/wp-json\/wp\/v2\/categories?post=14187"},{"taxonomy":"post_tag","embeddable":true,"href":"https:\/\/www.renouvelle.be\/fr\/wp-json\/wp\/v2\/tags?post=14187"},{"taxonomy":"section","embeddable":true,"href":"https:\/\/www.renouvelle.be\/fr\/wp-json\/wp\/v2\/section?post=14187"}],"curies":[{"name":"wp","href":"https:\/\/api.w.org\/{rel}","templated":true}]}}