{"id":14177,"date":"2021-05-07T13:59:00","date_gmt":"2021-05-07T11:59:00","guid":{"rendered":"https:\/\/www.renouvelle.be\/?p=14177"},"modified":"2024-11-21T10:20:59","modified_gmt":"2024-11-21T09:20:59","slug":"quels-metaux-pour-une-transition-juste","status":"publish","type":"post","link":"https:\/\/www.renouvelle.be\/fr\/quels-metaux-pour-une-transition-juste\/","title":{"rendered":"Quels m\u00e9taux pour une transition juste ?"},"content":{"rendered":"\n<p>Le centre Etopia a initi\u00e9 un <a href=\"https:\/\/etopia.be\/evenement\/seminaires-sur-la-question-quels-metaux-pour-une-transition-juste-partie-2\/\" target=\"_blank\" rel=\"noreferrer noopener\">s\u00e9minaire<\/a> sur une question essentielle : \u201cQuels m\u00e9taux pour une transition juste ?\u201d<\/p>\n\n\n\n<p>La premi\u00e8re partie s\u2019est d\u00e9roul\u00e9e le 3 mai et posait ce constat : la transition \u00e9nerg\u00e9tique et digitale dans les pays occidentaux \u2013 et singuli\u00e8rement en Europe &#8211; devrait multiplier par 5 l\u2019extraction de m\u00e9taux, principalement dans les pays en voie de d\u00e9veloppement.<\/p>\n\n\n\n<p>En effet, selon un important <a href=\"https:\/\/www.banquemondiale.org\/fr\/news\/press-release\/2020\/05\/11\/mineral-production-to-soar-as-demand-for-clean-energy-increases\" target=\"_blank\" rel=\"noreferrer noopener\">rapport<\/a> du Groupe de la Banque mondiale, la production de min\u00e9raux tels que le graphite, le lithium et le cobalt pourrait augmenter de pr\u00e8s de 500 % d&rsquo;ici \u00e0 2050, pour r\u00e9pondre \u00e0 l&rsquo;augmentation de la demande de technologies \u00e9nerg\u00e9tiques propres.<\/p>\n\n\n\n<p>Ce rapport pr\u00e9voit que plus de trois milliards de tonnes de min\u00e9raux et de m\u00e9taux seront n\u00e9cessaires pour d\u00e9ployer l&rsquo;\u00e9nergie \u00e9olienne, solaire et g\u00e9othermique ainsi que le stockage de l&rsquo;\u00e9nergie, afin que la hausse de la temp\u00e9rature du globe reste inf\u00e9rieure \u00e0 2\u00b0C.<\/p>\n\n\n\n<p>Mais bien que les \u00e9nergies propres n\u00e9cessitent davantage de min\u00e9raux, l&#8217;empreinte carbone associ\u00e9e \u00e0 leur production, de l&rsquo;extraction \u00e0 l&rsquo;utilisation finale, ne repr\u00e9sentera que 6 % des \u00e9missions de gaz \u00e0 effet de serre g\u00e9n\u00e9r\u00e9es par les \u00e9nergies fossiles.<\/p>\n\n\n\n<p>Le rapport souligne aussi le r\u00f4le important que joueront le recyclage et la r\u00e9utilisation des min\u00e9raux pour r\u00e9pondre \u00e0 cette hausse de la demande. Toutefois, m\u00eame en augmentant de 100 % les taux de recyclage du cuivre et de l&rsquo;aluminium par exemple, cela ne suffira toujours pas \u00e0 satisfaire les besoins des \u00e9nergies renouvelables et du stockage de l&rsquo;\u00e9nergie.<\/p>\n\n\n\n<h2 class=\"wp-block-heading\"><strong>Une extraction mini\u00e8re polluante<\/strong><\/h2>\n\n\n\n<p>Or ces m\u00e9taux sont parfois extraits dans des conditions \u00e9pouvantables pour l\u2019environnement et la sant\u00e9 des habitants et des travailleurs des pays concern\u00e9s (Chine, Chili, Bolivie, Afrique, \u2026).<\/p>\n\n\n\n<p>Les citoyens se posent d\u00e8s lors des questions l\u00e9gitimes : les politiques climatiques ambitieuses dans les pays du Nord se feront-t-elle au d\u00e9triment de l\u2019environnement et des populations locales des pays du Sud ? Allons-nous remplacer notre d\u00e9pendance aux \u00e9nergies fossiles par une d\u00e9pendance \u00e0 ces min\u00e9raux situ\u00e9s en quantit\u00e9s limit\u00e9es dans certains pays du monde et exploit\u00e9s par quelques multinationales sans scrupules ?<\/p>\n\n\n\n<p>Le d\u00e9bat est complexe mais nous invite \u00e0 int\u00e9grer cette r\u00e9alit\u00e9 : Comment concilier les enjeux climatiques et soci\u00e9taux au b\u00e9n\u00e9fice des citoyens, partout dans le monde ?<\/p>\n\n\n\n<p>Les intervenants du webinaire Etopia dressent quelques constats sur l\u2019impact de ces extractions mini\u00e8res.<\/p>\n\n\n\n<p><em>\u201cUne activit\u00e9 mini\u00e8re a un impact intensif au niveau local, pour 20-30-50 ans, avec un bouleversement \u00e9conomique et social, notamment pour l\u2019agriculture et l\u2019\u00e9levage\u201d<\/em>, explique Fr\u00e9d\u00e9ric Thomas, charg\u00e9 d\u2019\u00e9tude au CETRI.<em> \u201cOr l\u2019industrie extractive cr\u00e9e tr\u00e8s peu de richesse et d\u2019emplois locaux. Il faut donc diversifier l\u2019\u00e9conomie, former des cadres dans d\u2019autres secteurs. L\u2019agriculture paysanne offre plus d\u2019emplois mais se trouve n\u00e9glig\u00e9e. Au niveau environnemental, les communaut\u00e9s locales plaident pour un moratoire afin de rendre l\u2019activit\u00e9 mini\u00e8re moins polluantes : au Salvador, en Malaisie, en Indon\u00e9sie, \u2026\u00a0\u00bb<\/em><\/p>\n\n\n\n<p>Sabine Kakunga, Charg\u00e9e de programme sur l\u2019Afrique centrale au CNCD, t\u00e9moigne de la situation en R\u00e9publique D\u00e9mocratique du Congo : <em>\u201cEn 2018, il y a eu une r\u00e9vision du code minier avec certaines avanc\u00e9es. L\u2019entreprise doit d\u00e9sormais verser une partie de ses b\u00e9n\u00e9fices par virement bancaire aux provinces, qui peuvent d\u00e8s lors financer des projets de d\u00e9veloppement. La loi pr\u00e9voit \u00e9galement une \u00e9tude d\u2019impact environnemental avec la communaut\u00e9 locale. Mais la loi n\u2019est pas toujours appliqu\u00e9e. Il faut donc faire conna\u00eetre la loi et les droits pour les citoyens. Il faut renforcer l\u2019Etat et la soci\u00e9t\u00e9 civile, leur donner les moyens de contr\u00f4ler cette activit\u00e9.\u201d<\/em><\/p>\n\n\n\n<h2 class=\"wp-block-heading\"><strong>Responsabilit\u00e9 soci\u00e9tale des entreprises<\/strong><\/h2>\n\n\n\n<p>Or l\u2019Europe est en train d\u2019adopter une l\u00e9gislation ambitieuse sur la responsabilit\u00e9 soci\u00e9tale des entreprises.<\/p>\n\n\n\n<p>Ce projet de loi, salu\u00e9 par les ONG, devrait contraindre les soci\u00e9t\u00e9s europ\u00e9ennes et leurs sous-traitants \u00e0 respecter les droits de l\u2019homme, l\u2019environnement et la bonne gouvernance dans tous les pays o\u00f9 elles m\u00e8nent leurs activit\u00e9s, et donc \u00e0 rendre des comptes (lire ces articles de <a href=\"https:\/\/www.euractiv.fr\/section\/justice-affaires-interieures\/news\/meps-demand-ambitious-law-on-human-rights-due-diligence\/\" target=\"_blank\" rel=\"noreferrer noopener\">Euractiv<\/a> et de <a href=\"https:\/\/www.actu-environnement.com\/ae\/news\/parlement-europeen-nouvelle-directive-devoir-vigilance-entreprises-37196.php4\" target=\"_blank\" rel=\"noreferrer noopener\">Actu-environnemen<\/a>t).<\/p>\n\n\n\n<p>Olivier Derruine, \u00e9conomiste et assistant au Parlement europ\u00e9en, pr\u00e9cise cependant : <em>\u201cMais pour y arriver, il faut surveiller les entreprises mini\u00e8res avec la participation des populations locales. Il faut cr\u00e9er des antennes locales, avec les citoyens, les syndicats, \u2026 et donc pr\u00e9voir cela dans l\u2019aide au d\u00e9veloppement.\u201d<\/em><\/p>\n\n\n\n<h2 class=\"wp-block-heading\"><strong>Cr\u00e9er de la valeur dans le Sud<\/strong><\/h2>\n\n\n\n<p>Autre r\u00e9alit\u00e9 : les minerais extraits dans les pays du Sud sont vendus sur le march\u00e9 international mais rapportent 10 fois plus lors de leur transformation, g\u00e9n\u00e9ralement dans les pays du Nord.<\/p>\n\n\n\n<p>C\u2019est ainsi que diff\u00e9rents pays en d\u00e9veloppement souhaitent d\u00e9sormais monter dans la cha\u00eene de valeur et transformer eux-m\u00eames leurs minerais. Dans le cadre d\u2019une transition \u00e9nerg\u00e9tique \u00e9quitable, on pourrait par exemple voir se d\u00e9velopper des cha\u00eenes de batteries pour v\u00e9hicules \u00e9lectriques en Afrique. <em>\u201cMais les multinationales n\u2019ont pas int\u00e9r\u00eat \u00e0 laisser ces pays transformer eux-m\u00eames leurs minerais\u201d<\/em>, souligne Fr\u00e9d\u00e9ric Thomas.<\/p>\n\n\n\n<h2 class=\"wp-block-heading\"><strong>Sobri\u00e9t\u00e9 \u00e9nerg\u00e9tique et \u00e9conomie circulaire<\/strong><\/h2>\n\n\n\n<p>Compte tenu de ces r\u00e9alit\u00e9s et de la croissance attendue de l\u2019extraction mini\u00e8re, les acteurs de la transition \u00e9nerg\u00e9tique &#8211; en Europe comme ailleurs dans le monde \u2013 se doivent de s\u2019engager dans de v\u00e9ritables objectifs de sobri\u00e9t\u00e9 \u00e9nerg\u00e9tique.<\/p>\n\n\n\n<p>Consommer moins de biens, mieux concevoir et prolonger la vie des objets, recycler, \u2026 &#8211; ce que l\u2019on appelle l\u2019\u00e9conomie circulaire &#8211; permettra de r\u00e9duire la demande de m\u00e9taux pour la fabrication de technologies vertes.<\/p>\n\n\n\n<p>En mati\u00e8re de mobilit\u00e9 par exemple, nos soci\u00e9t\u00e9s devront avant tout d\u00e9velopper et encourager la mobilit\u00e9 douce (marche, v\u00e9lo, trottinette) et l\u2019usage des transports en commun et, dans le m\u00eame temps, r\u00e9duire fortement l\u2019usage individuel de la voiture et donc diminuer la construction de v\u00e9hicules. La voiture la moins polluante est celle que l\u2019on ne fabrique pas !<\/p>\n\n\n\n<p>De nombreux acteurs de la transition sont \u00e9galement conscients des ressources limit\u00e9es ou nocives actuellement utilis\u00e9es et se montrent responsables.<\/p>\n\n\n\n<p>Ainsi, des constructeurs automobiles et des d\u00e9veloppeurs \u00e9oliens fabriquent d\u00e9sormais des voitures \u00e9lectriques et des \u00e9oliennes sans \u00ab terres rares \u00bb, gr\u00e2ces \u00e0 des mat\u00e9riaux alternatifs non-probl\u00e9matiques.<\/p>\n\n\n\n<p>Quant au lithium ou au cobalt (en quantit\u00e9s limit\u00e9es sur terre), l\u2019industrie automobile pourra progressivement diminuer leur usage voire s\u2019en passer. L\u2019innovation s\u2019oriente en effet vers les batteries au soufre, au sodium, au zinc ou les piles salines, autant de mat\u00e9riaux abondants et\/ou \u00e0 faible impact environnemental.<\/p>\n\n\n\n<p>Enfin, les batteries usag\u00e9es de v\u00e9hicules \u00e9lectriques (notamment au lithium-ion) peuvent \u00eatre reconditionn\u00e9es en capacit\u00e9 de stockage, afin de stocker des surplus de productions photovolta\u00efques ou \u00e9oliennes et contribuer ainsi \u00e0 l\u2019\u00e9quilibrage du r\u00e9seau. On \u00e9vite ainsi de jeter et fabriquer trop rapidement de nouvelles batteries, en donnant une deuxi\u00e8me vie aux batteries usag\u00e9es.<\/p>\n\n\n\n<p>Pour en savoir plus, lire nos deux r\u00e9ponses \u00e0 un documentaire pol\u00e9mique :<\/p>\n\n\n\n<p><a href=\"https:\/\/www.renouvelle.be\/fr\/la-face-cachee-des-energies-vertes-ou-de-notre-boulimie-energetique\/\" target=\"_blank\" rel=\"noreferrer noopener\">\u201cLa face cach\u00e9e des \u00e9nergies vertes\u201d : un docu qui pose questions<\/a><br><a href=\"https:\/\/www.renouvelle.be\/fr\/eolien-et-voitures-electriques-comment-reduire-les-besoins-de-materiaux\/\" target=\"_blank\" rel=\"noreferrer noopener\">Eolien et voitures \u00e9lectriques : comment r\u00e9duire les besoins de mat\u00e9riaux critiques ?<\/a><\/p>\n\n\n\n<p>Les batteries usag\u00e9es de voitures \u00e9lectriques peuvent servir de syst\u00e8me de stockage d\u2019\u00e9lectricit\u00e9 photovolta\u00efque.<\/p>\n\n\n\n<h2 class=\"wp-block-heading\"><strong>Une volont\u00e9 europ\u00e9enne<\/strong><\/h2>\n\n\n\n<p>Le Green deal europ\u00e9en affiche l\u2019ambition de d\u00e9velopper l\u2019\u00e9conomie circulaire en Europe.<\/p>\n\n\n\n<p>Consciente des enjeux, la Commission europ\u00e9enne a par exemple initi\u00e9 en septembre 2020 un <a href=\"https:\/\/ec.europa.eu\/commission\/presscorner\/detail\/fr\/ip_20_1542\" target=\"_blank\" rel=\"noreferrer noopener\">Plan d\u2019action sur les mati\u00e8res premi\u00e8res critiques<\/a>.&nbsp;<\/p>\n\n\n\n<p>Ce Plan vise \u00e0&nbsp; :<\/p>\n\n\n\n<ul class=\"wp-block-list\">\n<li>d\u00e9velopper des cha\u00eenes de valeur r\u00e9silientes pour les \u00e9cosyst\u00e8mes industriels de l\u2019UE;<\/li>\n\n\n\n<li>r\u00e9duire la d\u00e9pendance \u00e0 l\u2019\u00e9gard des mati\u00e8res premi\u00e8res primaires critiques gr\u00e2ce \u00e0 une utilisation circulaire des ressources, \u00e0 la conception de produits durables et \u00e0 l\u2019innovation (sch\u00e9ma ci-dessous);<\/li>\n\n\n\n<li>renforcer l\u2019approvisionnement en mati\u00e8res premi\u00e8res sur le march\u00e9 int\u00e9rieur de l\u2019UE;<\/li>\n\n\n\n<li>diversifier l\u2019approvisionnement en provenance de pays tiers et \u00e9liminer les distorsions dans le commerce international, en respectant pleinement les obligations internationales de l\u2019UE.<\/li>\n<\/ul>\n\n\n\n<p>Concr\u00e8tement, il s\u2019agira de r\u00e9duire les besoins ou de remplacer les mat\u00e9riaux critiques et d\u2019investir dans la Recherche &amp; D\u00e9veloppement de mat\u00e9riaux alternatifs (lire notre article <a href=\"https:\/\/www.renouvelle.be\/fr\/eolien-et-voitures-electriques-comment-reduire-les-besoins-de-materiaux\/\" target=\"_blank\" rel=\"noreferrer noopener\">Eolien et voitures \u00e9lectriques : comment r\u00e9duire les besoins de mat\u00e9riaux critiques ?<\/a>).<\/p>\n\n\n\n<h2 class=\"wp-block-heading\"><strong>Prolonger le d\u00e9bat<\/strong><\/h2>\n\n\n\n<p>Pour suivre ces questions essentielles, nous vous invitons \u00e0 participer \u00e0 ces deux webinaires :<br>Green European Foundation : <a href=\"https:\/\/gef.eu\/event\/mining-for-metals-can-it-be-fair\/\">Mining for metals \u2013 can it be fair ?<\/a> &#8211; 15 mai 2021<br>Etopia : <a href=\"https:\/\/etopia.be\/evenement\/seminaires-sur-la-question-quels-metaux-pour-une-transition-juste-partie-2\/\">Quels m\u00e9taux pour une transition juste \u2013 partie 2<\/a> \u2013 3 juin 2021<\/p>\n\n\n\n<p><\/p>\n","protected":false},"excerpt":{"rendered":"<p>Le centre Etopia a initi\u00e9 un s\u00e9minaire sur une question essentielle : \u201cQuels m\u00e9taux pour une transition juste ?\u201d La premi\u00e8re partie s\u2019est d\u00e9roul\u00e9e le 3 mai et posait ce constat : la transition \u00e9nerg\u00e9tique et digitale dans les pays occidentaux \u2013 et singuli\u00e8rement en Europe &#8211; devrait multiplier par 5 l\u2019extraction de m\u00e9taux, principalement dans les pays en voie de d\u00e9veloppement. En effet, selon un important rapport du Groupe de la Banque mondiale, la production de min\u00e9raux tels que le graphite, le lithium et le cobalt pourrait augmenter de pr\u00e8s de 500 % d&rsquo;ici \u00e0 2050, pour r\u00e9pondre \u00e0 l&rsquo;augmentation de la demande de technologies \u00e9nerg\u00e9tiques propres. Ce rapport pr\u00e9voit que plus de trois milliards de tonnes de min\u00e9raux et de m\u00e9taux seront n\u00e9cessaires pour d\u00e9ployer l&rsquo;\u00e9nergie \u00e9olienne, solaire et g\u00e9othermique ainsi que le stockage de l&rsquo;\u00e9nergie, afin que la hausse de la temp\u00e9rature du globe reste inf\u00e9rieure \u00e0 2\u00b0C. Mais bien que les \u00e9nergies propres n\u00e9cessitent davantage de min\u00e9raux, l&#8217;empreinte carbone associ\u00e9e \u00e0 leur production, de l&rsquo;extraction \u00e0 l&rsquo;utilisation finale, ne repr\u00e9sentera que 6 % des \u00e9missions de gaz \u00e0 effet de serre g\u00e9n\u00e9r\u00e9es par les \u00e9nergies fossiles. Le rapport souligne aussi le r\u00f4le important que joueront le recyclage et la r\u00e9utilisation des min\u00e9raux pour r\u00e9pondre \u00e0 cette hausse de la demande. Toutefois, m\u00eame en augmentant de 100 % les taux de recyclage du cuivre et de l&rsquo;aluminium par exemple, cela ne suffira toujours pas \u00e0 satisfaire les besoins des \u00e9nergies renouvelables et du stockage de l&rsquo;\u00e9nergie. Une extraction mini\u00e8re polluante Or ces m\u00e9taux sont parfois extraits dans des conditions \u00e9pouvantables pour l\u2019environnement et la sant\u00e9 des habitants et des travailleurs des pays concern\u00e9s (Chine, Chili, Bolivie, Afrique, \u2026). Les citoyens se posent d\u00e8s lors des questions l\u00e9gitimes &hellip; <a href=\"https:\/\/www.renouvelle.be\/fr\/quels-metaux-pour-une-transition-juste\/\" class=\"more-link\">Continue reading<span class=\"screen-reader-text\"> \u00ab\u00a0Quels m\u00e9taux pour une transition juste ?\u00a0\u00bb<\/span><\/a><\/p>\n","protected":false},"author":41,"featured_media":0,"comment_status":"closed","ping_status":"closed","sticky":false,"template":"","format":"standard","meta":{"_acf_changed":false,"footnotes":""},"categories":[],"tags":[],"section":[8],"class_list":["post-14177","post","type-post","status-publish","format-standard","hentry","section-energie-renouvelables"],"acf":[],"yoast_head":"<!-- This site is optimized with the Yoast SEO plugin v27.5 - https:\/\/yoast.com\/product\/yoast-seo-wordpress\/ -->\n<title>Quels m\u00e9taux pour une transition juste ? - Renouvelle<\/title>\n<meta name=\"robots\" content=\"index, follow, max-snippet:-1, max-image-preview:large, max-video-preview:-1\" \/>\n<link rel=\"canonical\" href=\"https:\/\/www.renouvelle.be\/fr\/quels-metaux-pour-une-transition-juste\/\" \/>\n<meta property=\"og:locale\" content=\"fr_FR\" \/>\n<meta property=\"og:type\" content=\"article\" \/>\n<meta property=\"og:title\" content=\"Quels m\u00e9taux pour une transition juste ? - Renouvelle\" \/>\n<meta property=\"og:description\" content=\"Le centre Etopia a initi\u00e9 un s\u00e9minaire sur une question essentielle : \u201cQuels m\u00e9taux pour une transition juste ?\u201d La premi\u00e8re partie s\u2019est d\u00e9roul\u00e9e le 3 mai et posait ce constat : la transition \u00e9nerg\u00e9tique et digitale dans les pays occidentaux \u2013 et singuli\u00e8rement en Europe &#8211; devrait multiplier par 5 l\u2019extraction de m\u00e9taux, principalement dans les pays en voie de d\u00e9veloppement. En effet, selon un important rapport du Groupe de la Banque mondiale, la production de min\u00e9raux tels que le graphite, le lithium et le cobalt pourrait augmenter de pr\u00e8s de 500 % d&rsquo;ici \u00e0 2050, pour r\u00e9pondre \u00e0 l&rsquo;augmentation de la demande de technologies \u00e9nerg\u00e9tiques propres. Ce rapport pr\u00e9voit que plus de trois milliards de tonnes de min\u00e9raux et de m\u00e9taux seront n\u00e9cessaires pour d\u00e9ployer l&rsquo;\u00e9nergie \u00e9olienne, solaire et g\u00e9othermique ainsi que le stockage de l&rsquo;\u00e9nergie, afin que la hausse de la temp\u00e9rature du globe reste inf\u00e9rieure \u00e0 2\u00b0C. Mais bien que les \u00e9nergies propres n\u00e9cessitent davantage de min\u00e9raux, l&#8217;empreinte carbone associ\u00e9e \u00e0 leur production, de l&rsquo;extraction \u00e0 l&rsquo;utilisation finale, ne repr\u00e9sentera que 6 % des \u00e9missions de gaz \u00e0 effet de serre g\u00e9n\u00e9r\u00e9es par les \u00e9nergies fossiles. Le rapport souligne aussi le r\u00f4le important que joueront le recyclage et la r\u00e9utilisation des min\u00e9raux pour r\u00e9pondre \u00e0 cette hausse de la demande. Toutefois, m\u00eame en augmentant de 100 % les taux de recyclage du cuivre et de l&rsquo;aluminium par exemple, cela ne suffira toujours pas \u00e0 satisfaire les besoins des \u00e9nergies renouvelables et du stockage de l&rsquo;\u00e9nergie. Une extraction mini\u00e8re polluante Or ces m\u00e9taux sont parfois extraits dans des conditions \u00e9pouvantables pour l\u2019environnement et la sant\u00e9 des habitants et des travailleurs des pays concern\u00e9s (Chine, Chili, Bolivie, Afrique, \u2026). Les citoyens se posent d\u00e8s lors des questions l\u00e9gitimes &hellip; Continue reading &quot;Quels m\u00e9taux pour une transition juste ?&quot;\" \/>\n<meta property=\"og:url\" content=\"https:\/\/www.renouvelle.be\/fr\/quels-metaux-pour-une-transition-juste\/\" \/>\n<meta property=\"og:site_name\" content=\"Renouvelle\" \/>\n<meta property=\"article:published_time\" content=\"2021-05-07T11:59:00+00:00\" \/>\n<meta property=\"article:modified_time\" content=\"2024-11-21T09:20:59+00:00\" \/>\n<meta name=\"author\" content=\"Christophe Haveaux\" \/>\n<meta name=\"twitter:card\" content=\"summary_large_image\" \/>\n<script type=\"application\/ld+json\" class=\"yoast-schema-graph\">{\"@context\":\"https:\\\/\\\/schema.org\",\"@graph\":[{\"@type\":\"Article\",\"@id\":\"https:\\\/\\\/www.renouvelle.be\\\/fr\\\/quels-metaux-pour-une-transition-juste\\\/#article\",\"isPartOf\":{\"@id\":\"https:\\\/\\\/www.renouvelle.be\\\/fr\\\/quels-metaux-pour-une-transition-juste\\\/\"},\"author\":{\"name\":\"Christophe Haveaux\",\"@id\":\"https:\\\/\\\/www.renouvelle.be\\\/fr\\\/#\\\/schema\\\/person\\\/1908bea929e39df17070615d8ebfeeaf\"},\"headline\":\"Quels m\u00e9taux pour une transition juste ?\",\"datePublished\":\"2021-05-07T11:59:00+00:00\",\"dateModified\":\"2024-11-21T09:20:59+00:00\",\"mainEntityOfPage\":{\"@id\":\"https:\\\/\\\/www.renouvelle.be\\\/fr\\\/quels-metaux-pour-une-transition-juste\\\/\"},\"wordCount\":1515,\"inLanguage\":\"fr-FR\"},{\"@type\":\"WebPage\",\"@id\":\"https:\\\/\\\/www.renouvelle.be\\\/fr\\\/quels-metaux-pour-une-transition-juste\\\/\",\"url\":\"https:\\\/\\\/www.renouvelle.be\\\/fr\\\/quels-metaux-pour-une-transition-juste\\\/\",\"name\":\"Quels m\u00e9taux pour une transition juste ? - Renouvelle\",\"isPartOf\":{\"@id\":\"https:\\\/\\\/www.renouvelle.be\\\/fr\\\/#website\"},\"datePublished\":\"2021-05-07T11:59:00+00:00\",\"dateModified\":\"2024-11-21T09:20:59+00:00\",\"author\":{\"@id\":\"https:\\\/\\\/www.renouvelle.be\\\/fr\\\/#\\\/schema\\\/person\\\/1908bea929e39df17070615d8ebfeeaf\"},\"breadcrumb\":{\"@id\":\"https:\\\/\\\/www.renouvelle.be\\\/fr\\\/quels-metaux-pour-une-transition-juste\\\/#breadcrumb\"},\"inLanguage\":\"fr-FR\",\"potentialAction\":[{\"@type\":\"ReadAction\",\"target\":[\"https:\\\/\\\/www.renouvelle.be\\\/fr\\\/quels-metaux-pour-une-transition-juste\\\/\"]}]},{\"@type\":\"BreadcrumbList\",\"@id\":\"https:\\\/\\\/www.renouvelle.be\\\/fr\\\/quels-metaux-pour-une-transition-juste\\\/#breadcrumb\",\"itemListElement\":[{\"@type\":\"ListItem\",\"position\":1,\"name\":\"Accueil\",\"item\":\"https:\\\/\\\/www.renouvelle.be\\\/fr\\\/\"},{\"@type\":\"ListItem\",\"position\":2,\"name\":\"Quels m\u00e9taux pour une transition juste ?\"}]},{\"@type\":\"WebSite\",\"@id\":\"https:\\\/\\\/www.renouvelle.be\\\/fr\\\/#website\",\"url\":\"https:\\\/\\\/www.renouvelle.be\\\/fr\\\/\",\"name\":\"Renouvelle\",\"description\":\"L&#039;actualit\u00e9 de l&#039;\u00e9nergie durable\",\"potentialAction\":[{\"@type\":\"SearchAction\",\"target\":{\"@type\":\"EntryPoint\",\"urlTemplate\":\"https:\\\/\\\/www.renouvelle.be\\\/fr\\\/?s={search_term_string}\"},\"query-input\":{\"@type\":\"PropertyValueSpecification\",\"valueRequired\":true,\"valueName\":\"search_term_string\"}}],\"inLanguage\":\"fr-FR\"},{\"@type\":\"Person\",\"@id\":\"https:\\\/\\\/www.renouvelle.be\\\/fr\\\/#\\\/schema\\\/person\\\/1908bea929e39df17070615d8ebfeeaf\",\"name\":\"Christophe Haveaux\",\"url\":\"https:\\\/\\\/www.renouvelle.be\\\/fr\\\/author\\\/christophe-haveaux\\\/\"}]}<\/script>\n<!-- \/ Yoast SEO plugin. -->","yoast_head_json":{"title":"Quels m\u00e9taux pour une transition juste ? - Renouvelle","robots":{"index":"index","follow":"follow","max-snippet":"max-snippet:-1","max-image-preview":"max-image-preview:large","max-video-preview":"max-video-preview:-1"},"canonical":"https:\/\/www.renouvelle.be\/fr\/quels-metaux-pour-une-transition-juste\/","og_locale":"fr_FR","og_type":"article","og_title":"Quels m\u00e9taux pour une transition juste ? - Renouvelle","og_description":"Le centre Etopia a initi\u00e9 un s\u00e9minaire sur une question essentielle : \u201cQuels m\u00e9taux pour une transition juste ?\u201d La premi\u00e8re partie s\u2019est d\u00e9roul\u00e9e le 3 mai et posait ce constat : la transition \u00e9nerg\u00e9tique et digitale dans les pays occidentaux \u2013 et singuli\u00e8rement en Europe &#8211; devrait multiplier par 5 l\u2019extraction de m\u00e9taux, principalement dans les pays en voie de d\u00e9veloppement. En effet, selon un important rapport du Groupe de la Banque mondiale, la production de min\u00e9raux tels que le graphite, le lithium et le cobalt pourrait augmenter de pr\u00e8s de 500 % d&rsquo;ici \u00e0 2050, pour r\u00e9pondre \u00e0 l&rsquo;augmentation de la demande de technologies \u00e9nerg\u00e9tiques propres. Ce rapport pr\u00e9voit que plus de trois milliards de tonnes de min\u00e9raux et de m\u00e9taux seront n\u00e9cessaires pour d\u00e9ployer l&rsquo;\u00e9nergie \u00e9olienne, solaire et g\u00e9othermique ainsi que le stockage de l&rsquo;\u00e9nergie, afin que la hausse de la temp\u00e9rature du globe reste inf\u00e9rieure \u00e0 2\u00b0C. Mais bien que les \u00e9nergies propres n\u00e9cessitent davantage de min\u00e9raux, l&#8217;empreinte carbone associ\u00e9e \u00e0 leur production, de l&rsquo;extraction \u00e0 l&rsquo;utilisation finale, ne repr\u00e9sentera que 6 % des \u00e9missions de gaz \u00e0 effet de serre g\u00e9n\u00e9r\u00e9es par les \u00e9nergies fossiles. Le rapport souligne aussi le r\u00f4le important que joueront le recyclage et la r\u00e9utilisation des min\u00e9raux pour r\u00e9pondre \u00e0 cette hausse de la demande. Toutefois, m\u00eame en augmentant de 100 % les taux de recyclage du cuivre et de l&rsquo;aluminium par exemple, cela ne suffira toujours pas \u00e0 satisfaire les besoins des \u00e9nergies renouvelables et du stockage de l&rsquo;\u00e9nergie. Une extraction mini\u00e8re polluante Or ces m\u00e9taux sont parfois extraits dans des conditions \u00e9pouvantables pour l\u2019environnement et la sant\u00e9 des habitants et des travailleurs des pays concern\u00e9s (Chine, Chili, Bolivie, Afrique, \u2026). Les citoyens se posent d\u00e8s lors des questions l\u00e9gitimes &hellip; Continue reading \"Quels m\u00e9taux pour une transition juste ?\"","og_url":"https:\/\/www.renouvelle.be\/fr\/quels-metaux-pour-une-transition-juste\/","og_site_name":"Renouvelle","article_published_time":"2021-05-07T11:59:00+00:00","article_modified_time":"2024-11-21T09:20:59+00:00","author":"Christophe Haveaux","twitter_card":"summary_large_image","schema":{"@context":"https:\/\/schema.org","@graph":[{"@type":"Article","@id":"https:\/\/www.renouvelle.be\/fr\/quels-metaux-pour-une-transition-juste\/#article","isPartOf":{"@id":"https:\/\/www.renouvelle.be\/fr\/quels-metaux-pour-une-transition-juste\/"},"author":{"name":"Christophe Haveaux","@id":"https:\/\/www.renouvelle.be\/fr\/#\/schema\/person\/1908bea929e39df17070615d8ebfeeaf"},"headline":"Quels m\u00e9taux pour une transition juste ?","datePublished":"2021-05-07T11:59:00+00:00","dateModified":"2024-11-21T09:20:59+00:00","mainEntityOfPage":{"@id":"https:\/\/www.renouvelle.be\/fr\/quels-metaux-pour-une-transition-juste\/"},"wordCount":1515,"inLanguage":"fr-FR"},{"@type":"WebPage","@id":"https:\/\/www.renouvelle.be\/fr\/quels-metaux-pour-une-transition-juste\/","url":"https:\/\/www.renouvelle.be\/fr\/quels-metaux-pour-une-transition-juste\/","name":"Quels m\u00e9taux pour une transition juste ? - Renouvelle","isPartOf":{"@id":"https:\/\/www.renouvelle.be\/fr\/#website"},"datePublished":"2021-05-07T11:59:00+00:00","dateModified":"2024-11-21T09:20:59+00:00","author":{"@id":"https:\/\/www.renouvelle.be\/fr\/#\/schema\/person\/1908bea929e39df17070615d8ebfeeaf"},"breadcrumb":{"@id":"https:\/\/www.renouvelle.be\/fr\/quels-metaux-pour-une-transition-juste\/#breadcrumb"},"inLanguage":"fr-FR","potentialAction":[{"@type":"ReadAction","target":["https:\/\/www.renouvelle.be\/fr\/quels-metaux-pour-une-transition-juste\/"]}]},{"@type":"BreadcrumbList","@id":"https:\/\/www.renouvelle.be\/fr\/quels-metaux-pour-une-transition-juste\/#breadcrumb","itemListElement":[{"@type":"ListItem","position":1,"name":"Accueil","item":"https:\/\/www.renouvelle.be\/fr\/"},{"@type":"ListItem","position":2,"name":"Quels m\u00e9taux pour une transition juste ?"}]},{"@type":"WebSite","@id":"https:\/\/www.renouvelle.be\/fr\/#website","url":"https:\/\/www.renouvelle.be\/fr\/","name":"Renouvelle","description":"L&#039;actualit\u00e9 de l&#039;\u00e9nergie durable","potentialAction":[{"@type":"SearchAction","target":{"@type":"EntryPoint","urlTemplate":"https:\/\/www.renouvelle.be\/fr\/?s={search_term_string}"},"query-input":{"@type":"PropertyValueSpecification","valueRequired":true,"valueName":"search_term_string"}}],"inLanguage":"fr-FR"},{"@type":"Person","@id":"https:\/\/www.renouvelle.be\/fr\/#\/schema\/person\/1908bea929e39df17070615d8ebfeeaf","name":"Christophe Haveaux","url":"https:\/\/www.renouvelle.be\/fr\/author\/christophe-haveaux\/"}]}},"_links":{"self":[{"href":"https:\/\/www.renouvelle.be\/fr\/wp-json\/wp\/v2\/posts\/14177","targetHints":{"allow":["GET"]}}],"collection":[{"href":"https:\/\/www.renouvelle.be\/fr\/wp-json\/wp\/v2\/posts"}],"about":[{"href":"https:\/\/www.renouvelle.be\/fr\/wp-json\/wp\/v2\/types\/post"}],"author":[{"embeddable":true,"href":"https:\/\/www.renouvelle.be\/fr\/wp-json\/wp\/v2\/users\/41"}],"replies":[{"embeddable":true,"href":"https:\/\/www.renouvelle.be\/fr\/wp-json\/wp\/v2\/comments?post=14177"}],"version-history":[{"count":2,"href":"https:\/\/www.renouvelle.be\/fr\/wp-json\/wp\/v2\/posts\/14177\/revisions"}],"predecessor-version":[{"id":14258,"href":"https:\/\/www.renouvelle.be\/fr\/wp-json\/wp\/v2\/posts\/14177\/revisions\/14258"}],"wp:attachment":[{"href":"https:\/\/www.renouvelle.be\/fr\/wp-json\/wp\/v2\/media?parent=14177"}],"wp:term":[{"taxonomy":"category","embeddable":true,"href":"https:\/\/www.renouvelle.be\/fr\/wp-json\/wp\/v2\/categories?post=14177"},{"taxonomy":"post_tag","embeddable":true,"href":"https:\/\/www.renouvelle.be\/fr\/wp-json\/wp\/v2\/tags?post=14177"},{"taxonomy":"section","embeddable":true,"href":"https:\/\/www.renouvelle.be\/fr\/wp-json\/wp\/v2\/section?post=14177"}],"curies":[{"name":"wp","href":"https:\/\/api.w.org\/{rel}","templated":true}]}}