{"id":14137,"date":"2022-11-17T11:11:00","date_gmt":"2022-11-17T10:11:00","guid":{"rendered":"https:\/\/www.renouvelle.be\/?p=14137"},"modified":"2024-11-21T10:38:30","modified_gmt":"2024-11-21T09:38:30","slug":"en-mer-du-nord-la-premiere-ile-energetique-artificielle-au-monde","status":"publish","type":"post","link":"https:\/\/www.renouvelle.be\/fr\/en-mer-du-nord-la-premiere-ile-energetique-artificielle-au-monde\/","title":{"rendered":"En mer du Nord, la premi\u00e8re \u00eele \u00e9nerg\u00e9tique artificielle au monde"},"content":{"rendered":"\n<p>Annonc\u00e9 voici pr\u00e8s de deux ans, le projet d\u2019\u00eele artificielle en mer du Nord se pr\u00e9cise. Elia a r\u00e9cemment pr\u00e9sent\u00e9 les plans de l\u2019\u00eele, baptis\u00e9e Princesse Elisabeth.<\/p>\n\n\n\n<p>Premi\u00e8re \u00eele \u00e9nerg\u00e9tique artificielle au monde, elle verra le jour \u00e0 environ 45 km de la c\u00f4te belge et sera le point de raccordement entre les parcs \u00e9oliens offshore de la deuxi\u00e8me zone \u00e9olienne offshore (d\u2019une capacit\u00e9 maximale de 3,5 GW) et le r\u00e9seau \u00e0 haute tension sur la terre ferme.<\/p>\n\n\n\n<p>L\u2019\u00eele \u00e9nerg\u00e9tique sera aussi le premier \u00e9l\u00e9ment d\u2019un r\u00e9seau \u00e9lectrique europ\u00e9en en mer.<\/p>\n\n\n\n<p>Cette prouesse d\u2019innovation positionne une nouvelle fois la Belgique sur la carte comme pionni\u00e8re en mati\u00e8re d&rsquo;\u00e9nergie offshore.<\/p>\n\n\n\n<h2 class=\"wp-block-heading\"><strong>Une premi\u00e8re mondiale en mer du Nord belge<\/strong><\/h2>\n\n\n\n<p>L\u2019infrastructure haute tension sur l\u2019\u00eele va rassembler les c\u00e2bles d\u2019exportation des parcs \u00e9oliens situ\u00e9s dans la zone Princesse Elisabeth et fera en m\u00eame temps office de hub pour de futures interconnexions avec la Grande-Bretagne (Nautilus) et\/ou le Danemark (TritonLink).<\/p>\n\n\n\n<p>Il s&rsquo;agira d\u2019interconnexions hybrides qui poss\u00e8deront une double fonction et seront donc plus efficaces. Elles permettront non seulement l&rsquo;\u00e9change d&rsquo;\u00e9lectricit\u00e9 entre les pays mais seront \u00e9galement raccord\u00e9es \u00e0 de gigantesques parcs \u00e9oliens offshore en mer du Nord qui fourniront d\u2019importants volumes d&rsquo;\u00e9nergie renouvelable \u00e0 notre pays.<\/p>\n\n\n\n<h2 class=\"wp-block-heading\"><strong>Une porte d\u2019acc\u00e8s \u00e0 de grandes quantit\u00e9s d\u2019\u00e9nergies renouvelables<\/strong><\/h2>\n\n\n\n<p>L\u2019\u00eele \u00e9nerg\u00e9tique verra le jour \u00e0 environ 45 kilom\u00e8tres de la c\u00f4te et sa partie \u00e9merg\u00e9e couvrira une surface d\u2019approximativement cinq hectares. Elle prendra place dans la zone \u00e9olienne Princesse Elisabeth et sera compos\u00e9e de caissons en b\u00e9ton qui seront remplis de sable.<\/p>\n\n\n\n<p>L\u2019\u00eele artificielle accueillera principalement des infrastructures de transport, destin\u00e9es tant au raccordement des nouveaux parcs \u00e9oliens (de maximum 3,5 GW) qu\u2019aux liaisons avec les futures interconnexions. Un petit port est \u00e9galement pr\u00e9vu pour les \u00e9quipes de maintenance ainsi qu\u2019un h\u00e9lideck.<\/p>\n\n\n\n<p>Afin de raccorder toutes les futures installations offshore au r\u00e9seau \u00e0 haute tension belge, 300 km de c\u00e2bles en courant alternatif et 60 km de c\u00e2bles en courant continu seront n\u00e9cessaires \u00e0 proximit\u00e9 de l\u2019\u00eele. L\u2019\u00eele \u00e9nerg\u00e9tique peut compter sur des moyens issus du fonds de relance post-Covid que la Belgique a soumis \u00e0 l&rsquo;approbation de la Commission europ\u00e9enne et pour lequel elle devrait obtenir un subside d\u2019environ 100 millions \u20ac.<\/p>\n\n\n<div class=\"wp-block-image\">\n<figure class=\"aligncenter size-full is-resized\"><img loading=\"lazy\" decoding=\"async\" width=\"360\" height=\"202\" src=\"https:\/\/www.renouvelle.be\/wp-content\/uploads\/2022\/11\/IlePE_SourceElia_2.jpg\" alt=\"\" class=\"wp-image-14265\" style=\"width:528px;height:auto\" srcset=\"https:\/\/www.renouvelle.be\/wp-content\/uploads\/2022\/11\/IlePE_SourceElia_2.jpg 360w, https:\/\/www.renouvelle.be\/wp-content\/uploads\/2022\/11\/IlePE_SourceElia_2-300x168.jpg 300w\" sizes=\"auto, (max-width: 360px) 100vw, 360px\" \/><figcaption class=\"wp-element-caption\">Source : Elia<\/figcaption><\/figure>\n<\/div>\n\n\n<h2 class=\"wp-block-heading\"><strong>Timing<\/strong><\/h2>\n\n\n\n<p>La proc\u00e9dure d&rsquo;adjudication pour l\u2019\u00eele est en cours, tout comme l&rsquo;\u00e9laboration du rapport d\u2019incidences environnementales, la pr\u00e9paration de la proc\u00e9dure de permis et la demande d\u2019une concession domaniale. La construction devrait d\u00e9buter en 2024 et se terminer mi-2026. Ce n\u2019est qu\u2019alors que la construction de l\u2019infrastructure \u00e9lectrique pourra commencer sur l\u2019\u00eele \u00e9nerg\u00e9tique.<\/p>\n\n\n\n<p>Le d\u00e9veloppement des futurs parcs \u00e9oliens est organis\u00e9 par les pouvoirs publics \u00e0 l\u2019aide d\u2019appels d\u2019offres. Le raccordement des parcs \u00e9oliens au r\u00e9seau d\u2019Elia co\u00efncide avec la mise en service des projets de renforcement du r\u00e9seau onshore, en particulier les projets Ventilus et Boucle du Hainaut. Elia souhaite atteindre la capacit\u00e9 de raccordement maximale d\u2019ici 2030.<\/p>\n\n\n\n<h2 class=\"wp-block-heading\"><strong>Eviter les sabotages<\/strong><\/h2>\n\n\n\n<p>Vincent Van Quickenborne, ministre de la Mer du Nord, pr\u00e9cise : <em>\u201cLa mer du Nord devient la centrale \u00e9lectrique de notre ind\u00e9pendance \u00e9nerg\u00e9tique. Mais r\u00e9cemment, nous avons vu avec le sabotage des gazoducs Nord Stream qu\u2019il est plus que jamais crucial de prot\u00e9ger au maximum une telle infrastructure critique contre le sabotage et les attaques. Nous allons s\u00e9curiser les c\u00e2bles acheminant l\u2019\u00e9lectricit\u00e9 jusqu\u2019\u00e0 la terre ferme ainsi que l\u2019\u00eele \u00e9nerg\u00e9tique planifi\u00e9e contre ce genre d\u2019\u00e9v\u00e9nements. Nous avons r\u00e9cemment introduit une loi qui renforce consid\u00e9rablement les mesures. Nous pr\u00e9voyons d\u00e9sormais une surveillance vid\u00e9o en mer, des drones, le suivi des bateaux \u00e9trangers dans nos eaux et une analyse de s\u00e9curit\u00e9 r\u00e9guli\u00e8re par les services comp\u00e9tents.\u201d<\/em><\/p>\n\n\n\n<h2 class=\"wp-block-heading\"><strong>Multiplier les \u00eeles \u00e9nerg\u00e9tiques<\/strong><\/h2>\n\n\n\n<p>Les \u00eeles \u00e9nerg\u00e9tiques sont appel\u00e9es \u00e0 se multiplier dans les mers europ\u00e9ennes.<\/p>\n\n\n\n<p>L\u2019initiative \u00abNorth Seas Energy Cooperation \u00bb m\u00e8ne ainsi des \u00e9tudes de projets hybrides concrets dans le secteur maritime compris entre la Belgique, les Pays-Bas et le Royaume-Uni.<\/p>\n\n\n\n<p>Ces hubs permettront, ici aussi, de mieux int\u00e9grer et \u00e9changer l\u2019\u00e9lectricit\u00e9 \u00e9olienne entre les pays; mais aussi de produire de l\u2019hydrog\u00e8ne vert \u00e0 grande \u00e9chelle.<\/p>\n","protected":false},"excerpt":{"rendered":"<p>Annonc\u00e9 voici pr\u00e8s de deux ans, le projet d\u2019\u00eele artificielle en mer du Nord se pr\u00e9cise. Elia a r\u00e9cemment pr\u00e9sent\u00e9 les plans de l\u2019\u00eele, baptis\u00e9e Princesse Elisabeth. Premi\u00e8re \u00eele \u00e9nerg\u00e9tique artificielle au monde, elle verra le jour \u00e0 environ 45 km de la c\u00f4te belge et sera le point de raccordement entre les parcs \u00e9oliens offshore de la deuxi\u00e8me zone \u00e9olienne offshore (d\u2019une capacit\u00e9 maximale de 3,5 GW) et le r\u00e9seau \u00e0 haute tension sur la terre ferme. L\u2019\u00eele \u00e9nerg\u00e9tique sera aussi le premier \u00e9l\u00e9ment d\u2019un r\u00e9seau \u00e9lectrique europ\u00e9en en mer. Cette prouesse d\u2019innovation positionne une nouvelle fois la Belgique sur la carte comme pionni\u00e8re en mati\u00e8re d&rsquo;\u00e9nergie offshore. Une premi\u00e8re mondiale en mer du Nord belge L\u2019infrastructure haute tension sur l\u2019\u00eele va rassembler les c\u00e2bles d\u2019exportation des parcs \u00e9oliens situ\u00e9s dans la zone Princesse Elisabeth et fera en m\u00eame temps office de hub pour de futures interconnexions avec la Grande-Bretagne (Nautilus) et\/ou le Danemark (TritonLink). Il s&rsquo;agira d\u2019interconnexions hybrides qui poss\u00e8deront une double fonction et seront donc plus efficaces. Elles permettront non seulement l&rsquo;\u00e9change d&rsquo;\u00e9lectricit\u00e9 entre les pays mais seront \u00e9galement raccord\u00e9es \u00e0 de gigantesques parcs \u00e9oliens offshore en mer du Nord qui fourniront d\u2019importants volumes d&rsquo;\u00e9nergie renouvelable \u00e0 notre pays. Une porte d\u2019acc\u00e8s \u00e0 de grandes quantit\u00e9s d\u2019\u00e9nergies renouvelables L\u2019\u00eele \u00e9nerg\u00e9tique verra le jour \u00e0 environ 45 kilom\u00e8tres de la c\u00f4te et sa partie \u00e9merg\u00e9e couvrira une surface d\u2019approximativement cinq hectares. Elle prendra place dans la zone \u00e9olienne Princesse Elisabeth et sera compos\u00e9e de caissons en b\u00e9ton qui seront remplis de sable. L\u2019\u00eele artificielle accueillera principalement des infrastructures de transport, destin\u00e9es tant au raccordement des nouveaux parcs \u00e9oliens (de maximum 3,5 GW) qu\u2019aux liaisons avec les futures interconnexions. Un petit port est \u00e9galement pr\u00e9vu pour les \u00e9quipes de &hellip; <a href=\"https:\/\/www.renouvelle.be\/fr\/en-mer-du-nord-la-premiere-ile-energetique-artificielle-au-monde\/\" class=\"more-link\">Continue reading<span class=\"screen-reader-text\"> \u00ab\u00a0En mer du Nord, la premi\u00e8re \u00eele \u00e9nerg\u00e9tique artificielle au monde\u00a0\u00bb<\/span><\/a><\/p>\n","protected":false},"author":41,"featured_media":14268,"comment_status":"closed","ping_status":"closed","sticky":false,"template":"","format":"standard","meta":{"_acf_changed":false,"footnotes":""},"categories":[17],"tags":[],"section":[6],"class_list":["post-14137","post","type-post","status-publish","format-standard","has-post-thumbnail","hentry","category-actualite-en-belgique","section-eolien"],"acf":[],"yoast_head":"<!-- This site is optimized with the Yoast SEO plugin v27.5 - https:\/\/yoast.com\/product\/yoast-seo-wordpress\/ -->\n<title>En mer du Nord, la premi\u00e8re \u00eele \u00e9nerg\u00e9tique artificielle au monde - Renouvelle<\/title>\n<meta name=\"robots\" content=\"index, follow, max-snippet:-1, max-image-preview:large, max-video-preview:-1\" \/>\n<link rel=\"canonical\" href=\"https:\/\/www.renouvelle.be\/fr\/en-mer-du-nord-la-premiere-ile-energetique-artificielle-au-monde\/\" \/>\n<meta property=\"og:locale\" content=\"fr_FR\" \/>\n<meta property=\"og:type\" content=\"article\" \/>\n<meta property=\"og:title\" content=\"En mer du Nord, la premi\u00e8re \u00eele \u00e9nerg\u00e9tique artificielle au monde - Renouvelle\" \/>\n<meta property=\"og:description\" content=\"Annonc\u00e9 voici pr\u00e8s de deux ans, le projet d\u2019\u00eele artificielle en mer du Nord se pr\u00e9cise. Elia a r\u00e9cemment pr\u00e9sent\u00e9 les plans de l\u2019\u00eele, baptis\u00e9e Princesse Elisabeth. Premi\u00e8re \u00eele \u00e9nerg\u00e9tique artificielle au monde, elle verra le jour \u00e0 environ 45 km de la c\u00f4te belge et sera le point de raccordement entre les parcs \u00e9oliens offshore de la deuxi\u00e8me zone \u00e9olienne offshore (d\u2019une capacit\u00e9 maximale de 3,5 GW) et le r\u00e9seau \u00e0 haute tension sur la terre ferme. L\u2019\u00eele \u00e9nerg\u00e9tique sera aussi le premier \u00e9l\u00e9ment d\u2019un r\u00e9seau \u00e9lectrique europ\u00e9en en mer. Cette prouesse d\u2019innovation positionne une nouvelle fois la Belgique sur la carte comme pionni\u00e8re en mati\u00e8re d&rsquo;\u00e9nergie offshore. Une premi\u00e8re mondiale en mer du Nord belge L\u2019infrastructure haute tension sur l\u2019\u00eele va rassembler les c\u00e2bles d\u2019exportation des parcs \u00e9oliens situ\u00e9s dans la zone Princesse Elisabeth et fera en m\u00eame temps office de hub pour de futures interconnexions avec la Grande-Bretagne (Nautilus) et\/ou le Danemark (TritonLink). Il s&rsquo;agira d\u2019interconnexions hybrides qui poss\u00e8deront une double fonction et seront donc plus efficaces. Elles permettront non seulement l&rsquo;\u00e9change d&rsquo;\u00e9lectricit\u00e9 entre les pays mais seront \u00e9galement raccord\u00e9es \u00e0 de gigantesques parcs \u00e9oliens offshore en mer du Nord qui fourniront d\u2019importants volumes d&rsquo;\u00e9nergie renouvelable \u00e0 notre pays. Une porte d\u2019acc\u00e8s \u00e0 de grandes quantit\u00e9s d\u2019\u00e9nergies renouvelables L\u2019\u00eele \u00e9nerg\u00e9tique verra le jour \u00e0 environ 45 kilom\u00e8tres de la c\u00f4te et sa partie \u00e9merg\u00e9e couvrira une surface d\u2019approximativement cinq hectares. Elle prendra place dans la zone \u00e9olienne Princesse Elisabeth et sera compos\u00e9e de caissons en b\u00e9ton qui seront remplis de sable. L\u2019\u00eele artificielle accueillera principalement des infrastructures de transport, destin\u00e9es tant au raccordement des nouveaux parcs \u00e9oliens (de maximum 3,5 GW) qu\u2019aux liaisons avec les futures interconnexions. Un petit port est \u00e9galement pr\u00e9vu pour les \u00e9quipes de &hellip; Continue reading &quot;En mer du Nord, la premi\u00e8re \u00eele \u00e9nerg\u00e9tique artificielle au monde&quot;\" \/>\n<meta property=\"og:url\" content=\"https:\/\/www.renouvelle.be\/fr\/en-mer-du-nord-la-premiere-ile-energetique-artificielle-au-monde\/\" \/>\n<meta property=\"og:site_name\" content=\"Renouvelle\" \/>\n<meta property=\"article:published_time\" content=\"2022-11-17T10:11:00+00:00\" \/>\n<meta property=\"article:modified_time\" content=\"2024-11-21T09:38:30+00:00\" \/>\n<meta property=\"og:image\" content=\"https:\/\/www.renouvelle.be\/wp-content\/uploads\/2022\/11\/IlePE_SourceElia.jpg\" \/>\n\t<meta property=\"og:image:width\" content=\"480\" \/>\n\t<meta property=\"og:image:height\" content=\"270\" \/>\n\t<meta property=\"og:image:type\" content=\"image\/jpeg\" \/>\n<meta name=\"author\" content=\"Christophe Haveaux\" \/>\n<meta name=\"twitter:card\" content=\"summary_large_image\" \/>\n<script type=\"application\/ld+json\" class=\"yoast-schema-graph\">{\"@context\":\"https:\\\/\\\/schema.org\",\"@graph\":[{\"@type\":\"Article\",\"@id\":\"https:\\\/\\\/www.renouvelle.be\\\/fr\\\/en-mer-du-nord-la-premiere-ile-energetique-artificielle-au-monde\\\/#article\",\"isPartOf\":{\"@id\":\"https:\\\/\\\/www.renouvelle.be\\\/fr\\\/en-mer-du-nord-la-premiere-ile-energetique-artificielle-au-monde\\\/\"},\"author\":{\"name\":\"Christophe Haveaux\",\"@id\":\"https:\\\/\\\/www.renouvelle.be\\\/fr\\\/#\\\/schema\\\/person\\\/6a3618492c4da10d9b86b3e9a65f6daa\"},\"headline\":\"En mer du Nord, la premi\u00e8re \u00eele \u00e9nerg\u00e9tique artificielle au monde\",\"datePublished\":\"2022-11-17T10:11:00+00:00\",\"dateModified\":\"2024-11-21T09:38:30+00:00\",\"mainEntityOfPage\":{\"@id\":\"https:\\\/\\\/www.renouvelle.be\\\/fr\\\/en-mer-du-nord-la-premiere-ile-energetique-artificielle-au-monde\\\/\"},\"wordCount\":773,\"image\":{\"@id\":\"https:\\\/\\\/www.renouvelle.be\\\/fr\\\/en-mer-du-nord-la-premiere-ile-energetique-artificielle-au-monde\\\/#primaryimage\"},\"thumbnailUrl\":\"https:\\\/\\\/www.renouvelle.be\\\/wp-content\\\/uploads\\\/2022\\\/11\\\/IlePE_SourceElia.jpg\",\"articleSection\":[\"Actualit\u00e9 en Belgique\"],\"inLanguage\":\"fr-FR\"},{\"@type\":\"WebPage\",\"@id\":\"https:\\\/\\\/www.renouvelle.be\\\/fr\\\/en-mer-du-nord-la-premiere-ile-energetique-artificielle-au-monde\\\/\",\"url\":\"https:\\\/\\\/www.renouvelle.be\\\/fr\\\/en-mer-du-nord-la-premiere-ile-energetique-artificielle-au-monde\\\/\",\"name\":\"En mer du Nord, la premi\u00e8re \u00eele \u00e9nerg\u00e9tique artificielle au monde - Renouvelle\",\"isPartOf\":{\"@id\":\"https:\\\/\\\/www.renouvelle.be\\\/fr\\\/#website\"},\"primaryImageOfPage\":{\"@id\":\"https:\\\/\\\/www.renouvelle.be\\\/fr\\\/en-mer-du-nord-la-premiere-ile-energetique-artificielle-au-monde\\\/#primaryimage\"},\"image\":{\"@id\":\"https:\\\/\\\/www.renouvelle.be\\\/fr\\\/en-mer-du-nord-la-premiere-ile-energetique-artificielle-au-monde\\\/#primaryimage\"},\"thumbnailUrl\":\"https:\\\/\\\/www.renouvelle.be\\\/wp-content\\\/uploads\\\/2022\\\/11\\\/IlePE_SourceElia.jpg\",\"datePublished\":\"2022-11-17T10:11:00+00:00\",\"dateModified\":\"2024-11-21T09:38:30+00:00\",\"author\":{\"@id\":\"https:\\\/\\\/www.renouvelle.be\\\/fr\\\/#\\\/schema\\\/person\\\/6a3618492c4da10d9b86b3e9a65f6daa\"},\"breadcrumb\":{\"@id\":\"https:\\\/\\\/www.renouvelle.be\\\/fr\\\/en-mer-du-nord-la-premiere-ile-energetique-artificielle-au-monde\\\/#breadcrumb\"},\"inLanguage\":\"fr-FR\",\"potentialAction\":[{\"@type\":\"ReadAction\",\"target\":[\"https:\\\/\\\/www.renouvelle.be\\\/fr\\\/en-mer-du-nord-la-premiere-ile-energetique-artificielle-au-monde\\\/\"]}]},{\"@type\":\"ImageObject\",\"inLanguage\":\"fr-FR\",\"@id\":\"https:\\\/\\\/www.renouvelle.be\\\/fr\\\/en-mer-du-nord-la-premiere-ile-energetique-artificielle-au-monde\\\/#primaryimage\",\"url\":\"https:\\\/\\\/www.renouvelle.be\\\/wp-content\\\/uploads\\\/2022\\\/11\\\/IlePE_SourceElia.jpg\",\"contentUrl\":\"https:\\\/\\\/www.renouvelle.be\\\/wp-content\\\/uploads\\\/2022\\\/11\\\/IlePE_SourceElia.jpg\",\"width\":480,\"height\":270,\"caption\":\"Source : Elia\"},{\"@type\":\"BreadcrumbList\",\"@id\":\"https:\\\/\\\/www.renouvelle.be\\\/fr\\\/en-mer-du-nord-la-premiere-ile-energetique-artificielle-au-monde\\\/#breadcrumb\",\"itemListElement\":[{\"@type\":\"ListItem\",\"position\":1,\"name\":\"Accueil\",\"item\":\"https:\\\/\\\/www.renouvelle.be\\\/fr\\\/\"},{\"@type\":\"ListItem\",\"position\":2,\"name\":\"En mer du Nord, la premi\u00e8re \u00eele \u00e9nerg\u00e9tique artificielle au monde\"}]},{\"@type\":\"WebSite\",\"@id\":\"https:\\\/\\\/www.renouvelle.be\\\/fr\\\/#website\",\"url\":\"https:\\\/\\\/www.renouvelle.be\\\/fr\\\/\",\"name\":\"Renouvelle\",\"description\":\"L&#039;actualit\u00e9 de l&#039;\u00e9nergie durable\",\"potentialAction\":[{\"@type\":\"SearchAction\",\"target\":{\"@type\":\"EntryPoint\",\"urlTemplate\":\"https:\\\/\\\/www.renouvelle.be\\\/fr\\\/?s={search_term_string}\"},\"query-input\":{\"@type\":\"PropertyValueSpecification\",\"valueRequired\":true,\"valueName\":\"search_term_string\"}}],\"inLanguage\":\"fr-FR\"},{\"@type\":\"Person\",\"@id\":\"https:\\\/\\\/www.renouvelle.be\\\/fr\\\/#\\\/schema\\\/person\\\/6a3618492c4da10d9b86b3e9a65f6daa\",\"name\":\"Christophe Haveaux\",\"url\":\"https:\\\/\\\/www.renouvelle.be\\\/fr\\\/author\\\/christophe-haveaux\\\/\"}]}<\/script>\n<!-- \/ Yoast SEO plugin. -->","yoast_head_json":{"title":"En mer du Nord, la premi\u00e8re \u00eele \u00e9nerg\u00e9tique artificielle au monde - Renouvelle","robots":{"index":"index","follow":"follow","max-snippet":"max-snippet:-1","max-image-preview":"max-image-preview:large","max-video-preview":"max-video-preview:-1"},"canonical":"https:\/\/www.renouvelle.be\/fr\/en-mer-du-nord-la-premiere-ile-energetique-artificielle-au-monde\/","og_locale":"fr_FR","og_type":"article","og_title":"En mer du Nord, la premi\u00e8re \u00eele \u00e9nerg\u00e9tique artificielle au monde - Renouvelle","og_description":"Annonc\u00e9 voici pr\u00e8s de deux ans, le projet d\u2019\u00eele artificielle en mer du Nord se pr\u00e9cise. Elia a r\u00e9cemment pr\u00e9sent\u00e9 les plans de l\u2019\u00eele, baptis\u00e9e Princesse Elisabeth. Premi\u00e8re \u00eele \u00e9nerg\u00e9tique artificielle au monde, elle verra le jour \u00e0 environ 45 km de la c\u00f4te belge et sera le point de raccordement entre les parcs \u00e9oliens offshore de la deuxi\u00e8me zone \u00e9olienne offshore (d\u2019une capacit\u00e9 maximale de 3,5 GW) et le r\u00e9seau \u00e0 haute tension sur la terre ferme. L\u2019\u00eele \u00e9nerg\u00e9tique sera aussi le premier \u00e9l\u00e9ment d\u2019un r\u00e9seau \u00e9lectrique europ\u00e9en en mer. Cette prouesse d\u2019innovation positionne une nouvelle fois la Belgique sur la carte comme pionni\u00e8re en mati\u00e8re d&rsquo;\u00e9nergie offshore. Une premi\u00e8re mondiale en mer du Nord belge L\u2019infrastructure haute tension sur l\u2019\u00eele va rassembler les c\u00e2bles d\u2019exportation des parcs \u00e9oliens situ\u00e9s dans la zone Princesse Elisabeth et fera en m\u00eame temps office de hub pour de futures interconnexions avec la Grande-Bretagne (Nautilus) et\/ou le Danemark (TritonLink). Il s&rsquo;agira d\u2019interconnexions hybrides qui poss\u00e8deront une double fonction et seront donc plus efficaces. Elles permettront non seulement l&rsquo;\u00e9change d&rsquo;\u00e9lectricit\u00e9 entre les pays mais seront \u00e9galement raccord\u00e9es \u00e0 de gigantesques parcs \u00e9oliens offshore en mer du Nord qui fourniront d\u2019importants volumes d&rsquo;\u00e9nergie renouvelable \u00e0 notre pays. Une porte d\u2019acc\u00e8s \u00e0 de grandes quantit\u00e9s d\u2019\u00e9nergies renouvelables L\u2019\u00eele \u00e9nerg\u00e9tique verra le jour \u00e0 environ 45 kilom\u00e8tres de la c\u00f4te et sa partie \u00e9merg\u00e9e couvrira une surface d\u2019approximativement cinq hectares. Elle prendra place dans la zone \u00e9olienne Princesse Elisabeth et sera compos\u00e9e de caissons en b\u00e9ton qui seront remplis de sable. L\u2019\u00eele artificielle accueillera principalement des infrastructures de transport, destin\u00e9es tant au raccordement des nouveaux parcs \u00e9oliens (de maximum 3,5 GW) qu\u2019aux liaisons avec les futures interconnexions. Un petit port est \u00e9galement pr\u00e9vu pour les \u00e9quipes de &hellip; Continue reading \"En mer du Nord, la premi\u00e8re \u00eele \u00e9nerg\u00e9tique artificielle au monde\"","og_url":"https:\/\/www.renouvelle.be\/fr\/en-mer-du-nord-la-premiere-ile-energetique-artificielle-au-monde\/","og_site_name":"Renouvelle","article_published_time":"2022-11-17T10:11:00+00:00","article_modified_time":"2024-11-21T09:38:30+00:00","og_image":[{"width":480,"height":270,"url":"https:\/\/www.renouvelle.be\/wp-content\/uploads\/2022\/11\/IlePE_SourceElia.jpg","type":"image\/jpeg"}],"author":"Christophe Haveaux","twitter_card":"summary_large_image","schema":{"@context":"https:\/\/schema.org","@graph":[{"@type":"Article","@id":"https:\/\/www.renouvelle.be\/fr\/en-mer-du-nord-la-premiere-ile-energetique-artificielle-au-monde\/#article","isPartOf":{"@id":"https:\/\/www.renouvelle.be\/fr\/en-mer-du-nord-la-premiere-ile-energetique-artificielle-au-monde\/"},"author":{"name":"Christophe Haveaux","@id":"https:\/\/www.renouvelle.be\/fr\/#\/schema\/person\/6a3618492c4da10d9b86b3e9a65f6daa"},"headline":"En mer du Nord, la premi\u00e8re \u00eele \u00e9nerg\u00e9tique artificielle au monde","datePublished":"2022-11-17T10:11:00+00:00","dateModified":"2024-11-21T09:38:30+00:00","mainEntityOfPage":{"@id":"https:\/\/www.renouvelle.be\/fr\/en-mer-du-nord-la-premiere-ile-energetique-artificielle-au-monde\/"},"wordCount":773,"image":{"@id":"https:\/\/www.renouvelle.be\/fr\/en-mer-du-nord-la-premiere-ile-energetique-artificielle-au-monde\/#primaryimage"},"thumbnailUrl":"https:\/\/www.renouvelle.be\/wp-content\/uploads\/2022\/11\/IlePE_SourceElia.jpg","articleSection":["Actualit\u00e9 en Belgique"],"inLanguage":"fr-FR"},{"@type":"WebPage","@id":"https:\/\/www.renouvelle.be\/fr\/en-mer-du-nord-la-premiere-ile-energetique-artificielle-au-monde\/","url":"https:\/\/www.renouvelle.be\/fr\/en-mer-du-nord-la-premiere-ile-energetique-artificielle-au-monde\/","name":"En mer du Nord, la premi\u00e8re \u00eele \u00e9nerg\u00e9tique artificielle au monde - Renouvelle","isPartOf":{"@id":"https:\/\/www.renouvelle.be\/fr\/#website"},"primaryImageOfPage":{"@id":"https:\/\/www.renouvelle.be\/fr\/en-mer-du-nord-la-premiere-ile-energetique-artificielle-au-monde\/#primaryimage"},"image":{"@id":"https:\/\/www.renouvelle.be\/fr\/en-mer-du-nord-la-premiere-ile-energetique-artificielle-au-monde\/#primaryimage"},"thumbnailUrl":"https:\/\/www.renouvelle.be\/wp-content\/uploads\/2022\/11\/IlePE_SourceElia.jpg","datePublished":"2022-11-17T10:11:00+00:00","dateModified":"2024-11-21T09:38:30+00:00","author":{"@id":"https:\/\/www.renouvelle.be\/fr\/#\/schema\/person\/6a3618492c4da10d9b86b3e9a65f6daa"},"breadcrumb":{"@id":"https:\/\/www.renouvelle.be\/fr\/en-mer-du-nord-la-premiere-ile-energetique-artificielle-au-monde\/#breadcrumb"},"inLanguage":"fr-FR","potentialAction":[{"@type":"ReadAction","target":["https:\/\/www.renouvelle.be\/fr\/en-mer-du-nord-la-premiere-ile-energetique-artificielle-au-monde\/"]}]},{"@type":"ImageObject","inLanguage":"fr-FR","@id":"https:\/\/www.renouvelle.be\/fr\/en-mer-du-nord-la-premiere-ile-energetique-artificielle-au-monde\/#primaryimage","url":"https:\/\/www.renouvelle.be\/wp-content\/uploads\/2022\/11\/IlePE_SourceElia.jpg","contentUrl":"https:\/\/www.renouvelle.be\/wp-content\/uploads\/2022\/11\/IlePE_SourceElia.jpg","width":480,"height":270,"caption":"Source : Elia"},{"@type":"BreadcrumbList","@id":"https:\/\/www.renouvelle.be\/fr\/en-mer-du-nord-la-premiere-ile-energetique-artificielle-au-monde\/#breadcrumb","itemListElement":[{"@type":"ListItem","position":1,"name":"Accueil","item":"https:\/\/www.renouvelle.be\/fr\/"},{"@type":"ListItem","position":2,"name":"En mer du Nord, la premi\u00e8re \u00eele \u00e9nerg\u00e9tique artificielle au monde"}]},{"@type":"WebSite","@id":"https:\/\/www.renouvelle.be\/fr\/#website","url":"https:\/\/www.renouvelle.be\/fr\/","name":"Renouvelle","description":"L&#039;actualit\u00e9 de l&#039;\u00e9nergie durable","potentialAction":[{"@type":"SearchAction","target":{"@type":"EntryPoint","urlTemplate":"https:\/\/www.renouvelle.be\/fr\/?s={search_term_string}"},"query-input":{"@type":"PropertyValueSpecification","valueRequired":true,"valueName":"search_term_string"}}],"inLanguage":"fr-FR"},{"@type":"Person","@id":"https:\/\/www.renouvelle.be\/fr\/#\/schema\/person\/6a3618492c4da10d9b86b3e9a65f6daa","name":"Christophe Haveaux","url":"https:\/\/www.renouvelle.be\/fr\/author\/christophe-haveaux\/"}]}},"_links":{"self":[{"href":"https:\/\/www.renouvelle.be\/fr\/wp-json\/wp\/v2\/posts\/14137","targetHints":{"allow":["GET"]}}],"collection":[{"href":"https:\/\/www.renouvelle.be\/fr\/wp-json\/wp\/v2\/posts"}],"about":[{"href":"https:\/\/www.renouvelle.be\/fr\/wp-json\/wp\/v2\/types\/post"}],"author":[{"embeddable":true,"href":"https:\/\/www.renouvelle.be\/fr\/wp-json\/wp\/v2\/users\/41"}],"replies":[{"embeddable":true,"href":"https:\/\/www.renouvelle.be\/fr\/wp-json\/wp\/v2\/comments?post=14137"}],"version-history":[{"count":3,"href":"https:\/\/www.renouvelle.be\/fr\/wp-json\/wp\/v2\/posts\/14137\/revisions"}],"predecessor-version":[{"id":14270,"href":"https:\/\/www.renouvelle.be\/fr\/wp-json\/wp\/v2\/posts\/14137\/revisions\/14270"}],"wp:featuredmedia":[{"embeddable":true,"href":"https:\/\/www.renouvelle.be\/fr\/wp-json\/wp\/v2\/media\/14268"}],"wp:attachment":[{"href":"https:\/\/www.renouvelle.be\/fr\/wp-json\/wp\/v2\/media?parent=14137"}],"wp:term":[{"taxonomy":"category","embeddable":true,"href":"https:\/\/www.renouvelle.be\/fr\/wp-json\/wp\/v2\/categories?post=14137"},{"taxonomy":"post_tag","embeddable":true,"href":"https:\/\/www.renouvelle.be\/fr\/wp-json\/wp\/v2\/tags?post=14137"},{"taxonomy":"section","embeddable":true,"href":"https:\/\/www.renouvelle.be\/fr\/wp-json\/wp\/v2\/section?post=14137"}],"curies":[{"name":"wp","href":"https:\/\/api.w.org\/{rel}","templated":true}]}}