{"id":14135,"date":"2022-11-22T10:49:03","date_gmt":"2022-11-22T09:49:03","guid":{"rendered":"https:\/\/www.renouvelle.be\/?p=14135"},"modified":"2024-11-21T10:40:02","modified_gmt":"2024-11-21T09:40:02","slug":"pour-reussir-la-sobriete-energetique-doit-viser-la-solidarite","status":"publish","type":"post","link":"https:\/\/www.renouvelle.be\/fr\/pour-reussir-la-sobriete-energetique-doit-viser-la-solidarite\/","title":{"rendered":"Pour r\u00e9ussir, la sobri\u00e9t\u00e9 \u00e9nerg\u00e9tique doit viser la solidarit\u00e9"},"content":{"rendered":"\n<p>Le contexte actuel de crise \u00e9nerg\u00e9tique met la sobri\u00e9t\u00e9 \u00e9nerg\u00e9tique au c\u0153ur des politiques belges et europ\u00e9ennes.<\/p>\n\n\n\n<p>Ce th\u00e8me est souvent difficile \u00e0 aborder en public car il est rapidement per\u00e7u comme une perte de confort et \u201cun retour \u00e0 la bougie\u201d.<\/p>\n\n\n\n<p>Or il s\u2019agit avant tout de r\u00e9duire les gaspillages \u00e9nerg\u00e9tiques et de ma\u00eetriser les factures.<\/p>\n\n\n\n<p>Une pr\u00e9occupation que les m\u00e9nages et acteurs locaux comprennent mieux aujourd\u2019hui.<\/p>\n\n\n\n<p>Mais pour r\u00e9ussir une mobilisation sur ce th\u00e8me, les notions de solidarit\u00e9 et de justice sociale sont centrales.<\/p>\n\n\n\n<h2 class=\"wp-block-heading\"><strong>Un appel \u00e0 la solidarit\u00e9<\/strong><\/h2>\n\n\n\n<p>En Belgique, la FEBEG &#8211; f\u00e9d\u00e9ration du gaz et de l\u2019\u00e9lectricit\u00e9 &#8211; lance ainsi <a href=\"https:\/\/www.febeg.be\/fr\/nieuwsbericht\/une-sobriete-energetique-solidaire-bonne-pour-le-budget-et-pour-le-climat\" target=\"_blank\" rel=\"noreferrer noopener\">un appel \u00e0 une sobri\u00e9t\u00e9 \u00e9nerg\u00e9tique solidaire<\/a> : \u201c<em>A eux-seuls, les efforts des m\u00e9nages ne p\u00e8seront jamais suffisamment dans la balance. Il faut organiser un effort solidaire de sobri\u00e9t\u00e9 \u00e9nerg\u00e9tique \u00e0 l\u2019\u00e9chelle nationale (et europ\u00e9enne), des m\u00e9nages et du secteur industriel et de l\u2019\u00e9nergie, du secteur tertiaire et du commerce, et aussi des pouvoirs publics (qui doivent accompagner et coordonner la man\u0153uvre).\u201d<\/em><\/p>\n\n\n\n<p>La hausse faramineuse des prix de toutes les \u00e9nergies repr\u00e9sente un choc \u00e9conomique sans pr\u00e9c\u00e9dent qui impacte le pouvoir d&rsquo;achat des m\u00e9nages et menace la viabilit\u00e9 des entreprises, en particulier celles intensives en \u00e9nergie.<\/p>\n\n\n\n<p>La FEBEG est bien consciente que l&rsquo;appel aux \u00e9conomies d&rsquo;\u00e9nergie est tr\u00e8s d\u00e9licat. <em>\u201cDe tr\u00e8s nombreuses familles ont du mal \u00e0 payer leurs factures et font d\u00e9j\u00e0 des compromis sur leur confort. Leur demandons-nous d&rsquo;\u00e9conomiser encore plus? de faire encore plus de compromis sur leur confort ? NON.<\/em><\/p>\n\n\n\n<p><em>C&rsquo;est un appel \u00e0 la solidarit\u00e9. Cette solidarit\u00e9 dans la sobri\u00e9t\u00e9 \u00e9nerg\u00e9tique est la mani\u00e8re la plus s\u00fbre de pr\u00e9server le revenu des citoyens et la continuit\u00e9 de nos entreprises et donc de notre \u00e9conomie. Cette crise est une crise de l\u2019offre sur le march\u00e9 du gaz. Nous devons donc imp\u00e9rativement ma\u00eetriser la demande d\u2019\u00e9lectricit\u00e9 et de gaz pour faire pression sur les prix.\u201d<\/em><\/p>\n\n\n\n<h2 class=\"wp-block-heading\"><strong>Une transition juste<\/strong><\/h2>\n\n\n\n<p>En France, l\u2019association professionnelle NegaWatt publie ses <a href=\"https:\/\/negawatt.org\/sobriete-propositions-chiffrees\" target=\"_blank\" rel=\"noreferrer noopener\">propositions pour r\u00e9duire d\u2019au moins 10 % nos consommations d\u2019\u00e9nergie d&rsquo;ici deux ans.<\/a><\/p>\n\n\n\n<p>NegaWatt accompagne depuis plus de 20 ans les acteurs de terrain (collectivit\u00e9s, entreprises, \u2026) pour mettre en \u0153uvre une sobri\u00e9t\u00e9 volontaire.<\/p>\n\n\n\n<p>Certes, les mesures chiffr\u00e9es concernent la France mais elles s\u2019av\u00e8rent \u00e9galement inspirantes pour la Belgique.<\/p>\n\n\n\n<p>En s\u2019appuyant sur les retours d\u2019exp\u00e9rience de ses membres, NegaWatt attire l\u2019attention des d\u00e9cideurs et des op\u00e9rateurs sur les enjeux cl\u00e9s \u00e0 anticiper dans leur mise en oeuvre.<\/p>\n\n\n\n<p>Mais l\u2019association insiste aussi sur la justice sociale et l\u2019accompagnement de l\u2019ensemble des m\u00e9nages et en particulier les m\u00e9nages les plus vuln\u00e9rables. Une politique de transition juste et une communication transparente facilite l\u2019adh\u00e9sion des citoyens.<\/p>\n\n\n\n<p>Les messages et les actions doivent \u00eatre coh\u00e9rents dans le d\u00e9bat public : <em>\u201cles gabegies visibles nuisent \u00e0 la mobilisation.\u201d<\/em><\/p>\n\n\n\n<p>De plus, les projets de taxation des surprofits des g\u00e9ants de l\u2019\u00e9nergie permettraient non seulement de r\u00e9cup\u00e9rer des recettes fiscales pour financer ces actions au b\u00e9n\u00e9fice de tous mais aussi de montrer une r\u00e9elle volont\u00e9 politique de justice sociale.<\/p>\n\n\n\n<h2 class=\"wp-block-heading\"><strong>B\u00e2timent et transports<\/strong><\/h2>\n\n\n\n<p>Les propositions de NegaWatt visent principalement le b\u00e2timent : celui-ci subit fortement les tensions d\u2019approvisionnement sur le gaz et l\u2019\u00e9lectricit\u00e9, et il pr\u00e9sente de multiples possibilit\u00e9s d\u2019actions \u00e0 tr\u00e8s court terme.<\/p>\n\n\n\n<p>S\u2019il n\u2019y a pas de risque identifi\u00e9 de p\u00e9nurie de p\u00e9trole pour cet hiver 2022-23, la hausse du prix \u00e0 la pompe invite \u00e0 \u00e9galement r\u00e9duire tr\u00e8s rapidement les consommations du secteur des transports.<\/p>\n\n\n\n<p>De mani\u00e8re g\u00e9n\u00e9rale, le r\u00f4le de pilotage et d\u2019orchestration des plans de sobri\u00e9t\u00e9 par l\u2019Etat est essentiel. Que ce soit sur la communication, la coordination des acteurs t\u00eates de pont, l\u2019incitation, la r\u00e9glementation, ou l\u2019accompagnement par la mise \u00e0 disposition d\u2019espaces de ressources au niveau national.<\/p>\n\n\n\n<h2 class=\"wp-block-heading\"><strong>Ventilation et covoiturage<\/strong><\/h2>\n\n\n\n<p>Voici quelques exemples de mesures de sobri\u00e9t\u00e9 \u00e9nerg\u00e9tique. Les chiffres valent pour la France mais donnent un ordre de grandeur.<\/p>\n\n\n\n<ul class=\"wp-block-list\">\n<li>Dans les b\u00e2timents tertiaires, le simple fait d\u2019arr\u00eater la ventilation dans les locaux le permettant pendant les p\u00e9riodes d\u2019inoccupation permet d\u2019\u00e9conomiser 18 TWh, soit 50 % des consommations d\u2019\u00e9nergie li\u00e9es \u00e0 cet \u00e9quipement.<br><\/li>\n\n\n\n<li>Dans les b\u00e2timents r\u00e9sidentiels, respecter la consigne de chauffage \u00e0 19\u00b0C permet d\u2019\u00e9conomiser 23,5 TWh, soit 13 % des consommations de chauffage. Couper les box TV et internet la nuit et lorsqu\u2019on quitte son logement permet d\u2019\u00e9conomiser plus de 3 TWh, soit 70 % des consommations li\u00e9es \u00e0 ces installations.<br><\/li>\n\n\n\n<li>Limiter \u00e0 110 km\/h la vitesse sur autoroute et 100 km\/h sur voie rapide permet d\u2019\u00e9conomiser 15 TWh, soit 20 % des consommations de carburant sur ces trajets. Favoriser le covoiturage gr\u00e2ce au d\u00e9ploiement par les collectivit\u00e9s de lignes d\u00e9di\u00e9es permet d\u2019\u00e9conomiser 30 % de carburant sur les trajets concern\u00e9s tout en facilitant l\u2019acc\u00e8s \u00e0 la mobilit\u00e9 au plus grand nombre.<br><\/li>\n\n\n\n<li>\u00c9teindre les \u00e9crans publicitaires entre 23h et 7h du matin permet d\u2019\u00e9conomiser le tiers de leur consommation.<\/li>\n<\/ul>\n\n\n\n<p>Plusieurs de ces mesures ont d\u00e9j\u00e0 \u00e9t\u00e9 test\u00e9es ou appliqu\u00e9es dans certains pays europ\u00e9ens.<\/p>\n\n\n\n<p>Mais le politique s\u2019av\u00e8re tr\u00e8s frileux si la mesure s\u2019av\u00e8re impopulaire, comme l\u2019id\u00e9e de r\u00e9duire la vitesse maximale sur autoroute. Par contre, d\u00e9ployer le covoiturage semble plus porteur.<\/p>\n\n\n\n<p>Dans un premier temps, les services publics, collectivit\u00e9s et entreprises sont en tout cas les mieux \u00e0 m\u00eame de montrer l\u2019exemple.<\/p>\n\n\n\n<p><a href=\"https:\/\/negawatt.org\/IMG\/pdf\/220927_sobriete-propositions-chiffrees-de-negawatt.pdf\" target=\"_blank\" rel=\"noreferrer noopener\">D\u00e9couvrez les 50 mesures d\u00e9taill\u00e9es<\/a><\/p>\n","protected":false},"excerpt":{"rendered":"<p>Le contexte actuel de crise \u00e9nerg\u00e9tique met la sobri\u00e9t\u00e9 \u00e9nerg\u00e9tique au c\u0153ur des politiques belges et europ\u00e9ennes. Ce th\u00e8me est souvent difficile \u00e0 aborder en public car il est rapidement per\u00e7u comme une perte de confort et \u201cun retour \u00e0 la bougie\u201d. Or il s\u2019agit avant tout de r\u00e9duire les gaspillages \u00e9nerg\u00e9tiques et de ma\u00eetriser les factures. Une pr\u00e9occupation que les m\u00e9nages et acteurs locaux comprennent mieux aujourd\u2019hui. Mais pour r\u00e9ussir une mobilisation sur ce th\u00e8me, les notions de solidarit\u00e9 et de justice sociale sont centrales. Un appel \u00e0 la solidarit\u00e9 En Belgique, la FEBEG &#8211; f\u00e9d\u00e9ration du gaz et de l\u2019\u00e9lectricit\u00e9 &#8211; lance ainsi un appel \u00e0 une sobri\u00e9t\u00e9 \u00e9nerg\u00e9tique solidaire : \u201cA eux-seuls, les efforts des m\u00e9nages ne p\u00e8seront jamais suffisamment dans la balance. Il faut organiser un effort solidaire de sobri\u00e9t\u00e9 \u00e9nerg\u00e9tique \u00e0 l\u2019\u00e9chelle nationale (et europ\u00e9enne), des m\u00e9nages et du secteur industriel et de l\u2019\u00e9nergie, du secteur tertiaire et du commerce, et aussi des pouvoirs publics (qui doivent accompagner et coordonner la man\u0153uvre).\u201d La hausse faramineuse des prix de toutes les \u00e9nergies repr\u00e9sente un choc \u00e9conomique sans pr\u00e9c\u00e9dent qui impacte le pouvoir d&rsquo;achat des m\u00e9nages et menace la viabilit\u00e9 des entreprises, en particulier celles intensives en \u00e9nergie. La FEBEG est bien consciente que l&rsquo;appel aux \u00e9conomies d&rsquo;\u00e9nergie est tr\u00e8s d\u00e9licat. \u201cDe tr\u00e8s nombreuses familles ont du mal \u00e0 payer leurs factures et font d\u00e9j\u00e0 des compromis sur leur confort. Leur demandons-nous d&rsquo;\u00e9conomiser encore plus? de faire encore plus de compromis sur leur confort ? NON. C&rsquo;est un appel \u00e0 la solidarit\u00e9. Cette solidarit\u00e9 dans la sobri\u00e9t\u00e9 \u00e9nerg\u00e9tique est la mani\u00e8re la plus s\u00fbre de pr\u00e9server le revenu des citoyens et la continuit\u00e9 de nos entreprises et donc de notre \u00e9conomie. Cette crise est une crise de &hellip; <a href=\"https:\/\/www.renouvelle.be\/fr\/pour-reussir-la-sobriete-energetique-doit-viser-la-solidarite\/\" class=\"more-link\">Continue reading<span class=\"screen-reader-text\"> \u00ab\u00a0Pour r\u00e9ussir, la sobri\u00e9t\u00e9 \u00e9nerg\u00e9tique doit viser la solidarit\u00e9\u00a0\u00bb<\/span><\/a><\/p>\n","protected":false},"author":41,"featured_media":0,"comment_status":"closed","ping_status":"closed","sticky":false,"template":"","format":"standard","meta":{"_acf_changed":false,"footnotes":""},"categories":[16],"tags":[],"section":[8],"class_list":["post-14135","post","type-post","status-publish","format-standard","hentry","category-actualite","section-energie-renouvelables"],"acf":[],"yoast_head":"<!-- This site is optimized with the Yoast SEO plugin v27.5 - https:\/\/yoast.com\/product\/yoast-seo-wordpress\/ -->\n<title>Pour r\u00e9ussir, la sobri\u00e9t\u00e9 \u00e9nerg\u00e9tique doit viser la solidarit\u00e9 - Renouvelle<\/title>\n<meta name=\"robots\" content=\"index, follow, max-snippet:-1, max-image-preview:large, max-video-preview:-1\" \/>\n<link rel=\"canonical\" href=\"https:\/\/www.renouvelle.be\/fr\/pour-reussir-la-sobriete-energetique-doit-viser-la-solidarite\/\" \/>\n<meta property=\"og:locale\" content=\"fr_FR\" \/>\n<meta property=\"og:type\" content=\"article\" \/>\n<meta property=\"og:title\" content=\"Pour r\u00e9ussir, la sobri\u00e9t\u00e9 \u00e9nerg\u00e9tique doit viser la solidarit\u00e9 - Renouvelle\" \/>\n<meta property=\"og:description\" content=\"Le contexte actuel de crise \u00e9nerg\u00e9tique met la sobri\u00e9t\u00e9 \u00e9nerg\u00e9tique au c\u0153ur des politiques belges et europ\u00e9ennes. Ce th\u00e8me est souvent difficile \u00e0 aborder en public car il est rapidement per\u00e7u comme une perte de confort et \u201cun retour \u00e0 la bougie\u201d. Or il s\u2019agit avant tout de r\u00e9duire les gaspillages \u00e9nerg\u00e9tiques et de ma\u00eetriser les factures. Une pr\u00e9occupation que les m\u00e9nages et acteurs locaux comprennent mieux aujourd\u2019hui. Mais pour r\u00e9ussir une mobilisation sur ce th\u00e8me, les notions de solidarit\u00e9 et de justice sociale sont centrales. Un appel \u00e0 la solidarit\u00e9 En Belgique, la FEBEG &#8211; f\u00e9d\u00e9ration du gaz et de l\u2019\u00e9lectricit\u00e9 &#8211; lance ainsi un appel \u00e0 une sobri\u00e9t\u00e9 \u00e9nerg\u00e9tique solidaire : \u201cA eux-seuls, les efforts des m\u00e9nages ne p\u00e8seront jamais suffisamment dans la balance. Il faut organiser un effort solidaire de sobri\u00e9t\u00e9 \u00e9nerg\u00e9tique \u00e0 l\u2019\u00e9chelle nationale (et europ\u00e9enne), des m\u00e9nages et du secteur industriel et de l\u2019\u00e9nergie, du secteur tertiaire et du commerce, et aussi des pouvoirs publics (qui doivent accompagner et coordonner la man\u0153uvre).\u201d La hausse faramineuse des prix de toutes les \u00e9nergies repr\u00e9sente un choc \u00e9conomique sans pr\u00e9c\u00e9dent qui impacte le pouvoir d&rsquo;achat des m\u00e9nages et menace la viabilit\u00e9 des entreprises, en particulier celles intensives en \u00e9nergie. La FEBEG est bien consciente que l&rsquo;appel aux \u00e9conomies d&rsquo;\u00e9nergie est tr\u00e8s d\u00e9licat. \u201cDe tr\u00e8s nombreuses familles ont du mal \u00e0 payer leurs factures et font d\u00e9j\u00e0 des compromis sur leur confort. Leur demandons-nous d&rsquo;\u00e9conomiser encore plus? de faire encore plus de compromis sur leur confort ? NON. C&rsquo;est un appel \u00e0 la solidarit\u00e9. Cette solidarit\u00e9 dans la sobri\u00e9t\u00e9 \u00e9nerg\u00e9tique est la mani\u00e8re la plus s\u00fbre de pr\u00e9server le revenu des citoyens et la continuit\u00e9 de nos entreprises et donc de notre \u00e9conomie. Cette crise est une crise de &hellip; Continue reading &quot;Pour r\u00e9ussir, la sobri\u00e9t\u00e9 \u00e9nerg\u00e9tique doit viser la solidarit\u00e9&quot;\" \/>\n<meta property=\"og:url\" content=\"https:\/\/www.renouvelle.be\/fr\/pour-reussir-la-sobriete-energetique-doit-viser-la-solidarite\/\" \/>\n<meta property=\"og:site_name\" content=\"Renouvelle\" \/>\n<meta property=\"article:published_time\" content=\"2022-11-22T09:49:03+00:00\" \/>\n<meta property=\"article:modified_time\" content=\"2024-11-21T09:40:02+00:00\" \/>\n<meta name=\"author\" content=\"Christophe Haveaux\" \/>\n<meta name=\"twitter:card\" content=\"summary_large_image\" \/>\n<script type=\"application\/ld+json\" class=\"yoast-schema-graph\">{\"@context\":\"https:\\\/\\\/schema.org\",\"@graph\":[{\"@type\":\"Article\",\"@id\":\"https:\\\/\\\/www.renouvelle.be\\\/fr\\\/pour-reussir-la-sobriete-energetique-doit-viser-la-solidarite\\\/#article\",\"isPartOf\":{\"@id\":\"https:\\\/\\\/www.renouvelle.be\\\/fr\\\/pour-reussir-la-sobriete-energetique-doit-viser-la-solidarite\\\/\"},\"author\":{\"name\":\"Christophe Haveaux\",\"@id\":\"https:\\\/\\\/www.renouvelle.be\\\/fr\\\/#\\\/schema\\\/person\\\/1908bea929e39df17070615d8ebfeeaf\"},\"headline\":\"Pour r\u00e9ussir, la sobri\u00e9t\u00e9 \u00e9nerg\u00e9tique doit viser la solidarit\u00e9\",\"datePublished\":\"2022-11-22T09:49:03+00:00\",\"dateModified\":\"2024-11-21T09:40:02+00:00\",\"mainEntityOfPage\":{\"@id\":\"https:\\\/\\\/www.renouvelle.be\\\/fr\\\/pour-reussir-la-sobriete-energetique-doit-viser-la-solidarite\\\/\"},\"wordCount\":988,\"articleSection\":[\"Actualit\u00e9\"],\"inLanguage\":\"fr-FR\"},{\"@type\":\"WebPage\",\"@id\":\"https:\\\/\\\/www.renouvelle.be\\\/fr\\\/pour-reussir-la-sobriete-energetique-doit-viser-la-solidarite\\\/\",\"url\":\"https:\\\/\\\/www.renouvelle.be\\\/fr\\\/pour-reussir-la-sobriete-energetique-doit-viser-la-solidarite\\\/\",\"name\":\"Pour r\u00e9ussir, la sobri\u00e9t\u00e9 \u00e9nerg\u00e9tique doit viser la solidarit\u00e9 - Renouvelle\",\"isPartOf\":{\"@id\":\"https:\\\/\\\/www.renouvelle.be\\\/fr\\\/#website\"},\"datePublished\":\"2022-11-22T09:49:03+00:00\",\"dateModified\":\"2024-11-21T09:40:02+00:00\",\"author\":{\"@id\":\"https:\\\/\\\/www.renouvelle.be\\\/fr\\\/#\\\/schema\\\/person\\\/1908bea929e39df17070615d8ebfeeaf\"},\"breadcrumb\":{\"@id\":\"https:\\\/\\\/www.renouvelle.be\\\/fr\\\/pour-reussir-la-sobriete-energetique-doit-viser-la-solidarite\\\/#breadcrumb\"},\"inLanguage\":\"fr-FR\",\"potentialAction\":[{\"@type\":\"ReadAction\",\"target\":[\"https:\\\/\\\/www.renouvelle.be\\\/fr\\\/pour-reussir-la-sobriete-energetique-doit-viser-la-solidarite\\\/\"]}]},{\"@type\":\"BreadcrumbList\",\"@id\":\"https:\\\/\\\/www.renouvelle.be\\\/fr\\\/pour-reussir-la-sobriete-energetique-doit-viser-la-solidarite\\\/#breadcrumb\",\"itemListElement\":[{\"@type\":\"ListItem\",\"position\":1,\"name\":\"Accueil\",\"item\":\"https:\\\/\\\/www.renouvelle.be\\\/fr\\\/\"},{\"@type\":\"ListItem\",\"position\":2,\"name\":\"Pour r\u00e9ussir, la sobri\u00e9t\u00e9 \u00e9nerg\u00e9tique doit viser la solidarit\u00e9\"}]},{\"@type\":\"WebSite\",\"@id\":\"https:\\\/\\\/www.renouvelle.be\\\/fr\\\/#website\",\"url\":\"https:\\\/\\\/www.renouvelle.be\\\/fr\\\/\",\"name\":\"Renouvelle\",\"description\":\"L&#039;actualit\u00e9 de l&#039;\u00e9nergie durable\",\"potentialAction\":[{\"@type\":\"SearchAction\",\"target\":{\"@type\":\"EntryPoint\",\"urlTemplate\":\"https:\\\/\\\/www.renouvelle.be\\\/fr\\\/?s={search_term_string}\"},\"query-input\":{\"@type\":\"PropertyValueSpecification\",\"valueRequired\":true,\"valueName\":\"search_term_string\"}}],\"inLanguage\":\"fr-FR\"},{\"@type\":\"Person\",\"@id\":\"https:\\\/\\\/www.renouvelle.be\\\/fr\\\/#\\\/schema\\\/person\\\/1908bea929e39df17070615d8ebfeeaf\",\"name\":\"Christophe Haveaux\",\"url\":\"https:\\\/\\\/www.renouvelle.be\\\/fr\\\/author\\\/christophe-haveaux\\\/\"}]}<\/script>\n<!-- \/ Yoast SEO plugin. -->","yoast_head_json":{"title":"Pour r\u00e9ussir, la sobri\u00e9t\u00e9 \u00e9nerg\u00e9tique doit viser la solidarit\u00e9 - Renouvelle","robots":{"index":"index","follow":"follow","max-snippet":"max-snippet:-1","max-image-preview":"max-image-preview:large","max-video-preview":"max-video-preview:-1"},"canonical":"https:\/\/www.renouvelle.be\/fr\/pour-reussir-la-sobriete-energetique-doit-viser-la-solidarite\/","og_locale":"fr_FR","og_type":"article","og_title":"Pour r\u00e9ussir, la sobri\u00e9t\u00e9 \u00e9nerg\u00e9tique doit viser la solidarit\u00e9 - Renouvelle","og_description":"Le contexte actuel de crise \u00e9nerg\u00e9tique met la sobri\u00e9t\u00e9 \u00e9nerg\u00e9tique au c\u0153ur des politiques belges et europ\u00e9ennes. Ce th\u00e8me est souvent difficile \u00e0 aborder en public car il est rapidement per\u00e7u comme une perte de confort et \u201cun retour \u00e0 la bougie\u201d. Or il s\u2019agit avant tout de r\u00e9duire les gaspillages \u00e9nerg\u00e9tiques et de ma\u00eetriser les factures. Une pr\u00e9occupation que les m\u00e9nages et acteurs locaux comprennent mieux aujourd\u2019hui. Mais pour r\u00e9ussir une mobilisation sur ce th\u00e8me, les notions de solidarit\u00e9 et de justice sociale sont centrales. Un appel \u00e0 la solidarit\u00e9 En Belgique, la FEBEG &#8211; f\u00e9d\u00e9ration du gaz et de l\u2019\u00e9lectricit\u00e9 &#8211; lance ainsi un appel \u00e0 une sobri\u00e9t\u00e9 \u00e9nerg\u00e9tique solidaire : \u201cA eux-seuls, les efforts des m\u00e9nages ne p\u00e8seront jamais suffisamment dans la balance. Il faut organiser un effort solidaire de sobri\u00e9t\u00e9 \u00e9nerg\u00e9tique \u00e0 l\u2019\u00e9chelle nationale (et europ\u00e9enne), des m\u00e9nages et du secteur industriel et de l\u2019\u00e9nergie, du secteur tertiaire et du commerce, et aussi des pouvoirs publics (qui doivent accompagner et coordonner la man\u0153uvre).\u201d La hausse faramineuse des prix de toutes les \u00e9nergies repr\u00e9sente un choc \u00e9conomique sans pr\u00e9c\u00e9dent qui impacte le pouvoir d&rsquo;achat des m\u00e9nages et menace la viabilit\u00e9 des entreprises, en particulier celles intensives en \u00e9nergie. La FEBEG est bien consciente que l&rsquo;appel aux \u00e9conomies d&rsquo;\u00e9nergie est tr\u00e8s d\u00e9licat. \u201cDe tr\u00e8s nombreuses familles ont du mal \u00e0 payer leurs factures et font d\u00e9j\u00e0 des compromis sur leur confort. Leur demandons-nous d&rsquo;\u00e9conomiser encore plus? de faire encore plus de compromis sur leur confort ? NON. C&rsquo;est un appel \u00e0 la solidarit\u00e9. Cette solidarit\u00e9 dans la sobri\u00e9t\u00e9 \u00e9nerg\u00e9tique est la mani\u00e8re la plus s\u00fbre de pr\u00e9server le revenu des citoyens et la continuit\u00e9 de nos entreprises et donc de notre \u00e9conomie. Cette crise est une crise de &hellip; Continue reading \"Pour r\u00e9ussir, la sobri\u00e9t\u00e9 \u00e9nerg\u00e9tique doit viser la solidarit\u00e9\"","og_url":"https:\/\/www.renouvelle.be\/fr\/pour-reussir-la-sobriete-energetique-doit-viser-la-solidarite\/","og_site_name":"Renouvelle","article_published_time":"2022-11-22T09:49:03+00:00","article_modified_time":"2024-11-21T09:40:02+00:00","author":"Christophe Haveaux","twitter_card":"summary_large_image","schema":{"@context":"https:\/\/schema.org","@graph":[{"@type":"Article","@id":"https:\/\/www.renouvelle.be\/fr\/pour-reussir-la-sobriete-energetique-doit-viser-la-solidarite\/#article","isPartOf":{"@id":"https:\/\/www.renouvelle.be\/fr\/pour-reussir-la-sobriete-energetique-doit-viser-la-solidarite\/"},"author":{"name":"Christophe Haveaux","@id":"https:\/\/www.renouvelle.be\/fr\/#\/schema\/person\/1908bea929e39df17070615d8ebfeeaf"},"headline":"Pour r\u00e9ussir, la sobri\u00e9t\u00e9 \u00e9nerg\u00e9tique doit viser la solidarit\u00e9","datePublished":"2022-11-22T09:49:03+00:00","dateModified":"2024-11-21T09:40:02+00:00","mainEntityOfPage":{"@id":"https:\/\/www.renouvelle.be\/fr\/pour-reussir-la-sobriete-energetique-doit-viser-la-solidarite\/"},"wordCount":988,"articleSection":["Actualit\u00e9"],"inLanguage":"fr-FR"},{"@type":"WebPage","@id":"https:\/\/www.renouvelle.be\/fr\/pour-reussir-la-sobriete-energetique-doit-viser-la-solidarite\/","url":"https:\/\/www.renouvelle.be\/fr\/pour-reussir-la-sobriete-energetique-doit-viser-la-solidarite\/","name":"Pour r\u00e9ussir, la sobri\u00e9t\u00e9 \u00e9nerg\u00e9tique doit viser la solidarit\u00e9 - Renouvelle","isPartOf":{"@id":"https:\/\/www.renouvelle.be\/fr\/#website"},"datePublished":"2022-11-22T09:49:03+00:00","dateModified":"2024-11-21T09:40:02+00:00","author":{"@id":"https:\/\/www.renouvelle.be\/fr\/#\/schema\/person\/1908bea929e39df17070615d8ebfeeaf"},"breadcrumb":{"@id":"https:\/\/www.renouvelle.be\/fr\/pour-reussir-la-sobriete-energetique-doit-viser-la-solidarite\/#breadcrumb"},"inLanguage":"fr-FR","potentialAction":[{"@type":"ReadAction","target":["https:\/\/www.renouvelle.be\/fr\/pour-reussir-la-sobriete-energetique-doit-viser-la-solidarite\/"]}]},{"@type":"BreadcrumbList","@id":"https:\/\/www.renouvelle.be\/fr\/pour-reussir-la-sobriete-energetique-doit-viser-la-solidarite\/#breadcrumb","itemListElement":[{"@type":"ListItem","position":1,"name":"Accueil","item":"https:\/\/www.renouvelle.be\/fr\/"},{"@type":"ListItem","position":2,"name":"Pour r\u00e9ussir, la sobri\u00e9t\u00e9 \u00e9nerg\u00e9tique doit viser la solidarit\u00e9"}]},{"@type":"WebSite","@id":"https:\/\/www.renouvelle.be\/fr\/#website","url":"https:\/\/www.renouvelle.be\/fr\/","name":"Renouvelle","description":"L&#039;actualit\u00e9 de l&#039;\u00e9nergie durable","potentialAction":[{"@type":"SearchAction","target":{"@type":"EntryPoint","urlTemplate":"https:\/\/www.renouvelle.be\/fr\/?s={search_term_string}"},"query-input":{"@type":"PropertyValueSpecification","valueRequired":true,"valueName":"search_term_string"}}],"inLanguage":"fr-FR"},{"@type":"Person","@id":"https:\/\/www.renouvelle.be\/fr\/#\/schema\/person\/1908bea929e39df17070615d8ebfeeaf","name":"Christophe Haveaux","url":"https:\/\/www.renouvelle.be\/fr\/author\/christophe-haveaux\/"}]}},"_links":{"self":[{"href":"https:\/\/www.renouvelle.be\/fr\/wp-json\/wp\/v2\/posts\/14135","targetHints":{"allow":["GET"]}}],"collection":[{"href":"https:\/\/www.renouvelle.be\/fr\/wp-json\/wp\/v2\/posts"}],"about":[{"href":"https:\/\/www.renouvelle.be\/fr\/wp-json\/wp\/v2\/types\/post"}],"author":[{"embeddable":true,"href":"https:\/\/www.renouvelle.be\/fr\/wp-json\/wp\/v2\/users\/41"}],"replies":[{"embeddable":true,"href":"https:\/\/www.renouvelle.be\/fr\/wp-json\/wp\/v2\/comments?post=14135"}],"version-history":[{"count":1,"href":"https:\/\/www.renouvelle.be\/fr\/wp-json\/wp\/v2\/posts\/14135\/revisions"}],"predecessor-version":[{"id":14136,"href":"https:\/\/www.renouvelle.be\/fr\/wp-json\/wp\/v2\/posts\/14135\/revisions\/14136"}],"wp:attachment":[{"href":"https:\/\/www.renouvelle.be\/fr\/wp-json\/wp\/v2\/media?parent=14135"}],"wp:term":[{"taxonomy":"category","embeddable":true,"href":"https:\/\/www.renouvelle.be\/fr\/wp-json\/wp\/v2\/categories?post=14135"},{"taxonomy":"post_tag","embeddable":true,"href":"https:\/\/www.renouvelle.be\/fr\/wp-json\/wp\/v2\/tags?post=14135"},{"taxonomy":"section","embeddable":true,"href":"https:\/\/www.renouvelle.be\/fr\/wp-json\/wp\/v2\/section?post=14135"}],"curies":[{"name":"wp","href":"https:\/\/api.w.org\/{rel}","templated":true}]}}