{"id":14117,"date":"2024-11-19T12:44:57","date_gmt":"2024-11-19T11:44:57","guid":{"rendered":"https:\/\/www.renouvelle.be\/?p=14117"},"modified":"2024-11-19T12:45:17","modified_gmt":"2024-11-19T11:45:17","slug":"2-tw-de-capacite-solaire-installee-dans-le-monde","status":"publish","type":"post","link":"https:\/\/www.renouvelle.be\/fr\/2-tw-de-capacite-solaire-installee-dans-le-monde\/","title":{"rendered":"2 TW de capacit\u00e9 solaire install\u00e9e dans le monde"},"content":{"rendered":"\n<p>Le premier t\u00e9rawatt avait \u00e9t\u00e9 atteint en 2022, 68 ans apr\u00e8s la cr\u00e9ation du tout premier v\u00e9ritable panneau solaire en 1954. C\u2019est donc une acc\u00e9l\u00e9ration spectaculaire \u00e0 laquelle on assiste, puisqu\u2019il n\u2019a fallu que deux ans pour ajouter un t\u00e9rawatt \u00e0 la capacit\u00e9 mondiale.<\/p>\n\n\n\n<p>Les pr\u00e9visions de l\u2019<a href=\"https:\/\/www.renouvelle.be\/fr\/capacite-renouvelable-mondiale-pas-loin-dun-triplement-dici-2030\/\" target=\"_blank\" rel=\"noreferrer noopener\">AIE l\u2019annon\u00e7aient d\u00e9j\u00e0<\/a> : une grosse part de la transition \u00e9nerg\u00e9tique reviendra au d\u00e9veloppement exponentiel de l\u2019\u00e9nergie solaire. Celle-ci devrait repr\u00e9senter 80 % de la nouvelle capacit\u00e9 renouvelable mondiale d\u2019ici 2030. Cette capacit\u00e9 de 2 TW \u00e9quivaut aux besoins d\u2019environ 1 milliard de m\u00e9nages, en se basant sur une consommation moyenne de 3 500 kWh annuels et d\u2019un facteur de capacit\u00e9 de 20 %.<\/p>\n\n\n\n<p>Selon Sonia Dunlop, PDG du <a href=\"https:\/\/www.globalsolarcouncil.org\/\" target=\"_blank\" rel=\"noreferrer noopener\">Global Solar Council<\/a>, il ne faut pas se reposer sur ses lauriers et continuer de doubler, par an, la capacit\u00e9 solaire install\u00e9e dans le monde si on veut pouvoir atteindre l\u2019objectif d\u2019un triplement des \u00e9nergies renouvelables d\u2019ici la fin de la d\u00e9cennie. C\u2019est plus pr\u00e9cis\u00e9ment 1 TW qu\u2019il faudrait ajouter par an pour atteindre l\u2019objectif de 8 TW de capacit\u00e9 solaire d\u2019ici 2030.<\/p>\n\n\n\n<p>Cela ne pourra se faire sans les pays du Sud global, qu\u2019il faudra soutenir \u00e0 travers des financements et des r\u00e9ductions du co\u00fbt de capital qui, toujours selon Sonia Dunlop, devrait passer de 15 % \u00e0 5 %. Mais ce n\u2019est pas tout, puisque pour soutenir le d\u00e9ploiement de l\u2019\u00e9nergie solaire, il sera \u00e9galement n\u00e9cessaire d\u2019augmenter la capacit\u00e9 mondiale de stockage jusqu\u2019\u00e0 1,5 TW. Bien s\u00fbr, pour absorber toute cette \u00e9nergie, un investissement dans les r\u00e9seaux \u00e9lectriques et leurs infrastructures deviendra essentiel. Le Global Solar Council parle ainsi d\u2019un r\u00e9seau de 25 millions de km.<\/p>\n\n\n\n<p>Le groupe pr\u00e9sent \u00e0 la COP29 ambitionne de mettre en relation les diff\u00e9rents acteurs afin de trouver des solutions financi\u00e8res et d\u2019utiliser les financements de fa\u00e7on plus cibl\u00e9e et pertinente.<\/p>\n","protected":false},"excerpt":{"rendered":"<p>Le premier t\u00e9rawatt avait \u00e9t\u00e9 atteint en 2022, 68 ans apr\u00e8s la cr\u00e9ation du tout premier v\u00e9ritable panneau solaire en 1954. C\u2019est donc une acc\u00e9l\u00e9ration spectaculaire \u00e0 laquelle on assiste, puisqu\u2019il n\u2019a fallu que deux ans pour ajouter un t\u00e9rawatt \u00e0 la capacit\u00e9 mondiale. Les pr\u00e9visions de l\u2019AIE l\u2019annon\u00e7aient d\u00e9j\u00e0 : une grosse part de la transition \u00e9nerg\u00e9tique reviendra au d\u00e9veloppement exponentiel de l\u2019\u00e9nergie solaire. Celle-ci devrait repr\u00e9senter 80 % de la nouvelle capacit\u00e9 renouvelable mondiale d\u2019ici 2030. Cette capacit\u00e9 de 2 TW \u00e9quivaut aux besoins d\u2019environ 1 milliard de m\u00e9nages, en se basant sur une consommation moyenne de 3 500 kWh annuels et d\u2019un facteur de capacit\u00e9 de 20 %. Selon Sonia Dunlop, PDG du Global Solar Council, il ne faut pas se reposer sur ses lauriers et continuer de doubler, par an, la capacit\u00e9 solaire install\u00e9e dans le monde si on veut pouvoir atteindre l\u2019objectif d\u2019un triplement des \u00e9nergies renouvelables d\u2019ici la fin de la d\u00e9cennie. C\u2019est plus pr\u00e9cis\u00e9ment 1 TW qu\u2019il faudrait ajouter par an pour atteindre l\u2019objectif de 8 TW de capacit\u00e9 solaire d\u2019ici 2030. Cela ne pourra se faire sans les pays du Sud global, qu\u2019il faudra soutenir \u00e0 travers des financements et des r\u00e9ductions du co\u00fbt de capital qui, toujours selon Sonia Dunlop, devrait passer de 15 % \u00e0 5 %. Mais ce n\u2019est pas tout, puisque pour soutenir le d\u00e9ploiement de l\u2019\u00e9nergie solaire, il sera \u00e9galement n\u00e9cessaire d\u2019augmenter la capacit\u00e9 mondiale de stockage jusqu\u2019\u00e0 1,5 TW. Bien s\u00fbr, pour absorber toute cette \u00e9nergie, un investissement dans les r\u00e9seaux \u00e9lectriques et leurs infrastructures deviendra essentiel. Le Global Solar Council parle ainsi d\u2019un r\u00e9seau de 25 millions de km. Le groupe pr\u00e9sent \u00e0 la COP29 ambitionne de mettre en relation les diff\u00e9rents acteurs afin de &hellip; <a href=\"https:\/\/www.renouvelle.be\/fr\/2-tw-de-capacite-solaire-installee-dans-le-monde\/\" class=\"more-link\">Continue reading<span class=\"screen-reader-text\"> \u00ab\u00a02 TW de capacit\u00e9 solaire install\u00e9e dans le monde\u00a0\u00bb<\/span><\/a><\/p>\n","protected":false},"author":38,"featured_media":14119,"comment_status":"closed","ping_status":"closed","sticky":false,"template":"","format":"standard","meta":{"_acf_changed":false,"footnotes":""},"categories":[16,18],"tags":[],"section":[13],"class_list":["post-14117","post","type-post","status-publish","format-standard","has-post-thumbnail","hentry","category-actualite","category-actualite-internationale","section-solaire"],"acf":[],"yoast_head":"<!-- This site is optimized with the Yoast SEO plugin v27.4 - https:\/\/yoast.com\/product\/yoast-seo-wordpress\/ -->\n<title>2 TW de capacit\u00e9 solaire install\u00e9e dans le monde - Renouvelle<\/title>\n<meta name=\"description\" content=\"La capacit\u00e9 solaire install\u00e9e dans le monde a atteint 2 TW, soit un de plus en \u00e0 peine deux ans. Une bonne nouvelle pour le photovolta\u00efque.\" \/>\n<meta name=\"robots\" content=\"index, follow, max-snippet:-1, max-image-preview:large, max-video-preview:-1\" \/>\n<link rel=\"canonical\" href=\"https:\/\/www.renouvelle.be\/fr\/2-tw-de-capacite-solaire-installee-dans-le-monde\/\" \/>\n<meta property=\"og:locale\" content=\"fr_FR\" \/>\n<meta property=\"og:type\" content=\"article\" \/>\n<meta property=\"og:title\" content=\"2 TW de capacit\u00e9 solaire install\u00e9e dans le monde - Renouvelle\" \/>\n<meta property=\"og:description\" content=\"La capacit\u00e9 solaire install\u00e9e dans le monde a atteint 2 TW, soit un de plus en \u00e0 peine deux ans. Une bonne nouvelle pour le photovolta\u00efque.\" \/>\n<meta property=\"og:url\" content=\"https:\/\/www.renouvelle.be\/fr\/2-tw-de-capacite-solaire-installee-dans-le-monde\/\" \/>\n<meta property=\"og:site_name\" content=\"Renouvelle\" \/>\n<meta property=\"article:published_time\" content=\"2024-11-19T11:44:57+00:00\" \/>\n<meta property=\"article:modified_time\" content=\"2024-11-19T11:45:17+00:00\" \/>\n<meta property=\"og:image\" content=\"https:\/\/www.renouvelle.be\/wp-content\/uploads\/2024\/11\/pexels-gustavo-fring-4254171-scaled-e1731924583817.jpg\" \/>\n\t<meta property=\"og:image:width\" content=\"2560\" \/>\n\t<meta property=\"og:image:height\" content=\"1566\" \/>\n\t<meta property=\"og:image:type\" content=\"image\/jpeg\" \/>\n<meta name=\"author\" content=\"Samuel Alves\" \/>\n<meta name=\"twitter:card\" content=\"summary_large_image\" \/>\n<script type=\"application\/ld+json\" class=\"yoast-schema-graph\">{\"@context\":\"https:\\\/\\\/schema.org\",\"@graph\":[{\"@type\":\"Article\",\"@id\":\"https:\\\/\\\/www.renouvelle.be\\\/fr\\\/2-tw-de-capacite-solaire-installee-dans-le-monde\\\/#article\",\"isPartOf\":{\"@id\":\"https:\\\/\\\/www.renouvelle.be\\\/fr\\\/2-tw-de-capacite-solaire-installee-dans-le-monde\\\/\"},\"author\":{\"name\":\"Samuel Alves\",\"@id\":\"https:\\\/\\\/www.renouvelle.be\\\/fr\\\/#\\\/schema\\\/person\\\/9d743366fb269eeceaa8d60e98d289d3\"},\"headline\":\"2 TW de capacit\u00e9 solaire install\u00e9e dans le monde\",\"datePublished\":\"2024-11-19T11:44:57+00:00\",\"dateModified\":\"2024-11-19T11:45:17+00:00\",\"mainEntityOfPage\":{\"@id\":\"https:\\\/\\\/www.renouvelle.be\\\/fr\\\/2-tw-de-capacite-solaire-installee-dans-le-monde\\\/\"},\"wordCount\":338,\"image\":{\"@id\":\"https:\\\/\\\/www.renouvelle.be\\\/fr\\\/2-tw-de-capacite-solaire-installee-dans-le-monde\\\/#primaryimage\"},\"thumbnailUrl\":\"https:\\\/\\\/www.renouvelle.be\\\/wp-content\\\/uploads\\\/2024\\\/11\\\/pexels-gustavo-fring-4254171-scaled-e1731924583817.jpg\",\"articleSection\":[\"Actualit\u00e9\",\"Actualit\u00e9 internationale\"],\"inLanguage\":\"fr-FR\"},{\"@type\":\"WebPage\",\"@id\":\"https:\\\/\\\/www.renouvelle.be\\\/fr\\\/2-tw-de-capacite-solaire-installee-dans-le-monde\\\/\",\"url\":\"https:\\\/\\\/www.renouvelle.be\\\/fr\\\/2-tw-de-capacite-solaire-installee-dans-le-monde\\\/\",\"name\":\"2 TW de capacit\u00e9 solaire install\u00e9e dans le monde - Renouvelle\",\"isPartOf\":{\"@id\":\"https:\\\/\\\/www.renouvelle.be\\\/fr\\\/#website\"},\"primaryImageOfPage\":{\"@id\":\"https:\\\/\\\/www.renouvelle.be\\\/fr\\\/2-tw-de-capacite-solaire-installee-dans-le-monde\\\/#primaryimage\"},\"image\":{\"@id\":\"https:\\\/\\\/www.renouvelle.be\\\/fr\\\/2-tw-de-capacite-solaire-installee-dans-le-monde\\\/#primaryimage\"},\"thumbnailUrl\":\"https:\\\/\\\/www.renouvelle.be\\\/wp-content\\\/uploads\\\/2024\\\/11\\\/pexels-gustavo-fring-4254171-scaled-e1731924583817.jpg\",\"datePublished\":\"2024-11-19T11:44:57+00:00\",\"dateModified\":\"2024-11-19T11:45:17+00:00\",\"author\":{\"@id\":\"https:\\\/\\\/www.renouvelle.be\\\/fr\\\/#\\\/schema\\\/person\\\/9d743366fb269eeceaa8d60e98d289d3\"},\"description\":\"La capacit\u00e9 solaire install\u00e9e dans le monde a atteint 2 TW, soit un de plus en \u00e0 peine deux ans. Une bonne nouvelle pour le photovolta\u00efque.\",\"breadcrumb\":{\"@id\":\"https:\\\/\\\/www.renouvelle.be\\\/fr\\\/2-tw-de-capacite-solaire-installee-dans-le-monde\\\/#breadcrumb\"},\"inLanguage\":\"fr-FR\",\"potentialAction\":[{\"@type\":\"ReadAction\",\"target\":[\"https:\\\/\\\/www.renouvelle.be\\\/fr\\\/2-tw-de-capacite-solaire-installee-dans-le-monde\\\/\"]}]},{\"@type\":\"ImageObject\",\"inLanguage\":\"fr-FR\",\"@id\":\"https:\\\/\\\/www.renouvelle.be\\\/fr\\\/2-tw-de-capacite-solaire-installee-dans-le-monde\\\/#primaryimage\",\"url\":\"https:\\\/\\\/www.renouvelle.be\\\/wp-content\\\/uploads\\\/2024\\\/11\\\/pexels-gustavo-fring-4254171-scaled-e1731924583817.jpg\",\"contentUrl\":\"https:\\\/\\\/www.renouvelle.be\\\/wp-content\\\/uploads\\\/2024\\\/11\\\/pexels-gustavo-fring-4254171-scaled-e1731924583817.jpg\",\"width\":2560,\"height\":1566,\"caption\":\"2 TW capacit\u00e9 solaire\"},{\"@type\":\"BreadcrumbList\",\"@id\":\"https:\\\/\\\/www.renouvelle.be\\\/fr\\\/2-tw-de-capacite-solaire-installee-dans-le-monde\\\/#breadcrumb\",\"itemListElement\":[{\"@type\":\"ListItem\",\"position\":1,\"name\":\"Accueil\",\"item\":\"https:\\\/\\\/www.renouvelle.be\\\/fr\\\/\"},{\"@type\":\"ListItem\",\"position\":2,\"name\":\"2 TW de capacit\u00e9 solaire install\u00e9e dans le monde\"}]},{\"@type\":\"WebSite\",\"@id\":\"https:\\\/\\\/www.renouvelle.be\\\/fr\\\/#website\",\"url\":\"https:\\\/\\\/www.renouvelle.be\\\/fr\\\/\",\"name\":\"Renouvelle\",\"description\":\"L&#039;actualit\u00e9 de l&#039;\u00e9nergie durable\",\"potentialAction\":[{\"@type\":\"SearchAction\",\"target\":{\"@type\":\"EntryPoint\",\"urlTemplate\":\"https:\\\/\\\/www.renouvelle.be\\\/fr\\\/?s={search_term_string}\"},\"query-input\":{\"@type\":\"PropertyValueSpecification\",\"valueRequired\":true,\"valueName\":\"search_term_string\"}}],\"inLanguage\":\"fr-FR\"},{\"@type\":\"Person\",\"@id\":\"https:\\\/\\\/www.renouvelle.be\\\/fr\\\/#\\\/schema\\\/person\\\/9d743366fb269eeceaa8d60e98d289d3\",\"name\":\"Samuel Alves\",\"url\":\"https:\\\/\\\/www.renouvelle.be\\\/fr\\\/author\\\/salves\\\/\"}]}<\/script>\n<!-- \/ Yoast SEO plugin. -->","yoast_head_json":{"title":"2 TW de capacit\u00e9 solaire install\u00e9e dans le monde - Renouvelle","description":"La capacit\u00e9 solaire install\u00e9e dans le monde a atteint 2 TW, soit un de plus en \u00e0 peine deux ans. Une bonne nouvelle pour le photovolta\u00efque.","robots":{"index":"index","follow":"follow","max-snippet":"max-snippet:-1","max-image-preview":"max-image-preview:large","max-video-preview":"max-video-preview:-1"},"canonical":"https:\/\/www.renouvelle.be\/fr\/2-tw-de-capacite-solaire-installee-dans-le-monde\/","og_locale":"fr_FR","og_type":"article","og_title":"2 TW de capacit\u00e9 solaire install\u00e9e dans le monde - Renouvelle","og_description":"La capacit\u00e9 solaire install\u00e9e dans le monde a atteint 2 TW, soit un de plus en \u00e0 peine deux ans. Une bonne nouvelle pour le photovolta\u00efque.","og_url":"https:\/\/www.renouvelle.be\/fr\/2-tw-de-capacite-solaire-installee-dans-le-monde\/","og_site_name":"Renouvelle","article_published_time":"2024-11-19T11:44:57+00:00","article_modified_time":"2024-11-19T11:45:17+00:00","og_image":[{"width":2560,"height":1566,"url":"https:\/\/www.renouvelle.be\/wp-content\/uploads\/2024\/11\/pexels-gustavo-fring-4254171-scaled-e1731924583817.jpg","type":"image\/jpeg"}],"author":"Samuel Alves","twitter_card":"summary_large_image","schema":{"@context":"https:\/\/schema.org","@graph":[{"@type":"Article","@id":"https:\/\/www.renouvelle.be\/fr\/2-tw-de-capacite-solaire-installee-dans-le-monde\/#article","isPartOf":{"@id":"https:\/\/www.renouvelle.be\/fr\/2-tw-de-capacite-solaire-installee-dans-le-monde\/"},"author":{"name":"Samuel Alves","@id":"https:\/\/www.renouvelle.be\/fr\/#\/schema\/person\/9d743366fb269eeceaa8d60e98d289d3"},"headline":"2 TW de capacit\u00e9 solaire install\u00e9e dans le monde","datePublished":"2024-11-19T11:44:57+00:00","dateModified":"2024-11-19T11:45:17+00:00","mainEntityOfPage":{"@id":"https:\/\/www.renouvelle.be\/fr\/2-tw-de-capacite-solaire-installee-dans-le-monde\/"},"wordCount":338,"image":{"@id":"https:\/\/www.renouvelle.be\/fr\/2-tw-de-capacite-solaire-installee-dans-le-monde\/#primaryimage"},"thumbnailUrl":"https:\/\/www.renouvelle.be\/wp-content\/uploads\/2024\/11\/pexels-gustavo-fring-4254171-scaled-e1731924583817.jpg","articleSection":["Actualit\u00e9","Actualit\u00e9 internationale"],"inLanguage":"fr-FR"},{"@type":"WebPage","@id":"https:\/\/www.renouvelle.be\/fr\/2-tw-de-capacite-solaire-installee-dans-le-monde\/","url":"https:\/\/www.renouvelle.be\/fr\/2-tw-de-capacite-solaire-installee-dans-le-monde\/","name":"2 TW de capacit\u00e9 solaire install\u00e9e dans le monde - Renouvelle","isPartOf":{"@id":"https:\/\/www.renouvelle.be\/fr\/#website"},"primaryImageOfPage":{"@id":"https:\/\/www.renouvelle.be\/fr\/2-tw-de-capacite-solaire-installee-dans-le-monde\/#primaryimage"},"image":{"@id":"https:\/\/www.renouvelle.be\/fr\/2-tw-de-capacite-solaire-installee-dans-le-monde\/#primaryimage"},"thumbnailUrl":"https:\/\/www.renouvelle.be\/wp-content\/uploads\/2024\/11\/pexels-gustavo-fring-4254171-scaled-e1731924583817.jpg","datePublished":"2024-11-19T11:44:57+00:00","dateModified":"2024-11-19T11:45:17+00:00","author":{"@id":"https:\/\/www.renouvelle.be\/fr\/#\/schema\/person\/9d743366fb269eeceaa8d60e98d289d3"},"description":"La capacit\u00e9 solaire install\u00e9e dans le monde a atteint 2 TW, soit un de plus en \u00e0 peine deux ans. Une bonne nouvelle pour le photovolta\u00efque.","breadcrumb":{"@id":"https:\/\/www.renouvelle.be\/fr\/2-tw-de-capacite-solaire-installee-dans-le-monde\/#breadcrumb"},"inLanguage":"fr-FR","potentialAction":[{"@type":"ReadAction","target":["https:\/\/www.renouvelle.be\/fr\/2-tw-de-capacite-solaire-installee-dans-le-monde\/"]}]},{"@type":"ImageObject","inLanguage":"fr-FR","@id":"https:\/\/www.renouvelle.be\/fr\/2-tw-de-capacite-solaire-installee-dans-le-monde\/#primaryimage","url":"https:\/\/www.renouvelle.be\/wp-content\/uploads\/2024\/11\/pexels-gustavo-fring-4254171-scaled-e1731924583817.jpg","contentUrl":"https:\/\/www.renouvelle.be\/wp-content\/uploads\/2024\/11\/pexels-gustavo-fring-4254171-scaled-e1731924583817.jpg","width":2560,"height":1566,"caption":"2 TW capacit\u00e9 solaire"},{"@type":"BreadcrumbList","@id":"https:\/\/www.renouvelle.be\/fr\/2-tw-de-capacite-solaire-installee-dans-le-monde\/#breadcrumb","itemListElement":[{"@type":"ListItem","position":1,"name":"Accueil","item":"https:\/\/www.renouvelle.be\/fr\/"},{"@type":"ListItem","position":2,"name":"2 TW de capacit\u00e9 solaire install\u00e9e dans le monde"}]},{"@type":"WebSite","@id":"https:\/\/www.renouvelle.be\/fr\/#website","url":"https:\/\/www.renouvelle.be\/fr\/","name":"Renouvelle","description":"L&#039;actualit\u00e9 de l&#039;\u00e9nergie durable","potentialAction":[{"@type":"SearchAction","target":{"@type":"EntryPoint","urlTemplate":"https:\/\/www.renouvelle.be\/fr\/?s={search_term_string}"},"query-input":{"@type":"PropertyValueSpecification","valueRequired":true,"valueName":"search_term_string"}}],"inLanguage":"fr-FR"},{"@type":"Person","@id":"https:\/\/www.renouvelle.be\/fr\/#\/schema\/person\/9d743366fb269eeceaa8d60e98d289d3","name":"Samuel Alves","url":"https:\/\/www.renouvelle.be\/fr\/author\/salves\/"}]}},"_links":{"self":[{"href":"https:\/\/www.renouvelle.be\/fr\/wp-json\/wp\/v2\/posts\/14117","targetHints":{"allow":["GET"]}}],"collection":[{"href":"https:\/\/www.renouvelle.be\/fr\/wp-json\/wp\/v2\/posts"}],"about":[{"href":"https:\/\/www.renouvelle.be\/fr\/wp-json\/wp\/v2\/types\/post"}],"author":[{"embeddable":true,"href":"https:\/\/www.renouvelle.be\/fr\/wp-json\/wp\/v2\/users\/38"}],"replies":[{"embeddable":true,"href":"https:\/\/www.renouvelle.be\/fr\/wp-json\/wp\/v2\/comments?post=14117"}],"version-history":[{"count":5,"href":"https:\/\/www.renouvelle.be\/fr\/wp-json\/wp\/v2\/posts\/14117\/revisions"}],"predecessor-version":[{"id":14124,"href":"https:\/\/www.renouvelle.be\/fr\/wp-json\/wp\/v2\/posts\/14117\/revisions\/14124"}],"wp:featuredmedia":[{"embeddable":true,"href":"https:\/\/www.renouvelle.be\/fr\/wp-json\/wp\/v2\/media\/14119"}],"wp:attachment":[{"href":"https:\/\/www.renouvelle.be\/fr\/wp-json\/wp\/v2\/media?parent=14117"}],"wp:term":[{"taxonomy":"category","embeddable":true,"href":"https:\/\/www.renouvelle.be\/fr\/wp-json\/wp\/v2\/categories?post=14117"},{"taxonomy":"post_tag","embeddable":true,"href":"https:\/\/www.renouvelle.be\/fr\/wp-json\/wp\/v2\/tags?post=14117"},{"taxonomy":"section","embeddable":true,"href":"https:\/\/www.renouvelle.be\/fr\/wp-json\/wp\/v2\/section?post=14117"}],"curies":[{"name":"wp","href":"https:\/\/api.w.org\/{rel}","templated":true}]}}