{"id":14109,"date":"2024-11-28T09:46:03","date_gmt":"2024-11-28T08:46:03","guid":{"rendered":"https:\/\/www.renouvelle.be\/?p=14109"},"modified":"2024-11-28T09:46:06","modified_gmt":"2024-11-28T08:46:06","slug":"pour-un-dialogue-nord-sud-base-sur-le-respect-et-la-reciprocite","status":"publish","type":"post","link":"https:\/\/www.renouvelle.be\/fr\/pour-un-dialogue-nord-sud-base-sur-le-respect-et-la-reciprocite\/","title":{"rendered":"Pour un dialogue Nord-Sud bas\u00e9 sur le respect et la r\u00e9ciprocit\u00e9"},"content":{"rendered":"\n<p>Apr\u00e8s un long voyage, c\u2019est ici que s\u2019ach\u00e8ve notre th\u00e9matique climatique sur le Sud global. Comme nous l\u2019avons vu dans les deux pr\u00e9c\u00e9dentes <a href=\"https:\/\/www.renouvelle.be\/fr\/ces-solutions-dadaptation-au-climat-des-peuples-du-sud-global\/\" target=\"_blank\" rel=\"noreferrer noopener\">parties<\/a>, ces pays ont beaucoup d\u2019exp\u00e9rience \u00e0 nous transmettre dans l\u2019adaptation face aux d\u00e9r\u00e8glements climatiques. Maintenant, que faire de tout cela&nbsp;? Certaines des id\u00e9es que nous avons explor\u00e9es pourraient nous inspirer dans un avenir proche, d\u2019autres sont d\u00e9j\u00e0 appliqu\u00e9es en Europe.<\/p>\n\n\n\n<p>Par exemple, le microcr\u00e9dit pour soutenir de petits entrepreneurs s\u2019est d\u00e9velopp\u00e9 un peu partout en Europe suite aux initiatives mises en place par la Grameen Bank au Bangladesh. En Aquitaine, un institut de formation se r\u00e9f\u00e8re aux pratiques participatives mises en place par le Mouvement des sans-terre br\u00e9siliens pour animer une radio locale.<\/p>\n\n\n\n<p>Dans son projet d\u2019\u00ab Accession sociale par la construction en aide mutuelle \u00bb, l\u2019Agence d\u2019urbanisme de Dunkerque s\u2019inspire des mutir\u00f5es br\u00e9siliennes : une pratique de construction d\u2019habitat, dans les quartiers populaires de S\u00e3o Paulo, qui permet \u00e0 des habitants, regroup\u00e9s en coop\u00e9rative de construire, ensemble, leur logement et d\u2019y acc\u00e9der \u00e0 des co\u00fbts 20 \u00e0 30% moins \u00e9lev\u00e9s que ceux du march\u00e9. Le principe du du budget participatif, \u00e0 Porto Alegre au Br\u00e9sil, a \u00e9t\u00e9 repris par des municipalit\u00e9s un peu partout en Europe.<\/p>\n\n\n\n<p>Gr\u00e2ce aux jumelages entre communes, une solidarit\u00e9 Nord-Sud a permis de stimuler les \u00e9changes et la r\u00e9flexion commune sur les enjeux actuels. Ces quelques exemples permettent de mieux comprendre le potentiel de tels jumelages.<\/p>\n\n\n\n<h2 class=\"wp-block-heading\"><strong>Comment des exp\u00e9riences de gestion participative au Maroc inspirent la commune de Jette<\/strong><\/h2>\n\n\n\n<p>Dans le sud du Maroc, la culture berb\u00e8re se traduit par de nombreux projets collectifs et citoyens. Anne-Fran\u00e7oise Nicolay, charg\u00e9e au sein de la commune de Jette d\u2019un programme de renforcement des comp\u00e9tences de communes au sud du Maroc, t\u00e9moigne du caract\u00e8re inspirant, pour notre soci\u00e9t\u00e9, de cet esprit communautaire :<\/p>\n\n\n\n<p><em>\u00ab Ce qui m\u2019a le plus impressionn\u00e9e, c\u2019est cet investissement. C\u2019est un peu culturel aussi car c\u2019est la mani\u00e8re de fonctionner de cette soci\u00e9t\u00e9 amazighe qui fait beaucoup de travail communautaire. (&#8230;) La commune de&nbsp; Belfa\u00e2 a fait 52 ateliers pour le budget participatif et donc ce sont les habitants qui pouvaient d\u00e9cider de ce qu\u2019ils voulaient en priorit\u00e9 pour leur village(\u2026). \u00bb<\/em><\/p>\n\n\n\n<p>Elle estime que ce type de projet de transition, men\u00e9 au Sud, peut inspirer les n\u00f4tres : \u00ab <em>Quand on a des jeunes Bruxellois qui viennent ici, la r\u00e9flexion qu\u2019ils font en priorit\u00e9 c\u2019est : \u00ab\u00a0Waouw ! ces gens, qu\u2019est-ce qu\u2019ils travaillent !, qu\u2019est-ce qu\u2019ils s\u2019investissent !\u00a0\u00bb. Et ces jeunes r\u00e9alisent que nous, en tant que Belges, on est toujours en demande par rapport aux institutions, alors qu\u2019ici c\u2019est la soci\u00e9t\u00e9 civile qui fait \u00e9voluer les institutions, c\u2019est une d\u00e9marche tout \u00e0 fait diff\u00e9rente qui est plus proche de la transition<\/em>.&nbsp;\u00bb<\/p>\n\n\n\n<h2 class=\"wp-block-heading\"><strong>Mettre en place des jumelages climatiques<\/strong><\/h2>\n\n\n\n<p>Le changement du climat s\u2019intensifiant, certains proposent des \u00ab&nbsp;jumelages climatiques&nbsp;\u00bb comme l\u2019ont fait la commune de Carbonne en Occitanie et celle de Fuente Obejuna en Andalousie. L&rsquo;objectif&nbsp;? \u00c9laborer une m\u00e9thodologie permettant \u00e0 une commune d\u2019analyser et optimiser sa strat\u00e9gie d\u2019adaptation \u00e0 ce changement, en se basant sur une commune ayant des caract\u00e9ristiques physiologiques similaires, et dont le climat actuel correspond \u00e0 celui anticip\u00e9 pour la commune \u00e9tudi\u00e9e.<\/p>\n\n\n\n<h2 class=\"wp-block-heading\"><strong>Relancer le dialogue Nord-Sud sur de nouvelles bases<\/strong><\/h2>\n\n\n\n<p>Souvent, les pays du Sud global sont d\u2019abord vus comme des pays \u00ab dans le besoin \u00bb. Pourtant, ils poss\u00e8dent des savoirs et des savoir-faire, souvent ignor\u00e9s voire d\u00e9nigr\u00e9s, qui profiteraient \u00e0 l\u2019ensemble de la plan\u00e8te. Or, comme le souligne le R\u00e9seau R\u00e9ciprocit\u00e9 des Relations Nord-Sud, \u00ab <em>l\u2019\u00e9change d\u2019exp\u00e9riences \u2013y compris de celles qui se sont r\u00e9v\u00e9l\u00e9es constituer des impasses\u2013 de connaissances et de savoir-faire permet \u00e0 chacun de prendre du recul par rapport \u00e0 son action et de l\u2019am\u00e9liorer. (&#8230;) Cette mise en relation peut avoir un autre but. En effet, ceux qui se rencontrent se situent au m\u00eame niveau, sur un pied d\u2019\u00e9galit\u00e9. Un vrai dialogue, r\u00e9ciproque et sym\u00e9trique est donc possible. Car ces acteurs sont motiv\u00e9s par le fait d\u2019affirmer et de p\u00e9renniser leurs exp\u00e9riences locales<\/em> \u00bb.<\/p>\n\n\n\n<p>Ces \u00e9changes impliquent \u00e9videmment un changement de posture de la part de ceux qui ont \u00e9t\u00e9 habitu\u00e9s \u00e0 montrer l\u2019exemple, voire \u00e0 imposer leur vision et mani\u00e8re de faire. Cela demande de l\u2019humilit\u00e9 et plus de respect envers des pratiques n\u00e9es dans un autre contexte culturel et politique.<\/p>\n\n\n\n<p>Il nous faut b\u00e2tir de nouveaux ponts, r\u00e9inventer l\u2019avenir ensemble, Nord et Sud, construire une soci\u00e9t\u00e9 civile internationale plus forte et s\u2019ouvrir \u00e0 de nouvelles formes de partenariats bas\u00e9s sur l\u2019\u00e9coute et sur le respect mutuel. \u00c0 cet \u00e9gard, une plateforme comme \u00ab&nbsp;Climate Chance&nbsp;\u00bb rassemble les bonnes pratiques et les ressources mises en \u0153uvre \u00e0 travers le monde, \u00e0 l\u2019\u00e9chelle des &nbsp;territoires, par des acteurs non-\u00e9tatiques, en mati\u00e8re de climat et biodiversit\u00e9.<\/p>\n\n\n\n<h2 class=\"wp-block-heading\"><strong>Ne pas oublier la dette \u00e9cologique des pays riches envers les pays plus pauvres<\/strong><\/h2>\n\n\n\n<p>Ce nouveau dialogue mondial pour s\u2019inspirer mutuellement ne peut se faire sans tenir compte de la dette \u00e9cologique qu\u2019ont les pays du Nord vis-\u00e0-vis des pays du Sud. En effet, la cr\u00e9ativit\u00e9 et la r\u00e9silience des pays du Sud global ne doit pas masquer les \u00e9normes difficult\u00e9s de ces populations \u00e0 faire face aux ph\u00e9nom\u00e8nes climatiques de plus en plus violents. Et surtout, elle ne doit pas faire oublier la responsabilit\u00e9 historique des pays riches dans ces ph\u00e9nom\u00e8nes\u2026 Des pays qui tardent \u00e0 s\u2019acquitter de leur fameuse \u00ab&nbsp;dette \u00e9cologique&nbsp;\u00bb.<\/p>\n\n\n\n<p>Ce sont surtout les pays \u00e0 faibles revenus, et les moins \u00e9metteurs de gaz \u00e0 effet de serre, qui subissent le plus les effets du d\u00e9r\u00e8glement climatique alors qu\u2019ils en sont les moins responsables. 91% des d\u00e9c\u00e8s qui sont dus \u00e0 des ph\u00e9nom\u00e8nes m\u00e9t\u00e9orologiques extr\u00eames surviennent dans des pays dits \u00ab&nbsp;du Sud global&nbsp;\u00bb \u00e0 faibles revenus. Une temp\u00eate, une s\u00e9cheresse ou une inondation s\u2019av\u00e8rent \u00eatre <a href=\"https:\/\/www.foei.org\/fr\/reaction-synthese-giec\/\" target=\"_blank\" rel=\"noreferrer noopener\">15 fois plus meurtri\u00e8res<\/a> dans ces r\u00e9gions.<\/p>\n\n\n\n<p>Face \u00e0 cette injustice et pour la r\u00e9parer, il faut mettre en place une &nbsp;<strong>justice climatique<\/strong>, soit des mesures structurelles au niveau social, politique et \u00e9conomique. L\u2019id\u00e9e est de demander aux gros pollueurs historiques de r\u00e9duire leurs \u00e9missions de GES, mais aussi d\u2019aider les pays les plus touch\u00e9s \u00e0 faire face \u00e0 la crise climatique.<\/p>\n\n\n\n<p>Des fonds \u00ab&nbsp;verts&nbsp;\u00bb sp\u00e9ciaux sont cr\u00e9\u00e9s, mais ils sont souvent inf\u00e9rieurs \u00e0 ce qu\u2019ils devraient \u00eatre aux yeux des scientifiques et peu sont vraiment mis en \u0153uvre. Ainsi, <a href=\"https:\/\/www.imf.org\/fr\/Publications\/fandd\/issues\/2023\/09\/settling-the-climate-debt-clements-gupta-liu\" target=\"_blank\" rel=\"noreferrer noopener\">d\u2019apr\u00e8s des analystes du Fonds mon\u00e9taire international<\/a>, la dette \u00ab&nbsp;climatique&nbsp;\u00bb des \u00ab&nbsp;pays avanc\u00e9s&nbsp;\u00bb, sur la base de leurs \u00e9missions effectives et pr\u00e9vues de CO\u2082 pour la p\u00e9riode 1959-2035, s\u2019\u00e9l\u00e8veraient \u00e0 plus de 100 000 milliards, tandis que \u00ab&nbsp;les financements actuels n\u2019ont pas encore atteint l\u2019objectif de 100 milliards de dollars par an&nbsp;\u00bb. Comme le dit Esther Duflo, sp\u00e9cialiste du d\u00e9veloppement et de la lutte contre la pauvret\u00e9 (Prix Nobel d&rsquo;\u00e9conomie en 2019), \u00ab&nbsp;<em>\u00e0 chaque nouvelle conf\u00e9rence sur le climat, nous promettons d\u2019allouer aux pays pauvres un budget de 100 milliards. Cent milliards, ce n\u2019est pas assez par rapport aux dommages que nous leur infligeons. Et en plus, ils ne sont pas vers\u00e9s&nbsp;!<\/em>&nbsp;\u00bb.<\/p>\n\n\n\n<p>Alors que les plans de soutien, comme le Fonds \u00ab&nbsp;Pertes et dommages&nbsp;\u00bb d\u00e9cid\u00e9 lors de la COP 28, peine \u00e0 \u00eatre concr\u00e9tis\u00e9, Esther Duflo insiste sur l\u2019int\u00e9r\u00eat des pays riches \u00e0 investir dans l\u2019adaptation des pays du Sud, non seulement pour des raisons morales, mais aussi dans leur propre int\u00e9r\u00eat. Si on veut stabiliser les relations \u00e9conomiques et diplomatiques dans un monde qui se fracture de plus en plus, il est indispensable de soutenir les efforts d\u2019adaptation et d\u2019att\u00e9nuation des pays pauvres. Mais tous ces efforts pour le climat ne doivent pas se faire au d\u00e9triment des politiques sociales de lutte contre la pauvret\u00e9, contre les \u00e9pid\u00e9mies, pour l\u2019\u00e9ducation, pour l\u2019\u00e9galit\u00e9 entre femmes et hommes, selon Esther Duflo.<\/p>\n\n\n\n<p>En conclusion, il est important de souligner combien le dialogue Nord-Sud doit \u00eatre maintenu et encourag\u00e9, sur base d\u2019un nouvel \u00e9quilibre mondial \u00e9quitable. Un dialogue aussi port\u00e9 par des citoyen.ne.s afin d\u2019\u00e9changer de bonnes pratiques mais aussi de construire, ensemble, un nouvel avenir, en s\u2019inspirant de diff\u00e9rentes cultures, de diff\u00e9rents modes d\u2019organisation sociale et politique. Un avenir inspir\u00e9 de l\u2019exp\u00e9rience et de la sagesse des peuples autochtones, les plus r\u00e9silients de la plan\u00e8te.<\/p>\n","protected":false},"excerpt":{"rendered":"<p>Apr\u00e8s un long voyage, c\u2019est ici que s\u2019ach\u00e8ve notre th\u00e9matique climatique sur le Sud global. Comme nous l\u2019avons vu dans les deux pr\u00e9c\u00e9dentes parties, ces pays ont beaucoup d\u2019exp\u00e9rience \u00e0 nous transmettre dans l\u2019adaptation face aux d\u00e9r\u00e8glements climatiques. Maintenant, que faire de tout cela&nbsp;? Certaines des id\u00e9es que nous avons explor\u00e9es pourraient nous inspirer dans un avenir proche, d\u2019autres sont d\u00e9j\u00e0 appliqu\u00e9es en Europe. Par exemple, le microcr\u00e9dit pour soutenir de petits entrepreneurs s\u2019est d\u00e9velopp\u00e9 un peu partout en Europe suite aux initiatives mises en place par la Grameen Bank au Bangladesh. En Aquitaine, un institut de formation se r\u00e9f\u00e8re aux pratiques participatives mises en place par le Mouvement des sans-terre br\u00e9siliens pour animer une radio locale. Dans son projet d\u2019\u00ab Accession sociale par la construction en aide mutuelle \u00bb, l\u2019Agence d\u2019urbanisme de Dunkerque s\u2019inspire des mutir\u00f5es br\u00e9siliennes : une pratique de construction d\u2019habitat, dans les quartiers populaires de S\u00e3o Paulo, qui permet \u00e0 des habitants, regroup\u00e9s en coop\u00e9rative de construire, ensemble, leur logement et d\u2019y acc\u00e9der \u00e0 des co\u00fbts 20 \u00e0 30% moins \u00e9lev\u00e9s que ceux du march\u00e9. Le principe du du budget participatif, \u00e0 Porto Alegre au Br\u00e9sil, a \u00e9t\u00e9 repris par des municipalit\u00e9s un peu partout en Europe. Gr\u00e2ce aux jumelages entre communes, une solidarit\u00e9 Nord-Sud a permis de stimuler les \u00e9changes et la r\u00e9flexion commune sur les enjeux actuels. Ces quelques exemples permettent de mieux comprendre le potentiel de tels jumelages. Comment des exp\u00e9riences de gestion participative au Maroc inspirent la commune de Jette Dans le sud du Maroc, la culture berb\u00e8re se traduit par de nombreux projets collectifs et citoyens. Anne-Fran\u00e7oise Nicolay, charg\u00e9e au sein de la commune de Jette d\u2019un programme de renforcement des comp\u00e9tences de communes au sud du Maroc, t\u00e9moigne du caract\u00e8re &hellip; <a href=\"https:\/\/www.renouvelle.be\/fr\/pour-un-dialogue-nord-sud-base-sur-le-respect-et-la-reciprocite\/\" class=\"more-link\">Continue reading<span class=\"screen-reader-text\"> \u00ab\u00a0Pour un dialogue Nord-Sud bas\u00e9 sur le respect et la r\u00e9ciprocit\u00e9\u00a0\u00bb<\/span><\/a><\/p>\n","protected":false},"author":33,"featured_media":14114,"comment_status":"closed","ping_status":"closed","sticky":false,"template":"","format":"standard","meta":{"_acf_changed":false,"footnotes":""},"categories":[63],"tags":[],"section":[8],"class_list":["post-14109","post","type-post","status-publish","format-standard","has-post-thumbnail","hentry","category-analyses","section-energie-renouvelables"],"acf":[],"yoast_head":"<!-- This site is optimized with the Yoast SEO plugin v27.5 - https:\/\/yoast.com\/product\/yoast-seo-wordpress\/ -->\n<title>Pour un dialogue Nord-Sud bas\u00e9 sur le respect et la r\u00e9ciprocit\u00e9 - Renouvelle<\/title>\n<meta name=\"description\" content=\"La lutte contre le changement climatique ne devra pas uniquement s&#039;inspirer des solutions du Sud. Le Nord devra faire sa part.\" \/>\n<meta name=\"robots\" content=\"index, follow, max-snippet:-1, max-image-preview:large, max-video-preview:-1\" \/>\n<link rel=\"canonical\" href=\"https:\/\/www.renouvelle.be\/fr\/pour-un-dialogue-nord-sud-base-sur-le-respect-et-la-reciprocite\/\" \/>\n<meta property=\"og:locale\" content=\"fr_FR\" \/>\n<meta property=\"og:type\" content=\"article\" \/>\n<meta property=\"og:title\" content=\"Pour un dialogue Nord-Sud bas\u00e9 sur le respect et la r\u00e9ciprocit\u00e9 - Renouvelle\" \/>\n<meta property=\"og:description\" content=\"La lutte contre le changement climatique ne devra pas uniquement s&#039;inspirer des solutions du Sud. Le Nord devra faire sa part.\" \/>\n<meta property=\"og:url\" content=\"https:\/\/www.renouvelle.be\/fr\/pour-un-dialogue-nord-sud-base-sur-le-respect-et-la-reciprocite\/\" \/>\n<meta property=\"og:site_name\" content=\"Renouvelle\" \/>\n<meta property=\"article:published_time\" content=\"2024-11-28T08:46:03+00:00\" \/>\n<meta property=\"article:modified_time\" content=\"2024-11-28T08:46:06+00:00\" \/>\n<meta property=\"og:image\" content=\"https:\/\/www.renouvelle.be\/wp-content\/uploads\/2024\/11\/iStock-1093935162-1024x683.jpg\" \/>\n\t<meta property=\"og:image:width\" content=\"1024\" \/>\n\t<meta property=\"og:image:height\" content=\"683\" \/>\n\t<meta property=\"og:image:type\" content=\"image\/jpeg\" \/>\n<meta name=\"author\" content=\"Roland D&#039;Hoop\" \/>\n<meta name=\"twitter:card\" content=\"summary_large_image\" \/>\n<script type=\"application\/ld+json\" class=\"yoast-schema-graph\">{\"@context\":\"https:\\\/\\\/schema.org\",\"@graph\":[{\"@type\":\"Article\",\"@id\":\"https:\\\/\\\/www.renouvelle.be\\\/fr\\\/pour-un-dialogue-nord-sud-base-sur-le-respect-et-la-reciprocite\\\/#article\",\"isPartOf\":{\"@id\":\"https:\\\/\\\/www.renouvelle.be\\\/fr\\\/pour-un-dialogue-nord-sud-base-sur-le-respect-et-la-reciprocite\\\/\"},\"author\":{\"name\":\"Roland D'Hoop\",\"@id\":\"https:\\\/\\\/www.renouvelle.be\\\/fr\\\/#\\\/schema\\\/person\\\/f7915fd49dbf3d7119b794b35aec9fef\"},\"headline\":\"Pour un dialogue Nord-Sud bas\u00e9 sur le respect et la r\u00e9ciprocit\u00e9\",\"datePublished\":\"2024-11-28T08:46:03+00:00\",\"dateModified\":\"2024-11-28T08:46:06+00:00\",\"mainEntityOfPage\":{\"@id\":\"https:\\\/\\\/www.renouvelle.be\\\/fr\\\/pour-un-dialogue-nord-sud-base-sur-le-respect-et-la-reciprocite\\\/\"},\"wordCount\":1529,\"image\":{\"@id\":\"https:\\\/\\\/www.renouvelle.be\\\/fr\\\/pour-un-dialogue-nord-sud-base-sur-le-respect-et-la-reciprocite\\\/#primaryimage\"},\"thumbnailUrl\":\"https:\\\/\\\/www.renouvelle.be\\\/wp-content\\\/uploads\\\/2024\\\/11\\\/iStock-1093935162.jpg\",\"articleSection\":[\"Analyses\"],\"inLanguage\":\"fr-FR\"},{\"@type\":\"WebPage\",\"@id\":\"https:\\\/\\\/www.renouvelle.be\\\/fr\\\/pour-un-dialogue-nord-sud-base-sur-le-respect-et-la-reciprocite\\\/\",\"url\":\"https:\\\/\\\/www.renouvelle.be\\\/fr\\\/pour-un-dialogue-nord-sud-base-sur-le-respect-et-la-reciprocite\\\/\",\"name\":\"Pour un dialogue Nord-Sud bas\u00e9 sur le respect et la r\u00e9ciprocit\u00e9 - Renouvelle\",\"isPartOf\":{\"@id\":\"https:\\\/\\\/www.renouvelle.be\\\/fr\\\/#website\"},\"primaryImageOfPage\":{\"@id\":\"https:\\\/\\\/www.renouvelle.be\\\/fr\\\/pour-un-dialogue-nord-sud-base-sur-le-respect-et-la-reciprocite\\\/#primaryimage\"},\"image\":{\"@id\":\"https:\\\/\\\/www.renouvelle.be\\\/fr\\\/pour-un-dialogue-nord-sud-base-sur-le-respect-et-la-reciprocite\\\/#primaryimage\"},\"thumbnailUrl\":\"https:\\\/\\\/www.renouvelle.be\\\/wp-content\\\/uploads\\\/2024\\\/11\\\/iStock-1093935162.jpg\",\"datePublished\":\"2024-11-28T08:46:03+00:00\",\"dateModified\":\"2024-11-28T08:46:06+00:00\",\"author\":{\"@id\":\"https:\\\/\\\/www.renouvelle.be\\\/fr\\\/#\\\/schema\\\/person\\\/f7915fd49dbf3d7119b794b35aec9fef\"},\"description\":\"La lutte contre le changement climatique ne devra pas uniquement s'inspirer des solutions du Sud. Le Nord devra faire sa part.\",\"breadcrumb\":{\"@id\":\"https:\\\/\\\/www.renouvelle.be\\\/fr\\\/pour-un-dialogue-nord-sud-base-sur-le-respect-et-la-reciprocite\\\/#breadcrumb\"},\"inLanguage\":\"fr-FR\",\"potentialAction\":[{\"@type\":\"ReadAction\",\"target\":[\"https:\\\/\\\/www.renouvelle.be\\\/fr\\\/pour-un-dialogue-nord-sud-base-sur-le-respect-et-la-reciprocite\\\/\"]}]},{\"@type\":\"ImageObject\",\"inLanguage\":\"fr-FR\",\"@id\":\"https:\\\/\\\/www.renouvelle.be\\\/fr\\\/pour-un-dialogue-nord-sud-base-sur-le-respect-et-la-reciprocite\\\/#primaryimage\",\"url\":\"https:\\\/\\\/www.renouvelle.be\\\/wp-content\\\/uploads\\\/2024\\\/11\\\/iStock-1093935162.jpg\",\"contentUrl\":\"https:\\\/\\\/www.renouvelle.be\\\/wp-content\\\/uploads\\\/2024\\\/11\\\/iStock-1093935162.jpg\",\"width\":2121,\"height\":1414,\"caption\":\"climat nord sud\"},{\"@type\":\"BreadcrumbList\",\"@id\":\"https:\\\/\\\/www.renouvelle.be\\\/fr\\\/pour-un-dialogue-nord-sud-base-sur-le-respect-et-la-reciprocite\\\/#breadcrumb\",\"itemListElement\":[{\"@type\":\"ListItem\",\"position\":1,\"name\":\"Accueil\",\"item\":\"https:\\\/\\\/www.renouvelle.be\\\/fr\\\/\"},{\"@type\":\"ListItem\",\"position\":2,\"name\":\"Pour un dialogue Nord-Sud bas\u00e9 sur le respect et la r\u00e9ciprocit\u00e9\"}]},{\"@type\":\"WebSite\",\"@id\":\"https:\\\/\\\/www.renouvelle.be\\\/fr\\\/#website\",\"url\":\"https:\\\/\\\/www.renouvelle.be\\\/fr\\\/\",\"name\":\"Renouvelle\",\"description\":\"L&#039;actualit\u00e9 de l&#039;\u00e9nergie durable\",\"potentialAction\":[{\"@type\":\"SearchAction\",\"target\":{\"@type\":\"EntryPoint\",\"urlTemplate\":\"https:\\\/\\\/www.renouvelle.be\\\/fr\\\/?s={search_term_string}\"},\"query-input\":{\"@type\":\"PropertyValueSpecification\",\"valueRequired\":true,\"valueName\":\"search_term_string\"}}],\"inLanguage\":\"fr-FR\"},{\"@type\":\"Person\",\"@id\":\"https:\\\/\\\/www.renouvelle.be\\\/fr\\\/#\\\/schema\\\/person\\\/f7915fd49dbf3d7119b794b35aec9fef\",\"name\":\"Roland D'Hoop\",\"url\":\"https:\\\/\\\/www.renouvelle.be\\\/fr\\\/author\\\/rdhoop\\\/\"}]}<\/script>\n<!-- \/ Yoast SEO plugin. -->","yoast_head_json":{"title":"Pour un dialogue Nord-Sud bas\u00e9 sur le respect et la r\u00e9ciprocit\u00e9 - Renouvelle","description":"La lutte contre le changement climatique ne devra pas uniquement s'inspirer des solutions du Sud. Le Nord devra faire sa part.","robots":{"index":"index","follow":"follow","max-snippet":"max-snippet:-1","max-image-preview":"max-image-preview:large","max-video-preview":"max-video-preview:-1"},"canonical":"https:\/\/www.renouvelle.be\/fr\/pour-un-dialogue-nord-sud-base-sur-le-respect-et-la-reciprocite\/","og_locale":"fr_FR","og_type":"article","og_title":"Pour un dialogue Nord-Sud bas\u00e9 sur le respect et la r\u00e9ciprocit\u00e9 - Renouvelle","og_description":"La lutte contre le changement climatique ne devra pas uniquement s'inspirer des solutions du Sud. Le Nord devra faire sa part.","og_url":"https:\/\/www.renouvelle.be\/fr\/pour-un-dialogue-nord-sud-base-sur-le-respect-et-la-reciprocite\/","og_site_name":"Renouvelle","article_published_time":"2024-11-28T08:46:03+00:00","article_modified_time":"2024-11-28T08:46:06+00:00","og_image":[{"width":1024,"height":683,"url":"https:\/\/www.renouvelle.be\/wp-content\/uploads\/2024\/11\/iStock-1093935162-1024x683.jpg","type":"image\/jpeg"}],"author":"Roland D'Hoop","twitter_card":"summary_large_image","schema":{"@context":"https:\/\/schema.org","@graph":[{"@type":"Article","@id":"https:\/\/www.renouvelle.be\/fr\/pour-un-dialogue-nord-sud-base-sur-le-respect-et-la-reciprocite\/#article","isPartOf":{"@id":"https:\/\/www.renouvelle.be\/fr\/pour-un-dialogue-nord-sud-base-sur-le-respect-et-la-reciprocite\/"},"author":{"name":"Roland D'Hoop","@id":"https:\/\/www.renouvelle.be\/fr\/#\/schema\/person\/f7915fd49dbf3d7119b794b35aec9fef"},"headline":"Pour un dialogue Nord-Sud bas\u00e9 sur le respect et la r\u00e9ciprocit\u00e9","datePublished":"2024-11-28T08:46:03+00:00","dateModified":"2024-11-28T08:46:06+00:00","mainEntityOfPage":{"@id":"https:\/\/www.renouvelle.be\/fr\/pour-un-dialogue-nord-sud-base-sur-le-respect-et-la-reciprocite\/"},"wordCount":1529,"image":{"@id":"https:\/\/www.renouvelle.be\/fr\/pour-un-dialogue-nord-sud-base-sur-le-respect-et-la-reciprocite\/#primaryimage"},"thumbnailUrl":"https:\/\/www.renouvelle.be\/wp-content\/uploads\/2024\/11\/iStock-1093935162.jpg","articleSection":["Analyses"],"inLanguage":"fr-FR"},{"@type":"WebPage","@id":"https:\/\/www.renouvelle.be\/fr\/pour-un-dialogue-nord-sud-base-sur-le-respect-et-la-reciprocite\/","url":"https:\/\/www.renouvelle.be\/fr\/pour-un-dialogue-nord-sud-base-sur-le-respect-et-la-reciprocite\/","name":"Pour un dialogue Nord-Sud bas\u00e9 sur le respect et la r\u00e9ciprocit\u00e9 - Renouvelle","isPartOf":{"@id":"https:\/\/www.renouvelle.be\/fr\/#website"},"primaryImageOfPage":{"@id":"https:\/\/www.renouvelle.be\/fr\/pour-un-dialogue-nord-sud-base-sur-le-respect-et-la-reciprocite\/#primaryimage"},"image":{"@id":"https:\/\/www.renouvelle.be\/fr\/pour-un-dialogue-nord-sud-base-sur-le-respect-et-la-reciprocite\/#primaryimage"},"thumbnailUrl":"https:\/\/www.renouvelle.be\/wp-content\/uploads\/2024\/11\/iStock-1093935162.jpg","datePublished":"2024-11-28T08:46:03+00:00","dateModified":"2024-11-28T08:46:06+00:00","author":{"@id":"https:\/\/www.renouvelle.be\/fr\/#\/schema\/person\/f7915fd49dbf3d7119b794b35aec9fef"},"description":"La lutte contre le changement climatique ne devra pas uniquement s'inspirer des solutions du Sud. Le Nord devra faire sa part.","breadcrumb":{"@id":"https:\/\/www.renouvelle.be\/fr\/pour-un-dialogue-nord-sud-base-sur-le-respect-et-la-reciprocite\/#breadcrumb"},"inLanguage":"fr-FR","potentialAction":[{"@type":"ReadAction","target":["https:\/\/www.renouvelle.be\/fr\/pour-un-dialogue-nord-sud-base-sur-le-respect-et-la-reciprocite\/"]}]},{"@type":"ImageObject","inLanguage":"fr-FR","@id":"https:\/\/www.renouvelle.be\/fr\/pour-un-dialogue-nord-sud-base-sur-le-respect-et-la-reciprocite\/#primaryimage","url":"https:\/\/www.renouvelle.be\/wp-content\/uploads\/2024\/11\/iStock-1093935162.jpg","contentUrl":"https:\/\/www.renouvelle.be\/wp-content\/uploads\/2024\/11\/iStock-1093935162.jpg","width":2121,"height":1414,"caption":"climat nord sud"},{"@type":"BreadcrumbList","@id":"https:\/\/www.renouvelle.be\/fr\/pour-un-dialogue-nord-sud-base-sur-le-respect-et-la-reciprocite\/#breadcrumb","itemListElement":[{"@type":"ListItem","position":1,"name":"Accueil","item":"https:\/\/www.renouvelle.be\/fr\/"},{"@type":"ListItem","position":2,"name":"Pour un dialogue Nord-Sud bas\u00e9 sur le respect et la r\u00e9ciprocit\u00e9"}]},{"@type":"WebSite","@id":"https:\/\/www.renouvelle.be\/fr\/#website","url":"https:\/\/www.renouvelle.be\/fr\/","name":"Renouvelle","description":"L&#039;actualit\u00e9 de l&#039;\u00e9nergie durable","potentialAction":[{"@type":"SearchAction","target":{"@type":"EntryPoint","urlTemplate":"https:\/\/www.renouvelle.be\/fr\/?s={search_term_string}"},"query-input":{"@type":"PropertyValueSpecification","valueRequired":true,"valueName":"search_term_string"}}],"inLanguage":"fr-FR"},{"@type":"Person","@id":"https:\/\/www.renouvelle.be\/fr\/#\/schema\/person\/f7915fd49dbf3d7119b794b35aec9fef","name":"Roland D'Hoop","url":"https:\/\/www.renouvelle.be\/fr\/author\/rdhoop\/"}]}},"_links":{"self":[{"href":"https:\/\/www.renouvelle.be\/fr\/wp-json\/wp\/v2\/posts\/14109","targetHints":{"allow":["GET"]}}],"collection":[{"href":"https:\/\/www.renouvelle.be\/fr\/wp-json\/wp\/v2\/posts"}],"about":[{"href":"https:\/\/www.renouvelle.be\/fr\/wp-json\/wp\/v2\/types\/post"}],"author":[{"embeddable":true,"href":"https:\/\/www.renouvelle.be\/fr\/wp-json\/wp\/v2\/users\/33"}],"replies":[{"embeddable":true,"href":"https:\/\/www.renouvelle.be\/fr\/wp-json\/wp\/v2\/comments?post=14109"}],"version-history":[{"count":6,"href":"https:\/\/www.renouvelle.be\/fr\/wp-json\/wp\/v2\/posts\/14109\/revisions"}],"predecessor-version":[{"id":14361,"href":"https:\/\/www.renouvelle.be\/fr\/wp-json\/wp\/v2\/posts\/14109\/revisions\/14361"}],"wp:featuredmedia":[{"embeddable":true,"href":"https:\/\/www.renouvelle.be\/fr\/wp-json\/wp\/v2\/media\/14114"}],"wp:attachment":[{"href":"https:\/\/www.renouvelle.be\/fr\/wp-json\/wp\/v2\/media?parent=14109"}],"wp:term":[{"taxonomy":"category","embeddable":true,"href":"https:\/\/www.renouvelle.be\/fr\/wp-json\/wp\/v2\/categories?post=14109"},{"taxonomy":"post_tag","embeddable":true,"href":"https:\/\/www.renouvelle.be\/fr\/wp-json\/wp\/v2\/tags?post=14109"},{"taxonomy":"section","embeddable":true,"href":"https:\/\/www.renouvelle.be\/fr\/wp-json\/wp\/v2\/section?post=14109"}],"curies":[{"name":"wp","href":"https:\/\/api.w.org\/{rel}","templated":true}]}}