{"id":14078,"date":"2024-11-12T11:44:55","date_gmt":"2024-11-12T10:44:55","guid":{"rendered":"https:\/\/www.renouvelle.be\/?p=14078"},"modified":"2024-11-12T11:44:59","modified_gmt":"2024-11-12T10:44:59","slug":"bruxelles-les-primes-renolution-sont-de-retour","status":"publish","type":"post","link":"https:\/\/www.renouvelle.be\/fr\/bruxelles-les-primes-renolution-sont-de-retour\/","title":{"rendered":"Bruxelles\u00a0: les primes RENOLUTION sont de retour\u00a0!"},"content":{"rendered":"\n<p>Exclusives aux b\u00e2timents de la R\u00e9gion de Bruxelles-Capitale, les primes RENOLUTION avaient \u00e9t\u00e9 mises \u00e0 disposition des citoyens souhaitant \u00eatre soutenus dans leurs travaux de r\u00e9novation, ce qui est une bonne chose \u00e9tant donn\u00e9 <a href=\"https:\/\/www.renouvelle.be\/fr\/ue-veut-des-batiments-a-zero-emissions-a-partir-de-2030\/\" target=\"_blank\" rel=\"noreferrer noopener\">les objectifs en la mati\u00e8re<\/a> de l\u2019Union europ\u00e9enne.<\/p>\n\n\n\n<p>Il y a quelques mois, cependant, le gouvernement de la R\u00e9gion de Bruxelles-Capitale annon\u00e7ait que le budget allou\u00e9 \u00e0 ces aides pour 2024 avait \u00e9t\u00e9 \u00e9puis\u00e9.<\/p>\n\n\n\n<p>Apr\u00e8s plusieurs discussions, une solution budg\u00e9taire a \u00e9t\u00e9 trouv\u00e9e : les primes RENOLUTION sont donc de retour. Elles sont \u00e0 nouveau disponibles depuis le 7 novembre 2024 pour des travaux de r\u00e9novation avec une facture de solde de 2024, et ce sous des conditions identiques \u00e0 celles en vigueur avant l\u2019arr\u00eat du 16 ao\u00fbt. Les demandes peuvent \u00eatre introduites via <a href=\"https:\/\/irisbox.irisnet.be\/irisbox\/rep\/landing\" target=\"_blank\" rel=\"noreferrer noopener\">ce lien<\/a>.<\/p>\n\n\n\n<p>Qu\u2019il s\u2019agisse d\u2019immeubles \u00e0 appartements, de commerces ou de maisons unifamiliales, tout le monde peut en b\u00e9n\u00e9ficier, \u00e0 condition que le b\u00e2timent en question se situe en R\u00e9gion de Bruxelles-Capitale. Celui-ci doit \u00eatre \u00e2g\u00e9 de plus de 10 ans, et les travaux doivent \u00eatre r\u00e9alis\u00e9s int\u00e9gralement par des professionnels.<\/p>\n\n\n\n<p>Les demandes doivent \u00eatre introduites apr\u00e8s la fin des travaux de r\u00e9novation, dans un d\u00e9lai de 12 mois \u00e0 compter de la date de la derni\u00e8re facture de solde desdits travaux.<\/p>\n\n\n\n<p>Pour savoir quels travaux sont concern\u00e9s par les primes ainsi que leur montant, rendez-vous sur <a href=\"https:\/\/renolution.brussels\/fr\/les-primes-renolution\" target=\"_blank\" rel=\"noreferrer noopener\">le site<\/a> de RENOLUTION.<\/p>\n\n\n\n<p><\/p>\n","protected":false},"excerpt":{"rendered":"<p>Exclusives aux b\u00e2timents de la R\u00e9gion de Bruxelles-Capitale, les primes RENOLUTION avaient \u00e9t\u00e9 mises \u00e0 disposition des citoyens souhaitant \u00eatre soutenus dans leurs travaux de r\u00e9novation, ce qui est une bonne chose \u00e9tant donn\u00e9 les objectifs en la mati\u00e8re de l\u2019Union europ\u00e9enne. Il y a quelques mois, cependant, le gouvernement de la R\u00e9gion de Bruxelles-Capitale annon\u00e7ait que le budget allou\u00e9 \u00e0 ces aides pour 2024 avait \u00e9t\u00e9 \u00e9puis\u00e9. Apr\u00e8s plusieurs discussions, une solution budg\u00e9taire a \u00e9t\u00e9 trouv\u00e9e : les primes RENOLUTION sont donc de retour. Elles sont \u00e0 nouveau disponibles depuis le 7 novembre 2024 pour des travaux de r\u00e9novation avec une facture de solde de 2024, et ce sous des conditions identiques \u00e0 celles en vigueur avant l\u2019arr\u00eat du 16 ao\u00fbt. Les demandes peuvent \u00eatre introduites via ce lien. Qu\u2019il s\u2019agisse d\u2019immeubles \u00e0 appartements, de commerces ou de maisons unifamiliales, tout le monde peut en b\u00e9n\u00e9ficier, \u00e0 condition que le b\u00e2timent en question se situe en R\u00e9gion de Bruxelles-Capitale. Celui-ci doit \u00eatre \u00e2g\u00e9 de plus de 10 ans, et les travaux doivent \u00eatre r\u00e9alis\u00e9s int\u00e9gralement par des professionnels. Les demandes doivent \u00eatre introduites apr\u00e8s la fin des travaux de r\u00e9novation, dans un d\u00e9lai de 12 mois \u00e0 compter de la date de la derni\u00e8re facture de solde desdits travaux. Pour savoir quels travaux sont concern\u00e9s par les primes ainsi que leur montant, rendez-vous sur le site de RENOLUTION.<\/p>\n","protected":false},"author":38,"featured_media":14080,"comment_status":"closed","ping_status":"closed","sticky":false,"template":"","format":"standard","meta":{"_acf_changed":false,"footnotes":""},"categories":[16,17],"tags":[],"section":[8],"class_list":["post-14078","post","type-post","status-publish","format-standard","has-post-thumbnail","hentry","category-actualite","category-actualite-en-belgique","section-energie-renouvelables"],"acf":[],"yoast_head":"<!-- This site is optimized with the Yoast SEO plugin v27.5 - https:\/\/yoast.com\/product\/yoast-seo-wordpress\/ -->\n<title>Bruxelles\u00a0: les primes RENOLUTION sont de retour\u00a0! - Renouvelle<\/title>\n<meta name=\"description\" content=\"L&#039;annonce de la fin du budget pour les primes RENOLUTION avait mis un coup \u00e0 certaines r\u00e9novations \u00e0 Bruxelles, mais elles sont de retour.\" \/>\n<meta name=\"robots\" content=\"index, follow, max-snippet:-1, max-image-preview:large, max-video-preview:-1\" \/>\n<link rel=\"canonical\" href=\"https:\/\/www.renouvelle.be\/fr\/bruxelles-les-primes-renolution-sont-de-retour\/\" \/>\n<meta property=\"og:locale\" content=\"fr_FR\" \/>\n<meta property=\"og:type\" content=\"article\" \/>\n<meta property=\"og:title\" content=\"Bruxelles\u00a0: les primes RENOLUTION sont de retour\u00a0! - Renouvelle\" \/>\n<meta property=\"og:description\" content=\"L&#039;annonce de la fin du budget pour les primes RENOLUTION avait mis un coup \u00e0 certaines r\u00e9novations \u00e0 Bruxelles, mais elles sont de retour.\" \/>\n<meta property=\"og:url\" content=\"https:\/\/www.renouvelle.be\/fr\/bruxelles-les-primes-renolution-sont-de-retour\/\" \/>\n<meta property=\"og:site_name\" content=\"Renouvelle\" \/>\n<meta property=\"article:published_time\" content=\"2024-11-12T10:44:55+00:00\" \/>\n<meta property=\"article:modified_time\" content=\"2024-11-12T10:44:59+00:00\" \/>\n<meta property=\"og:image\" content=\"https:\/\/www.renouvelle.be\/wp-content\/uploads\/2024\/11\/pexels-shawlw-804392-scaled-e1731408066703.jpg\" \/>\n\t<meta property=\"og:image:width\" content=\"2560\" \/>\n\t<meta property=\"og:image:height\" content=\"1570\" \/>\n\t<meta property=\"og:image:type\" content=\"image\/jpeg\" \/>\n<meta name=\"author\" content=\"Samuel Alves\" \/>\n<meta name=\"twitter:card\" content=\"summary_large_image\" \/>\n<script type=\"application\/ld+json\" class=\"yoast-schema-graph\">{\"@context\":\"https:\\\/\\\/schema.org\",\"@graph\":[{\"@type\":\"Article\",\"@id\":\"https:\\\/\\\/www.renouvelle.be\\\/fr\\\/bruxelles-les-primes-renolution-sont-de-retour\\\/#article\",\"isPartOf\":{\"@id\":\"https:\\\/\\\/www.renouvelle.be\\\/fr\\\/bruxelles-les-primes-renolution-sont-de-retour\\\/\"},\"author\":{\"name\":\"Samuel Alves\",\"@id\":\"https:\\\/\\\/www.renouvelle.be\\\/fr\\\/#\\\/schema\\\/person\\\/9d743366fb269eeceaa8d60e98d289d3\"},\"headline\":\"Bruxelles\u00a0: les primes RENOLUTION sont de retour\u00a0!\",\"datePublished\":\"2024-11-12T10:44:55+00:00\",\"dateModified\":\"2024-11-12T10:44:59+00:00\",\"mainEntityOfPage\":{\"@id\":\"https:\\\/\\\/www.renouvelle.be\\\/fr\\\/bruxelles-les-primes-renolution-sont-de-retour\\\/\"},\"wordCount\":251,\"image\":{\"@id\":\"https:\\\/\\\/www.renouvelle.be\\\/fr\\\/bruxelles-les-primes-renolution-sont-de-retour\\\/#primaryimage\"},\"thumbnailUrl\":\"https:\\\/\\\/www.renouvelle.be\\\/wp-content\\\/uploads\\\/2024\\\/11\\\/pexels-shawlw-804392-scaled-e1731408066703.jpg\",\"articleSection\":[\"Actualit\u00e9\",\"Actualit\u00e9 en Belgique\"],\"inLanguage\":\"fr-FR\"},{\"@type\":\"WebPage\",\"@id\":\"https:\\\/\\\/www.renouvelle.be\\\/fr\\\/bruxelles-les-primes-renolution-sont-de-retour\\\/\",\"url\":\"https:\\\/\\\/www.renouvelle.be\\\/fr\\\/bruxelles-les-primes-renolution-sont-de-retour\\\/\",\"name\":\"Bruxelles\u00a0: les primes RENOLUTION sont de retour\u00a0! - Renouvelle\",\"isPartOf\":{\"@id\":\"https:\\\/\\\/www.renouvelle.be\\\/fr\\\/#website\"},\"primaryImageOfPage\":{\"@id\":\"https:\\\/\\\/www.renouvelle.be\\\/fr\\\/bruxelles-les-primes-renolution-sont-de-retour\\\/#primaryimage\"},\"image\":{\"@id\":\"https:\\\/\\\/www.renouvelle.be\\\/fr\\\/bruxelles-les-primes-renolution-sont-de-retour\\\/#primaryimage\"},\"thumbnailUrl\":\"https:\\\/\\\/www.renouvelle.be\\\/wp-content\\\/uploads\\\/2024\\\/11\\\/pexels-shawlw-804392-scaled-e1731408066703.jpg\",\"datePublished\":\"2024-11-12T10:44:55+00:00\",\"dateModified\":\"2024-11-12T10:44:59+00:00\",\"author\":{\"@id\":\"https:\\\/\\\/www.renouvelle.be\\\/fr\\\/#\\\/schema\\\/person\\\/9d743366fb269eeceaa8d60e98d289d3\"},\"description\":\"L'annonce de la fin du budget pour les primes RENOLUTION avait mis un coup \u00e0 certaines r\u00e9novations \u00e0 Bruxelles, mais elles sont de retour.\",\"breadcrumb\":{\"@id\":\"https:\\\/\\\/www.renouvelle.be\\\/fr\\\/bruxelles-les-primes-renolution-sont-de-retour\\\/#breadcrumb\"},\"inLanguage\":\"fr-FR\",\"potentialAction\":[{\"@type\":\"ReadAction\",\"target\":[\"https:\\\/\\\/www.renouvelle.be\\\/fr\\\/bruxelles-les-primes-renolution-sont-de-retour\\\/\"]}]},{\"@type\":\"ImageObject\",\"inLanguage\":\"fr-FR\",\"@id\":\"https:\\\/\\\/www.renouvelle.be\\\/fr\\\/bruxelles-les-primes-renolution-sont-de-retour\\\/#primaryimage\",\"url\":\"https:\\\/\\\/www.renouvelle.be\\\/wp-content\\\/uploads\\\/2024\\\/11\\\/pexels-shawlw-804392-scaled-e1731408066703.jpg\",\"contentUrl\":\"https:\\\/\\\/www.renouvelle.be\\\/wp-content\\\/uploads\\\/2024\\\/11\\\/pexels-shawlw-804392-scaled-e1731408066703.jpg\",\"width\":2560,\"height\":1570,\"caption\":\"primes RENOLUTION\"},{\"@type\":\"BreadcrumbList\",\"@id\":\"https:\\\/\\\/www.renouvelle.be\\\/fr\\\/bruxelles-les-primes-renolution-sont-de-retour\\\/#breadcrumb\",\"itemListElement\":[{\"@type\":\"ListItem\",\"position\":1,\"name\":\"Accueil\",\"item\":\"https:\\\/\\\/www.renouvelle.be\\\/fr\\\/\"},{\"@type\":\"ListItem\",\"position\":2,\"name\":\"Bruxelles\u00a0: les primes RENOLUTION sont de retour\u00a0!\"}]},{\"@type\":\"WebSite\",\"@id\":\"https:\\\/\\\/www.renouvelle.be\\\/fr\\\/#website\",\"url\":\"https:\\\/\\\/www.renouvelle.be\\\/fr\\\/\",\"name\":\"Renouvelle\",\"description\":\"L&#039;actualit\u00e9 de l&#039;\u00e9nergie durable\",\"potentialAction\":[{\"@type\":\"SearchAction\",\"target\":{\"@type\":\"EntryPoint\",\"urlTemplate\":\"https:\\\/\\\/www.renouvelle.be\\\/fr\\\/?s={search_term_string}\"},\"query-input\":{\"@type\":\"PropertyValueSpecification\",\"valueRequired\":true,\"valueName\":\"search_term_string\"}}],\"inLanguage\":\"fr-FR\"},{\"@type\":\"Person\",\"@id\":\"https:\\\/\\\/www.renouvelle.be\\\/fr\\\/#\\\/schema\\\/person\\\/9d743366fb269eeceaa8d60e98d289d3\",\"name\":\"Samuel Alves\",\"url\":\"https:\\\/\\\/www.renouvelle.be\\\/fr\\\/author\\\/salves\\\/\"}]}<\/script>\n<!-- \/ Yoast SEO plugin. -->","yoast_head_json":{"title":"Bruxelles\u00a0: les primes RENOLUTION sont de retour\u00a0! - Renouvelle","description":"L'annonce de la fin du budget pour les primes RENOLUTION avait mis un coup \u00e0 certaines r\u00e9novations \u00e0 Bruxelles, mais elles sont de retour.","robots":{"index":"index","follow":"follow","max-snippet":"max-snippet:-1","max-image-preview":"max-image-preview:large","max-video-preview":"max-video-preview:-1"},"canonical":"https:\/\/www.renouvelle.be\/fr\/bruxelles-les-primes-renolution-sont-de-retour\/","og_locale":"fr_FR","og_type":"article","og_title":"Bruxelles\u00a0: les primes RENOLUTION sont de retour\u00a0! - Renouvelle","og_description":"L'annonce de la fin du budget pour les primes RENOLUTION avait mis un coup \u00e0 certaines r\u00e9novations \u00e0 Bruxelles, mais elles sont de retour.","og_url":"https:\/\/www.renouvelle.be\/fr\/bruxelles-les-primes-renolution-sont-de-retour\/","og_site_name":"Renouvelle","article_published_time":"2024-11-12T10:44:55+00:00","article_modified_time":"2024-11-12T10:44:59+00:00","og_image":[{"width":2560,"height":1570,"url":"https:\/\/www.renouvelle.be\/wp-content\/uploads\/2024\/11\/pexels-shawlw-804392-scaled-e1731408066703.jpg","type":"image\/jpeg"}],"author":"Samuel Alves","twitter_card":"summary_large_image","schema":{"@context":"https:\/\/schema.org","@graph":[{"@type":"Article","@id":"https:\/\/www.renouvelle.be\/fr\/bruxelles-les-primes-renolution-sont-de-retour\/#article","isPartOf":{"@id":"https:\/\/www.renouvelle.be\/fr\/bruxelles-les-primes-renolution-sont-de-retour\/"},"author":{"name":"Samuel Alves","@id":"https:\/\/www.renouvelle.be\/fr\/#\/schema\/person\/9d743366fb269eeceaa8d60e98d289d3"},"headline":"Bruxelles\u00a0: les primes RENOLUTION sont de retour\u00a0!","datePublished":"2024-11-12T10:44:55+00:00","dateModified":"2024-11-12T10:44:59+00:00","mainEntityOfPage":{"@id":"https:\/\/www.renouvelle.be\/fr\/bruxelles-les-primes-renolution-sont-de-retour\/"},"wordCount":251,"image":{"@id":"https:\/\/www.renouvelle.be\/fr\/bruxelles-les-primes-renolution-sont-de-retour\/#primaryimage"},"thumbnailUrl":"https:\/\/www.renouvelle.be\/wp-content\/uploads\/2024\/11\/pexels-shawlw-804392-scaled-e1731408066703.jpg","articleSection":["Actualit\u00e9","Actualit\u00e9 en Belgique"],"inLanguage":"fr-FR"},{"@type":"WebPage","@id":"https:\/\/www.renouvelle.be\/fr\/bruxelles-les-primes-renolution-sont-de-retour\/","url":"https:\/\/www.renouvelle.be\/fr\/bruxelles-les-primes-renolution-sont-de-retour\/","name":"Bruxelles\u00a0: les primes RENOLUTION sont de retour\u00a0! - Renouvelle","isPartOf":{"@id":"https:\/\/www.renouvelle.be\/fr\/#website"},"primaryImageOfPage":{"@id":"https:\/\/www.renouvelle.be\/fr\/bruxelles-les-primes-renolution-sont-de-retour\/#primaryimage"},"image":{"@id":"https:\/\/www.renouvelle.be\/fr\/bruxelles-les-primes-renolution-sont-de-retour\/#primaryimage"},"thumbnailUrl":"https:\/\/www.renouvelle.be\/wp-content\/uploads\/2024\/11\/pexels-shawlw-804392-scaled-e1731408066703.jpg","datePublished":"2024-11-12T10:44:55+00:00","dateModified":"2024-11-12T10:44:59+00:00","author":{"@id":"https:\/\/www.renouvelle.be\/fr\/#\/schema\/person\/9d743366fb269eeceaa8d60e98d289d3"},"description":"L'annonce de la fin du budget pour les primes RENOLUTION avait mis un coup \u00e0 certaines r\u00e9novations \u00e0 Bruxelles, mais elles sont de retour.","breadcrumb":{"@id":"https:\/\/www.renouvelle.be\/fr\/bruxelles-les-primes-renolution-sont-de-retour\/#breadcrumb"},"inLanguage":"fr-FR","potentialAction":[{"@type":"ReadAction","target":["https:\/\/www.renouvelle.be\/fr\/bruxelles-les-primes-renolution-sont-de-retour\/"]}]},{"@type":"ImageObject","inLanguage":"fr-FR","@id":"https:\/\/www.renouvelle.be\/fr\/bruxelles-les-primes-renolution-sont-de-retour\/#primaryimage","url":"https:\/\/www.renouvelle.be\/wp-content\/uploads\/2024\/11\/pexels-shawlw-804392-scaled-e1731408066703.jpg","contentUrl":"https:\/\/www.renouvelle.be\/wp-content\/uploads\/2024\/11\/pexels-shawlw-804392-scaled-e1731408066703.jpg","width":2560,"height":1570,"caption":"primes RENOLUTION"},{"@type":"BreadcrumbList","@id":"https:\/\/www.renouvelle.be\/fr\/bruxelles-les-primes-renolution-sont-de-retour\/#breadcrumb","itemListElement":[{"@type":"ListItem","position":1,"name":"Accueil","item":"https:\/\/www.renouvelle.be\/fr\/"},{"@type":"ListItem","position":2,"name":"Bruxelles\u00a0: les primes RENOLUTION sont de retour\u00a0!"}]},{"@type":"WebSite","@id":"https:\/\/www.renouvelle.be\/fr\/#website","url":"https:\/\/www.renouvelle.be\/fr\/","name":"Renouvelle","description":"L&#039;actualit\u00e9 de l&#039;\u00e9nergie durable","potentialAction":[{"@type":"SearchAction","target":{"@type":"EntryPoint","urlTemplate":"https:\/\/www.renouvelle.be\/fr\/?s={search_term_string}"},"query-input":{"@type":"PropertyValueSpecification","valueRequired":true,"valueName":"search_term_string"}}],"inLanguage":"fr-FR"},{"@type":"Person","@id":"https:\/\/www.renouvelle.be\/fr\/#\/schema\/person\/9d743366fb269eeceaa8d60e98d289d3","name":"Samuel Alves","url":"https:\/\/www.renouvelle.be\/fr\/author\/salves\/"}]}},"_links":{"self":[{"href":"https:\/\/www.renouvelle.be\/fr\/wp-json\/wp\/v2\/posts\/14078","targetHints":{"allow":["GET"]}}],"collection":[{"href":"https:\/\/www.renouvelle.be\/fr\/wp-json\/wp\/v2\/posts"}],"about":[{"href":"https:\/\/www.renouvelle.be\/fr\/wp-json\/wp\/v2\/types\/post"}],"author":[{"embeddable":true,"href":"https:\/\/www.renouvelle.be\/fr\/wp-json\/wp\/v2\/users\/38"}],"replies":[{"embeddable":true,"href":"https:\/\/www.renouvelle.be\/fr\/wp-json\/wp\/v2\/comments?post=14078"}],"version-history":[{"count":3,"href":"https:\/\/www.renouvelle.be\/fr\/wp-json\/wp\/v2\/posts\/14078\/revisions"}],"predecessor-version":[{"id":14083,"href":"https:\/\/www.renouvelle.be\/fr\/wp-json\/wp\/v2\/posts\/14078\/revisions\/14083"}],"wp:featuredmedia":[{"embeddable":true,"href":"https:\/\/www.renouvelle.be\/fr\/wp-json\/wp\/v2\/media\/14080"}],"wp:attachment":[{"href":"https:\/\/www.renouvelle.be\/fr\/wp-json\/wp\/v2\/media?parent=14078"}],"wp:term":[{"taxonomy":"category","embeddable":true,"href":"https:\/\/www.renouvelle.be\/fr\/wp-json\/wp\/v2\/categories?post=14078"},{"taxonomy":"post_tag","embeddable":true,"href":"https:\/\/www.renouvelle.be\/fr\/wp-json\/wp\/v2\/tags?post=14078"},{"taxonomy":"section","embeddable":true,"href":"https:\/\/www.renouvelle.be\/fr\/wp-json\/wp\/v2\/section?post=14078"}],"curies":[{"name":"wp","href":"https:\/\/api.w.org\/{rel}","templated":true}]}}