{"id":14052,"date":"2024-11-07T14:41:58","date_gmt":"2024-11-07T13:41:58","guid":{"rendered":"https:\/\/www.renouvelle.be\/?p=14052"},"modified":"2024-11-08T11:11:08","modified_gmt":"2024-11-08T10:11:08","slug":"du-verre-photovoltaique-recycle-pour-nos-vitres","status":"publish","type":"post","link":"https:\/\/www.renouvelle.be\/fr\/du-verre-photovoltaique-recycle-pour-nos-vitres\/","title":{"rendered":"Du verre photovolta\u00efque recycl\u00e9 dans nos vitres"},"content":{"rendered":"\n<p>Jusqu\u2019\u00e0 95 % des mat\u00e9riaux qui composent les panneaux photovolta\u00efques peuvent \u00eatre recycl\u00e9s. Le cadre en aluminium peut l\u2019\u00eatre \u00e0 100 %, tandis que les conducteurs en cuivre et en argent peuvent \u00eatre r\u00e9utilis\u00e9s. Pour le film plastique, il peut soit \u00eatre recycl\u00e9, soit \u00eatre transform\u00e9 en granul\u00e9s. En ce qui concerne les cellules en silicium, elles peuvent \u00eatre r\u00e9utilis\u00e9es jusqu\u2019\u00e0 4 fois. Un programme europ\u00e9en, appel\u00e9 <a href=\"https:\/\/www.renouvelle.be\/fr\/foresi-le-programme-europeen-de-recyclage-photovoltaique\/\" target=\"_blank\" rel=\"noreferrer noopener\">FORESi<\/a>, veut m\u00eame en am\u00e9liorer la r\u00e9cup\u00e9ration afin de d\u00e9velopper une r\u00e9elle circularit\u00e9 photovolta\u00efque sur le continent.<\/p>\n\n\n\n<p>Mais qu\u2019en est-il du verre photovolta\u00efque ? Tout comme l\u2019aluminium, celui-ci peut se recycler \u00e0 100 %. Actuellement, on peut le retrouver dans la composition de contenants en verre color\u00e9 ou encore dans des mat\u00e9riaux de construction sous forme de granulats ou de laine de verre pour l\u2019isolation des b\u00e2timents. Mais pour pouvoir le r\u00e9employer dans le verre plat, utilis\u00e9 pour la fabrication des vitres entre autres, un certain niveau de puret\u00e9 est n\u00e9cessaire. Or, atteindre celle-ci peut s\u2019av\u00e9rer \u00eatre un exercice difficile \u00e9tant donn\u00e9 que des impuret\u00e9s et r\u00e9sidus, comme des particules de m\u00e9tal, peuvent subsister apr\u00e8s recyclage.<\/p>\n\n\n\n<p>Repr\u00e9sentant la plus grande proportion dans la composition des panneaux solaires (70 \u00e0 80 %), sa r\u00e9int\u00e9gration dans l\u2019industrie du verre plat permettrait une diminution de 25 % d\u2019\u00e9nergie dans sa fabrication compar\u00e9e \u00e0 une production de verre neuf. Une occasion de rendre le processus \u00e0 la fois \u00e9conomique et durable sur laquelle a saut\u00e9 la start-up fran\u00e7aise <a href=\"https:\/\/www.rosi-solar.com\/fr\" target=\"_blank\" rel=\"noreferrer noopener\">Rosi<\/a>.<\/p>\n\n\n\n<p>Experte dans le recyclage des mati\u00e8res premi\u00e8res issues de l\u2019industrie solaire, elle l\u2019est aussi pour leur revalorisation. Elle vient de conclure un accord avec AGC Glass Europe, \u00e0 qui elle fournira annuellement des dizaines de milliers de tonnes de verre solaire recycl\u00e9. Ce partenariat permettra donc \u00e0 AGC Glass Europe, leader mondial de la fabrication de verre plat, de diminuer les \u00e9missions de carbone li\u00e9es \u00e0 sa production en r\u00e9utilisant d\u2019importantes quantit\u00e9s de verre photovolta\u00efque recycl\u00e9 (int\u00e9gration de calcin dans la cha\u00eene de production).<\/p>\n\n\n\n<p><\/p>\n","protected":false},"excerpt":{"rendered":"<p>Jusqu\u2019\u00e0 95 % des mat\u00e9riaux qui composent les panneaux photovolta\u00efques peuvent \u00eatre recycl\u00e9s. Le cadre en aluminium peut l\u2019\u00eatre \u00e0 100 %, tandis que les conducteurs en cuivre et en argent peuvent \u00eatre r\u00e9utilis\u00e9s. Pour le film plastique, il peut soit \u00eatre recycl\u00e9, soit \u00eatre transform\u00e9 en granul\u00e9s. En ce qui concerne les cellules en silicium, elles peuvent \u00eatre r\u00e9utilis\u00e9es jusqu\u2019\u00e0 4 fois. Un programme europ\u00e9en, appel\u00e9 FORESi, veut m\u00eame en am\u00e9liorer la r\u00e9cup\u00e9ration afin de d\u00e9velopper une r\u00e9elle circularit\u00e9 photovolta\u00efque sur le continent. Mais qu\u2019en est-il du verre photovolta\u00efque ? Tout comme l\u2019aluminium, celui-ci peut se recycler \u00e0 100 %. Actuellement, on peut le retrouver dans la composition de contenants en verre color\u00e9 ou encore dans des mat\u00e9riaux de construction sous forme de granulats ou de laine de verre pour l\u2019isolation des b\u00e2timents. Mais pour pouvoir le r\u00e9employer dans le verre plat, utilis\u00e9 pour la fabrication des vitres entre autres, un certain niveau de puret\u00e9 est n\u00e9cessaire. Or, atteindre celle-ci peut s\u2019av\u00e9rer \u00eatre un exercice difficile \u00e9tant donn\u00e9 que des impuret\u00e9s et r\u00e9sidus, comme des particules de m\u00e9tal, peuvent subsister apr\u00e8s recyclage. Repr\u00e9sentant la plus grande proportion dans la composition des panneaux solaires (70 \u00e0 80 %), sa r\u00e9int\u00e9gration dans l\u2019industrie du verre plat permettrait une diminution de 25 % d\u2019\u00e9nergie dans sa fabrication compar\u00e9e \u00e0 une production de verre neuf. Une occasion de rendre le processus \u00e0 la fois \u00e9conomique et durable sur laquelle a saut\u00e9 la start-up fran\u00e7aise Rosi. Experte dans le recyclage des mati\u00e8res premi\u00e8res issues de l\u2019industrie solaire, elle l\u2019est aussi pour leur revalorisation. Elle vient de conclure un accord avec AGC Glass Europe, \u00e0 qui elle fournira annuellement des dizaines de milliers de tonnes de verre solaire recycl\u00e9. Ce partenariat permettra donc \u00e0 AGC &hellip; <a href=\"https:\/\/www.renouvelle.be\/fr\/du-verre-photovoltaique-recycle-pour-nos-vitres\/\" class=\"more-link\">Continue reading<span class=\"screen-reader-text\"> \u00ab\u00a0Du verre photovolta\u00efque recycl\u00e9 dans nos vitres\u00a0\u00bb<\/span><\/a><\/p>\n","protected":false},"author":38,"featured_media":14055,"comment_status":"closed","ping_status":"closed","sticky":false,"template":"","format":"standard","meta":{"_acf_changed":false,"footnotes":""},"categories":[16,18],"tags":[],"section":[13],"class_list":["post-14052","post","type-post","status-publish","format-standard","has-post-thumbnail","hentry","category-actualite","category-actualite-internationale","section-solaire"],"acf":[],"yoast_head":"<!-- This site is optimized with the Yoast SEO plugin v27.5 - https:\/\/yoast.com\/product\/yoast-seo-wordpress\/ -->\n<title>Du verre photovolta\u00efque recycl\u00e9 dans nos vitres - Renouvelle<\/title>\n<meta name=\"description\" content=\"Aurons-nous bient\u00f4t des vitres en verre photovolta\u00efque recycl\u00e9 ? Rosi et AGC Glass Europe pourraient bient\u00f4t r\u00e9pondre \u00e0 cette demande.\" \/>\n<meta name=\"robots\" content=\"index, follow, max-snippet:-1, max-image-preview:large, max-video-preview:-1\" \/>\n<link rel=\"canonical\" href=\"https:\/\/www.renouvelle.be\/fr\/du-verre-photovoltaique-recycle-pour-nos-vitres\/\" \/>\n<meta property=\"og:locale\" content=\"fr_FR\" \/>\n<meta property=\"og:type\" content=\"article\" \/>\n<meta property=\"og:title\" content=\"Du verre photovolta\u00efque recycl\u00e9 dans nos vitres - Renouvelle\" \/>\n<meta property=\"og:description\" content=\"Aurons-nous bient\u00f4t des vitres en verre photovolta\u00efque recycl\u00e9 ? Rosi et AGC Glass Europe pourraient bient\u00f4t r\u00e9pondre \u00e0 cette demande.\" \/>\n<meta property=\"og:url\" content=\"https:\/\/www.renouvelle.be\/fr\/du-verre-photovoltaique-recycle-pour-nos-vitres\/\" \/>\n<meta property=\"og:site_name\" content=\"Renouvelle\" \/>\n<meta property=\"article:published_time\" content=\"2024-11-07T13:41:58+00:00\" \/>\n<meta property=\"article:modified_time\" content=\"2024-11-08T10:11:08+00:00\" \/>\n<meta property=\"og:image\" content=\"https:\/\/www.renouvelle.be\/wp-content\/uploads\/2024\/11\/pexels-cristian-rojas-8853509-scaled-e1730986123945.jpg\" \/>\n\t<meta property=\"og:image:width\" content=\"2560\" \/>\n\t<meta property=\"og:image:height\" content=\"1574\" \/>\n\t<meta property=\"og:image:type\" content=\"image\/jpeg\" \/>\n<meta name=\"author\" content=\"Samuel Alves\" \/>\n<meta name=\"twitter:card\" content=\"summary_large_image\" \/>\n<script type=\"application\/ld+json\" class=\"yoast-schema-graph\">{\"@context\":\"https:\\\/\\\/schema.org\",\"@graph\":[{\"@type\":\"Article\",\"@id\":\"https:\\\/\\\/www.renouvelle.be\\\/fr\\\/du-verre-photovoltaique-recycle-pour-nos-vitres\\\/#article\",\"isPartOf\":{\"@id\":\"https:\\\/\\\/www.renouvelle.be\\\/fr\\\/du-verre-photovoltaique-recycle-pour-nos-vitres\\\/\"},\"author\":{\"name\":\"Samuel Alves\",\"@id\":\"https:\\\/\\\/www.renouvelle.be\\\/fr\\\/#\\\/schema\\\/person\\\/9d743366fb269eeceaa8d60e98d289d3\"},\"headline\":\"Du verre photovolta\u00efque recycl\u00e9 dans nos vitres\",\"datePublished\":\"2024-11-07T13:41:58+00:00\",\"dateModified\":\"2024-11-08T10:11:08+00:00\",\"mainEntityOfPage\":{\"@id\":\"https:\\\/\\\/www.renouvelle.be\\\/fr\\\/du-verre-photovoltaique-recycle-pour-nos-vitres\\\/\"},\"wordCount\":362,\"image\":{\"@id\":\"https:\\\/\\\/www.renouvelle.be\\\/fr\\\/du-verre-photovoltaique-recycle-pour-nos-vitres\\\/#primaryimage\"},\"thumbnailUrl\":\"https:\\\/\\\/www.renouvelle.be\\\/wp-content\\\/uploads\\\/2024\\\/11\\\/pexels-cristian-rojas-8853509-scaled-e1730986123945.jpg\",\"articleSection\":[\"Actualit\u00e9\",\"Actualit\u00e9 internationale\"],\"inLanguage\":\"fr-FR\"},{\"@type\":\"WebPage\",\"@id\":\"https:\\\/\\\/www.renouvelle.be\\\/fr\\\/du-verre-photovoltaique-recycle-pour-nos-vitres\\\/\",\"url\":\"https:\\\/\\\/www.renouvelle.be\\\/fr\\\/du-verre-photovoltaique-recycle-pour-nos-vitres\\\/\",\"name\":\"Du verre photovolta\u00efque recycl\u00e9 dans nos vitres - Renouvelle\",\"isPartOf\":{\"@id\":\"https:\\\/\\\/www.renouvelle.be\\\/fr\\\/#website\"},\"primaryImageOfPage\":{\"@id\":\"https:\\\/\\\/www.renouvelle.be\\\/fr\\\/du-verre-photovoltaique-recycle-pour-nos-vitres\\\/#primaryimage\"},\"image\":{\"@id\":\"https:\\\/\\\/www.renouvelle.be\\\/fr\\\/du-verre-photovoltaique-recycle-pour-nos-vitres\\\/#primaryimage\"},\"thumbnailUrl\":\"https:\\\/\\\/www.renouvelle.be\\\/wp-content\\\/uploads\\\/2024\\\/11\\\/pexels-cristian-rojas-8853509-scaled-e1730986123945.jpg\",\"datePublished\":\"2024-11-07T13:41:58+00:00\",\"dateModified\":\"2024-11-08T10:11:08+00:00\",\"author\":{\"@id\":\"https:\\\/\\\/www.renouvelle.be\\\/fr\\\/#\\\/schema\\\/person\\\/9d743366fb269eeceaa8d60e98d289d3\"},\"description\":\"Aurons-nous bient\u00f4t des vitres en verre photovolta\u00efque recycl\u00e9 ? Rosi et AGC Glass Europe pourraient bient\u00f4t r\u00e9pondre \u00e0 cette demande.\",\"breadcrumb\":{\"@id\":\"https:\\\/\\\/www.renouvelle.be\\\/fr\\\/du-verre-photovoltaique-recycle-pour-nos-vitres\\\/#breadcrumb\"},\"inLanguage\":\"fr-FR\",\"potentialAction\":[{\"@type\":\"ReadAction\",\"target\":[\"https:\\\/\\\/www.renouvelle.be\\\/fr\\\/du-verre-photovoltaique-recycle-pour-nos-vitres\\\/\"]}]},{\"@type\":\"ImageObject\",\"inLanguage\":\"fr-FR\",\"@id\":\"https:\\\/\\\/www.renouvelle.be\\\/fr\\\/du-verre-photovoltaique-recycle-pour-nos-vitres\\\/#primaryimage\",\"url\":\"https:\\\/\\\/www.renouvelle.be\\\/wp-content\\\/uploads\\\/2024\\\/11\\\/pexels-cristian-rojas-8853509-scaled-e1730986123945.jpg\",\"contentUrl\":\"https:\\\/\\\/www.renouvelle.be\\\/wp-content\\\/uploads\\\/2024\\\/11\\\/pexels-cristian-rojas-8853509-scaled-e1730986123945.jpg\",\"width\":2560,\"height\":1574,\"caption\":\"verre photovolta\u00efque recycl\u00e9\"},{\"@type\":\"BreadcrumbList\",\"@id\":\"https:\\\/\\\/www.renouvelle.be\\\/fr\\\/du-verre-photovoltaique-recycle-pour-nos-vitres\\\/#breadcrumb\",\"itemListElement\":[{\"@type\":\"ListItem\",\"position\":1,\"name\":\"Accueil\",\"item\":\"https:\\\/\\\/www.renouvelle.be\\\/fr\\\/\"},{\"@type\":\"ListItem\",\"position\":2,\"name\":\"Du verre photovolta\u00efque recycl\u00e9 dans nos vitres\"}]},{\"@type\":\"WebSite\",\"@id\":\"https:\\\/\\\/www.renouvelle.be\\\/fr\\\/#website\",\"url\":\"https:\\\/\\\/www.renouvelle.be\\\/fr\\\/\",\"name\":\"Renouvelle\",\"description\":\"L&#039;actualit\u00e9 de l&#039;\u00e9nergie durable\",\"potentialAction\":[{\"@type\":\"SearchAction\",\"target\":{\"@type\":\"EntryPoint\",\"urlTemplate\":\"https:\\\/\\\/www.renouvelle.be\\\/fr\\\/?s={search_term_string}\"},\"query-input\":{\"@type\":\"PropertyValueSpecification\",\"valueRequired\":true,\"valueName\":\"search_term_string\"}}],\"inLanguage\":\"fr-FR\"},{\"@type\":\"Person\",\"@id\":\"https:\\\/\\\/www.renouvelle.be\\\/fr\\\/#\\\/schema\\\/person\\\/9d743366fb269eeceaa8d60e98d289d3\",\"name\":\"Samuel Alves\",\"url\":\"https:\\\/\\\/www.renouvelle.be\\\/fr\\\/author\\\/salves\\\/\"}]}<\/script>\n<!-- \/ Yoast SEO plugin. -->","yoast_head_json":{"title":"Du verre photovolta\u00efque recycl\u00e9 dans nos vitres - Renouvelle","description":"Aurons-nous bient\u00f4t des vitres en verre photovolta\u00efque recycl\u00e9 ? Rosi et AGC Glass Europe pourraient bient\u00f4t r\u00e9pondre \u00e0 cette demande.","robots":{"index":"index","follow":"follow","max-snippet":"max-snippet:-1","max-image-preview":"max-image-preview:large","max-video-preview":"max-video-preview:-1"},"canonical":"https:\/\/www.renouvelle.be\/fr\/du-verre-photovoltaique-recycle-pour-nos-vitres\/","og_locale":"fr_FR","og_type":"article","og_title":"Du verre photovolta\u00efque recycl\u00e9 dans nos vitres - Renouvelle","og_description":"Aurons-nous bient\u00f4t des vitres en verre photovolta\u00efque recycl\u00e9 ? Rosi et AGC Glass Europe pourraient bient\u00f4t r\u00e9pondre \u00e0 cette demande.","og_url":"https:\/\/www.renouvelle.be\/fr\/du-verre-photovoltaique-recycle-pour-nos-vitres\/","og_site_name":"Renouvelle","article_published_time":"2024-11-07T13:41:58+00:00","article_modified_time":"2024-11-08T10:11:08+00:00","og_image":[{"width":2560,"height":1574,"url":"https:\/\/www.renouvelle.be\/wp-content\/uploads\/2024\/11\/pexels-cristian-rojas-8853509-scaled-e1730986123945.jpg","type":"image\/jpeg"}],"author":"Samuel Alves","twitter_card":"summary_large_image","schema":{"@context":"https:\/\/schema.org","@graph":[{"@type":"Article","@id":"https:\/\/www.renouvelle.be\/fr\/du-verre-photovoltaique-recycle-pour-nos-vitres\/#article","isPartOf":{"@id":"https:\/\/www.renouvelle.be\/fr\/du-verre-photovoltaique-recycle-pour-nos-vitres\/"},"author":{"name":"Samuel Alves","@id":"https:\/\/www.renouvelle.be\/fr\/#\/schema\/person\/9d743366fb269eeceaa8d60e98d289d3"},"headline":"Du verre photovolta\u00efque recycl\u00e9 dans nos vitres","datePublished":"2024-11-07T13:41:58+00:00","dateModified":"2024-11-08T10:11:08+00:00","mainEntityOfPage":{"@id":"https:\/\/www.renouvelle.be\/fr\/du-verre-photovoltaique-recycle-pour-nos-vitres\/"},"wordCount":362,"image":{"@id":"https:\/\/www.renouvelle.be\/fr\/du-verre-photovoltaique-recycle-pour-nos-vitres\/#primaryimage"},"thumbnailUrl":"https:\/\/www.renouvelle.be\/wp-content\/uploads\/2024\/11\/pexels-cristian-rojas-8853509-scaled-e1730986123945.jpg","articleSection":["Actualit\u00e9","Actualit\u00e9 internationale"],"inLanguage":"fr-FR"},{"@type":"WebPage","@id":"https:\/\/www.renouvelle.be\/fr\/du-verre-photovoltaique-recycle-pour-nos-vitres\/","url":"https:\/\/www.renouvelle.be\/fr\/du-verre-photovoltaique-recycle-pour-nos-vitres\/","name":"Du verre photovolta\u00efque recycl\u00e9 dans nos vitres - Renouvelle","isPartOf":{"@id":"https:\/\/www.renouvelle.be\/fr\/#website"},"primaryImageOfPage":{"@id":"https:\/\/www.renouvelle.be\/fr\/du-verre-photovoltaique-recycle-pour-nos-vitres\/#primaryimage"},"image":{"@id":"https:\/\/www.renouvelle.be\/fr\/du-verre-photovoltaique-recycle-pour-nos-vitres\/#primaryimage"},"thumbnailUrl":"https:\/\/www.renouvelle.be\/wp-content\/uploads\/2024\/11\/pexels-cristian-rojas-8853509-scaled-e1730986123945.jpg","datePublished":"2024-11-07T13:41:58+00:00","dateModified":"2024-11-08T10:11:08+00:00","author":{"@id":"https:\/\/www.renouvelle.be\/fr\/#\/schema\/person\/9d743366fb269eeceaa8d60e98d289d3"},"description":"Aurons-nous bient\u00f4t des vitres en verre photovolta\u00efque recycl\u00e9 ? Rosi et AGC Glass Europe pourraient bient\u00f4t r\u00e9pondre \u00e0 cette demande.","breadcrumb":{"@id":"https:\/\/www.renouvelle.be\/fr\/du-verre-photovoltaique-recycle-pour-nos-vitres\/#breadcrumb"},"inLanguage":"fr-FR","potentialAction":[{"@type":"ReadAction","target":["https:\/\/www.renouvelle.be\/fr\/du-verre-photovoltaique-recycle-pour-nos-vitres\/"]}]},{"@type":"ImageObject","inLanguage":"fr-FR","@id":"https:\/\/www.renouvelle.be\/fr\/du-verre-photovoltaique-recycle-pour-nos-vitres\/#primaryimage","url":"https:\/\/www.renouvelle.be\/wp-content\/uploads\/2024\/11\/pexels-cristian-rojas-8853509-scaled-e1730986123945.jpg","contentUrl":"https:\/\/www.renouvelle.be\/wp-content\/uploads\/2024\/11\/pexels-cristian-rojas-8853509-scaled-e1730986123945.jpg","width":2560,"height":1574,"caption":"verre photovolta\u00efque recycl\u00e9"},{"@type":"BreadcrumbList","@id":"https:\/\/www.renouvelle.be\/fr\/du-verre-photovoltaique-recycle-pour-nos-vitres\/#breadcrumb","itemListElement":[{"@type":"ListItem","position":1,"name":"Accueil","item":"https:\/\/www.renouvelle.be\/fr\/"},{"@type":"ListItem","position":2,"name":"Du verre photovolta\u00efque recycl\u00e9 dans nos vitres"}]},{"@type":"WebSite","@id":"https:\/\/www.renouvelle.be\/fr\/#website","url":"https:\/\/www.renouvelle.be\/fr\/","name":"Renouvelle","description":"L&#039;actualit\u00e9 de l&#039;\u00e9nergie durable","potentialAction":[{"@type":"SearchAction","target":{"@type":"EntryPoint","urlTemplate":"https:\/\/www.renouvelle.be\/fr\/?s={search_term_string}"},"query-input":{"@type":"PropertyValueSpecification","valueRequired":true,"valueName":"search_term_string"}}],"inLanguage":"fr-FR"},{"@type":"Person","@id":"https:\/\/www.renouvelle.be\/fr\/#\/schema\/person\/9d743366fb269eeceaa8d60e98d289d3","name":"Samuel Alves","url":"https:\/\/www.renouvelle.be\/fr\/author\/salves\/"}]}},"_links":{"self":[{"href":"https:\/\/www.renouvelle.be\/fr\/wp-json\/wp\/v2\/posts\/14052","targetHints":{"allow":["GET"]}}],"collection":[{"href":"https:\/\/www.renouvelle.be\/fr\/wp-json\/wp\/v2\/posts"}],"about":[{"href":"https:\/\/www.renouvelle.be\/fr\/wp-json\/wp\/v2\/types\/post"}],"author":[{"embeddable":true,"href":"https:\/\/www.renouvelle.be\/fr\/wp-json\/wp\/v2\/users\/38"}],"replies":[{"embeddable":true,"href":"https:\/\/www.renouvelle.be\/fr\/wp-json\/wp\/v2\/comments?post=14052"}],"version-history":[{"count":5,"href":"https:\/\/www.renouvelle.be\/fr\/wp-json\/wp\/v2\/posts\/14052\/revisions"}],"predecessor-version":[{"id":14062,"href":"https:\/\/www.renouvelle.be\/fr\/wp-json\/wp\/v2\/posts\/14052\/revisions\/14062"}],"wp:featuredmedia":[{"embeddable":true,"href":"https:\/\/www.renouvelle.be\/fr\/wp-json\/wp\/v2\/media\/14055"}],"wp:attachment":[{"href":"https:\/\/www.renouvelle.be\/fr\/wp-json\/wp\/v2\/media?parent=14052"}],"wp:term":[{"taxonomy":"category","embeddable":true,"href":"https:\/\/www.renouvelle.be\/fr\/wp-json\/wp\/v2\/categories?post=14052"},{"taxonomy":"post_tag","embeddable":true,"href":"https:\/\/www.renouvelle.be\/fr\/wp-json\/wp\/v2\/tags?post=14052"},{"taxonomy":"section","embeddable":true,"href":"https:\/\/www.renouvelle.be\/fr\/wp-json\/wp\/v2\/section?post=14052"}],"curies":[{"name":"wp","href":"https:\/\/api.w.org\/{rel}","templated":true}]}}