{"id":14045,"date":"2024-11-07T09:32:57","date_gmt":"2024-11-07T08:32:57","guid":{"rendered":"https:\/\/www.renouvelle.be\/?p=14045"},"modified":"2024-11-07T15:00:01","modified_gmt":"2024-11-07T14:00:01","slug":"hausse-des-couts-pour-lile-energetique-princesse-elisabeth","status":"publish","type":"post","link":"https:\/\/www.renouvelle.be\/fr\/hausse-des-couts-pour-lile-energetique-princesse-elisabeth\/","title":{"rendered":"Hausse des co\u00fbts pour l\u2019\u00eele \u00e9nerg\u00e9tique Princesse Elisabeth\u00a0"},"content":{"rendered":"\n<p>Il y a un peu plus de 6 mois, Elia d\u00e9marrait la construction de ce qui devait \u00eatre la premi\u00e8re \u00eele \u00e9nerg\u00e9tique au monde. Mais celle-ci pourrait \u00eatre mise en pause, voire remise en cause. La raison ? Une hausse des co\u00fbts li\u00e9e \u00e0 une p\u00e9nurie dans le secteur de l\u2019approvisionnement en infrastructures \u00e0 haute tension. La n\u00e9cessaire transition \u00e9nerg\u00e9tique, devant s\u2019acc\u00e9l\u00e9rer pour atteindre les objectifs de neutralit\u00e9 climatique d\u2019ici 2050, voit la multiplication des projets cr\u00e9er une tension sur les march\u00e9s. Ajoutons \u00e0 cela l\u2019inflation r\u00e9sultant du conflit en Ukraine, et on obtient une \u00e9quation qui alourdit la facture.<\/p>\n\n\n\n<p>Estim\u00e9 \u00e0 2,2 milliards d\u2019euros en 2021, le montant initial pourrait \u00eatre en r\u00e9alit\u00e9 trois fois sup\u00e9rieur. Ce dernier atteindrait, finalement, 6,8 milliards d\u2019euros si l\u2019on en croit l\u2019avertissement lanc\u00e9 par la CREG. Face \u00e0 ces importants surco\u00fbts, la Febeliec (f\u00e9d\u00e9ration belge des consommateurs industriels d\u2019\u00e9nergie) demande la mise en suspens du projet afin de le r\u00e9\u00e9valuer, inqui\u00e8te d&rsquo;une possible envol\u00e9e des prix de l&rsquo;\u00e9lectricit\u00e9 pour en compenser le surco\u00fbt.<\/p>\n\n\n\n<h2 class=\"wp-block-heading\"><strong>La transition \u00e9nerg\u00e9tique belge remise \u00e0 plus tard ?<\/strong><\/h2>\n\n\n\n<p>Pour rappel, p\u00f4le \u00e9nerg\u00e9tique de <a href=\"https:\/\/www.renouvelle.be\/fr\/la-construction-de-ile-energetique-princesse-elisabeth-a-debute\/\" target=\"_blank\" rel=\"noreferrer noopener\">la zone \u00e9olienne<\/a> Princesse Elisabeth en mer du Nord, l\u2019\u00eele centralisera la puissance de futures \u00e9oliennes, dont la mise en service est pr\u00e9vue pour 2028. Cette puissance install\u00e9e est estim\u00e9e \u00e0 3,5 GW d\u2019ici 2030 et \u00e0 8 GW en 2040. L\u2019\u00eele devrait \u00e9galement servir de \u00ab hub \u00bb \u00e9nerg\u00e9tique en raccordant des c\u00e2bles d\u2019interconnexion avec d\u2019autres pays comme le Danemark ou le Royaume-Uni.<\/p>\n\n\n\n<p>Malgr\u00e9 l\u2019importante augmentation du budget, la ministre f\u00e9d\u00e9rale de l\u2019\u00c9nergie, Tinne Van der Straeten, estime qu\u2019il est trop t\u00f4t pour d\u00e9cider d\u2019un \u00e9ventuel report du projet. Cette derni\u00e8re a rappel\u00e9, en commission \u00e0 la Chambre, l\u2019importance de l\u2019\u00eele pour l\u2019approvisionnement en \u00e9lectricit\u00e9 de la Belgique. Avec, d\u2019ici 2030 \u00e0 2032, 25 \u00e0 30 TWh d\u2019\u00e9lectricit\u00e9 produite, elle pourrait r\u00e9pondre \u00e0 un tiers des besoins \u00e9nerg\u00e9tiques du pays.<\/p>\n\n\n\n<p>La semaine prochaine, Elia et la CREG seront entendus le 12 novembre \u00e0 propos des cons\u00e9quences qu\u2019entra\u00eenerait un \u00e9ventuel report du projet ainsi que d\u2019autres solutions possibles.<\/p>\n","protected":false},"excerpt":{"rendered":"<p>Il y a un peu plus de 6 mois, Elia d\u00e9marrait la construction de ce qui devait \u00eatre la premi\u00e8re \u00eele \u00e9nerg\u00e9tique au monde. Mais celle-ci pourrait \u00eatre mise en pause, voire remise en cause. La raison ? Une hausse des co\u00fbts li\u00e9e \u00e0 une p\u00e9nurie dans le secteur de l\u2019approvisionnement en infrastructures \u00e0 haute tension. La n\u00e9cessaire transition \u00e9nerg\u00e9tique, devant s\u2019acc\u00e9l\u00e9rer pour atteindre les objectifs de neutralit\u00e9 climatique d\u2019ici 2050, voit la multiplication des projets cr\u00e9er une tension sur les march\u00e9s. Ajoutons \u00e0 cela l\u2019inflation r\u00e9sultant du conflit en Ukraine, et on obtient une \u00e9quation qui alourdit la facture. Estim\u00e9 \u00e0 2,2 milliards d\u2019euros en 2021, le montant initial pourrait \u00eatre en r\u00e9alit\u00e9 trois fois sup\u00e9rieur. Ce dernier atteindrait, finalement, 6,8 milliards d\u2019euros si l\u2019on en croit l\u2019avertissement lanc\u00e9 par la CREG. Face \u00e0 ces importants surco\u00fbts, la Febeliec (f\u00e9d\u00e9ration belge des consommateurs industriels d\u2019\u00e9nergie) demande la mise en suspens du projet afin de le r\u00e9\u00e9valuer, inqui\u00e8te d&rsquo;une possible envol\u00e9e des prix de l&rsquo;\u00e9lectricit\u00e9 pour en compenser le surco\u00fbt. La transition \u00e9nerg\u00e9tique belge remise \u00e0 plus tard ? Pour rappel, p\u00f4le \u00e9nerg\u00e9tique de la zone \u00e9olienne Princesse Elisabeth en mer du Nord, l\u2019\u00eele centralisera la puissance de futures \u00e9oliennes, dont la mise en service est pr\u00e9vue pour 2028. Cette puissance install\u00e9e est estim\u00e9e \u00e0 3,5 GW d\u2019ici 2030 et \u00e0 8 GW en 2040. L\u2019\u00eele devrait \u00e9galement servir de \u00ab hub \u00bb \u00e9nerg\u00e9tique en raccordant des c\u00e2bles d\u2019interconnexion avec d\u2019autres pays comme le Danemark ou le Royaume-Uni. Malgr\u00e9 l\u2019importante augmentation du budget, la ministre f\u00e9d\u00e9rale de l\u2019\u00c9nergie, Tinne Van der Straeten, estime qu\u2019il est trop t\u00f4t pour d\u00e9cider d\u2019un \u00e9ventuel report du projet. Cette derni\u00e8re a rappel\u00e9, en commission \u00e0 la Chambre, l\u2019importance de l\u2019\u00eele pour l\u2019approvisionnement en \u00e9lectricit\u00e9 &hellip; <a href=\"https:\/\/www.renouvelle.be\/fr\/hausse-des-couts-pour-lile-energetique-princesse-elisabeth\/\" class=\"more-link\">Continue reading<span class=\"screen-reader-text\"> \u00ab\u00a0Hausse des co\u00fbts pour l\u2019\u00eele \u00e9nerg\u00e9tique Princesse Elisabeth\u00a0\u00ab\u00a0<\/span><\/a><\/p>\n","protected":false},"author":38,"featured_media":14048,"comment_status":"closed","ping_status":"closed","sticky":false,"template":"","format":"standard","meta":{"_acf_changed":false,"footnotes":""},"categories":[16,17],"tags":[],"section":[6],"class_list":["post-14045","post","type-post","status-publish","format-standard","has-post-thumbnail","hentry","category-actualite","category-actualite-en-belgique","section-eolien"],"acf":[],"yoast_head":"<!-- This site is optimized with the Yoast SEO plugin v27.5 - https:\/\/yoast.com\/product\/yoast-seo-wordpress\/ -->\n<title>Hausse des co\u00fbts pour l\u2019\u00eele \u00e9nerg\u00e9tique Princesse Elisabeth\u00a0 - Renouvelle<\/title>\n<meta name=\"description\" content=\"La hausse des co\u00fbts de construction de l&#039;\u00eele \u00e9nerg\u00e9tique Princesse Elisabeth mettrait-elle en p\u00e9ril le projet ?\" \/>\n<meta name=\"robots\" content=\"index, follow, max-snippet:-1, max-image-preview:large, max-video-preview:-1\" \/>\n<link rel=\"canonical\" href=\"https:\/\/www.renouvelle.be\/fr\/hausse-des-couts-pour-lile-energetique-princesse-elisabeth\/\" \/>\n<meta property=\"og:locale\" content=\"fr_FR\" \/>\n<meta property=\"og:type\" content=\"article\" \/>\n<meta property=\"og:title\" content=\"Hausse des co\u00fbts pour l\u2019\u00eele \u00e9nerg\u00e9tique Princesse Elisabeth\u00a0 - Renouvelle\" \/>\n<meta property=\"og:description\" content=\"La hausse des co\u00fbts de construction de l&#039;\u00eele \u00e9nerg\u00e9tique Princesse Elisabeth mettrait-elle en p\u00e9ril le projet ?\" \/>\n<meta property=\"og:url\" content=\"https:\/\/www.renouvelle.be\/fr\/hausse-des-couts-pour-lile-energetique-princesse-elisabeth\/\" \/>\n<meta property=\"og:site_name\" content=\"Renouvelle\" \/>\n<meta property=\"article:published_time\" content=\"2024-11-07T08:32:57+00:00\" \/>\n<meta property=\"article:modified_time\" content=\"2024-11-07T14:00:01+00:00\" \/>\n<meta property=\"og:image\" content=\"https:\/\/www.renouvelle.be\/wp-content\/uploads\/2024\/11\/pexels-jaralol-27197661-scaled-e1730968301237.jpg\" \/>\n\t<meta property=\"og:image:width\" content=\"2560\" \/>\n\t<meta property=\"og:image:height\" content=\"1625\" \/>\n\t<meta property=\"og:image:type\" content=\"image\/jpeg\" \/>\n<meta name=\"author\" content=\"Samuel Alves\" \/>\n<meta name=\"twitter:card\" content=\"summary_large_image\" \/>\n<script type=\"application\/ld+json\" class=\"yoast-schema-graph\">{\"@context\":\"https:\\\/\\\/schema.org\",\"@graph\":[{\"@type\":\"Article\",\"@id\":\"https:\\\/\\\/www.renouvelle.be\\\/fr\\\/hausse-des-couts-pour-lile-energetique-princesse-elisabeth\\\/#article\",\"isPartOf\":{\"@id\":\"https:\\\/\\\/www.renouvelle.be\\\/fr\\\/hausse-des-couts-pour-lile-energetique-princesse-elisabeth\\\/\"},\"author\":{\"name\":\"Samuel Alves\",\"@id\":\"https:\\\/\\\/www.renouvelle.be\\\/fr\\\/#\\\/schema\\\/person\\\/9d743366fb269eeceaa8d60e98d289d3\"},\"headline\":\"Hausse des co\u00fbts pour l\u2019\u00eele \u00e9nerg\u00e9tique Princesse Elisabeth\u00a0\",\"datePublished\":\"2024-11-07T08:32:57+00:00\",\"dateModified\":\"2024-11-07T14:00:01+00:00\",\"mainEntityOfPage\":{\"@id\":\"https:\\\/\\\/www.renouvelle.be\\\/fr\\\/hausse-des-couts-pour-lile-energetique-princesse-elisabeth\\\/\"},\"wordCount\":387,\"image\":{\"@id\":\"https:\\\/\\\/www.renouvelle.be\\\/fr\\\/hausse-des-couts-pour-lile-energetique-princesse-elisabeth\\\/#primaryimage\"},\"thumbnailUrl\":\"https:\\\/\\\/www.renouvelle.be\\\/wp-content\\\/uploads\\\/2024\\\/11\\\/pexels-jaralol-27197661-scaled-e1730968301237.jpg\",\"articleSection\":[\"Actualit\u00e9\",\"Actualit\u00e9 en Belgique\"],\"inLanguage\":\"fr-FR\"},{\"@type\":\"WebPage\",\"@id\":\"https:\\\/\\\/www.renouvelle.be\\\/fr\\\/hausse-des-couts-pour-lile-energetique-princesse-elisabeth\\\/\",\"url\":\"https:\\\/\\\/www.renouvelle.be\\\/fr\\\/hausse-des-couts-pour-lile-energetique-princesse-elisabeth\\\/\",\"name\":\"Hausse des co\u00fbts pour l\u2019\u00eele \u00e9nerg\u00e9tique Princesse Elisabeth\u00a0 - Renouvelle\",\"isPartOf\":{\"@id\":\"https:\\\/\\\/www.renouvelle.be\\\/fr\\\/#website\"},\"primaryImageOfPage\":{\"@id\":\"https:\\\/\\\/www.renouvelle.be\\\/fr\\\/hausse-des-couts-pour-lile-energetique-princesse-elisabeth\\\/#primaryimage\"},\"image\":{\"@id\":\"https:\\\/\\\/www.renouvelle.be\\\/fr\\\/hausse-des-couts-pour-lile-energetique-princesse-elisabeth\\\/#primaryimage\"},\"thumbnailUrl\":\"https:\\\/\\\/www.renouvelle.be\\\/wp-content\\\/uploads\\\/2024\\\/11\\\/pexels-jaralol-27197661-scaled-e1730968301237.jpg\",\"datePublished\":\"2024-11-07T08:32:57+00:00\",\"dateModified\":\"2024-11-07T14:00:01+00:00\",\"author\":{\"@id\":\"https:\\\/\\\/www.renouvelle.be\\\/fr\\\/#\\\/schema\\\/person\\\/9d743366fb269eeceaa8d60e98d289d3\"},\"description\":\"La hausse des co\u00fbts de construction de l'\u00eele \u00e9nerg\u00e9tique Princesse Elisabeth mettrait-elle en p\u00e9ril le projet ?\",\"breadcrumb\":{\"@id\":\"https:\\\/\\\/www.renouvelle.be\\\/fr\\\/hausse-des-couts-pour-lile-energetique-princesse-elisabeth\\\/#breadcrumb\"},\"inLanguage\":\"fr-FR\",\"potentialAction\":[{\"@type\":\"ReadAction\",\"target\":[\"https:\\\/\\\/www.renouvelle.be\\\/fr\\\/hausse-des-couts-pour-lile-energetique-princesse-elisabeth\\\/\"]}]},{\"@type\":\"ImageObject\",\"inLanguage\":\"fr-FR\",\"@id\":\"https:\\\/\\\/www.renouvelle.be\\\/fr\\\/hausse-des-couts-pour-lile-energetique-princesse-elisabeth\\\/#primaryimage\",\"url\":\"https:\\\/\\\/www.renouvelle.be\\\/wp-content\\\/uploads\\\/2024\\\/11\\\/pexels-jaralol-27197661-scaled-e1730968301237.jpg\",\"contentUrl\":\"https:\\\/\\\/www.renouvelle.be\\\/wp-content\\\/uploads\\\/2024\\\/11\\\/pexels-jaralol-27197661-scaled-e1730968301237.jpg\",\"width\":2560,\"height\":1625,\"caption\":\"co\u00fbts \u00eele \u00e9nerg\u00e9tique\"},{\"@type\":\"BreadcrumbList\",\"@id\":\"https:\\\/\\\/www.renouvelle.be\\\/fr\\\/hausse-des-couts-pour-lile-energetique-princesse-elisabeth\\\/#breadcrumb\",\"itemListElement\":[{\"@type\":\"ListItem\",\"position\":1,\"name\":\"Accueil\",\"item\":\"https:\\\/\\\/www.renouvelle.be\\\/fr\\\/\"},{\"@type\":\"ListItem\",\"position\":2,\"name\":\"Hausse des co\u00fbts pour l\u2019\u00eele \u00e9nerg\u00e9tique Princesse Elisabeth\u00a0\"}]},{\"@type\":\"WebSite\",\"@id\":\"https:\\\/\\\/www.renouvelle.be\\\/fr\\\/#website\",\"url\":\"https:\\\/\\\/www.renouvelle.be\\\/fr\\\/\",\"name\":\"Renouvelle\",\"description\":\"L&#039;actualit\u00e9 de l&#039;\u00e9nergie durable\",\"potentialAction\":[{\"@type\":\"SearchAction\",\"target\":{\"@type\":\"EntryPoint\",\"urlTemplate\":\"https:\\\/\\\/www.renouvelle.be\\\/fr\\\/?s={search_term_string}\"},\"query-input\":{\"@type\":\"PropertyValueSpecification\",\"valueRequired\":true,\"valueName\":\"search_term_string\"}}],\"inLanguage\":\"fr-FR\"},{\"@type\":\"Person\",\"@id\":\"https:\\\/\\\/www.renouvelle.be\\\/fr\\\/#\\\/schema\\\/person\\\/9d743366fb269eeceaa8d60e98d289d3\",\"name\":\"Samuel Alves\",\"url\":\"https:\\\/\\\/www.renouvelle.be\\\/fr\\\/author\\\/salves\\\/\"}]}<\/script>\n<!-- \/ Yoast SEO plugin. -->","yoast_head_json":{"title":"Hausse des co\u00fbts pour l\u2019\u00eele \u00e9nerg\u00e9tique Princesse Elisabeth\u00a0 - Renouvelle","description":"La hausse des co\u00fbts de construction de l'\u00eele \u00e9nerg\u00e9tique Princesse Elisabeth mettrait-elle en p\u00e9ril le projet ?","robots":{"index":"index","follow":"follow","max-snippet":"max-snippet:-1","max-image-preview":"max-image-preview:large","max-video-preview":"max-video-preview:-1"},"canonical":"https:\/\/www.renouvelle.be\/fr\/hausse-des-couts-pour-lile-energetique-princesse-elisabeth\/","og_locale":"fr_FR","og_type":"article","og_title":"Hausse des co\u00fbts pour l\u2019\u00eele \u00e9nerg\u00e9tique Princesse Elisabeth\u00a0 - Renouvelle","og_description":"La hausse des co\u00fbts de construction de l'\u00eele \u00e9nerg\u00e9tique Princesse Elisabeth mettrait-elle en p\u00e9ril le projet ?","og_url":"https:\/\/www.renouvelle.be\/fr\/hausse-des-couts-pour-lile-energetique-princesse-elisabeth\/","og_site_name":"Renouvelle","article_published_time":"2024-11-07T08:32:57+00:00","article_modified_time":"2024-11-07T14:00:01+00:00","og_image":[{"width":2560,"height":1625,"url":"https:\/\/www.renouvelle.be\/wp-content\/uploads\/2024\/11\/pexels-jaralol-27197661-scaled-e1730968301237.jpg","type":"image\/jpeg"}],"author":"Samuel Alves","twitter_card":"summary_large_image","schema":{"@context":"https:\/\/schema.org","@graph":[{"@type":"Article","@id":"https:\/\/www.renouvelle.be\/fr\/hausse-des-couts-pour-lile-energetique-princesse-elisabeth\/#article","isPartOf":{"@id":"https:\/\/www.renouvelle.be\/fr\/hausse-des-couts-pour-lile-energetique-princesse-elisabeth\/"},"author":{"name":"Samuel Alves","@id":"https:\/\/www.renouvelle.be\/fr\/#\/schema\/person\/9d743366fb269eeceaa8d60e98d289d3"},"headline":"Hausse des co\u00fbts pour l\u2019\u00eele \u00e9nerg\u00e9tique Princesse Elisabeth\u00a0","datePublished":"2024-11-07T08:32:57+00:00","dateModified":"2024-11-07T14:00:01+00:00","mainEntityOfPage":{"@id":"https:\/\/www.renouvelle.be\/fr\/hausse-des-couts-pour-lile-energetique-princesse-elisabeth\/"},"wordCount":387,"image":{"@id":"https:\/\/www.renouvelle.be\/fr\/hausse-des-couts-pour-lile-energetique-princesse-elisabeth\/#primaryimage"},"thumbnailUrl":"https:\/\/www.renouvelle.be\/wp-content\/uploads\/2024\/11\/pexels-jaralol-27197661-scaled-e1730968301237.jpg","articleSection":["Actualit\u00e9","Actualit\u00e9 en Belgique"],"inLanguage":"fr-FR"},{"@type":"WebPage","@id":"https:\/\/www.renouvelle.be\/fr\/hausse-des-couts-pour-lile-energetique-princesse-elisabeth\/","url":"https:\/\/www.renouvelle.be\/fr\/hausse-des-couts-pour-lile-energetique-princesse-elisabeth\/","name":"Hausse des co\u00fbts pour l\u2019\u00eele \u00e9nerg\u00e9tique Princesse Elisabeth\u00a0 - Renouvelle","isPartOf":{"@id":"https:\/\/www.renouvelle.be\/fr\/#website"},"primaryImageOfPage":{"@id":"https:\/\/www.renouvelle.be\/fr\/hausse-des-couts-pour-lile-energetique-princesse-elisabeth\/#primaryimage"},"image":{"@id":"https:\/\/www.renouvelle.be\/fr\/hausse-des-couts-pour-lile-energetique-princesse-elisabeth\/#primaryimage"},"thumbnailUrl":"https:\/\/www.renouvelle.be\/wp-content\/uploads\/2024\/11\/pexels-jaralol-27197661-scaled-e1730968301237.jpg","datePublished":"2024-11-07T08:32:57+00:00","dateModified":"2024-11-07T14:00:01+00:00","author":{"@id":"https:\/\/www.renouvelle.be\/fr\/#\/schema\/person\/9d743366fb269eeceaa8d60e98d289d3"},"description":"La hausse des co\u00fbts de construction de l'\u00eele \u00e9nerg\u00e9tique Princesse Elisabeth mettrait-elle en p\u00e9ril le projet ?","breadcrumb":{"@id":"https:\/\/www.renouvelle.be\/fr\/hausse-des-couts-pour-lile-energetique-princesse-elisabeth\/#breadcrumb"},"inLanguage":"fr-FR","potentialAction":[{"@type":"ReadAction","target":["https:\/\/www.renouvelle.be\/fr\/hausse-des-couts-pour-lile-energetique-princesse-elisabeth\/"]}]},{"@type":"ImageObject","inLanguage":"fr-FR","@id":"https:\/\/www.renouvelle.be\/fr\/hausse-des-couts-pour-lile-energetique-princesse-elisabeth\/#primaryimage","url":"https:\/\/www.renouvelle.be\/wp-content\/uploads\/2024\/11\/pexels-jaralol-27197661-scaled-e1730968301237.jpg","contentUrl":"https:\/\/www.renouvelle.be\/wp-content\/uploads\/2024\/11\/pexels-jaralol-27197661-scaled-e1730968301237.jpg","width":2560,"height":1625,"caption":"co\u00fbts \u00eele \u00e9nerg\u00e9tique"},{"@type":"BreadcrumbList","@id":"https:\/\/www.renouvelle.be\/fr\/hausse-des-couts-pour-lile-energetique-princesse-elisabeth\/#breadcrumb","itemListElement":[{"@type":"ListItem","position":1,"name":"Accueil","item":"https:\/\/www.renouvelle.be\/fr\/"},{"@type":"ListItem","position":2,"name":"Hausse des co\u00fbts pour l\u2019\u00eele \u00e9nerg\u00e9tique Princesse Elisabeth\u00a0"}]},{"@type":"WebSite","@id":"https:\/\/www.renouvelle.be\/fr\/#website","url":"https:\/\/www.renouvelle.be\/fr\/","name":"Renouvelle","description":"L&#039;actualit\u00e9 de l&#039;\u00e9nergie durable","potentialAction":[{"@type":"SearchAction","target":{"@type":"EntryPoint","urlTemplate":"https:\/\/www.renouvelle.be\/fr\/?s={search_term_string}"},"query-input":{"@type":"PropertyValueSpecification","valueRequired":true,"valueName":"search_term_string"}}],"inLanguage":"fr-FR"},{"@type":"Person","@id":"https:\/\/www.renouvelle.be\/fr\/#\/schema\/person\/9d743366fb269eeceaa8d60e98d289d3","name":"Samuel Alves","url":"https:\/\/www.renouvelle.be\/fr\/author\/salves\/"}]}},"_links":{"self":[{"href":"https:\/\/www.renouvelle.be\/fr\/wp-json\/wp\/v2\/posts\/14045","targetHints":{"allow":["GET"]}}],"collection":[{"href":"https:\/\/www.renouvelle.be\/fr\/wp-json\/wp\/v2\/posts"}],"about":[{"href":"https:\/\/www.renouvelle.be\/fr\/wp-json\/wp\/v2\/types\/post"}],"author":[{"embeddable":true,"href":"https:\/\/www.renouvelle.be\/fr\/wp-json\/wp\/v2\/users\/38"}],"replies":[{"embeddable":true,"href":"https:\/\/www.renouvelle.be\/fr\/wp-json\/wp\/v2\/comments?post=14045"}],"version-history":[{"count":4,"href":"https:\/\/www.renouvelle.be\/fr\/wp-json\/wp\/v2\/posts\/14045\/revisions"}],"predecessor-version":[{"id":14061,"href":"https:\/\/www.renouvelle.be\/fr\/wp-json\/wp\/v2\/posts\/14045\/revisions\/14061"}],"wp:featuredmedia":[{"embeddable":true,"href":"https:\/\/www.renouvelle.be\/fr\/wp-json\/wp\/v2\/media\/14048"}],"wp:attachment":[{"href":"https:\/\/www.renouvelle.be\/fr\/wp-json\/wp\/v2\/media?parent=14045"}],"wp:term":[{"taxonomy":"category","embeddable":true,"href":"https:\/\/www.renouvelle.be\/fr\/wp-json\/wp\/v2\/categories?post=14045"},{"taxonomy":"post_tag","embeddable":true,"href":"https:\/\/www.renouvelle.be\/fr\/wp-json\/wp\/v2\/tags?post=14045"},{"taxonomy":"section","embeddable":true,"href":"https:\/\/www.renouvelle.be\/fr\/wp-json\/wp\/v2\/section?post=14045"}],"curies":[{"name":"wp","href":"https:\/\/api.w.org\/{rel}","templated":true}]}}