{"id":13993,"date":"2024-10-31T09:10:11","date_gmt":"2024-10-31T08:10:11","guid":{"rendered":"https:\/\/www.renouvelle.be\/?p=13993"},"modified":"2024-10-31T09:10:22","modified_gmt":"2024-10-31T08:10:22","slug":"recyclage-deolienne-et-si-on-en-faisait-une-habitation","status":"publish","type":"post","link":"https:\/\/www.renouvelle.be\/fr\/recyclage-deolienne-et-si-on-en-faisait-une-habitation\/","title":{"rendered":"Recyclage d\u2019\u00e9olienne\u00a0: et si on en faisait une habitation\u00a0?"},"content":{"rendered":"\n<p>Lorsqu\u2019une \u00e9olienne atteint la fin de sa dur\u00e9e de vie, c\u2019est le d\u00e9mant\u00e8lement de celle-ci qui commence pour en recycler les composants. Vattenfall, grand nom su\u00e9dois de l\u2019\u00e9nergie, a d\u00e9cid\u00e9 de donner une seconde vie aux \u00e9oliennes en optant pour un choix plut\u00f4t surprenant : en faire des habitations.<\/p>\n\n\n\n<p>Fruit d\u2019une collaboration avec un studio de design (Superuse), l\u2019entreprise s\u2019est lanc\u00e9 le d\u00e9fi de transformer une nacelle d\u2019\u00e9olienne en habitation compacte. \u00c0 part l\u2019ext\u00e9rieur (bien s\u00fbr), rien ne pourrait laisser penser qu\u2019il y a peu, cette structure faisait partie d\u2019une turbine vieille de 20 ans, en Autriche.<\/p>\n\n\n\n<p>La voil\u00e0 maintenant sous forme d\u2019habitation mesurant 4 m\u00e8tres de large, 10 m\u00e8tres de long et 3 m\u00e8tres de hauteur. Elle poss\u00e8de tous les \u00e9l\u00e9ments n\u00e9cessaires, comme une cuisine, une salle de bain ainsi qu\u2019un salon. Rien n\u2019a \u00e9t\u00e9 laiss\u00e9 au hasard, puisque le prototype est \u00e9galement \u00e9quip\u00e9 d\u2019une pompe \u00e0 chaleur, de panneaux photovolta\u00efques et d\u2019un chauffe-eau solaire. Et pour ne rien g\u00e2cher, les fournitures de la maison sont de seconde main et issues d\u2019une production durable.<\/p>\n\n\n\n<figure class=\"wp-block-image size-large\"><img loading=\"lazy\" decoding=\"async\" width=\"1024\" height=\"681\" src=\"https:\/\/www.renouvelle.be\/wp-content\/uploads\/2024\/10\/vattenfall_nacelle_eolienne_habitation_2-1024x681.jpg\" alt=\"\u00e9olienne habitation\" class=\"wp-image-13998\" srcset=\"https:\/\/www.renouvelle.be\/wp-content\/uploads\/2024\/10\/vattenfall_nacelle_eolienne_habitation_2-1024x681.jpg 1024w, https:\/\/www.renouvelle.be\/wp-content\/uploads\/2024\/10\/vattenfall_nacelle_eolienne_habitation_2-300x199.jpg 300w, https:\/\/www.renouvelle.be\/wp-content\/uploads\/2024\/10\/vattenfall_nacelle_eolienne_habitation_2-768x511.jpg 768w, https:\/\/www.renouvelle.be\/wp-content\/uploads\/2024\/10\/vattenfall_nacelle_eolienne_habitation_2-1200x798.jpg 1200w, https:\/\/www.renouvelle.be\/wp-content\/uploads\/2024\/10\/vattenfall_nacelle_eolienne_habitation_2.jpg 1432w\" sizes=\"auto, (max-width: 1024px) 100vw, 1024px\" \/><figcaption class=\"wp-element-caption\">Source image : Vattenfall<\/figcaption><\/figure>\n\n\n\n<p><a href=\"https:\/\/lerevertdufutur.bandcamp.com\/track\/olien-anatomie-dun-recyclage\" target=\"_blank\" rel=\"noreferrer noopener\">90 % de la masse des mat\u00e9riaux composant une \u00e9olienne<\/a> peuvent \u00eatre recycl\u00e9s. Le b\u00e9ton, par exemple, est broy\u00e9 et r\u00e9utilis\u00e9 comme mat\u00e9riau de construction. Mais il y a aussi les m\u00e9taux comme l\u2019acier qui sont fondus pour r\u00e9emploi. Sans surprise, ce processus n\u00e9cessite de l\u2019\u00e9nergie. Afin de r\u00e9utiliser les mat\u00e9riaux tout en ayant l\u2019impact le plus faible possible, Vattenfall s\u2019est donc pench\u00e9 sur la piste du logement.<\/p>\n\n\n\n<p>Une solution innovante qui pourrait \u00eatre une aubaine pour le secteur de l\u2019\u00e9olien, \u00e9tant donn\u00e9 que 10 000 nacelles du m\u00eame mod\u00e8le font partie d\u2019infrastructures bient\u00f4t hors service dans le monde.<\/p>\n\n\n\n<p><a href=\"https:\/\/group.vattenfall.com\/press-and-media\/newsroom\/2024\/wind-turbine-turned-into-compact-living\" target=\"_blank\" rel=\"noreferrer noopener\">La nacelle<\/a> utilis\u00e9e pour cr\u00e9er l\u2019habitation provient d\u2019une \u00e9olienne de 2 MW, et apr\u00e8s avoir fourni l\u2019\u00e9quivalent des besoins en \u00e9lectricit\u00e9 de 29 000 m\u00e9nages (73 GWh), c\u2019est elle qui sera, \u00e0 pr\u00e9sent, aliment\u00e9e par des \u00e9nergies renouvelables.<\/p>\n\n\n\n<p>Source image d&rsquo;ent\u00eate : Vattenfall<\/p>\n","protected":false},"excerpt":{"rendered":"<p>Lorsqu\u2019une \u00e9olienne atteint la fin de sa dur\u00e9e de vie, c\u2019est le d\u00e9mant\u00e8lement de celle-ci qui commence pour en recycler les composants. Vattenfall, grand nom su\u00e9dois de l\u2019\u00e9nergie, a d\u00e9cid\u00e9 de donner une seconde vie aux \u00e9oliennes en optant pour un choix plut\u00f4t surprenant : en faire des habitations. Fruit d\u2019une collaboration avec un studio de design (Superuse), l\u2019entreprise s\u2019est lanc\u00e9 le d\u00e9fi de transformer une nacelle d\u2019\u00e9olienne en habitation compacte. \u00c0 part l\u2019ext\u00e9rieur (bien s\u00fbr), rien ne pourrait laisser penser qu\u2019il y a peu, cette structure faisait partie d\u2019une turbine vieille de 20 ans, en Autriche. La voil\u00e0 maintenant sous forme d\u2019habitation mesurant 4 m\u00e8tres de large, 10 m\u00e8tres de long et 3 m\u00e8tres de hauteur. Elle poss\u00e8de tous les \u00e9l\u00e9ments n\u00e9cessaires, comme une cuisine, une salle de bain ainsi qu\u2019un salon. Rien n\u2019a \u00e9t\u00e9 laiss\u00e9 au hasard, puisque le prototype est \u00e9galement \u00e9quip\u00e9 d\u2019une pompe \u00e0 chaleur, de panneaux photovolta\u00efques et d\u2019un chauffe-eau solaire. Et pour ne rien g\u00e2cher, les fournitures de la maison sont de seconde main et issues d\u2019une production durable. 90 % de la masse des mat\u00e9riaux composant une \u00e9olienne peuvent \u00eatre recycl\u00e9s. Le b\u00e9ton, par exemple, est broy\u00e9 et r\u00e9utilis\u00e9 comme mat\u00e9riau de construction. Mais il y a aussi les m\u00e9taux comme l\u2019acier qui sont fondus pour r\u00e9emploi. Sans surprise, ce processus n\u00e9cessite de l\u2019\u00e9nergie. Afin de r\u00e9utiliser les mat\u00e9riaux tout en ayant l\u2019impact le plus faible possible, Vattenfall s\u2019est donc pench\u00e9 sur la piste du logement. Une solution innovante qui pourrait \u00eatre une aubaine pour le secteur de l\u2019\u00e9olien, \u00e9tant donn\u00e9 que 10 000 nacelles du m\u00eame mod\u00e8le font partie d\u2019infrastructures bient\u00f4t hors service dans le monde. La nacelle utilis\u00e9e pour cr\u00e9er l\u2019habitation provient d\u2019une \u00e9olienne de 2 MW, et apr\u00e8s avoir fourni &hellip; <a href=\"https:\/\/www.renouvelle.be\/fr\/recyclage-deolienne-et-si-on-en-faisait-une-habitation\/\" class=\"more-link\">Continue reading<span class=\"screen-reader-text\"> \u00ab\u00a0Recyclage d\u2019\u00e9olienne\u00a0: et si on en faisait une habitation\u00a0?\u00a0\u00bb<\/span><\/a><\/p>\n","protected":false},"author":38,"featured_media":13996,"comment_status":"closed","ping_status":"closed","sticky":false,"template":"","format":"standard","meta":{"_acf_changed":false,"footnotes":""},"categories":[16,18],"tags":[],"section":[6],"class_list":["post-13993","post","type-post","status-publish","format-standard","has-post-thumbnail","hentry","category-actualite","category-actualite-internationale","section-eolien"],"acf":[],"yoast_head":"<!-- This site is optimized with the Yoast SEO plugin v27.5 - https:\/\/yoast.com\/product\/yoast-seo-wordpress\/ -->\n<title>Recyclage d\u2019\u00e9olienne\u00a0: et si on en faisait une habitation\u00a0? - Renouvelle<\/title>\n<meta name=\"description\" content=\"Une \u00e9olienne recycl\u00e9e en habitation ? C&#039;est ce que propose le g\u00e9ant su\u00e9dois de l&#039;\u00e9nergie Vattenfall avec un tout premier prototype.\" \/>\n<meta name=\"robots\" content=\"index, follow, max-snippet:-1, max-image-preview:large, max-video-preview:-1\" \/>\n<link rel=\"canonical\" href=\"https:\/\/www.renouvelle.be\/fr\/recyclage-deolienne-et-si-on-en-faisait-une-habitation\/\" \/>\n<meta property=\"og:locale\" content=\"fr_FR\" \/>\n<meta property=\"og:type\" content=\"article\" \/>\n<meta property=\"og:title\" content=\"Recyclage d\u2019\u00e9olienne\u00a0: et si on en faisait une habitation\u00a0? - Renouvelle\" \/>\n<meta property=\"og:description\" content=\"Une \u00e9olienne recycl\u00e9e en habitation ? C&#039;est ce que propose le g\u00e9ant su\u00e9dois de l&#039;\u00e9nergie Vattenfall avec un tout premier prototype.\" \/>\n<meta property=\"og:url\" content=\"https:\/\/www.renouvelle.be\/fr\/recyclage-deolienne-et-si-on-en-faisait-une-habitation\/\" \/>\n<meta property=\"og:site_name\" content=\"Renouvelle\" \/>\n<meta property=\"article:published_time\" content=\"2024-10-31T08:10:11+00:00\" \/>\n<meta property=\"article:modified_time\" content=\"2024-10-31T08:10:22+00:00\" \/>\n<meta property=\"og:image\" content=\"https:\/\/www.renouvelle.be\/wp-content\/uploads\/2024\/10\/vattenfall_nacelle_eolienne_habitation-e1730125591558.jpg\" \/>\n\t<meta property=\"og:image:width\" content=\"1431\" \/>\n\t<meta property=\"og:image:height\" content=\"896\" \/>\n\t<meta property=\"og:image:type\" content=\"image\/jpeg\" \/>\n<meta name=\"author\" content=\"Samuel Alves\" \/>\n<meta name=\"twitter:card\" content=\"summary_large_image\" \/>\n<script type=\"application\/ld+json\" class=\"yoast-schema-graph\">{\"@context\":\"https:\\\/\\\/schema.org\",\"@graph\":[{\"@type\":\"Article\",\"@id\":\"https:\\\/\\\/www.renouvelle.be\\\/fr\\\/recyclage-deolienne-et-si-on-en-faisait-une-habitation\\\/#article\",\"isPartOf\":{\"@id\":\"https:\\\/\\\/www.renouvelle.be\\\/fr\\\/recyclage-deolienne-et-si-on-en-faisait-une-habitation\\\/\"},\"author\":{\"name\":\"Samuel Alves\",\"@id\":\"https:\\\/\\\/www.renouvelle.be\\\/fr\\\/#\\\/schema\\\/person\\\/9d743366fb269eeceaa8d60e98d289d3\"},\"headline\":\"Recyclage d\u2019\u00e9olienne\u00a0: et si on en faisait une habitation\u00a0?\",\"datePublished\":\"2024-10-31T08:10:11+00:00\",\"dateModified\":\"2024-10-31T08:10:22+00:00\",\"mainEntityOfPage\":{\"@id\":\"https:\\\/\\\/www.renouvelle.be\\\/fr\\\/recyclage-deolienne-et-si-on-en-faisait-une-habitation\\\/\"},\"wordCount\":377,\"image\":{\"@id\":\"https:\\\/\\\/www.renouvelle.be\\\/fr\\\/recyclage-deolienne-et-si-on-en-faisait-une-habitation\\\/#primaryimage\"},\"thumbnailUrl\":\"https:\\\/\\\/www.renouvelle.be\\\/wp-content\\\/uploads\\\/2024\\\/10\\\/vattenfall_nacelle_eolienne_habitation-e1730125591558.jpg\",\"articleSection\":[\"Actualit\u00e9\",\"Actualit\u00e9 internationale\"],\"inLanguage\":\"fr-FR\"},{\"@type\":\"WebPage\",\"@id\":\"https:\\\/\\\/www.renouvelle.be\\\/fr\\\/recyclage-deolienne-et-si-on-en-faisait-une-habitation\\\/\",\"url\":\"https:\\\/\\\/www.renouvelle.be\\\/fr\\\/recyclage-deolienne-et-si-on-en-faisait-une-habitation\\\/\",\"name\":\"Recyclage d\u2019\u00e9olienne\u00a0: et si on en faisait une habitation\u00a0? - Renouvelle\",\"isPartOf\":{\"@id\":\"https:\\\/\\\/www.renouvelle.be\\\/fr\\\/#website\"},\"primaryImageOfPage\":{\"@id\":\"https:\\\/\\\/www.renouvelle.be\\\/fr\\\/recyclage-deolienne-et-si-on-en-faisait-une-habitation\\\/#primaryimage\"},\"image\":{\"@id\":\"https:\\\/\\\/www.renouvelle.be\\\/fr\\\/recyclage-deolienne-et-si-on-en-faisait-une-habitation\\\/#primaryimage\"},\"thumbnailUrl\":\"https:\\\/\\\/www.renouvelle.be\\\/wp-content\\\/uploads\\\/2024\\\/10\\\/vattenfall_nacelle_eolienne_habitation-e1730125591558.jpg\",\"datePublished\":\"2024-10-31T08:10:11+00:00\",\"dateModified\":\"2024-10-31T08:10:22+00:00\",\"author\":{\"@id\":\"https:\\\/\\\/www.renouvelle.be\\\/fr\\\/#\\\/schema\\\/person\\\/9d743366fb269eeceaa8d60e98d289d3\"},\"description\":\"Une \u00e9olienne recycl\u00e9e en habitation ? C'est ce que propose le g\u00e9ant su\u00e9dois de l'\u00e9nergie Vattenfall avec un tout premier prototype.\",\"breadcrumb\":{\"@id\":\"https:\\\/\\\/www.renouvelle.be\\\/fr\\\/recyclage-deolienne-et-si-on-en-faisait-une-habitation\\\/#breadcrumb\"},\"inLanguage\":\"fr-FR\",\"potentialAction\":[{\"@type\":\"ReadAction\",\"target\":[\"https:\\\/\\\/www.renouvelle.be\\\/fr\\\/recyclage-deolienne-et-si-on-en-faisait-une-habitation\\\/\"]}]},{\"@type\":\"ImageObject\",\"inLanguage\":\"fr-FR\",\"@id\":\"https:\\\/\\\/www.renouvelle.be\\\/fr\\\/recyclage-deolienne-et-si-on-en-faisait-une-habitation\\\/#primaryimage\",\"url\":\"https:\\\/\\\/www.renouvelle.be\\\/wp-content\\\/uploads\\\/2024\\\/10\\\/vattenfall_nacelle_eolienne_habitation-e1730125591558.jpg\",\"contentUrl\":\"https:\\\/\\\/www.renouvelle.be\\\/wp-content\\\/uploads\\\/2024\\\/10\\\/vattenfall_nacelle_eolienne_habitation-e1730125591558.jpg\",\"width\":1431,\"height\":896,\"caption\":\"Source : Vattenfall\"},{\"@type\":\"BreadcrumbList\",\"@id\":\"https:\\\/\\\/www.renouvelle.be\\\/fr\\\/recyclage-deolienne-et-si-on-en-faisait-une-habitation\\\/#breadcrumb\",\"itemListElement\":[{\"@type\":\"ListItem\",\"position\":1,\"name\":\"Accueil\",\"item\":\"https:\\\/\\\/www.renouvelle.be\\\/fr\\\/\"},{\"@type\":\"ListItem\",\"position\":2,\"name\":\"Recyclage d\u2019\u00e9olienne\u00a0: et si on en faisait une habitation\u00a0?\"}]},{\"@type\":\"WebSite\",\"@id\":\"https:\\\/\\\/www.renouvelle.be\\\/fr\\\/#website\",\"url\":\"https:\\\/\\\/www.renouvelle.be\\\/fr\\\/\",\"name\":\"Renouvelle\",\"description\":\"L&#039;actualit\u00e9 de l&#039;\u00e9nergie durable\",\"potentialAction\":[{\"@type\":\"SearchAction\",\"target\":{\"@type\":\"EntryPoint\",\"urlTemplate\":\"https:\\\/\\\/www.renouvelle.be\\\/fr\\\/?s={search_term_string}\"},\"query-input\":{\"@type\":\"PropertyValueSpecification\",\"valueRequired\":true,\"valueName\":\"search_term_string\"}}],\"inLanguage\":\"fr-FR\"},{\"@type\":\"Person\",\"@id\":\"https:\\\/\\\/www.renouvelle.be\\\/fr\\\/#\\\/schema\\\/person\\\/9d743366fb269eeceaa8d60e98d289d3\",\"name\":\"Samuel Alves\",\"url\":\"https:\\\/\\\/www.renouvelle.be\\\/fr\\\/author\\\/salves\\\/\"}]}<\/script>\n<!-- \/ Yoast SEO plugin. -->","yoast_head_json":{"title":"Recyclage d\u2019\u00e9olienne\u00a0: et si on en faisait une habitation\u00a0? - Renouvelle","description":"Une \u00e9olienne recycl\u00e9e en habitation ? C'est ce que propose le g\u00e9ant su\u00e9dois de l'\u00e9nergie Vattenfall avec un tout premier prototype.","robots":{"index":"index","follow":"follow","max-snippet":"max-snippet:-1","max-image-preview":"max-image-preview:large","max-video-preview":"max-video-preview:-1"},"canonical":"https:\/\/www.renouvelle.be\/fr\/recyclage-deolienne-et-si-on-en-faisait-une-habitation\/","og_locale":"fr_FR","og_type":"article","og_title":"Recyclage d\u2019\u00e9olienne\u00a0: et si on en faisait une habitation\u00a0? - Renouvelle","og_description":"Une \u00e9olienne recycl\u00e9e en habitation ? C'est ce que propose le g\u00e9ant su\u00e9dois de l'\u00e9nergie Vattenfall avec un tout premier prototype.","og_url":"https:\/\/www.renouvelle.be\/fr\/recyclage-deolienne-et-si-on-en-faisait-une-habitation\/","og_site_name":"Renouvelle","article_published_time":"2024-10-31T08:10:11+00:00","article_modified_time":"2024-10-31T08:10:22+00:00","og_image":[{"width":1431,"height":896,"url":"https:\/\/www.renouvelle.be\/wp-content\/uploads\/2024\/10\/vattenfall_nacelle_eolienne_habitation-e1730125591558.jpg","type":"image\/jpeg"}],"author":"Samuel Alves","twitter_card":"summary_large_image","schema":{"@context":"https:\/\/schema.org","@graph":[{"@type":"Article","@id":"https:\/\/www.renouvelle.be\/fr\/recyclage-deolienne-et-si-on-en-faisait-une-habitation\/#article","isPartOf":{"@id":"https:\/\/www.renouvelle.be\/fr\/recyclage-deolienne-et-si-on-en-faisait-une-habitation\/"},"author":{"name":"Samuel Alves","@id":"https:\/\/www.renouvelle.be\/fr\/#\/schema\/person\/9d743366fb269eeceaa8d60e98d289d3"},"headline":"Recyclage d\u2019\u00e9olienne\u00a0: et si on en faisait une habitation\u00a0?","datePublished":"2024-10-31T08:10:11+00:00","dateModified":"2024-10-31T08:10:22+00:00","mainEntityOfPage":{"@id":"https:\/\/www.renouvelle.be\/fr\/recyclage-deolienne-et-si-on-en-faisait-une-habitation\/"},"wordCount":377,"image":{"@id":"https:\/\/www.renouvelle.be\/fr\/recyclage-deolienne-et-si-on-en-faisait-une-habitation\/#primaryimage"},"thumbnailUrl":"https:\/\/www.renouvelle.be\/wp-content\/uploads\/2024\/10\/vattenfall_nacelle_eolienne_habitation-e1730125591558.jpg","articleSection":["Actualit\u00e9","Actualit\u00e9 internationale"],"inLanguage":"fr-FR"},{"@type":"WebPage","@id":"https:\/\/www.renouvelle.be\/fr\/recyclage-deolienne-et-si-on-en-faisait-une-habitation\/","url":"https:\/\/www.renouvelle.be\/fr\/recyclage-deolienne-et-si-on-en-faisait-une-habitation\/","name":"Recyclage d\u2019\u00e9olienne\u00a0: et si on en faisait une habitation\u00a0? - Renouvelle","isPartOf":{"@id":"https:\/\/www.renouvelle.be\/fr\/#website"},"primaryImageOfPage":{"@id":"https:\/\/www.renouvelle.be\/fr\/recyclage-deolienne-et-si-on-en-faisait-une-habitation\/#primaryimage"},"image":{"@id":"https:\/\/www.renouvelle.be\/fr\/recyclage-deolienne-et-si-on-en-faisait-une-habitation\/#primaryimage"},"thumbnailUrl":"https:\/\/www.renouvelle.be\/wp-content\/uploads\/2024\/10\/vattenfall_nacelle_eolienne_habitation-e1730125591558.jpg","datePublished":"2024-10-31T08:10:11+00:00","dateModified":"2024-10-31T08:10:22+00:00","author":{"@id":"https:\/\/www.renouvelle.be\/fr\/#\/schema\/person\/9d743366fb269eeceaa8d60e98d289d3"},"description":"Une \u00e9olienne recycl\u00e9e en habitation ? C'est ce que propose le g\u00e9ant su\u00e9dois de l'\u00e9nergie Vattenfall avec un tout premier prototype.","breadcrumb":{"@id":"https:\/\/www.renouvelle.be\/fr\/recyclage-deolienne-et-si-on-en-faisait-une-habitation\/#breadcrumb"},"inLanguage":"fr-FR","potentialAction":[{"@type":"ReadAction","target":["https:\/\/www.renouvelle.be\/fr\/recyclage-deolienne-et-si-on-en-faisait-une-habitation\/"]}]},{"@type":"ImageObject","inLanguage":"fr-FR","@id":"https:\/\/www.renouvelle.be\/fr\/recyclage-deolienne-et-si-on-en-faisait-une-habitation\/#primaryimage","url":"https:\/\/www.renouvelle.be\/wp-content\/uploads\/2024\/10\/vattenfall_nacelle_eolienne_habitation-e1730125591558.jpg","contentUrl":"https:\/\/www.renouvelle.be\/wp-content\/uploads\/2024\/10\/vattenfall_nacelle_eolienne_habitation-e1730125591558.jpg","width":1431,"height":896,"caption":"Source : Vattenfall"},{"@type":"BreadcrumbList","@id":"https:\/\/www.renouvelle.be\/fr\/recyclage-deolienne-et-si-on-en-faisait-une-habitation\/#breadcrumb","itemListElement":[{"@type":"ListItem","position":1,"name":"Accueil","item":"https:\/\/www.renouvelle.be\/fr\/"},{"@type":"ListItem","position":2,"name":"Recyclage d\u2019\u00e9olienne\u00a0: et si on en faisait une habitation\u00a0?"}]},{"@type":"WebSite","@id":"https:\/\/www.renouvelle.be\/fr\/#website","url":"https:\/\/www.renouvelle.be\/fr\/","name":"Renouvelle","description":"L&#039;actualit\u00e9 de l&#039;\u00e9nergie durable","potentialAction":[{"@type":"SearchAction","target":{"@type":"EntryPoint","urlTemplate":"https:\/\/www.renouvelle.be\/fr\/?s={search_term_string}"},"query-input":{"@type":"PropertyValueSpecification","valueRequired":true,"valueName":"search_term_string"}}],"inLanguage":"fr-FR"},{"@type":"Person","@id":"https:\/\/www.renouvelle.be\/fr\/#\/schema\/person\/9d743366fb269eeceaa8d60e98d289d3","name":"Samuel Alves","url":"https:\/\/www.renouvelle.be\/fr\/author\/salves\/"}]}},"_links":{"self":[{"href":"https:\/\/www.renouvelle.be\/fr\/wp-json\/wp\/v2\/posts\/13993","targetHints":{"allow":["GET"]}}],"collection":[{"href":"https:\/\/www.renouvelle.be\/fr\/wp-json\/wp\/v2\/posts"}],"about":[{"href":"https:\/\/www.renouvelle.be\/fr\/wp-json\/wp\/v2\/types\/post"}],"author":[{"embeddable":true,"href":"https:\/\/www.renouvelle.be\/fr\/wp-json\/wp\/v2\/users\/38"}],"replies":[{"embeddable":true,"href":"https:\/\/www.renouvelle.be\/fr\/wp-json\/wp\/v2\/comments?post=13993"}],"version-history":[{"count":5,"href":"https:\/\/www.renouvelle.be\/fr\/wp-json\/wp\/v2\/posts\/13993\/revisions"}],"predecessor-version":[{"id":14024,"href":"https:\/\/www.renouvelle.be\/fr\/wp-json\/wp\/v2\/posts\/13993\/revisions\/14024"}],"wp:featuredmedia":[{"embeddable":true,"href":"https:\/\/www.renouvelle.be\/fr\/wp-json\/wp\/v2\/media\/13996"}],"wp:attachment":[{"href":"https:\/\/www.renouvelle.be\/fr\/wp-json\/wp\/v2\/media?parent=13993"}],"wp:term":[{"taxonomy":"category","embeddable":true,"href":"https:\/\/www.renouvelle.be\/fr\/wp-json\/wp\/v2\/categories?post=13993"},{"taxonomy":"post_tag","embeddable":true,"href":"https:\/\/www.renouvelle.be\/fr\/wp-json\/wp\/v2\/tags?post=13993"},{"taxonomy":"section","embeddable":true,"href":"https:\/\/www.renouvelle.be\/fr\/wp-json\/wp\/v2\/section?post=13993"}],"curies":[{"name":"wp","href":"https:\/\/api.w.org\/{rel}","templated":true}]}}