{"id":13885,"date":"2024-10-18T16:21:49","date_gmt":"2024-10-18T14:21:49","guid":{"rendered":"https:\/\/www.renouvelle.be\/?p=13885"},"modified":"2024-10-18T16:21:52","modified_gmt":"2024-10-18T14:21:52","slug":"flandres-le-compteur-qui-tourne-a-lenvers-cest-bientot-fini","status":"publish","type":"post","link":"https:\/\/www.renouvelle.be\/fr\/flandres-le-compteur-qui-tourne-a-lenvers-cest-bientot-fini\/","title":{"rendered":"Flandres\u00a0: le compteur qui tourne \u00e0 l\u2019envers, c\u2019est bient\u00f4t fini"},"content":{"rendered":"\n<p>Les clients concern\u00e9s seront bient\u00f4t contact\u00e9s par Fluvius, le gestionnaire du r\u00e9seau \u00e9lectrique en Flandres, pour l\u2019installation de compteurs num\u00e9riques. Cela signifie donc la fin du compteur qui tourne \u00e0 l\u2019envers au nord du pays.<\/p>\n\n\n\n<p>Les propri\u00e9taires d&rsquo;<a href=\"https:\/\/www.renouvelle.be\/fr\/belgique-2023-record-installations-photovoltaiques\/\" target=\"_blank\" rel=\"noreferrer noopener\">installations photovolta\u00efques<\/a> qui datent de moins de 15 ans, dont les panneaux ont \u00e9t\u00e9 install\u00e9s avant le 1er janvier 2021, pourront garder leur compteur analogique jusqu&rsquo;au 1er janvier 2025. Au-del\u00e0 de cette date, ils devront obligatoirement passer au compteur num\u00e9rique.<\/p>\n\n\n\n<p>Une transition qui s\u2019appliquera \u00e0 403 000 logements, qu\u2019il s\u2019agisse de maisons, d\u2019appartements ou de petites entreprises. Pour les clients raccord\u00e9s au gaz naturel, le remplacement du compteur de gaz se fera en m\u00eame temps que l\u2019\u00e9lectrique.<\/p>\n\n\n\n<p>Ce sont, plus ou moins, 30 000 compteurs par mois qui seront adapt\u00e9s.<\/p>\n\n\n\n<p><\/p>\n","protected":false},"excerpt":{"rendered":"<p>Les clients concern\u00e9s seront bient\u00f4t contact\u00e9s par Fluvius, le gestionnaire du r\u00e9seau \u00e9lectrique en Flandres, pour l\u2019installation de compteurs num\u00e9riques. Cela signifie donc la fin du compteur qui tourne \u00e0 l\u2019envers au nord du pays. Les propri\u00e9taires d&rsquo;installations photovolta\u00efques qui datent de moins de 15 ans, dont les panneaux ont \u00e9t\u00e9 install\u00e9s avant le 1er janvier 2021, pourront garder leur compteur analogique jusqu&rsquo;au 1er janvier 2025. Au-del\u00e0 de cette date, ils devront obligatoirement passer au compteur num\u00e9rique. Une transition qui s\u2019appliquera \u00e0 403 000 logements, qu\u2019il s\u2019agisse de maisons, d\u2019appartements ou de petites entreprises. Pour les clients raccord\u00e9s au gaz naturel, le remplacement du compteur de gaz se fera en m\u00eame temps que l\u2019\u00e9lectrique. Ce sont, plus ou moins, 30 000 compteurs par mois qui seront adapt\u00e9s.<\/p>\n","protected":false},"author":38,"featured_media":13887,"comment_status":"closed","ping_status":"closed","sticky":false,"template":"","format":"standard","meta":{"_acf_changed":false,"footnotes":""},"categories":[17],"tags":[],"section":[8,13],"class_list":["post-13885","post","type-post","status-publish","format-standard","has-post-thumbnail","hentry","category-actualite-en-belgique","section-energie-renouvelables","section-solaire"],"acf":[],"yoast_head":"<!-- This site is optimized with the Yoast SEO plugin v27.4 - https:\/\/yoast.com\/product\/yoast-seo-wordpress\/ -->\n<title>Flandres\u00a0: le compteur qui tourne \u00e0 l\u2019envers, c\u2019est bient\u00f4t fini - Renouvelle<\/title>\n<meta name=\"description\" content=\"En Flandres, Fluvius annonce la fin du compteur qui tourne \u00e0 l&#039;envers pour le 1er janvier 2025. 403 000 logements sont concern\u00e9s.\" \/>\n<meta name=\"robots\" content=\"index, follow, max-snippet:-1, max-image-preview:large, max-video-preview:-1\" \/>\n<link rel=\"canonical\" href=\"https:\/\/www.renouvelle.be\/fr\/flandres-le-compteur-qui-tourne-a-lenvers-cest-bientot-fini\/\" \/>\n<meta property=\"og:locale\" content=\"fr_FR\" \/>\n<meta property=\"og:type\" content=\"article\" \/>\n<meta property=\"og:title\" content=\"Flandres\u00a0: le compteur qui tourne \u00e0 l\u2019envers, c\u2019est bient\u00f4t fini - Renouvelle\" \/>\n<meta property=\"og:description\" content=\"En Flandres, Fluvius annonce la fin du compteur qui tourne \u00e0 l&#039;envers pour le 1er janvier 2025. 403 000 logements sont concern\u00e9s.\" \/>\n<meta property=\"og:url\" content=\"https:\/\/www.renouvelle.be\/fr\/flandres-le-compteur-qui-tourne-a-lenvers-cest-bientot-fini\/\" \/>\n<meta property=\"og:site_name\" content=\"Renouvelle\" \/>\n<meta property=\"article:published_time\" content=\"2024-10-18T14:21:49+00:00\" \/>\n<meta property=\"article:modified_time\" content=\"2024-10-18T14:21:52+00:00\" \/>\n<meta property=\"og:image\" content=\"https:\/\/www.renouvelle.be\/wp-content\/uploads\/2024\/10\/iStock-1411624655.jpg\" \/>\n\t<meta property=\"og:image:width\" content=\"2110\" \/>\n\t<meta property=\"og:image:height\" content=\"1420\" \/>\n\t<meta property=\"og:image:type\" content=\"image\/jpeg\" \/>\n<meta name=\"author\" content=\"Samuel Alves\" \/>\n<meta name=\"twitter:card\" content=\"summary_large_image\" \/>\n<script type=\"application\/ld+json\" class=\"yoast-schema-graph\">{\"@context\":\"https:\\\/\\\/schema.org\",\"@graph\":[{\"@type\":\"Article\",\"@id\":\"https:\\\/\\\/www.renouvelle.be\\\/fr\\\/flandres-le-compteur-qui-tourne-a-lenvers-cest-bientot-fini\\\/#article\",\"isPartOf\":{\"@id\":\"https:\\\/\\\/www.renouvelle.be\\\/fr\\\/flandres-le-compteur-qui-tourne-a-lenvers-cest-bientot-fini\\\/\"},\"author\":{\"name\":\"Samuel Alves\",\"@id\":\"https:\\\/\\\/www.renouvelle.be\\\/fr\\\/#\\\/schema\\\/person\\\/9d743366fb269eeceaa8d60e98d289d3\"},\"headline\":\"Flandres\u00a0: le compteur qui tourne \u00e0 l\u2019envers, c\u2019est bient\u00f4t fini\",\"datePublished\":\"2024-10-18T14:21:49+00:00\",\"dateModified\":\"2024-10-18T14:21:52+00:00\",\"mainEntityOfPage\":{\"@id\":\"https:\\\/\\\/www.renouvelle.be\\\/fr\\\/flandres-le-compteur-qui-tourne-a-lenvers-cest-bientot-fini\\\/\"},\"wordCount\":151,\"image\":{\"@id\":\"https:\\\/\\\/www.renouvelle.be\\\/fr\\\/flandres-le-compteur-qui-tourne-a-lenvers-cest-bientot-fini\\\/#primaryimage\"},\"thumbnailUrl\":\"https:\\\/\\\/www.renouvelle.be\\\/wp-content\\\/uploads\\\/2024\\\/10\\\/iStock-1411624655.jpg\",\"articleSection\":[\"Actualit\u00e9 en Belgique\"],\"inLanguage\":\"fr-FR\"},{\"@type\":\"WebPage\",\"@id\":\"https:\\\/\\\/www.renouvelle.be\\\/fr\\\/flandres-le-compteur-qui-tourne-a-lenvers-cest-bientot-fini\\\/\",\"url\":\"https:\\\/\\\/www.renouvelle.be\\\/fr\\\/flandres-le-compteur-qui-tourne-a-lenvers-cest-bientot-fini\\\/\",\"name\":\"Flandres\u00a0: le compteur qui tourne \u00e0 l\u2019envers, c\u2019est bient\u00f4t fini - Renouvelle\",\"isPartOf\":{\"@id\":\"https:\\\/\\\/www.renouvelle.be\\\/fr\\\/#website\"},\"primaryImageOfPage\":{\"@id\":\"https:\\\/\\\/www.renouvelle.be\\\/fr\\\/flandres-le-compteur-qui-tourne-a-lenvers-cest-bientot-fini\\\/#primaryimage\"},\"image\":{\"@id\":\"https:\\\/\\\/www.renouvelle.be\\\/fr\\\/flandres-le-compteur-qui-tourne-a-lenvers-cest-bientot-fini\\\/#primaryimage\"},\"thumbnailUrl\":\"https:\\\/\\\/www.renouvelle.be\\\/wp-content\\\/uploads\\\/2024\\\/10\\\/iStock-1411624655.jpg\",\"datePublished\":\"2024-10-18T14:21:49+00:00\",\"dateModified\":\"2024-10-18T14:21:52+00:00\",\"author\":{\"@id\":\"https:\\\/\\\/www.renouvelle.be\\\/fr\\\/#\\\/schema\\\/person\\\/9d743366fb269eeceaa8d60e98d289d3\"},\"description\":\"En Flandres, Fluvius annonce la fin du compteur qui tourne \u00e0 l'envers pour le 1er janvier 2025. 403 000 logements sont concern\u00e9s.\",\"breadcrumb\":{\"@id\":\"https:\\\/\\\/www.renouvelle.be\\\/fr\\\/flandres-le-compteur-qui-tourne-a-lenvers-cest-bientot-fini\\\/#breadcrumb\"},\"inLanguage\":\"fr-FR\",\"potentialAction\":[{\"@type\":\"ReadAction\",\"target\":[\"https:\\\/\\\/www.renouvelle.be\\\/fr\\\/flandres-le-compteur-qui-tourne-a-lenvers-cest-bientot-fini\\\/\"]}]},{\"@type\":\"ImageObject\",\"inLanguage\":\"fr-FR\",\"@id\":\"https:\\\/\\\/www.renouvelle.be\\\/fr\\\/flandres-le-compteur-qui-tourne-a-lenvers-cest-bientot-fini\\\/#primaryimage\",\"url\":\"https:\\\/\\\/www.renouvelle.be\\\/wp-content\\\/uploads\\\/2024\\\/10\\\/iStock-1411624655.jpg\",\"contentUrl\":\"https:\\\/\\\/www.renouvelle.be\\\/wp-content\\\/uploads\\\/2024\\\/10\\\/iStock-1411624655.jpg\",\"width\":2110,\"height\":1420,\"caption\":\"compteur \u00e0 l'envers Flandres\"},{\"@type\":\"BreadcrumbList\",\"@id\":\"https:\\\/\\\/www.renouvelle.be\\\/fr\\\/flandres-le-compteur-qui-tourne-a-lenvers-cest-bientot-fini\\\/#breadcrumb\",\"itemListElement\":[{\"@type\":\"ListItem\",\"position\":1,\"name\":\"Accueil\",\"item\":\"https:\\\/\\\/www.renouvelle.be\\\/fr\\\/\"},{\"@type\":\"ListItem\",\"position\":2,\"name\":\"Flandres\u00a0: le compteur qui tourne \u00e0 l\u2019envers, c\u2019est bient\u00f4t fini\"}]},{\"@type\":\"WebSite\",\"@id\":\"https:\\\/\\\/www.renouvelle.be\\\/fr\\\/#website\",\"url\":\"https:\\\/\\\/www.renouvelle.be\\\/fr\\\/\",\"name\":\"Renouvelle\",\"description\":\"L&#039;actualit\u00e9 de l&#039;\u00e9nergie durable\",\"potentialAction\":[{\"@type\":\"SearchAction\",\"target\":{\"@type\":\"EntryPoint\",\"urlTemplate\":\"https:\\\/\\\/www.renouvelle.be\\\/fr\\\/?s={search_term_string}\"},\"query-input\":{\"@type\":\"PropertyValueSpecification\",\"valueRequired\":true,\"valueName\":\"search_term_string\"}}],\"inLanguage\":\"fr-FR\"},{\"@type\":\"Person\",\"@id\":\"https:\\\/\\\/www.renouvelle.be\\\/fr\\\/#\\\/schema\\\/person\\\/9d743366fb269eeceaa8d60e98d289d3\",\"name\":\"Samuel Alves\",\"url\":\"https:\\\/\\\/www.renouvelle.be\\\/fr\\\/author\\\/salves\\\/\"}]}<\/script>\n<!-- \/ Yoast SEO plugin. -->","yoast_head_json":{"title":"Flandres\u00a0: le compteur qui tourne \u00e0 l\u2019envers, c\u2019est bient\u00f4t fini - Renouvelle","description":"En Flandres, Fluvius annonce la fin du compteur qui tourne \u00e0 l'envers pour le 1er janvier 2025. 403 000 logements sont concern\u00e9s.","robots":{"index":"index","follow":"follow","max-snippet":"max-snippet:-1","max-image-preview":"max-image-preview:large","max-video-preview":"max-video-preview:-1"},"canonical":"https:\/\/www.renouvelle.be\/fr\/flandres-le-compteur-qui-tourne-a-lenvers-cest-bientot-fini\/","og_locale":"fr_FR","og_type":"article","og_title":"Flandres\u00a0: le compteur qui tourne \u00e0 l\u2019envers, c\u2019est bient\u00f4t fini - Renouvelle","og_description":"En Flandres, Fluvius annonce la fin du compteur qui tourne \u00e0 l'envers pour le 1er janvier 2025. 403 000 logements sont concern\u00e9s.","og_url":"https:\/\/www.renouvelle.be\/fr\/flandres-le-compteur-qui-tourne-a-lenvers-cest-bientot-fini\/","og_site_name":"Renouvelle","article_published_time":"2024-10-18T14:21:49+00:00","article_modified_time":"2024-10-18T14:21:52+00:00","og_image":[{"width":2110,"height":1420,"url":"https:\/\/www.renouvelle.be\/wp-content\/uploads\/2024\/10\/iStock-1411624655.jpg","type":"image\/jpeg"}],"author":"Samuel Alves","twitter_card":"summary_large_image","schema":{"@context":"https:\/\/schema.org","@graph":[{"@type":"Article","@id":"https:\/\/www.renouvelle.be\/fr\/flandres-le-compteur-qui-tourne-a-lenvers-cest-bientot-fini\/#article","isPartOf":{"@id":"https:\/\/www.renouvelle.be\/fr\/flandres-le-compteur-qui-tourne-a-lenvers-cest-bientot-fini\/"},"author":{"name":"Samuel Alves","@id":"https:\/\/www.renouvelle.be\/fr\/#\/schema\/person\/9d743366fb269eeceaa8d60e98d289d3"},"headline":"Flandres\u00a0: le compteur qui tourne \u00e0 l\u2019envers, c\u2019est bient\u00f4t fini","datePublished":"2024-10-18T14:21:49+00:00","dateModified":"2024-10-18T14:21:52+00:00","mainEntityOfPage":{"@id":"https:\/\/www.renouvelle.be\/fr\/flandres-le-compteur-qui-tourne-a-lenvers-cest-bientot-fini\/"},"wordCount":151,"image":{"@id":"https:\/\/www.renouvelle.be\/fr\/flandres-le-compteur-qui-tourne-a-lenvers-cest-bientot-fini\/#primaryimage"},"thumbnailUrl":"https:\/\/www.renouvelle.be\/wp-content\/uploads\/2024\/10\/iStock-1411624655.jpg","articleSection":["Actualit\u00e9 en Belgique"],"inLanguage":"fr-FR"},{"@type":"WebPage","@id":"https:\/\/www.renouvelle.be\/fr\/flandres-le-compteur-qui-tourne-a-lenvers-cest-bientot-fini\/","url":"https:\/\/www.renouvelle.be\/fr\/flandres-le-compteur-qui-tourne-a-lenvers-cest-bientot-fini\/","name":"Flandres\u00a0: le compteur qui tourne \u00e0 l\u2019envers, c\u2019est bient\u00f4t fini - Renouvelle","isPartOf":{"@id":"https:\/\/www.renouvelle.be\/fr\/#website"},"primaryImageOfPage":{"@id":"https:\/\/www.renouvelle.be\/fr\/flandres-le-compteur-qui-tourne-a-lenvers-cest-bientot-fini\/#primaryimage"},"image":{"@id":"https:\/\/www.renouvelle.be\/fr\/flandres-le-compteur-qui-tourne-a-lenvers-cest-bientot-fini\/#primaryimage"},"thumbnailUrl":"https:\/\/www.renouvelle.be\/wp-content\/uploads\/2024\/10\/iStock-1411624655.jpg","datePublished":"2024-10-18T14:21:49+00:00","dateModified":"2024-10-18T14:21:52+00:00","author":{"@id":"https:\/\/www.renouvelle.be\/fr\/#\/schema\/person\/9d743366fb269eeceaa8d60e98d289d3"},"description":"En Flandres, Fluvius annonce la fin du compteur qui tourne \u00e0 l'envers pour le 1er janvier 2025. 403 000 logements sont concern\u00e9s.","breadcrumb":{"@id":"https:\/\/www.renouvelle.be\/fr\/flandres-le-compteur-qui-tourne-a-lenvers-cest-bientot-fini\/#breadcrumb"},"inLanguage":"fr-FR","potentialAction":[{"@type":"ReadAction","target":["https:\/\/www.renouvelle.be\/fr\/flandres-le-compteur-qui-tourne-a-lenvers-cest-bientot-fini\/"]}]},{"@type":"ImageObject","inLanguage":"fr-FR","@id":"https:\/\/www.renouvelle.be\/fr\/flandres-le-compteur-qui-tourne-a-lenvers-cest-bientot-fini\/#primaryimage","url":"https:\/\/www.renouvelle.be\/wp-content\/uploads\/2024\/10\/iStock-1411624655.jpg","contentUrl":"https:\/\/www.renouvelle.be\/wp-content\/uploads\/2024\/10\/iStock-1411624655.jpg","width":2110,"height":1420,"caption":"compteur \u00e0 l'envers Flandres"},{"@type":"BreadcrumbList","@id":"https:\/\/www.renouvelle.be\/fr\/flandres-le-compteur-qui-tourne-a-lenvers-cest-bientot-fini\/#breadcrumb","itemListElement":[{"@type":"ListItem","position":1,"name":"Accueil","item":"https:\/\/www.renouvelle.be\/fr\/"},{"@type":"ListItem","position":2,"name":"Flandres\u00a0: le compteur qui tourne \u00e0 l\u2019envers, c\u2019est bient\u00f4t fini"}]},{"@type":"WebSite","@id":"https:\/\/www.renouvelle.be\/fr\/#website","url":"https:\/\/www.renouvelle.be\/fr\/","name":"Renouvelle","description":"L&#039;actualit\u00e9 de l&#039;\u00e9nergie durable","potentialAction":[{"@type":"SearchAction","target":{"@type":"EntryPoint","urlTemplate":"https:\/\/www.renouvelle.be\/fr\/?s={search_term_string}"},"query-input":{"@type":"PropertyValueSpecification","valueRequired":true,"valueName":"search_term_string"}}],"inLanguage":"fr-FR"},{"@type":"Person","@id":"https:\/\/www.renouvelle.be\/fr\/#\/schema\/person\/9d743366fb269eeceaa8d60e98d289d3","name":"Samuel Alves","url":"https:\/\/www.renouvelle.be\/fr\/author\/salves\/"}]}},"_links":{"self":[{"href":"https:\/\/www.renouvelle.be\/fr\/wp-json\/wp\/v2\/posts\/13885","targetHints":{"allow":["GET"]}}],"collection":[{"href":"https:\/\/www.renouvelle.be\/fr\/wp-json\/wp\/v2\/posts"}],"about":[{"href":"https:\/\/www.renouvelle.be\/fr\/wp-json\/wp\/v2\/types\/post"}],"author":[{"embeddable":true,"href":"https:\/\/www.renouvelle.be\/fr\/wp-json\/wp\/v2\/users\/38"}],"replies":[{"embeddable":true,"href":"https:\/\/www.renouvelle.be\/fr\/wp-json\/wp\/v2\/comments?post=13885"}],"version-history":[{"count":2,"href":"https:\/\/www.renouvelle.be\/fr\/wp-json\/wp\/v2\/posts\/13885\/revisions"}],"predecessor-version":[{"id":13889,"href":"https:\/\/www.renouvelle.be\/fr\/wp-json\/wp\/v2\/posts\/13885\/revisions\/13889"}],"wp:featuredmedia":[{"embeddable":true,"href":"https:\/\/www.renouvelle.be\/fr\/wp-json\/wp\/v2\/media\/13887"}],"wp:attachment":[{"href":"https:\/\/www.renouvelle.be\/fr\/wp-json\/wp\/v2\/media?parent=13885"}],"wp:term":[{"taxonomy":"category","embeddable":true,"href":"https:\/\/www.renouvelle.be\/fr\/wp-json\/wp\/v2\/categories?post=13885"},{"taxonomy":"post_tag","embeddable":true,"href":"https:\/\/www.renouvelle.be\/fr\/wp-json\/wp\/v2\/tags?post=13885"},{"taxonomy":"section","embeddable":true,"href":"https:\/\/www.renouvelle.be\/fr\/wp-json\/wp\/v2\/section?post=13885"}],"curies":[{"name":"wp","href":"https:\/\/api.w.org\/{rel}","templated":true}]}}