{"id":13845,"date":"2024-10-15T13:59:12","date_gmt":"2024-10-15T11:59:12","guid":{"rendered":"https:\/\/www.renouvelle.be\/?p=13845"},"modified":"2024-10-15T13:59:17","modified_gmt":"2024-10-15T11:59:17","slug":"capacite-renouvelable-mondiale-pas-loin-dun-triplement-dici-2030","status":"publish","type":"post","link":"https:\/\/www.renouvelle.be\/fr\/capacite-renouvelable-mondiale-pas-loin-dun-triplement-dici-2030\/","title":{"rendered":"Capacit\u00e9 renouvelable mondiale : pas loin d&rsquo;un triplement d&rsquo;ici 2030"},"content":{"rendered":"\n<p>L\u2019Agence Internationale de l\u2019\u00c9nergie (AIE) a r\u00e9cemment partag\u00e9 son \u00e9tat des lieux des \u00e9nergies renouvelables dans son rapport annuel. Selon ses estimations, la capacit\u00e9 install\u00e9e mondiale devrait augmenter de plus de 5 500 GW, soit environ trois fois la hausse constat\u00e9e entre 2017 et 2023. Sans grande surprise, la Chine m\u00e8nera la danse puisqu\u2019elle repr\u00e9sentera 60 % de la nouvelle capacit\u00e9 ajout\u00e9e dans le monde d\u2019ici 2030. Mais elle ne sera pas la seule \u00e0 atteindre ou d\u00e9passer ses objectifs, puisque ce sera le cas d\u2019un total de 70 pays repr\u00e9sentant au total 80 % de la capacit\u00e9 renouvelable mondiale.<\/p>\n\n\n\n<p>Il fera plein soleil sur cette derni\u00e8re d\u2019ici 2030, puisque 80 % de sa croissance reviendra au photovolta\u00efque, gr\u00e2ce, entre autres, \u00e0 la construction de grandes infrastructures comme les centrales solaires. C\u00f4t\u00e9 \u00e9nergie \u00e9olienne, l\u2019AIE pr\u00e9voit un doublement de son taux d\u2019expansion, toujours par rapport \u00e0 la p\u00e9riode 2017-2023. Une aubaine pour ces deux \u00e9nergies consid\u00e9r\u00e9es comme les alternatives les moins co\u00fbteuses pour la production d\u2019\u00e9lectricit\u00e9, et ce, dans presque tous les pays. D\u2019ailleurs, leur part dans cette production devrait doubler et atteindre 30 % selon les pr\u00e9dictions.<\/p>\n\n\n\n<p>Cependant, cette croissance ne se hisse pas \u00e0 la hauteur des ambitions de la COP28, et notamment celle de tripler la capacit\u00e9 des \u00e9nergies renouvelables. Pourtant, cela ne semble pas totalement inatteignable : le rapport pr\u00e9voit que la capacit\u00e9 mondiale atteindra un niveau 2,7 fois sup\u00e9rieur \u00e0 celui de 2022 d&rsquo;ici 2030, des politiques plus ambitieuses en mati\u00e8re de renouvelable permettraient donc d\u2019atteindre l\u2019objectif du triplement. Pour cela, il faudra renforcer la coop\u00e9ration internationale afin de soutenir les \u00e9conomies \u00e9mergentes et en d\u00e9veloppement, en r\u00e9duisant les co\u00fbts de financement des \u00e9nergies renouvelables. Des co\u00fbts qui ralentissent leur d\u00e9veloppement, notamment en Afrique et en Asie du Sud-Est.<\/p>\n\n\n\n<p>Afin d\u2019absorber toute cette croissance le plus efficacement possible, l\u2019AIE recommande une bonne int\u00e9gration des \u00e9nergies renouvelables dans les r\u00e9seaux \u00e9lectriques, en encourageant notamment leur flexibilit\u00e9 et le stockage d\u2019\u00e9nergie dans des <a href=\"https:\/\/www.renouvelle.be\/fr\/parcs-de-batteries-une-capacite-bientot-decuplee-en-belgique\/\" target=\"_blank\" rel=\"noreferrer noopener\">parcs de batteries<\/a>.<\/p>\n\n\n\n<p>Le rapport \u00ab Renewables 2024 \u00bb est \u00e0 d\u00e9couvrir dans son int\u00e9gralit\u00e9 <a href=\"https:\/\/www.iea.org\/reports\/renewables-2024\" target=\"_blank\" rel=\"noreferrer noopener\">ici<\/a>.<\/p>\n","protected":false},"excerpt":{"rendered":"<p>L\u2019Agence Internationale de l\u2019\u00c9nergie (AIE) a r\u00e9cemment partag\u00e9 son \u00e9tat des lieux des \u00e9nergies renouvelables dans son rapport annuel. Selon ses estimations, la capacit\u00e9 install\u00e9e mondiale devrait augmenter de plus de 5 500 GW, soit environ trois fois la hausse constat\u00e9e entre 2017 et 2023. Sans grande surprise, la Chine m\u00e8nera la danse puisqu\u2019elle repr\u00e9sentera 60 % de la nouvelle capacit\u00e9 ajout\u00e9e dans le monde d\u2019ici 2030. Mais elle ne sera pas la seule \u00e0 atteindre ou d\u00e9passer ses objectifs, puisque ce sera le cas d\u2019un total de 70 pays repr\u00e9sentant au total 80 % de la capacit\u00e9 renouvelable mondiale. Il fera plein soleil sur cette derni\u00e8re d\u2019ici 2030, puisque 80 % de sa croissance reviendra au photovolta\u00efque, gr\u00e2ce, entre autres, \u00e0 la construction de grandes infrastructures comme les centrales solaires. C\u00f4t\u00e9 \u00e9nergie \u00e9olienne, l\u2019AIE pr\u00e9voit un doublement de son taux d\u2019expansion, toujours par rapport \u00e0 la p\u00e9riode 2017-2023. Une aubaine pour ces deux \u00e9nergies consid\u00e9r\u00e9es comme les alternatives les moins co\u00fbteuses pour la production d\u2019\u00e9lectricit\u00e9, et ce, dans presque tous les pays. D\u2019ailleurs, leur part dans cette production devrait doubler et atteindre 30 % selon les pr\u00e9dictions. Cependant, cette croissance ne se hisse pas \u00e0 la hauteur des ambitions de la COP28, et notamment celle de tripler la capacit\u00e9 des \u00e9nergies renouvelables. Pourtant, cela ne semble pas totalement inatteignable : le rapport pr\u00e9voit que la capacit\u00e9 mondiale atteindra un niveau 2,7 fois sup\u00e9rieur \u00e0 celui de 2022 d&rsquo;ici 2030, des politiques plus ambitieuses en mati\u00e8re de renouvelable permettraient donc d\u2019atteindre l\u2019objectif du triplement. Pour cela, il faudra renforcer la coop\u00e9ration internationale afin de soutenir les \u00e9conomies \u00e9mergentes et en d\u00e9veloppement, en r\u00e9duisant les co\u00fbts de financement des \u00e9nergies renouvelables. Des co\u00fbts qui ralentissent leur d\u00e9veloppement, notamment en Afrique et &hellip; <a href=\"https:\/\/www.renouvelle.be\/fr\/capacite-renouvelable-mondiale-pas-loin-dun-triplement-dici-2030\/\" class=\"more-link\">Continue reading<span class=\"screen-reader-text\"> \u00ab\u00a0Capacit\u00e9 renouvelable mondiale : pas loin d&rsquo;un triplement d&rsquo;ici 2030\u00a0\u00bb<\/span><\/a><\/p>\n","protected":false},"author":38,"featured_media":13850,"comment_status":"closed","ping_status":"closed","sticky":false,"template":"","format":"standard","meta":{"_acf_changed":false,"footnotes":""},"categories":[16,18],"tags":[],"section":[8],"class_list":["post-13845","post","type-post","status-publish","format-standard","has-post-thumbnail","hentry","category-actualite","category-actualite-internationale","section-energie-renouvelables"],"acf":[],"yoast_head":"<!-- This site is optimized with the Yoast SEO plugin v27.4 - https:\/\/yoast.com\/product\/yoast-seo-wordpress\/ -->\n<title>Capacit\u00e9 renouvelable mondiale : pas loin d&#039;un triplement d&#039;ici 2030 - Renouvelle<\/title>\n<meta name=\"description\" content=\"Le triplement de la capacit\u00e9 des \u00e9nergies renouvelables d&#039;ici 2030 n&#039;est pas un objectif inatteignable selon un rapport de l&#039;AIE.\" \/>\n<meta name=\"robots\" content=\"index, follow, max-snippet:-1, max-image-preview:large, max-video-preview:-1\" \/>\n<link rel=\"canonical\" href=\"https:\/\/www.renouvelle.be\/fr\/capacite-renouvelable-mondiale-pas-loin-dun-triplement-dici-2030\/\" \/>\n<meta property=\"og:locale\" content=\"fr_FR\" \/>\n<meta property=\"og:type\" content=\"article\" \/>\n<meta property=\"og:title\" content=\"Capacit\u00e9 renouvelable mondiale : pas loin d&#039;un triplement d&#039;ici 2030 - Renouvelle\" \/>\n<meta property=\"og:description\" content=\"Le triplement de la capacit\u00e9 des \u00e9nergies renouvelables d&#039;ici 2030 n&#039;est pas un objectif inatteignable selon un rapport de l&#039;AIE.\" \/>\n<meta property=\"og:url\" content=\"https:\/\/www.renouvelle.be\/fr\/capacite-renouvelable-mondiale-pas-loin-dun-triplement-dici-2030\/\" \/>\n<meta property=\"og:site_name\" content=\"Renouvelle\" \/>\n<meta property=\"article:published_time\" content=\"2024-10-15T11:59:12+00:00\" \/>\n<meta property=\"article:modified_time\" content=\"2024-10-15T11:59:17+00:00\" \/>\n<meta property=\"og:image\" content=\"https:\/\/www.renouvelle.be\/wp-content\/uploads\/2024\/10\/pexels-quang-nguyen-vinh-222549-6876534-scaled-e1728648533929.jpg\" \/>\n\t<meta property=\"og:image:width\" content=\"2560\" \/>\n\t<meta property=\"og:image:height\" content=\"1501\" \/>\n\t<meta property=\"og:image:type\" content=\"image\/jpeg\" \/>\n<meta name=\"author\" content=\"Samuel Alves\" \/>\n<meta name=\"twitter:card\" content=\"summary_large_image\" \/>\n<script type=\"application\/ld+json\" class=\"yoast-schema-graph\">{\"@context\":\"https:\\\/\\\/schema.org\",\"@graph\":[{\"@type\":\"Article\",\"@id\":\"https:\\\/\\\/www.renouvelle.be\\\/fr\\\/capacite-renouvelable-mondiale-pas-loin-dun-triplement-dici-2030\\\/#article\",\"isPartOf\":{\"@id\":\"https:\\\/\\\/www.renouvelle.be\\\/fr\\\/capacite-renouvelable-mondiale-pas-loin-dun-triplement-dici-2030\\\/\"},\"author\":{\"name\":\"Samuel Alves\",\"@id\":\"https:\\\/\\\/www.renouvelle.be\\\/fr\\\/#\\\/schema\\\/person\\\/9d743366fb269eeceaa8d60e98d289d3\"},\"headline\":\"Capacit\u00e9 renouvelable mondiale : pas loin d&rsquo;un triplement d&rsquo;ici 2030\",\"datePublished\":\"2024-10-15T11:59:12+00:00\",\"dateModified\":\"2024-10-15T11:59:17+00:00\",\"mainEntityOfPage\":{\"@id\":\"https:\\\/\\\/www.renouvelle.be\\\/fr\\\/capacite-renouvelable-mondiale-pas-loin-dun-triplement-dici-2030\\\/\"},\"wordCount\":371,\"image\":{\"@id\":\"https:\\\/\\\/www.renouvelle.be\\\/fr\\\/capacite-renouvelable-mondiale-pas-loin-dun-triplement-dici-2030\\\/#primaryimage\"},\"thumbnailUrl\":\"https:\\\/\\\/www.renouvelle.be\\\/wp-content\\\/uploads\\\/2024\\\/10\\\/pexels-quang-nguyen-vinh-222549-6876534-scaled-e1728648533929.jpg\",\"articleSection\":[\"Actualit\u00e9\",\"Actualit\u00e9 internationale\"],\"inLanguage\":\"fr-FR\"},{\"@type\":\"WebPage\",\"@id\":\"https:\\\/\\\/www.renouvelle.be\\\/fr\\\/capacite-renouvelable-mondiale-pas-loin-dun-triplement-dici-2030\\\/\",\"url\":\"https:\\\/\\\/www.renouvelle.be\\\/fr\\\/capacite-renouvelable-mondiale-pas-loin-dun-triplement-dici-2030\\\/\",\"name\":\"Capacit\u00e9 renouvelable mondiale : pas loin d'un triplement d'ici 2030 - Renouvelle\",\"isPartOf\":{\"@id\":\"https:\\\/\\\/www.renouvelle.be\\\/fr\\\/#website\"},\"primaryImageOfPage\":{\"@id\":\"https:\\\/\\\/www.renouvelle.be\\\/fr\\\/capacite-renouvelable-mondiale-pas-loin-dun-triplement-dici-2030\\\/#primaryimage\"},\"image\":{\"@id\":\"https:\\\/\\\/www.renouvelle.be\\\/fr\\\/capacite-renouvelable-mondiale-pas-loin-dun-triplement-dici-2030\\\/#primaryimage\"},\"thumbnailUrl\":\"https:\\\/\\\/www.renouvelle.be\\\/wp-content\\\/uploads\\\/2024\\\/10\\\/pexels-quang-nguyen-vinh-222549-6876534-scaled-e1728648533929.jpg\",\"datePublished\":\"2024-10-15T11:59:12+00:00\",\"dateModified\":\"2024-10-15T11:59:17+00:00\",\"author\":{\"@id\":\"https:\\\/\\\/www.renouvelle.be\\\/fr\\\/#\\\/schema\\\/person\\\/9d743366fb269eeceaa8d60e98d289d3\"},\"description\":\"Le triplement de la capacit\u00e9 des \u00e9nergies renouvelables d'ici 2030 n'est pas un objectif inatteignable selon un rapport de l'AIE.\",\"breadcrumb\":{\"@id\":\"https:\\\/\\\/www.renouvelle.be\\\/fr\\\/capacite-renouvelable-mondiale-pas-loin-dun-triplement-dici-2030\\\/#breadcrumb\"},\"inLanguage\":\"fr-FR\",\"potentialAction\":[{\"@type\":\"ReadAction\",\"target\":[\"https:\\\/\\\/www.renouvelle.be\\\/fr\\\/capacite-renouvelable-mondiale-pas-loin-dun-triplement-dici-2030\\\/\"]}]},{\"@type\":\"ImageObject\",\"inLanguage\":\"fr-FR\",\"@id\":\"https:\\\/\\\/www.renouvelle.be\\\/fr\\\/capacite-renouvelable-mondiale-pas-loin-dun-triplement-dici-2030\\\/#primaryimage\",\"url\":\"https:\\\/\\\/www.renouvelle.be\\\/wp-content\\\/uploads\\\/2024\\\/10\\\/pexels-quang-nguyen-vinh-222549-6876534-scaled-e1728648533929.jpg\",\"contentUrl\":\"https:\\\/\\\/www.renouvelle.be\\\/wp-content\\\/uploads\\\/2024\\\/10\\\/pexels-quang-nguyen-vinh-222549-6876534-scaled-e1728648533929.jpg\",\"width\":2560,\"height\":1501,\"caption\":\"capacit\u00e9 triplement\"},{\"@type\":\"BreadcrumbList\",\"@id\":\"https:\\\/\\\/www.renouvelle.be\\\/fr\\\/capacite-renouvelable-mondiale-pas-loin-dun-triplement-dici-2030\\\/#breadcrumb\",\"itemListElement\":[{\"@type\":\"ListItem\",\"position\":1,\"name\":\"Accueil\",\"item\":\"https:\\\/\\\/www.renouvelle.be\\\/fr\\\/\"},{\"@type\":\"ListItem\",\"position\":2,\"name\":\"Capacit\u00e9 renouvelable mondiale : pas loin d&rsquo;un triplement d&rsquo;ici 2030\"}]},{\"@type\":\"WebSite\",\"@id\":\"https:\\\/\\\/www.renouvelle.be\\\/fr\\\/#website\",\"url\":\"https:\\\/\\\/www.renouvelle.be\\\/fr\\\/\",\"name\":\"Renouvelle\",\"description\":\"L&#039;actualit\u00e9 de l&#039;\u00e9nergie durable\",\"potentialAction\":[{\"@type\":\"SearchAction\",\"target\":{\"@type\":\"EntryPoint\",\"urlTemplate\":\"https:\\\/\\\/www.renouvelle.be\\\/fr\\\/?s={search_term_string}\"},\"query-input\":{\"@type\":\"PropertyValueSpecification\",\"valueRequired\":true,\"valueName\":\"search_term_string\"}}],\"inLanguage\":\"fr-FR\"},{\"@type\":\"Person\",\"@id\":\"https:\\\/\\\/www.renouvelle.be\\\/fr\\\/#\\\/schema\\\/person\\\/9d743366fb269eeceaa8d60e98d289d3\",\"name\":\"Samuel Alves\",\"url\":\"https:\\\/\\\/www.renouvelle.be\\\/fr\\\/author\\\/salves\\\/\"}]}<\/script>\n<!-- \/ Yoast SEO plugin. -->","yoast_head_json":{"title":"Capacit\u00e9 renouvelable mondiale : pas loin d'un triplement d'ici 2030 - Renouvelle","description":"Le triplement de la capacit\u00e9 des \u00e9nergies renouvelables d'ici 2030 n'est pas un objectif inatteignable selon un rapport de l'AIE.","robots":{"index":"index","follow":"follow","max-snippet":"max-snippet:-1","max-image-preview":"max-image-preview:large","max-video-preview":"max-video-preview:-1"},"canonical":"https:\/\/www.renouvelle.be\/fr\/capacite-renouvelable-mondiale-pas-loin-dun-triplement-dici-2030\/","og_locale":"fr_FR","og_type":"article","og_title":"Capacit\u00e9 renouvelable mondiale : pas loin d'un triplement d'ici 2030 - Renouvelle","og_description":"Le triplement de la capacit\u00e9 des \u00e9nergies renouvelables d'ici 2030 n'est pas un objectif inatteignable selon un rapport de l'AIE.","og_url":"https:\/\/www.renouvelle.be\/fr\/capacite-renouvelable-mondiale-pas-loin-dun-triplement-dici-2030\/","og_site_name":"Renouvelle","article_published_time":"2024-10-15T11:59:12+00:00","article_modified_time":"2024-10-15T11:59:17+00:00","og_image":[{"width":2560,"height":1501,"url":"https:\/\/www.renouvelle.be\/wp-content\/uploads\/2024\/10\/pexels-quang-nguyen-vinh-222549-6876534-scaled-e1728648533929.jpg","type":"image\/jpeg"}],"author":"Samuel Alves","twitter_card":"summary_large_image","schema":{"@context":"https:\/\/schema.org","@graph":[{"@type":"Article","@id":"https:\/\/www.renouvelle.be\/fr\/capacite-renouvelable-mondiale-pas-loin-dun-triplement-dici-2030\/#article","isPartOf":{"@id":"https:\/\/www.renouvelle.be\/fr\/capacite-renouvelable-mondiale-pas-loin-dun-triplement-dici-2030\/"},"author":{"name":"Samuel Alves","@id":"https:\/\/www.renouvelle.be\/fr\/#\/schema\/person\/9d743366fb269eeceaa8d60e98d289d3"},"headline":"Capacit\u00e9 renouvelable mondiale : pas loin d&rsquo;un triplement d&rsquo;ici 2030","datePublished":"2024-10-15T11:59:12+00:00","dateModified":"2024-10-15T11:59:17+00:00","mainEntityOfPage":{"@id":"https:\/\/www.renouvelle.be\/fr\/capacite-renouvelable-mondiale-pas-loin-dun-triplement-dici-2030\/"},"wordCount":371,"image":{"@id":"https:\/\/www.renouvelle.be\/fr\/capacite-renouvelable-mondiale-pas-loin-dun-triplement-dici-2030\/#primaryimage"},"thumbnailUrl":"https:\/\/www.renouvelle.be\/wp-content\/uploads\/2024\/10\/pexels-quang-nguyen-vinh-222549-6876534-scaled-e1728648533929.jpg","articleSection":["Actualit\u00e9","Actualit\u00e9 internationale"],"inLanguage":"fr-FR"},{"@type":"WebPage","@id":"https:\/\/www.renouvelle.be\/fr\/capacite-renouvelable-mondiale-pas-loin-dun-triplement-dici-2030\/","url":"https:\/\/www.renouvelle.be\/fr\/capacite-renouvelable-mondiale-pas-loin-dun-triplement-dici-2030\/","name":"Capacit\u00e9 renouvelable mondiale : pas loin d'un triplement d'ici 2030 - Renouvelle","isPartOf":{"@id":"https:\/\/www.renouvelle.be\/fr\/#website"},"primaryImageOfPage":{"@id":"https:\/\/www.renouvelle.be\/fr\/capacite-renouvelable-mondiale-pas-loin-dun-triplement-dici-2030\/#primaryimage"},"image":{"@id":"https:\/\/www.renouvelle.be\/fr\/capacite-renouvelable-mondiale-pas-loin-dun-triplement-dici-2030\/#primaryimage"},"thumbnailUrl":"https:\/\/www.renouvelle.be\/wp-content\/uploads\/2024\/10\/pexels-quang-nguyen-vinh-222549-6876534-scaled-e1728648533929.jpg","datePublished":"2024-10-15T11:59:12+00:00","dateModified":"2024-10-15T11:59:17+00:00","author":{"@id":"https:\/\/www.renouvelle.be\/fr\/#\/schema\/person\/9d743366fb269eeceaa8d60e98d289d3"},"description":"Le triplement de la capacit\u00e9 des \u00e9nergies renouvelables d'ici 2030 n'est pas un objectif inatteignable selon un rapport de l'AIE.","breadcrumb":{"@id":"https:\/\/www.renouvelle.be\/fr\/capacite-renouvelable-mondiale-pas-loin-dun-triplement-dici-2030\/#breadcrumb"},"inLanguage":"fr-FR","potentialAction":[{"@type":"ReadAction","target":["https:\/\/www.renouvelle.be\/fr\/capacite-renouvelable-mondiale-pas-loin-dun-triplement-dici-2030\/"]}]},{"@type":"ImageObject","inLanguage":"fr-FR","@id":"https:\/\/www.renouvelle.be\/fr\/capacite-renouvelable-mondiale-pas-loin-dun-triplement-dici-2030\/#primaryimage","url":"https:\/\/www.renouvelle.be\/wp-content\/uploads\/2024\/10\/pexels-quang-nguyen-vinh-222549-6876534-scaled-e1728648533929.jpg","contentUrl":"https:\/\/www.renouvelle.be\/wp-content\/uploads\/2024\/10\/pexels-quang-nguyen-vinh-222549-6876534-scaled-e1728648533929.jpg","width":2560,"height":1501,"caption":"capacit\u00e9 triplement"},{"@type":"BreadcrumbList","@id":"https:\/\/www.renouvelle.be\/fr\/capacite-renouvelable-mondiale-pas-loin-dun-triplement-dici-2030\/#breadcrumb","itemListElement":[{"@type":"ListItem","position":1,"name":"Accueil","item":"https:\/\/www.renouvelle.be\/fr\/"},{"@type":"ListItem","position":2,"name":"Capacit\u00e9 renouvelable mondiale : pas loin d&rsquo;un triplement d&rsquo;ici 2030"}]},{"@type":"WebSite","@id":"https:\/\/www.renouvelle.be\/fr\/#website","url":"https:\/\/www.renouvelle.be\/fr\/","name":"Renouvelle","description":"L&#039;actualit\u00e9 de l&#039;\u00e9nergie durable","potentialAction":[{"@type":"SearchAction","target":{"@type":"EntryPoint","urlTemplate":"https:\/\/www.renouvelle.be\/fr\/?s={search_term_string}"},"query-input":{"@type":"PropertyValueSpecification","valueRequired":true,"valueName":"search_term_string"}}],"inLanguage":"fr-FR"},{"@type":"Person","@id":"https:\/\/www.renouvelle.be\/fr\/#\/schema\/person\/9d743366fb269eeceaa8d60e98d289d3","name":"Samuel Alves","url":"https:\/\/www.renouvelle.be\/fr\/author\/salves\/"}]}},"_links":{"self":[{"href":"https:\/\/www.renouvelle.be\/fr\/wp-json\/wp\/v2\/posts\/13845","targetHints":{"allow":["GET"]}}],"collection":[{"href":"https:\/\/www.renouvelle.be\/fr\/wp-json\/wp\/v2\/posts"}],"about":[{"href":"https:\/\/www.renouvelle.be\/fr\/wp-json\/wp\/v2\/types\/post"}],"author":[{"embeddable":true,"href":"https:\/\/www.renouvelle.be\/fr\/wp-json\/wp\/v2\/users\/38"}],"replies":[{"embeddable":true,"href":"https:\/\/www.renouvelle.be\/fr\/wp-json\/wp\/v2\/comments?post=13845"}],"version-history":[{"count":12,"href":"https:\/\/www.renouvelle.be\/fr\/wp-json\/wp\/v2\/posts\/13845\/revisions"}],"predecessor-version":[{"id":13860,"href":"https:\/\/www.renouvelle.be\/fr\/wp-json\/wp\/v2\/posts\/13845\/revisions\/13860"}],"wp:featuredmedia":[{"embeddable":true,"href":"https:\/\/www.renouvelle.be\/fr\/wp-json\/wp\/v2\/media\/13850"}],"wp:attachment":[{"href":"https:\/\/www.renouvelle.be\/fr\/wp-json\/wp\/v2\/media?parent=13845"}],"wp:term":[{"taxonomy":"category","embeddable":true,"href":"https:\/\/www.renouvelle.be\/fr\/wp-json\/wp\/v2\/categories?post=13845"},{"taxonomy":"post_tag","embeddable":true,"href":"https:\/\/www.renouvelle.be\/fr\/wp-json\/wp\/v2\/tags?post=13845"},{"taxonomy":"section","embeddable":true,"href":"https:\/\/www.renouvelle.be\/fr\/wp-json\/wp\/v2\/section?post=13845"}],"curies":[{"name":"wp","href":"https:\/\/api.w.org\/{rel}","templated":true}]}}