{"id":13837,"date":"2024-10-09T14:43:28","date_gmt":"2024-10-09T12:43:28","guid":{"rendered":"https:\/\/www.renouvelle.be\/?p=13837"},"modified":"2024-10-09T14:43:34","modified_gmt":"2024-10-09T12:43:34","slug":"slowheat-les-resultats-publies-apres-trois-ans-de-recherche","status":"publish","type":"post","link":"https:\/\/www.renouvelle.be\/fr\/slowheat-les-resultats-publies-apres-trois-ans-de-recherche\/","title":{"rendered":"Slowheat : les r\u00e9sultats publi\u00e9s apr\u00e8s trois ans de recherche"},"content":{"rendered":"\n<p>Pour diminuer l\u2019impact des \u00e9missions de CO2, il devient imp\u00e9ratif de repenser les moyens utilis\u00e9s pour se chauffer. En effet, ce dernier est l\u2019un des plus gros postes de consommation d\u2019\u00e9nergie et doit d\u00e8s lors \u00eatre revu \u00e0 la baisse si l\u2019on veut atteindre les objectifs de neutralit\u00e9 climatique.<\/p>\n\n\n\n<p>Selon EUROSTAT, le secteur r\u00e9sidentiel repr\u00e9sente 27% de la consommation finale \u00e9nerg\u00e9tique de l\u2019Union europ\u00e9enne et plus de 64% de celle-ci tire son origine du chauffage des espaces. Dans ce contexte, il a \u00e9t\u00e9 d\u00e9cid\u00e9 que tous les b\u00e2timents devront \u00eatre \u00e0 z\u00e9ro \u00e9mission et climatiquement neutres d\u2019ici 2050. Mais la r\u00e9novation des b\u00e2timents existants et l\u2019attention particuli\u00e8re accord\u00e9e \u00e0 la performance \u00e9nerg\u00e9tique des nouvelles constructions ne suffiront pas si nous ne remettons pas en question notre consommation \u00e9nerg\u00e9tique.<\/p>\n\n\n\n<p>Il y a trois ans, d\u00e9butait le projet de recherche Slowheat, dont nous vous avions d\u00e9j\u00e0 parl\u00e9 dans un pr\u00e9c\u00e9dent <a href=\"https:\/\/www.renouvelle.be\/fr\/le-slow-heat-repenser-la-facon-dont-on-se-chauffe\/\" target=\"_blank\" rel=\"noreferrer noopener\">article<\/a>. Celui-ci avait pour objectif de repenser la fa\u00e7on dont on utilise l\u2019\u00e9nergie thermique pour mieux la cibler en partant d\u2019une base simple : mieux chauffer les corps, moins les espaces.<\/p>\n\n\n\n<p>Impliquant 23 m\u00e9nages bruxellois, il s\u2019est \u00e9tal\u00e9 d\u2019octobre 2020 \u00e0 septembre 2023. Les r\u00e9sultats r\u00e9cemment partag\u00e9s ont d\u00e9montr\u00e9 que les habitudes de chauffage ont progressivement \u00e9t\u00e9 adapt\u00e9es aux besoins r\u00e9els sans pour autant bouleverser les modes de vie.<\/p>\n\n\n\n<p>Concr\u00e8tement, la temp\u00e9rature int\u00e9rieure de d\u00e9part \u00e9tait de 19\u00b0C (d\u00e9finie d\u2019apr\u00e8s les donn\u00e9es transmises par la majorit\u00e9 des participants). Apr\u00e8s quelques mois d\u2019exp\u00e9rimentations et d\u2019adaptations, elle passait d\u00e9j\u00e0, pour certains d\u2019entre eux, \u00e0 16,8 \u00b0C pour atteindre finalement 15\u00b0C au bout de trois ans.<\/p>\n\n\n\n<p>Les r\u00e9sultats soulignent \u00e9galement une r\u00e9duction de 2,7\u00b0C entre le premier hiver et le troisi\u00e8me, et ce pour la semaine la plus froide. D\u2019un point de vue global, la temp\u00e9rature int\u00e9rieure avait atteint 15,1\u00b0C lors du troisi\u00e8me hiver, enregistrant donc une baisse de 3,9\u00b0C par rapport \u00e0 la temp\u00e9rature de r\u00e9f\u00e9rence.<\/p>\n\n\n\n<p>\u00c0 la fin, c\u2019est une diminution de 50% de la consommation de chaleur qui a \u00e9t\u00e9 constat\u00e9e, sans augmentation de l\u2019\u00e9lectricit\u00e9.<\/p>\n\n\n\n<h2 class=\"wp-block-heading\"><strong>S\u2019adapter au Slowheat sans tout chambouler<\/strong><\/h2>\n\n\n\n<p>Comme d\u00e9j\u00e0 introduit plus haut, de tels r\u00e9sultats ont n\u00e9cessit\u00e9 certaines adaptations mais qui n\u2019ont pas mis sens dessus dessous le quotidien des m\u00e9nages.<\/p>\n\n\n\n<p>Pour moins solliciter le chauffage central, plusieurs pistes ont \u00e9t\u00e9 suivies, \u00e0 commencer par les syst\u00e8mes de chauffage personnel comme des couvertures chauffantes, des radiateurs infrarouges portables, des si\u00e8ges de bureau chauffants, etc. Mais plus la recherche progressait, plus ces syst\u00e8mes \u00e9taient d\u00e9laiss\u00e9s au profit de nouvelles habitudes vestimentaires. On parle ici de sous-v\u00eatements thermiques, de couches suppl\u00e9mentaires comme des pulls ou ponchos, ou encore de l\u2019utilisation syst\u00e9matique de couvertures lorsqu\u2019on est au repos.<\/p>\n\n\n\n<p>Les dispositifs de chauffage individuel \u00e9taient finalement plut\u00f4t utilis\u00e9s pour des situations statiques de longue dur\u00e9e comme le t\u00e9l\u00e9travail. Ce dernier, et d\u2019autres activit\u00e9s du genre, ayant aussi \u00e9t\u00e9 d\u00e9plac\u00e9 dans des pi\u00e8ces plus chaudes quand c\u2019\u00e9tait possible. Mais ce n\u2019est pas tout, puisque l\u2019espace d\u2019habitation a \u00e9galement \u00e9t\u00e9 adapt\u00e9, notamment par la pose de rideaux int\u00e9rieurs entre les diff\u00e9rentes pi\u00e8ces afin de r\u00e9duire les courants d\u2019air et de conserver la chaleur le plus possible.<\/p>\n\n\n\n<p>Un espace d\u2019\u00e9changes pr\u00e9vu entre les participants a pu mettre en \u00e9vidence le fait que le confort ne semble pas avoir \u00e9t\u00e9 particuli\u00e8rement mis \u00e0 rude \u00e9preuve en raison de la baisse de temp\u00e9rature et des changements initi\u00e9s.<\/p>\n\n\n\n<p>Bien s\u00fbr, l\u2019impact sur les factures n\u2019a pas \u00e9t\u00e9 mis de c\u00f4t\u00e9. En se basant sur celles de r\u00e9f\u00e9rence, il a \u00e9t\u00e9 constat\u00e9 une baisse moyenne de 50% de la consommation de gaz et de 14% de celle d\u2019\u00e9lectricit\u00e9. Ces diminutions sont cependant \u00e0 remettre dans le contexte, certains habitants b\u00e9n\u00e9ficiant d\u2019\u00e9quilibres diff\u00e9rents entre la perte de chaleur, les gains passifs et les conditions de voisinage.<\/p>\n\n\n\n<p>Fait \u00e9tonnant selon l\u2019\u00e9tude, la consommation \u00e9lectrique aurait d\u00fb augmenter \u00e0 cause de l\u2019utilisation des syst\u00e8mes de chauffage personnel, mais il est suppos\u00e9 que la hausse des prix de l\u2019\u00e9nergie, cons\u00e9quence du conflit en Ukraine, a \u00e9t\u00e9 compens\u00e9e par des \u00e9conomies d\u2019\u00e9lectricit\u00e9 \u00e0 d\u2019autres postes.<\/p>\n\n\n\n<p>En conclusion, l\u2019exp\u00e9rience Slowheat \u00e9tait une occasion d\u2019explorer des solutions de chauffage alternatives et non pas uniquement de r\u00e9duire la temp\u00e9rature int\u00e9rieure. Un projet de recherche qui montre que, malgr\u00e9 certaines craintes concernant la perte de confort, se chauffer de fa\u00e7on plus cibl\u00e9e pour moins solliciter le chauffage central est possible. De quoi convaincre plus de personnes de passer au Slow Heat ? On l\u2019esp\u00e8re !<\/p>\n\n\n\n<p>Les r\u00e9sultats (en anglais) peuvent \u00eatre consult\u00e9s <a href=\"https:\/\/journal-buildingscities.org\/articles\/10.5334\/bc.444#3-results\" target=\"_blank\" rel=\"noreferrer noopener\">ici<\/a>.<\/p>\n","protected":false},"excerpt":{"rendered":"<p>Pour diminuer l\u2019impact des \u00e9missions de CO2, il devient imp\u00e9ratif de repenser les moyens utilis\u00e9s pour se chauffer. En effet, ce dernier est l\u2019un des plus gros postes de consommation d\u2019\u00e9nergie et doit d\u00e8s lors \u00eatre revu \u00e0 la baisse si l\u2019on veut atteindre les objectifs de neutralit\u00e9 climatique. Selon EUROSTAT, le secteur r\u00e9sidentiel repr\u00e9sente 27% de la consommation finale \u00e9nerg\u00e9tique de l\u2019Union europ\u00e9enne et plus de 64% de celle-ci tire son origine du chauffage des espaces. Dans ce contexte, il a \u00e9t\u00e9 d\u00e9cid\u00e9 que tous les b\u00e2timents devront \u00eatre \u00e0 z\u00e9ro \u00e9mission et climatiquement neutres d\u2019ici 2050. Mais la r\u00e9novation des b\u00e2timents existants et l\u2019attention particuli\u00e8re accord\u00e9e \u00e0 la performance \u00e9nerg\u00e9tique des nouvelles constructions ne suffiront pas si nous ne remettons pas en question notre consommation \u00e9nerg\u00e9tique. Il y a trois ans, d\u00e9butait le projet de recherche Slowheat, dont nous vous avions d\u00e9j\u00e0 parl\u00e9 dans un pr\u00e9c\u00e9dent article. Celui-ci avait pour objectif de repenser la fa\u00e7on dont on utilise l\u2019\u00e9nergie thermique pour mieux la cibler en partant d\u2019une base simple : mieux chauffer les corps, moins les espaces. Impliquant 23 m\u00e9nages bruxellois, il s\u2019est \u00e9tal\u00e9 d\u2019octobre 2020 \u00e0 septembre 2023. Les r\u00e9sultats r\u00e9cemment partag\u00e9s ont d\u00e9montr\u00e9 que les habitudes de chauffage ont progressivement \u00e9t\u00e9 adapt\u00e9es aux besoins r\u00e9els sans pour autant bouleverser les modes de vie. Concr\u00e8tement, la temp\u00e9rature int\u00e9rieure de d\u00e9part \u00e9tait de 19\u00b0C (d\u00e9finie d\u2019apr\u00e8s les donn\u00e9es transmises par la majorit\u00e9 des participants). Apr\u00e8s quelques mois d\u2019exp\u00e9rimentations et d\u2019adaptations, elle passait d\u00e9j\u00e0, pour certains d\u2019entre eux, \u00e0 16,8 \u00b0C pour atteindre finalement 15\u00b0C au bout de trois ans. Les r\u00e9sultats soulignent \u00e9galement une r\u00e9duction de 2,7\u00b0C entre le premier hiver et le troisi\u00e8me, et ce pour la semaine la plus froide. D\u2019un point de vue global, la &hellip; <a href=\"https:\/\/www.renouvelle.be\/fr\/slowheat-les-resultats-publies-apres-trois-ans-de-recherche\/\" class=\"more-link\">Continue reading<span class=\"screen-reader-text\"> \u00ab\u00a0Slowheat : les r\u00e9sultats publi\u00e9s apr\u00e8s trois ans de recherche\u00a0\u00bb<\/span><\/a><\/p>\n","protected":false},"author":38,"featured_media":13840,"comment_status":"closed","ping_status":"closed","sticky":false,"template":"","format":"standard","meta":{"_acf_changed":false,"footnotes":""},"categories":[16,17],"tags":[],"section":[],"class_list":["post-13837","post","type-post","status-publish","format-standard","has-post-thumbnail","hentry","category-actualite","category-actualite-en-belgique"],"acf":[],"yoast_head":"<!-- This site is optimized with the Yoast SEO plugin v27.4 - https:\/\/yoast.com\/product\/yoast-seo-wordpress\/ -->\n<title>Slowheat : les r\u00e9sultats publi\u00e9s apr\u00e8s trois ans de recherche - Renouvelle<\/title>\n<meta name=\"description\" content=\"Apr\u00e8s 3 ans de recherche, le projet Slowheat d\u00e9voile ses r\u00e9sultats ! Mieux chauffer son corps sans chambouler son quotidien : c&#039;est possible.\" \/>\n<meta name=\"robots\" content=\"index, follow, max-snippet:-1, max-image-preview:large, max-video-preview:-1\" \/>\n<link rel=\"canonical\" href=\"https:\/\/www.renouvelle.be\/fr\/slowheat-les-resultats-publies-apres-trois-ans-de-recherche\/\" \/>\n<meta property=\"og:locale\" content=\"fr_FR\" \/>\n<meta property=\"og:type\" content=\"article\" \/>\n<meta property=\"og:title\" content=\"Slowheat : les r\u00e9sultats publi\u00e9s apr\u00e8s trois ans de recherche - Renouvelle\" \/>\n<meta property=\"og:description\" content=\"Apr\u00e8s 3 ans de recherche, le projet Slowheat d\u00e9voile ses r\u00e9sultats ! Mieux chauffer son corps sans chambouler son quotidien : c&#039;est possible.\" \/>\n<meta property=\"og:url\" content=\"https:\/\/www.renouvelle.be\/fr\/slowheat-les-resultats-publies-apres-trois-ans-de-recherche\/\" \/>\n<meta property=\"og:site_name\" content=\"Renouvelle\" \/>\n<meta property=\"article:published_time\" content=\"2024-10-09T12:43:28+00:00\" \/>\n<meta property=\"article:modified_time\" content=\"2024-10-09T12:43:34+00:00\" \/>\n<meta property=\"og:image\" content=\"https:\/\/www.renouvelle.be\/wp-content\/uploads\/2024\/10\/iStock-1456166365-e1728472929131.jpg\" \/>\n\t<meta property=\"og:image:width\" content=\"2121\" \/>\n\t<meta property=\"og:image:height\" content=\"1286\" \/>\n\t<meta property=\"og:image:type\" content=\"image\/jpeg\" \/>\n<meta name=\"author\" content=\"Samuel Alves\" \/>\n<meta name=\"twitter:card\" content=\"summary_large_image\" \/>\n<script type=\"application\/ld+json\" class=\"yoast-schema-graph\">{\"@context\":\"https:\\\/\\\/schema.org\",\"@graph\":[{\"@type\":\"Article\",\"@id\":\"https:\\\/\\\/www.renouvelle.be\\\/fr\\\/slowheat-les-resultats-publies-apres-trois-ans-de-recherche\\\/#article\",\"isPartOf\":{\"@id\":\"https:\\\/\\\/www.renouvelle.be\\\/fr\\\/slowheat-les-resultats-publies-apres-trois-ans-de-recherche\\\/\"},\"author\":{\"name\":\"Samuel Alves\",\"@id\":\"https:\\\/\\\/www.renouvelle.be\\\/fr\\\/#\\\/schema\\\/person\\\/9d743366fb269eeceaa8d60e98d289d3\"},\"headline\":\"Slowheat : les r\u00e9sultats publi\u00e9s apr\u00e8s trois ans de recherche\",\"datePublished\":\"2024-10-09T12:43:28+00:00\",\"dateModified\":\"2024-10-09T12:43:34+00:00\",\"mainEntityOfPage\":{\"@id\":\"https:\\\/\\\/www.renouvelle.be\\\/fr\\\/slowheat-les-resultats-publies-apres-trois-ans-de-recherche\\\/\"},\"wordCount\":858,\"image\":{\"@id\":\"https:\\\/\\\/www.renouvelle.be\\\/fr\\\/slowheat-les-resultats-publies-apres-trois-ans-de-recherche\\\/#primaryimage\"},\"thumbnailUrl\":\"https:\\\/\\\/www.renouvelle.be\\\/wp-content\\\/uploads\\\/2024\\\/10\\\/iStock-1456166365-e1728472929131.jpg\",\"articleSection\":[\"Actualit\u00e9\",\"Actualit\u00e9 en Belgique\"],\"inLanguage\":\"fr-FR\"},{\"@type\":\"WebPage\",\"@id\":\"https:\\\/\\\/www.renouvelle.be\\\/fr\\\/slowheat-les-resultats-publies-apres-trois-ans-de-recherche\\\/\",\"url\":\"https:\\\/\\\/www.renouvelle.be\\\/fr\\\/slowheat-les-resultats-publies-apres-trois-ans-de-recherche\\\/\",\"name\":\"Slowheat : les r\u00e9sultats publi\u00e9s apr\u00e8s trois ans de recherche - Renouvelle\",\"isPartOf\":{\"@id\":\"https:\\\/\\\/www.renouvelle.be\\\/fr\\\/#website\"},\"primaryImageOfPage\":{\"@id\":\"https:\\\/\\\/www.renouvelle.be\\\/fr\\\/slowheat-les-resultats-publies-apres-trois-ans-de-recherche\\\/#primaryimage\"},\"image\":{\"@id\":\"https:\\\/\\\/www.renouvelle.be\\\/fr\\\/slowheat-les-resultats-publies-apres-trois-ans-de-recherche\\\/#primaryimage\"},\"thumbnailUrl\":\"https:\\\/\\\/www.renouvelle.be\\\/wp-content\\\/uploads\\\/2024\\\/10\\\/iStock-1456166365-e1728472929131.jpg\",\"datePublished\":\"2024-10-09T12:43:28+00:00\",\"dateModified\":\"2024-10-09T12:43:34+00:00\",\"author\":{\"@id\":\"https:\\\/\\\/www.renouvelle.be\\\/fr\\\/#\\\/schema\\\/person\\\/9d743366fb269eeceaa8d60e98d289d3\"},\"description\":\"Apr\u00e8s 3 ans de recherche, le projet Slowheat d\u00e9voile ses r\u00e9sultats ! Mieux chauffer son corps sans chambouler son quotidien : c'est possible.\",\"breadcrumb\":{\"@id\":\"https:\\\/\\\/www.renouvelle.be\\\/fr\\\/slowheat-les-resultats-publies-apres-trois-ans-de-recherche\\\/#breadcrumb\"},\"inLanguage\":\"fr-FR\",\"potentialAction\":[{\"@type\":\"ReadAction\",\"target\":[\"https:\\\/\\\/www.renouvelle.be\\\/fr\\\/slowheat-les-resultats-publies-apres-trois-ans-de-recherche\\\/\"]}]},{\"@type\":\"ImageObject\",\"inLanguage\":\"fr-FR\",\"@id\":\"https:\\\/\\\/www.renouvelle.be\\\/fr\\\/slowheat-les-resultats-publies-apres-trois-ans-de-recherche\\\/#primaryimage\",\"url\":\"https:\\\/\\\/www.renouvelle.be\\\/wp-content\\\/uploads\\\/2024\\\/10\\\/iStock-1456166365-e1728472929131.jpg\",\"contentUrl\":\"https:\\\/\\\/www.renouvelle.be\\\/wp-content\\\/uploads\\\/2024\\\/10\\\/iStock-1456166365-e1728472929131.jpg\",\"width\":2121,\"height\":1286,\"caption\":\"slowheat\"},{\"@type\":\"BreadcrumbList\",\"@id\":\"https:\\\/\\\/www.renouvelle.be\\\/fr\\\/slowheat-les-resultats-publies-apres-trois-ans-de-recherche\\\/#breadcrumb\",\"itemListElement\":[{\"@type\":\"ListItem\",\"position\":1,\"name\":\"Accueil\",\"item\":\"https:\\\/\\\/www.renouvelle.be\\\/fr\\\/\"},{\"@type\":\"ListItem\",\"position\":2,\"name\":\"Slowheat : les r\u00e9sultats publi\u00e9s apr\u00e8s trois ans de recherche\"}]},{\"@type\":\"WebSite\",\"@id\":\"https:\\\/\\\/www.renouvelle.be\\\/fr\\\/#website\",\"url\":\"https:\\\/\\\/www.renouvelle.be\\\/fr\\\/\",\"name\":\"Renouvelle\",\"description\":\"L&#039;actualit\u00e9 de l&#039;\u00e9nergie durable\",\"potentialAction\":[{\"@type\":\"SearchAction\",\"target\":{\"@type\":\"EntryPoint\",\"urlTemplate\":\"https:\\\/\\\/www.renouvelle.be\\\/fr\\\/?s={search_term_string}\"},\"query-input\":{\"@type\":\"PropertyValueSpecification\",\"valueRequired\":true,\"valueName\":\"search_term_string\"}}],\"inLanguage\":\"fr-FR\"},{\"@type\":\"Person\",\"@id\":\"https:\\\/\\\/www.renouvelle.be\\\/fr\\\/#\\\/schema\\\/person\\\/9d743366fb269eeceaa8d60e98d289d3\",\"name\":\"Samuel Alves\",\"url\":\"https:\\\/\\\/www.renouvelle.be\\\/fr\\\/author\\\/salves\\\/\"}]}<\/script>\n<!-- \/ Yoast SEO plugin. -->","yoast_head_json":{"title":"Slowheat : les r\u00e9sultats publi\u00e9s apr\u00e8s trois ans de recherche - Renouvelle","description":"Apr\u00e8s 3 ans de recherche, le projet Slowheat d\u00e9voile ses r\u00e9sultats ! Mieux chauffer son corps sans chambouler son quotidien : c'est possible.","robots":{"index":"index","follow":"follow","max-snippet":"max-snippet:-1","max-image-preview":"max-image-preview:large","max-video-preview":"max-video-preview:-1"},"canonical":"https:\/\/www.renouvelle.be\/fr\/slowheat-les-resultats-publies-apres-trois-ans-de-recherche\/","og_locale":"fr_FR","og_type":"article","og_title":"Slowheat : les r\u00e9sultats publi\u00e9s apr\u00e8s trois ans de recherche - Renouvelle","og_description":"Apr\u00e8s 3 ans de recherche, le projet Slowheat d\u00e9voile ses r\u00e9sultats ! Mieux chauffer son corps sans chambouler son quotidien : c'est possible.","og_url":"https:\/\/www.renouvelle.be\/fr\/slowheat-les-resultats-publies-apres-trois-ans-de-recherche\/","og_site_name":"Renouvelle","article_published_time":"2024-10-09T12:43:28+00:00","article_modified_time":"2024-10-09T12:43:34+00:00","og_image":[{"width":2121,"height":1286,"url":"https:\/\/www.renouvelle.be\/wp-content\/uploads\/2024\/10\/iStock-1456166365-e1728472929131.jpg","type":"image\/jpeg"}],"author":"Samuel Alves","twitter_card":"summary_large_image","schema":{"@context":"https:\/\/schema.org","@graph":[{"@type":"Article","@id":"https:\/\/www.renouvelle.be\/fr\/slowheat-les-resultats-publies-apres-trois-ans-de-recherche\/#article","isPartOf":{"@id":"https:\/\/www.renouvelle.be\/fr\/slowheat-les-resultats-publies-apres-trois-ans-de-recherche\/"},"author":{"name":"Samuel Alves","@id":"https:\/\/www.renouvelle.be\/fr\/#\/schema\/person\/9d743366fb269eeceaa8d60e98d289d3"},"headline":"Slowheat : les r\u00e9sultats publi\u00e9s apr\u00e8s trois ans de recherche","datePublished":"2024-10-09T12:43:28+00:00","dateModified":"2024-10-09T12:43:34+00:00","mainEntityOfPage":{"@id":"https:\/\/www.renouvelle.be\/fr\/slowheat-les-resultats-publies-apres-trois-ans-de-recherche\/"},"wordCount":858,"image":{"@id":"https:\/\/www.renouvelle.be\/fr\/slowheat-les-resultats-publies-apres-trois-ans-de-recherche\/#primaryimage"},"thumbnailUrl":"https:\/\/www.renouvelle.be\/wp-content\/uploads\/2024\/10\/iStock-1456166365-e1728472929131.jpg","articleSection":["Actualit\u00e9","Actualit\u00e9 en Belgique"],"inLanguage":"fr-FR"},{"@type":"WebPage","@id":"https:\/\/www.renouvelle.be\/fr\/slowheat-les-resultats-publies-apres-trois-ans-de-recherche\/","url":"https:\/\/www.renouvelle.be\/fr\/slowheat-les-resultats-publies-apres-trois-ans-de-recherche\/","name":"Slowheat : les r\u00e9sultats publi\u00e9s apr\u00e8s trois ans de recherche - Renouvelle","isPartOf":{"@id":"https:\/\/www.renouvelle.be\/fr\/#website"},"primaryImageOfPage":{"@id":"https:\/\/www.renouvelle.be\/fr\/slowheat-les-resultats-publies-apres-trois-ans-de-recherche\/#primaryimage"},"image":{"@id":"https:\/\/www.renouvelle.be\/fr\/slowheat-les-resultats-publies-apres-trois-ans-de-recherche\/#primaryimage"},"thumbnailUrl":"https:\/\/www.renouvelle.be\/wp-content\/uploads\/2024\/10\/iStock-1456166365-e1728472929131.jpg","datePublished":"2024-10-09T12:43:28+00:00","dateModified":"2024-10-09T12:43:34+00:00","author":{"@id":"https:\/\/www.renouvelle.be\/fr\/#\/schema\/person\/9d743366fb269eeceaa8d60e98d289d3"},"description":"Apr\u00e8s 3 ans de recherche, le projet Slowheat d\u00e9voile ses r\u00e9sultats ! Mieux chauffer son corps sans chambouler son quotidien : c'est possible.","breadcrumb":{"@id":"https:\/\/www.renouvelle.be\/fr\/slowheat-les-resultats-publies-apres-trois-ans-de-recherche\/#breadcrumb"},"inLanguage":"fr-FR","potentialAction":[{"@type":"ReadAction","target":["https:\/\/www.renouvelle.be\/fr\/slowheat-les-resultats-publies-apres-trois-ans-de-recherche\/"]}]},{"@type":"ImageObject","inLanguage":"fr-FR","@id":"https:\/\/www.renouvelle.be\/fr\/slowheat-les-resultats-publies-apres-trois-ans-de-recherche\/#primaryimage","url":"https:\/\/www.renouvelle.be\/wp-content\/uploads\/2024\/10\/iStock-1456166365-e1728472929131.jpg","contentUrl":"https:\/\/www.renouvelle.be\/wp-content\/uploads\/2024\/10\/iStock-1456166365-e1728472929131.jpg","width":2121,"height":1286,"caption":"slowheat"},{"@type":"BreadcrumbList","@id":"https:\/\/www.renouvelle.be\/fr\/slowheat-les-resultats-publies-apres-trois-ans-de-recherche\/#breadcrumb","itemListElement":[{"@type":"ListItem","position":1,"name":"Accueil","item":"https:\/\/www.renouvelle.be\/fr\/"},{"@type":"ListItem","position":2,"name":"Slowheat : les r\u00e9sultats publi\u00e9s apr\u00e8s trois ans de recherche"}]},{"@type":"WebSite","@id":"https:\/\/www.renouvelle.be\/fr\/#website","url":"https:\/\/www.renouvelle.be\/fr\/","name":"Renouvelle","description":"L&#039;actualit\u00e9 de l&#039;\u00e9nergie durable","potentialAction":[{"@type":"SearchAction","target":{"@type":"EntryPoint","urlTemplate":"https:\/\/www.renouvelle.be\/fr\/?s={search_term_string}"},"query-input":{"@type":"PropertyValueSpecification","valueRequired":true,"valueName":"search_term_string"}}],"inLanguage":"fr-FR"},{"@type":"Person","@id":"https:\/\/www.renouvelle.be\/fr\/#\/schema\/person\/9d743366fb269eeceaa8d60e98d289d3","name":"Samuel Alves","url":"https:\/\/www.renouvelle.be\/fr\/author\/salves\/"}]}},"_links":{"self":[{"href":"https:\/\/www.renouvelle.be\/fr\/wp-json\/wp\/v2\/posts\/13837","targetHints":{"allow":["GET"]}}],"collection":[{"href":"https:\/\/www.renouvelle.be\/fr\/wp-json\/wp\/v2\/posts"}],"about":[{"href":"https:\/\/www.renouvelle.be\/fr\/wp-json\/wp\/v2\/types\/post"}],"author":[{"embeddable":true,"href":"https:\/\/www.renouvelle.be\/fr\/wp-json\/wp\/v2\/users\/38"}],"replies":[{"embeddable":true,"href":"https:\/\/www.renouvelle.be\/fr\/wp-json\/wp\/v2\/comments?post=13837"}],"version-history":[{"count":5,"href":"https:\/\/www.renouvelle.be\/fr\/wp-json\/wp\/v2\/posts\/13837\/revisions"}],"predecessor-version":[{"id":13844,"href":"https:\/\/www.renouvelle.be\/fr\/wp-json\/wp\/v2\/posts\/13837\/revisions\/13844"}],"wp:featuredmedia":[{"embeddable":true,"href":"https:\/\/www.renouvelle.be\/fr\/wp-json\/wp\/v2\/media\/13840"}],"wp:attachment":[{"href":"https:\/\/www.renouvelle.be\/fr\/wp-json\/wp\/v2\/media?parent=13837"}],"wp:term":[{"taxonomy":"category","embeddable":true,"href":"https:\/\/www.renouvelle.be\/fr\/wp-json\/wp\/v2\/categories?post=13837"},{"taxonomy":"post_tag","embeddable":true,"href":"https:\/\/www.renouvelle.be\/fr\/wp-json\/wp\/v2\/tags?post=13837"},{"taxonomy":"section","embeddable":true,"href":"https:\/\/www.renouvelle.be\/fr\/wp-json\/wp\/v2\/section?post=13837"}],"curies":[{"name":"wp","href":"https:\/\/api.w.org\/{rel}","templated":true}]}}