{"id":13804,"date":"2024-10-03T15:34:02","date_gmt":"2024-10-03T13:34:02","guid":{"rendered":"https:\/\/www.renouvelle.be\/?p=13804"},"modified":"2024-10-03T15:34:08","modified_gmt":"2024-10-03T13:34:08","slug":"bientot-de-lenergie-stockee-dans-des-batteries-fer-air-en-europe","status":"publish","type":"post","link":"https:\/\/www.renouvelle.be\/fr\/bientot-de-lenergie-stockee-dans-des-batteries-fer-air-en-europe\/","title":{"rendered":"Bient\u00f4t de l\u2019\u00e9nergie stock\u00e9e dans des batteries fer-air en Europe\u00a0?"},"content":{"rendered":"\n<p>La part grandissante des \u00e9nergies renouvelables dans le mix \u00e9lectrique pousse certaines entreprises \u00e0 r\u00e9fl\u00e9chir \u00e0 des solutions de stockage lorsque celles-ci sont en surabondance. Les parcs de batteries \u00e0 grande \u00e9chelle auront un r\u00f4le \u00e0 jouer dans l\u2019ind\u00e9pendance \u00e9nerg\u00e9tique d\u2019un \u00c9tat et dans son d\u00e9tachement des \u00e9nergies fossiles.<\/p>\n\n\n\n<p>Certaines de ces soci\u00e9t\u00e9s se creusent les m\u00e9ninges pour proposer l\u2019utilisation de technologies innovantes. C\u2019est le cas de FutureEnergy Ireland, qui pourrait bien \u00eatre \u00e0 l\u2019origine du tout premier stockage d\u2019\u00e9nergie gr\u00e2ce \u00e0 des batteries fer-air en Europe.<\/p>\n\n\n\n<p>Appel\u00e9 Ballynahone Energy Storage, son principe se base sur la rouille r\u00e9versible. Quand la batterie se d\u00e9charge, elle absorbe l\u2019oxyg\u00e8ne de l\u2019air et transforme le fer en rouille ; pendant qu\u2019elle se recharge, l\u2019application d\u2019un courant \u00e9lectrique reconvertit la rouille en fer et la batterie rel\u00e2che de l\u2019oxyg\u00e8ne.<\/p>\n\n\n\n<p>Une alternative aux mat\u00e9riaux strat\u00e9giques comme le lithium ? Peut-\u00eatre. La technologie de la batterie fer-air fait appel, comme son nom l\u2019indique, \u00e0 des mat\u00e9riaux en abondance sur notre plan\u00e8te. Celle-ci se compose, entre autres, d\u2019\u00e9lectrodes non toxiques et d\u2019anodes en fer immerg\u00e9es dans un \u00e9lectrolyte \u00e0 base d\u2019eau, non inflammable. Ces caract\u00e9ristiques font de la batterie fer-air un syst\u00e8me s\u00fbr, donc sans risque d\u2019une hausse des temp\u00e9ratures.<\/p>\n\n\n\n<p>La <a href=\"https:\/\/futurenergyireland.ie\/battery-energy-storage-systems\/\" target=\"_blank\" rel=\"noreferrer noopener\">structure<\/a> pourrait offrir une dur\u00e9e de <a href=\"https:\/\/www.renouvelle.be\/fr\/parcs-de-batteries-une-capacite-bientot-decuplee-en-belgique\/\" target=\"_blank\" rel=\"noreferrer noopener\">stockage<\/a> allant jusqu\u2019\u00e0 100 heures et \u00eatre op\u00e9rationnelle pendant 30 ans, selon les promoteurs. 248 batteries seront log\u00e9es dans des conteneurs m\u00e9talliques de plus ou moins 12 m\u00e8tres de long, 2,5 m\u00e8tres de large et de hauteur. D\u2019une superficie pr\u00e9vue de 2,9 hectares, le projet aura une puissance install\u00e9e de 10 MW et une capacit\u00e9 de 1 GWh.<\/p>\n\n\n\n<p>La technologie des batteries fer-air, cr\u00e9\u00e9e et fournie par l\u2019Am\u00e9ricain Form Energy, est d\u00e9j\u00e0 utilis\u00e9e dans le Maine, aux \u00c9tats-Unis, pour un projet de 85 MW\/8,5 GWh ainsi que dans l&rsquo;\u00c9tat de G\u00e9orgie pour un projet de 15 MW\/1,5 GWh.<\/p>\n\n\n\n<p><em>Image en t\u00eate d&rsquo;article : repr\u00e9sentation 3D du projet. Source : FutureEnergy Ireland<\/em><\/p>\n\n\n\n<p><\/p>\n","protected":false},"excerpt":{"rendered":"<p>La part grandissante des \u00e9nergies renouvelables dans le mix \u00e9lectrique pousse certaines entreprises \u00e0 r\u00e9fl\u00e9chir \u00e0 des solutions de stockage lorsque celles-ci sont en surabondance. Les parcs de batteries \u00e0 grande \u00e9chelle auront un r\u00f4le \u00e0 jouer dans l\u2019ind\u00e9pendance \u00e9nerg\u00e9tique d\u2019un \u00c9tat et dans son d\u00e9tachement des \u00e9nergies fossiles. Certaines de ces soci\u00e9t\u00e9s se creusent les m\u00e9ninges pour proposer l\u2019utilisation de technologies innovantes. C\u2019est le cas de FutureEnergy Ireland, qui pourrait bien \u00eatre \u00e0 l\u2019origine du tout premier stockage d\u2019\u00e9nergie gr\u00e2ce \u00e0 des batteries fer-air en Europe. Appel\u00e9 Ballynahone Energy Storage, son principe se base sur la rouille r\u00e9versible. Quand la batterie se d\u00e9charge, elle absorbe l\u2019oxyg\u00e8ne de l\u2019air et transforme le fer en rouille ; pendant qu\u2019elle se recharge, l\u2019application d\u2019un courant \u00e9lectrique reconvertit la rouille en fer et la batterie rel\u00e2che de l\u2019oxyg\u00e8ne. Une alternative aux mat\u00e9riaux strat\u00e9giques comme le lithium ? Peut-\u00eatre. La technologie de la batterie fer-air fait appel, comme son nom l\u2019indique, \u00e0 des mat\u00e9riaux en abondance sur notre plan\u00e8te. Celle-ci se compose, entre autres, d\u2019\u00e9lectrodes non toxiques et d\u2019anodes en fer immerg\u00e9es dans un \u00e9lectrolyte \u00e0 base d\u2019eau, non inflammable. Ces caract\u00e9ristiques font de la batterie fer-air un syst\u00e8me s\u00fbr, donc sans risque d\u2019une hausse des temp\u00e9ratures. La structure pourrait offrir une dur\u00e9e de stockage allant jusqu\u2019\u00e0 100 heures et \u00eatre op\u00e9rationnelle pendant 30 ans, selon les promoteurs. 248 batteries seront log\u00e9es dans des conteneurs m\u00e9talliques de plus ou moins 12 m\u00e8tres de long, 2,5 m\u00e8tres de large et de hauteur. D\u2019une superficie pr\u00e9vue de 2,9 hectares, le projet aura une puissance install\u00e9e de 10 MW et une capacit\u00e9 de 1 GWh. La technologie des batteries fer-air, cr\u00e9\u00e9e et fournie par l\u2019Am\u00e9ricain Form Energy, est d\u00e9j\u00e0 utilis\u00e9e dans le Maine, aux \u00c9tats-Unis, pour un &hellip; <a href=\"https:\/\/www.renouvelle.be\/fr\/bientot-de-lenergie-stockee-dans-des-batteries-fer-air-en-europe\/\" class=\"more-link\">Continue reading<span class=\"screen-reader-text\"> \u00ab\u00a0Bient\u00f4t de l\u2019\u00e9nergie stock\u00e9e dans des batteries fer-air en Europe\u00a0?\u00a0\u00bb<\/span><\/a><\/p>\n","protected":false},"author":38,"featured_media":13810,"comment_status":"closed","ping_status":"closed","sticky":false,"template":"","format":"standard","meta":{"_acf_changed":false,"footnotes":""},"categories":[18],"tags":[],"section":[14],"class_list":["post-13804","post","type-post","status-publish","format-standard","has-post-thumbnail","hentry","category-actualite-internationale","section-stockage"],"acf":[],"yoast_head":"<!-- This site is optimized with the Yoast SEO plugin v27.5 - https:\/\/yoast.com\/product\/yoast-seo-wordpress\/ -->\n<title>Bient\u00f4t de l\u2019\u00e9nergie stock\u00e9e dans des batteries fer-air en Europe\u00a0? - Renouvelle<\/title>\n<meta name=\"description\" content=\"Les batteries fer-air sont-elles l&#039;avenir du stockage d&#039;\u00e9nergie en Europe ? L&#039;Irlande le pense en tout cas et propose un projet innovant.\" \/>\n<meta name=\"robots\" content=\"index, follow, max-snippet:-1, max-image-preview:large, max-video-preview:-1\" \/>\n<link rel=\"canonical\" href=\"https:\/\/www.renouvelle.be\/fr\/bientot-de-lenergie-stockee-dans-des-batteries-fer-air-en-europe\/\" \/>\n<meta property=\"og:locale\" content=\"fr_FR\" \/>\n<meta property=\"og:type\" content=\"article\" \/>\n<meta property=\"og:title\" content=\"Bient\u00f4t de l\u2019\u00e9nergie stock\u00e9e dans des batteries fer-air en Europe\u00a0? - Renouvelle\" \/>\n<meta property=\"og:description\" content=\"Les batteries fer-air sont-elles l&#039;avenir du stockage d&#039;\u00e9nergie en Europe ? L&#039;Irlande le pense en tout cas et propose un projet innovant.\" \/>\n<meta property=\"og:url\" content=\"https:\/\/www.renouvelle.be\/fr\/bientot-de-lenergie-stockee-dans-des-batteries-fer-air-en-europe\/\" \/>\n<meta property=\"og:site_name\" content=\"Renouvelle\" \/>\n<meta property=\"article:published_time\" content=\"2024-10-03T13:34:02+00:00\" \/>\n<meta property=\"article:modified_time\" content=\"2024-10-03T13:34:08+00:00\" \/>\n<meta property=\"og:image\" content=\"https:\/\/www.renouvelle.be\/wp-content\/uploads\/2024\/10\/Model_Final_19-01-23-e1727962000468.jpg\" \/>\n\t<meta property=\"og:image:width\" content=\"1826\" \/>\n\t<meta property=\"og:image:height\" content=\"1023\" \/>\n\t<meta property=\"og:image:type\" content=\"image\/jpeg\" \/>\n<meta name=\"author\" content=\"Samuel Alves\" \/>\n<meta name=\"twitter:card\" content=\"summary_large_image\" \/>\n<script type=\"application\/ld+json\" class=\"yoast-schema-graph\">{\"@context\":\"https:\\\/\\\/schema.org\",\"@graph\":[{\"@type\":\"Article\",\"@id\":\"https:\\\/\\\/www.renouvelle.be\\\/fr\\\/bientot-de-lenergie-stockee-dans-des-batteries-fer-air-en-europe\\\/#article\",\"isPartOf\":{\"@id\":\"https:\\\/\\\/www.renouvelle.be\\\/fr\\\/bientot-de-lenergie-stockee-dans-des-batteries-fer-air-en-europe\\\/\"},\"author\":{\"name\":\"Samuel Alves\",\"@id\":\"https:\\\/\\\/www.renouvelle.be\\\/fr\\\/#\\\/schema\\\/person\\\/9d743366fb269eeceaa8d60e98d289d3\"},\"headline\":\"Bient\u00f4t de l\u2019\u00e9nergie stock\u00e9e dans des batteries fer-air en Europe\u00a0?\",\"datePublished\":\"2024-10-03T13:34:02+00:00\",\"dateModified\":\"2024-10-03T13:34:08+00:00\",\"mainEntityOfPage\":{\"@id\":\"https:\\\/\\\/www.renouvelle.be\\\/fr\\\/bientot-de-lenergie-stockee-dans-des-batteries-fer-air-en-europe\\\/\"},\"wordCount\":373,\"image\":{\"@id\":\"https:\\\/\\\/www.renouvelle.be\\\/fr\\\/bientot-de-lenergie-stockee-dans-des-batteries-fer-air-en-europe\\\/#primaryimage\"},\"thumbnailUrl\":\"https:\\\/\\\/www.renouvelle.be\\\/wp-content\\\/uploads\\\/2024\\\/10\\\/Model_Final_19-01-23-e1727962000468.jpg\",\"articleSection\":[\"Actualit\u00e9 internationale\"],\"inLanguage\":\"fr-FR\"},{\"@type\":\"WebPage\",\"@id\":\"https:\\\/\\\/www.renouvelle.be\\\/fr\\\/bientot-de-lenergie-stockee-dans-des-batteries-fer-air-en-europe\\\/\",\"url\":\"https:\\\/\\\/www.renouvelle.be\\\/fr\\\/bientot-de-lenergie-stockee-dans-des-batteries-fer-air-en-europe\\\/\",\"name\":\"Bient\u00f4t de l\u2019\u00e9nergie stock\u00e9e dans des batteries fer-air en Europe\u00a0? - Renouvelle\",\"isPartOf\":{\"@id\":\"https:\\\/\\\/www.renouvelle.be\\\/fr\\\/#website\"},\"primaryImageOfPage\":{\"@id\":\"https:\\\/\\\/www.renouvelle.be\\\/fr\\\/bientot-de-lenergie-stockee-dans-des-batteries-fer-air-en-europe\\\/#primaryimage\"},\"image\":{\"@id\":\"https:\\\/\\\/www.renouvelle.be\\\/fr\\\/bientot-de-lenergie-stockee-dans-des-batteries-fer-air-en-europe\\\/#primaryimage\"},\"thumbnailUrl\":\"https:\\\/\\\/www.renouvelle.be\\\/wp-content\\\/uploads\\\/2024\\\/10\\\/Model_Final_19-01-23-e1727962000468.jpg\",\"datePublished\":\"2024-10-03T13:34:02+00:00\",\"dateModified\":\"2024-10-03T13:34:08+00:00\",\"author\":{\"@id\":\"https:\\\/\\\/www.renouvelle.be\\\/fr\\\/#\\\/schema\\\/person\\\/9d743366fb269eeceaa8d60e98d289d3\"},\"description\":\"Les batteries fer-air sont-elles l'avenir du stockage d'\u00e9nergie en Europe ? L'Irlande le pense en tout cas et propose un projet innovant.\",\"breadcrumb\":{\"@id\":\"https:\\\/\\\/www.renouvelle.be\\\/fr\\\/bientot-de-lenergie-stockee-dans-des-batteries-fer-air-en-europe\\\/#breadcrumb\"},\"inLanguage\":\"fr-FR\",\"potentialAction\":[{\"@type\":\"ReadAction\",\"target\":[\"https:\\\/\\\/www.renouvelle.be\\\/fr\\\/bientot-de-lenergie-stockee-dans-des-batteries-fer-air-en-europe\\\/\"]}]},{\"@type\":\"ImageObject\",\"inLanguage\":\"fr-FR\",\"@id\":\"https:\\\/\\\/www.renouvelle.be\\\/fr\\\/bientot-de-lenergie-stockee-dans-des-batteries-fer-air-en-europe\\\/#primaryimage\",\"url\":\"https:\\\/\\\/www.renouvelle.be\\\/wp-content\\\/uploads\\\/2024\\\/10\\\/Model_Final_19-01-23-e1727962000468.jpg\",\"contentUrl\":\"https:\\\/\\\/www.renouvelle.be\\\/wp-content\\\/uploads\\\/2024\\\/10\\\/Model_Final_19-01-23-e1727962000468.jpg\",\"width\":1826,\"height\":1023,\"caption\":\"batteries fer-air\"},{\"@type\":\"BreadcrumbList\",\"@id\":\"https:\\\/\\\/www.renouvelle.be\\\/fr\\\/bientot-de-lenergie-stockee-dans-des-batteries-fer-air-en-europe\\\/#breadcrumb\",\"itemListElement\":[{\"@type\":\"ListItem\",\"position\":1,\"name\":\"Accueil\",\"item\":\"https:\\\/\\\/www.renouvelle.be\\\/fr\\\/\"},{\"@type\":\"ListItem\",\"position\":2,\"name\":\"Bient\u00f4t de l\u2019\u00e9nergie stock\u00e9e dans des batteries fer-air en Europe\u00a0?\"}]},{\"@type\":\"WebSite\",\"@id\":\"https:\\\/\\\/www.renouvelle.be\\\/fr\\\/#website\",\"url\":\"https:\\\/\\\/www.renouvelle.be\\\/fr\\\/\",\"name\":\"Renouvelle\",\"description\":\"L&#039;actualit\u00e9 de l&#039;\u00e9nergie durable\",\"potentialAction\":[{\"@type\":\"SearchAction\",\"target\":{\"@type\":\"EntryPoint\",\"urlTemplate\":\"https:\\\/\\\/www.renouvelle.be\\\/fr\\\/?s={search_term_string}\"},\"query-input\":{\"@type\":\"PropertyValueSpecification\",\"valueRequired\":true,\"valueName\":\"search_term_string\"}}],\"inLanguage\":\"fr-FR\"},{\"@type\":\"Person\",\"@id\":\"https:\\\/\\\/www.renouvelle.be\\\/fr\\\/#\\\/schema\\\/person\\\/9d743366fb269eeceaa8d60e98d289d3\",\"name\":\"Samuel Alves\",\"url\":\"https:\\\/\\\/www.renouvelle.be\\\/fr\\\/author\\\/salves\\\/\"}]}<\/script>\n<!-- \/ Yoast SEO plugin. -->","yoast_head_json":{"title":"Bient\u00f4t de l\u2019\u00e9nergie stock\u00e9e dans des batteries fer-air en Europe\u00a0? - Renouvelle","description":"Les batteries fer-air sont-elles l'avenir du stockage d'\u00e9nergie en Europe ? L'Irlande le pense en tout cas et propose un projet innovant.","robots":{"index":"index","follow":"follow","max-snippet":"max-snippet:-1","max-image-preview":"max-image-preview:large","max-video-preview":"max-video-preview:-1"},"canonical":"https:\/\/www.renouvelle.be\/fr\/bientot-de-lenergie-stockee-dans-des-batteries-fer-air-en-europe\/","og_locale":"fr_FR","og_type":"article","og_title":"Bient\u00f4t de l\u2019\u00e9nergie stock\u00e9e dans des batteries fer-air en Europe\u00a0? - Renouvelle","og_description":"Les batteries fer-air sont-elles l'avenir du stockage d'\u00e9nergie en Europe ? L'Irlande le pense en tout cas et propose un projet innovant.","og_url":"https:\/\/www.renouvelle.be\/fr\/bientot-de-lenergie-stockee-dans-des-batteries-fer-air-en-europe\/","og_site_name":"Renouvelle","article_published_time":"2024-10-03T13:34:02+00:00","article_modified_time":"2024-10-03T13:34:08+00:00","og_image":[{"width":1826,"height":1023,"url":"https:\/\/www.renouvelle.be\/wp-content\/uploads\/2024\/10\/Model_Final_19-01-23-e1727962000468.jpg","type":"image\/jpeg"}],"author":"Samuel Alves","twitter_card":"summary_large_image","schema":{"@context":"https:\/\/schema.org","@graph":[{"@type":"Article","@id":"https:\/\/www.renouvelle.be\/fr\/bientot-de-lenergie-stockee-dans-des-batteries-fer-air-en-europe\/#article","isPartOf":{"@id":"https:\/\/www.renouvelle.be\/fr\/bientot-de-lenergie-stockee-dans-des-batteries-fer-air-en-europe\/"},"author":{"name":"Samuel Alves","@id":"https:\/\/www.renouvelle.be\/fr\/#\/schema\/person\/9d743366fb269eeceaa8d60e98d289d3"},"headline":"Bient\u00f4t de l\u2019\u00e9nergie stock\u00e9e dans des batteries fer-air en Europe\u00a0?","datePublished":"2024-10-03T13:34:02+00:00","dateModified":"2024-10-03T13:34:08+00:00","mainEntityOfPage":{"@id":"https:\/\/www.renouvelle.be\/fr\/bientot-de-lenergie-stockee-dans-des-batteries-fer-air-en-europe\/"},"wordCount":373,"image":{"@id":"https:\/\/www.renouvelle.be\/fr\/bientot-de-lenergie-stockee-dans-des-batteries-fer-air-en-europe\/#primaryimage"},"thumbnailUrl":"https:\/\/www.renouvelle.be\/wp-content\/uploads\/2024\/10\/Model_Final_19-01-23-e1727962000468.jpg","articleSection":["Actualit\u00e9 internationale"],"inLanguage":"fr-FR"},{"@type":"WebPage","@id":"https:\/\/www.renouvelle.be\/fr\/bientot-de-lenergie-stockee-dans-des-batteries-fer-air-en-europe\/","url":"https:\/\/www.renouvelle.be\/fr\/bientot-de-lenergie-stockee-dans-des-batteries-fer-air-en-europe\/","name":"Bient\u00f4t de l\u2019\u00e9nergie stock\u00e9e dans des batteries fer-air en Europe\u00a0? - Renouvelle","isPartOf":{"@id":"https:\/\/www.renouvelle.be\/fr\/#website"},"primaryImageOfPage":{"@id":"https:\/\/www.renouvelle.be\/fr\/bientot-de-lenergie-stockee-dans-des-batteries-fer-air-en-europe\/#primaryimage"},"image":{"@id":"https:\/\/www.renouvelle.be\/fr\/bientot-de-lenergie-stockee-dans-des-batteries-fer-air-en-europe\/#primaryimage"},"thumbnailUrl":"https:\/\/www.renouvelle.be\/wp-content\/uploads\/2024\/10\/Model_Final_19-01-23-e1727962000468.jpg","datePublished":"2024-10-03T13:34:02+00:00","dateModified":"2024-10-03T13:34:08+00:00","author":{"@id":"https:\/\/www.renouvelle.be\/fr\/#\/schema\/person\/9d743366fb269eeceaa8d60e98d289d3"},"description":"Les batteries fer-air sont-elles l'avenir du stockage d'\u00e9nergie en Europe ? L'Irlande le pense en tout cas et propose un projet innovant.","breadcrumb":{"@id":"https:\/\/www.renouvelle.be\/fr\/bientot-de-lenergie-stockee-dans-des-batteries-fer-air-en-europe\/#breadcrumb"},"inLanguage":"fr-FR","potentialAction":[{"@type":"ReadAction","target":["https:\/\/www.renouvelle.be\/fr\/bientot-de-lenergie-stockee-dans-des-batteries-fer-air-en-europe\/"]}]},{"@type":"ImageObject","inLanguage":"fr-FR","@id":"https:\/\/www.renouvelle.be\/fr\/bientot-de-lenergie-stockee-dans-des-batteries-fer-air-en-europe\/#primaryimage","url":"https:\/\/www.renouvelle.be\/wp-content\/uploads\/2024\/10\/Model_Final_19-01-23-e1727962000468.jpg","contentUrl":"https:\/\/www.renouvelle.be\/wp-content\/uploads\/2024\/10\/Model_Final_19-01-23-e1727962000468.jpg","width":1826,"height":1023,"caption":"batteries fer-air"},{"@type":"BreadcrumbList","@id":"https:\/\/www.renouvelle.be\/fr\/bientot-de-lenergie-stockee-dans-des-batteries-fer-air-en-europe\/#breadcrumb","itemListElement":[{"@type":"ListItem","position":1,"name":"Accueil","item":"https:\/\/www.renouvelle.be\/fr\/"},{"@type":"ListItem","position":2,"name":"Bient\u00f4t de l\u2019\u00e9nergie stock\u00e9e dans des batteries fer-air en Europe\u00a0?"}]},{"@type":"WebSite","@id":"https:\/\/www.renouvelle.be\/fr\/#website","url":"https:\/\/www.renouvelle.be\/fr\/","name":"Renouvelle","description":"L&#039;actualit\u00e9 de l&#039;\u00e9nergie durable","potentialAction":[{"@type":"SearchAction","target":{"@type":"EntryPoint","urlTemplate":"https:\/\/www.renouvelle.be\/fr\/?s={search_term_string}"},"query-input":{"@type":"PropertyValueSpecification","valueRequired":true,"valueName":"search_term_string"}}],"inLanguage":"fr-FR"},{"@type":"Person","@id":"https:\/\/www.renouvelle.be\/fr\/#\/schema\/person\/9d743366fb269eeceaa8d60e98d289d3","name":"Samuel Alves","url":"https:\/\/www.renouvelle.be\/fr\/author\/salves\/"}]}},"_links":{"self":[{"href":"https:\/\/www.renouvelle.be\/fr\/wp-json\/wp\/v2\/posts\/13804","targetHints":{"allow":["GET"]}}],"collection":[{"href":"https:\/\/www.renouvelle.be\/fr\/wp-json\/wp\/v2\/posts"}],"about":[{"href":"https:\/\/www.renouvelle.be\/fr\/wp-json\/wp\/v2\/types\/post"}],"author":[{"embeddable":true,"href":"https:\/\/www.renouvelle.be\/fr\/wp-json\/wp\/v2\/users\/38"}],"replies":[{"embeddable":true,"href":"https:\/\/www.renouvelle.be\/fr\/wp-json\/wp\/v2\/comments?post=13804"}],"version-history":[{"count":7,"href":"https:\/\/www.renouvelle.be\/fr\/wp-json\/wp\/v2\/posts\/13804\/revisions"}],"predecessor-version":[{"id":13813,"href":"https:\/\/www.renouvelle.be\/fr\/wp-json\/wp\/v2\/posts\/13804\/revisions\/13813"}],"wp:featuredmedia":[{"embeddable":true,"href":"https:\/\/www.renouvelle.be\/fr\/wp-json\/wp\/v2\/media\/13810"}],"wp:attachment":[{"href":"https:\/\/www.renouvelle.be\/fr\/wp-json\/wp\/v2\/media?parent=13804"}],"wp:term":[{"taxonomy":"category","embeddable":true,"href":"https:\/\/www.renouvelle.be\/fr\/wp-json\/wp\/v2\/categories?post=13804"},{"taxonomy":"post_tag","embeddable":true,"href":"https:\/\/www.renouvelle.be\/fr\/wp-json\/wp\/v2\/tags?post=13804"},{"taxonomy":"section","embeddable":true,"href":"https:\/\/www.renouvelle.be\/fr\/wp-json\/wp\/v2\/section?post=13804"}],"curies":[{"name":"wp","href":"https:\/\/api.w.org\/{rel}","templated":true}]}}