{"id":13797,"date":"2024-10-01T15:50:01","date_gmt":"2024-10-01T13:50:01","guid":{"rendered":"https:\/\/www.renouvelle.be\/?p=13797"},"modified":"2024-10-01T15:50:07","modified_gmt":"2024-10-01T13:50:07","slug":"le-royaume-uni-ferme-sa-derniere-centrale-electrique-au-charbon","status":"publish","type":"post","link":"https:\/\/www.renouvelle.be\/fr\/le-royaume-uni-ferme-sa-derniere-centrale-electrique-au-charbon\/","title":{"rendered":"Le Royaume-Uni\u00a0ferme sa derni\u00e8re centrale \u00e9lectrique au charbon"},"content":{"rendered":"\n<p>C\u2019est \u00e0 Ratcliffe-on-Soar que la derni\u00e8re centrale \u00e9lectrique au charbon du Royaume-Uni a ferm\u00e9 d\u00e9finitivement ses portes, le lundi 30 septembre. Inaugur\u00e9e en 1967, cette derni\u00e8re fournissait de l\u2019\u00e9lectricit\u00e9 \u00e0 2 millions de m\u00e9nages.<\/p>\n\n\n\n<p>En 1990, environ 80 % de l\u2019\u00e9lectricit\u00e9 du pays tirait encore son origine du charbon. Malgr\u00e9 une baisse progressive, cette part repr\u00e9sentait encore 40 % il y a trois ans.<\/p>\n\n\n\n<p>Bien que le Royaume-Uni ne soit pas le premier \u00e0 s\u2019engager dans cette voie, il devient la premi\u00e8re puissance du G7 \u00e0 atteindre l\u2019objectif d\u2019une sortie totale du charbon.<\/p>\n\n\n\n<p>Ce geste s\u2019inscrit dans l\u2019ambition plus large du Royaume-Uni de d\u00e9carboner totalement sa production \u00e9lectrique d\u2019ici cinq ans. Mais rien n\u2019est encore fait puisque la part des \u00e9nergies renouvelables repr\u00e9sentent actuellement 50 % de la production nationale.<\/p>\n\n\n\n<p>Cette fermeture n\u2019est ce pendant pas \u00e0 n\u00e9gliger et reste un geste important pour <a href=\"https:\/\/www.renouvelle.be\/fr\/premiere-pour-lue-le-solaire-et-leolien-depassent-le-fossile\/\" target=\"_blank\" rel=\"noreferrer noopener\">la transition \u00e9nerg\u00e9tique<\/a> \u00e9tant donn\u00e9 qu\u2019au Royaume-Uni la production d\u2019\u00e9lectricit\u00e9 au charbon aura \u00e9mis plus de 10 milliards de tonnes de CO2.<\/p>\n","protected":false},"excerpt":{"rendered":"<p>C\u2019est \u00e0 Ratcliffe-on-Soar que la derni\u00e8re centrale \u00e9lectrique au charbon du Royaume-Uni a ferm\u00e9 d\u00e9finitivement ses portes, le lundi 30 septembre. Inaugur\u00e9e en 1967, cette derni\u00e8re fournissait de l\u2019\u00e9lectricit\u00e9 \u00e0 2 millions de m\u00e9nages. En 1990, environ 80 % de l\u2019\u00e9lectricit\u00e9 du pays tirait encore son origine du charbon. Malgr\u00e9 une baisse progressive, cette part repr\u00e9sentait encore 40 % il y a trois ans. Bien que le Royaume-Uni ne soit pas le premier \u00e0 s\u2019engager dans cette voie, il devient la premi\u00e8re puissance du G7 \u00e0 atteindre l\u2019objectif d\u2019une sortie totale du charbon. Ce geste s\u2019inscrit dans l\u2019ambition plus large du Royaume-Uni de d\u00e9carboner totalement sa production \u00e9lectrique d\u2019ici cinq ans. Mais rien n\u2019est encore fait puisque la part des \u00e9nergies renouvelables repr\u00e9sentent actuellement 50 % de la production nationale. Cette fermeture n\u2019est ce pendant pas \u00e0 n\u00e9gliger et reste un geste important pour la transition \u00e9nerg\u00e9tique \u00e9tant donn\u00e9 qu\u2019au Royaume-Uni la production d\u2019\u00e9lectricit\u00e9 au charbon aura \u00e9mis plus de 10 milliards de tonnes de CO2.<\/p>\n","protected":false},"author":38,"featured_media":13798,"comment_status":"closed","ping_status":"closed","sticky":false,"template":"","format":"standard","meta":{"_acf_changed":false,"footnotes":""},"categories":[18],"tags":[],"section":[8],"class_list":["post-13797","post","type-post","status-publish","format-standard","has-post-thumbnail","hentry","category-actualite-internationale","section-energie-renouvelables"],"acf":[],"yoast_head":"<!-- This site is optimized with the Yoast SEO plugin v27.5 - https:\/\/yoast.com\/product\/yoast-seo-wordpress\/ -->\n<title>Le Royaume-Uni\u00a0ferme sa derni\u00e8re centrale \u00e9lectrique au charbon - Renouvelle<\/title>\n<meta name=\"description\" content=\"Au Royaume-Uni, la derni\u00e8re centrale \u00e9lectrique au charbon a ferm\u00e9 d\u00e9finitivement ses portes, lundi 30 septembre.\" \/>\n<meta name=\"robots\" content=\"index, follow, max-snippet:-1, max-image-preview:large, max-video-preview:-1\" \/>\n<link rel=\"canonical\" href=\"https:\/\/www.renouvelle.be\/fr\/le-royaume-uni-ferme-sa-derniere-centrale-electrique-au-charbon\/\" \/>\n<meta property=\"og:locale\" content=\"fr_FR\" \/>\n<meta property=\"og:type\" content=\"article\" \/>\n<meta property=\"og:title\" content=\"Le Royaume-Uni\u00a0ferme sa derni\u00e8re centrale \u00e9lectrique au charbon - Renouvelle\" \/>\n<meta property=\"og:description\" content=\"Au Royaume-Uni, la derni\u00e8re centrale \u00e9lectrique au charbon a ferm\u00e9 d\u00e9finitivement ses portes, lundi 30 septembre.\" \/>\n<meta property=\"og:url\" content=\"https:\/\/www.renouvelle.be\/fr\/le-royaume-uni-ferme-sa-derniere-centrale-electrique-au-charbon\/\" \/>\n<meta property=\"og:site_name\" content=\"Renouvelle\" \/>\n<meta property=\"article:published_time\" content=\"2024-10-01T13:50:01+00:00\" \/>\n<meta property=\"article:modified_time\" content=\"2024-10-01T13:50:07+00:00\" \/>\n<meta property=\"og:image\" content=\"https:\/\/www.renouvelle.be\/wp-content\/uploads\/2024\/10\/iStock-1206065674-e1727790363418.jpg\" \/>\n\t<meta property=\"og:image:width\" content=\"1254\" \/>\n\t<meta property=\"og:image:height\" content=\"771\" \/>\n\t<meta property=\"og:image:type\" content=\"image\/jpeg\" \/>\n<meta name=\"author\" content=\"Samuel Alves\" \/>\n<meta name=\"twitter:card\" content=\"summary_large_image\" \/>\n<script type=\"application\/ld+json\" class=\"yoast-schema-graph\">{\"@context\":\"https:\\\/\\\/schema.org\",\"@graph\":[{\"@type\":\"Article\",\"@id\":\"https:\\\/\\\/www.renouvelle.be\\\/fr\\\/le-royaume-uni-ferme-sa-derniere-centrale-electrique-au-charbon\\\/#article\",\"isPartOf\":{\"@id\":\"https:\\\/\\\/www.renouvelle.be\\\/fr\\\/le-royaume-uni-ferme-sa-derniere-centrale-electrique-au-charbon\\\/\"},\"author\":{\"name\":\"Samuel Alves\",\"@id\":\"https:\\\/\\\/www.renouvelle.be\\\/fr\\\/#\\\/schema\\\/person\\\/9d743366fb269eeceaa8d60e98d289d3\"},\"headline\":\"Le Royaume-Uni\u00a0ferme sa derni\u00e8re centrale \u00e9lectrique au charbon\",\"datePublished\":\"2024-10-01T13:50:01+00:00\",\"dateModified\":\"2024-10-01T13:50:07+00:00\",\"mainEntityOfPage\":{\"@id\":\"https:\\\/\\\/www.renouvelle.be\\\/fr\\\/le-royaume-uni-ferme-sa-derniere-centrale-electrique-au-charbon\\\/\"},\"wordCount\":184,\"image\":{\"@id\":\"https:\\\/\\\/www.renouvelle.be\\\/fr\\\/le-royaume-uni-ferme-sa-derniere-centrale-electrique-au-charbon\\\/#primaryimage\"},\"thumbnailUrl\":\"https:\\\/\\\/www.renouvelle.be\\\/wp-content\\\/uploads\\\/2024\\\/10\\\/iStock-1206065674-e1727790363418.jpg\",\"articleSection\":[\"Actualit\u00e9 internationale\"],\"inLanguage\":\"fr-FR\"},{\"@type\":\"WebPage\",\"@id\":\"https:\\\/\\\/www.renouvelle.be\\\/fr\\\/le-royaume-uni-ferme-sa-derniere-centrale-electrique-au-charbon\\\/\",\"url\":\"https:\\\/\\\/www.renouvelle.be\\\/fr\\\/le-royaume-uni-ferme-sa-derniere-centrale-electrique-au-charbon\\\/\",\"name\":\"Le Royaume-Uni\u00a0ferme sa derni\u00e8re centrale \u00e9lectrique au charbon - Renouvelle\",\"isPartOf\":{\"@id\":\"https:\\\/\\\/www.renouvelle.be\\\/fr\\\/#website\"},\"primaryImageOfPage\":{\"@id\":\"https:\\\/\\\/www.renouvelle.be\\\/fr\\\/le-royaume-uni-ferme-sa-derniere-centrale-electrique-au-charbon\\\/#primaryimage\"},\"image\":{\"@id\":\"https:\\\/\\\/www.renouvelle.be\\\/fr\\\/le-royaume-uni-ferme-sa-derniere-centrale-electrique-au-charbon\\\/#primaryimage\"},\"thumbnailUrl\":\"https:\\\/\\\/www.renouvelle.be\\\/wp-content\\\/uploads\\\/2024\\\/10\\\/iStock-1206065674-e1727790363418.jpg\",\"datePublished\":\"2024-10-01T13:50:01+00:00\",\"dateModified\":\"2024-10-01T13:50:07+00:00\",\"author\":{\"@id\":\"https:\\\/\\\/www.renouvelle.be\\\/fr\\\/#\\\/schema\\\/person\\\/9d743366fb269eeceaa8d60e98d289d3\"},\"description\":\"Au Royaume-Uni, la derni\u00e8re centrale \u00e9lectrique au charbon a ferm\u00e9 d\u00e9finitivement ses portes, lundi 30 septembre.\",\"breadcrumb\":{\"@id\":\"https:\\\/\\\/www.renouvelle.be\\\/fr\\\/le-royaume-uni-ferme-sa-derniere-centrale-electrique-au-charbon\\\/#breadcrumb\"},\"inLanguage\":\"fr-FR\",\"potentialAction\":[{\"@type\":\"ReadAction\",\"target\":[\"https:\\\/\\\/www.renouvelle.be\\\/fr\\\/le-royaume-uni-ferme-sa-derniere-centrale-electrique-au-charbon\\\/\"]}]},{\"@type\":\"ImageObject\",\"inLanguage\":\"fr-FR\",\"@id\":\"https:\\\/\\\/www.renouvelle.be\\\/fr\\\/le-royaume-uni-ferme-sa-derniere-centrale-electrique-au-charbon\\\/#primaryimage\",\"url\":\"https:\\\/\\\/www.renouvelle.be\\\/wp-content\\\/uploads\\\/2024\\\/10\\\/iStock-1206065674-e1727790363418.jpg\",\"contentUrl\":\"https:\\\/\\\/www.renouvelle.be\\\/wp-content\\\/uploads\\\/2024\\\/10\\\/iStock-1206065674-e1727790363418.jpg\",\"width\":1254,\"height\":771,\"caption\":\"Royaume-Uni charbon\"},{\"@type\":\"BreadcrumbList\",\"@id\":\"https:\\\/\\\/www.renouvelle.be\\\/fr\\\/le-royaume-uni-ferme-sa-derniere-centrale-electrique-au-charbon\\\/#breadcrumb\",\"itemListElement\":[{\"@type\":\"ListItem\",\"position\":1,\"name\":\"Accueil\",\"item\":\"https:\\\/\\\/www.renouvelle.be\\\/fr\\\/\"},{\"@type\":\"ListItem\",\"position\":2,\"name\":\"Le Royaume-Uni\u00a0ferme sa derni\u00e8re centrale \u00e9lectrique au charbon\"}]},{\"@type\":\"WebSite\",\"@id\":\"https:\\\/\\\/www.renouvelle.be\\\/fr\\\/#website\",\"url\":\"https:\\\/\\\/www.renouvelle.be\\\/fr\\\/\",\"name\":\"Renouvelle\",\"description\":\"L&#039;actualit\u00e9 de l&#039;\u00e9nergie durable\",\"potentialAction\":[{\"@type\":\"SearchAction\",\"target\":{\"@type\":\"EntryPoint\",\"urlTemplate\":\"https:\\\/\\\/www.renouvelle.be\\\/fr\\\/?s={search_term_string}\"},\"query-input\":{\"@type\":\"PropertyValueSpecification\",\"valueRequired\":true,\"valueName\":\"search_term_string\"}}],\"inLanguage\":\"fr-FR\"},{\"@type\":\"Person\",\"@id\":\"https:\\\/\\\/www.renouvelle.be\\\/fr\\\/#\\\/schema\\\/person\\\/9d743366fb269eeceaa8d60e98d289d3\",\"name\":\"Samuel Alves\",\"url\":\"https:\\\/\\\/www.renouvelle.be\\\/fr\\\/author\\\/salves\\\/\"}]}<\/script>\n<!-- \/ Yoast SEO plugin. -->","yoast_head_json":{"title":"Le Royaume-Uni\u00a0ferme sa derni\u00e8re centrale \u00e9lectrique au charbon - Renouvelle","description":"Au Royaume-Uni, la derni\u00e8re centrale \u00e9lectrique au charbon a ferm\u00e9 d\u00e9finitivement ses portes, lundi 30 septembre.","robots":{"index":"index","follow":"follow","max-snippet":"max-snippet:-1","max-image-preview":"max-image-preview:large","max-video-preview":"max-video-preview:-1"},"canonical":"https:\/\/www.renouvelle.be\/fr\/le-royaume-uni-ferme-sa-derniere-centrale-electrique-au-charbon\/","og_locale":"fr_FR","og_type":"article","og_title":"Le Royaume-Uni\u00a0ferme sa derni\u00e8re centrale \u00e9lectrique au charbon - Renouvelle","og_description":"Au Royaume-Uni, la derni\u00e8re centrale \u00e9lectrique au charbon a ferm\u00e9 d\u00e9finitivement ses portes, lundi 30 septembre.","og_url":"https:\/\/www.renouvelle.be\/fr\/le-royaume-uni-ferme-sa-derniere-centrale-electrique-au-charbon\/","og_site_name":"Renouvelle","article_published_time":"2024-10-01T13:50:01+00:00","article_modified_time":"2024-10-01T13:50:07+00:00","og_image":[{"width":1254,"height":771,"url":"https:\/\/www.renouvelle.be\/wp-content\/uploads\/2024\/10\/iStock-1206065674-e1727790363418.jpg","type":"image\/jpeg"}],"author":"Samuel Alves","twitter_card":"summary_large_image","schema":{"@context":"https:\/\/schema.org","@graph":[{"@type":"Article","@id":"https:\/\/www.renouvelle.be\/fr\/le-royaume-uni-ferme-sa-derniere-centrale-electrique-au-charbon\/#article","isPartOf":{"@id":"https:\/\/www.renouvelle.be\/fr\/le-royaume-uni-ferme-sa-derniere-centrale-electrique-au-charbon\/"},"author":{"name":"Samuel Alves","@id":"https:\/\/www.renouvelle.be\/fr\/#\/schema\/person\/9d743366fb269eeceaa8d60e98d289d3"},"headline":"Le Royaume-Uni\u00a0ferme sa derni\u00e8re centrale \u00e9lectrique au charbon","datePublished":"2024-10-01T13:50:01+00:00","dateModified":"2024-10-01T13:50:07+00:00","mainEntityOfPage":{"@id":"https:\/\/www.renouvelle.be\/fr\/le-royaume-uni-ferme-sa-derniere-centrale-electrique-au-charbon\/"},"wordCount":184,"image":{"@id":"https:\/\/www.renouvelle.be\/fr\/le-royaume-uni-ferme-sa-derniere-centrale-electrique-au-charbon\/#primaryimage"},"thumbnailUrl":"https:\/\/www.renouvelle.be\/wp-content\/uploads\/2024\/10\/iStock-1206065674-e1727790363418.jpg","articleSection":["Actualit\u00e9 internationale"],"inLanguage":"fr-FR"},{"@type":"WebPage","@id":"https:\/\/www.renouvelle.be\/fr\/le-royaume-uni-ferme-sa-derniere-centrale-electrique-au-charbon\/","url":"https:\/\/www.renouvelle.be\/fr\/le-royaume-uni-ferme-sa-derniere-centrale-electrique-au-charbon\/","name":"Le Royaume-Uni\u00a0ferme sa derni\u00e8re centrale \u00e9lectrique au charbon - Renouvelle","isPartOf":{"@id":"https:\/\/www.renouvelle.be\/fr\/#website"},"primaryImageOfPage":{"@id":"https:\/\/www.renouvelle.be\/fr\/le-royaume-uni-ferme-sa-derniere-centrale-electrique-au-charbon\/#primaryimage"},"image":{"@id":"https:\/\/www.renouvelle.be\/fr\/le-royaume-uni-ferme-sa-derniere-centrale-electrique-au-charbon\/#primaryimage"},"thumbnailUrl":"https:\/\/www.renouvelle.be\/wp-content\/uploads\/2024\/10\/iStock-1206065674-e1727790363418.jpg","datePublished":"2024-10-01T13:50:01+00:00","dateModified":"2024-10-01T13:50:07+00:00","author":{"@id":"https:\/\/www.renouvelle.be\/fr\/#\/schema\/person\/9d743366fb269eeceaa8d60e98d289d3"},"description":"Au Royaume-Uni, la derni\u00e8re centrale \u00e9lectrique au charbon a ferm\u00e9 d\u00e9finitivement ses portes, lundi 30 septembre.","breadcrumb":{"@id":"https:\/\/www.renouvelle.be\/fr\/le-royaume-uni-ferme-sa-derniere-centrale-electrique-au-charbon\/#breadcrumb"},"inLanguage":"fr-FR","potentialAction":[{"@type":"ReadAction","target":["https:\/\/www.renouvelle.be\/fr\/le-royaume-uni-ferme-sa-derniere-centrale-electrique-au-charbon\/"]}]},{"@type":"ImageObject","inLanguage":"fr-FR","@id":"https:\/\/www.renouvelle.be\/fr\/le-royaume-uni-ferme-sa-derniere-centrale-electrique-au-charbon\/#primaryimage","url":"https:\/\/www.renouvelle.be\/wp-content\/uploads\/2024\/10\/iStock-1206065674-e1727790363418.jpg","contentUrl":"https:\/\/www.renouvelle.be\/wp-content\/uploads\/2024\/10\/iStock-1206065674-e1727790363418.jpg","width":1254,"height":771,"caption":"Royaume-Uni charbon"},{"@type":"BreadcrumbList","@id":"https:\/\/www.renouvelle.be\/fr\/le-royaume-uni-ferme-sa-derniere-centrale-electrique-au-charbon\/#breadcrumb","itemListElement":[{"@type":"ListItem","position":1,"name":"Accueil","item":"https:\/\/www.renouvelle.be\/fr\/"},{"@type":"ListItem","position":2,"name":"Le Royaume-Uni\u00a0ferme sa derni\u00e8re centrale \u00e9lectrique au charbon"}]},{"@type":"WebSite","@id":"https:\/\/www.renouvelle.be\/fr\/#website","url":"https:\/\/www.renouvelle.be\/fr\/","name":"Renouvelle","description":"L&#039;actualit\u00e9 de l&#039;\u00e9nergie durable","potentialAction":[{"@type":"SearchAction","target":{"@type":"EntryPoint","urlTemplate":"https:\/\/www.renouvelle.be\/fr\/?s={search_term_string}"},"query-input":{"@type":"PropertyValueSpecification","valueRequired":true,"valueName":"search_term_string"}}],"inLanguage":"fr-FR"},{"@type":"Person","@id":"https:\/\/www.renouvelle.be\/fr\/#\/schema\/person\/9d743366fb269eeceaa8d60e98d289d3","name":"Samuel Alves","url":"https:\/\/www.renouvelle.be\/fr\/author\/salves\/"}]}},"_links":{"self":[{"href":"https:\/\/www.renouvelle.be\/fr\/wp-json\/wp\/v2\/posts\/13797","targetHints":{"allow":["GET"]}}],"collection":[{"href":"https:\/\/www.renouvelle.be\/fr\/wp-json\/wp\/v2\/posts"}],"about":[{"href":"https:\/\/www.renouvelle.be\/fr\/wp-json\/wp\/v2\/types\/post"}],"author":[{"embeddable":true,"href":"https:\/\/www.renouvelle.be\/fr\/wp-json\/wp\/v2\/users\/38"}],"replies":[{"embeddable":true,"href":"https:\/\/www.renouvelle.be\/fr\/wp-json\/wp\/v2\/comments?post=13797"}],"version-history":[{"count":1,"href":"https:\/\/www.renouvelle.be\/fr\/wp-json\/wp\/v2\/posts\/13797\/revisions"}],"predecessor-version":[{"id":13800,"href":"https:\/\/www.renouvelle.be\/fr\/wp-json\/wp\/v2\/posts\/13797\/revisions\/13800"}],"wp:featuredmedia":[{"embeddable":true,"href":"https:\/\/www.renouvelle.be\/fr\/wp-json\/wp\/v2\/media\/13798"}],"wp:attachment":[{"href":"https:\/\/www.renouvelle.be\/fr\/wp-json\/wp\/v2\/media?parent=13797"}],"wp:term":[{"taxonomy":"category","embeddable":true,"href":"https:\/\/www.renouvelle.be\/fr\/wp-json\/wp\/v2\/categories?post=13797"},{"taxonomy":"post_tag","embeddable":true,"href":"https:\/\/www.renouvelle.be\/fr\/wp-json\/wp\/v2\/tags?post=13797"},{"taxonomy":"section","embeddable":true,"href":"https:\/\/www.renouvelle.be\/fr\/wp-json\/wp\/v2\/section?post=13797"}],"curies":[{"name":"wp","href":"https:\/\/api.w.org\/{rel}","templated":true}]}}