{"id":13743,"date":"2024-09-26T14:43:33","date_gmt":"2024-09-26T12:43:33","guid":{"rendered":"https:\/\/www.renouvelle.be\/?p=13743"},"modified":"2024-09-26T16:44:26","modified_gmt":"2024-09-26T14:44:26","slug":"parcs-de-batteries-une-capacite-bientot-decuplee-en-belgique","status":"publish","type":"post","link":"https:\/\/www.renouvelle.be\/fr\/parcs-de-batteries-une-capacite-bientot-decuplee-en-belgique\/","title":{"rendered":"Parcs de batteries\u00a0: une capacit\u00e9 bient\u00f4t d\u00e9cupl\u00e9e en Belgique"},"content":{"rendered":"\n<p>Avec la part des \u00e9nergies renouvelables toujours croissante dans notre mix \u00e9lectrique, il faudra pouvoir en stocker la surabondance pour en profiter pleinement. En Belgique, d\u2019apr\u00e8s une enqu\u00eate publi\u00e9e par <em>De Tijd<\/em>, la capacit\u00e9 des parcs de batteries \u00e0 grande \u00e9chelle s\u2019appr\u00eate \u00e0 \u00eatre multipli\u00e9e par dix d\u2019ici \u00e0 2026.<\/p>\n\n\n\n<p>Ce sont au total 3900 MW de projets qui sont d\u2019ores et d\u00e9j\u00e0 en cours de d\u00e9veloppement. Une telle capacit\u00e9 install\u00e9e pourrait g\u00e9n\u00e9rer une puissance \u00e9quivalente \u00e0 celle des cinq r\u00e9acteurs nucl\u00e9aires actuellement en service.<\/p>\n\n\n\n<p>Un sacr\u00e9 bond, si l\u2019on consid\u00e8re qu\u2019en 2022, notre pays ne comptait qu\u2019une capacit\u00e9 install\u00e9e de 50 MW de parcs de batteries. Cette derni\u00e8re a ensuite \u00e9t\u00e9 tripl\u00e9e pour atteindre actuellement 152 MW sur le r\u00e9seau haute tension d\u2019Elia. Avec les nouveaux projets de construction, elle devrait \u00eatre d\u00e9cupl\u00e9e dans les deux prochaines ann\u00e9es atteignant donc plus de 1500 MW de capacit\u00e9.<\/p>\n\n\n\n<p>Les 2400 MW suppl\u00e9mentaires repr\u00e9sentent des projets qui ont obtenu ou demand\u00e9 une autorisation, des demandes \u00e9manant de producteurs d\u2019\u00e9nergie, de soci\u00e9t\u00e9s immobili\u00e8res ou encore de start-up sp\u00e9cialistes des batteries.<\/p>\n\n\n\n<p>De tels projets n\u00e9cessiteront des financements importants qui se chiffrent d\u00e9j\u00e0 en milliards d\u2019euros. Actuellement, et toujours selon <em>De Tijd<\/em>, pour ceux en cours de construction (ou dont celle-ci est imminente), l\u2019investissement repr\u00e9senterait d\u00e9j\u00e0 1,4 \u00e0 1,8 milliard d\u2019euros. Si tous les futurs parcs de batteries devaient \u00eatre concr\u00e9tis\u00e9s, la somme pourrait atteindre plus de 4,6 milliards d\u2019euros.<\/p>\n\n\n\n<p>Sur le r\u00e9seau haute tension, les parcs de batteries joueront un r\u00f4le crucial dans l\u2019\u00e9quilibre de ce dernier en absorbant le surplus de production d\u2019\u00e9nergie renouvelable pour le restituer aux moments o\u00f9 la demande en \u00e9lectricit\u00e9 est plus importante, comme lors des pics de consommation en d\u00e9but de matin\u00e9e ou en soir\u00e9e.<\/p>\n\n\n\n<p>\u00c9videmment, les parcs de batteries ne sont pas l\u2019unique solution pour absorber cet exc\u00e9dent, la <a href=\"https:\/\/www.renouvelle.be\/fr\/flexibilite-electrique-consommateur-en-4-gestes\/\" target=\"_blank\" rel=\"noreferrer noopener\">flexibilit\u00e9<\/a> du consommateur est et reste \u00e9galement un atout essentiel pour \u00e9quilibrer le r\u00e9seau \u00e9lectrique.<\/p>\n\n\n\n<p><\/p>\n","protected":false},"excerpt":{"rendered":"<p>Avec la part des \u00e9nergies renouvelables toujours croissante dans notre mix \u00e9lectrique, il faudra pouvoir en stocker la surabondance pour en profiter pleinement. En Belgique, d\u2019apr\u00e8s une enqu\u00eate publi\u00e9e par De Tijd, la capacit\u00e9 des parcs de batteries \u00e0 grande \u00e9chelle s\u2019appr\u00eate \u00e0 \u00eatre multipli\u00e9e par dix d\u2019ici \u00e0 2026. Ce sont au total 3900 MW de projets qui sont d\u2019ores et d\u00e9j\u00e0 en cours de d\u00e9veloppement. Une telle capacit\u00e9 install\u00e9e pourrait g\u00e9n\u00e9rer une puissance \u00e9quivalente \u00e0 celle des cinq r\u00e9acteurs nucl\u00e9aires actuellement en service. Un sacr\u00e9 bond, si l\u2019on consid\u00e8re qu\u2019en 2022, notre pays ne comptait qu\u2019une capacit\u00e9 install\u00e9e de 50 MW de parcs de batteries. Cette derni\u00e8re a ensuite \u00e9t\u00e9 tripl\u00e9e pour atteindre actuellement 152 MW sur le r\u00e9seau haute tension d\u2019Elia. Avec les nouveaux projets de construction, elle devrait \u00eatre d\u00e9cupl\u00e9e dans les deux prochaines ann\u00e9es atteignant donc plus de 1500 MW de capacit\u00e9. Les 2400 MW suppl\u00e9mentaires repr\u00e9sentent des projets qui ont obtenu ou demand\u00e9 une autorisation, des demandes \u00e9manant de producteurs d\u2019\u00e9nergie, de soci\u00e9t\u00e9s immobili\u00e8res ou encore de start-up sp\u00e9cialistes des batteries. De tels projets n\u00e9cessiteront des financements importants qui se chiffrent d\u00e9j\u00e0 en milliards d\u2019euros. Actuellement, et toujours selon De Tijd, pour ceux en cours de construction (ou dont celle-ci est imminente), l\u2019investissement repr\u00e9senterait d\u00e9j\u00e0 1,4 \u00e0 1,8 milliard d\u2019euros. Si tous les futurs parcs de batteries devaient \u00eatre concr\u00e9tis\u00e9s, la somme pourrait atteindre plus de 4,6 milliards d\u2019euros. Sur le r\u00e9seau haute tension, les parcs de batteries joueront un r\u00f4le crucial dans l\u2019\u00e9quilibre de ce dernier en absorbant le surplus de production d\u2019\u00e9nergie renouvelable pour le restituer aux moments o\u00f9 la demande en \u00e9lectricit\u00e9 est plus importante, comme lors des pics de consommation en d\u00e9but de matin\u00e9e ou en soir\u00e9e. \u00c9videmment, les parcs &hellip; <a href=\"https:\/\/www.renouvelle.be\/fr\/parcs-de-batteries-une-capacite-bientot-decuplee-en-belgique\/\" class=\"more-link\">Continue reading<span class=\"screen-reader-text\"> \u00ab\u00a0Parcs de batteries\u00a0: une capacit\u00e9 bient\u00f4t d\u00e9cupl\u00e9e en Belgique\u00a0\u00bb<\/span><\/a><\/p>\n","protected":false},"author":38,"featured_media":13747,"comment_status":"closed","ping_status":"closed","sticky":false,"template":"","format":"standard","meta":{"_acf_changed":false,"footnotes":""},"categories":[17],"tags":[],"section":[14],"class_list":["post-13743","post","type-post","status-publish","format-standard","has-post-thumbnail","hentry","category-actualite-en-belgique","section-stockage"],"acf":[],"yoast_head":"<!-- This site is optimized with the Yoast SEO plugin v27.5 - https:\/\/yoast.com\/product\/yoast-seo-wordpress\/ -->\n<title>Parcs de batteries\u00a0: une capacit\u00e9 bient\u00f4t d\u00e9cupl\u00e9e en Belgique - Renouvelle<\/title>\n<meta name=\"description\" content=\"C&#039;est au total 3900 MW de capacit\u00e9 install\u00e9e qui est pr\u00e9vue pour les nouveaux parcs de batteries en Belgique.\" \/>\n<meta name=\"robots\" content=\"index, follow, max-snippet:-1, max-image-preview:large, max-video-preview:-1\" \/>\n<link rel=\"canonical\" href=\"https:\/\/www.renouvelle.be\/fr\/parcs-de-batteries-une-capacite-bientot-decuplee-en-belgique\/\" \/>\n<meta property=\"og:locale\" content=\"fr_FR\" \/>\n<meta property=\"og:type\" content=\"article\" \/>\n<meta property=\"og:title\" content=\"Parcs de batteries\u00a0: une capacit\u00e9 bient\u00f4t d\u00e9cupl\u00e9e en Belgique - Renouvelle\" \/>\n<meta property=\"og:description\" content=\"C&#039;est au total 3900 MW de capacit\u00e9 install\u00e9e qui est pr\u00e9vue pour les nouveaux parcs de batteries en Belgique.\" \/>\n<meta property=\"og:url\" content=\"https:\/\/www.renouvelle.be\/fr\/parcs-de-batteries-une-capacite-bientot-decuplee-en-belgique\/\" \/>\n<meta property=\"og:site_name\" content=\"Renouvelle\" \/>\n<meta property=\"article:published_time\" content=\"2024-09-26T12:43:33+00:00\" \/>\n<meta property=\"article:modified_time\" content=\"2024-09-26T14:44:26+00:00\" \/>\n<meta property=\"og:image\" content=\"https:\/\/www.renouvelle.be\/wp-content\/uploads\/2024\/09\/iStock-1642477286.jpg\" \/>\n\t<meta property=\"og:image:width\" content=\"2308\" \/>\n\t<meta property=\"og:image:height\" content=\"1298\" \/>\n\t<meta property=\"og:image:type\" content=\"image\/jpeg\" \/>\n<meta name=\"author\" content=\"Samuel Alves\" \/>\n<meta name=\"twitter:card\" content=\"summary_large_image\" \/>\n<script type=\"application\/ld+json\" class=\"yoast-schema-graph\">{\"@context\":\"https:\\\/\\\/schema.org\",\"@graph\":[{\"@type\":\"Article\",\"@id\":\"https:\\\/\\\/www.renouvelle.be\\\/fr\\\/parcs-de-batteries-une-capacite-bientot-decuplee-en-belgique\\\/#article\",\"isPartOf\":{\"@id\":\"https:\\\/\\\/www.renouvelle.be\\\/fr\\\/parcs-de-batteries-une-capacite-bientot-decuplee-en-belgique\\\/\"},\"author\":{\"name\":\"Samuel Alves\",\"@id\":\"https:\\\/\\\/www.renouvelle.be\\\/fr\\\/#\\\/schema\\\/person\\\/9d743366fb269eeceaa8d60e98d289d3\"},\"headline\":\"Parcs de batteries\u00a0: une capacit\u00e9 bient\u00f4t d\u00e9cupl\u00e9e en Belgique\",\"datePublished\":\"2024-09-26T12:43:33+00:00\",\"dateModified\":\"2024-09-26T14:44:26+00:00\",\"mainEntityOfPage\":{\"@id\":\"https:\\\/\\\/www.renouvelle.be\\\/fr\\\/parcs-de-batteries-une-capacite-bientot-decuplee-en-belgique\\\/\"},\"wordCount\":369,\"image\":{\"@id\":\"https:\\\/\\\/www.renouvelle.be\\\/fr\\\/parcs-de-batteries-une-capacite-bientot-decuplee-en-belgique\\\/#primaryimage\"},\"thumbnailUrl\":\"https:\\\/\\\/www.renouvelle.be\\\/wp-content\\\/uploads\\\/2024\\\/09\\\/iStock-1642477286.jpg\",\"articleSection\":[\"Actualit\u00e9 en Belgique\"],\"inLanguage\":\"fr-FR\"},{\"@type\":\"WebPage\",\"@id\":\"https:\\\/\\\/www.renouvelle.be\\\/fr\\\/parcs-de-batteries-une-capacite-bientot-decuplee-en-belgique\\\/\",\"url\":\"https:\\\/\\\/www.renouvelle.be\\\/fr\\\/parcs-de-batteries-une-capacite-bientot-decuplee-en-belgique\\\/\",\"name\":\"Parcs de batteries\u00a0: une capacit\u00e9 bient\u00f4t d\u00e9cupl\u00e9e en Belgique - Renouvelle\",\"isPartOf\":{\"@id\":\"https:\\\/\\\/www.renouvelle.be\\\/fr\\\/#website\"},\"primaryImageOfPage\":{\"@id\":\"https:\\\/\\\/www.renouvelle.be\\\/fr\\\/parcs-de-batteries-une-capacite-bientot-decuplee-en-belgique\\\/#primaryimage\"},\"image\":{\"@id\":\"https:\\\/\\\/www.renouvelle.be\\\/fr\\\/parcs-de-batteries-une-capacite-bientot-decuplee-en-belgique\\\/#primaryimage\"},\"thumbnailUrl\":\"https:\\\/\\\/www.renouvelle.be\\\/wp-content\\\/uploads\\\/2024\\\/09\\\/iStock-1642477286.jpg\",\"datePublished\":\"2024-09-26T12:43:33+00:00\",\"dateModified\":\"2024-09-26T14:44:26+00:00\",\"author\":{\"@id\":\"https:\\\/\\\/www.renouvelle.be\\\/fr\\\/#\\\/schema\\\/person\\\/9d743366fb269eeceaa8d60e98d289d3\"},\"description\":\"C'est au total 3900 MW de capacit\u00e9 install\u00e9e qui est pr\u00e9vue pour les nouveaux parcs de batteries en Belgique.\",\"breadcrumb\":{\"@id\":\"https:\\\/\\\/www.renouvelle.be\\\/fr\\\/parcs-de-batteries-une-capacite-bientot-decuplee-en-belgique\\\/#breadcrumb\"},\"inLanguage\":\"fr-FR\",\"potentialAction\":[{\"@type\":\"ReadAction\",\"target\":[\"https:\\\/\\\/www.renouvelle.be\\\/fr\\\/parcs-de-batteries-une-capacite-bientot-decuplee-en-belgique\\\/\"]}]},{\"@type\":\"ImageObject\",\"inLanguage\":\"fr-FR\",\"@id\":\"https:\\\/\\\/www.renouvelle.be\\\/fr\\\/parcs-de-batteries-une-capacite-bientot-decuplee-en-belgique\\\/#primaryimage\",\"url\":\"https:\\\/\\\/www.renouvelle.be\\\/wp-content\\\/uploads\\\/2024\\\/09\\\/iStock-1642477286.jpg\",\"contentUrl\":\"https:\\\/\\\/www.renouvelle.be\\\/wp-content\\\/uploads\\\/2024\\\/09\\\/iStock-1642477286.jpg\",\"width\":2308,\"height\":1298,\"caption\":\"Battery charge indicator wood model. Phone charge level. Discharged and fully charged battery. Battery charge from high to low.\"},{\"@type\":\"BreadcrumbList\",\"@id\":\"https:\\\/\\\/www.renouvelle.be\\\/fr\\\/parcs-de-batteries-une-capacite-bientot-decuplee-en-belgique\\\/#breadcrumb\",\"itemListElement\":[{\"@type\":\"ListItem\",\"position\":1,\"name\":\"Accueil\",\"item\":\"https:\\\/\\\/www.renouvelle.be\\\/fr\\\/\"},{\"@type\":\"ListItem\",\"position\":2,\"name\":\"Parcs de batteries\u00a0: une capacit\u00e9 bient\u00f4t d\u00e9cupl\u00e9e en Belgique\"}]},{\"@type\":\"WebSite\",\"@id\":\"https:\\\/\\\/www.renouvelle.be\\\/fr\\\/#website\",\"url\":\"https:\\\/\\\/www.renouvelle.be\\\/fr\\\/\",\"name\":\"Renouvelle\",\"description\":\"L&#039;actualit\u00e9 de l&#039;\u00e9nergie durable\",\"potentialAction\":[{\"@type\":\"SearchAction\",\"target\":{\"@type\":\"EntryPoint\",\"urlTemplate\":\"https:\\\/\\\/www.renouvelle.be\\\/fr\\\/?s={search_term_string}\"},\"query-input\":{\"@type\":\"PropertyValueSpecification\",\"valueRequired\":true,\"valueName\":\"search_term_string\"}}],\"inLanguage\":\"fr-FR\"},{\"@type\":\"Person\",\"@id\":\"https:\\\/\\\/www.renouvelle.be\\\/fr\\\/#\\\/schema\\\/person\\\/9d743366fb269eeceaa8d60e98d289d3\",\"name\":\"Samuel Alves\",\"url\":\"https:\\\/\\\/www.renouvelle.be\\\/fr\\\/author\\\/salves\\\/\"}]}<\/script>\n<!-- \/ Yoast SEO plugin. -->","yoast_head_json":{"title":"Parcs de batteries\u00a0: une capacit\u00e9 bient\u00f4t d\u00e9cupl\u00e9e en Belgique - Renouvelle","description":"C'est au total 3900 MW de capacit\u00e9 install\u00e9e qui est pr\u00e9vue pour les nouveaux parcs de batteries en Belgique.","robots":{"index":"index","follow":"follow","max-snippet":"max-snippet:-1","max-image-preview":"max-image-preview:large","max-video-preview":"max-video-preview:-1"},"canonical":"https:\/\/www.renouvelle.be\/fr\/parcs-de-batteries-une-capacite-bientot-decuplee-en-belgique\/","og_locale":"fr_FR","og_type":"article","og_title":"Parcs de batteries\u00a0: une capacit\u00e9 bient\u00f4t d\u00e9cupl\u00e9e en Belgique - Renouvelle","og_description":"C'est au total 3900 MW de capacit\u00e9 install\u00e9e qui est pr\u00e9vue pour les nouveaux parcs de batteries en Belgique.","og_url":"https:\/\/www.renouvelle.be\/fr\/parcs-de-batteries-une-capacite-bientot-decuplee-en-belgique\/","og_site_name":"Renouvelle","article_published_time":"2024-09-26T12:43:33+00:00","article_modified_time":"2024-09-26T14:44:26+00:00","og_image":[{"width":2308,"height":1298,"url":"https:\/\/www.renouvelle.be\/wp-content\/uploads\/2024\/09\/iStock-1642477286.jpg","type":"image\/jpeg"}],"author":"Samuel Alves","twitter_card":"summary_large_image","schema":{"@context":"https:\/\/schema.org","@graph":[{"@type":"Article","@id":"https:\/\/www.renouvelle.be\/fr\/parcs-de-batteries-une-capacite-bientot-decuplee-en-belgique\/#article","isPartOf":{"@id":"https:\/\/www.renouvelle.be\/fr\/parcs-de-batteries-une-capacite-bientot-decuplee-en-belgique\/"},"author":{"name":"Samuel Alves","@id":"https:\/\/www.renouvelle.be\/fr\/#\/schema\/person\/9d743366fb269eeceaa8d60e98d289d3"},"headline":"Parcs de batteries\u00a0: une capacit\u00e9 bient\u00f4t d\u00e9cupl\u00e9e en Belgique","datePublished":"2024-09-26T12:43:33+00:00","dateModified":"2024-09-26T14:44:26+00:00","mainEntityOfPage":{"@id":"https:\/\/www.renouvelle.be\/fr\/parcs-de-batteries-une-capacite-bientot-decuplee-en-belgique\/"},"wordCount":369,"image":{"@id":"https:\/\/www.renouvelle.be\/fr\/parcs-de-batteries-une-capacite-bientot-decuplee-en-belgique\/#primaryimage"},"thumbnailUrl":"https:\/\/www.renouvelle.be\/wp-content\/uploads\/2024\/09\/iStock-1642477286.jpg","articleSection":["Actualit\u00e9 en Belgique"],"inLanguage":"fr-FR"},{"@type":"WebPage","@id":"https:\/\/www.renouvelle.be\/fr\/parcs-de-batteries-une-capacite-bientot-decuplee-en-belgique\/","url":"https:\/\/www.renouvelle.be\/fr\/parcs-de-batteries-une-capacite-bientot-decuplee-en-belgique\/","name":"Parcs de batteries\u00a0: une capacit\u00e9 bient\u00f4t d\u00e9cupl\u00e9e en Belgique - Renouvelle","isPartOf":{"@id":"https:\/\/www.renouvelle.be\/fr\/#website"},"primaryImageOfPage":{"@id":"https:\/\/www.renouvelle.be\/fr\/parcs-de-batteries-une-capacite-bientot-decuplee-en-belgique\/#primaryimage"},"image":{"@id":"https:\/\/www.renouvelle.be\/fr\/parcs-de-batteries-une-capacite-bientot-decuplee-en-belgique\/#primaryimage"},"thumbnailUrl":"https:\/\/www.renouvelle.be\/wp-content\/uploads\/2024\/09\/iStock-1642477286.jpg","datePublished":"2024-09-26T12:43:33+00:00","dateModified":"2024-09-26T14:44:26+00:00","author":{"@id":"https:\/\/www.renouvelle.be\/fr\/#\/schema\/person\/9d743366fb269eeceaa8d60e98d289d3"},"description":"C'est au total 3900 MW de capacit\u00e9 install\u00e9e qui est pr\u00e9vue pour les nouveaux parcs de batteries en Belgique.","breadcrumb":{"@id":"https:\/\/www.renouvelle.be\/fr\/parcs-de-batteries-une-capacite-bientot-decuplee-en-belgique\/#breadcrumb"},"inLanguage":"fr-FR","potentialAction":[{"@type":"ReadAction","target":["https:\/\/www.renouvelle.be\/fr\/parcs-de-batteries-une-capacite-bientot-decuplee-en-belgique\/"]}]},{"@type":"ImageObject","inLanguage":"fr-FR","@id":"https:\/\/www.renouvelle.be\/fr\/parcs-de-batteries-une-capacite-bientot-decuplee-en-belgique\/#primaryimage","url":"https:\/\/www.renouvelle.be\/wp-content\/uploads\/2024\/09\/iStock-1642477286.jpg","contentUrl":"https:\/\/www.renouvelle.be\/wp-content\/uploads\/2024\/09\/iStock-1642477286.jpg","width":2308,"height":1298,"caption":"Battery charge indicator wood model. Phone charge level. Discharged and fully charged battery. Battery charge from high to low."},{"@type":"BreadcrumbList","@id":"https:\/\/www.renouvelle.be\/fr\/parcs-de-batteries-une-capacite-bientot-decuplee-en-belgique\/#breadcrumb","itemListElement":[{"@type":"ListItem","position":1,"name":"Accueil","item":"https:\/\/www.renouvelle.be\/fr\/"},{"@type":"ListItem","position":2,"name":"Parcs de batteries\u00a0: une capacit\u00e9 bient\u00f4t d\u00e9cupl\u00e9e en Belgique"}]},{"@type":"WebSite","@id":"https:\/\/www.renouvelle.be\/fr\/#website","url":"https:\/\/www.renouvelle.be\/fr\/","name":"Renouvelle","description":"L&#039;actualit\u00e9 de l&#039;\u00e9nergie durable","potentialAction":[{"@type":"SearchAction","target":{"@type":"EntryPoint","urlTemplate":"https:\/\/www.renouvelle.be\/fr\/?s={search_term_string}"},"query-input":{"@type":"PropertyValueSpecification","valueRequired":true,"valueName":"search_term_string"}}],"inLanguage":"fr-FR"},{"@type":"Person","@id":"https:\/\/www.renouvelle.be\/fr\/#\/schema\/person\/9d743366fb269eeceaa8d60e98d289d3","name":"Samuel Alves","url":"https:\/\/www.renouvelle.be\/fr\/author\/salves\/"}]}},"_links":{"self":[{"href":"https:\/\/www.renouvelle.be\/fr\/wp-json\/wp\/v2\/posts\/13743","targetHints":{"allow":["GET"]}}],"collection":[{"href":"https:\/\/www.renouvelle.be\/fr\/wp-json\/wp\/v2\/posts"}],"about":[{"href":"https:\/\/www.renouvelle.be\/fr\/wp-json\/wp\/v2\/types\/post"}],"author":[{"embeddable":true,"href":"https:\/\/www.renouvelle.be\/fr\/wp-json\/wp\/v2\/users\/38"}],"replies":[{"embeddable":true,"href":"https:\/\/www.renouvelle.be\/fr\/wp-json\/wp\/v2\/comments?post=13743"}],"version-history":[{"count":9,"href":"https:\/\/www.renouvelle.be\/fr\/wp-json\/wp\/v2\/posts\/13743\/revisions"}],"predecessor-version":[{"id":13754,"href":"https:\/\/www.renouvelle.be\/fr\/wp-json\/wp\/v2\/posts\/13743\/revisions\/13754"}],"wp:featuredmedia":[{"embeddable":true,"href":"https:\/\/www.renouvelle.be\/fr\/wp-json\/wp\/v2\/media\/13747"}],"wp:attachment":[{"href":"https:\/\/www.renouvelle.be\/fr\/wp-json\/wp\/v2\/media?parent=13743"}],"wp:term":[{"taxonomy":"category","embeddable":true,"href":"https:\/\/www.renouvelle.be\/fr\/wp-json\/wp\/v2\/categories?post=13743"},{"taxonomy":"post_tag","embeddable":true,"href":"https:\/\/www.renouvelle.be\/fr\/wp-json\/wp\/v2\/tags?post=13743"},{"taxonomy":"section","embeddable":true,"href":"https:\/\/www.renouvelle.be\/fr\/wp-json\/wp\/v2\/section?post=13743"}],"curies":[{"name":"wp","href":"https:\/\/api.w.org\/{rel}","templated":true}]}}