{"id":13687,"date":"2024-09-17T15:39:16","date_gmt":"2024-09-17T13:39:16","guid":{"rendered":"https:\/\/www.renouvelle.be\/?p=13687"},"modified":"2024-10-03T09:27:32","modified_gmt":"2024-10-03T07:27:32","slug":"pompes-a-chaleur-baisse-des-ventes-en-belgique","status":"publish","type":"post","link":"https:\/\/www.renouvelle.be\/fr\/pompes-a-chaleur-baisse-des-ventes-en-belgique\/","title":{"rendered":"Pompes \u00e0 chaleur : baisse des ventes en Belgique"},"content":{"rendered":"\n<p>Le constat est clair pour le premier semestre 2024 : les ventes de pompes \u00e0 chaleur sont en forte diminution. La probl\u00e9matique ne concerne pas que la Belgique, puisque depuis plusieurs mois, l\u2019Europe conna\u00eet une d\u00e9croissance des ventes, passant ainsi de 565 000 pompes en 2022 \u00e0 485 000 un an plus tard.<\/p>\n\n\n\n<p>Pourtant, le d\u00e9ploiement des pompes \u00e0 chaleur reste essentiel pour r\u00e9duire la consommation de gaz li\u00e9e aux besoins en chauffage de l\u2019Union europ\u00e9enne, des besoins qui repr\u00e9sentent la moiti\u00e9 de la consommation totale d\u2019\u00e9nergie de celle-ci.<\/p>\n\n\n\n<p>Que nous disent alors les chiffres publi\u00e9s par Climafed pour la Belgique ? Pour le premier semestre 2024, les ventes de chaudi\u00e8res au mazout et au gaz ont connu une hausse de 8 % par rapport \u00e0 l\u2019ann\u00e9e pass\u00e9e, contre une chute de 50 % pour celles des pompes \u00e0 chaleur. Concr\u00e8tement, il s\u2019agit d\u2019une diminution de 13 600 unit\u00e9s, passant ainsi de 29 800 \u00e0 16 200 unit\u00e9s vendues.<\/p>\n\n\n\n<p>Mais Patrick O., responsable des affaires publiques chez <a href=\"https:\/\/www.climafed.be\/fr\/actualites\/n-47-les-pompes-a-chaleur-representent-un-defi-mais-elles-restent-le-choix-le-plus-intelligent-pour-l-avenir\/?p=1\" target=\"_blank\" rel=\"noreferrer noopener\">Climafed<\/a>, temp\u00e8re ces chiffres. Selon lui, la comparaison entre 2024 et 2023 peut donner une image biais\u00e9e, \u00e9tant donn\u00e9 que les ventes de pompes \u00e0 chaleur ont \u00e9t\u00e9 exceptionnelles en 2022, mais aussi en 2023, avec plus de 50 000 unit\u00e9s vendues, soit une augmentation de 68 % par rapport \u00e0 l\u2019ann\u00e9e pr\u00e9c\u00e9dente. Cela n\u2019emp\u00eache cependant pas de constater que la situation est alarmante.<\/p>\n\n\n\n<p>Toujours selon Patrick O., un des facteurs qui pourrait expliquer cette diminution serait le prix \u00e9lev\u00e9 de l\u2019\u00e9lectricit\u00e9, et plus pr\u00e9cis\u00e9ment le ratio \u00e9lectricit\u00e9\/gaz. L\u2019\u00e9lectricit\u00e9 co\u00fbte environ 30 centimes par kWh, alors que le gaz et le mazout co\u00fbtent, eux, 8 centimes par kWh. Un calcul dont le r\u00e9sultat ternit l\u2019attractivit\u00e9 des pompes \u00e0 chaleur. Pourtant, pour d\u00e9carboner nos syst\u00e8mes de chauffage et dans le cadre des nouvelles r\u00e8gles de performance \u00e9nerg\u00e9tique des b\u00e2timents, opter pour <a href=\"https:\/\/www.renouvelle.be\/fr\/outils\/abc-des-pompes-a-chaleur\/\" target=\"_blank\" rel=\"noreferrer noopener\">une pompe \u00e0 chaleur<\/a> deviendra indispensable.<\/p>\n\n\n\n<p>Optimiste, le secteur esp\u00e8re une inversion de cette tendance \u00e0 la baisse, notamment gr\u00e2ce \u00e0 une r\u00e9forme fiscale tr\u00e8s attendue sur l\u2019\u00e9lectricit\u00e9. Il compte \u00e9galement sur la diminution des taux d\u2019int\u00e9r\u00eat qui pourrait inciter les m\u00e9nages \u00e0 construire ou \u00e0 r\u00e9nover.<\/p>\n","protected":false},"excerpt":{"rendered":"<p>Le constat est clair pour le premier semestre 2024 : les ventes de pompes \u00e0 chaleur sont en forte diminution. La probl\u00e9matique ne concerne pas que la Belgique, puisque depuis plusieurs mois, l\u2019Europe conna\u00eet une d\u00e9croissance des ventes, passant ainsi de 565 000 pompes en 2022 \u00e0 485 000 un an plus tard. Pourtant, le d\u00e9ploiement des pompes \u00e0 chaleur reste essentiel pour r\u00e9duire la consommation de gaz li\u00e9e aux besoins en chauffage de l\u2019Union europ\u00e9enne, des besoins qui repr\u00e9sentent la moiti\u00e9 de la consommation totale d\u2019\u00e9nergie de celle-ci. Que nous disent alors les chiffres publi\u00e9s par Climafed pour la Belgique ? Pour le premier semestre 2024, les ventes de chaudi\u00e8res au mazout et au gaz ont connu une hausse de 8 % par rapport \u00e0 l\u2019ann\u00e9e pass\u00e9e, contre une chute de 50 % pour celles des pompes \u00e0 chaleur. Concr\u00e8tement, il s\u2019agit d\u2019une diminution de 13 600 unit\u00e9s, passant ainsi de 29 800 \u00e0 16 200 unit\u00e9s vendues. Mais Patrick O., responsable des affaires publiques chez Climafed, temp\u00e8re ces chiffres. Selon lui, la comparaison entre 2024 et 2023 peut donner une image biais\u00e9e, \u00e9tant donn\u00e9 que les ventes de pompes \u00e0 chaleur ont \u00e9t\u00e9 exceptionnelles en 2022, mais aussi en 2023, avec plus de 50 000 unit\u00e9s vendues, soit une augmentation de 68 % par rapport \u00e0 l\u2019ann\u00e9e pr\u00e9c\u00e9dente. Cela n\u2019emp\u00eache cependant pas de constater que la situation est alarmante. Toujours selon Patrick O., un des facteurs qui pourrait expliquer cette diminution serait le prix \u00e9lev\u00e9 de l\u2019\u00e9lectricit\u00e9, et plus pr\u00e9cis\u00e9ment le ratio \u00e9lectricit\u00e9\/gaz. L\u2019\u00e9lectricit\u00e9 co\u00fbte environ 30 centimes par kWh, alors que le gaz et le mazout co\u00fbtent, eux, 8 centimes par kWh. Un calcul dont le r\u00e9sultat ternit l\u2019attractivit\u00e9 des pompes \u00e0 chaleur. Pourtant, pour d\u00e9carboner nos &hellip; <a href=\"https:\/\/www.renouvelle.be\/fr\/pompes-a-chaleur-baisse-des-ventes-en-belgique\/\" class=\"more-link\">Continue reading<span class=\"screen-reader-text\"> \u00ab\u00a0Pompes \u00e0 chaleur : baisse des ventes en Belgique\u00a0\u00bb<\/span><\/a><\/p>\n","protected":false},"author":38,"featured_media":13690,"comment_status":"closed","ping_status":"closed","sticky":false,"template":"","format":"standard","meta":{"_acf_changed":false,"footnotes":""},"categories":[17],"tags":[],"section":[9],"class_list":["post-13687","post","type-post","status-publish","format-standard","has-post-thumbnail","hentry","category-actualite-en-belgique","section-geothermie-pac"],"acf":[],"yoast_head":"<!-- This site is optimized with the Yoast SEO plugin v27.4 - https:\/\/yoast.com\/product\/yoast-seo-wordpress\/ -->\n<title>Pompes \u00e0 chaleur : baisse des ventes en Belgique - Renouvelle<\/title>\n<meta name=\"description\" content=\"Les ventes de pompes \u00e0 chaleur sont en bernes en Belgique accusant une diminution de 50% pour le premier semestre 2024.\" \/>\n<meta name=\"robots\" content=\"index, follow, max-snippet:-1, max-image-preview:large, max-video-preview:-1\" \/>\n<link rel=\"canonical\" href=\"https:\/\/www.renouvelle.be\/fr\/pompes-a-chaleur-baisse-des-ventes-en-belgique\/\" \/>\n<meta property=\"og:locale\" content=\"fr_FR\" \/>\n<meta property=\"og:type\" content=\"article\" \/>\n<meta property=\"og:title\" content=\"Pompes \u00e0 chaleur : baisse des ventes en Belgique - Renouvelle\" \/>\n<meta property=\"og:description\" content=\"Les ventes de pompes \u00e0 chaleur sont en bernes en Belgique accusant une diminution de 50% pour le premier semestre 2024.\" \/>\n<meta property=\"og:url\" content=\"https:\/\/www.renouvelle.be\/fr\/pompes-a-chaleur-baisse-des-ventes-en-belgique\/\" \/>\n<meta property=\"og:site_name\" content=\"Renouvelle\" \/>\n<meta property=\"article:published_time\" content=\"2024-09-17T13:39:16+00:00\" \/>\n<meta property=\"article:modified_time\" content=\"2024-10-03T07:27:32+00:00\" \/>\n<meta property=\"og:image\" content=\"https:\/\/www.renouvelle.be\/wp-content\/uploads\/2024\/09\/iStock-1534547367-e1726579284233.jpg\" \/>\n\t<meta property=\"og:image:width\" content=\"2121\" \/>\n\t<meta property=\"og:image:height\" content=\"1261\" \/>\n\t<meta property=\"og:image:type\" content=\"image\/jpeg\" \/>\n<meta name=\"author\" content=\"Samuel Alves\" \/>\n<meta name=\"twitter:card\" content=\"summary_large_image\" \/>\n<script type=\"application\/ld+json\" class=\"yoast-schema-graph\">{\"@context\":\"https:\\\/\\\/schema.org\",\"@graph\":[{\"@type\":\"Article\",\"@id\":\"https:\\\/\\\/www.renouvelle.be\\\/fr\\\/pompes-a-chaleur-baisse-des-ventes-en-belgique\\\/#article\",\"isPartOf\":{\"@id\":\"https:\\\/\\\/www.renouvelle.be\\\/fr\\\/pompes-a-chaleur-baisse-des-ventes-en-belgique\\\/\"},\"author\":{\"name\":\"Samuel Alves\",\"@id\":\"https:\\\/\\\/www.renouvelle.be\\\/fr\\\/#\\\/schema\\\/person\\\/9d743366fb269eeceaa8d60e98d289d3\"},\"headline\":\"Pompes \u00e0 chaleur : baisse des ventes en Belgique\",\"datePublished\":\"2024-09-17T13:39:16+00:00\",\"dateModified\":\"2024-10-03T07:27:32+00:00\",\"mainEntityOfPage\":{\"@id\":\"https:\\\/\\\/www.renouvelle.be\\\/fr\\\/pompes-a-chaleur-baisse-des-ventes-en-belgique\\\/\"},\"wordCount\":372,\"image\":{\"@id\":\"https:\\\/\\\/www.renouvelle.be\\\/fr\\\/pompes-a-chaleur-baisse-des-ventes-en-belgique\\\/#primaryimage\"},\"thumbnailUrl\":\"https:\\\/\\\/www.renouvelle.be\\\/wp-content\\\/uploads\\\/2024\\\/09\\\/iStock-1534547367-e1726579284233.jpg\",\"articleSection\":[\"Actualit\u00e9 en Belgique\"],\"inLanguage\":\"fr-FR\"},{\"@type\":\"WebPage\",\"@id\":\"https:\\\/\\\/www.renouvelle.be\\\/fr\\\/pompes-a-chaleur-baisse-des-ventes-en-belgique\\\/\",\"url\":\"https:\\\/\\\/www.renouvelle.be\\\/fr\\\/pompes-a-chaleur-baisse-des-ventes-en-belgique\\\/\",\"name\":\"Pompes \u00e0 chaleur : baisse des ventes en Belgique - Renouvelle\",\"isPartOf\":{\"@id\":\"https:\\\/\\\/www.renouvelle.be\\\/fr\\\/#website\"},\"primaryImageOfPage\":{\"@id\":\"https:\\\/\\\/www.renouvelle.be\\\/fr\\\/pompes-a-chaleur-baisse-des-ventes-en-belgique\\\/#primaryimage\"},\"image\":{\"@id\":\"https:\\\/\\\/www.renouvelle.be\\\/fr\\\/pompes-a-chaleur-baisse-des-ventes-en-belgique\\\/#primaryimage\"},\"thumbnailUrl\":\"https:\\\/\\\/www.renouvelle.be\\\/wp-content\\\/uploads\\\/2024\\\/09\\\/iStock-1534547367-e1726579284233.jpg\",\"datePublished\":\"2024-09-17T13:39:16+00:00\",\"dateModified\":\"2024-10-03T07:27:32+00:00\",\"author\":{\"@id\":\"https:\\\/\\\/www.renouvelle.be\\\/fr\\\/#\\\/schema\\\/person\\\/9d743366fb269eeceaa8d60e98d289d3\"},\"description\":\"Les ventes de pompes \u00e0 chaleur sont en bernes en Belgique accusant une diminution de 50% pour le premier semestre 2024.\",\"breadcrumb\":{\"@id\":\"https:\\\/\\\/www.renouvelle.be\\\/fr\\\/pompes-a-chaleur-baisse-des-ventes-en-belgique\\\/#breadcrumb\"},\"inLanguage\":\"fr-FR\",\"potentialAction\":[{\"@type\":\"ReadAction\",\"target\":[\"https:\\\/\\\/www.renouvelle.be\\\/fr\\\/pompes-a-chaleur-baisse-des-ventes-en-belgique\\\/\"]}]},{\"@type\":\"ImageObject\",\"inLanguage\":\"fr-FR\",\"@id\":\"https:\\\/\\\/www.renouvelle.be\\\/fr\\\/pompes-a-chaleur-baisse-des-ventes-en-belgique\\\/#primaryimage\",\"url\":\"https:\\\/\\\/www.renouvelle.be\\\/wp-content\\\/uploads\\\/2024\\\/09\\\/iStock-1534547367-e1726579284233.jpg\",\"contentUrl\":\"https:\\\/\\\/www.renouvelle.be\\\/wp-content\\\/uploads\\\/2024\\\/09\\\/iStock-1534547367-e1726579284233.jpg\",\"width\":2121,\"height\":1261,\"caption\":\"ventes pompes \u00e0 chaleur\"},{\"@type\":\"BreadcrumbList\",\"@id\":\"https:\\\/\\\/www.renouvelle.be\\\/fr\\\/pompes-a-chaleur-baisse-des-ventes-en-belgique\\\/#breadcrumb\",\"itemListElement\":[{\"@type\":\"ListItem\",\"position\":1,\"name\":\"Accueil\",\"item\":\"https:\\\/\\\/www.renouvelle.be\\\/fr\\\/\"},{\"@type\":\"ListItem\",\"position\":2,\"name\":\"Pompes \u00e0 chaleur : baisse des ventes en Belgique\"}]},{\"@type\":\"WebSite\",\"@id\":\"https:\\\/\\\/www.renouvelle.be\\\/fr\\\/#website\",\"url\":\"https:\\\/\\\/www.renouvelle.be\\\/fr\\\/\",\"name\":\"Renouvelle\",\"description\":\"L&#039;actualit\u00e9 de l&#039;\u00e9nergie durable\",\"potentialAction\":[{\"@type\":\"SearchAction\",\"target\":{\"@type\":\"EntryPoint\",\"urlTemplate\":\"https:\\\/\\\/www.renouvelle.be\\\/fr\\\/?s={search_term_string}\"},\"query-input\":{\"@type\":\"PropertyValueSpecification\",\"valueRequired\":true,\"valueName\":\"search_term_string\"}}],\"inLanguage\":\"fr-FR\"},{\"@type\":\"Person\",\"@id\":\"https:\\\/\\\/www.renouvelle.be\\\/fr\\\/#\\\/schema\\\/person\\\/9d743366fb269eeceaa8d60e98d289d3\",\"name\":\"Samuel Alves\",\"url\":\"https:\\\/\\\/www.renouvelle.be\\\/fr\\\/author\\\/salves\\\/\"}]}<\/script>\n<!-- \/ Yoast SEO plugin. -->","yoast_head_json":{"title":"Pompes \u00e0 chaleur : baisse des ventes en Belgique - Renouvelle","description":"Les ventes de pompes \u00e0 chaleur sont en bernes en Belgique accusant une diminution de 50% pour le premier semestre 2024.","robots":{"index":"index","follow":"follow","max-snippet":"max-snippet:-1","max-image-preview":"max-image-preview:large","max-video-preview":"max-video-preview:-1"},"canonical":"https:\/\/www.renouvelle.be\/fr\/pompes-a-chaleur-baisse-des-ventes-en-belgique\/","og_locale":"fr_FR","og_type":"article","og_title":"Pompes \u00e0 chaleur : baisse des ventes en Belgique - Renouvelle","og_description":"Les ventes de pompes \u00e0 chaleur sont en bernes en Belgique accusant une diminution de 50% pour le premier semestre 2024.","og_url":"https:\/\/www.renouvelle.be\/fr\/pompes-a-chaleur-baisse-des-ventes-en-belgique\/","og_site_name":"Renouvelle","article_published_time":"2024-09-17T13:39:16+00:00","article_modified_time":"2024-10-03T07:27:32+00:00","og_image":[{"width":2121,"height":1261,"url":"https:\/\/www.renouvelle.be\/wp-content\/uploads\/2024\/09\/iStock-1534547367-e1726579284233.jpg","type":"image\/jpeg"}],"author":"Samuel Alves","twitter_card":"summary_large_image","schema":{"@context":"https:\/\/schema.org","@graph":[{"@type":"Article","@id":"https:\/\/www.renouvelle.be\/fr\/pompes-a-chaleur-baisse-des-ventes-en-belgique\/#article","isPartOf":{"@id":"https:\/\/www.renouvelle.be\/fr\/pompes-a-chaleur-baisse-des-ventes-en-belgique\/"},"author":{"name":"Samuel Alves","@id":"https:\/\/www.renouvelle.be\/fr\/#\/schema\/person\/9d743366fb269eeceaa8d60e98d289d3"},"headline":"Pompes \u00e0 chaleur : baisse des ventes en Belgique","datePublished":"2024-09-17T13:39:16+00:00","dateModified":"2024-10-03T07:27:32+00:00","mainEntityOfPage":{"@id":"https:\/\/www.renouvelle.be\/fr\/pompes-a-chaleur-baisse-des-ventes-en-belgique\/"},"wordCount":372,"image":{"@id":"https:\/\/www.renouvelle.be\/fr\/pompes-a-chaleur-baisse-des-ventes-en-belgique\/#primaryimage"},"thumbnailUrl":"https:\/\/www.renouvelle.be\/wp-content\/uploads\/2024\/09\/iStock-1534547367-e1726579284233.jpg","articleSection":["Actualit\u00e9 en Belgique"],"inLanguage":"fr-FR"},{"@type":"WebPage","@id":"https:\/\/www.renouvelle.be\/fr\/pompes-a-chaleur-baisse-des-ventes-en-belgique\/","url":"https:\/\/www.renouvelle.be\/fr\/pompes-a-chaleur-baisse-des-ventes-en-belgique\/","name":"Pompes \u00e0 chaleur : baisse des ventes en Belgique - Renouvelle","isPartOf":{"@id":"https:\/\/www.renouvelle.be\/fr\/#website"},"primaryImageOfPage":{"@id":"https:\/\/www.renouvelle.be\/fr\/pompes-a-chaleur-baisse-des-ventes-en-belgique\/#primaryimage"},"image":{"@id":"https:\/\/www.renouvelle.be\/fr\/pompes-a-chaleur-baisse-des-ventes-en-belgique\/#primaryimage"},"thumbnailUrl":"https:\/\/www.renouvelle.be\/wp-content\/uploads\/2024\/09\/iStock-1534547367-e1726579284233.jpg","datePublished":"2024-09-17T13:39:16+00:00","dateModified":"2024-10-03T07:27:32+00:00","author":{"@id":"https:\/\/www.renouvelle.be\/fr\/#\/schema\/person\/9d743366fb269eeceaa8d60e98d289d3"},"description":"Les ventes de pompes \u00e0 chaleur sont en bernes en Belgique accusant une diminution de 50% pour le premier semestre 2024.","breadcrumb":{"@id":"https:\/\/www.renouvelle.be\/fr\/pompes-a-chaleur-baisse-des-ventes-en-belgique\/#breadcrumb"},"inLanguage":"fr-FR","potentialAction":[{"@type":"ReadAction","target":["https:\/\/www.renouvelle.be\/fr\/pompes-a-chaleur-baisse-des-ventes-en-belgique\/"]}]},{"@type":"ImageObject","inLanguage":"fr-FR","@id":"https:\/\/www.renouvelle.be\/fr\/pompes-a-chaleur-baisse-des-ventes-en-belgique\/#primaryimage","url":"https:\/\/www.renouvelle.be\/wp-content\/uploads\/2024\/09\/iStock-1534547367-e1726579284233.jpg","contentUrl":"https:\/\/www.renouvelle.be\/wp-content\/uploads\/2024\/09\/iStock-1534547367-e1726579284233.jpg","width":2121,"height":1261,"caption":"ventes pompes \u00e0 chaleur"},{"@type":"BreadcrumbList","@id":"https:\/\/www.renouvelle.be\/fr\/pompes-a-chaleur-baisse-des-ventes-en-belgique\/#breadcrumb","itemListElement":[{"@type":"ListItem","position":1,"name":"Accueil","item":"https:\/\/www.renouvelle.be\/fr\/"},{"@type":"ListItem","position":2,"name":"Pompes \u00e0 chaleur : baisse des ventes en Belgique"}]},{"@type":"WebSite","@id":"https:\/\/www.renouvelle.be\/fr\/#website","url":"https:\/\/www.renouvelle.be\/fr\/","name":"Renouvelle","description":"L&#039;actualit\u00e9 de l&#039;\u00e9nergie durable","potentialAction":[{"@type":"SearchAction","target":{"@type":"EntryPoint","urlTemplate":"https:\/\/www.renouvelle.be\/fr\/?s={search_term_string}"},"query-input":{"@type":"PropertyValueSpecification","valueRequired":true,"valueName":"search_term_string"}}],"inLanguage":"fr-FR"},{"@type":"Person","@id":"https:\/\/www.renouvelle.be\/fr\/#\/schema\/person\/9d743366fb269eeceaa8d60e98d289d3","name":"Samuel Alves","url":"https:\/\/www.renouvelle.be\/fr\/author\/salves\/"}]}},"_links":{"self":[{"href":"https:\/\/www.renouvelle.be\/fr\/wp-json\/wp\/v2\/posts\/13687","targetHints":{"allow":["GET"]}}],"collection":[{"href":"https:\/\/www.renouvelle.be\/fr\/wp-json\/wp\/v2\/posts"}],"about":[{"href":"https:\/\/www.renouvelle.be\/fr\/wp-json\/wp\/v2\/types\/post"}],"author":[{"embeddable":true,"href":"https:\/\/www.renouvelle.be\/fr\/wp-json\/wp\/v2\/users\/38"}],"replies":[{"embeddable":true,"href":"https:\/\/www.renouvelle.be\/fr\/wp-json\/wp\/v2\/comments?post=13687"}],"version-history":[{"count":9,"href":"https:\/\/www.renouvelle.be\/fr\/wp-json\/wp\/v2\/posts\/13687\/revisions"}],"predecessor-version":[{"id":13803,"href":"https:\/\/www.renouvelle.be\/fr\/wp-json\/wp\/v2\/posts\/13687\/revisions\/13803"}],"wp:featuredmedia":[{"embeddable":true,"href":"https:\/\/www.renouvelle.be\/fr\/wp-json\/wp\/v2\/media\/13690"}],"wp:attachment":[{"href":"https:\/\/www.renouvelle.be\/fr\/wp-json\/wp\/v2\/media?parent=13687"}],"wp:term":[{"taxonomy":"category","embeddable":true,"href":"https:\/\/www.renouvelle.be\/fr\/wp-json\/wp\/v2\/categories?post=13687"},{"taxonomy":"post_tag","embeddable":true,"href":"https:\/\/www.renouvelle.be\/fr\/wp-json\/wp\/v2\/tags?post=13687"},{"taxonomy":"section","embeddable":true,"href":"https:\/\/www.renouvelle.be\/fr\/wp-json\/wp\/v2\/section?post=13687"}],"curies":[{"name":"wp","href":"https:\/\/api.w.org\/{rel}","templated":true}]}}