{"id":13668,"date":"2024-09-16T11:03:13","date_gmt":"2024-09-16T09:03:13","guid":{"rendered":"https:\/\/www.renouvelle.be\/?p=13668"},"modified":"2024-09-16T11:03:59","modified_gmt":"2024-09-16T09:03:59","slug":"eolien-offshore-appel-offres-pour-la-zone-princesse-elisabeth","status":"publish","type":"post","link":"https:\/\/www.renouvelle.be\/fr\/eolien-offshore-appel-offres-pour-la-zone-princesse-elisabeth\/","title":{"rendered":"\u00c9olien offshore\u00a0: Appel d\u2019offres pour la zone Princesse Elisabeth"},"content":{"rendered":"\n<p>Les \u00e9tapes continuent d&rsquo;\u00eatre franchies pour le d\u00e9ploiement de la zone Princesse Elisabeth. Cette fois-ci, il s&rsquo;agit d&rsquo;un appel d&rsquo;offres pour son premier parc \u00e9olien.<\/p>\n\n\n\n<p>Celui-ci sera lanc\u00e9 le 28 octobre et portera sur une capacit\u00e9 de 700 MW \u00e0 installer pour une production annuelle attendue de 2,6 TWh d\u2019\u00e9lectricit\u00e9 renouvelable.<\/p>\n\n\n\n<p>Les candidats \u00e0 sa construction auront un d\u00e9lai de neuf mois pour soumettre leur dossier, et celui qui remportera le march\u00e9 aura quatre ans pour la construction.<\/p>\n\n\n\n<p>Deux autres parcs \u00e9oliens devraient voir le jour dans <a href=\"https:\/\/www.renouvelle.be\/fr\/la-construction-de-ile-energetique-princesse-elisabeth-a-debute\/\" target=\"_blank\" rel=\"noreferrer noopener\">la zone<\/a> Princesse Elisabeth, pour des capacit\u00e9s install\u00e9es respectives de 1 225 et 1 400 MW. Les ench\u00e8res pour ces derniers seront lanc\u00e9es entre 2026 et 2028.<\/p>\n\n\n\n<p>Grande premi\u00e8re pour la Belgique, ce premier appel d&rsquo;offres contient une obligation de participation citoyenne afin d\u2019impliquer les citoyens dans les communaut\u00e9s d\u2019\u00e9nergie renouvelable.<\/p>\n","protected":false},"excerpt":{"rendered":"<p>Les \u00e9tapes continuent d&rsquo;\u00eatre franchies pour le d\u00e9ploiement de la zone Princesse Elisabeth. Cette fois-ci, il s&rsquo;agit d&rsquo;un appel d&rsquo;offres pour son premier parc \u00e9olien. Celui-ci sera lanc\u00e9 le 28 octobre et portera sur une capacit\u00e9 de 700 MW \u00e0 installer pour une production annuelle attendue de 2,6 TWh d\u2019\u00e9lectricit\u00e9 renouvelable. Les candidats \u00e0 sa construction auront un d\u00e9lai de neuf mois pour soumettre leur dossier, et celui qui remportera le march\u00e9 aura quatre ans pour la construction. Deux autres parcs \u00e9oliens devraient voir le jour dans la zone Princesse Elisabeth, pour des capacit\u00e9s install\u00e9es respectives de 1 225 et 1 400 MW. Les ench\u00e8res pour ces derniers seront lanc\u00e9es entre 2026 et 2028. Grande premi\u00e8re pour la Belgique, ce premier appel d&rsquo;offres contient une obligation de participation citoyenne afin d\u2019impliquer les citoyens dans les communaut\u00e9s d\u2019\u00e9nergie renouvelable.<\/p>\n","protected":false},"author":38,"featured_media":13678,"comment_status":"closed","ping_status":"closed","sticky":false,"template":"","format":"standard","meta":{"_acf_changed":false,"footnotes":""},"categories":[17],"tags":[],"section":[6],"class_list":["post-13668","post","type-post","status-publish","format-standard","has-post-thumbnail","hentry","category-actualite-en-belgique","section-eolien"],"acf":[],"yoast_head":"<!-- This site is optimized with the Yoast SEO plugin v27.5 - https:\/\/yoast.com\/product\/yoast-seo-wordpress\/ -->\n<title>\u00c9olien offshore\u00a0: Appel d\u2019offres pour la zone Princesse Elisabeth - Renouvelle<\/title>\n<meta name=\"description\" content=\"Un appel d&#039;offres pour le premier parc \u00e9olien offshore de la zone Princesse Elisabeth sera lanc\u00e9 le 28 octobre.\" \/>\n<meta name=\"robots\" content=\"index, follow, max-snippet:-1, max-image-preview:large, max-video-preview:-1\" \/>\n<link rel=\"canonical\" href=\"https:\/\/www.renouvelle.be\/fr\/eolien-offshore-appel-offres-pour-la-zone-princesse-elisabeth\/\" \/>\n<meta property=\"og:locale\" content=\"fr_FR\" \/>\n<meta property=\"og:type\" content=\"article\" \/>\n<meta property=\"og:title\" content=\"\u00c9olien offshore\u00a0: Appel d\u2019offres pour la zone Princesse Elisabeth - Renouvelle\" \/>\n<meta property=\"og:description\" content=\"Un appel d&#039;offres pour le premier parc \u00e9olien offshore de la zone Princesse Elisabeth sera lanc\u00e9 le 28 octobre.\" \/>\n<meta property=\"og:url\" content=\"https:\/\/www.renouvelle.be\/fr\/eolien-offshore-appel-offres-pour-la-zone-princesse-elisabeth\/\" \/>\n<meta property=\"og:site_name\" content=\"Renouvelle\" \/>\n<meta property=\"article:published_time\" content=\"2024-09-16T09:03:13+00:00\" \/>\n<meta property=\"article:modified_time\" content=\"2024-09-16T09:03:59+00:00\" \/>\n<meta property=\"og:image\" content=\"https:\/\/www.renouvelle.be\/wp-content\/uploads\/2024\/09\/iStock-1460136934-e1726476854232.jpg\" \/>\n\t<meta property=\"og:image:width\" content=\"2121\" \/>\n\t<meta property=\"og:image:height\" content=\"1205\" \/>\n\t<meta property=\"og:image:type\" content=\"image\/jpeg\" \/>\n<meta name=\"author\" content=\"Samuel Alves\" \/>\n<meta name=\"twitter:card\" content=\"summary_large_image\" \/>\n<script type=\"application\/ld+json\" class=\"yoast-schema-graph\">{\"@context\":\"https:\\\/\\\/schema.org\",\"@graph\":[{\"@type\":\"Article\",\"@id\":\"https:\\\/\\\/www.renouvelle.be\\\/fr\\\/eolien-offshore-appel-offres-pour-la-zone-princesse-elisabeth\\\/#article\",\"isPartOf\":{\"@id\":\"https:\\\/\\\/www.renouvelle.be\\\/fr\\\/eolien-offshore-appel-offres-pour-la-zone-princesse-elisabeth\\\/\"},\"author\":{\"name\":\"Samuel Alves\",\"@id\":\"https:\\\/\\\/www.renouvelle.be\\\/fr\\\/#\\\/schema\\\/person\\\/9d743366fb269eeceaa8d60e98d289d3\"},\"headline\":\"\u00c9olien offshore\u00a0: Appel d\u2019offres pour la zone Princesse Elisabeth\",\"datePublished\":\"2024-09-16T09:03:13+00:00\",\"dateModified\":\"2024-09-16T09:03:59+00:00\",\"mainEntityOfPage\":{\"@id\":\"https:\\\/\\\/www.renouvelle.be\\\/fr\\\/eolien-offshore-appel-offres-pour-la-zone-princesse-elisabeth\\\/\"},\"wordCount\":153,\"image\":{\"@id\":\"https:\\\/\\\/www.renouvelle.be\\\/fr\\\/eolien-offshore-appel-offres-pour-la-zone-princesse-elisabeth\\\/#primaryimage\"},\"thumbnailUrl\":\"https:\\\/\\\/www.renouvelle.be\\\/wp-content\\\/uploads\\\/2024\\\/09\\\/iStock-1460136934-e1726476854232.jpg\",\"articleSection\":[\"Actualit\u00e9 en Belgique\"],\"inLanguage\":\"fr-FR\"},{\"@type\":\"WebPage\",\"@id\":\"https:\\\/\\\/www.renouvelle.be\\\/fr\\\/eolien-offshore-appel-offres-pour-la-zone-princesse-elisabeth\\\/\",\"url\":\"https:\\\/\\\/www.renouvelle.be\\\/fr\\\/eolien-offshore-appel-offres-pour-la-zone-princesse-elisabeth\\\/\",\"name\":\"\u00c9olien offshore\u00a0: Appel d\u2019offres pour la zone Princesse Elisabeth - Renouvelle\",\"isPartOf\":{\"@id\":\"https:\\\/\\\/www.renouvelle.be\\\/fr\\\/#website\"},\"primaryImageOfPage\":{\"@id\":\"https:\\\/\\\/www.renouvelle.be\\\/fr\\\/eolien-offshore-appel-offres-pour-la-zone-princesse-elisabeth\\\/#primaryimage\"},\"image\":{\"@id\":\"https:\\\/\\\/www.renouvelle.be\\\/fr\\\/eolien-offshore-appel-offres-pour-la-zone-princesse-elisabeth\\\/#primaryimage\"},\"thumbnailUrl\":\"https:\\\/\\\/www.renouvelle.be\\\/wp-content\\\/uploads\\\/2024\\\/09\\\/iStock-1460136934-e1726476854232.jpg\",\"datePublished\":\"2024-09-16T09:03:13+00:00\",\"dateModified\":\"2024-09-16T09:03:59+00:00\",\"author\":{\"@id\":\"https:\\\/\\\/www.renouvelle.be\\\/fr\\\/#\\\/schema\\\/person\\\/9d743366fb269eeceaa8d60e98d289d3\"},\"description\":\"Un appel d'offres pour le premier parc \u00e9olien offshore de la zone Princesse Elisabeth sera lanc\u00e9 le 28 octobre.\",\"breadcrumb\":{\"@id\":\"https:\\\/\\\/www.renouvelle.be\\\/fr\\\/eolien-offshore-appel-offres-pour-la-zone-princesse-elisabeth\\\/#breadcrumb\"},\"inLanguage\":\"fr-FR\",\"potentialAction\":[{\"@type\":\"ReadAction\",\"target\":[\"https:\\\/\\\/www.renouvelle.be\\\/fr\\\/eolien-offshore-appel-offres-pour-la-zone-princesse-elisabeth\\\/\"]}]},{\"@type\":\"ImageObject\",\"inLanguage\":\"fr-FR\",\"@id\":\"https:\\\/\\\/www.renouvelle.be\\\/fr\\\/eolien-offshore-appel-offres-pour-la-zone-princesse-elisabeth\\\/#primaryimage\",\"url\":\"https:\\\/\\\/www.renouvelle.be\\\/wp-content\\\/uploads\\\/2024\\\/09\\\/iStock-1460136934-e1726476854232.jpg\",\"contentUrl\":\"https:\\\/\\\/www.renouvelle.be\\\/wp-content\\\/uploads\\\/2024\\\/09\\\/iStock-1460136934-e1726476854232.jpg\",\"width\":2121,\"height\":1205,\"caption\":\"zone princesse elisabeth\"},{\"@type\":\"BreadcrumbList\",\"@id\":\"https:\\\/\\\/www.renouvelle.be\\\/fr\\\/eolien-offshore-appel-offres-pour-la-zone-princesse-elisabeth\\\/#breadcrumb\",\"itemListElement\":[{\"@type\":\"ListItem\",\"position\":1,\"name\":\"Accueil\",\"item\":\"https:\\\/\\\/www.renouvelle.be\\\/fr\\\/\"},{\"@type\":\"ListItem\",\"position\":2,\"name\":\"\u00c9olien offshore\u00a0: Appel d\u2019offres pour la zone Princesse Elisabeth\"}]},{\"@type\":\"WebSite\",\"@id\":\"https:\\\/\\\/www.renouvelle.be\\\/fr\\\/#website\",\"url\":\"https:\\\/\\\/www.renouvelle.be\\\/fr\\\/\",\"name\":\"Renouvelle\",\"description\":\"L&#039;actualit\u00e9 de l&#039;\u00e9nergie durable\",\"potentialAction\":[{\"@type\":\"SearchAction\",\"target\":{\"@type\":\"EntryPoint\",\"urlTemplate\":\"https:\\\/\\\/www.renouvelle.be\\\/fr\\\/?s={search_term_string}\"},\"query-input\":{\"@type\":\"PropertyValueSpecification\",\"valueRequired\":true,\"valueName\":\"search_term_string\"}}],\"inLanguage\":\"fr-FR\"},{\"@type\":\"Person\",\"@id\":\"https:\\\/\\\/www.renouvelle.be\\\/fr\\\/#\\\/schema\\\/person\\\/9d743366fb269eeceaa8d60e98d289d3\",\"name\":\"Samuel Alves\",\"url\":\"https:\\\/\\\/www.renouvelle.be\\\/fr\\\/author\\\/salves\\\/\"}]}<\/script>\n<!-- \/ Yoast SEO plugin. -->","yoast_head_json":{"title":"\u00c9olien offshore\u00a0: Appel d\u2019offres pour la zone Princesse Elisabeth - Renouvelle","description":"Un appel d'offres pour le premier parc \u00e9olien offshore de la zone Princesse Elisabeth sera lanc\u00e9 le 28 octobre.","robots":{"index":"index","follow":"follow","max-snippet":"max-snippet:-1","max-image-preview":"max-image-preview:large","max-video-preview":"max-video-preview:-1"},"canonical":"https:\/\/www.renouvelle.be\/fr\/eolien-offshore-appel-offres-pour-la-zone-princesse-elisabeth\/","og_locale":"fr_FR","og_type":"article","og_title":"\u00c9olien offshore\u00a0: Appel d\u2019offres pour la zone Princesse Elisabeth - Renouvelle","og_description":"Un appel d'offres pour le premier parc \u00e9olien offshore de la zone Princesse Elisabeth sera lanc\u00e9 le 28 octobre.","og_url":"https:\/\/www.renouvelle.be\/fr\/eolien-offshore-appel-offres-pour-la-zone-princesse-elisabeth\/","og_site_name":"Renouvelle","article_published_time":"2024-09-16T09:03:13+00:00","article_modified_time":"2024-09-16T09:03:59+00:00","og_image":[{"width":2121,"height":1205,"url":"https:\/\/www.renouvelle.be\/wp-content\/uploads\/2024\/09\/iStock-1460136934-e1726476854232.jpg","type":"image\/jpeg"}],"author":"Samuel Alves","twitter_card":"summary_large_image","schema":{"@context":"https:\/\/schema.org","@graph":[{"@type":"Article","@id":"https:\/\/www.renouvelle.be\/fr\/eolien-offshore-appel-offres-pour-la-zone-princesse-elisabeth\/#article","isPartOf":{"@id":"https:\/\/www.renouvelle.be\/fr\/eolien-offshore-appel-offres-pour-la-zone-princesse-elisabeth\/"},"author":{"name":"Samuel Alves","@id":"https:\/\/www.renouvelle.be\/fr\/#\/schema\/person\/9d743366fb269eeceaa8d60e98d289d3"},"headline":"\u00c9olien offshore\u00a0: Appel d\u2019offres pour la zone Princesse Elisabeth","datePublished":"2024-09-16T09:03:13+00:00","dateModified":"2024-09-16T09:03:59+00:00","mainEntityOfPage":{"@id":"https:\/\/www.renouvelle.be\/fr\/eolien-offshore-appel-offres-pour-la-zone-princesse-elisabeth\/"},"wordCount":153,"image":{"@id":"https:\/\/www.renouvelle.be\/fr\/eolien-offshore-appel-offres-pour-la-zone-princesse-elisabeth\/#primaryimage"},"thumbnailUrl":"https:\/\/www.renouvelle.be\/wp-content\/uploads\/2024\/09\/iStock-1460136934-e1726476854232.jpg","articleSection":["Actualit\u00e9 en Belgique"],"inLanguage":"fr-FR"},{"@type":"WebPage","@id":"https:\/\/www.renouvelle.be\/fr\/eolien-offshore-appel-offres-pour-la-zone-princesse-elisabeth\/","url":"https:\/\/www.renouvelle.be\/fr\/eolien-offshore-appel-offres-pour-la-zone-princesse-elisabeth\/","name":"\u00c9olien offshore\u00a0: Appel d\u2019offres pour la zone Princesse Elisabeth - Renouvelle","isPartOf":{"@id":"https:\/\/www.renouvelle.be\/fr\/#website"},"primaryImageOfPage":{"@id":"https:\/\/www.renouvelle.be\/fr\/eolien-offshore-appel-offres-pour-la-zone-princesse-elisabeth\/#primaryimage"},"image":{"@id":"https:\/\/www.renouvelle.be\/fr\/eolien-offshore-appel-offres-pour-la-zone-princesse-elisabeth\/#primaryimage"},"thumbnailUrl":"https:\/\/www.renouvelle.be\/wp-content\/uploads\/2024\/09\/iStock-1460136934-e1726476854232.jpg","datePublished":"2024-09-16T09:03:13+00:00","dateModified":"2024-09-16T09:03:59+00:00","author":{"@id":"https:\/\/www.renouvelle.be\/fr\/#\/schema\/person\/9d743366fb269eeceaa8d60e98d289d3"},"description":"Un appel d'offres pour le premier parc \u00e9olien offshore de la zone Princesse Elisabeth sera lanc\u00e9 le 28 octobre.","breadcrumb":{"@id":"https:\/\/www.renouvelle.be\/fr\/eolien-offshore-appel-offres-pour-la-zone-princesse-elisabeth\/#breadcrumb"},"inLanguage":"fr-FR","potentialAction":[{"@type":"ReadAction","target":["https:\/\/www.renouvelle.be\/fr\/eolien-offshore-appel-offres-pour-la-zone-princesse-elisabeth\/"]}]},{"@type":"ImageObject","inLanguage":"fr-FR","@id":"https:\/\/www.renouvelle.be\/fr\/eolien-offshore-appel-offres-pour-la-zone-princesse-elisabeth\/#primaryimage","url":"https:\/\/www.renouvelle.be\/wp-content\/uploads\/2024\/09\/iStock-1460136934-e1726476854232.jpg","contentUrl":"https:\/\/www.renouvelle.be\/wp-content\/uploads\/2024\/09\/iStock-1460136934-e1726476854232.jpg","width":2121,"height":1205,"caption":"zone princesse elisabeth"},{"@type":"BreadcrumbList","@id":"https:\/\/www.renouvelle.be\/fr\/eolien-offshore-appel-offres-pour-la-zone-princesse-elisabeth\/#breadcrumb","itemListElement":[{"@type":"ListItem","position":1,"name":"Accueil","item":"https:\/\/www.renouvelle.be\/fr\/"},{"@type":"ListItem","position":2,"name":"\u00c9olien offshore\u00a0: Appel d\u2019offres pour la zone Princesse Elisabeth"}]},{"@type":"WebSite","@id":"https:\/\/www.renouvelle.be\/fr\/#website","url":"https:\/\/www.renouvelle.be\/fr\/","name":"Renouvelle","description":"L&#039;actualit\u00e9 de l&#039;\u00e9nergie durable","potentialAction":[{"@type":"SearchAction","target":{"@type":"EntryPoint","urlTemplate":"https:\/\/www.renouvelle.be\/fr\/?s={search_term_string}"},"query-input":{"@type":"PropertyValueSpecification","valueRequired":true,"valueName":"search_term_string"}}],"inLanguage":"fr-FR"},{"@type":"Person","@id":"https:\/\/www.renouvelle.be\/fr\/#\/schema\/person\/9d743366fb269eeceaa8d60e98d289d3","name":"Samuel Alves","url":"https:\/\/www.renouvelle.be\/fr\/author\/salves\/"}]}},"_links":{"self":[{"href":"https:\/\/www.renouvelle.be\/fr\/wp-json\/wp\/v2\/posts\/13668","targetHints":{"allow":["GET"]}}],"collection":[{"href":"https:\/\/www.renouvelle.be\/fr\/wp-json\/wp\/v2\/posts"}],"about":[{"href":"https:\/\/www.renouvelle.be\/fr\/wp-json\/wp\/v2\/types\/post"}],"author":[{"embeddable":true,"href":"https:\/\/www.renouvelle.be\/fr\/wp-json\/wp\/v2\/users\/38"}],"replies":[{"embeddable":true,"href":"https:\/\/www.renouvelle.be\/fr\/wp-json\/wp\/v2\/comments?post=13668"}],"version-history":[{"count":9,"href":"https:\/\/www.renouvelle.be\/fr\/wp-json\/wp\/v2\/posts\/13668\/revisions"}],"predecessor-version":[{"id":13684,"href":"https:\/\/www.renouvelle.be\/fr\/wp-json\/wp\/v2\/posts\/13668\/revisions\/13684"}],"wp:featuredmedia":[{"embeddable":true,"href":"https:\/\/www.renouvelle.be\/fr\/wp-json\/wp\/v2\/media\/13678"}],"wp:attachment":[{"href":"https:\/\/www.renouvelle.be\/fr\/wp-json\/wp\/v2\/media?parent=13668"}],"wp:term":[{"taxonomy":"category","embeddable":true,"href":"https:\/\/www.renouvelle.be\/fr\/wp-json\/wp\/v2\/categories?post=13668"},{"taxonomy":"post_tag","embeddable":true,"href":"https:\/\/www.renouvelle.be\/fr\/wp-json\/wp\/v2\/tags?post=13668"},{"taxonomy":"section","embeddable":true,"href":"https:\/\/www.renouvelle.be\/fr\/wp-json\/wp\/v2\/section?post=13668"}],"curies":[{"name":"wp","href":"https:\/\/api.w.org\/{rel}","templated":true}]}}