{"id":13634,"date":"2024-09-12T13:57:01","date_gmt":"2024-09-12T11:57:01","guid":{"rendered":"https:\/\/www.renouvelle.be\/?p=13634"},"modified":"2024-09-12T14:00:35","modified_gmt":"2024-09-12T12:00:35","slug":"mines-de-lithium-en-europe-casse-tete-de-la-transition-energetique","status":"publish","type":"post","link":"https:\/\/www.renouvelle.be\/fr\/mines-de-lithium-en-europe-casse-tete-de-la-transition-energetique\/","title":{"rendered":"Mines de lithium en Europe : casse-t\u00eate de la transition \u00e9nerg\u00e9tique"},"content":{"rendered":"\n<p>Le lithium, essentiel \u00e0 la fabrication des batteries pour ordinateurs portables, smartphones et surtout pour les v\u00e9hicules \u00e9lectriques, joue un r\u00f4le cl\u00e9 dans l&rsquo;\u00e9lectrification du secteur des transports, l&rsquo;un des plus polluants. Actuellement, la majorit\u00e9 des r\u00e9serves exploit\u00e9es de lithium se trouvent en Am\u00e9rique du Sud, avec une large emprise de la Chine sur la cha\u00eene de valeur.<\/p>\n\n\n\n<p>Pour r\u00e9duire sa d\u00e9pendance \u00e0 des pays tiers, l\u2019Europe s\u2019est donc dot\u00e9e d\u2019une <a href=\"https:\/\/www.consilium.europa.eu\/fr\/infographics\/critical-raw-materials\/\" target=\"_blank\" rel=\"noreferrer noopener\">l\u00e9gislation<\/a> sur les mat\u00e9riaux critiques afin d\u2019en diversifier les approvisionnements. D&rsquo;ici \u00e0 2030, l&rsquo;Europe vise \u00e0 utiliser chaque ann\u00e9e, pour sa consommation, au moins 10 % de min\u00e9raux extraits localement, 40 % transform\u00e9s au sein de l&rsquo;Union europ\u00e9enne et 25 % de mat\u00e9riaux recycl\u00e9s. Aucun pays tiers ne pourra fournir plus de 65 % de la consommation annuelle d&rsquo;un de ces mat\u00e9riaux.<\/p>\n\n\n\n<h2 class=\"wp-block-heading\"><strong>Des mines de lithium en Europe<\/strong><\/h2>\n\n\n\n<p>Plusieurs mines de lithium pourraient \u00eatre potentiellement exploit\u00e9es en Europe, comme au Portugal, qui dispose de l&rsquo;une des plus grandes ressources du continent. Situ\u00e9e dans le nord du Portugal, la mine de Barroso, exploit\u00e9e par l\u2019entreprise britannique Savannah Resources, devrait fournir annuellement de quoi fabriquer les batteries de 500 000 v\u00e9hicules \u00e9lectriques. Appuy\u00e9e par une autorisation (sous conditions) de l\u2019Agence portugaise pour l\u2019environnement, Savannah Resources assure faire attention \u00e0 l\u2019impact environnemental de ses activit\u00e9s. Mais cela ne suffit pas \u00e0 apaiser les craintes des habitants, qui s\u2019inqui\u00e8tent des cons\u00e9quences que pourrait entra\u00eener l\u2019extraction et s\u2019opposent \u00e0 l\u2019avanc\u00e9e du chantier.<\/p>\n\n\n\n<p>Les m\u00eames inqui\u00e9tudes se cristallisent autour de projets de mines de lithium en France, comme celui appel\u00e9 Emili, \u00e0 \u00c9chassi\u00e8res dans l\u2019Allier. C\u2019est la soci\u00e9t\u00e9 fran\u00e7aise Imerys qui a la charge de son exploitation et pourrait fournir, ici, de quoi fabriquer annuellement 700 000 batteries de voitures \u00e9lectriques pendant 25 ans.<\/p>\n\n\n\n<p>En Serbie, la vall\u00e9e du Jadar devrait bel et bien accueillir une mine g\u00e9ante apr\u00e8s deux ans de blocage du projet. Capable d\u2019alimenter les besoins en lithium de toute l\u2019Europe, le gouvernement serbe a rendu sa d\u00e9cision finale \u00e0 la mi-juillet. Une occasion que l\u2019UE n\u2019a pas manqu\u00e9 de saisir en signant, avec la Serbie, un partenariat sur l\u2019approvisionnement de mati\u00e8res premi\u00e8res strat\u00e9giques. Mais l\u2019extraction, qui sera conduite par l\u2019anglo-australien Rio Tinto, continue de faire face \u00e0 une forte opposition populaire, inqui\u00e8te des agissements pass\u00e9s de ladite entreprise, peu respectueuse des cons\u00e9quences de ses activit\u00e9s sur l\u2019environnement.<\/p>\n\n\n\n<p>Ces cas de figure illustrent bien certains paradoxes de la transition \u00e9nerg\u00e9tique : nous voulons moins d\u2019\u00e9nergies fossiles, mais pas d\u2019infrastructures pour les \u00e9nergies renouvelables dans notre champ visuel ; nous avons besoin de <a href=\"https:\/\/www.renouvelle.be\/fr\/voyage-au-coeur-de-nos-energies-renouvelables\/\" target=\"_blank\" rel=\"noreferrer noopener\">mat\u00e9riaux strat\u00e9giques<\/a> en Europe, mais nous voudrions laisser le poids de leur exploitation sur les \u00e9paules d\u2019autres zones g\u00e9ographiques beaucoup moins regardantes sur les impacts environnementaux\u2026<\/p>\n\n\n\n<p>En ce qui concerne la transition \u00e9nerg\u00e9tique, ne devrions-nous pas prendre conscience que tout ne sera pas parfait tout de suite dans la \u00ab recentralisation \u00bb europ\u00e9enne ? Est-ce qu&rsquo;en laissant les choses trop tra\u00eener, dans l\u2019attente constante de LA solution parfaite, ne risquons-nous pas de le payer plus cher dans le futur ?<\/p>\n\n\n\n<p>Et si nous nous concentrions alors sur des alternatives plus respectueuses de l\u2019environnement, comme le lithium g\u00e9othermal ? Encore \u00e9mergente, sa captation pourrait pourtant r\u00e9pondre en partie aux besoins de l\u2019Europe, tout en \u00e9vitant un impact aussi important que les mines classiques.<\/p>\n\n\n\n<p>Renouvelle vous en parle <a href=\"https:\/\/www.renouvelle.be\/fr\/le-lithium-geothermal-pour-repondre-aux-besoins-europeens\/\" target=\"_blank\" rel=\"noreferrer noopener\">ici<\/a>, dans le second article de notre th\u00e9matique sur le lithium europ\u00e9en.<\/p>\n\n\n\n<p><\/p>\n","protected":false},"excerpt":{"rendered":"<p>Le lithium, essentiel \u00e0 la fabrication des batteries pour ordinateurs portables, smartphones et surtout pour les v\u00e9hicules \u00e9lectriques, joue un r\u00f4le cl\u00e9 dans l&rsquo;\u00e9lectrification du secteur des transports, l&rsquo;un des plus polluants. Actuellement, la majorit\u00e9 des r\u00e9serves exploit\u00e9es de lithium se trouvent en Am\u00e9rique du Sud, avec une large emprise de la Chine sur la cha\u00eene de valeur. Pour r\u00e9duire sa d\u00e9pendance \u00e0 des pays tiers, l\u2019Europe s\u2019est donc dot\u00e9e d\u2019une l\u00e9gislation sur les mat\u00e9riaux critiques afin d\u2019en diversifier les approvisionnements. D&rsquo;ici \u00e0 2030, l&rsquo;Europe vise \u00e0 utiliser chaque ann\u00e9e, pour sa consommation, au moins 10 % de min\u00e9raux extraits localement, 40 % transform\u00e9s au sein de l&rsquo;Union europ\u00e9enne et 25 % de mat\u00e9riaux recycl\u00e9s. Aucun pays tiers ne pourra fournir plus de 65 % de la consommation annuelle d&rsquo;un de ces mat\u00e9riaux. Des mines de lithium en Europe Plusieurs mines de lithium pourraient \u00eatre potentiellement exploit\u00e9es en Europe, comme au Portugal, qui dispose de l&rsquo;une des plus grandes ressources du continent. Situ\u00e9e dans le nord du Portugal, la mine de Barroso, exploit\u00e9e par l\u2019entreprise britannique Savannah Resources, devrait fournir annuellement de quoi fabriquer les batteries de 500 000 v\u00e9hicules \u00e9lectriques. Appuy\u00e9e par une autorisation (sous conditions) de l\u2019Agence portugaise pour l\u2019environnement, Savannah Resources assure faire attention \u00e0 l\u2019impact environnemental de ses activit\u00e9s. Mais cela ne suffit pas \u00e0 apaiser les craintes des habitants, qui s\u2019inqui\u00e8tent des cons\u00e9quences que pourrait entra\u00eener l\u2019extraction et s\u2019opposent \u00e0 l\u2019avanc\u00e9e du chantier. Les m\u00eames inqui\u00e9tudes se cristallisent autour de projets de mines de lithium en France, comme celui appel\u00e9 Emili, \u00e0 \u00c9chassi\u00e8res dans l\u2019Allier. C\u2019est la soci\u00e9t\u00e9 fran\u00e7aise Imerys qui a la charge de son exploitation et pourrait fournir, ici, de quoi fabriquer annuellement 700 000 batteries de voitures \u00e9lectriques pendant 25 ans. En &hellip; <a href=\"https:\/\/www.renouvelle.be\/fr\/mines-de-lithium-en-europe-casse-tete-de-la-transition-energetique\/\" class=\"more-link\">Continue reading<span class=\"screen-reader-text\"> \u00ab\u00a0Mines de lithium en Europe : casse-t\u00eate de la transition \u00e9nerg\u00e9tique\u00a0\u00bb<\/span><\/a><\/p>\n","protected":false},"author":38,"featured_media":13640,"comment_status":"closed","ping_status":"closed","sticky":false,"template":"","format":"standard","meta":{"_acf_changed":false,"footnotes":""},"categories":[18],"tags":[],"section":[8],"class_list":["post-13634","post","type-post","status-publish","format-standard","has-post-thumbnail","hentry","category-actualite-internationale","section-energie-renouvelables"],"acf":[],"yoast_head":"<!-- This site is optimized with the Yoast SEO plugin v27.5 - https:\/\/yoast.com\/product\/yoast-seo-wordpress\/ -->\n<title>Mines de lithium en Europe : casse-t\u00eate de la transition \u00e9nerg\u00e9tique - Renouvelle<\/title>\n<meta name=\"description\" content=\"Des projets de mines de lithium en Europe commencent \u00e0 voir le jour. Comment concilier ce besoin avec respect environnemental ?\" \/>\n<meta name=\"robots\" content=\"index, follow, max-snippet:-1, max-image-preview:large, max-video-preview:-1\" \/>\n<link rel=\"canonical\" href=\"https:\/\/www.renouvelle.be\/fr\/mines-de-lithium-en-europe-casse-tete-de-la-transition-energetique\/\" \/>\n<meta property=\"og:locale\" content=\"fr_FR\" \/>\n<meta property=\"og:type\" content=\"article\" \/>\n<meta property=\"og:title\" content=\"Mines de lithium en Europe : casse-t\u00eate de la transition \u00e9nerg\u00e9tique - Renouvelle\" \/>\n<meta property=\"og:description\" content=\"Des projets de mines de lithium en Europe commencent \u00e0 voir le jour. Comment concilier ce besoin avec respect environnemental ?\" \/>\n<meta property=\"og:url\" content=\"https:\/\/www.renouvelle.be\/fr\/mines-de-lithium-en-europe-casse-tete-de-la-transition-energetique\/\" \/>\n<meta property=\"og:site_name\" content=\"Renouvelle\" \/>\n<meta property=\"article:published_time\" content=\"2024-09-12T11:57:01+00:00\" \/>\n<meta property=\"article:modified_time\" content=\"2024-09-12T12:00:35+00:00\" \/>\n<meta property=\"og:image\" content=\"https:\/\/www.renouvelle.be\/wp-content\/uploads\/2024\/09\/iStock-1399804143-e1726130746738.jpg\" \/>\n\t<meta property=\"og:image:width\" content=\"1254\" \/>\n\t<meta property=\"og:image:height\" content=\"739\" \/>\n\t<meta property=\"og:image:type\" content=\"image\/jpeg\" \/>\n<meta name=\"author\" content=\"Samuel Alves\" \/>\n<meta name=\"twitter:card\" content=\"summary_large_image\" \/>\n<script type=\"application\/ld+json\" class=\"yoast-schema-graph\">{\"@context\":\"https:\\\/\\\/schema.org\",\"@graph\":[{\"@type\":\"Article\",\"@id\":\"https:\\\/\\\/www.renouvelle.be\\\/fr\\\/mines-de-lithium-en-europe-casse-tete-de-la-transition-energetique\\\/#article\",\"isPartOf\":{\"@id\":\"https:\\\/\\\/www.renouvelle.be\\\/fr\\\/mines-de-lithium-en-europe-casse-tete-de-la-transition-energetique\\\/\"},\"author\":{\"name\":\"Samuel Alves\",\"@id\":\"https:\\\/\\\/www.renouvelle.be\\\/fr\\\/#\\\/schema\\\/person\\\/9d743366fb269eeceaa8d60e98d289d3\"},\"headline\":\"Mines de lithium en Europe : casse-t\u00eate de la transition \u00e9nerg\u00e9tique\",\"datePublished\":\"2024-09-12T11:57:01+00:00\",\"dateModified\":\"2024-09-12T12:00:35+00:00\",\"mainEntityOfPage\":{\"@id\":\"https:\\\/\\\/www.renouvelle.be\\\/fr\\\/mines-de-lithium-en-europe-casse-tete-de-la-transition-energetique\\\/\"},\"wordCount\":630,\"image\":{\"@id\":\"https:\\\/\\\/www.renouvelle.be\\\/fr\\\/mines-de-lithium-en-europe-casse-tete-de-la-transition-energetique\\\/#primaryimage\"},\"thumbnailUrl\":\"https:\\\/\\\/www.renouvelle.be\\\/wp-content\\\/uploads\\\/2024\\\/09\\\/iStock-1399804143-e1726130746738.jpg\",\"articleSection\":[\"Actualit\u00e9 internationale\"],\"inLanguage\":\"fr-FR\"},{\"@type\":\"WebPage\",\"@id\":\"https:\\\/\\\/www.renouvelle.be\\\/fr\\\/mines-de-lithium-en-europe-casse-tete-de-la-transition-energetique\\\/\",\"url\":\"https:\\\/\\\/www.renouvelle.be\\\/fr\\\/mines-de-lithium-en-europe-casse-tete-de-la-transition-energetique\\\/\",\"name\":\"Mines de lithium en Europe : casse-t\u00eate de la transition \u00e9nerg\u00e9tique - Renouvelle\",\"isPartOf\":{\"@id\":\"https:\\\/\\\/www.renouvelle.be\\\/fr\\\/#website\"},\"primaryImageOfPage\":{\"@id\":\"https:\\\/\\\/www.renouvelle.be\\\/fr\\\/mines-de-lithium-en-europe-casse-tete-de-la-transition-energetique\\\/#primaryimage\"},\"image\":{\"@id\":\"https:\\\/\\\/www.renouvelle.be\\\/fr\\\/mines-de-lithium-en-europe-casse-tete-de-la-transition-energetique\\\/#primaryimage\"},\"thumbnailUrl\":\"https:\\\/\\\/www.renouvelle.be\\\/wp-content\\\/uploads\\\/2024\\\/09\\\/iStock-1399804143-e1726130746738.jpg\",\"datePublished\":\"2024-09-12T11:57:01+00:00\",\"dateModified\":\"2024-09-12T12:00:35+00:00\",\"author\":{\"@id\":\"https:\\\/\\\/www.renouvelle.be\\\/fr\\\/#\\\/schema\\\/person\\\/9d743366fb269eeceaa8d60e98d289d3\"},\"description\":\"Des projets de mines de lithium en Europe commencent \u00e0 voir le jour. Comment concilier ce besoin avec respect environnemental ?\",\"breadcrumb\":{\"@id\":\"https:\\\/\\\/www.renouvelle.be\\\/fr\\\/mines-de-lithium-en-europe-casse-tete-de-la-transition-energetique\\\/#breadcrumb\"},\"inLanguage\":\"fr-FR\",\"potentialAction\":[{\"@type\":\"ReadAction\",\"target\":[\"https:\\\/\\\/www.renouvelle.be\\\/fr\\\/mines-de-lithium-en-europe-casse-tete-de-la-transition-energetique\\\/\"]}]},{\"@type\":\"ImageObject\",\"inLanguage\":\"fr-FR\",\"@id\":\"https:\\\/\\\/www.renouvelle.be\\\/fr\\\/mines-de-lithium-en-europe-casse-tete-de-la-transition-energetique\\\/#primaryimage\",\"url\":\"https:\\\/\\\/www.renouvelle.be\\\/wp-content\\\/uploads\\\/2024\\\/09\\\/iStock-1399804143-e1726130746738.jpg\",\"contentUrl\":\"https:\\\/\\\/www.renouvelle.be\\\/wp-content\\\/uploads\\\/2024\\\/09\\\/iStock-1399804143-e1726130746738.jpg\",\"width\":1254,\"height\":739,\"caption\":\"mines lithium europe\"},{\"@type\":\"BreadcrumbList\",\"@id\":\"https:\\\/\\\/www.renouvelle.be\\\/fr\\\/mines-de-lithium-en-europe-casse-tete-de-la-transition-energetique\\\/#breadcrumb\",\"itemListElement\":[{\"@type\":\"ListItem\",\"position\":1,\"name\":\"Accueil\",\"item\":\"https:\\\/\\\/www.renouvelle.be\\\/fr\\\/\"},{\"@type\":\"ListItem\",\"position\":2,\"name\":\"Mines de lithium en Europe : casse-t\u00eate de la transition \u00e9nerg\u00e9tique\"}]},{\"@type\":\"WebSite\",\"@id\":\"https:\\\/\\\/www.renouvelle.be\\\/fr\\\/#website\",\"url\":\"https:\\\/\\\/www.renouvelle.be\\\/fr\\\/\",\"name\":\"Renouvelle\",\"description\":\"L&#039;actualit\u00e9 de l&#039;\u00e9nergie durable\",\"potentialAction\":[{\"@type\":\"SearchAction\",\"target\":{\"@type\":\"EntryPoint\",\"urlTemplate\":\"https:\\\/\\\/www.renouvelle.be\\\/fr\\\/?s={search_term_string}\"},\"query-input\":{\"@type\":\"PropertyValueSpecification\",\"valueRequired\":true,\"valueName\":\"search_term_string\"}}],\"inLanguage\":\"fr-FR\"},{\"@type\":\"Person\",\"@id\":\"https:\\\/\\\/www.renouvelle.be\\\/fr\\\/#\\\/schema\\\/person\\\/9d743366fb269eeceaa8d60e98d289d3\",\"name\":\"Samuel Alves\",\"url\":\"https:\\\/\\\/www.renouvelle.be\\\/fr\\\/author\\\/salves\\\/\"}]}<\/script>\n<!-- \/ Yoast SEO plugin. -->","yoast_head_json":{"title":"Mines de lithium en Europe : casse-t\u00eate de la transition \u00e9nerg\u00e9tique - Renouvelle","description":"Des projets de mines de lithium en Europe commencent \u00e0 voir le jour. Comment concilier ce besoin avec respect environnemental ?","robots":{"index":"index","follow":"follow","max-snippet":"max-snippet:-1","max-image-preview":"max-image-preview:large","max-video-preview":"max-video-preview:-1"},"canonical":"https:\/\/www.renouvelle.be\/fr\/mines-de-lithium-en-europe-casse-tete-de-la-transition-energetique\/","og_locale":"fr_FR","og_type":"article","og_title":"Mines de lithium en Europe : casse-t\u00eate de la transition \u00e9nerg\u00e9tique - Renouvelle","og_description":"Des projets de mines de lithium en Europe commencent \u00e0 voir le jour. Comment concilier ce besoin avec respect environnemental ?","og_url":"https:\/\/www.renouvelle.be\/fr\/mines-de-lithium-en-europe-casse-tete-de-la-transition-energetique\/","og_site_name":"Renouvelle","article_published_time":"2024-09-12T11:57:01+00:00","article_modified_time":"2024-09-12T12:00:35+00:00","og_image":[{"width":1254,"height":739,"url":"https:\/\/www.renouvelle.be\/wp-content\/uploads\/2024\/09\/iStock-1399804143-e1726130746738.jpg","type":"image\/jpeg"}],"author":"Samuel Alves","twitter_card":"summary_large_image","schema":{"@context":"https:\/\/schema.org","@graph":[{"@type":"Article","@id":"https:\/\/www.renouvelle.be\/fr\/mines-de-lithium-en-europe-casse-tete-de-la-transition-energetique\/#article","isPartOf":{"@id":"https:\/\/www.renouvelle.be\/fr\/mines-de-lithium-en-europe-casse-tete-de-la-transition-energetique\/"},"author":{"name":"Samuel Alves","@id":"https:\/\/www.renouvelle.be\/fr\/#\/schema\/person\/9d743366fb269eeceaa8d60e98d289d3"},"headline":"Mines de lithium en Europe : casse-t\u00eate de la transition \u00e9nerg\u00e9tique","datePublished":"2024-09-12T11:57:01+00:00","dateModified":"2024-09-12T12:00:35+00:00","mainEntityOfPage":{"@id":"https:\/\/www.renouvelle.be\/fr\/mines-de-lithium-en-europe-casse-tete-de-la-transition-energetique\/"},"wordCount":630,"image":{"@id":"https:\/\/www.renouvelle.be\/fr\/mines-de-lithium-en-europe-casse-tete-de-la-transition-energetique\/#primaryimage"},"thumbnailUrl":"https:\/\/www.renouvelle.be\/wp-content\/uploads\/2024\/09\/iStock-1399804143-e1726130746738.jpg","articleSection":["Actualit\u00e9 internationale"],"inLanguage":"fr-FR"},{"@type":"WebPage","@id":"https:\/\/www.renouvelle.be\/fr\/mines-de-lithium-en-europe-casse-tete-de-la-transition-energetique\/","url":"https:\/\/www.renouvelle.be\/fr\/mines-de-lithium-en-europe-casse-tete-de-la-transition-energetique\/","name":"Mines de lithium en Europe : casse-t\u00eate de la transition \u00e9nerg\u00e9tique - Renouvelle","isPartOf":{"@id":"https:\/\/www.renouvelle.be\/fr\/#website"},"primaryImageOfPage":{"@id":"https:\/\/www.renouvelle.be\/fr\/mines-de-lithium-en-europe-casse-tete-de-la-transition-energetique\/#primaryimage"},"image":{"@id":"https:\/\/www.renouvelle.be\/fr\/mines-de-lithium-en-europe-casse-tete-de-la-transition-energetique\/#primaryimage"},"thumbnailUrl":"https:\/\/www.renouvelle.be\/wp-content\/uploads\/2024\/09\/iStock-1399804143-e1726130746738.jpg","datePublished":"2024-09-12T11:57:01+00:00","dateModified":"2024-09-12T12:00:35+00:00","author":{"@id":"https:\/\/www.renouvelle.be\/fr\/#\/schema\/person\/9d743366fb269eeceaa8d60e98d289d3"},"description":"Des projets de mines de lithium en Europe commencent \u00e0 voir le jour. Comment concilier ce besoin avec respect environnemental ?","breadcrumb":{"@id":"https:\/\/www.renouvelle.be\/fr\/mines-de-lithium-en-europe-casse-tete-de-la-transition-energetique\/#breadcrumb"},"inLanguage":"fr-FR","potentialAction":[{"@type":"ReadAction","target":["https:\/\/www.renouvelle.be\/fr\/mines-de-lithium-en-europe-casse-tete-de-la-transition-energetique\/"]}]},{"@type":"ImageObject","inLanguage":"fr-FR","@id":"https:\/\/www.renouvelle.be\/fr\/mines-de-lithium-en-europe-casse-tete-de-la-transition-energetique\/#primaryimage","url":"https:\/\/www.renouvelle.be\/wp-content\/uploads\/2024\/09\/iStock-1399804143-e1726130746738.jpg","contentUrl":"https:\/\/www.renouvelle.be\/wp-content\/uploads\/2024\/09\/iStock-1399804143-e1726130746738.jpg","width":1254,"height":739,"caption":"mines lithium europe"},{"@type":"BreadcrumbList","@id":"https:\/\/www.renouvelle.be\/fr\/mines-de-lithium-en-europe-casse-tete-de-la-transition-energetique\/#breadcrumb","itemListElement":[{"@type":"ListItem","position":1,"name":"Accueil","item":"https:\/\/www.renouvelle.be\/fr\/"},{"@type":"ListItem","position":2,"name":"Mines de lithium en Europe : casse-t\u00eate de la transition \u00e9nerg\u00e9tique"}]},{"@type":"WebSite","@id":"https:\/\/www.renouvelle.be\/fr\/#website","url":"https:\/\/www.renouvelle.be\/fr\/","name":"Renouvelle","description":"L&#039;actualit\u00e9 de l&#039;\u00e9nergie durable","potentialAction":[{"@type":"SearchAction","target":{"@type":"EntryPoint","urlTemplate":"https:\/\/www.renouvelle.be\/fr\/?s={search_term_string}"},"query-input":{"@type":"PropertyValueSpecification","valueRequired":true,"valueName":"search_term_string"}}],"inLanguage":"fr-FR"},{"@type":"Person","@id":"https:\/\/www.renouvelle.be\/fr\/#\/schema\/person\/9d743366fb269eeceaa8d60e98d289d3","name":"Samuel Alves","url":"https:\/\/www.renouvelle.be\/fr\/author\/salves\/"}]}},"_links":{"self":[{"href":"https:\/\/www.renouvelle.be\/fr\/wp-json\/wp\/v2\/posts\/13634","targetHints":{"allow":["GET"]}}],"collection":[{"href":"https:\/\/www.renouvelle.be\/fr\/wp-json\/wp\/v2\/posts"}],"about":[{"href":"https:\/\/www.renouvelle.be\/fr\/wp-json\/wp\/v2\/types\/post"}],"author":[{"embeddable":true,"href":"https:\/\/www.renouvelle.be\/fr\/wp-json\/wp\/v2\/users\/38"}],"replies":[{"embeddable":true,"href":"https:\/\/www.renouvelle.be\/fr\/wp-json\/wp\/v2\/comments?post=13634"}],"version-history":[{"count":13,"href":"https:\/\/www.renouvelle.be\/fr\/wp-json\/wp\/v2\/posts\/13634\/revisions"}],"predecessor-version":[{"id":13658,"href":"https:\/\/www.renouvelle.be\/fr\/wp-json\/wp\/v2\/posts\/13634\/revisions\/13658"}],"wp:featuredmedia":[{"embeddable":true,"href":"https:\/\/www.renouvelle.be\/fr\/wp-json\/wp\/v2\/media\/13640"}],"wp:attachment":[{"href":"https:\/\/www.renouvelle.be\/fr\/wp-json\/wp\/v2\/media?parent=13634"}],"wp:term":[{"taxonomy":"category","embeddable":true,"href":"https:\/\/www.renouvelle.be\/fr\/wp-json\/wp\/v2\/categories?post=13634"},{"taxonomy":"post_tag","embeddable":true,"href":"https:\/\/www.renouvelle.be\/fr\/wp-json\/wp\/v2\/tags?post=13634"},{"taxonomy":"section","embeddable":true,"href":"https:\/\/www.renouvelle.be\/fr\/wp-json\/wp\/v2\/section?post=13634"}],"curies":[{"name":"wp","href":"https:\/\/api.w.org\/{rel}","templated":true}]}}