{"id":13583,"date":"2024-09-04T14:33:05","date_gmt":"2024-09-04T12:33:05","guid":{"rendered":"https:\/\/www.renouvelle.be\/?p=13583"},"modified":"2024-09-19T15:59:27","modified_gmt":"2024-09-19T13:59:27","slug":"tripler-la-capacite-eolienne-pour-limiter-le-rechauffement-climatique","status":"publish","type":"post","link":"https:\/\/www.renouvelle.be\/fr\/tripler-la-capacite-eolienne-pour-limiter-le-rechauffement-climatique\/","title":{"rendered":"Tripler la capacit\u00e9 \u00e9olienne pour limiter le r\u00e9chauffement climatique"},"content":{"rendered":"\n<p>Lors de la COP28, 133 pays se sont engag\u00e9s \u00e0 tripler la capacit\u00e9 install\u00e9e des \u00e9nergies renouvelables d\u2019ici 2030, dans le but de limiter la hausse des temp\u00e9ratures au-del\u00e0 de 1,5\u00b0C. Le photovolta\u00efque est d\u00e9j\u00e0 en bonne voie si l&rsquo;on en croit l&rsquo;engouement mondial. Mais qu\u2019en est-il sp\u00e9cifiquement de l\u2019\u00e9nergie \u00e9olienne ?<\/p>\n\n\n\n<p>D\u2019apr\u00e8s un r\u00e9cent rapport d\u2019EMBER, un triplement de la capacit\u00e9 \u00e9olienne actuelle sera n\u00e9cessaire pour atteindre l\u2019objectif global. Ce rapport, qui s\u2019appuie sur les pr\u00e9visions de 70 pays et de l\u2019Union europ\u00e9enne (en tant que bloc), montre qu\u2019un doublement de la capacit\u00e9 \u00e9olienne est attendu d\u2019ici 2030.<\/p>\n\n\n\n<p>Mais voil\u00e0, cela ne suffira pas pour respecter la limite de 1,5\u00b0C. Il faudrait passer de 901 GW de capacit\u00e9 \u00e9olienne install\u00e9e \u00e0 2742 GW, l\u2019\u00e9olien repr\u00e9sentant alors un cinqui\u00e8me de la production \u00e9lectrique mondiale. L\u2019Agence internationale de l\u2019\u00e9nergie (IEA) et l\u2019Agence internationale pour les \u00e9nergies renouvelables (IRENA) soulignent ce besoin en estimant qu\u2019une capacit\u00e9 de 11 000 GW en \u00e9nergies renouvelables sera n\u00e9cessaire pour \u00e9viter une hausse des temp\u00e9ratures au-del\u00e0 de la limite fix\u00e9e.<\/p>\n\n\n\n<p>Un triplement de la capacit\u00e9 \u00e9olienne n&rsquo;est toutefois pas totalement hors d&rsquo;atteinte, si l\u2019on consid\u00e8re que le doublement attendu d\u2019ici 2030 devrait porter la capacit\u00e9 \u00e0 2157 GW. Il reste donc un \u00e9cart de 585 GW \u00e0 combler.<\/p>\n\n\n\n<p>Et c\u2019est peut-\u00eatre ce que s\u2019est dit la Chine, puisqu\u2019elle pr\u00e9voit de multiplier par trois sa propre capacit\u00e9 \u00e9olienne, repr\u00e9sentant ainsi 50% de la capacit\u00e9 mondiale. En 2023, la Chine comptabilisait, \u00e0 l\u2019\u00e9chelle mondiale, 66% des nouveaux ajouts onshore et 64% pour l\u2019offshore.<\/p>\n\n\n\n<p>On l\u2019aura donc compris, le reste du monde devra acc\u00e9l\u00e9rer le d\u00e9ploiement de l\u2019\u00e9olien pour ne pas rester \u00e0 la tra\u00eene. Les donn\u00e9es montrent que pour doubler la capacit\u00e9 \u00e9olienne d\u2019ici 2030, il faudra ajouter 163 GW chaque ann\u00e9e, et 246 GW pour atteindre un triplement.<\/p>\n\n\n\n<p>Sur les 51 pays ayant fix\u00e9 des objectifs clairs, seuls 6 devraient les atteindre. L\u2019Union europ\u00e9enne devra quant \u00e0 elle <a href=\"https:\/\/www.renouvelle.be\/fr\/des-vents-favorables-pour-energie-eolienne-en-europe\/\" target=\"_blank\" rel=\"noreferrer noopener\">intensifier les efforts<\/a> pour atteindre son but collectif, m\u00eame si certains de ses membres, comme les Pays-Bas, la Pologne ou encore la Finlande, devraient d\u00e9passer leurs propres objectifs.<\/p>\n\n\n\n<p>Le rapport d&rsquo;EMBER est \u00e0 lire dans son int\u00e9gralit\u00e9 <a href=\"https:\/\/ember-climate.org\/insights\/research\/wind-targets-are-achievable-but-fall-short-of-a-tripling\/\" target=\"_blank\" rel=\"noreferrer noopener\">ici<\/a>.<\/p>\n","protected":false},"excerpt":{"rendered":"<p>Lors de la COP28, 133 pays se sont engag\u00e9s \u00e0 tripler la capacit\u00e9 install\u00e9e des \u00e9nergies renouvelables d\u2019ici 2030, dans le but de limiter la hausse des temp\u00e9ratures au-del\u00e0 de 1,5\u00b0C. Le photovolta\u00efque est d\u00e9j\u00e0 en bonne voie si l&rsquo;on en croit l&rsquo;engouement mondial. Mais qu\u2019en est-il sp\u00e9cifiquement de l\u2019\u00e9nergie \u00e9olienne ? D\u2019apr\u00e8s un r\u00e9cent rapport d\u2019EMBER, un triplement de la capacit\u00e9 \u00e9olienne actuelle sera n\u00e9cessaire pour atteindre l\u2019objectif global. Ce rapport, qui s\u2019appuie sur les pr\u00e9visions de 70 pays et de l\u2019Union europ\u00e9enne (en tant que bloc), montre qu\u2019un doublement de la capacit\u00e9 \u00e9olienne est attendu d\u2019ici 2030. Mais voil\u00e0, cela ne suffira pas pour respecter la limite de 1,5\u00b0C. Il faudrait passer de 901 GW de capacit\u00e9 \u00e9olienne install\u00e9e \u00e0 2742 GW, l\u2019\u00e9olien repr\u00e9sentant alors un cinqui\u00e8me de la production \u00e9lectrique mondiale. L\u2019Agence internationale de l\u2019\u00e9nergie (IEA) et l\u2019Agence internationale pour les \u00e9nergies renouvelables (IRENA) soulignent ce besoin en estimant qu\u2019une capacit\u00e9 de 11 000 GW en \u00e9nergies renouvelables sera n\u00e9cessaire pour \u00e9viter une hausse des temp\u00e9ratures au-del\u00e0 de la limite fix\u00e9e. Un triplement de la capacit\u00e9 \u00e9olienne n&rsquo;est toutefois pas totalement hors d&rsquo;atteinte, si l\u2019on consid\u00e8re que le doublement attendu d\u2019ici 2030 devrait porter la capacit\u00e9 \u00e0 2157 GW. Il reste donc un \u00e9cart de 585 GW \u00e0 combler. Et c\u2019est peut-\u00eatre ce que s\u2019est dit la Chine, puisqu\u2019elle pr\u00e9voit de multiplier par trois sa propre capacit\u00e9 \u00e9olienne, repr\u00e9sentant ainsi 50% de la capacit\u00e9 mondiale. En 2023, la Chine comptabilisait, \u00e0 l\u2019\u00e9chelle mondiale, 66% des nouveaux ajouts onshore et 64% pour l\u2019offshore. On l\u2019aura donc compris, le reste du monde devra acc\u00e9l\u00e9rer le d\u00e9ploiement de l\u2019\u00e9olien pour ne pas rester \u00e0 la tra\u00eene. Les donn\u00e9es montrent que pour doubler la capacit\u00e9 \u00e9olienne d\u2019ici 2030, il faudra ajouter &hellip; <a href=\"https:\/\/www.renouvelle.be\/fr\/tripler-la-capacite-eolienne-pour-limiter-le-rechauffement-climatique\/\" class=\"more-link\">Continue reading<span class=\"screen-reader-text\"> \u00ab\u00a0Tripler la capacit\u00e9 \u00e9olienne pour limiter le r\u00e9chauffement climatique\u00a0\u00bb<\/span><\/a><\/p>\n","protected":false},"author":38,"featured_media":13594,"comment_status":"closed","ping_status":"closed","sticky":false,"template":"","format":"standard","meta":{"_acf_changed":false,"footnotes":""},"categories":[16,18],"tags":[],"section":[8,6],"class_list":["post-13583","post","type-post","status-publish","format-standard","has-post-thumbnail","hentry","category-actualite","category-actualite-internationale","section-energie-renouvelables","section-eolien"],"acf":[],"yoast_head":"<!-- This site is optimized with the Yoast SEO plugin v27.5 - https:\/\/yoast.com\/product\/yoast-seo-wordpress\/ -->\n<title>Tripler la capacit\u00e9 \u00e9olienne pour limiter le r\u00e9chauffement climatique - Renouvelle<\/title>\n<meta name=\"description\" content=\"Pour ne pas d\u00e9passer la limite de 1,5\u00b0C de r\u00e9chauffement plan\u00e9taire d&#039;ici 2030, il faudra tripler la capacit\u00e9 \u00e9olienne.\" \/>\n<meta name=\"robots\" content=\"index, follow, max-snippet:-1, max-image-preview:large, max-video-preview:-1\" \/>\n<link rel=\"canonical\" href=\"https:\/\/www.renouvelle.be\/fr\/tripler-la-capacite-eolienne-pour-limiter-le-rechauffement-climatique\/\" \/>\n<meta property=\"og:locale\" content=\"fr_FR\" \/>\n<meta property=\"og:type\" content=\"article\" \/>\n<meta property=\"og:title\" content=\"Tripler la capacit\u00e9 \u00e9olienne pour limiter le r\u00e9chauffement climatique - Renouvelle\" \/>\n<meta property=\"og:description\" content=\"Pour ne pas d\u00e9passer la limite de 1,5\u00b0C de r\u00e9chauffement plan\u00e9taire d&#039;ici 2030, il faudra tripler la capacit\u00e9 \u00e9olienne.\" \/>\n<meta property=\"og:url\" content=\"https:\/\/www.renouvelle.be\/fr\/tripler-la-capacite-eolienne-pour-limiter-le-rechauffement-climatique\/\" \/>\n<meta property=\"og:site_name\" content=\"Renouvelle\" \/>\n<meta property=\"article:published_time\" content=\"2024-09-04T12:33:05+00:00\" \/>\n<meta property=\"article:modified_time\" content=\"2024-09-19T13:59:27+00:00\" \/>\n<meta property=\"og:image\" content=\"https:\/\/www.renouvelle.be\/wp-content\/uploads\/2024\/09\/iStock-1186072200-e1725365952117.jpg\" \/>\n\t<meta property=\"og:image:width\" content=\"1367\" \/>\n\t<meta property=\"og:image:height\" content=\"722\" \/>\n\t<meta property=\"og:image:type\" content=\"image\/jpeg\" \/>\n<meta name=\"author\" content=\"Samuel Alves\" \/>\n<meta name=\"twitter:card\" content=\"summary_large_image\" \/>\n<script type=\"application\/ld+json\" class=\"yoast-schema-graph\">{\"@context\":\"https:\\\/\\\/schema.org\",\"@graph\":[{\"@type\":\"Article\",\"@id\":\"https:\\\/\\\/www.renouvelle.be\\\/fr\\\/tripler-la-capacite-eolienne-pour-limiter-le-rechauffement-climatique\\\/#article\",\"isPartOf\":{\"@id\":\"https:\\\/\\\/www.renouvelle.be\\\/fr\\\/tripler-la-capacite-eolienne-pour-limiter-le-rechauffement-climatique\\\/\"},\"author\":{\"name\":\"Samuel Alves\",\"@id\":\"https:\\\/\\\/www.renouvelle.be\\\/fr\\\/#\\\/schema\\\/person\\\/9d743366fb269eeceaa8d60e98d289d3\"},\"headline\":\"Tripler la capacit\u00e9 \u00e9olienne pour limiter le r\u00e9chauffement climatique\",\"datePublished\":\"2024-09-04T12:33:05+00:00\",\"dateModified\":\"2024-09-19T13:59:27+00:00\",\"mainEntityOfPage\":{\"@id\":\"https:\\\/\\\/www.renouvelle.be\\\/fr\\\/tripler-la-capacite-eolienne-pour-limiter-le-rechauffement-climatique\\\/\"},\"wordCount\":402,\"image\":{\"@id\":\"https:\\\/\\\/www.renouvelle.be\\\/fr\\\/tripler-la-capacite-eolienne-pour-limiter-le-rechauffement-climatique\\\/#primaryimage\"},\"thumbnailUrl\":\"https:\\\/\\\/www.renouvelle.be\\\/wp-content\\\/uploads\\\/2024\\\/09\\\/iStock-1186072200-e1725365952117.jpg\",\"articleSection\":[\"Actualit\u00e9\",\"Actualit\u00e9 internationale\"],\"inLanguage\":\"fr-FR\"},{\"@type\":\"WebPage\",\"@id\":\"https:\\\/\\\/www.renouvelle.be\\\/fr\\\/tripler-la-capacite-eolienne-pour-limiter-le-rechauffement-climatique\\\/\",\"url\":\"https:\\\/\\\/www.renouvelle.be\\\/fr\\\/tripler-la-capacite-eolienne-pour-limiter-le-rechauffement-climatique\\\/\",\"name\":\"Tripler la capacit\u00e9 \u00e9olienne pour limiter le r\u00e9chauffement climatique - Renouvelle\",\"isPartOf\":{\"@id\":\"https:\\\/\\\/www.renouvelle.be\\\/fr\\\/#website\"},\"primaryImageOfPage\":{\"@id\":\"https:\\\/\\\/www.renouvelle.be\\\/fr\\\/tripler-la-capacite-eolienne-pour-limiter-le-rechauffement-climatique\\\/#primaryimage\"},\"image\":{\"@id\":\"https:\\\/\\\/www.renouvelle.be\\\/fr\\\/tripler-la-capacite-eolienne-pour-limiter-le-rechauffement-climatique\\\/#primaryimage\"},\"thumbnailUrl\":\"https:\\\/\\\/www.renouvelle.be\\\/wp-content\\\/uploads\\\/2024\\\/09\\\/iStock-1186072200-e1725365952117.jpg\",\"datePublished\":\"2024-09-04T12:33:05+00:00\",\"dateModified\":\"2024-09-19T13:59:27+00:00\",\"author\":{\"@id\":\"https:\\\/\\\/www.renouvelle.be\\\/fr\\\/#\\\/schema\\\/person\\\/9d743366fb269eeceaa8d60e98d289d3\"},\"description\":\"Pour ne pas d\u00e9passer la limite de 1,5\u00b0C de r\u00e9chauffement plan\u00e9taire d'ici 2030, il faudra tripler la capacit\u00e9 \u00e9olienne.\",\"breadcrumb\":{\"@id\":\"https:\\\/\\\/www.renouvelle.be\\\/fr\\\/tripler-la-capacite-eolienne-pour-limiter-le-rechauffement-climatique\\\/#breadcrumb\"},\"inLanguage\":\"fr-FR\",\"potentialAction\":[{\"@type\":\"ReadAction\",\"target\":[\"https:\\\/\\\/www.renouvelle.be\\\/fr\\\/tripler-la-capacite-eolienne-pour-limiter-le-rechauffement-climatique\\\/\"]}]},{\"@type\":\"ImageObject\",\"inLanguage\":\"fr-FR\",\"@id\":\"https:\\\/\\\/www.renouvelle.be\\\/fr\\\/tripler-la-capacite-eolienne-pour-limiter-le-rechauffement-climatique\\\/#primaryimage\",\"url\":\"https:\\\/\\\/www.renouvelle.be\\\/wp-content\\\/uploads\\\/2024\\\/09\\\/iStock-1186072200-e1725365952117.jpg\",\"contentUrl\":\"https:\\\/\\\/www.renouvelle.be\\\/wp-content\\\/uploads\\\/2024\\\/09\\\/iStock-1186072200-e1725365952117.jpg\",\"width\":1367,\"height\":722,\"caption\":\"tripler capacit\u00e9 \u00e9olienne\"},{\"@type\":\"BreadcrumbList\",\"@id\":\"https:\\\/\\\/www.renouvelle.be\\\/fr\\\/tripler-la-capacite-eolienne-pour-limiter-le-rechauffement-climatique\\\/#breadcrumb\",\"itemListElement\":[{\"@type\":\"ListItem\",\"position\":1,\"name\":\"Accueil\",\"item\":\"https:\\\/\\\/www.renouvelle.be\\\/fr\\\/\"},{\"@type\":\"ListItem\",\"position\":2,\"name\":\"Tripler la capacit\u00e9 \u00e9olienne pour limiter le r\u00e9chauffement climatique\"}]},{\"@type\":\"WebSite\",\"@id\":\"https:\\\/\\\/www.renouvelle.be\\\/fr\\\/#website\",\"url\":\"https:\\\/\\\/www.renouvelle.be\\\/fr\\\/\",\"name\":\"Renouvelle\",\"description\":\"L&#039;actualit\u00e9 de l&#039;\u00e9nergie durable\",\"potentialAction\":[{\"@type\":\"SearchAction\",\"target\":{\"@type\":\"EntryPoint\",\"urlTemplate\":\"https:\\\/\\\/www.renouvelle.be\\\/fr\\\/?s={search_term_string}\"},\"query-input\":{\"@type\":\"PropertyValueSpecification\",\"valueRequired\":true,\"valueName\":\"search_term_string\"}}],\"inLanguage\":\"fr-FR\"},{\"@type\":\"Person\",\"@id\":\"https:\\\/\\\/www.renouvelle.be\\\/fr\\\/#\\\/schema\\\/person\\\/9d743366fb269eeceaa8d60e98d289d3\",\"name\":\"Samuel Alves\",\"url\":\"https:\\\/\\\/www.renouvelle.be\\\/fr\\\/author\\\/salves\\\/\"}]}<\/script>\n<!-- \/ Yoast SEO plugin. -->","yoast_head_json":{"title":"Tripler la capacit\u00e9 \u00e9olienne pour limiter le r\u00e9chauffement climatique - Renouvelle","description":"Pour ne pas d\u00e9passer la limite de 1,5\u00b0C de r\u00e9chauffement plan\u00e9taire d'ici 2030, il faudra tripler la capacit\u00e9 \u00e9olienne.","robots":{"index":"index","follow":"follow","max-snippet":"max-snippet:-1","max-image-preview":"max-image-preview:large","max-video-preview":"max-video-preview:-1"},"canonical":"https:\/\/www.renouvelle.be\/fr\/tripler-la-capacite-eolienne-pour-limiter-le-rechauffement-climatique\/","og_locale":"fr_FR","og_type":"article","og_title":"Tripler la capacit\u00e9 \u00e9olienne pour limiter le r\u00e9chauffement climatique - Renouvelle","og_description":"Pour ne pas d\u00e9passer la limite de 1,5\u00b0C de r\u00e9chauffement plan\u00e9taire d'ici 2030, il faudra tripler la capacit\u00e9 \u00e9olienne.","og_url":"https:\/\/www.renouvelle.be\/fr\/tripler-la-capacite-eolienne-pour-limiter-le-rechauffement-climatique\/","og_site_name":"Renouvelle","article_published_time":"2024-09-04T12:33:05+00:00","article_modified_time":"2024-09-19T13:59:27+00:00","og_image":[{"width":1367,"height":722,"url":"https:\/\/www.renouvelle.be\/wp-content\/uploads\/2024\/09\/iStock-1186072200-e1725365952117.jpg","type":"image\/jpeg"}],"author":"Samuel Alves","twitter_card":"summary_large_image","schema":{"@context":"https:\/\/schema.org","@graph":[{"@type":"Article","@id":"https:\/\/www.renouvelle.be\/fr\/tripler-la-capacite-eolienne-pour-limiter-le-rechauffement-climatique\/#article","isPartOf":{"@id":"https:\/\/www.renouvelle.be\/fr\/tripler-la-capacite-eolienne-pour-limiter-le-rechauffement-climatique\/"},"author":{"name":"Samuel Alves","@id":"https:\/\/www.renouvelle.be\/fr\/#\/schema\/person\/9d743366fb269eeceaa8d60e98d289d3"},"headline":"Tripler la capacit\u00e9 \u00e9olienne pour limiter le r\u00e9chauffement climatique","datePublished":"2024-09-04T12:33:05+00:00","dateModified":"2024-09-19T13:59:27+00:00","mainEntityOfPage":{"@id":"https:\/\/www.renouvelle.be\/fr\/tripler-la-capacite-eolienne-pour-limiter-le-rechauffement-climatique\/"},"wordCount":402,"image":{"@id":"https:\/\/www.renouvelle.be\/fr\/tripler-la-capacite-eolienne-pour-limiter-le-rechauffement-climatique\/#primaryimage"},"thumbnailUrl":"https:\/\/www.renouvelle.be\/wp-content\/uploads\/2024\/09\/iStock-1186072200-e1725365952117.jpg","articleSection":["Actualit\u00e9","Actualit\u00e9 internationale"],"inLanguage":"fr-FR"},{"@type":"WebPage","@id":"https:\/\/www.renouvelle.be\/fr\/tripler-la-capacite-eolienne-pour-limiter-le-rechauffement-climatique\/","url":"https:\/\/www.renouvelle.be\/fr\/tripler-la-capacite-eolienne-pour-limiter-le-rechauffement-climatique\/","name":"Tripler la capacit\u00e9 \u00e9olienne pour limiter le r\u00e9chauffement climatique - Renouvelle","isPartOf":{"@id":"https:\/\/www.renouvelle.be\/fr\/#website"},"primaryImageOfPage":{"@id":"https:\/\/www.renouvelle.be\/fr\/tripler-la-capacite-eolienne-pour-limiter-le-rechauffement-climatique\/#primaryimage"},"image":{"@id":"https:\/\/www.renouvelle.be\/fr\/tripler-la-capacite-eolienne-pour-limiter-le-rechauffement-climatique\/#primaryimage"},"thumbnailUrl":"https:\/\/www.renouvelle.be\/wp-content\/uploads\/2024\/09\/iStock-1186072200-e1725365952117.jpg","datePublished":"2024-09-04T12:33:05+00:00","dateModified":"2024-09-19T13:59:27+00:00","author":{"@id":"https:\/\/www.renouvelle.be\/fr\/#\/schema\/person\/9d743366fb269eeceaa8d60e98d289d3"},"description":"Pour ne pas d\u00e9passer la limite de 1,5\u00b0C de r\u00e9chauffement plan\u00e9taire d'ici 2030, il faudra tripler la capacit\u00e9 \u00e9olienne.","breadcrumb":{"@id":"https:\/\/www.renouvelle.be\/fr\/tripler-la-capacite-eolienne-pour-limiter-le-rechauffement-climatique\/#breadcrumb"},"inLanguage":"fr-FR","potentialAction":[{"@type":"ReadAction","target":["https:\/\/www.renouvelle.be\/fr\/tripler-la-capacite-eolienne-pour-limiter-le-rechauffement-climatique\/"]}]},{"@type":"ImageObject","inLanguage":"fr-FR","@id":"https:\/\/www.renouvelle.be\/fr\/tripler-la-capacite-eolienne-pour-limiter-le-rechauffement-climatique\/#primaryimage","url":"https:\/\/www.renouvelle.be\/wp-content\/uploads\/2024\/09\/iStock-1186072200-e1725365952117.jpg","contentUrl":"https:\/\/www.renouvelle.be\/wp-content\/uploads\/2024\/09\/iStock-1186072200-e1725365952117.jpg","width":1367,"height":722,"caption":"tripler capacit\u00e9 \u00e9olienne"},{"@type":"BreadcrumbList","@id":"https:\/\/www.renouvelle.be\/fr\/tripler-la-capacite-eolienne-pour-limiter-le-rechauffement-climatique\/#breadcrumb","itemListElement":[{"@type":"ListItem","position":1,"name":"Accueil","item":"https:\/\/www.renouvelle.be\/fr\/"},{"@type":"ListItem","position":2,"name":"Tripler la capacit\u00e9 \u00e9olienne pour limiter le r\u00e9chauffement climatique"}]},{"@type":"WebSite","@id":"https:\/\/www.renouvelle.be\/fr\/#website","url":"https:\/\/www.renouvelle.be\/fr\/","name":"Renouvelle","description":"L&#039;actualit\u00e9 de l&#039;\u00e9nergie durable","potentialAction":[{"@type":"SearchAction","target":{"@type":"EntryPoint","urlTemplate":"https:\/\/www.renouvelle.be\/fr\/?s={search_term_string}"},"query-input":{"@type":"PropertyValueSpecification","valueRequired":true,"valueName":"search_term_string"}}],"inLanguage":"fr-FR"},{"@type":"Person","@id":"https:\/\/www.renouvelle.be\/fr\/#\/schema\/person\/9d743366fb269eeceaa8d60e98d289d3","name":"Samuel Alves","url":"https:\/\/www.renouvelle.be\/fr\/author\/salves\/"}]}},"_links":{"self":[{"href":"https:\/\/www.renouvelle.be\/fr\/wp-json\/wp\/v2\/posts\/13583","targetHints":{"allow":["GET"]}}],"collection":[{"href":"https:\/\/www.renouvelle.be\/fr\/wp-json\/wp\/v2\/posts"}],"about":[{"href":"https:\/\/www.renouvelle.be\/fr\/wp-json\/wp\/v2\/types\/post"}],"author":[{"embeddable":true,"href":"https:\/\/www.renouvelle.be\/fr\/wp-json\/wp\/v2\/users\/38"}],"replies":[{"embeddable":true,"href":"https:\/\/www.renouvelle.be\/fr\/wp-json\/wp\/v2\/comments?post=13583"}],"version-history":[{"count":17,"href":"https:\/\/www.renouvelle.be\/fr\/wp-json\/wp\/v2\/posts\/13583\/revisions"}],"predecessor-version":[{"id":13729,"href":"https:\/\/www.renouvelle.be\/fr\/wp-json\/wp\/v2\/posts\/13583\/revisions\/13729"}],"wp:featuredmedia":[{"embeddable":true,"href":"https:\/\/www.renouvelle.be\/fr\/wp-json\/wp\/v2\/media\/13594"}],"wp:attachment":[{"href":"https:\/\/www.renouvelle.be\/fr\/wp-json\/wp\/v2\/media?parent=13583"}],"wp:term":[{"taxonomy":"category","embeddable":true,"href":"https:\/\/www.renouvelle.be\/fr\/wp-json\/wp\/v2\/categories?post=13583"},{"taxonomy":"post_tag","embeddable":true,"href":"https:\/\/www.renouvelle.be\/fr\/wp-json\/wp\/v2\/tags?post=13583"},{"taxonomy":"section","embeddable":true,"href":"https:\/\/www.renouvelle.be\/fr\/wp-json\/wp\/v2\/section?post=13583"}],"curies":[{"name":"wp","href":"https:\/\/api.w.org\/{rel}","templated":true}]}}