{"id":13567,"date":"2024-09-02T10:12:35","date_gmt":"2024-09-02T08:12:35","guid":{"rendered":"https:\/\/www.renouvelle.be\/?p=13567"},"modified":"2024-09-02T10:12:42","modified_gmt":"2024-09-02T08:12:42","slug":"tuiles-solaires-concilier-patrimoine-et-transition-energetique","status":"publish","type":"post","link":"https:\/\/www.renouvelle.be\/fr\/tuiles-solaires-concilier-patrimoine-et-transition-energetique\/","title":{"rendered":"Tuiles solaires\u00a0: concilier patrimoine et transition \u00e9nerg\u00e9tique"},"content":{"rendered":"\n<p>\u00c7a y est, c\u2019est officiellement la rentr\u00e9e ! Vous avez peut-\u00eatre eu l\u2019occasion de partir en vacances \u00e0 la d\u00e9couverte de monuments historiques. Et si on vous disait que le site que vous avez visit\u00e9 \u00e9tait aliment\u00e9 en \u00e9nergie renouvelable gr\u00e2ce \u00e0 des tuiles solaires ? Encore rares, elles continuent de faire leur petit bonhomme de chemin.<\/p>\n\n\n\n<p>L\u2019apparence des <a href=\"https:\/\/www.renouvelle.be\/fr\/belgique-2023-record-installations-photovoltaiques\/\" target=\"_blank\" rel=\"noreferrer noopener\">panneaux photovolta\u00efques<\/a> classiques est parfois difficile \u00e0 int\u00e9grer dans des quartiers historiques ou sur des sites class\u00e9s. Cependant, patrimoine et \u00e9nergies renouvelables peuvent tout \u00e0 fait cohabiter, comme le montrent d\u00e9j\u00e0 quelques exemples.<\/p>\n\n\n\n<p><strong>Pomp\u00e9i<\/strong><\/p>\n\n\n\n<p>Chaque ann\u00e9e, le site de Pomp\u00e9i accueille des millions de visiteurs. Pour que ces derniers puissent profiter pleinement des fresques murales, leur \u00e9clairage est parfois n\u00e9cessaire \u00e0 certains endroits du site. Afin de rendre la consommation d\u2019\u00e9nergie plus responsable, des tuiles solaires, parfaites imitations de celles en terre cuite, ont \u00e9t\u00e9 int\u00e9gr\u00e9es et test\u00e9es sur le toit de la Villa des Myst\u00e8res.<\/p>\n\n\n\n<figure class=\"wp-block-image size-large\"><img loading=\"lazy\" decoding=\"async\" width=\"1024\" height=\"512\" src=\"https:\/\/www.renouvelle.be\/wp-content\/uploads\/2024\/09\/iStock-1184948581-e1725264664204-1024x512.jpg\" alt=\"villa des myst\u00e8res tuiles solaires\" class=\"wp-image-13578\" srcset=\"https:\/\/www.renouvelle.be\/wp-content\/uploads\/2024\/09\/iStock-1184948581-e1725264664204-1024x512.jpg 1024w, https:\/\/www.renouvelle.be\/wp-content\/uploads\/2024\/09\/iStock-1184948581-e1725264664204-300x150.jpg 300w, https:\/\/www.renouvelle.be\/wp-content\/uploads\/2024\/09\/iStock-1184948581-e1725264664204-768x384.jpg 768w, https:\/\/www.renouvelle.be\/wp-content\/uploads\/2024\/09\/iStock-1184948581-e1725264664204-1536x768.jpg 1536w, https:\/\/www.renouvelle.be\/wp-content\/uploads\/2024\/09\/iStock-1184948581-e1725264664204-2048x1024.jpg 2048w, https:\/\/www.renouvelle.be\/wp-content\/uploads\/2024\/09\/iStock-1184948581-e1725264664204-700x350.jpg 700w, https:\/\/www.renouvelle.be\/wp-content\/uploads\/2024\/09\/iStock-1184948581-e1725264664204-1200x600.jpg 1200w\" sizes=\"auto, (max-width: 1024px) 100vw, 1024px\" \/><figcaption class=\"wp-element-caption\">La fresque d\u00e9couverte dans la Villa des Myst\u00e8res. Source image : iStock.<\/figcaption><\/figure>\n\n\n\n<p>Aliment\u00e9es depuis octobre 2023 par de l\u2019\u00e9nergie solaire, les lampes LED y \u00e9clairent une fresque retrouv\u00e9e en 1909, sous des m\u00e8tres de cendres volcaniques. Les tuiles solaires, d\u00e9velopp\u00e9es et brevet\u00e9es par Ahlux Italia, recouvrent 70 m\u00b2 et ont une dur\u00e9e de vie oscillant entre 20 et 25 ans. Elles sont reli\u00e9es \u00e0 une batterie au sodium qui, selon Alberto Bruni, responsable du projet, a un faible impact sur l\u2019environnement.<\/p>\n\n\n\n<p>L\u2019innovation apport\u00e9e par ces tuiles suscite l\u2019int\u00e9r\u00eat de certaines institutions italiennes, \u00e9tant donn\u00e9 les efforts que le pays devra fournir pour la r\u00e9novation des b\u00e2timents, notamment des toits recouverts de tuiles traditionnelles.<\/p>\n\n\n\n<p><strong>Neuch\u00e2tel<\/strong><\/p>\n\n\n\n<p>Dans le canton de Neuch\u00e2tel, en Suisse, 33 300 tuiles solaires, fournies par le fabricant Freesuns, ont \u00e9t\u00e9 install\u00e9es sur les toits de trois b\u00e2timents historiques, dont le Coll\u00e8ge des Parcs. Celles-ci devraient produire environ 150 000 kWh par an, \u00e9quivalant \u00e0 la consommation d\u2019une cinquantaine de m\u00e9nages suisses. D\u00e9velopp\u00e9es en partenariat avec le centre suisse d\u2019innovation technologique, les tuiles \u00e9pousent les courbes irr\u00e9guli\u00e8res du toit du <a href=\"https:\/\/www.neuchatelville.ch\/college-des-parcs\" target=\"_blank\" rel=\"noreferrer noopener\">Coll\u00e8ge des Parcs<\/a> sans l\u2019endommager.<\/p>\n\n\n\n<p><strong>Toulouse<\/strong><\/p>\n\n\n\n<p>Lorsqu\u2019on habite autour d\u2019un b\u00e2timent class\u00e9, on ne peut pas faire tout ce qu\u2019on veut quand on se lance dans la r\u00e9novation de son logement, y compris pour le toit. De nombreux crit\u00e8res sont \u00e0 respecter : types de mat\u00e9riaux, couleur de la fa\u00e7ade, esth\u00e9tique g\u00e9n\u00e9rale, etc. Cela peut vite devenir un parcours du combattant lorsqu\u2019on veut installer des panneaux photovolta\u00efques. Exemple \u00e0 Toulouse, o\u00f9 la couleur sombre de ceux-ci s\u2019int\u00e8gre mal dans l\u2019esth\u00e9tique de la ville Rose et de ses toits en tuiles traditionnelles.<\/p>\n\n\n\n<figure class=\"wp-block-image size-large\"><img loading=\"lazy\" decoding=\"async\" width=\"1024\" height=\"416\" src=\"https:\/\/www.renouvelle.be\/wp-content\/uploads\/2024\/09\/iStock-1266746556-e1725264449924-1024x416.jpg\" alt=\"toulouse tuiles solaires\" class=\"wp-image-13575\" srcset=\"https:\/\/www.renouvelle.be\/wp-content\/uploads\/2024\/09\/iStock-1266746556-e1725264449924-1024x416.jpg 1024w, https:\/\/www.renouvelle.be\/wp-content\/uploads\/2024\/09\/iStock-1266746556-e1725264449924-300x122.jpg 300w, https:\/\/www.renouvelle.be\/wp-content\/uploads\/2024\/09\/iStock-1266746556-e1725264449924-768x312.jpg 768w, https:\/\/www.renouvelle.be\/wp-content\/uploads\/2024\/09\/iStock-1266746556-e1725264449924-1536x624.jpg 1536w, https:\/\/www.renouvelle.be\/wp-content\/uploads\/2024\/09\/iStock-1266746556-e1725264449924-2048x832.jpg 2048w, https:\/\/www.renouvelle.be\/wp-content\/uploads\/2024\/09\/iStock-1266746556-e1725264449924-1200x488.jpg 1200w\" sizes=\"auto, (max-width: 1024px) 100vw, 1024px\" \/><figcaption class=\"wp-element-caption\">La ville de Toulouse et ses toits en tuiles traditionnelles. Source image : iStock.<\/figcaption><\/figure>\n\n\n\n<p>Mais grande premi\u00e8re, <a href=\"https:\/\/www.leparisien.fr\/haute-garonne-31\/des-panneaux-solaires-de-couleur-brique-autorises-a-toulouse-la-ville-rose-une-premiere-02-07-2024-JQUIKP2HORF3VB7GDN5DAUU4HQ.php\" target=\"_blank\" rel=\"noreferrer noopener\">une habitante de la ville a r\u00e9ussi \u00e0 en faire poser sur son toit<\/a> gr\u00e2ce \u00e0 leur particularit\u00e9&nbsp;: leur couleur brique ! Pour obtenir ce r\u00e9sultat, aucune encre n\u2019a \u00e9t\u00e9 utilis\u00e9e, car il s\u2019agit en r\u00e9alit\u00e9 d\u2019un filtre. Celui-ci r\u00e9fl\u00e9chit certaines longueurs d\u2019ondes, donnant une couleur sp\u00e9cifique au panneau. Cependant, leur co\u00fbt est sup\u00e9rieur \u00e0 celui des panneaux classiques et la performance peut \u00eatre plus faible (plus les panneaux sont clairs, moins ils absorbent de lumi\u00e8re).<\/p>\n\n\n\n<p>Tout n&rsquo;est certes pas parfait mais ces exemples d\u00e9montrent que pr\u00e9server un patrimoine de fa\u00e7on plus responsable est possible.<\/p>\n","protected":false},"excerpt":{"rendered":"<p>\u00c7a y est, c\u2019est officiellement la rentr\u00e9e ! Vous avez peut-\u00eatre eu l\u2019occasion de partir en vacances \u00e0 la d\u00e9couverte de monuments historiques. Et si on vous disait que le site que vous avez visit\u00e9 \u00e9tait aliment\u00e9 en \u00e9nergie renouvelable gr\u00e2ce \u00e0 des tuiles solaires ? Encore rares, elles continuent de faire leur petit bonhomme de chemin. L\u2019apparence des panneaux photovolta\u00efques classiques est parfois difficile \u00e0 int\u00e9grer dans des quartiers historiques ou sur des sites class\u00e9s. Cependant, patrimoine et \u00e9nergies renouvelables peuvent tout \u00e0 fait cohabiter, comme le montrent d\u00e9j\u00e0 quelques exemples. Pomp\u00e9i Chaque ann\u00e9e, le site de Pomp\u00e9i accueille des millions de visiteurs. Pour que ces derniers puissent profiter pleinement des fresques murales, leur \u00e9clairage est parfois n\u00e9cessaire \u00e0 certains endroits du site. Afin de rendre la consommation d\u2019\u00e9nergie plus responsable, des tuiles solaires, parfaites imitations de celles en terre cuite, ont \u00e9t\u00e9 int\u00e9gr\u00e9es et test\u00e9es sur le toit de la Villa des Myst\u00e8res. Aliment\u00e9es depuis octobre 2023 par de l\u2019\u00e9nergie solaire, les lampes LED y \u00e9clairent une fresque retrouv\u00e9e en 1909, sous des m\u00e8tres de cendres volcaniques. Les tuiles solaires, d\u00e9velopp\u00e9es et brevet\u00e9es par Ahlux Italia, recouvrent 70 m\u00b2 et ont une dur\u00e9e de vie oscillant entre 20 et 25 ans. Elles sont reli\u00e9es \u00e0 une batterie au sodium qui, selon Alberto Bruni, responsable du projet, a un faible impact sur l\u2019environnement. L\u2019innovation apport\u00e9e par ces tuiles suscite l\u2019int\u00e9r\u00eat de certaines institutions italiennes, \u00e9tant donn\u00e9 les efforts que le pays devra fournir pour la r\u00e9novation des b\u00e2timents, notamment des toits recouverts de tuiles traditionnelles. Neuch\u00e2tel Dans le canton de Neuch\u00e2tel, en Suisse, 33 300 tuiles solaires, fournies par le fabricant Freesuns, ont \u00e9t\u00e9 install\u00e9es sur les toits de trois b\u00e2timents historiques, dont le Coll\u00e8ge des Parcs. Celles-ci devraient &hellip; <a href=\"https:\/\/www.renouvelle.be\/fr\/tuiles-solaires-concilier-patrimoine-et-transition-energetique\/\" class=\"more-link\">Continue reading<span class=\"screen-reader-text\"> \u00ab\u00a0Tuiles solaires\u00a0: concilier patrimoine et transition \u00e9nerg\u00e9tique\u00a0\u00bb<\/span><\/a><\/p>\n","protected":false},"author":38,"featured_media":13570,"comment_status":"closed","ping_status":"closed","sticky":false,"template":"","format":"standard","meta":{"_acf_changed":false,"footnotes":""},"categories":[16],"tags":[],"section":[8,13],"class_list":["post-13567","post","type-post","status-publish","format-standard","has-post-thumbnail","hentry","category-actualite","section-energie-renouvelables","section-solaire"],"acf":[],"yoast_head":"<!-- This site is optimized with the Yoast SEO plugin v27.5 - https:\/\/yoast.com\/product\/yoast-seo-wordpress\/ -->\n<title>Tuiles solaires\u00a0: concilier patrimoine et transition \u00e9nerg\u00e9tique - Renouvelle<\/title>\n<meta name=\"description\" content=\"Des tuiles solaires int\u00e9gr\u00e9es \u00e0 des monuments historiques ? Encore discr\u00e8te, l&#039;innovation fait son bonhomme de chemin.\" \/>\n<meta name=\"robots\" content=\"index, follow, max-snippet:-1, max-image-preview:large, max-video-preview:-1\" \/>\n<link rel=\"canonical\" href=\"https:\/\/www.renouvelle.be\/fr\/tuiles-solaires-concilier-patrimoine-et-transition-energetique\/\" \/>\n<meta property=\"og:locale\" content=\"fr_FR\" \/>\n<meta property=\"og:type\" content=\"article\" \/>\n<meta property=\"og:title\" content=\"Tuiles solaires\u00a0: concilier patrimoine et transition \u00e9nerg\u00e9tique - Renouvelle\" \/>\n<meta property=\"og:description\" content=\"Des tuiles solaires int\u00e9gr\u00e9es \u00e0 des monuments historiques ? Encore discr\u00e8te, l&#039;innovation fait son bonhomme de chemin.\" \/>\n<meta property=\"og:url\" content=\"https:\/\/www.renouvelle.be\/fr\/tuiles-solaires-concilier-patrimoine-et-transition-energetique\/\" \/>\n<meta property=\"og:site_name\" content=\"Renouvelle\" \/>\n<meta property=\"article:published_time\" content=\"2024-09-02T08:12:35+00:00\" \/>\n<meta property=\"article:modified_time\" content=\"2024-09-02T08:12:42+00:00\" \/>\n<meta property=\"og:image\" content=\"https:\/\/www.renouvelle.be\/wp-content\/uploads\/2024\/08\/iStock-1198055071.jpg\" \/>\n\t<meta property=\"og:image:width\" content=\"2465\" \/>\n\t<meta property=\"og:image:height\" content=\"1215\" \/>\n\t<meta property=\"og:image:type\" content=\"image\/jpeg\" \/>\n<meta name=\"author\" content=\"Samuel Alves\" \/>\n<meta name=\"twitter:card\" content=\"summary_large_image\" \/>\n<script type=\"application\/ld+json\" class=\"yoast-schema-graph\">{\"@context\":\"https:\\\/\\\/schema.org\",\"@graph\":[{\"@type\":\"Article\",\"@id\":\"https:\\\/\\\/www.renouvelle.be\\\/fr\\\/tuiles-solaires-concilier-patrimoine-et-transition-energetique\\\/#article\",\"isPartOf\":{\"@id\":\"https:\\\/\\\/www.renouvelle.be\\\/fr\\\/tuiles-solaires-concilier-patrimoine-et-transition-energetique\\\/\"},\"author\":{\"name\":\"Samuel Alves\",\"@id\":\"https:\\\/\\\/www.renouvelle.be\\\/fr\\\/#\\\/schema\\\/person\\\/9d743366fb269eeceaa8d60e98d289d3\"},\"headline\":\"Tuiles solaires\u00a0: concilier patrimoine et transition \u00e9nerg\u00e9tique\",\"datePublished\":\"2024-09-02T08:12:35+00:00\",\"dateModified\":\"2024-09-02T08:12:42+00:00\",\"mainEntityOfPage\":{\"@id\":\"https:\\\/\\\/www.renouvelle.be\\\/fr\\\/tuiles-solaires-concilier-patrimoine-et-transition-energetique\\\/\"},\"wordCount\":611,\"image\":{\"@id\":\"https:\\\/\\\/www.renouvelle.be\\\/fr\\\/tuiles-solaires-concilier-patrimoine-et-transition-energetique\\\/#primaryimage\"},\"thumbnailUrl\":\"https:\\\/\\\/www.renouvelle.be\\\/wp-content\\\/uploads\\\/2024\\\/08\\\/iStock-1198055071.jpg\",\"articleSection\":[\"Actualit\u00e9\"],\"inLanguage\":\"fr-FR\"},{\"@type\":\"WebPage\",\"@id\":\"https:\\\/\\\/www.renouvelle.be\\\/fr\\\/tuiles-solaires-concilier-patrimoine-et-transition-energetique\\\/\",\"url\":\"https:\\\/\\\/www.renouvelle.be\\\/fr\\\/tuiles-solaires-concilier-patrimoine-et-transition-energetique\\\/\",\"name\":\"Tuiles solaires\u00a0: concilier patrimoine et transition \u00e9nerg\u00e9tique - Renouvelle\",\"isPartOf\":{\"@id\":\"https:\\\/\\\/www.renouvelle.be\\\/fr\\\/#website\"},\"primaryImageOfPage\":{\"@id\":\"https:\\\/\\\/www.renouvelle.be\\\/fr\\\/tuiles-solaires-concilier-patrimoine-et-transition-energetique\\\/#primaryimage\"},\"image\":{\"@id\":\"https:\\\/\\\/www.renouvelle.be\\\/fr\\\/tuiles-solaires-concilier-patrimoine-et-transition-energetique\\\/#primaryimage\"},\"thumbnailUrl\":\"https:\\\/\\\/www.renouvelle.be\\\/wp-content\\\/uploads\\\/2024\\\/08\\\/iStock-1198055071.jpg\",\"datePublished\":\"2024-09-02T08:12:35+00:00\",\"dateModified\":\"2024-09-02T08:12:42+00:00\",\"author\":{\"@id\":\"https:\\\/\\\/www.renouvelle.be\\\/fr\\\/#\\\/schema\\\/person\\\/9d743366fb269eeceaa8d60e98d289d3\"},\"description\":\"Des tuiles solaires int\u00e9gr\u00e9es \u00e0 des monuments historiques ? Encore discr\u00e8te, l'innovation fait son bonhomme de chemin.\",\"breadcrumb\":{\"@id\":\"https:\\\/\\\/www.renouvelle.be\\\/fr\\\/tuiles-solaires-concilier-patrimoine-et-transition-energetique\\\/#breadcrumb\"},\"inLanguage\":\"fr-FR\",\"potentialAction\":[{\"@type\":\"ReadAction\",\"target\":[\"https:\\\/\\\/www.renouvelle.be\\\/fr\\\/tuiles-solaires-concilier-patrimoine-et-transition-energetique\\\/\"]}]},{\"@type\":\"ImageObject\",\"inLanguage\":\"fr-FR\",\"@id\":\"https:\\\/\\\/www.renouvelle.be\\\/fr\\\/tuiles-solaires-concilier-patrimoine-et-transition-energetique\\\/#primaryimage\",\"url\":\"https:\\\/\\\/www.renouvelle.be\\\/wp-content\\\/uploads\\\/2024\\\/08\\\/iStock-1198055071.jpg\",\"contentUrl\":\"https:\\\/\\\/www.renouvelle.be\\\/wp-content\\\/uploads\\\/2024\\\/08\\\/iStock-1198055071.jpg\",\"width\":2465,\"height\":1215,\"caption\":\"tuiles solaires\"},{\"@type\":\"BreadcrumbList\",\"@id\":\"https:\\\/\\\/www.renouvelle.be\\\/fr\\\/tuiles-solaires-concilier-patrimoine-et-transition-energetique\\\/#breadcrumb\",\"itemListElement\":[{\"@type\":\"ListItem\",\"position\":1,\"name\":\"Accueil\",\"item\":\"https:\\\/\\\/www.renouvelle.be\\\/fr\\\/\"},{\"@type\":\"ListItem\",\"position\":2,\"name\":\"Tuiles solaires\u00a0: concilier patrimoine et transition \u00e9nerg\u00e9tique\"}]},{\"@type\":\"WebSite\",\"@id\":\"https:\\\/\\\/www.renouvelle.be\\\/fr\\\/#website\",\"url\":\"https:\\\/\\\/www.renouvelle.be\\\/fr\\\/\",\"name\":\"Renouvelle\",\"description\":\"L&#039;actualit\u00e9 de l&#039;\u00e9nergie durable\",\"potentialAction\":[{\"@type\":\"SearchAction\",\"target\":{\"@type\":\"EntryPoint\",\"urlTemplate\":\"https:\\\/\\\/www.renouvelle.be\\\/fr\\\/?s={search_term_string}\"},\"query-input\":{\"@type\":\"PropertyValueSpecification\",\"valueRequired\":true,\"valueName\":\"search_term_string\"}}],\"inLanguage\":\"fr-FR\"},{\"@type\":\"Person\",\"@id\":\"https:\\\/\\\/www.renouvelle.be\\\/fr\\\/#\\\/schema\\\/person\\\/9d743366fb269eeceaa8d60e98d289d3\",\"name\":\"Samuel Alves\",\"url\":\"https:\\\/\\\/www.renouvelle.be\\\/fr\\\/author\\\/salves\\\/\"}]}<\/script>\n<!-- \/ Yoast SEO plugin. -->","yoast_head_json":{"title":"Tuiles solaires\u00a0: concilier patrimoine et transition \u00e9nerg\u00e9tique - Renouvelle","description":"Des tuiles solaires int\u00e9gr\u00e9es \u00e0 des monuments historiques ? Encore discr\u00e8te, l'innovation fait son bonhomme de chemin.","robots":{"index":"index","follow":"follow","max-snippet":"max-snippet:-1","max-image-preview":"max-image-preview:large","max-video-preview":"max-video-preview:-1"},"canonical":"https:\/\/www.renouvelle.be\/fr\/tuiles-solaires-concilier-patrimoine-et-transition-energetique\/","og_locale":"fr_FR","og_type":"article","og_title":"Tuiles solaires\u00a0: concilier patrimoine et transition \u00e9nerg\u00e9tique - Renouvelle","og_description":"Des tuiles solaires int\u00e9gr\u00e9es \u00e0 des monuments historiques ? Encore discr\u00e8te, l'innovation fait son bonhomme de chemin.","og_url":"https:\/\/www.renouvelle.be\/fr\/tuiles-solaires-concilier-patrimoine-et-transition-energetique\/","og_site_name":"Renouvelle","article_published_time":"2024-09-02T08:12:35+00:00","article_modified_time":"2024-09-02T08:12:42+00:00","og_image":[{"width":2465,"height":1215,"url":"https:\/\/www.renouvelle.be\/wp-content\/uploads\/2024\/08\/iStock-1198055071.jpg","type":"image\/jpeg"}],"author":"Samuel Alves","twitter_card":"summary_large_image","schema":{"@context":"https:\/\/schema.org","@graph":[{"@type":"Article","@id":"https:\/\/www.renouvelle.be\/fr\/tuiles-solaires-concilier-patrimoine-et-transition-energetique\/#article","isPartOf":{"@id":"https:\/\/www.renouvelle.be\/fr\/tuiles-solaires-concilier-patrimoine-et-transition-energetique\/"},"author":{"name":"Samuel Alves","@id":"https:\/\/www.renouvelle.be\/fr\/#\/schema\/person\/9d743366fb269eeceaa8d60e98d289d3"},"headline":"Tuiles solaires\u00a0: concilier patrimoine et transition \u00e9nerg\u00e9tique","datePublished":"2024-09-02T08:12:35+00:00","dateModified":"2024-09-02T08:12:42+00:00","mainEntityOfPage":{"@id":"https:\/\/www.renouvelle.be\/fr\/tuiles-solaires-concilier-patrimoine-et-transition-energetique\/"},"wordCount":611,"image":{"@id":"https:\/\/www.renouvelle.be\/fr\/tuiles-solaires-concilier-patrimoine-et-transition-energetique\/#primaryimage"},"thumbnailUrl":"https:\/\/www.renouvelle.be\/wp-content\/uploads\/2024\/08\/iStock-1198055071.jpg","articleSection":["Actualit\u00e9"],"inLanguage":"fr-FR"},{"@type":"WebPage","@id":"https:\/\/www.renouvelle.be\/fr\/tuiles-solaires-concilier-patrimoine-et-transition-energetique\/","url":"https:\/\/www.renouvelle.be\/fr\/tuiles-solaires-concilier-patrimoine-et-transition-energetique\/","name":"Tuiles solaires\u00a0: concilier patrimoine et transition \u00e9nerg\u00e9tique - Renouvelle","isPartOf":{"@id":"https:\/\/www.renouvelle.be\/fr\/#website"},"primaryImageOfPage":{"@id":"https:\/\/www.renouvelle.be\/fr\/tuiles-solaires-concilier-patrimoine-et-transition-energetique\/#primaryimage"},"image":{"@id":"https:\/\/www.renouvelle.be\/fr\/tuiles-solaires-concilier-patrimoine-et-transition-energetique\/#primaryimage"},"thumbnailUrl":"https:\/\/www.renouvelle.be\/wp-content\/uploads\/2024\/08\/iStock-1198055071.jpg","datePublished":"2024-09-02T08:12:35+00:00","dateModified":"2024-09-02T08:12:42+00:00","author":{"@id":"https:\/\/www.renouvelle.be\/fr\/#\/schema\/person\/9d743366fb269eeceaa8d60e98d289d3"},"description":"Des tuiles solaires int\u00e9gr\u00e9es \u00e0 des monuments historiques ? Encore discr\u00e8te, l'innovation fait son bonhomme de chemin.","breadcrumb":{"@id":"https:\/\/www.renouvelle.be\/fr\/tuiles-solaires-concilier-patrimoine-et-transition-energetique\/#breadcrumb"},"inLanguage":"fr-FR","potentialAction":[{"@type":"ReadAction","target":["https:\/\/www.renouvelle.be\/fr\/tuiles-solaires-concilier-patrimoine-et-transition-energetique\/"]}]},{"@type":"ImageObject","inLanguage":"fr-FR","@id":"https:\/\/www.renouvelle.be\/fr\/tuiles-solaires-concilier-patrimoine-et-transition-energetique\/#primaryimage","url":"https:\/\/www.renouvelle.be\/wp-content\/uploads\/2024\/08\/iStock-1198055071.jpg","contentUrl":"https:\/\/www.renouvelle.be\/wp-content\/uploads\/2024\/08\/iStock-1198055071.jpg","width":2465,"height":1215,"caption":"tuiles solaires"},{"@type":"BreadcrumbList","@id":"https:\/\/www.renouvelle.be\/fr\/tuiles-solaires-concilier-patrimoine-et-transition-energetique\/#breadcrumb","itemListElement":[{"@type":"ListItem","position":1,"name":"Accueil","item":"https:\/\/www.renouvelle.be\/fr\/"},{"@type":"ListItem","position":2,"name":"Tuiles solaires\u00a0: concilier patrimoine et transition \u00e9nerg\u00e9tique"}]},{"@type":"WebSite","@id":"https:\/\/www.renouvelle.be\/fr\/#website","url":"https:\/\/www.renouvelle.be\/fr\/","name":"Renouvelle","description":"L&#039;actualit\u00e9 de l&#039;\u00e9nergie durable","potentialAction":[{"@type":"SearchAction","target":{"@type":"EntryPoint","urlTemplate":"https:\/\/www.renouvelle.be\/fr\/?s={search_term_string}"},"query-input":{"@type":"PropertyValueSpecification","valueRequired":true,"valueName":"search_term_string"}}],"inLanguage":"fr-FR"},{"@type":"Person","@id":"https:\/\/www.renouvelle.be\/fr\/#\/schema\/person\/9d743366fb269eeceaa8d60e98d289d3","name":"Samuel Alves","url":"https:\/\/www.renouvelle.be\/fr\/author\/salves\/"}]}},"_links":{"self":[{"href":"https:\/\/www.renouvelle.be\/fr\/wp-json\/wp\/v2\/posts\/13567","targetHints":{"allow":["GET"]}}],"collection":[{"href":"https:\/\/www.renouvelle.be\/fr\/wp-json\/wp\/v2\/posts"}],"about":[{"href":"https:\/\/www.renouvelle.be\/fr\/wp-json\/wp\/v2\/types\/post"}],"author":[{"embeddable":true,"href":"https:\/\/www.renouvelle.be\/fr\/wp-json\/wp\/v2\/users\/38"}],"replies":[{"embeddable":true,"href":"https:\/\/www.renouvelle.be\/fr\/wp-json\/wp\/v2\/comments?post=13567"}],"version-history":[{"count":8,"href":"https:\/\/www.renouvelle.be\/fr\/wp-json\/wp\/v2\/posts\/13567\/revisions"}],"predecessor-version":[{"id":13581,"href":"https:\/\/www.renouvelle.be\/fr\/wp-json\/wp\/v2\/posts\/13567\/revisions\/13581"}],"wp:featuredmedia":[{"embeddable":true,"href":"https:\/\/www.renouvelle.be\/fr\/wp-json\/wp\/v2\/media\/13570"}],"wp:attachment":[{"href":"https:\/\/www.renouvelle.be\/fr\/wp-json\/wp\/v2\/media?parent=13567"}],"wp:term":[{"taxonomy":"category","embeddable":true,"href":"https:\/\/www.renouvelle.be\/fr\/wp-json\/wp\/v2\/categories?post=13567"},{"taxonomy":"post_tag","embeddable":true,"href":"https:\/\/www.renouvelle.be\/fr\/wp-json\/wp\/v2\/tags?post=13567"},{"taxonomy":"section","embeddable":true,"href":"https:\/\/www.renouvelle.be\/fr\/wp-json\/wp\/v2\/section?post=13567"}],"curies":[{"name":"wp","href":"https:\/\/api.w.org\/{rel}","templated":true}]}}