{"id":13557,"date":"2024-08-27T15:49:26","date_gmt":"2024-08-27T13:49:26","guid":{"rendered":"https:\/\/www.renouvelle.be\/?p=13557"},"modified":"2024-08-28T14:25:59","modified_gmt":"2024-08-28T12:25:59","slug":"sncb-2500-bornes-de-recharge-supplementaires-2032","status":"publish","type":"post","link":"https:\/\/www.renouvelle.be\/fr\/sncb-2500-bornes-de-recharge-supplementaires-2032\/","title":{"rendered":"SNCB\u00a0: 2500 bornes de recharge suppl\u00e9mentaires d\u2019ici 2032"},"content":{"rendered":"\n<p>Celui-ci devrait \u00eatre lanc\u00e9 \u00e0 l&rsquo;automne, avec pour ambition de d\u00e9ployer 2 500 bornes de recharge publiques d\u2019ici 2032 (soit 5 000 points de recharge).<\/p>\n\n\n\n<p>Avec l\u2019entr\u00e9e en vigueur de la directive europ\u00e9enne AFIR, qui vise, entre autres, un d\u00e9ploiement plus important des <a href=\"https:\/\/www.renouvelle.be\/fr\/le-v2g-ou-vehicle-to-grid-un-atout-pour-la-transition-energetique\/\" target=\"_blank\" rel=\"noreferrer noopener\">infrastructures de recharge<\/a>, la SNCB n\u2019aura pas d\u2019autre choix que de revoir le nombre de ses bornes \u00e0 la hausse. Elle devra d\u00e9j\u00e0 en installer un minimum de 194 \u00e0 partir du 1er janvier 2025. Dans un premier temps, seuls les parkings de gares en Flandre et \u00e0 Bruxelles seront concern\u00e9s, la Wallonie n\u2019ayant pas encore transpos\u00e9 la directive <a href=\"https:\/\/ec.europa.eu\/commission\/presscorner\/detail\/fr\/ip_23_1867\" target=\"_blank\" rel=\"noreferrer noopener\">AFIR<\/a>. Soulignons que les futures infrastructures seront des bornes classiques et qu&rsquo;il ne s&rsquo;agit donc pas de recharge rapide.<\/p>\n\n\n\n<p>La nouvelle concession viendra s\u2019ajouter \u00e0 celle attribu\u00e9e en 2020 \u00e0 l\u2019entreprise n\u00e9erlandaise Allego, qui a d\u00e9j\u00e0 install\u00e9 des bornes dans 35 parkings de la SNCB.<\/p>\n","protected":false},"excerpt":{"rendered":"<p>Celui-ci devrait \u00eatre lanc\u00e9 \u00e0 l&rsquo;automne, avec pour ambition de d\u00e9ployer 2 500 bornes de recharge publiques d\u2019ici 2032 (soit 5 000 points de recharge). Avec l\u2019entr\u00e9e en vigueur de la directive europ\u00e9enne AFIR, qui vise, entre autres, un d\u00e9ploiement plus important des infrastructures de recharge, la SNCB n\u2019aura pas d\u2019autre choix que de revoir le nombre de ses bornes \u00e0 la hausse. Elle devra d\u00e9j\u00e0 en installer un minimum de 194 \u00e0 partir du 1er janvier 2025. Dans un premier temps, seuls les parkings de gares en Flandre et \u00e0 Bruxelles seront concern\u00e9s, la Wallonie n\u2019ayant pas encore transpos\u00e9 la directive AFIR. Soulignons que les futures infrastructures seront des bornes classiques et qu&rsquo;il ne s&rsquo;agit donc pas de recharge rapide. La nouvelle concession viendra s\u2019ajouter \u00e0 celle attribu\u00e9e en 2020 \u00e0 l\u2019entreprise n\u00e9erlandaise Allego, qui a d\u00e9j\u00e0 install\u00e9 des bornes dans 35 parkings de la SNCB.<\/p>\n","protected":false},"author":38,"featured_media":13559,"comment_status":"closed","ping_status":"closed","sticky":false,"template":"","format":"standard","meta":{"_acf_changed":false,"footnotes":""},"categories":[17],"tags":[],"section":[8,12],"class_list":["post-13557","post","type-post","status-publish","format-standard","has-post-thumbnail","hentry","category-actualite-en-belgique","section-energie-renouvelables","section-mobilite"],"acf":[],"yoast_head":"<!-- This site is optimized with the Yoast SEO plugin v27.4 - https:\/\/yoast.com\/product\/yoast-seo-wordpress\/ -->\n<title>SNCB\u00a0: 2500 bornes de recharge suppl\u00e9mentaires d\u2019ici 2032 - Renouvelle<\/title>\n<meta name=\"description\" content=\"La SNCB lancera bient\u00f4t un appel d&#039;offre afin de d\u00e9velopper son offre de bornes de recharge pour v\u00e9hicules \u00e9lectriques.\" \/>\n<meta name=\"robots\" content=\"index, follow, max-snippet:-1, max-image-preview:large, max-video-preview:-1\" \/>\n<link rel=\"canonical\" href=\"https:\/\/www.renouvelle.be\/fr\/sncb-2500-bornes-de-recharge-supplementaires-2032\/\" \/>\n<meta property=\"og:locale\" content=\"fr_FR\" \/>\n<meta property=\"og:type\" content=\"article\" \/>\n<meta property=\"og:title\" content=\"SNCB\u00a0: 2500 bornes de recharge suppl\u00e9mentaires d\u2019ici 2032 - Renouvelle\" \/>\n<meta property=\"og:description\" content=\"La SNCB lancera bient\u00f4t un appel d&#039;offre afin de d\u00e9velopper son offre de bornes de recharge pour v\u00e9hicules \u00e9lectriques.\" \/>\n<meta property=\"og:url\" content=\"https:\/\/www.renouvelle.be\/fr\/sncb-2500-bornes-de-recharge-supplementaires-2032\/\" \/>\n<meta property=\"og:site_name\" content=\"Renouvelle\" \/>\n<meta property=\"article:published_time\" content=\"2024-08-27T13:49:26+00:00\" \/>\n<meta property=\"article:modified_time\" content=\"2024-08-28T12:25:59+00:00\" \/>\n<meta property=\"og:image\" content=\"https:\/\/www.renouvelle.be\/wp-content\/uploads\/2024\/08\/iStock-1196374213-1024x683.jpg\" \/>\n\t<meta property=\"og:image:width\" content=\"1024\" \/>\n\t<meta property=\"og:image:height\" content=\"683\" \/>\n\t<meta property=\"og:image:type\" content=\"image\/jpeg\" \/>\n<meta name=\"author\" content=\"Samuel Alves\" \/>\n<meta name=\"twitter:card\" content=\"summary_large_image\" \/>\n<script type=\"application\/ld+json\" class=\"yoast-schema-graph\">{\"@context\":\"https:\\\/\\\/schema.org\",\"@graph\":[{\"@type\":\"Article\",\"@id\":\"https:\\\/\\\/www.renouvelle.be\\\/fr\\\/sncb-2500-bornes-de-recharge-supplementaires-2032\\\/#article\",\"isPartOf\":{\"@id\":\"https:\\\/\\\/www.renouvelle.be\\\/fr\\\/sncb-2500-bornes-de-recharge-supplementaires-2032\\\/\"},\"author\":{\"name\":\"Samuel Alves\",\"@id\":\"https:\\\/\\\/www.renouvelle.be\\\/fr\\\/#\\\/schema\\\/person\\\/9d743366fb269eeceaa8d60e98d289d3\"},\"headline\":\"SNCB\u00a0: 2500 bornes de recharge suppl\u00e9mentaires d\u2019ici 2032\",\"datePublished\":\"2024-08-27T13:49:26+00:00\",\"dateModified\":\"2024-08-28T12:25:59+00:00\",\"mainEntityOfPage\":{\"@id\":\"https:\\\/\\\/www.renouvelle.be\\\/fr\\\/sncb-2500-bornes-de-recharge-supplementaires-2032\\\/\"},\"wordCount\":159,\"image\":{\"@id\":\"https:\\\/\\\/www.renouvelle.be\\\/fr\\\/sncb-2500-bornes-de-recharge-supplementaires-2032\\\/#primaryimage\"},\"thumbnailUrl\":\"https:\\\/\\\/www.renouvelle.be\\\/wp-content\\\/uploads\\\/2024\\\/08\\\/iStock-1196374213.jpg\",\"articleSection\":[\"Actualit\u00e9 en Belgique\"],\"inLanguage\":\"fr-FR\"},{\"@type\":\"WebPage\",\"@id\":\"https:\\\/\\\/www.renouvelle.be\\\/fr\\\/sncb-2500-bornes-de-recharge-supplementaires-2032\\\/\",\"url\":\"https:\\\/\\\/www.renouvelle.be\\\/fr\\\/sncb-2500-bornes-de-recharge-supplementaires-2032\\\/\",\"name\":\"SNCB\u00a0: 2500 bornes de recharge suppl\u00e9mentaires d\u2019ici 2032 - Renouvelle\",\"isPartOf\":{\"@id\":\"https:\\\/\\\/www.renouvelle.be\\\/fr\\\/#website\"},\"primaryImageOfPage\":{\"@id\":\"https:\\\/\\\/www.renouvelle.be\\\/fr\\\/sncb-2500-bornes-de-recharge-supplementaires-2032\\\/#primaryimage\"},\"image\":{\"@id\":\"https:\\\/\\\/www.renouvelle.be\\\/fr\\\/sncb-2500-bornes-de-recharge-supplementaires-2032\\\/#primaryimage\"},\"thumbnailUrl\":\"https:\\\/\\\/www.renouvelle.be\\\/wp-content\\\/uploads\\\/2024\\\/08\\\/iStock-1196374213.jpg\",\"datePublished\":\"2024-08-27T13:49:26+00:00\",\"dateModified\":\"2024-08-28T12:25:59+00:00\",\"author\":{\"@id\":\"https:\\\/\\\/www.renouvelle.be\\\/fr\\\/#\\\/schema\\\/person\\\/9d743366fb269eeceaa8d60e98d289d3\"},\"description\":\"La SNCB lancera bient\u00f4t un appel d'offre afin de d\u00e9velopper son offre de bornes de recharge pour v\u00e9hicules \u00e9lectriques.\",\"breadcrumb\":{\"@id\":\"https:\\\/\\\/www.renouvelle.be\\\/fr\\\/sncb-2500-bornes-de-recharge-supplementaires-2032\\\/#breadcrumb\"},\"inLanguage\":\"fr-FR\",\"potentialAction\":[{\"@type\":\"ReadAction\",\"target\":[\"https:\\\/\\\/www.renouvelle.be\\\/fr\\\/sncb-2500-bornes-de-recharge-supplementaires-2032\\\/\"]}]},{\"@type\":\"ImageObject\",\"inLanguage\":\"fr-FR\",\"@id\":\"https:\\\/\\\/www.renouvelle.be\\\/fr\\\/sncb-2500-bornes-de-recharge-supplementaires-2032\\\/#primaryimage\",\"url\":\"https:\\\/\\\/www.renouvelle.be\\\/wp-content\\\/uploads\\\/2024\\\/08\\\/iStock-1196374213.jpg\",\"contentUrl\":\"https:\\\/\\\/www.renouvelle.be\\\/wp-content\\\/uploads\\\/2024\\\/08\\\/iStock-1196374213.jpg\",\"width\":2121,\"height\":1414,\"caption\":\"bornes de recharge sncb\"},{\"@type\":\"BreadcrumbList\",\"@id\":\"https:\\\/\\\/www.renouvelle.be\\\/fr\\\/sncb-2500-bornes-de-recharge-supplementaires-2032\\\/#breadcrumb\",\"itemListElement\":[{\"@type\":\"ListItem\",\"position\":1,\"name\":\"Accueil\",\"item\":\"https:\\\/\\\/www.renouvelle.be\\\/fr\\\/\"},{\"@type\":\"ListItem\",\"position\":2,\"name\":\"SNCB\u00a0: 2500 bornes de recharge suppl\u00e9mentaires d\u2019ici 2032\"}]},{\"@type\":\"WebSite\",\"@id\":\"https:\\\/\\\/www.renouvelle.be\\\/fr\\\/#website\",\"url\":\"https:\\\/\\\/www.renouvelle.be\\\/fr\\\/\",\"name\":\"Renouvelle\",\"description\":\"L&#039;actualit\u00e9 de l&#039;\u00e9nergie durable\",\"potentialAction\":[{\"@type\":\"SearchAction\",\"target\":{\"@type\":\"EntryPoint\",\"urlTemplate\":\"https:\\\/\\\/www.renouvelle.be\\\/fr\\\/?s={search_term_string}\"},\"query-input\":{\"@type\":\"PropertyValueSpecification\",\"valueRequired\":true,\"valueName\":\"search_term_string\"}}],\"inLanguage\":\"fr-FR\"},{\"@type\":\"Person\",\"@id\":\"https:\\\/\\\/www.renouvelle.be\\\/fr\\\/#\\\/schema\\\/person\\\/9d743366fb269eeceaa8d60e98d289d3\",\"name\":\"Samuel Alves\",\"url\":\"https:\\\/\\\/www.renouvelle.be\\\/fr\\\/author\\\/salves\\\/\"}]}<\/script>\n<!-- \/ Yoast SEO plugin. -->","yoast_head_json":{"title":"SNCB\u00a0: 2500 bornes de recharge suppl\u00e9mentaires d\u2019ici 2032 - Renouvelle","description":"La SNCB lancera bient\u00f4t un appel d'offre afin de d\u00e9velopper son offre de bornes de recharge pour v\u00e9hicules \u00e9lectriques.","robots":{"index":"index","follow":"follow","max-snippet":"max-snippet:-1","max-image-preview":"max-image-preview:large","max-video-preview":"max-video-preview:-1"},"canonical":"https:\/\/www.renouvelle.be\/fr\/sncb-2500-bornes-de-recharge-supplementaires-2032\/","og_locale":"fr_FR","og_type":"article","og_title":"SNCB\u00a0: 2500 bornes de recharge suppl\u00e9mentaires d\u2019ici 2032 - Renouvelle","og_description":"La SNCB lancera bient\u00f4t un appel d'offre afin de d\u00e9velopper son offre de bornes de recharge pour v\u00e9hicules \u00e9lectriques.","og_url":"https:\/\/www.renouvelle.be\/fr\/sncb-2500-bornes-de-recharge-supplementaires-2032\/","og_site_name":"Renouvelle","article_published_time":"2024-08-27T13:49:26+00:00","article_modified_time":"2024-08-28T12:25:59+00:00","og_image":[{"width":1024,"height":683,"url":"https:\/\/www.renouvelle.be\/wp-content\/uploads\/2024\/08\/iStock-1196374213-1024x683.jpg","type":"image\/jpeg"}],"author":"Samuel Alves","twitter_card":"summary_large_image","schema":{"@context":"https:\/\/schema.org","@graph":[{"@type":"Article","@id":"https:\/\/www.renouvelle.be\/fr\/sncb-2500-bornes-de-recharge-supplementaires-2032\/#article","isPartOf":{"@id":"https:\/\/www.renouvelle.be\/fr\/sncb-2500-bornes-de-recharge-supplementaires-2032\/"},"author":{"name":"Samuel Alves","@id":"https:\/\/www.renouvelle.be\/fr\/#\/schema\/person\/9d743366fb269eeceaa8d60e98d289d3"},"headline":"SNCB\u00a0: 2500 bornes de recharge suppl\u00e9mentaires d\u2019ici 2032","datePublished":"2024-08-27T13:49:26+00:00","dateModified":"2024-08-28T12:25:59+00:00","mainEntityOfPage":{"@id":"https:\/\/www.renouvelle.be\/fr\/sncb-2500-bornes-de-recharge-supplementaires-2032\/"},"wordCount":159,"image":{"@id":"https:\/\/www.renouvelle.be\/fr\/sncb-2500-bornes-de-recharge-supplementaires-2032\/#primaryimage"},"thumbnailUrl":"https:\/\/www.renouvelle.be\/wp-content\/uploads\/2024\/08\/iStock-1196374213.jpg","articleSection":["Actualit\u00e9 en Belgique"],"inLanguage":"fr-FR"},{"@type":"WebPage","@id":"https:\/\/www.renouvelle.be\/fr\/sncb-2500-bornes-de-recharge-supplementaires-2032\/","url":"https:\/\/www.renouvelle.be\/fr\/sncb-2500-bornes-de-recharge-supplementaires-2032\/","name":"SNCB\u00a0: 2500 bornes de recharge suppl\u00e9mentaires d\u2019ici 2032 - Renouvelle","isPartOf":{"@id":"https:\/\/www.renouvelle.be\/fr\/#website"},"primaryImageOfPage":{"@id":"https:\/\/www.renouvelle.be\/fr\/sncb-2500-bornes-de-recharge-supplementaires-2032\/#primaryimage"},"image":{"@id":"https:\/\/www.renouvelle.be\/fr\/sncb-2500-bornes-de-recharge-supplementaires-2032\/#primaryimage"},"thumbnailUrl":"https:\/\/www.renouvelle.be\/wp-content\/uploads\/2024\/08\/iStock-1196374213.jpg","datePublished":"2024-08-27T13:49:26+00:00","dateModified":"2024-08-28T12:25:59+00:00","author":{"@id":"https:\/\/www.renouvelle.be\/fr\/#\/schema\/person\/9d743366fb269eeceaa8d60e98d289d3"},"description":"La SNCB lancera bient\u00f4t un appel d'offre afin de d\u00e9velopper son offre de bornes de recharge pour v\u00e9hicules \u00e9lectriques.","breadcrumb":{"@id":"https:\/\/www.renouvelle.be\/fr\/sncb-2500-bornes-de-recharge-supplementaires-2032\/#breadcrumb"},"inLanguage":"fr-FR","potentialAction":[{"@type":"ReadAction","target":["https:\/\/www.renouvelle.be\/fr\/sncb-2500-bornes-de-recharge-supplementaires-2032\/"]}]},{"@type":"ImageObject","inLanguage":"fr-FR","@id":"https:\/\/www.renouvelle.be\/fr\/sncb-2500-bornes-de-recharge-supplementaires-2032\/#primaryimage","url":"https:\/\/www.renouvelle.be\/wp-content\/uploads\/2024\/08\/iStock-1196374213.jpg","contentUrl":"https:\/\/www.renouvelle.be\/wp-content\/uploads\/2024\/08\/iStock-1196374213.jpg","width":2121,"height":1414,"caption":"bornes de recharge sncb"},{"@type":"BreadcrumbList","@id":"https:\/\/www.renouvelle.be\/fr\/sncb-2500-bornes-de-recharge-supplementaires-2032\/#breadcrumb","itemListElement":[{"@type":"ListItem","position":1,"name":"Accueil","item":"https:\/\/www.renouvelle.be\/fr\/"},{"@type":"ListItem","position":2,"name":"SNCB\u00a0: 2500 bornes de recharge suppl\u00e9mentaires d\u2019ici 2032"}]},{"@type":"WebSite","@id":"https:\/\/www.renouvelle.be\/fr\/#website","url":"https:\/\/www.renouvelle.be\/fr\/","name":"Renouvelle","description":"L&#039;actualit\u00e9 de l&#039;\u00e9nergie durable","potentialAction":[{"@type":"SearchAction","target":{"@type":"EntryPoint","urlTemplate":"https:\/\/www.renouvelle.be\/fr\/?s={search_term_string}"},"query-input":{"@type":"PropertyValueSpecification","valueRequired":true,"valueName":"search_term_string"}}],"inLanguage":"fr-FR"},{"@type":"Person","@id":"https:\/\/www.renouvelle.be\/fr\/#\/schema\/person\/9d743366fb269eeceaa8d60e98d289d3","name":"Samuel Alves","url":"https:\/\/www.renouvelle.be\/fr\/author\/salves\/"}]}},"_links":{"self":[{"href":"https:\/\/www.renouvelle.be\/fr\/wp-json\/wp\/v2\/posts\/13557","targetHints":{"allow":["GET"]}}],"collection":[{"href":"https:\/\/www.renouvelle.be\/fr\/wp-json\/wp\/v2\/posts"}],"about":[{"href":"https:\/\/www.renouvelle.be\/fr\/wp-json\/wp\/v2\/types\/post"}],"author":[{"embeddable":true,"href":"https:\/\/www.renouvelle.be\/fr\/wp-json\/wp\/v2\/users\/38"}],"replies":[{"embeddable":true,"href":"https:\/\/www.renouvelle.be\/fr\/wp-json\/wp\/v2\/comments?post=13557"}],"version-history":[{"count":4,"href":"https:\/\/www.renouvelle.be\/fr\/wp-json\/wp\/v2\/posts\/13557\/revisions"}],"predecessor-version":[{"id":13564,"href":"https:\/\/www.renouvelle.be\/fr\/wp-json\/wp\/v2\/posts\/13557\/revisions\/13564"}],"wp:featuredmedia":[{"embeddable":true,"href":"https:\/\/www.renouvelle.be\/fr\/wp-json\/wp\/v2\/media\/13559"}],"wp:attachment":[{"href":"https:\/\/www.renouvelle.be\/fr\/wp-json\/wp\/v2\/media?parent=13557"}],"wp:term":[{"taxonomy":"category","embeddable":true,"href":"https:\/\/www.renouvelle.be\/fr\/wp-json\/wp\/v2\/categories?post=13557"},{"taxonomy":"post_tag","embeddable":true,"href":"https:\/\/www.renouvelle.be\/fr\/wp-json\/wp\/v2\/tags?post=13557"},{"taxonomy":"section","embeddable":true,"href":"https:\/\/www.renouvelle.be\/fr\/wp-json\/wp\/v2\/section?post=13557"}],"curies":[{"name":"wp","href":"https:\/\/api.w.org\/{rel}","templated":true}]}}