{"id":13471,"date":"2024-08-12T16:17:10","date_gmt":"2024-08-12T14:17:10","guid":{"rendered":"https:\/\/www.renouvelle.be\/?p=13471"},"modified":"2024-08-12T16:17:13","modified_gmt":"2024-08-12T14:17:13","slug":"photovoltaique-vertical-un-record-pour-la-norvege","status":"publish","type":"post","link":"https:\/\/www.renouvelle.be\/fr\/photovoltaique-vertical-un-record-pour-la-norvege\/","title":{"rendered":"Photovolta\u00efque vertical\u00a0: un record pour la Norv\u00e8ge"},"content":{"rendered":"\n<p>Cette installation, pos\u00e9e \u00e0 l&rsquo;Ullevaal Stadion, est compos\u00e9e de 1 242 panneaux de 200 Wc chacun. Ce nombre d&rsquo;unit\u00e9s solaires lui conf\u00e8re le titre de plus grand syst\u00e8me photovolta\u00efque vertical bifacial sur toit au monde. Un beau but marqu\u00e9 par la Norv\u00e8ge pour la transition \u00e9nerg\u00e9tique.<\/p>\n\n\n\n<p>Les modules ont \u00e9t\u00e9 fournis par <a href=\"https:\/\/www.overeasy.no\/\" target=\"_blank\" rel=\"noreferrer noopener\">Over Easy Solar<\/a> et install\u00e9s en quelques jours par Solenergi FUSen, en mai de cette ann\u00e9e. Cette nouvelle centrale solaire s&rsquo;\u00e9tend sur 2 500 m\u00b2 et devrait produire 219 000 kWh d&rsquo;\u00e9nergie renouvelable par an.<\/p>\n\n\n\n<p>Une quantit\u00e9 impressionnante, rendue possible gr\u00e2ce au rendement offert par le syst\u00e8me photovolta\u00efque vertical. Les panneaux solaires bifaciaux offriraient un rendement sup\u00e9rieur de 20 \u00e0 30 % par rapport aux installations horizontales plus traditionnelles.<\/p>\n\n\n\n<p>Afin de maximiser la performance \u00e9nerg\u00e9tique en hiver, les <a href=\"https:\/\/www.renouvelle.be\/fr\/photovoltaique-bifacial-voies-ferrees-des-tests-en-europe\/\" target=\"_blank\" rel=\"noreferrer noopener\">panneaux solaires verticaux<\/a>, orient\u00e9s dans une direction sud-nord, ont \u00e9t\u00e9 ajust\u00e9s de 20 degr\u00e9s vers le sud-est. Ces derniers sont \u00e9galement plus performants gr\u00e2ce \u00e0 une couverture neigeuse moins importante.<\/p>\n\n\n\n<p><em>Source image : Over Easy Solar<\/em><\/p>\n","protected":false},"excerpt":{"rendered":"<p>Cette installation, pos\u00e9e \u00e0 l&rsquo;Ullevaal Stadion, est compos\u00e9e de 1 242 panneaux de 200 Wc chacun. Ce nombre d&rsquo;unit\u00e9s solaires lui conf\u00e8re le titre de plus grand syst\u00e8me photovolta\u00efque vertical bifacial sur toit au monde. Un beau but marqu\u00e9 par la Norv\u00e8ge pour la transition \u00e9nerg\u00e9tique. Les modules ont \u00e9t\u00e9 fournis par Over Easy Solar et install\u00e9s en quelques jours par Solenergi FUSen, en mai de cette ann\u00e9e. Cette nouvelle centrale solaire s&rsquo;\u00e9tend sur 2 500 m\u00b2 et devrait produire 219 000 kWh d&rsquo;\u00e9nergie renouvelable par an. Une quantit\u00e9 impressionnante, rendue possible gr\u00e2ce au rendement offert par le syst\u00e8me photovolta\u00efque vertical. Les panneaux solaires bifaciaux offriraient un rendement sup\u00e9rieur de 20 \u00e0 30 % par rapport aux installations horizontales plus traditionnelles. Afin de maximiser la performance \u00e9nerg\u00e9tique en hiver, les panneaux solaires verticaux, orient\u00e9s dans une direction sud-nord, ont \u00e9t\u00e9 ajust\u00e9s de 20 degr\u00e9s vers le sud-est. Ces derniers sont \u00e9galement plus performants gr\u00e2ce \u00e0 une couverture neigeuse moins importante. Source image : Over Easy Solar<\/p>\n","protected":false},"author":38,"featured_media":13473,"comment_status":"closed","ping_status":"closed","sticky":false,"template":"","format":"standard","meta":{"_acf_changed":false,"footnotes":""},"categories":[18],"tags":[],"section":[8,13],"class_list":["post-13471","post","type-post","status-publish","format-standard","has-post-thumbnail","hentry","category-actualite-internationale","section-energie-renouvelables","section-solaire"],"acf":[],"yoast_head":"<!-- This site is optimized with the Yoast SEO plugin v27.5 - https:\/\/yoast.com\/product\/yoast-seo-wordpress\/ -->\n<title>Photovolta\u00efque vertical\u00a0: un record pour la Norv\u00e8ge - Renouvelle<\/title>\n<meta name=\"description\" content=\"La Norv\u00e8ge marque un but dans le d\u00e9veloppement du photovolta\u00efque vertical gr\u00e2ce \u00e0 une installation sur le toit de l&#039;Ullevaal Stadion.\" \/>\n<meta name=\"robots\" content=\"index, follow, max-snippet:-1, max-image-preview:large, max-video-preview:-1\" \/>\n<link rel=\"canonical\" href=\"https:\/\/www.renouvelle.be\/fr\/photovoltaique-vertical-un-record-pour-la-norvege\/\" \/>\n<meta property=\"og:locale\" content=\"fr_FR\" \/>\n<meta property=\"og:type\" content=\"article\" \/>\n<meta property=\"og:title\" content=\"Photovolta\u00efque vertical\u00a0: un record pour la Norv\u00e8ge - Renouvelle\" \/>\n<meta property=\"og:description\" content=\"La Norv\u00e8ge marque un but dans le d\u00e9veloppement du photovolta\u00efque vertical gr\u00e2ce \u00e0 une installation sur le toit de l&#039;Ullevaal Stadion.\" \/>\n<meta property=\"og:url\" content=\"https:\/\/www.renouvelle.be\/fr\/photovoltaique-vertical-un-record-pour-la-norvege\/\" \/>\n<meta property=\"og:site_name\" content=\"Renouvelle\" \/>\n<meta property=\"article:published_time\" content=\"2024-08-12T14:17:10+00:00\" \/>\n<meta property=\"article:modified_time\" content=\"2024-08-12T14:17:13+00:00\" \/>\n<meta property=\"og:image\" content=\"https:\/\/www.renouvelle.be\/wp-content\/uploads\/2024\/08\/Image-UllevaalStadion.jpg\" \/>\n\t<meta property=\"og:image:width\" content=\"1008\" \/>\n\t<meta property=\"og:image:height\" content=\"576\" \/>\n\t<meta property=\"og:image:type\" content=\"image\/jpeg\" \/>\n<meta name=\"author\" content=\"Samuel Alves\" \/>\n<meta name=\"twitter:card\" content=\"summary_large_image\" \/>\n<script type=\"application\/ld+json\" class=\"yoast-schema-graph\">{\"@context\":\"https:\\\/\\\/schema.org\",\"@graph\":[{\"@type\":\"Article\",\"@id\":\"https:\\\/\\\/www.renouvelle.be\\\/fr\\\/photovoltaique-vertical-un-record-pour-la-norvege\\\/#article\",\"isPartOf\":{\"@id\":\"https:\\\/\\\/www.renouvelle.be\\\/fr\\\/photovoltaique-vertical-un-record-pour-la-norvege\\\/\"},\"author\":{\"name\":\"Samuel Alves\",\"@id\":\"https:\\\/\\\/www.renouvelle.be\\\/fr\\\/#\\\/schema\\\/person\\\/9d743366fb269eeceaa8d60e98d289d3\"},\"headline\":\"Photovolta\u00efque vertical\u00a0: un record pour la Norv\u00e8ge\",\"datePublished\":\"2024-08-12T14:17:10+00:00\",\"dateModified\":\"2024-08-12T14:17:13+00:00\",\"mainEntityOfPage\":{\"@id\":\"https:\\\/\\\/www.renouvelle.be\\\/fr\\\/photovoltaique-vertical-un-record-pour-la-norvege\\\/\"},\"wordCount\":183,\"image\":{\"@id\":\"https:\\\/\\\/www.renouvelle.be\\\/fr\\\/photovoltaique-vertical-un-record-pour-la-norvege\\\/#primaryimage\"},\"thumbnailUrl\":\"https:\\\/\\\/www.renouvelle.be\\\/wp-content\\\/uploads\\\/2024\\\/08\\\/Image-UllevaalStadion.jpg\",\"articleSection\":[\"Actualit\u00e9 internationale\"],\"inLanguage\":\"fr-FR\"},{\"@type\":\"WebPage\",\"@id\":\"https:\\\/\\\/www.renouvelle.be\\\/fr\\\/photovoltaique-vertical-un-record-pour-la-norvege\\\/\",\"url\":\"https:\\\/\\\/www.renouvelle.be\\\/fr\\\/photovoltaique-vertical-un-record-pour-la-norvege\\\/\",\"name\":\"Photovolta\u00efque vertical\u00a0: un record pour la Norv\u00e8ge - Renouvelle\",\"isPartOf\":{\"@id\":\"https:\\\/\\\/www.renouvelle.be\\\/fr\\\/#website\"},\"primaryImageOfPage\":{\"@id\":\"https:\\\/\\\/www.renouvelle.be\\\/fr\\\/photovoltaique-vertical-un-record-pour-la-norvege\\\/#primaryimage\"},\"image\":{\"@id\":\"https:\\\/\\\/www.renouvelle.be\\\/fr\\\/photovoltaique-vertical-un-record-pour-la-norvege\\\/#primaryimage\"},\"thumbnailUrl\":\"https:\\\/\\\/www.renouvelle.be\\\/wp-content\\\/uploads\\\/2024\\\/08\\\/Image-UllevaalStadion.jpg\",\"datePublished\":\"2024-08-12T14:17:10+00:00\",\"dateModified\":\"2024-08-12T14:17:13+00:00\",\"author\":{\"@id\":\"https:\\\/\\\/www.renouvelle.be\\\/fr\\\/#\\\/schema\\\/person\\\/9d743366fb269eeceaa8d60e98d289d3\"},\"description\":\"La Norv\u00e8ge marque un but dans le d\u00e9veloppement du photovolta\u00efque vertical gr\u00e2ce \u00e0 une installation sur le toit de l'Ullevaal Stadion.\",\"breadcrumb\":{\"@id\":\"https:\\\/\\\/www.renouvelle.be\\\/fr\\\/photovoltaique-vertical-un-record-pour-la-norvege\\\/#breadcrumb\"},\"inLanguage\":\"fr-FR\",\"potentialAction\":[{\"@type\":\"ReadAction\",\"target\":[\"https:\\\/\\\/www.renouvelle.be\\\/fr\\\/photovoltaique-vertical-un-record-pour-la-norvege\\\/\"]}]},{\"@type\":\"ImageObject\",\"inLanguage\":\"fr-FR\",\"@id\":\"https:\\\/\\\/www.renouvelle.be\\\/fr\\\/photovoltaique-vertical-un-record-pour-la-norvege\\\/#primaryimage\",\"url\":\"https:\\\/\\\/www.renouvelle.be\\\/wp-content\\\/uploads\\\/2024\\\/08\\\/Image-UllevaalStadion.jpg\",\"contentUrl\":\"https:\\\/\\\/www.renouvelle.be\\\/wp-content\\\/uploads\\\/2024\\\/08\\\/Image-UllevaalStadion.jpg\",\"width\":1008,\"height\":576,\"caption\":\"Image source : Over Easy Solar\"},{\"@type\":\"BreadcrumbList\",\"@id\":\"https:\\\/\\\/www.renouvelle.be\\\/fr\\\/photovoltaique-vertical-un-record-pour-la-norvege\\\/#breadcrumb\",\"itemListElement\":[{\"@type\":\"ListItem\",\"position\":1,\"name\":\"Accueil\",\"item\":\"https:\\\/\\\/www.renouvelle.be\\\/fr\\\/\"},{\"@type\":\"ListItem\",\"position\":2,\"name\":\"Photovolta\u00efque vertical\u00a0: un record pour la Norv\u00e8ge\"}]},{\"@type\":\"WebSite\",\"@id\":\"https:\\\/\\\/www.renouvelle.be\\\/fr\\\/#website\",\"url\":\"https:\\\/\\\/www.renouvelle.be\\\/fr\\\/\",\"name\":\"Renouvelle\",\"description\":\"L&#039;actualit\u00e9 de l&#039;\u00e9nergie durable\",\"potentialAction\":[{\"@type\":\"SearchAction\",\"target\":{\"@type\":\"EntryPoint\",\"urlTemplate\":\"https:\\\/\\\/www.renouvelle.be\\\/fr\\\/?s={search_term_string}\"},\"query-input\":{\"@type\":\"PropertyValueSpecification\",\"valueRequired\":true,\"valueName\":\"search_term_string\"}}],\"inLanguage\":\"fr-FR\"},{\"@type\":\"Person\",\"@id\":\"https:\\\/\\\/www.renouvelle.be\\\/fr\\\/#\\\/schema\\\/person\\\/9d743366fb269eeceaa8d60e98d289d3\",\"name\":\"Samuel Alves\",\"url\":\"https:\\\/\\\/www.renouvelle.be\\\/fr\\\/author\\\/salves\\\/\"}]}<\/script>\n<!-- \/ Yoast SEO plugin. -->","yoast_head_json":{"title":"Photovolta\u00efque vertical\u00a0: un record pour la Norv\u00e8ge - Renouvelle","description":"La Norv\u00e8ge marque un but dans le d\u00e9veloppement du photovolta\u00efque vertical gr\u00e2ce \u00e0 une installation sur le toit de l'Ullevaal Stadion.","robots":{"index":"index","follow":"follow","max-snippet":"max-snippet:-1","max-image-preview":"max-image-preview:large","max-video-preview":"max-video-preview:-1"},"canonical":"https:\/\/www.renouvelle.be\/fr\/photovoltaique-vertical-un-record-pour-la-norvege\/","og_locale":"fr_FR","og_type":"article","og_title":"Photovolta\u00efque vertical\u00a0: un record pour la Norv\u00e8ge - Renouvelle","og_description":"La Norv\u00e8ge marque un but dans le d\u00e9veloppement du photovolta\u00efque vertical gr\u00e2ce \u00e0 une installation sur le toit de l'Ullevaal Stadion.","og_url":"https:\/\/www.renouvelle.be\/fr\/photovoltaique-vertical-un-record-pour-la-norvege\/","og_site_name":"Renouvelle","article_published_time":"2024-08-12T14:17:10+00:00","article_modified_time":"2024-08-12T14:17:13+00:00","og_image":[{"width":1008,"height":576,"url":"https:\/\/www.renouvelle.be\/wp-content\/uploads\/2024\/08\/Image-UllevaalStadion.jpg","type":"image\/jpeg"}],"author":"Samuel Alves","twitter_card":"summary_large_image","schema":{"@context":"https:\/\/schema.org","@graph":[{"@type":"Article","@id":"https:\/\/www.renouvelle.be\/fr\/photovoltaique-vertical-un-record-pour-la-norvege\/#article","isPartOf":{"@id":"https:\/\/www.renouvelle.be\/fr\/photovoltaique-vertical-un-record-pour-la-norvege\/"},"author":{"name":"Samuel Alves","@id":"https:\/\/www.renouvelle.be\/fr\/#\/schema\/person\/9d743366fb269eeceaa8d60e98d289d3"},"headline":"Photovolta\u00efque vertical\u00a0: un record pour la Norv\u00e8ge","datePublished":"2024-08-12T14:17:10+00:00","dateModified":"2024-08-12T14:17:13+00:00","mainEntityOfPage":{"@id":"https:\/\/www.renouvelle.be\/fr\/photovoltaique-vertical-un-record-pour-la-norvege\/"},"wordCount":183,"image":{"@id":"https:\/\/www.renouvelle.be\/fr\/photovoltaique-vertical-un-record-pour-la-norvege\/#primaryimage"},"thumbnailUrl":"https:\/\/www.renouvelle.be\/wp-content\/uploads\/2024\/08\/Image-UllevaalStadion.jpg","articleSection":["Actualit\u00e9 internationale"],"inLanguage":"fr-FR"},{"@type":"WebPage","@id":"https:\/\/www.renouvelle.be\/fr\/photovoltaique-vertical-un-record-pour-la-norvege\/","url":"https:\/\/www.renouvelle.be\/fr\/photovoltaique-vertical-un-record-pour-la-norvege\/","name":"Photovolta\u00efque vertical\u00a0: un record pour la Norv\u00e8ge - Renouvelle","isPartOf":{"@id":"https:\/\/www.renouvelle.be\/fr\/#website"},"primaryImageOfPage":{"@id":"https:\/\/www.renouvelle.be\/fr\/photovoltaique-vertical-un-record-pour-la-norvege\/#primaryimage"},"image":{"@id":"https:\/\/www.renouvelle.be\/fr\/photovoltaique-vertical-un-record-pour-la-norvege\/#primaryimage"},"thumbnailUrl":"https:\/\/www.renouvelle.be\/wp-content\/uploads\/2024\/08\/Image-UllevaalStadion.jpg","datePublished":"2024-08-12T14:17:10+00:00","dateModified":"2024-08-12T14:17:13+00:00","author":{"@id":"https:\/\/www.renouvelle.be\/fr\/#\/schema\/person\/9d743366fb269eeceaa8d60e98d289d3"},"description":"La Norv\u00e8ge marque un but dans le d\u00e9veloppement du photovolta\u00efque vertical gr\u00e2ce \u00e0 une installation sur le toit de l'Ullevaal Stadion.","breadcrumb":{"@id":"https:\/\/www.renouvelle.be\/fr\/photovoltaique-vertical-un-record-pour-la-norvege\/#breadcrumb"},"inLanguage":"fr-FR","potentialAction":[{"@type":"ReadAction","target":["https:\/\/www.renouvelle.be\/fr\/photovoltaique-vertical-un-record-pour-la-norvege\/"]}]},{"@type":"ImageObject","inLanguage":"fr-FR","@id":"https:\/\/www.renouvelle.be\/fr\/photovoltaique-vertical-un-record-pour-la-norvege\/#primaryimage","url":"https:\/\/www.renouvelle.be\/wp-content\/uploads\/2024\/08\/Image-UllevaalStadion.jpg","contentUrl":"https:\/\/www.renouvelle.be\/wp-content\/uploads\/2024\/08\/Image-UllevaalStadion.jpg","width":1008,"height":576,"caption":"Image source : Over Easy Solar"},{"@type":"BreadcrumbList","@id":"https:\/\/www.renouvelle.be\/fr\/photovoltaique-vertical-un-record-pour-la-norvege\/#breadcrumb","itemListElement":[{"@type":"ListItem","position":1,"name":"Accueil","item":"https:\/\/www.renouvelle.be\/fr\/"},{"@type":"ListItem","position":2,"name":"Photovolta\u00efque vertical\u00a0: un record pour la Norv\u00e8ge"}]},{"@type":"WebSite","@id":"https:\/\/www.renouvelle.be\/fr\/#website","url":"https:\/\/www.renouvelle.be\/fr\/","name":"Renouvelle","description":"L&#039;actualit\u00e9 de l&#039;\u00e9nergie durable","potentialAction":[{"@type":"SearchAction","target":{"@type":"EntryPoint","urlTemplate":"https:\/\/www.renouvelle.be\/fr\/?s={search_term_string}"},"query-input":{"@type":"PropertyValueSpecification","valueRequired":true,"valueName":"search_term_string"}}],"inLanguage":"fr-FR"},{"@type":"Person","@id":"https:\/\/www.renouvelle.be\/fr\/#\/schema\/person\/9d743366fb269eeceaa8d60e98d289d3","name":"Samuel Alves","url":"https:\/\/www.renouvelle.be\/fr\/author\/salves\/"}]}},"_links":{"self":[{"href":"https:\/\/www.renouvelle.be\/fr\/wp-json\/wp\/v2\/posts\/13471","targetHints":{"allow":["GET"]}}],"collection":[{"href":"https:\/\/www.renouvelle.be\/fr\/wp-json\/wp\/v2\/posts"}],"about":[{"href":"https:\/\/www.renouvelle.be\/fr\/wp-json\/wp\/v2\/types\/post"}],"author":[{"embeddable":true,"href":"https:\/\/www.renouvelle.be\/fr\/wp-json\/wp\/v2\/users\/38"}],"replies":[{"embeddable":true,"href":"https:\/\/www.renouvelle.be\/fr\/wp-json\/wp\/v2\/comments?post=13471"}],"version-history":[{"count":4,"href":"https:\/\/www.renouvelle.be\/fr\/wp-json\/wp\/v2\/posts\/13471\/revisions"}],"predecessor-version":[{"id":13477,"href":"https:\/\/www.renouvelle.be\/fr\/wp-json\/wp\/v2\/posts\/13471\/revisions\/13477"}],"wp:featuredmedia":[{"embeddable":true,"href":"https:\/\/www.renouvelle.be\/fr\/wp-json\/wp\/v2\/media\/13473"}],"wp:attachment":[{"href":"https:\/\/www.renouvelle.be\/fr\/wp-json\/wp\/v2\/media?parent=13471"}],"wp:term":[{"taxonomy":"category","embeddable":true,"href":"https:\/\/www.renouvelle.be\/fr\/wp-json\/wp\/v2\/categories?post=13471"},{"taxonomy":"post_tag","embeddable":true,"href":"https:\/\/www.renouvelle.be\/fr\/wp-json\/wp\/v2\/tags?post=13471"},{"taxonomy":"section","embeddable":true,"href":"https:\/\/www.renouvelle.be\/fr\/wp-json\/wp\/v2\/section?post=13471"}],"curies":[{"name":"wp","href":"https:\/\/api.w.org\/{rel}","templated":true}]}}