{"id":13462,"date":"2024-08-08T17:14:20","date_gmt":"2024-08-08T15:14:20","guid":{"rendered":"https:\/\/www.renouvelle.be\/?p=13462"},"modified":"2024-08-08T17:14:30","modified_gmt":"2024-08-08T15:14:30","slug":"premiere-pour-lue-le-solaire-et-leolien-depassent-le-fossile","status":"publish","type":"post","link":"https:\/\/www.renouvelle.be\/fr\/premiere-pour-lue-le-solaire-et-leolien-depassent-le-fossile\/","title":{"rendered":"Premi\u00e8re pour l\u2019UE : le solaire et l\u2019\u00e9olien d\u00e9passent le fossile"},"content":{"rendered":"\n<p>D\u00e9cid\u00e9ment, les bonnes nouvelles n\u2019arr\u00eatent pas de pleuvoir pour les \u00e9nergies renouvelables en 2024 ! Avec 30 % de l\u2019\u00e9lectricit\u00e9 produite dans l\u2019Union europ\u00e9enne, l\u2019\u00e9nergie solaire et \u00e9olienne d\u00e9passe les 27 % de celle g\u00e9n\u00e9r\u00e9e par les \u00e9nergies fossiles, qui enregistrent une baisse de 17 % par rapport au premier semestre 2023. C\u2019est ce qu\u2019indique un r\u00e9cent rapport du centre d\u2019\u00e9tudes Ember.<\/p>\n\n\n\n<p>Soutenus par une augmentation <a href=\"https:\/\/www.renouvelle.be\/fr\/18-gw-capacite-eolienne-installee-europe-2023\/\" target=\"_blank\" rel=\"noreferrer noopener\">des capacit\u00e9s install\u00e9es<\/a>, le solaire et l\u2019\u00e9olien ont connu, respectivement, une croissance de production de 20 % et 9,5 %. Du c\u00f4t\u00e9 du fossile, la production d\u2019\u00e9lectricit\u00e9 \u00e0 partir du gaz diminue de 14 %, mais c\u2019est le charbon qui subit la plus forte chute avec une baisse de 24 %.<\/p>\n\n\n\n<p>Pour ne rien g\u00e2cher, la Belgique fait partie des bons \u00e9l\u00e8ves puisqu\u2019elle a produit, pour la premi\u00e8re fois, plus d\u2019\u00e9lectricit\u00e9 gr\u00e2ce au solaire et \u00e0 l\u2019\u00e9olien que gr\u00e2ce aux \u00e9nergies fossiles durant le premier semestre 2024. Cela a \u00e9galement \u00e9t\u00e9 le cas pour 12 autres \u00c9tats membres de l\u2019UE.<\/p>\n\n\n\n<p>Cette augmentation de la production d\u2019\u00e9nergies renouvelables au sein de l\u2019Union europ\u00e9enne a permis au secteur de l\u2019\u00e9nergie de r\u00e9duire ses \u00e9missions de gaz \u00e0 effet de serre de 17 %.<\/p>\n\n\n\n<p>Bien qu\u2019il reste encore beaucoup \u00e0 faire pour le d\u00e9veloppement des \u00e9nergies renouvelables et pour atteindre la neutralit\u00e9 climatique d\u2019ici 2050, ces chiffres t\u00e9moignent qu\u2019un r\u00e9el changement est en train de s\u2019op\u00e9rer dans le secteur de l\u2019\u00e9nergie, et on ne peut que l\u2019encourager.<\/p>\n\n\n\n<p>Le rapport complet d\u2019Ember est lire <a href=\"https:\/\/ember-climate.org\/insights\/research\/eu-wind-and-solar-overtake-fossil-fuels\/\" target=\"_blank\" rel=\"noreferrer noopener\">ici<\/a>.<\/p>\n","protected":false},"excerpt":{"rendered":"<p>D\u00e9cid\u00e9ment, les bonnes nouvelles n\u2019arr\u00eatent pas de pleuvoir pour les \u00e9nergies renouvelables en 2024 ! Avec 30 % de l\u2019\u00e9lectricit\u00e9 produite dans l\u2019Union europ\u00e9enne, l\u2019\u00e9nergie solaire et \u00e9olienne d\u00e9passe les 27 % de celle g\u00e9n\u00e9r\u00e9e par les \u00e9nergies fossiles, qui enregistrent une baisse de 17 % par rapport au premier semestre 2023. C\u2019est ce qu\u2019indique un r\u00e9cent rapport du centre d\u2019\u00e9tudes Ember. Soutenus par une augmentation des capacit\u00e9s install\u00e9es, le solaire et l\u2019\u00e9olien ont connu, respectivement, une croissance de production de 20 % et 9,5 %. Du c\u00f4t\u00e9 du fossile, la production d\u2019\u00e9lectricit\u00e9 \u00e0 partir du gaz diminue de 14 %, mais c\u2019est le charbon qui subit la plus forte chute avec une baisse de 24 %. Pour ne rien g\u00e2cher, la Belgique fait partie des bons \u00e9l\u00e8ves puisqu\u2019elle a produit, pour la premi\u00e8re fois, plus d\u2019\u00e9lectricit\u00e9 gr\u00e2ce au solaire et \u00e0 l\u2019\u00e9olien que gr\u00e2ce aux \u00e9nergies fossiles durant le premier semestre 2024. Cela a \u00e9galement \u00e9t\u00e9 le cas pour 12 autres \u00c9tats membres de l\u2019UE. Cette augmentation de la production d\u2019\u00e9nergies renouvelables au sein de l\u2019Union europ\u00e9enne a permis au secteur de l\u2019\u00e9nergie de r\u00e9duire ses \u00e9missions de gaz \u00e0 effet de serre de 17 %. Bien qu\u2019il reste encore beaucoup \u00e0 faire pour le d\u00e9veloppement des \u00e9nergies renouvelables et pour atteindre la neutralit\u00e9 climatique d\u2019ici 2050, ces chiffres t\u00e9moignent qu\u2019un r\u00e9el changement est en train de s\u2019op\u00e9rer dans le secteur de l\u2019\u00e9nergie, et on ne peut que l\u2019encourager. Le rapport complet d\u2019Ember est lire ici.<\/p>\n","protected":false},"author":38,"featured_media":13467,"comment_status":"closed","ping_status":"closed","sticky":false,"template":"","format":"standard","meta":{"_acf_changed":false,"footnotes":""},"categories":[18],"tags":[],"section":[8,13,6],"class_list":["post-13462","post","type-post","status-publish","format-standard","has-post-thumbnail","hentry","category-actualite-internationale","section-energie-renouvelables","section-solaire","section-eolien"],"acf":[],"yoast_head":"<!-- This site is optimized with the Yoast SEO plugin v27.5 - https:\/\/yoast.com\/product\/yoast-seo-wordpress\/ -->\n<title>Premi\u00e8re pour l\u2019UE : le solaire et l\u2019\u00e9olien d\u00e9passent le fossile - Renouvelle<\/title>\n<meta name=\"description\" content=\"Le solaire et l&#039;\u00e9olien d\u00e9passent, pour la premi\u00e8re fois, le fossile dans la production d&#039;\u00e9lectricit\u00e9 de l&#039;Union europ\u00e9enne.\" \/>\n<meta name=\"robots\" content=\"index, follow, max-snippet:-1, max-image-preview:large, max-video-preview:-1\" \/>\n<link rel=\"canonical\" href=\"https:\/\/www.renouvelle.be\/fr\/premiere-pour-lue-le-solaire-et-leolien-depassent-le-fossile\/\" \/>\n<meta property=\"og:locale\" content=\"fr_FR\" \/>\n<meta property=\"og:type\" content=\"article\" \/>\n<meta property=\"og:title\" content=\"Premi\u00e8re pour l\u2019UE : le solaire et l\u2019\u00e9olien d\u00e9passent le fossile - Renouvelle\" \/>\n<meta property=\"og:description\" content=\"Le solaire et l&#039;\u00e9olien d\u00e9passent, pour la premi\u00e8re fois, le fossile dans la production d&#039;\u00e9lectricit\u00e9 de l&#039;Union europ\u00e9enne.\" \/>\n<meta property=\"og:url\" content=\"https:\/\/www.renouvelle.be\/fr\/premiere-pour-lue-le-solaire-et-leolien-depassent-le-fossile\/\" \/>\n<meta property=\"og:site_name\" content=\"Renouvelle\" \/>\n<meta property=\"article:published_time\" content=\"2024-08-08T15:14:20+00:00\" \/>\n<meta property=\"article:modified_time\" content=\"2024-08-08T15:14:30+00:00\" \/>\n<meta property=\"og:image\" content=\"https:\/\/www.renouvelle.be\/wp-content\/uploads\/2024\/08\/pexels-rdne-7005693-1024x621.png\" \/>\n\t<meta property=\"og:image:width\" content=\"1024\" \/>\n\t<meta property=\"og:image:height\" content=\"621\" \/>\n\t<meta property=\"og:image:type\" content=\"image\/png\" \/>\n<meta name=\"author\" content=\"Samuel Alves\" \/>\n<meta name=\"twitter:card\" content=\"summary_large_image\" \/>\n<script type=\"application\/ld+json\" class=\"yoast-schema-graph\">{\"@context\":\"https:\\\/\\\/schema.org\",\"@graph\":[{\"@type\":\"Article\",\"@id\":\"https:\\\/\\\/www.renouvelle.be\\\/fr\\\/premiere-pour-lue-le-solaire-et-leolien-depassent-le-fossile\\\/#article\",\"isPartOf\":{\"@id\":\"https:\\\/\\\/www.renouvelle.be\\\/fr\\\/premiere-pour-lue-le-solaire-et-leolien-depassent-le-fossile\\\/\"},\"author\":{\"name\":\"Samuel Alves\",\"@id\":\"https:\\\/\\\/www.renouvelle.be\\\/fr\\\/#\\\/schema\\\/person\\\/9d743366fb269eeceaa8d60e98d289d3\"},\"headline\":\"Premi\u00e8re pour l\u2019UE : le solaire et l\u2019\u00e9olien d\u00e9passent le fossile\",\"datePublished\":\"2024-08-08T15:14:20+00:00\",\"dateModified\":\"2024-08-08T15:14:30+00:00\",\"mainEntityOfPage\":{\"@id\":\"https:\\\/\\\/www.renouvelle.be\\\/fr\\\/premiere-pour-lue-le-solaire-et-leolien-depassent-le-fossile\\\/\"},\"wordCount\":282,\"image\":{\"@id\":\"https:\\\/\\\/www.renouvelle.be\\\/fr\\\/premiere-pour-lue-le-solaire-et-leolien-depassent-le-fossile\\\/#primaryimage\"},\"thumbnailUrl\":\"https:\\\/\\\/www.renouvelle.be\\\/wp-content\\\/uploads\\\/2024\\\/08\\\/pexels-rdne-7005693.png\",\"articleSection\":[\"Actualit\u00e9 internationale\"],\"inLanguage\":\"fr-FR\"},{\"@type\":\"WebPage\",\"@id\":\"https:\\\/\\\/www.renouvelle.be\\\/fr\\\/premiere-pour-lue-le-solaire-et-leolien-depassent-le-fossile\\\/\",\"url\":\"https:\\\/\\\/www.renouvelle.be\\\/fr\\\/premiere-pour-lue-le-solaire-et-leolien-depassent-le-fossile\\\/\",\"name\":\"Premi\u00e8re pour l\u2019UE : le solaire et l\u2019\u00e9olien d\u00e9passent le fossile - Renouvelle\",\"isPartOf\":{\"@id\":\"https:\\\/\\\/www.renouvelle.be\\\/fr\\\/#website\"},\"primaryImageOfPage\":{\"@id\":\"https:\\\/\\\/www.renouvelle.be\\\/fr\\\/premiere-pour-lue-le-solaire-et-leolien-depassent-le-fossile\\\/#primaryimage\"},\"image\":{\"@id\":\"https:\\\/\\\/www.renouvelle.be\\\/fr\\\/premiere-pour-lue-le-solaire-et-leolien-depassent-le-fossile\\\/#primaryimage\"},\"thumbnailUrl\":\"https:\\\/\\\/www.renouvelle.be\\\/wp-content\\\/uploads\\\/2024\\\/08\\\/pexels-rdne-7005693.png\",\"datePublished\":\"2024-08-08T15:14:20+00:00\",\"dateModified\":\"2024-08-08T15:14:30+00:00\",\"author\":{\"@id\":\"https:\\\/\\\/www.renouvelle.be\\\/fr\\\/#\\\/schema\\\/person\\\/9d743366fb269eeceaa8d60e98d289d3\"},\"description\":\"Le solaire et l'\u00e9olien d\u00e9passent, pour la premi\u00e8re fois, le fossile dans la production d'\u00e9lectricit\u00e9 de l'Union europ\u00e9enne.\",\"breadcrumb\":{\"@id\":\"https:\\\/\\\/www.renouvelle.be\\\/fr\\\/premiere-pour-lue-le-solaire-et-leolien-depassent-le-fossile\\\/#breadcrumb\"},\"inLanguage\":\"fr-FR\",\"potentialAction\":[{\"@type\":\"ReadAction\",\"target\":[\"https:\\\/\\\/www.renouvelle.be\\\/fr\\\/premiere-pour-lue-le-solaire-et-leolien-depassent-le-fossile\\\/\"]}]},{\"@type\":\"ImageObject\",\"inLanguage\":\"fr-FR\",\"@id\":\"https:\\\/\\\/www.renouvelle.be\\\/fr\\\/premiere-pour-lue-le-solaire-et-leolien-depassent-le-fossile\\\/#primaryimage\",\"url\":\"https:\\\/\\\/www.renouvelle.be\\\/wp-content\\\/uploads\\\/2024\\\/08\\\/pexels-rdne-7005693.png\",\"contentUrl\":\"https:\\\/\\\/www.renouvelle.be\\\/wp-content\\\/uploads\\\/2024\\\/08\\\/pexels-rdne-7005693.png\",\"width\":2000,\"height\":1212,\"caption\":\"solaire \u00e9olien\"},{\"@type\":\"BreadcrumbList\",\"@id\":\"https:\\\/\\\/www.renouvelle.be\\\/fr\\\/premiere-pour-lue-le-solaire-et-leolien-depassent-le-fossile\\\/#breadcrumb\",\"itemListElement\":[{\"@type\":\"ListItem\",\"position\":1,\"name\":\"Accueil\",\"item\":\"https:\\\/\\\/www.renouvelle.be\\\/fr\\\/\"},{\"@type\":\"ListItem\",\"position\":2,\"name\":\"Premi\u00e8re pour l\u2019UE : le solaire et l\u2019\u00e9olien d\u00e9passent le fossile\"}]},{\"@type\":\"WebSite\",\"@id\":\"https:\\\/\\\/www.renouvelle.be\\\/fr\\\/#website\",\"url\":\"https:\\\/\\\/www.renouvelle.be\\\/fr\\\/\",\"name\":\"Renouvelle\",\"description\":\"L&#039;actualit\u00e9 de l&#039;\u00e9nergie durable\",\"potentialAction\":[{\"@type\":\"SearchAction\",\"target\":{\"@type\":\"EntryPoint\",\"urlTemplate\":\"https:\\\/\\\/www.renouvelle.be\\\/fr\\\/?s={search_term_string}\"},\"query-input\":{\"@type\":\"PropertyValueSpecification\",\"valueRequired\":true,\"valueName\":\"search_term_string\"}}],\"inLanguage\":\"fr-FR\"},{\"@type\":\"Person\",\"@id\":\"https:\\\/\\\/www.renouvelle.be\\\/fr\\\/#\\\/schema\\\/person\\\/9d743366fb269eeceaa8d60e98d289d3\",\"name\":\"Samuel Alves\",\"url\":\"https:\\\/\\\/www.renouvelle.be\\\/fr\\\/author\\\/salves\\\/\"}]}<\/script>\n<!-- \/ Yoast SEO plugin. -->","yoast_head_json":{"title":"Premi\u00e8re pour l\u2019UE : le solaire et l\u2019\u00e9olien d\u00e9passent le fossile - Renouvelle","description":"Le solaire et l'\u00e9olien d\u00e9passent, pour la premi\u00e8re fois, le fossile dans la production d'\u00e9lectricit\u00e9 de l'Union europ\u00e9enne.","robots":{"index":"index","follow":"follow","max-snippet":"max-snippet:-1","max-image-preview":"max-image-preview:large","max-video-preview":"max-video-preview:-1"},"canonical":"https:\/\/www.renouvelle.be\/fr\/premiere-pour-lue-le-solaire-et-leolien-depassent-le-fossile\/","og_locale":"fr_FR","og_type":"article","og_title":"Premi\u00e8re pour l\u2019UE : le solaire et l\u2019\u00e9olien d\u00e9passent le fossile - Renouvelle","og_description":"Le solaire et l'\u00e9olien d\u00e9passent, pour la premi\u00e8re fois, le fossile dans la production d'\u00e9lectricit\u00e9 de l'Union europ\u00e9enne.","og_url":"https:\/\/www.renouvelle.be\/fr\/premiere-pour-lue-le-solaire-et-leolien-depassent-le-fossile\/","og_site_name":"Renouvelle","article_published_time":"2024-08-08T15:14:20+00:00","article_modified_time":"2024-08-08T15:14:30+00:00","og_image":[{"width":1024,"height":621,"url":"https:\/\/www.renouvelle.be\/wp-content\/uploads\/2024\/08\/pexels-rdne-7005693-1024x621.png","type":"image\/png"}],"author":"Samuel Alves","twitter_card":"summary_large_image","schema":{"@context":"https:\/\/schema.org","@graph":[{"@type":"Article","@id":"https:\/\/www.renouvelle.be\/fr\/premiere-pour-lue-le-solaire-et-leolien-depassent-le-fossile\/#article","isPartOf":{"@id":"https:\/\/www.renouvelle.be\/fr\/premiere-pour-lue-le-solaire-et-leolien-depassent-le-fossile\/"},"author":{"name":"Samuel Alves","@id":"https:\/\/www.renouvelle.be\/fr\/#\/schema\/person\/9d743366fb269eeceaa8d60e98d289d3"},"headline":"Premi\u00e8re pour l\u2019UE : le solaire et l\u2019\u00e9olien d\u00e9passent le fossile","datePublished":"2024-08-08T15:14:20+00:00","dateModified":"2024-08-08T15:14:30+00:00","mainEntityOfPage":{"@id":"https:\/\/www.renouvelle.be\/fr\/premiere-pour-lue-le-solaire-et-leolien-depassent-le-fossile\/"},"wordCount":282,"image":{"@id":"https:\/\/www.renouvelle.be\/fr\/premiere-pour-lue-le-solaire-et-leolien-depassent-le-fossile\/#primaryimage"},"thumbnailUrl":"https:\/\/www.renouvelle.be\/wp-content\/uploads\/2024\/08\/pexels-rdne-7005693.png","articleSection":["Actualit\u00e9 internationale"],"inLanguage":"fr-FR"},{"@type":"WebPage","@id":"https:\/\/www.renouvelle.be\/fr\/premiere-pour-lue-le-solaire-et-leolien-depassent-le-fossile\/","url":"https:\/\/www.renouvelle.be\/fr\/premiere-pour-lue-le-solaire-et-leolien-depassent-le-fossile\/","name":"Premi\u00e8re pour l\u2019UE : le solaire et l\u2019\u00e9olien d\u00e9passent le fossile - Renouvelle","isPartOf":{"@id":"https:\/\/www.renouvelle.be\/fr\/#website"},"primaryImageOfPage":{"@id":"https:\/\/www.renouvelle.be\/fr\/premiere-pour-lue-le-solaire-et-leolien-depassent-le-fossile\/#primaryimage"},"image":{"@id":"https:\/\/www.renouvelle.be\/fr\/premiere-pour-lue-le-solaire-et-leolien-depassent-le-fossile\/#primaryimage"},"thumbnailUrl":"https:\/\/www.renouvelle.be\/wp-content\/uploads\/2024\/08\/pexels-rdne-7005693.png","datePublished":"2024-08-08T15:14:20+00:00","dateModified":"2024-08-08T15:14:30+00:00","author":{"@id":"https:\/\/www.renouvelle.be\/fr\/#\/schema\/person\/9d743366fb269eeceaa8d60e98d289d3"},"description":"Le solaire et l'\u00e9olien d\u00e9passent, pour la premi\u00e8re fois, le fossile dans la production d'\u00e9lectricit\u00e9 de l'Union europ\u00e9enne.","breadcrumb":{"@id":"https:\/\/www.renouvelle.be\/fr\/premiere-pour-lue-le-solaire-et-leolien-depassent-le-fossile\/#breadcrumb"},"inLanguage":"fr-FR","potentialAction":[{"@type":"ReadAction","target":["https:\/\/www.renouvelle.be\/fr\/premiere-pour-lue-le-solaire-et-leolien-depassent-le-fossile\/"]}]},{"@type":"ImageObject","inLanguage":"fr-FR","@id":"https:\/\/www.renouvelle.be\/fr\/premiere-pour-lue-le-solaire-et-leolien-depassent-le-fossile\/#primaryimage","url":"https:\/\/www.renouvelle.be\/wp-content\/uploads\/2024\/08\/pexels-rdne-7005693.png","contentUrl":"https:\/\/www.renouvelle.be\/wp-content\/uploads\/2024\/08\/pexels-rdne-7005693.png","width":2000,"height":1212,"caption":"solaire \u00e9olien"},{"@type":"BreadcrumbList","@id":"https:\/\/www.renouvelle.be\/fr\/premiere-pour-lue-le-solaire-et-leolien-depassent-le-fossile\/#breadcrumb","itemListElement":[{"@type":"ListItem","position":1,"name":"Accueil","item":"https:\/\/www.renouvelle.be\/fr\/"},{"@type":"ListItem","position":2,"name":"Premi\u00e8re pour l\u2019UE : le solaire et l\u2019\u00e9olien d\u00e9passent le fossile"}]},{"@type":"WebSite","@id":"https:\/\/www.renouvelle.be\/fr\/#website","url":"https:\/\/www.renouvelle.be\/fr\/","name":"Renouvelle","description":"L&#039;actualit\u00e9 de l&#039;\u00e9nergie durable","potentialAction":[{"@type":"SearchAction","target":{"@type":"EntryPoint","urlTemplate":"https:\/\/www.renouvelle.be\/fr\/?s={search_term_string}"},"query-input":{"@type":"PropertyValueSpecification","valueRequired":true,"valueName":"search_term_string"}}],"inLanguage":"fr-FR"},{"@type":"Person","@id":"https:\/\/www.renouvelle.be\/fr\/#\/schema\/person\/9d743366fb269eeceaa8d60e98d289d3","name":"Samuel Alves","url":"https:\/\/www.renouvelle.be\/fr\/author\/salves\/"}]}},"_links":{"self":[{"href":"https:\/\/www.renouvelle.be\/fr\/wp-json\/wp\/v2\/posts\/13462","targetHints":{"allow":["GET"]}}],"collection":[{"href":"https:\/\/www.renouvelle.be\/fr\/wp-json\/wp\/v2\/posts"}],"about":[{"href":"https:\/\/www.renouvelle.be\/fr\/wp-json\/wp\/v2\/types\/post"}],"author":[{"embeddable":true,"href":"https:\/\/www.renouvelle.be\/fr\/wp-json\/wp\/v2\/users\/38"}],"replies":[{"embeddable":true,"href":"https:\/\/www.renouvelle.be\/fr\/wp-json\/wp\/v2\/comments?post=13462"}],"version-history":[{"count":3,"href":"https:\/\/www.renouvelle.be\/fr\/wp-json\/wp\/v2\/posts\/13462\/revisions"}],"predecessor-version":[{"id":13469,"href":"https:\/\/www.renouvelle.be\/fr\/wp-json\/wp\/v2\/posts\/13462\/revisions\/13469"}],"wp:featuredmedia":[{"embeddable":true,"href":"https:\/\/www.renouvelle.be\/fr\/wp-json\/wp\/v2\/media\/13467"}],"wp:attachment":[{"href":"https:\/\/www.renouvelle.be\/fr\/wp-json\/wp\/v2\/media?parent=13462"}],"wp:term":[{"taxonomy":"category","embeddable":true,"href":"https:\/\/www.renouvelle.be\/fr\/wp-json\/wp\/v2\/categories?post=13462"},{"taxonomy":"post_tag","embeddable":true,"href":"https:\/\/www.renouvelle.be\/fr\/wp-json\/wp\/v2\/tags?post=13462"},{"taxonomy":"section","embeddable":true,"href":"https:\/\/www.renouvelle.be\/fr\/wp-json\/wp\/v2\/section?post=13462"}],"curies":[{"name":"wp","href":"https:\/\/api.w.org\/{rel}","templated":true}]}}