{"id":13440,"date":"2024-08-08T10:01:43","date_gmt":"2024-08-08T08:01:43","guid":{"rendered":"https:\/\/www.renouvelle.be\/?p=13440"},"modified":"2024-08-08T10:01:51","modified_gmt":"2024-08-08T08:01:51","slug":"hausse-du-recyclage-des-panneaux-photovoltaiques-en-belgique","status":"publish","type":"post","link":"https:\/\/www.renouvelle.be\/fr\/hausse-du-recyclage-des-panneaux-photovoltaiques-en-belgique\/","title":{"rendered":"Hausse du recyclage des panneaux photovolta\u00efques en Belgique"},"content":{"rendered":"\n<p>Pas mal en tout cas, et c\u2019est tant mieux ! L\u2019ann\u00e9e pass\u00e9e, un total de 658 tonnes de panneaux a \u00e9t\u00e9 collect\u00e9 pour recyclage en Belgique. Le premier trimestre de 2024 semble de bon augure pour le reste de l\u2019ann\u00e9e, avec d\u00e9j\u00e0 400 tonnes de panneaux photovolta\u00efques r\u00e9cup\u00e9r\u00e9es.<\/p>\n\n\n\n<p>C\u2019est ce que partage PV CYCLE Belgique, sp\u00e9cialiste de la collecte et du recyclage de panneaux solaires, dans son rapport annuel pour 2023. Une hausse qui continuera, sans aucun doute, d\u2019aller bon train \u00e9tant donn\u00e9 le record d\u2019installations de panneaux photovolta\u00efques en Belgique en 2023, qui, rappelons-le, a atteint une puissance cumul\u00e9e de pratiquement <a href=\"https:\/\/www.renouvelle.be\/fr\/belgique-2023-record-installations-photovoltaiques\/\" target=\"_blank\" rel=\"noreferrer noopener\">10 GWc<\/a>.<\/p>\n\n\n\n<p>L\u2019ann\u00e9e pass\u00e9e, plus de 4 millions de panneaux solaires ont \u00e9t\u00e9 d\u00e9clar\u00e9s par les 400 soci\u00e9t\u00e9s affili\u00e9es \u00e0 PV CYCLE Belgique. Cela repr\u00e9sente une hausse de 37 % par rapport \u00e0 2022.<\/p>\n\n\n\n<p><\/p>\n\n\n<div class=\"wp-block-image\">\n<figure class=\"aligncenter size-full is-resized\"><img loading=\"lazy\" decoding=\"async\" width=\"663\" height=\"454\" src=\"https:\/\/www.renouvelle.be\/wp-content\/uploads\/2024\/08\/Img_RecyclagePV_Belgique_01.png\" alt=\"recyclage panneaux photovolta\u00efques Belgique\" class=\"wp-image-13443\" style=\"width:487px;height:auto\" srcset=\"https:\/\/www.renouvelle.be\/wp-content\/uploads\/2024\/08\/Img_RecyclagePV_Belgique_01.png 663w, https:\/\/www.renouvelle.be\/wp-content\/uploads\/2024\/08\/Img_RecyclagePV_Belgique_01-300x205.png 300w\" sizes=\"auto, (max-width: 663px) 100vw, 663px\" \/><figcaption class=\"wp-element-caption\">Source : PV CYCLE Belgique<\/figcaption><\/figure>\n<\/div>\n\n\n<p><\/p>\n\n\n\n<p>Gr\u00e2ce \u00e0 un r\u00e9seau de 88 points de collecte en 2023, <a href=\"https:\/\/pvcycle.be\/fr\/actualites-evenements\/\" target=\"_blank\" rel=\"noreferrer noopener\">PV CYCLE<\/a> a pu r\u00e9colter 31 % des 658 tonnes de panneaux solaires mis au rebut. Ces lieux peuvent accueillir de petites quantit\u00e9s allant jusqu\u2019\u00e0 40 panneaux. Pour des quantit\u00e9s plus importantes, elles sont r\u00e9cup\u00e9r\u00e9es gratuitement par l\u2019entreprise \u00e0 l\u2019endroit o\u00f9 les panneaux \u00e0 recycler sont entrepos\u00e9s.<\/p>\n\n\n\n<p>86 % des panneaux collect\u00e9s provenaient de Flandre, un taux qui r\u00e9sulte de la quantit\u00e9 importante de panneaux solaires install\u00e9s par le pass\u00e9. La hausse des volumes futurs \u00e0 traiter s\u2019est concr\u00e9tis\u00e9e par des contrats conclus avec deux centres de traitement : BNE Trading &amp; Recycling au nord du pays et Comet Traitements en Wallonie.<\/p>\n","protected":false},"excerpt":{"rendered":"<p>Pas mal en tout cas, et c\u2019est tant mieux ! L\u2019ann\u00e9e pass\u00e9e, un total de 658 tonnes de panneaux a \u00e9t\u00e9 collect\u00e9 pour recyclage en Belgique. Le premier trimestre de 2024 semble de bon augure pour le reste de l\u2019ann\u00e9e, avec d\u00e9j\u00e0 400 tonnes de panneaux photovolta\u00efques r\u00e9cup\u00e9r\u00e9es. C\u2019est ce que partage PV CYCLE Belgique, sp\u00e9cialiste de la collecte et du recyclage de panneaux solaires, dans son rapport annuel pour 2023. Une hausse qui continuera, sans aucun doute, d\u2019aller bon train \u00e9tant donn\u00e9 le record d\u2019installations de panneaux photovolta\u00efques en Belgique en 2023, qui, rappelons-le, a atteint une puissance cumul\u00e9e de pratiquement 10 GWc. L\u2019ann\u00e9e pass\u00e9e, plus de 4 millions de panneaux solaires ont \u00e9t\u00e9 d\u00e9clar\u00e9s par les 400 soci\u00e9t\u00e9s affili\u00e9es \u00e0 PV CYCLE Belgique. Cela repr\u00e9sente une hausse de 37 % par rapport \u00e0 2022. Gr\u00e2ce \u00e0 un r\u00e9seau de 88 points de collecte en 2023, PV CYCLE a pu r\u00e9colter 31 % des 658 tonnes de panneaux solaires mis au rebut. Ces lieux peuvent accueillir de petites quantit\u00e9s allant jusqu\u2019\u00e0 40 panneaux. Pour des quantit\u00e9s plus importantes, elles sont r\u00e9cup\u00e9r\u00e9es gratuitement par l\u2019entreprise \u00e0 l\u2019endroit o\u00f9 les panneaux \u00e0 recycler sont entrepos\u00e9s. 86 % des panneaux collect\u00e9s provenaient de Flandre, un taux qui r\u00e9sulte de la quantit\u00e9 importante de panneaux solaires install\u00e9s par le pass\u00e9. La hausse des volumes futurs \u00e0 traiter s\u2019est concr\u00e9tis\u00e9e par des contrats conclus avec deux centres de traitement : BNE Trading &amp; Recycling au nord du pays et Comet Traitements en Wallonie.<\/p>\n","protected":false},"author":38,"featured_media":13449,"comment_status":"closed","ping_status":"closed","sticky":false,"template":"","format":"standard","meta":{"_acf_changed":false,"footnotes":""},"categories":[17],"tags":[],"section":[13],"class_list":["post-13440","post","type-post","status-publish","format-standard","has-post-thumbnail","hentry","category-actualite-en-belgique","section-solaire"],"acf":[],"yoast_head":"<!-- This site is optimized with the Yoast SEO plugin v27.5 - https:\/\/yoast.com\/product\/yoast-seo-wordpress\/ -->\n<title>Hausse du recyclage des panneaux photovolta\u00efques en Belgique - Renouvelle<\/title>\n<meta name=\"description\" content=\"Le recyclage des panneaux photovolta\u00efques est en hausse en Belgique et compte tenu du record d&#039;installations, il n&#039;est pas pr\u00eat de s&#039;arr\u00eater.\" \/>\n<meta name=\"robots\" content=\"index, follow, max-snippet:-1, max-image-preview:large, max-video-preview:-1\" \/>\n<link rel=\"canonical\" href=\"https:\/\/www.renouvelle.be\/fr\/hausse-du-recyclage-des-panneaux-photovoltaiques-en-belgique\/\" \/>\n<meta property=\"og:locale\" content=\"fr_FR\" \/>\n<meta property=\"og:type\" content=\"article\" \/>\n<meta property=\"og:title\" content=\"Hausse du recyclage des panneaux photovolta\u00efques en Belgique - Renouvelle\" \/>\n<meta property=\"og:description\" content=\"Le recyclage des panneaux photovolta\u00efques est en hausse en Belgique et compte tenu du record d&#039;installations, il n&#039;est pas pr\u00eat de s&#039;arr\u00eater.\" \/>\n<meta property=\"og:url\" content=\"https:\/\/www.renouvelle.be\/fr\/hausse-du-recyclage-des-panneaux-photovoltaiques-en-belgique\/\" \/>\n<meta property=\"og:site_name\" content=\"Renouvelle\" \/>\n<meta property=\"article:published_time\" content=\"2024-08-08T08:01:43+00:00\" \/>\n<meta property=\"article:modified_time\" content=\"2024-08-08T08:01:51+00:00\" \/>\n<meta property=\"og:image\" content=\"https:\/\/www.renouvelle.be\/wp-content\/uploads\/2024\/08\/iStock-2024720440-e1723099793411-1024x648.jpg\" \/>\n\t<meta property=\"og:image:width\" content=\"1024\" \/>\n\t<meta property=\"og:image:height\" content=\"648\" \/>\n\t<meta property=\"og:image:type\" content=\"image\/jpeg\" \/>\n<meta name=\"author\" content=\"Samuel Alves\" \/>\n<meta name=\"twitter:card\" content=\"summary_large_image\" \/>\n<script type=\"application\/ld+json\" class=\"yoast-schema-graph\">{\"@context\":\"https:\\\/\\\/schema.org\",\"@graph\":[{\"@type\":\"Article\",\"@id\":\"https:\\\/\\\/www.renouvelle.be\\\/fr\\\/hausse-du-recyclage-des-panneaux-photovoltaiques-en-belgique\\\/#article\",\"isPartOf\":{\"@id\":\"https:\\\/\\\/www.renouvelle.be\\\/fr\\\/hausse-du-recyclage-des-panneaux-photovoltaiques-en-belgique\\\/\"},\"author\":{\"name\":\"Samuel Alves\",\"@id\":\"https:\\\/\\\/www.renouvelle.be\\\/fr\\\/#\\\/schema\\\/person\\\/9d743366fb269eeceaa8d60e98d289d3\"},\"headline\":\"Hausse du recyclage des panneaux photovolta\u00efques en Belgique\",\"datePublished\":\"2024-08-08T08:01:43+00:00\",\"dateModified\":\"2024-08-08T08:01:51+00:00\",\"mainEntityOfPage\":{\"@id\":\"https:\\\/\\\/www.renouvelle.be\\\/fr\\\/hausse-du-recyclage-des-panneaux-photovoltaiques-en-belgique\\\/\"},\"wordCount\":278,\"image\":{\"@id\":\"https:\\\/\\\/www.renouvelle.be\\\/fr\\\/hausse-du-recyclage-des-panneaux-photovoltaiques-en-belgique\\\/#primaryimage\"},\"thumbnailUrl\":\"https:\\\/\\\/www.renouvelle.be\\\/wp-content\\\/uploads\\\/2024\\\/08\\\/iStock-2024720440-e1723099793411.jpg\",\"articleSection\":[\"Actualit\u00e9 en Belgique\"],\"inLanguage\":\"fr-FR\"},{\"@type\":\"WebPage\",\"@id\":\"https:\\\/\\\/www.renouvelle.be\\\/fr\\\/hausse-du-recyclage-des-panneaux-photovoltaiques-en-belgique\\\/\",\"url\":\"https:\\\/\\\/www.renouvelle.be\\\/fr\\\/hausse-du-recyclage-des-panneaux-photovoltaiques-en-belgique\\\/\",\"name\":\"Hausse du recyclage des panneaux photovolta\u00efques en Belgique - Renouvelle\",\"isPartOf\":{\"@id\":\"https:\\\/\\\/www.renouvelle.be\\\/fr\\\/#website\"},\"primaryImageOfPage\":{\"@id\":\"https:\\\/\\\/www.renouvelle.be\\\/fr\\\/hausse-du-recyclage-des-panneaux-photovoltaiques-en-belgique\\\/#primaryimage\"},\"image\":{\"@id\":\"https:\\\/\\\/www.renouvelle.be\\\/fr\\\/hausse-du-recyclage-des-panneaux-photovoltaiques-en-belgique\\\/#primaryimage\"},\"thumbnailUrl\":\"https:\\\/\\\/www.renouvelle.be\\\/wp-content\\\/uploads\\\/2024\\\/08\\\/iStock-2024720440-e1723099793411.jpg\",\"datePublished\":\"2024-08-08T08:01:43+00:00\",\"dateModified\":\"2024-08-08T08:01:51+00:00\",\"author\":{\"@id\":\"https:\\\/\\\/www.renouvelle.be\\\/fr\\\/#\\\/schema\\\/person\\\/9d743366fb269eeceaa8d60e98d289d3\"},\"description\":\"Le recyclage des panneaux photovolta\u00efques est en hausse en Belgique et compte tenu du record d'installations, il n'est pas pr\u00eat de s'arr\u00eater.\",\"breadcrumb\":{\"@id\":\"https:\\\/\\\/www.renouvelle.be\\\/fr\\\/hausse-du-recyclage-des-panneaux-photovoltaiques-en-belgique\\\/#breadcrumb\"},\"inLanguage\":\"fr-FR\",\"potentialAction\":[{\"@type\":\"ReadAction\",\"target\":[\"https:\\\/\\\/www.renouvelle.be\\\/fr\\\/hausse-du-recyclage-des-panneaux-photovoltaiques-en-belgique\\\/\"]}]},{\"@type\":\"ImageObject\",\"inLanguage\":\"fr-FR\",\"@id\":\"https:\\\/\\\/www.renouvelle.be\\\/fr\\\/hausse-du-recyclage-des-panneaux-photovoltaiques-en-belgique\\\/#primaryimage\",\"url\":\"https:\\\/\\\/www.renouvelle.be\\\/wp-content\\\/uploads\\\/2024\\\/08\\\/iStock-2024720440-e1723099793411.jpg\",\"contentUrl\":\"https:\\\/\\\/www.renouvelle.be\\\/wp-content\\\/uploads\\\/2024\\\/08\\\/iStock-2024720440-e1723099793411.jpg\",\"width\":2121,\"height\":1343,\"caption\":\"recyclage panneaux photovolta\u00efques Belgique\"},{\"@type\":\"BreadcrumbList\",\"@id\":\"https:\\\/\\\/www.renouvelle.be\\\/fr\\\/hausse-du-recyclage-des-panneaux-photovoltaiques-en-belgique\\\/#breadcrumb\",\"itemListElement\":[{\"@type\":\"ListItem\",\"position\":1,\"name\":\"Accueil\",\"item\":\"https:\\\/\\\/www.renouvelle.be\\\/fr\\\/\"},{\"@type\":\"ListItem\",\"position\":2,\"name\":\"Hausse du recyclage des panneaux photovolta\u00efques en Belgique\"}]},{\"@type\":\"WebSite\",\"@id\":\"https:\\\/\\\/www.renouvelle.be\\\/fr\\\/#website\",\"url\":\"https:\\\/\\\/www.renouvelle.be\\\/fr\\\/\",\"name\":\"Renouvelle\",\"description\":\"L&#039;actualit\u00e9 de l&#039;\u00e9nergie durable\",\"potentialAction\":[{\"@type\":\"SearchAction\",\"target\":{\"@type\":\"EntryPoint\",\"urlTemplate\":\"https:\\\/\\\/www.renouvelle.be\\\/fr\\\/?s={search_term_string}\"},\"query-input\":{\"@type\":\"PropertyValueSpecification\",\"valueRequired\":true,\"valueName\":\"search_term_string\"}}],\"inLanguage\":\"fr-FR\"},{\"@type\":\"Person\",\"@id\":\"https:\\\/\\\/www.renouvelle.be\\\/fr\\\/#\\\/schema\\\/person\\\/9d743366fb269eeceaa8d60e98d289d3\",\"name\":\"Samuel Alves\",\"url\":\"https:\\\/\\\/www.renouvelle.be\\\/fr\\\/author\\\/salves\\\/\"}]}<\/script>\n<!-- \/ Yoast SEO plugin. -->","yoast_head_json":{"title":"Hausse du recyclage des panneaux photovolta\u00efques en Belgique - Renouvelle","description":"Le recyclage des panneaux photovolta\u00efques est en hausse en Belgique et compte tenu du record d'installations, il n'est pas pr\u00eat de s'arr\u00eater.","robots":{"index":"index","follow":"follow","max-snippet":"max-snippet:-1","max-image-preview":"max-image-preview:large","max-video-preview":"max-video-preview:-1"},"canonical":"https:\/\/www.renouvelle.be\/fr\/hausse-du-recyclage-des-panneaux-photovoltaiques-en-belgique\/","og_locale":"fr_FR","og_type":"article","og_title":"Hausse du recyclage des panneaux photovolta\u00efques en Belgique - Renouvelle","og_description":"Le recyclage des panneaux photovolta\u00efques est en hausse en Belgique et compte tenu du record d'installations, il n'est pas pr\u00eat de s'arr\u00eater.","og_url":"https:\/\/www.renouvelle.be\/fr\/hausse-du-recyclage-des-panneaux-photovoltaiques-en-belgique\/","og_site_name":"Renouvelle","article_published_time":"2024-08-08T08:01:43+00:00","article_modified_time":"2024-08-08T08:01:51+00:00","og_image":[{"width":1024,"height":648,"url":"https:\/\/www.renouvelle.be\/wp-content\/uploads\/2024\/08\/iStock-2024720440-e1723099793411-1024x648.jpg","type":"image\/jpeg"}],"author":"Samuel Alves","twitter_card":"summary_large_image","schema":{"@context":"https:\/\/schema.org","@graph":[{"@type":"Article","@id":"https:\/\/www.renouvelle.be\/fr\/hausse-du-recyclage-des-panneaux-photovoltaiques-en-belgique\/#article","isPartOf":{"@id":"https:\/\/www.renouvelle.be\/fr\/hausse-du-recyclage-des-panneaux-photovoltaiques-en-belgique\/"},"author":{"name":"Samuel Alves","@id":"https:\/\/www.renouvelle.be\/fr\/#\/schema\/person\/9d743366fb269eeceaa8d60e98d289d3"},"headline":"Hausse du recyclage des panneaux photovolta\u00efques en Belgique","datePublished":"2024-08-08T08:01:43+00:00","dateModified":"2024-08-08T08:01:51+00:00","mainEntityOfPage":{"@id":"https:\/\/www.renouvelle.be\/fr\/hausse-du-recyclage-des-panneaux-photovoltaiques-en-belgique\/"},"wordCount":278,"image":{"@id":"https:\/\/www.renouvelle.be\/fr\/hausse-du-recyclage-des-panneaux-photovoltaiques-en-belgique\/#primaryimage"},"thumbnailUrl":"https:\/\/www.renouvelle.be\/wp-content\/uploads\/2024\/08\/iStock-2024720440-e1723099793411.jpg","articleSection":["Actualit\u00e9 en Belgique"],"inLanguage":"fr-FR"},{"@type":"WebPage","@id":"https:\/\/www.renouvelle.be\/fr\/hausse-du-recyclage-des-panneaux-photovoltaiques-en-belgique\/","url":"https:\/\/www.renouvelle.be\/fr\/hausse-du-recyclage-des-panneaux-photovoltaiques-en-belgique\/","name":"Hausse du recyclage des panneaux photovolta\u00efques en Belgique - Renouvelle","isPartOf":{"@id":"https:\/\/www.renouvelle.be\/fr\/#website"},"primaryImageOfPage":{"@id":"https:\/\/www.renouvelle.be\/fr\/hausse-du-recyclage-des-panneaux-photovoltaiques-en-belgique\/#primaryimage"},"image":{"@id":"https:\/\/www.renouvelle.be\/fr\/hausse-du-recyclage-des-panneaux-photovoltaiques-en-belgique\/#primaryimage"},"thumbnailUrl":"https:\/\/www.renouvelle.be\/wp-content\/uploads\/2024\/08\/iStock-2024720440-e1723099793411.jpg","datePublished":"2024-08-08T08:01:43+00:00","dateModified":"2024-08-08T08:01:51+00:00","author":{"@id":"https:\/\/www.renouvelle.be\/fr\/#\/schema\/person\/9d743366fb269eeceaa8d60e98d289d3"},"description":"Le recyclage des panneaux photovolta\u00efques est en hausse en Belgique et compte tenu du record d'installations, il n'est pas pr\u00eat de s'arr\u00eater.","breadcrumb":{"@id":"https:\/\/www.renouvelle.be\/fr\/hausse-du-recyclage-des-panneaux-photovoltaiques-en-belgique\/#breadcrumb"},"inLanguage":"fr-FR","potentialAction":[{"@type":"ReadAction","target":["https:\/\/www.renouvelle.be\/fr\/hausse-du-recyclage-des-panneaux-photovoltaiques-en-belgique\/"]}]},{"@type":"ImageObject","inLanguage":"fr-FR","@id":"https:\/\/www.renouvelle.be\/fr\/hausse-du-recyclage-des-panneaux-photovoltaiques-en-belgique\/#primaryimage","url":"https:\/\/www.renouvelle.be\/wp-content\/uploads\/2024\/08\/iStock-2024720440-e1723099793411.jpg","contentUrl":"https:\/\/www.renouvelle.be\/wp-content\/uploads\/2024\/08\/iStock-2024720440-e1723099793411.jpg","width":2121,"height":1343,"caption":"recyclage panneaux photovolta\u00efques Belgique"},{"@type":"BreadcrumbList","@id":"https:\/\/www.renouvelle.be\/fr\/hausse-du-recyclage-des-panneaux-photovoltaiques-en-belgique\/#breadcrumb","itemListElement":[{"@type":"ListItem","position":1,"name":"Accueil","item":"https:\/\/www.renouvelle.be\/fr\/"},{"@type":"ListItem","position":2,"name":"Hausse du recyclage des panneaux photovolta\u00efques en Belgique"}]},{"@type":"WebSite","@id":"https:\/\/www.renouvelle.be\/fr\/#website","url":"https:\/\/www.renouvelle.be\/fr\/","name":"Renouvelle","description":"L&#039;actualit\u00e9 de l&#039;\u00e9nergie durable","potentialAction":[{"@type":"SearchAction","target":{"@type":"EntryPoint","urlTemplate":"https:\/\/www.renouvelle.be\/fr\/?s={search_term_string}"},"query-input":{"@type":"PropertyValueSpecification","valueRequired":true,"valueName":"search_term_string"}}],"inLanguage":"fr-FR"},{"@type":"Person","@id":"https:\/\/www.renouvelle.be\/fr\/#\/schema\/person\/9d743366fb269eeceaa8d60e98d289d3","name":"Samuel Alves","url":"https:\/\/www.renouvelle.be\/fr\/author\/salves\/"}]}},"_links":{"self":[{"href":"https:\/\/www.renouvelle.be\/fr\/wp-json\/wp\/v2\/posts\/13440","targetHints":{"allow":["GET"]}}],"collection":[{"href":"https:\/\/www.renouvelle.be\/fr\/wp-json\/wp\/v2\/posts"}],"about":[{"href":"https:\/\/www.renouvelle.be\/fr\/wp-json\/wp\/v2\/types\/post"}],"author":[{"embeddable":true,"href":"https:\/\/www.renouvelle.be\/fr\/wp-json\/wp\/v2\/users\/38"}],"replies":[{"embeddable":true,"href":"https:\/\/www.renouvelle.be\/fr\/wp-json\/wp\/v2\/comments?post=13440"}],"version-history":[{"count":7,"href":"https:\/\/www.renouvelle.be\/fr\/wp-json\/wp\/v2\/posts\/13440\/revisions"}],"predecessor-version":[{"id":13461,"href":"https:\/\/www.renouvelle.be\/fr\/wp-json\/wp\/v2\/posts\/13440\/revisions\/13461"}],"wp:featuredmedia":[{"embeddable":true,"href":"https:\/\/www.renouvelle.be\/fr\/wp-json\/wp\/v2\/media\/13449"}],"wp:attachment":[{"href":"https:\/\/www.renouvelle.be\/fr\/wp-json\/wp\/v2\/media?parent=13440"}],"wp:term":[{"taxonomy":"category","embeddable":true,"href":"https:\/\/www.renouvelle.be\/fr\/wp-json\/wp\/v2\/categories?post=13440"},{"taxonomy":"post_tag","embeddable":true,"href":"https:\/\/www.renouvelle.be\/fr\/wp-json\/wp\/v2\/tags?post=13440"},{"taxonomy":"section","embeddable":true,"href":"https:\/\/www.renouvelle.be\/fr\/wp-json\/wp\/v2\/section?post=13440"}],"curies":[{"name":"wp","href":"https:\/\/api.w.org\/{rel}","templated":true}]}}