{"id":13427,"date":"2024-08-06T10:40:07","date_gmt":"2024-08-06T08:40:07","guid":{"rendered":"https:\/\/www.renouvelle.be\/?p=13427"},"modified":"2024-08-06T10:53:25","modified_gmt":"2024-08-06T08:53:25","slug":"borne-de-recharge-la-reduction-fiscale-cest-fini","status":"publish","type":"post","link":"https:\/\/www.renouvelle.be\/fr\/borne-de-recharge-la-reduction-fiscale-cest-fini\/","title":{"rendered":"Borne de recharge : la r\u00e9duction fiscale, c\u2019est fini"},"content":{"rendered":"\n<p>Le nombre de v\u00e9hicules \u00e9lectriques continue de progresser en Belgique, et peut-\u00eatre \u00eates-vous propri\u00e9taire de l&rsquo;un de ces v\u00e9hicules. Il est donc naturel que vous souhaitiez installer votre propre borne de recharge \u00e9lectrique pour vous simplifier la vie. Et cela tombe bien ! Moyennant le respect de certaines conditions, vous pourrez profiter d&rsquo;une r\u00e9duction fiscale de 15 %. Mais attention, il faudra vous d\u00e9p\u00eacher, car cet avantage cessera apr\u00e8s le <a href=\"https:\/\/finances.belgium.be\/fr\/particuliers\/avantages_fiscaux\/borne-de-recharge-%C3%A0-domicile-pour-voiture-%C3%A9lectrique%E2%80%AF\" target=\"_blank\" rel=\"noreferrer noopener\">31 ao\u00fbt 2024<\/a>.<\/p>\n\n\n\n<p>Bon \u00e0 savoir : cette r\u00e9duction fiscale de 15 % est plafonn\u00e9e \u00e0 1 750 euros pour une borne de recharge unidirectionnelle et \u00e0 8 000 euros pour une borne <a href=\"https:\/\/www.renouvelle.be\/fr\/le-v2g-ou-vehicle-to-grid-un-atout-pour-la-transition-energetique\/\">bidirectionnelle<\/a>.<\/p>\n\n\n\n<p>Pour b\u00e9n\u00e9ficier de cette r\u00e9duction fiscale, certaines conditions doivent \u00eatre respect\u00e9es : les sommes engag\u00e9es doivent \u00eatre li\u00e9es \u00e0 l&rsquo;achat \u00e0 l&rsquo;\u00e9tat neuf de la borne, \u00e0 son installation et \u00e0 son contr\u00f4le.<\/p>\n\n\n\n<p>En ce qui concerne la borne de recharge elle-m\u00eame, elle devra \u00eatre fix\u00e9e de mani\u00e8re permanente au sol ou au mur et se trouver dans ou \u00e0 proximit\u00e9 imm\u00e9diate de votre habitation. La borne devra \u00eatre intelligente, c&rsquo;est-\u00e0-dire que le temps de charge et sa capacit\u00e9 devront pouvoir \u00eatre transmis gr\u00e2ce \u00e0 un syst\u00e8me de gestion d&rsquo;\u00e9nergie. Seule de l&rsquo;\u00e9lectricit\u00e9 verte devra \u00eatre utilis\u00e9e (alimentation par panneaux solaires ou contrat sp\u00e9cifique avec un fournisseur d&rsquo;\u00e9lectricit\u00e9 100 % verte).<\/p>\n\n\n\n<p>Un autre point important : une borne de recharge install\u00e9e par le particulier lui-m\u00eame n&rsquo;entre pas en compte pour la r\u00e9duction d&rsquo;imp\u00f4ts. De plus, un organisme de contr\u00f4le agr\u00e9\u00e9 devra approuver l&rsquo;installation de cette derni\u00e8re.<\/p>\n","protected":false},"excerpt":{"rendered":"<p>Le nombre de v\u00e9hicules \u00e9lectriques continue de progresser en Belgique, et peut-\u00eatre \u00eates-vous propri\u00e9taire de l&rsquo;un de ces v\u00e9hicules. Il est donc naturel que vous souhaitiez installer votre propre borne de recharge \u00e9lectrique pour vous simplifier la vie. Et cela tombe bien ! Moyennant le respect de certaines conditions, vous pourrez profiter d&rsquo;une r\u00e9duction fiscale de 15 %. Mais attention, il faudra vous d\u00e9p\u00eacher, car cet avantage cessera apr\u00e8s le 31 ao\u00fbt 2024. Bon \u00e0 savoir : cette r\u00e9duction fiscale de 15 % est plafonn\u00e9e \u00e0 1 750 euros pour une borne de recharge unidirectionnelle et \u00e0 8 000 euros pour une borne bidirectionnelle. Pour b\u00e9n\u00e9ficier de cette r\u00e9duction fiscale, certaines conditions doivent \u00eatre respect\u00e9es : les sommes engag\u00e9es doivent \u00eatre li\u00e9es \u00e0 l&rsquo;achat \u00e0 l&rsquo;\u00e9tat neuf de la borne, \u00e0 son installation et \u00e0 son contr\u00f4le. En ce qui concerne la borne de recharge elle-m\u00eame, elle devra \u00eatre fix\u00e9e de mani\u00e8re permanente au sol ou au mur et se trouver dans ou \u00e0 proximit\u00e9 imm\u00e9diate de votre habitation. La borne devra \u00eatre intelligente, c&rsquo;est-\u00e0-dire que le temps de charge et sa capacit\u00e9 devront pouvoir \u00eatre transmis gr\u00e2ce \u00e0 un syst\u00e8me de gestion d&rsquo;\u00e9nergie. Seule de l&rsquo;\u00e9lectricit\u00e9 verte devra \u00eatre utilis\u00e9e (alimentation par panneaux solaires ou contrat sp\u00e9cifique avec un fournisseur d&rsquo;\u00e9lectricit\u00e9 100 % verte). Un autre point important : une borne de recharge install\u00e9e par le particulier lui-m\u00eame n&rsquo;entre pas en compte pour la r\u00e9duction d&rsquo;imp\u00f4ts. De plus, un organisme de contr\u00f4le agr\u00e9\u00e9 devra approuver l&rsquo;installation de cette derni\u00e8re.<\/p>\n","protected":false},"author":38,"featured_media":13431,"comment_status":"closed","ping_status":"closed","sticky":false,"template":"","format":"standard","meta":{"_acf_changed":false,"footnotes":""},"categories":[17],"tags":[],"section":[13,12],"class_list":["post-13427","post","type-post","status-publish","format-standard","has-post-thumbnail","hentry","category-actualite-en-belgique","section-solaire","section-mobilite"],"acf":[],"yoast_head":"<!-- This site is optimized with the Yoast SEO plugin v27.4 - https:\/\/yoast.com\/product\/yoast-seo-wordpress\/ -->\n<title>Borne de recharge : la r\u00e9duction fiscale, c\u2019est fini - Renouvelle<\/title>\n<meta name=\"description\" content=\"Vous allez installer une borne de recharge \u00e9lectrique chez vous ? Vous avez encore le temps de profiter d&#039;une r\u00e9duction fiscale de 15%.\" \/>\n<meta name=\"robots\" content=\"index, follow, max-snippet:-1, max-image-preview:large, max-video-preview:-1\" \/>\n<link rel=\"canonical\" href=\"https:\/\/www.renouvelle.be\/fr\/borne-de-recharge-la-reduction-fiscale-cest-fini\/\" \/>\n<meta property=\"og:locale\" content=\"fr_FR\" \/>\n<meta property=\"og:type\" content=\"article\" \/>\n<meta property=\"og:title\" content=\"Borne de recharge : la r\u00e9duction fiscale, c\u2019est fini - Renouvelle\" \/>\n<meta property=\"og:description\" content=\"Vous allez installer une borne de recharge \u00e9lectrique chez vous ? Vous avez encore le temps de profiter d&#039;une r\u00e9duction fiscale de 15%.\" \/>\n<meta property=\"og:url\" content=\"https:\/\/www.renouvelle.be\/fr\/borne-de-recharge-la-reduction-fiscale-cest-fini\/\" \/>\n<meta property=\"og:site_name\" content=\"Renouvelle\" \/>\n<meta property=\"article:published_time\" content=\"2024-08-06T08:40:07+00:00\" \/>\n<meta property=\"article:modified_time\" content=\"2024-08-06T08:53:25+00:00\" \/>\n<meta property=\"og:image\" content=\"https:\/\/www.renouvelle.be\/wp-content\/uploads\/2024\/08\/iStock-1394363670-e1722932590836.jpg\" \/>\n\t<meta property=\"og:image:width\" content=\"2119\" \/>\n\t<meta property=\"og:image:height\" content=\"1324\" \/>\n\t<meta property=\"og:image:type\" content=\"image\/jpeg\" \/>\n<meta name=\"author\" content=\"Samuel Alves\" \/>\n<meta name=\"twitter:card\" content=\"summary_large_image\" \/>\n<script type=\"application\/ld+json\" class=\"yoast-schema-graph\">{\"@context\":\"https:\\\/\\\/schema.org\",\"@graph\":[{\"@type\":\"Article\",\"@id\":\"https:\\\/\\\/www.renouvelle.be\\\/fr\\\/borne-de-recharge-la-reduction-fiscale-cest-fini\\\/#article\",\"isPartOf\":{\"@id\":\"https:\\\/\\\/www.renouvelle.be\\\/fr\\\/borne-de-recharge-la-reduction-fiscale-cest-fini\\\/\"},\"author\":{\"name\":\"Samuel Alves\",\"@id\":\"https:\\\/\\\/www.renouvelle.be\\\/fr\\\/#\\\/schema\\\/person\\\/9d743366fb269eeceaa8d60e98d289d3\"},\"headline\":\"Borne de recharge : la r\u00e9duction fiscale, c\u2019est fini\",\"datePublished\":\"2024-08-06T08:40:07+00:00\",\"dateModified\":\"2024-08-06T08:53:25+00:00\",\"mainEntityOfPage\":{\"@id\":\"https:\\\/\\\/www.renouvelle.be\\\/fr\\\/borne-de-recharge-la-reduction-fiscale-cest-fini\\\/\"},\"wordCount\":279,\"image\":{\"@id\":\"https:\\\/\\\/www.renouvelle.be\\\/fr\\\/borne-de-recharge-la-reduction-fiscale-cest-fini\\\/#primaryimage\"},\"thumbnailUrl\":\"https:\\\/\\\/www.renouvelle.be\\\/wp-content\\\/uploads\\\/2024\\\/08\\\/iStock-1394363670-e1722932590836.jpg\",\"articleSection\":[\"Actualit\u00e9 en Belgique\"],\"inLanguage\":\"fr-FR\"},{\"@type\":\"WebPage\",\"@id\":\"https:\\\/\\\/www.renouvelle.be\\\/fr\\\/borne-de-recharge-la-reduction-fiscale-cest-fini\\\/\",\"url\":\"https:\\\/\\\/www.renouvelle.be\\\/fr\\\/borne-de-recharge-la-reduction-fiscale-cest-fini\\\/\",\"name\":\"Borne de recharge : la r\u00e9duction fiscale, c\u2019est fini - Renouvelle\",\"isPartOf\":{\"@id\":\"https:\\\/\\\/www.renouvelle.be\\\/fr\\\/#website\"},\"primaryImageOfPage\":{\"@id\":\"https:\\\/\\\/www.renouvelle.be\\\/fr\\\/borne-de-recharge-la-reduction-fiscale-cest-fini\\\/#primaryimage\"},\"image\":{\"@id\":\"https:\\\/\\\/www.renouvelle.be\\\/fr\\\/borne-de-recharge-la-reduction-fiscale-cest-fini\\\/#primaryimage\"},\"thumbnailUrl\":\"https:\\\/\\\/www.renouvelle.be\\\/wp-content\\\/uploads\\\/2024\\\/08\\\/iStock-1394363670-e1722932590836.jpg\",\"datePublished\":\"2024-08-06T08:40:07+00:00\",\"dateModified\":\"2024-08-06T08:53:25+00:00\",\"author\":{\"@id\":\"https:\\\/\\\/www.renouvelle.be\\\/fr\\\/#\\\/schema\\\/person\\\/9d743366fb269eeceaa8d60e98d289d3\"},\"description\":\"Vous allez installer une borne de recharge \u00e9lectrique chez vous ? Vous avez encore le temps de profiter d'une r\u00e9duction fiscale de 15%.\",\"breadcrumb\":{\"@id\":\"https:\\\/\\\/www.renouvelle.be\\\/fr\\\/borne-de-recharge-la-reduction-fiscale-cest-fini\\\/#breadcrumb\"},\"inLanguage\":\"fr-FR\",\"potentialAction\":[{\"@type\":\"ReadAction\",\"target\":[\"https:\\\/\\\/www.renouvelle.be\\\/fr\\\/borne-de-recharge-la-reduction-fiscale-cest-fini\\\/\"]}]},{\"@type\":\"ImageObject\",\"inLanguage\":\"fr-FR\",\"@id\":\"https:\\\/\\\/www.renouvelle.be\\\/fr\\\/borne-de-recharge-la-reduction-fiscale-cest-fini\\\/#primaryimage\",\"url\":\"https:\\\/\\\/www.renouvelle.be\\\/wp-content\\\/uploads\\\/2024\\\/08\\\/iStock-1394363670-e1722932590836.jpg\",\"contentUrl\":\"https:\\\/\\\/www.renouvelle.be\\\/wp-content\\\/uploads\\\/2024\\\/08\\\/iStock-1394363670-e1722932590836.jpg\",\"width\":2119,\"height\":1324,\"caption\":\"borne de recharge\"},{\"@type\":\"BreadcrumbList\",\"@id\":\"https:\\\/\\\/www.renouvelle.be\\\/fr\\\/borne-de-recharge-la-reduction-fiscale-cest-fini\\\/#breadcrumb\",\"itemListElement\":[{\"@type\":\"ListItem\",\"position\":1,\"name\":\"Accueil\",\"item\":\"https:\\\/\\\/www.renouvelle.be\\\/fr\\\/\"},{\"@type\":\"ListItem\",\"position\":2,\"name\":\"Borne de recharge : la r\u00e9duction fiscale, c\u2019est fini\"}]},{\"@type\":\"WebSite\",\"@id\":\"https:\\\/\\\/www.renouvelle.be\\\/fr\\\/#website\",\"url\":\"https:\\\/\\\/www.renouvelle.be\\\/fr\\\/\",\"name\":\"Renouvelle\",\"description\":\"L&#039;actualit\u00e9 de l&#039;\u00e9nergie durable\",\"potentialAction\":[{\"@type\":\"SearchAction\",\"target\":{\"@type\":\"EntryPoint\",\"urlTemplate\":\"https:\\\/\\\/www.renouvelle.be\\\/fr\\\/?s={search_term_string}\"},\"query-input\":{\"@type\":\"PropertyValueSpecification\",\"valueRequired\":true,\"valueName\":\"search_term_string\"}}],\"inLanguage\":\"fr-FR\"},{\"@type\":\"Person\",\"@id\":\"https:\\\/\\\/www.renouvelle.be\\\/fr\\\/#\\\/schema\\\/person\\\/9d743366fb269eeceaa8d60e98d289d3\",\"name\":\"Samuel Alves\",\"url\":\"https:\\\/\\\/www.renouvelle.be\\\/fr\\\/author\\\/salves\\\/\"}]}<\/script>\n<!-- \/ Yoast SEO plugin. -->","yoast_head_json":{"title":"Borne de recharge : la r\u00e9duction fiscale, c\u2019est fini - Renouvelle","description":"Vous allez installer une borne de recharge \u00e9lectrique chez vous ? Vous avez encore le temps de profiter d'une r\u00e9duction fiscale de 15%.","robots":{"index":"index","follow":"follow","max-snippet":"max-snippet:-1","max-image-preview":"max-image-preview:large","max-video-preview":"max-video-preview:-1"},"canonical":"https:\/\/www.renouvelle.be\/fr\/borne-de-recharge-la-reduction-fiscale-cest-fini\/","og_locale":"fr_FR","og_type":"article","og_title":"Borne de recharge : la r\u00e9duction fiscale, c\u2019est fini - Renouvelle","og_description":"Vous allez installer une borne de recharge \u00e9lectrique chez vous ? Vous avez encore le temps de profiter d'une r\u00e9duction fiscale de 15%.","og_url":"https:\/\/www.renouvelle.be\/fr\/borne-de-recharge-la-reduction-fiscale-cest-fini\/","og_site_name":"Renouvelle","article_published_time":"2024-08-06T08:40:07+00:00","article_modified_time":"2024-08-06T08:53:25+00:00","og_image":[{"width":2119,"height":1324,"url":"https:\/\/www.renouvelle.be\/wp-content\/uploads\/2024\/08\/iStock-1394363670-e1722932590836.jpg","type":"image\/jpeg"}],"author":"Samuel Alves","twitter_card":"summary_large_image","schema":{"@context":"https:\/\/schema.org","@graph":[{"@type":"Article","@id":"https:\/\/www.renouvelle.be\/fr\/borne-de-recharge-la-reduction-fiscale-cest-fini\/#article","isPartOf":{"@id":"https:\/\/www.renouvelle.be\/fr\/borne-de-recharge-la-reduction-fiscale-cest-fini\/"},"author":{"name":"Samuel Alves","@id":"https:\/\/www.renouvelle.be\/fr\/#\/schema\/person\/9d743366fb269eeceaa8d60e98d289d3"},"headline":"Borne de recharge : la r\u00e9duction fiscale, c\u2019est fini","datePublished":"2024-08-06T08:40:07+00:00","dateModified":"2024-08-06T08:53:25+00:00","mainEntityOfPage":{"@id":"https:\/\/www.renouvelle.be\/fr\/borne-de-recharge-la-reduction-fiscale-cest-fini\/"},"wordCount":279,"image":{"@id":"https:\/\/www.renouvelle.be\/fr\/borne-de-recharge-la-reduction-fiscale-cest-fini\/#primaryimage"},"thumbnailUrl":"https:\/\/www.renouvelle.be\/wp-content\/uploads\/2024\/08\/iStock-1394363670-e1722932590836.jpg","articleSection":["Actualit\u00e9 en Belgique"],"inLanguage":"fr-FR"},{"@type":"WebPage","@id":"https:\/\/www.renouvelle.be\/fr\/borne-de-recharge-la-reduction-fiscale-cest-fini\/","url":"https:\/\/www.renouvelle.be\/fr\/borne-de-recharge-la-reduction-fiscale-cest-fini\/","name":"Borne de recharge : la r\u00e9duction fiscale, c\u2019est fini - Renouvelle","isPartOf":{"@id":"https:\/\/www.renouvelle.be\/fr\/#website"},"primaryImageOfPage":{"@id":"https:\/\/www.renouvelle.be\/fr\/borne-de-recharge-la-reduction-fiscale-cest-fini\/#primaryimage"},"image":{"@id":"https:\/\/www.renouvelle.be\/fr\/borne-de-recharge-la-reduction-fiscale-cest-fini\/#primaryimage"},"thumbnailUrl":"https:\/\/www.renouvelle.be\/wp-content\/uploads\/2024\/08\/iStock-1394363670-e1722932590836.jpg","datePublished":"2024-08-06T08:40:07+00:00","dateModified":"2024-08-06T08:53:25+00:00","author":{"@id":"https:\/\/www.renouvelle.be\/fr\/#\/schema\/person\/9d743366fb269eeceaa8d60e98d289d3"},"description":"Vous allez installer une borne de recharge \u00e9lectrique chez vous ? Vous avez encore le temps de profiter d'une r\u00e9duction fiscale de 15%.","breadcrumb":{"@id":"https:\/\/www.renouvelle.be\/fr\/borne-de-recharge-la-reduction-fiscale-cest-fini\/#breadcrumb"},"inLanguage":"fr-FR","potentialAction":[{"@type":"ReadAction","target":["https:\/\/www.renouvelle.be\/fr\/borne-de-recharge-la-reduction-fiscale-cest-fini\/"]}]},{"@type":"ImageObject","inLanguage":"fr-FR","@id":"https:\/\/www.renouvelle.be\/fr\/borne-de-recharge-la-reduction-fiscale-cest-fini\/#primaryimage","url":"https:\/\/www.renouvelle.be\/wp-content\/uploads\/2024\/08\/iStock-1394363670-e1722932590836.jpg","contentUrl":"https:\/\/www.renouvelle.be\/wp-content\/uploads\/2024\/08\/iStock-1394363670-e1722932590836.jpg","width":2119,"height":1324,"caption":"borne de recharge"},{"@type":"BreadcrumbList","@id":"https:\/\/www.renouvelle.be\/fr\/borne-de-recharge-la-reduction-fiscale-cest-fini\/#breadcrumb","itemListElement":[{"@type":"ListItem","position":1,"name":"Accueil","item":"https:\/\/www.renouvelle.be\/fr\/"},{"@type":"ListItem","position":2,"name":"Borne de recharge : la r\u00e9duction fiscale, c\u2019est fini"}]},{"@type":"WebSite","@id":"https:\/\/www.renouvelle.be\/fr\/#website","url":"https:\/\/www.renouvelle.be\/fr\/","name":"Renouvelle","description":"L&#039;actualit\u00e9 de l&#039;\u00e9nergie durable","potentialAction":[{"@type":"SearchAction","target":{"@type":"EntryPoint","urlTemplate":"https:\/\/www.renouvelle.be\/fr\/?s={search_term_string}"},"query-input":{"@type":"PropertyValueSpecification","valueRequired":true,"valueName":"search_term_string"}}],"inLanguage":"fr-FR"},{"@type":"Person","@id":"https:\/\/www.renouvelle.be\/fr\/#\/schema\/person\/9d743366fb269eeceaa8d60e98d289d3","name":"Samuel Alves","url":"https:\/\/www.renouvelle.be\/fr\/author\/salves\/"}]}},"_links":{"self":[{"href":"https:\/\/www.renouvelle.be\/fr\/wp-json\/wp\/v2\/posts\/13427","targetHints":{"allow":["GET"]}}],"collection":[{"href":"https:\/\/www.renouvelle.be\/fr\/wp-json\/wp\/v2\/posts"}],"about":[{"href":"https:\/\/www.renouvelle.be\/fr\/wp-json\/wp\/v2\/types\/post"}],"author":[{"embeddable":true,"href":"https:\/\/www.renouvelle.be\/fr\/wp-json\/wp\/v2\/users\/38"}],"replies":[{"embeddable":true,"href":"https:\/\/www.renouvelle.be\/fr\/wp-json\/wp\/v2\/comments?post=13427"}],"version-history":[{"count":5,"href":"https:\/\/www.renouvelle.be\/fr\/wp-json\/wp\/v2\/posts\/13427\/revisions"}],"predecessor-version":[{"id":13435,"href":"https:\/\/www.renouvelle.be\/fr\/wp-json\/wp\/v2\/posts\/13427\/revisions\/13435"}],"wp:featuredmedia":[{"embeddable":true,"href":"https:\/\/www.renouvelle.be\/fr\/wp-json\/wp\/v2\/media\/13431"}],"wp:attachment":[{"href":"https:\/\/www.renouvelle.be\/fr\/wp-json\/wp\/v2\/media?parent=13427"}],"wp:term":[{"taxonomy":"category","embeddable":true,"href":"https:\/\/www.renouvelle.be\/fr\/wp-json\/wp\/v2\/categories?post=13427"},{"taxonomy":"post_tag","embeddable":true,"href":"https:\/\/www.renouvelle.be\/fr\/wp-json\/wp\/v2\/tags?post=13427"},{"taxonomy":"section","embeddable":true,"href":"https:\/\/www.renouvelle.be\/fr\/wp-json\/wp\/v2\/section?post=13427"}],"curies":[{"name":"wp","href":"https:\/\/api.w.org\/{rel}","templated":true}]}}