{"id":13360,"date":"2024-07-16T13:54:58","date_gmt":"2024-07-16T11:54:58","guid":{"rendered":"https:\/\/www.renouvelle.be\/?p=13360"},"modified":"2024-07-18T15:19:47","modified_gmt":"2024-07-18T13:19:47","slug":"electricite-une-tarification-incitative-des-2026-en-wallonie","status":"publish","type":"post","link":"https:\/\/www.renouvelle.be\/fr\/electricite-une-tarification-incitative-des-2026-en-wallonie\/","title":{"rendered":"\u00c9lectricit\u00e9\u00a0: nouvelle tarification en Wallonie en 2026"},"content":{"rendered":"\n<p>Confirm\u00e9e par la CWaPE, cette nouvelle tarification incitative vise un d\u00e9placement de la consommation d\u2019\u00e9lectricit\u00e9 aux moments o\u00f9 cette derni\u00e8re est la plus abondante sur les r\u00e9seaux.<\/p>\n\n\n\n<p>En Wallonie, les r\u00e9sidents connaissaient d\u00e9j\u00e0 les tarifications standards&nbsp;: le tarif mono-horaire qui s\u2019applique du lundi au dimanche (24h\/24h) et le tarif bi-horaire r\u00e9parti entre 2 tarifs (heures pleines et heures creuses). Changement important pour les consommateurs qui auront choisi ce dernier, en 2026 ce dernier sera valable du lundi au dimanche, la distinction entre semaine et week-end ne sera plus appliqu\u00e9e.<\/p>\n\n\n\n<h2 class=\"wp-block-heading\"><strong>Comment fonctionnera la tarification incitative&nbsp;?<\/strong><\/h2>\n\n\n\n<p>Pour b\u00e9n\u00e9ficier de cette nouvelle tarification, il faudra r\u00e9pondre \u00e0 2 conditions pr\u00e9alables&nbsp;: une puissance de raccordement inf\u00e9rieure \u00e0 56 kVA et \u00eatre \u00e9quip\u00e9 d\u2019un compteur communiquant. Celle-ci sera divis\u00e9e en trois tranches tarifaires (associ\u00e9es \u00e0 un code couleur), \u00e9tal\u00e9es sur cinq plages horaires.<\/p>\n\n\n\n<p><strong>Les heures vertes&nbsp;:<\/strong>&nbsp;ce sont les moments o\u00f9 le r\u00e9seau est le plus disponible avec de l\u2019\u00e9lectricit\u00e9 en abondance. Ces heures, au tarif le plus avantageux, s\u2019\u00e9talent de 11h00 \u00e0 17h00 (aussi appel\u00e9es \u00ab&nbsp;heures solaires&nbsp;\u00bb) et de 1h00 \u00e0 7h00.<\/p>\n\n\n\n<p><strong>Les heures orange&nbsp;:<\/strong>&nbsp;elles correspondent \u00e0 un tarif interm\u00e9diaire qui couvre les plages horaires entre 7h00 et 11h00, et entre 22h00 et 1h00.<\/p>\n\n\n\n<p><strong>Les heures rouges&nbsp;:<\/strong>&nbsp;il s\u2019agit des moments o\u00f9 le r\u00e9seau est le plus sollicit\u00e9, c\u2019est-\u00e0-dire en fin de journ\u00e9e et en soir\u00e9e (entre 17h00 et 22h00). Sans surprise, c\u2019est l\u00e0 que le tarif sera le plus \u00e9lev\u00e9 afin de motiver les utilisateurs \u00e0 d\u00e9placer leur consommation, et \u00e0 ne pas faire fonctionner des appareils \u00e9nergivores pendant cette plage horaire. Cependant, les consommateurs ne seront pas p\u00e9nalis\u00e9s pour les activit\u00e9s habituelles comme la pr\u00e9paration du repas du soir (pris en compte dans la tarification de la&nbsp;<a href=\"https:\/\/www.cwape.be\/sites\/default\/files\/cwape-documents\/2024.07.15-Tarification%20incitative-dossier%20de%20presse%20-%20version%20finale.pdf\" target=\"_blank\" rel=\"noreferrer noopener\">CWaPE<\/a>).<\/p>\n\n\n\n<p>Mais attention, choisir la tarification incitative, c\u2019est choisir un r\u00e9el changement. Les consommateurs qui ne joueraient pas le jeu en ne modifiant pas leurs habitudes de consommation (en d\u00e9marrant souvent leurs appareils pendant les heures rouges) verraient une hausse de leurs co\u00fbts de distribution.<\/p>\n\n\n\n<p>La tarification incitative reste bien \u00e9videmment un choix pour le consommateur (qui doit le formuler clairement \u00e0 son fournisseur) et n\u2019est donc pas obligatoire mais il s\u2019agit d\u2019une bonne occasion de participer activement \u00e0 la transition \u00e9nerg\u00e9tique en optant pour la\u00a0<a href=\"https:\/\/www.renouvelle.be\/fr\/flexibilite-electrique-consommateur-en-4-gestes\/\" target=\"_blank\" rel=\"noreferrer noopener\">flexibilit\u00e9 \u00e9lectrique<\/a>.<\/p>\n\n\n\n<p><\/p>\n","protected":false},"excerpt":{"rendered":"<p>Confirm\u00e9e par la CWaPE, cette nouvelle tarification incitative vise un d\u00e9placement de la consommation d\u2019\u00e9lectricit\u00e9 aux moments o\u00f9 cette derni\u00e8re est la plus abondante sur les r\u00e9seaux. En Wallonie, les r\u00e9sidents connaissaient d\u00e9j\u00e0 les tarifications standards&nbsp;: le tarif mono-horaire qui s\u2019applique du lundi au dimanche (24h\/24h) et le tarif bi-horaire r\u00e9parti entre 2 tarifs (heures pleines et heures creuses). Changement important pour les consommateurs qui auront choisi ce dernier, en 2026 ce dernier sera valable du lundi au dimanche, la distinction entre semaine et week-end ne sera plus appliqu\u00e9e. Comment fonctionnera la tarification incitative&nbsp;? Pour b\u00e9n\u00e9ficier de cette nouvelle tarification, il faudra r\u00e9pondre \u00e0 2 conditions pr\u00e9alables&nbsp;: une puissance de raccordement inf\u00e9rieure \u00e0 56 kVA et \u00eatre \u00e9quip\u00e9 d\u2019un compteur communiquant. Celle-ci sera divis\u00e9e en trois tranches tarifaires (associ\u00e9es \u00e0 un code couleur), \u00e9tal\u00e9es sur cinq plages horaires. Les heures vertes&nbsp;:&nbsp;ce sont les moments o\u00f9 le r\u00e9seau est le plus disponible avec de l\u2019\u00e9lectricit\u00e9 en abondance. Ces heures, au tarif le plus avantageux, s\u2019\u00e9talent de 11h00 \u00e0 17h00 (aussi appel\u00e9es \u00ab&nbsp;heures solaires&nbsp;\u00bb) et de 1h00 \u00e0 7h00. Les heures orange&nbsp;:&nbsp;elles correspondent \u00e0 un tarif interm\u00e9diaire qui couvre les plages horaires entre 7h00 et 11h00, et entre 22h00 et 1h00. Les heures rouges&nbsp;:&nbsp;il s\u2019agit des moments o\u00f9 le r\u00e9seau est le plus sollicit\u00e9, c\u2019est-\u00e0-dire en fin de journ\u00e9e et en soir\u00e9e (entre 17h00 et 22h00). Sans surprise, c\u2019est l\u00e0 que le tarif sera le plus \u00e9lev\u00e9 afin de motiver les utilisateurs \u00e0 d\u00e9placer leur consommation, et \u00e0 ne pas faire fonctionner des appareils \u00e9nergivores pendant cette plage horaire. Cependant, les consommateurs ne seront pas p\u00e9nalis\u00e9s pour les activit\u00e9s habituelles comme la pr\u00e9paration du repas du soir (pris en compte dans la tarification de la&nbsp;CWaPE). Mais attention, choisir la tarification incitative, c\u2019est &hellip; <a href=\"https:\/\/www.renouvelle.be\/fr\/electricite-une-tarification-incitative-des-2026-en-wallonie\/\" class=\"more-link\">Continue reading<span class=\"screen-reader-text\"> \u00ab\u00a0\u00c9lectricit\u00e9\u00a0: nouvelle tarification en Wallonie en 2026\u00a0\u00bb<\/span><\/a><\/p>\n","protected":false},"author":38,"featured_media":13363,"comment_status":"closed","ping_status":"closed","sticky":false,"template":"","format":"standard","meta":{"_acf_changed":false,"footnotes":""},"categories":[17],"tags":[],"section":[8],"class_list":["post-13360","post","type-post","status-publish","format-standard","has-post-thumbnail","hentry","category-actualite-en-belgique","section-energie-renouvelables"],"acf":[],"yoast_head":"<!-- This site is optimized with the Yoast SEO plugin v27.5 - https:\/\/yoast.com\/product\/yoast-seo-wordpress\/ -->\n<title>\u00c9lectricit\u00e9\u00a0: nouvelle tarification en Wallonie en 2026 - Renouvelle<\/title>\n<meta name=\"description\" content=\"D\u00e8s 2026, les r\u00e9sidents wallons pourront choisir la tarification incitative qui aura pour but de d\u00e9placer leur consommation \u00e9lectrique.\" \/>\n<meta name=\"robots\" content=\"index, follow, max-snippet:-1, max-image-preview:large, max-video-preview:-1\" \/>\n<link rel=\"canonical\" href=\"https:\/\/www.renouvelle.be\/fr\/electricite-une-tarification-incitative-des-2026-en-wallonie\/\" \/>\n<meta property=\"og:locale\" content=\"fr_FR\" \/>\n<meta property=\"og:type\" content=\"article\" \/>\n<meta property=\"og:title\" content=\"\u00c9lectricit\u00e9\u00a0: nouvelle tarification en Wallonie en 2026 - Renouvelle\" \/>\n<meta property=\"og:description\" content=\"D\u00e8s 2026, les r\u00e9sidents wallons pourront choisir la tarification incitative qui aura pour but de d\u00e9placer leur consommation \u00e9lectrique.\" \/>\n<meta property=\"og:url\" content=\"https:\/\/www.renouvelle.be\/fr\/electricite-une-tarification-incitative-des-2026-en-wallonie\/\" \/>\n<meta property=\"og:site_name\" content=\"Renouvelle\" \/>\n<meta property=\"article:published_time\" content=\"2024-07-16T11:54:58+00:00\" \/>\n<meta property=\"article:modified_time\" content=\"2024-07-18T13:19:47+00:00\" \/>\n<meta property=\"og:image\" content=\"https:\/\/www.renouvelle.be\/wp-content\/uploads\/2024\/07\/iStock-912000616.jpg\" \/>\n\t<meta property=\"og:image:width\" content=\"2266\" \/>\n\t<meta property=\"og:image:height\" content=\"1322\" \/>\n\t<meta property=\"og:image:type\" content=\"image\/jpeg\" \/>\n<meta name=\"author\" content=\"Samuel Alves\" \/>\n<meta name=\"twitter:card\" content=\"summary_large_image\" \/>\n<script type=\"application\/ld+json\" class=\"yoast-schema-graph\">{\"@context\":\"https:\\\/\\\/schema.org\",\"@graph\":[{\"@type\":\"Article\",\"@id\":\"https:\\\/\\\/www.renouvelle.be\\\/fr\\\/electricite-une-tarification-incitative-des-2026-en-wallonie\\\/#article\",\"isPartOf\":{\"@id\":\"https:\\\/\\\/www.renouvelle.be\\\/fr\\\/electricite-une-tarification-incitative-des-2026-en-wallonie\\\/\"},\"author\":{\"name\":\"Samuel Alves\",\"@id\":\"https:\\\/\\\/www.renouvelle.be\\\/fr\\\/#\\\/schema\\\/person\\\/9d743366fb269eeceaa8d60e98d289d3\"},\"headline\":\"\u00c9lectricit\u00e9\u00a0: nouvelle tarification en Wallonie en 2026\",\"datePublished\":\"2024-07-16T11:54:58+00:00\",\"dateModified\":\"2024-07-18T13:19:47+00:00\",\"mainEntityOfPage\":{\"@id\":\"https:\\\/\\\/www.renouvelle.be\\\/fr\\\/electricite-une-tarification-incitative-des-2026-en-wallonie\\\/\"},\"wordCount\":423,\"image\":{\"@id\":\"https:\\\/\\\/www.renouvelle.be\\\/fr\\\/electricite-une-tarification-incitative-des-2026-en-wallonie\\\/#primaryimage\"},\"thumbnailUrl\":\"https:\\\/\\\/www.renouvelle.be\\\/wp-content\\\/uploads\\\/2024\\\/07\\\/iStock-912000616.jpg\",\"articleSection\":[\"Actualit\u00e9 en Belgique\"],\"inLanguage\":\"fr-FR\"},{\"@type\":\"WebPage\",\"@id\":\"https:\\\/\\\/www.renouvelle.be\\\/fr\\\/electricite-une-tarification-incitative-des-2026-en-wallonie\\\/\",\"url\":\"https:\\\/\\\/www.renouvelle.be\\\/fr\\\/electricite-une-tarification-incitative-des-2026-en-wallonie\\\/\",\"name\":\"\u00c9lectricit\u00e9\u00a0: nouvelle tarification en Wallonie en 2026 - Renouvelle\",\"isPartOf\":{\"@id\":\"https:\\\/\\\/www.renouvelle.be\\\/fr\\\/#website\"},\"primaryImageOfPage\":{\"@id\":\"https:\\\/\\\/www.renouvelle.be\\\/fr\\\/electricite-une-tarification-incitative-des-2026-en-wallonie\\\/#primaryimage\"},\"image\":{\"@id\":\"https:\\\/\\\/www.renouvelle.be\\\/fr\\\/electricite-une-tarification-incitative-des-2026-en-wallonie\\\/#primaryimage\"},\"thumbnailUrl\":\"https:\\\/\\\/www.renouvelle.be\\\/wp-content\\\/uploads\\\/2024\\\/07\\\/iStock-912000616.jpg\",\"datePublished\":\"2024-07-16T11:54:58+00:00\",\"dateModified\":\"2024-07-18T13:19:47+00:00\",\"author\":{\"@id\":\"https:\\\/\\\/www.renouvelle.be\\\/fr\\\/#\\\/schema\\\/person\\\/9d743366fb269eeceaa8d60e98d289d3\"},\"description\":\"D\u00e8s 2026, les r\u00e9sidents wallons pourront choisir la tarification incitative qui aura pour but de d\u00e9placer leur consommation \u00e9lectrique.\",\"breadcrumb\":{\"@id\":\"https:\\\/\\\/www.renouvelle.be\\\/fr\\\/electricite-une-tarification-incitative-des-2026-en-wallonie\\\/#breadcrumb\"},\"inLanguage\":\"fr-FR\",\"potentialAction\":[{\"@type\":\"ReadAction\",\"target\":[\"https:\\\/\\\/www.renouvelle.be\\\/fr\\\/electricite-une-tarification-incitative-des-2026-en-wallonie\\\/\"]}]},{\"@type\":\"ImageObject\",\"inLanguage\":\"fr-FR\",\"@id\":\"https:\\\/\\\/www.renouvelle.be\\\/fr\\\/electricite-une-tarification-incitative-des-2026-en-wallonie\\\/#primaryimage\",\"url\":\"https:\\\/\\\/www.renouvelle.be\\\/wp-content\\\/uploads\\\/2024\\\/07\\\/iStock-912000616.jpg\",\"contentUrl\":\"https:\\\/\\\/www.renouvelle.be\\\/wp-content\\\/uploads\\\/2024\\\/07\\\/iStock-912000616.jpg\",\"width\":2266,\"height\":1322,\"caption\":\"tarification incitative\"},{\"@type\":\"BreadcrumbList\",\"@id\":\"https:\\\/\\\/www.renouvelle.be\\\/fr\\\/electricite-une-tarification-incitative-des-2026-en-wallonie\\\/#breadcrumb\",\"itemListElement\":[{\"@type\":\"ListItem\",\"position\":1,\"name\":\"Accueil\",\"item\":\"https:\\\/\\\/www.renouvelle.be\\\/fr\\\/\"},{\"@type\":\"ListItem\",\"position\":2,\"name\":\"\u00c9lectricit\u00e9\u00a0: nouvelle tarification en Wallonie en 2026\"}]},{\"@type\":\"WebSite\",\"@id\":\"https:\\\/\\\/www.renouvelle.be\\\/fr\\\/#website\",\"url\":\"https:\\\/\\\/www.renouvelle.be\\\/fr\\\/\",\"name\":\"Renouvelle\",\"description\":\"L&#039;actualit\u00e9 de l&#039;\u00e9nergie durable\",\"potentialAction\":[{\"@type\":\"SearchAction\",\"target\":{\"@type\":\"EntryPoint\",\"urlTemplate\":\"https:\\\/\\\/www.renouvelle.be\\\/fr\\\/?s={search_term_string}\"},\"query-input\":{\"@type\":\"PropertyValueSpecification\",\"valueRequired\":true,\"valueName\":\"search_term_string\"}}],\"inLanguage\":\"fr-FR\"},{\"@type\":\"Person\",\"@id\":\"https:\\\/\\\/www.renouvelle.be\\\/fr\\\/#\\\/schema\\\/person\\\/9d743366fb269eeceaa8d60e98d289d3\",\"name\":\"Samuel Alves\",\"url\":\"https:\\\/\\\/www.renouvelle.be\\\/fr\\\/author\\\/salves\\\/\"}]}<\/script>\n<!-- \/ Yoast SEO plugin. -->","yoast_head_json":{"title":"\u00c9lectricit\u00e9\u00a0: nouvelle tarification en Wallonie en 2026 - Renouvelle","description":"D\u00e8s 2026, les r\u00e9sidents wallons pourront choisir la tarification incitative qui aura pour but de d\u00e9placer leur consommation \u00e9lectrique.","robots":{"index":"index","follow":"follow","max-snippet":"max-snippet:-1","max-image-preview":"max-image-preview:large","max-video-preview":"max-video-preview:-1"},"canonical":"https:\/\/www.renouvelle.be\/fr\/electricite-une-tarification-incitative-des-2026-en-wallonie\/","og_locale":"fr_FR","og_type":"article","og_title":"\u00c9lectricit\u00e9\u00a0: nouvelle tarification en Wallonie en 2026 - Renouvelle","og_description":"D\u00e8s 2026, les r\u00e9sidents wallons pourront choisir la tarification incitative qui aura pour but de d\u00e9placer leur consommation \u00e9lectrique.","og_url":"https:\/\/www.renouvelle.be\/fr\/electricite-une-tarification-incitative-des-2026-en-wallonie\/","og_site_name":"Renouvelle","article_published_time":"2024-07-16T11:54:58+00:00","article_modified_time":"2024-07-18T13:19:47+00:00","og_image":[{"width":2266,"height":1322,"url":"https:\/\/www.renouvelle.be\/wp-content\/uploads\/2024\/07\/iStock-912000616.jpg","type":"image\/jpeg"}],"author":"Samuel Alves","twitter_card":"summary_large_image","schema":{"@context":"https:\/\/schema.org","@graph":[{"@type":"Article","@id":"https:\/\/www.renouvelle.be\/fr\/electricite-une-tarification-incitative-des-2026-en-wallonie\/#article","isPartOf":{"@id":"https:\/\/www.renouvelle.be\/fr\/electricite-une-tarification-incitative-des-2026-en-wallonie\/"},"author":{"name":"Samuel Alves","@id":"https:\/\/www.renouvelle.be\/fr\/#\/schema\/person\/9d743366fb269eeceaa8d60e98d289d3"},"headline":"\u00c9lectricit\u00e9\u00a0: nouvelle tarification en Wallonie en 2026","datePublished":"2024-07-16T11:54:58+00:00","dateModified":"2024-07-18T13:19:47+00:00","mainEntityOfPage":{"@id":"https:\/\/www.renouvelle.be\/fr\/electricite-une-tarification-incitative-des-2026-en-wallonie\/"},"wordCount":423,"image":{"@id":"https:\/\/www.renouvelle.be\/fr\/electricite-une-tarification-incitative-des-2026-en-wallonie\/#primaryimage"},"thumbnailUrl":"https:\/\/www.renouvelle.be\/wp-content\/uploads\/2024\/07\/iStock-912000616.jpg","articleSection":["Actualit\u00e9 en Belgique"],"inLanguage":"fr-FR"},{"@type":"WebPage","@id":"https:\/\/www.renouvelle.be\/fr\/electricite-une-tarification-incitative-des-2026-en-wallonie\/","url":"https:\/\/www.renouvelle.be\/fr\/electricite-une-tarification-incitative-des-2026-en-wallonie\/","name":"\u00c9lectricit\u00e9\u00a0: nouvelle tarification en Wallonie en 2026 - Renouvelle","isPartOf":{"@id":"https:\/\/www.renouvelle.be\/fr\/#website"},"primaryImageOfPage":{"@id":"https:\/\/www.renouvelle.be\/fr\/electricite-une-tarification-incitative-des-2026-en-wallonie\/#primaryimage"},"image":{"@id":"https:\/\/www.renouvelle.be\/fr\/electricite-une-tarification-incitative-des-2026-en-wallonie\/#primaryimage"},"thumbnailUrl":"https:\/\/www.renouvelle.be\/wp-content\/uploads\/2024\/07\/iStock-912000616.jpg","datePublished":"2024-07-16T11:54:58+00:00","dateModified":"2024-07-18T13:19:47+00:00","author":{"@id":"https:\/\/www.renouvelle.be\/fr\/#\/schema\/person\/9d743366fb269eeceaa8d60e98d289d3"},"description":"D\u00e8s 2026, les r\u00e9sidents wallons pourront choisir la tarification incitative qui aura pour but de d\u00e9placer leur consommation \u00e9lectrique.","breadcrumb":{"@id":"https:\/\/www.renouvelle.be\/fr\/electricite-une-tarification-incitative-des-2026-en-wallonie\/#breadcrumb"},"inLanguage":"fr-FR","potentialAction":[{"@type":"ReadAction","target":["https:\/\/www.renouvelle.be\/fr\/electricite-une-tarification-incitative-des-2026-en-wallonie\/"]}]},{"@type":"ImageObject","inLanguage":"fr-FR","@id":"https:\/\/www.renouvelle.be\/fr\/electricite-une-tarification-incitative-des-2026-en-wallonie\/#primaryimage","url":"https:\/\/www.renouvelle.be\/wp-content\/uploads\/2024\/07\/iStock-912000616.jpg","contentUrl":"https:\/\/www.renouvelle.be\/wp-content\/uploads\/2024\/07\/iStock-912000616.jpg","width":2266,"height":1322,"caption":"tarification incitative"},{"@type":"BreadcrumbList","@id":"https:\/\/www.renouvelle.be\/fr\/electricite-une-tarification-incitative-des-2026-en-wallonie\/#breadcrumb","itemListElement":[{"@type":"ListItem","position":1,"name":"Accueil","item":"https:\/\/www.renouvelle.be\/fr\/"},{"@type":"ListItem","position":2,"name":"\u00c9lectricit\u00e9\u00a0: nouvelle tarification en Wallonie en 2026"}]},{"@type":"WebSite","@id":"https:\/\/www.renouvelle.be\/fr\/#website","url":"https:\/\/www.renouvelle.be\/fr\/","name":"Renouvelle","description":"L&#039;actualit\u00e9 de l&#039;\u00e9nergie durable","potentialAction":[{"@type":"SearchAction","target":{"@type":"EntryPoint","urlTemplate":"https:\/\/www.renouvelle.be\/fr\/?s={search_term_string}"},"query-input":{"@type":"PropertyValueSpecification","valueRequired":true,"valueName":"search_term_string"}}],"inLanguage":"fr-FR"},{"@type":"Person","@id":"https:\/\/www.renouvelle.be\/fr\/#\/schema\/person\/9d743366fb269eeceaa8d60e98d289d3","name":"Samuel Alves","url":"https:\/\/www.renouvelle.be\/fr\/author\/salves\/"}]}},"_links":{"self":[{"href":"https:\/\/www.renouvelle.be\/fr\/wp-json\/wp\/v2\/posts\/13360","targetHints":{"allow":["GET"]}}],"collection":[{"href":"https:\/\/www.renouvelle.be\/fr\/wp-json\/wp\/v2\/posts"}],"about":[{"href":"https:\/\/www.renouvelle.be\/fr\/wp-json\/wp\/v2\/types\/post"}],"author":[{"embeddable":true,"href":"https:\/\/www.renouvelle.be\/fr\/wp-json\/wp\/v2\/users\/38"}],"replies":[{"embeddable":true,"href":"https:\/\/www.renouvelle.be\/fr\/wp-json\/wp\/v2\/comments?post=13360"}],"version-history":[{"count":19,"href":"https:\/\/www.renouvelle.be\/fr\/wp-json\/wp\/v2\/posts\/13360\/revisions"}],"predecessor-version":[{"id":13405,"href":"https:\/\/www.renouvelle.be\/fr\/wp-json\/wp\/v2\/posts\/13360\/revisions\/13405"}],"wp:featuredmedia":[{"embeddable":true,"href":"https:\/\/www.renouvelle.be\/fr\/wp-json\/wp\/v2\/media\/13363"}],"wp:attachment":[{"href":"https:\/\/www.renouvelle.be\/fr\/wp-json\/wp\/v2\/media?parent=13360"}],"wp:term":[{"taxonomy":"category","embeddable":true,"href":"https:\/\/www.renouvelle.be\/fr\/wp-json\/wp\/v2\/categories?post=13360"},{"taxonomy":"post_tag","embeddable":true,"href":"https:\/\/www.renouvelle.be\/fr\/wp-json\/wp\/v2\/tags?post=13360"},{"taxonomy":"section","embeddable":true,"href":"https:\/\/www.renouvelle.be\/fr\/wp-json\/wp\/v2\/section?post=13360"}],"curies":[{"name":"wp","href":"https:\/\/api.w.org\/{rel}","templated":true}]}}