{"id":13344,"date":"2024-07-09T09:09:14","date_gmt":"2024-07-09T07:09:14","guid":{"rendered":"https:\/\/www.renouvelle.be\/?p=13344"},"modified":"2024-07-09T14:45:08","modified_gmt":"2024-07-09T12:45:08","slug":"repowering-le-parc-eolien-de-perwez-fait-peau-neuve","status":"publish","type":"post","link":"https:\/\/www.renouvelle.be\/fr\/repowering-le-parc-eolien-de-perwez-fait-peau-neuve\/","title":{"rendered":"Repowering\u00a0: le parc \u00e9olien de Perwez fait peau neuve"},"content":{"rendered":"\n<p>Remplac\u00e9 en moins de 5 ans, le \u00ab revamping \u00bb du parc \u00e9olien de Perwez est le r\u00e9sultat d\u2019une collaboration entre deux acteurs du secteur de l\u2019\u00e9nergie (Eneco et Engie), la commune de Perwez et deux coop\u00e9ratives locales (HesbEnergie et Nosse Moulin).<\/p>\n\n\n\n<p>Cette modernisation lui vaut maintenant une capacit\u00e9 de 29,4 MW contre 12 MW pr\u00e9c\u00e9demment. La production de 70 GWh\/an, \u00e9quivalente \u00e0 la consommation de 20 000 familles, \u00e9vitera ainsi l\u2019\u00e9mission annuelle de 28 000 tonnes de CO<sub>2<\/sub>.<\/p>\n\n\n\n<p>Les citoyens se sont \u00e9galement impliqu\u00e9s dans le projet avec l\u2019acquisition d\u2019une des \u00e9oliennes par la commune et 3 000 coop\u00e9rateurs. Une implication citoyenne qui a, sans doute, facilit\u00e9 le repowering \u00e9tant donn\u00e9 l\u2019absence de plaintes lors de l\u2019enqu\u00eate publique. Rien de vraiment surprenant quand on sait que l\u2019ancien parc avait d\u00e9j\u00e0 \u00e9t\u00e9 bien accept\u00e9 par les riverains.<\/p>\n\n\n\n<p>Mais que va-t-il arriver aux 8 anciennes turbines du parc \u00e9olien de Perwez ? Et bien, comme nous vous en avions d\u00e9j\u00e0 parl\u00e9, il est possible de <a href=\"https:\/\/lerevertdufutur.bandcamp.com\/track\/olien-anatomie-dun-recyclage\" target=\"_blank\" rel=\"noreferrer noopener\">recycler<\/a> ou <a href=\"https:\/\/www.renouvelle.be\/fr\/les-eoliennes-de-seconde-main-dans-le-vent-de-lepoque\/\" target=\"_blank\" rel=\"noreferrer noopener\">r\u00e9utiliser<\/a> de vieilles \u00e9oliennes. C\u2019est ainsi que cinq d\u2019entre elles auront une seconde vie ailleurs en Europe (Espagne, Moldavie et Pologne) et que les trois derni\u00e8res serviront de pi\u00e8ces de rechange en Allemagne et en Pologne.<\/p>\n\n\n\n<p>Des mesures de protection des oiseaux et des chauves-souris ont \u00e9t\u00e9 int\u00e9gr\u00e9es avec, notamment, une zone de refuge de 7 hectares pour que les oiseaux des plaines puissent se reproduire et se nourrir. D\u2019autres mesures ont \u00e9galement \u00e9t\u00e9 mises en place pour minimiser les nuisances sonores et les effets d\u2019ombrage.<\/p>\n","protected":false},"excerpt":{"rendered":"<p>Remplac\u00e9 en moins de 5 ans, le \u00ab revamping \u00bb du parc \u00e9olien de Perwez est le r\u00e9sultat d\u2019une collaboration entre deux acteurs du secteur de l\u2019\u00e9nergie (Eneco et Engie), la commune de Perwez et deux coop\u00e9ratives locales (HesbEnergie et Nosse Moulin). Cette modernisation lui vaut maintenant une capacit\u00e9 de 29,4 MW contre 12 MW pr\u00e9c\u00e9demment. La production de 70 GWh\/an, \u00e9quivalente \u00e0 la consommation de 20 000 familles, \u00e9vitera ainsi l\u2019\u00e9mission annuelle de 28 000 tonnes de CO2. Les citoyens se sont \u00e9galement impliqu\u00e9s dans le projet avec l\u2019acquisition d\u2019une des \u00e9oliennes par la commune et 3 000 coop\u00e9rateurs. Une implication citoyenne qui a, sans doute, facilit\u00e9 le repowering \u00e9tant donn\u00e9 l\u2019absence de plaintes lors de l\u2019enqu\u00eate publique. Rien de vraiment surprenant quand on sait que l\u2019ancien parc avait d\u00e9j\u00e0 \u00e9t\u00e9 bien accept\u00e9 par les riverains. Mais que va-t-il arriver aux 8 anciennes turbines du parc \u00e9olien de Perwez ? Et bien, comme nous vous en avions d\u00e9j\u00e0 parl\u00e9, il est possible de recycler ou r\u00e9utiliser de vieilles \u00e9oliennes. C\u2019est ainsi que cinq d\u2019entre elles auront une seconde vie ailleurs en Europe (Espagne, Moldavie et Pologne) et que les trois derni\u00e8res serviront de pi\u00e8ces de rechange en Allemagne et en Pologne. Des mesures de protection des oiseaux et des chauves-souris ont \u00e9t\u00e9 int\u00e9gr\u00e9es avec, notamment, une zone de refuge de 7 hectares pour que les oiseaux des plaines puissent se reproduire et se nourrir. D\u2019autres mesures ont \u00e9galement \u00e9t\u00e9 mises en place pour minimiser les nuisances sonores et les effets d\u2019ombrage.<\/p>\n","protected":false},"author":38,"featured_media":13346,"comment_status":"closed","ping_status":"closed","sticky":false,"template":"","format":"standard","meta":{"_acf_changed":false,"footnotes":""},"categories":[17],"tags":[],"section":[6],"class_list":["post-13344","post","type-post","status-publish","format-standard","has-post-thumbnail","hentry","category-actualite-en-belgique","section-eolien"],"acf":[],"yoast_head":"<!-- This site is optimized with the Yoast SEO plugin v27.4 - https:\/\/yoast.com\/product\/yoast-seo-wordpress\/ -->\n<title>Repowering\u00a0: le parc \u00e9olien de Perwez fait peau neuve - Renouvelle<\/title>\n<meta name=\"description\" content=\"Le parc \u00e9olien de Perwez change de peau et se fait un lifting \u00e9nerg\u00e9tique qui lui permet de tripler sa capacit\u00e9 install\u00e9e.\" \/>\n<meta name=\"robots\" content=\"index, follow, max-snippet:-1, max-image-preview:large, max-video-preview:-1\" \/>\n<link rel=\"canonical\" href=\"https:\/\/www.renouvelle.be\/fr\/repowering-le-parc-eolien-de-perwez-fait-peau-neuve\/\" \/>\n<meta property=\"og:locale\" content=\"fr_FR\" \/>\n<meta property=\"og:type\" content=\"article\" \/>\n<meta property=\"og:title\" content=\"Repowering\u00a0: le parc \u00e9olien de Perwez fait peau neuve - Renouvelle\" \/>\n<meta property=\"og:description\" content=\"Le parc \u00e9olien de Perwez change de peau et se fait un lifting \u00e9nerg\u00e9tique qui lui permet de tripler sa capacit\u00e9 install\u00e9e.\" \/>\n<meta property=\"og:url\" content=\"https:\/\/www.renouvelle.be\/fr\/repowering-le-parc-eolien-de-perwez-fait-peau-neuve\/\" \/>\n<meta property=\"og:site_name\" content=\"Renouvelle\" \/>\n<meta property=\"article:published_time\" content=\"2024-07-09T07:09:14+00:00\" \/>\n<meta property=\"article:modified_time\" content=\"2024-07-09T12:45:08+00:00\" \/>\n<meta property=\"og:image\" content=\"https:\/\/www.renouvelle.be\/wp-content\/uploads\/2024\/07\/iStock-1502848663-e1720442513838.jpg\" \/>\n\t<meta property=\"og:image:width\" content=\"1999\" \/>\n\t<meta property=\"og:image:height\" content=\"1206\" \/>\n\t<meta property=\"og:image:type\" content=\"image\/jpeg\" \/>\n<meta name=\"author\" content=\"Samuel Alves\" \/>\n<meta name=\"twitter:card\" content=\"summary_large_image\" \/>\n<script type=\"application\/ld+json\" class=\"yoast-schema-graph\">{\"@context\":\"https:\\\/\\\/schema.org\",\"@graph\":[{\"@type\":\"Article\",\"@id\":\"https:\\\/\\\/www.renouvelle.be\\\/fr\\\/repowering-le-parc-eolien-de-perwez-fait-peau-neuve\\\/#article\",\"isPartOf\":{\"@id\":\"https:\\\/\\\/www.renouvelle.be\\\/fr\\\/repowering-le-parc-eolien-de-perwez-fait-peau-neuve\\\/\"},\"author\":{\"name\":\"Samuel Alves\",\"@id\":\"https:\\\/\\\/www.renouvelle.be\\\/fr\\\/#\\\/schema\\\/person\\\/9d743366fb269eeceaa8d60e98d289d3\"},\"headline\":\"Repowering\u00a0: le parc \u00e9olien de Perwez fait peau neuve\",\"datePublished\":\"2024-07-09T07:09:14+00:00\",\"dateModified\":\"2024-07-09T12:45:08+00:00\",\"mainEntityOfPage\":{\"@id\":\"https:\\\/\\\/www.renouvelle.be\\\/fr\\\/repowering-le-parc-eolien-de-perwez-fait-peau-neuve\\\/\"},\"wordCount\":272,\"image\":{\"@id\":\"https:\\\/\\\/www.renouvelle.be\\\/fr\\\/repowering-le-parc-eolien-de-perwez-fait-peau-neuve\\\/#primaryimage\"},\"thumbnailUrl\":\"https:\\\/\\\/www.renouvelle.be\\\/wp-content\\\/uploads\\\/2024\\\/07\\\/iStock-1502848663-e1720442513838.jpg\",\"articleSection\":[\"Actualit\u00e9 en Belgique\"],\"inLanguage\":\"fr-FR\"},{\"@type\":\"WebPage\",\"@id\":\"https:\\\/\\\/www.renouvelle.be\\\/fr\\\/repowering-le-parc-eolien-de-perwez-fait-peau-neuve\\\/\",\"url\":\"https:\\\/\\\/www.renouvelle.be\\\/fr\\\/repowering-le-parc-eolien-de-perwez-fait-peau-neuve\\\/\",\"name\":\"Repowering\u00a0: le parc \u00e9olien de Perwez fait peau neuve - Renouvelle\",\"isPartOf\":{\"@id\":\"https:\\\/\\\/www.renouvelle.be\\\/fr\\\/#website\"},\"primaryImageOfPage\":{\"@id\":\"https:\\\/\\\/www.renouvelle.be\\\/fr\\\/repowering-le-parc-eolien-de-perwez-fait-peau-neuve\\\/#primaryimage\"},\"image\":{\"@id\":\"https:\\\/\\\/www.renouvelle.be\\\/fr\\\/repowering-le-parc-eolien-de-perwez-fait-peau-neuve\\\/#primaryimage\"},\"thumbnailUrl\":\"https:\\\/\\\/www.renouvelle.be\\\/wp-content\\\/uploads\\\/2024\\\/07\\\/iStock-1502848663-e1720442513838.jpg\",\"datePublished\":\"2024-07-09T07:09:14+00:00\",\"dateModified\":\"2024-07-09T12:45:08+00:00\",\"author\":{\"@id\":\"https:\\\/\\\/www.renouvelle.be\\\/fr\\\/#\\\/schema\\\/person\\\/9d743366fb269eeceaa8d60e98d289d3\"},\"description\":\"Le parc \u00e9olien de Perwez change de peau et se fait un lifting \u00e9nerg\u00e9tique qui lui permet de tripler sa capacit\u00e9 install\u00e9e.\",\"breadcrumb\":{\"@id\":\"https:\\\/\\\/www.renouvelle.be\\\/fr\\\/repowering-le-parc-eolien-de-perwez-fait-peau-neuve\\\/#breadcrumb\"},\"inLanguage\":\"fr-FR\",\"potentialAction\":[{\"@type\":\"ReadAction\",\"target\":[\"https:\\\/\\\/www.renouvelle.be\\\/fr\\\/repowering-le-parc-eolien-de-perwez-fait-peau-neuve\\\/\"]}]},{\"@type\":\"ImageObject\",\"inLanguage\":\"fr-FR\",\"@id\":\"https:\\\/\\\/www.renouvelle.be\\\/fr\\\/repowering-le-parc-eolien-de-perwez-fait-peau-neuve\\\/#primaryimage\",\"url\":\"https:\\\/\\\/www.renouvelle.be\\\/wp-content\\\/uploads\\\/2024\\\/07\\\/iStock-1502848663-e1720442513838.jpg\",\"contentUrl\":\"https:\\\/\\\/www.renouvelle.be\\\/wp-content\\\/uploads\\\/2024\\\/07\\\/iStock-1502848663-e1720442513838.jpg\",\"width\":1999,\"height\":1206,\"caption\":\"\u00e9olien perwez\"},{\"@type\":\"BreadcrumbList\",\"@id\":\"https:\\\/\\\/www.renouvelle.be\\\/fr\\\/repowering-le-parc-eolien-de-perwez-fait-peau-neuve\\\/#breadcrumb\",\"itemListElement\":[{\"@type\":\"ListItem\",\"position\":1,\"name\":\"Accueil\",\"item\":\"https:\\\/\\\/www.renouvelle.be\\\/fr\\\/\"},{\"@type\":\"ListItem\",\"position\":2,\"name\":\"Repowering\u00a0: le parc \u00e9olien de Perwez fait peau neuve\"}]},{\"@type\":\"WebSite\",\"@id\":\"https:\\\/\\\/www.renouvelle.be\\\/fr\\\/#website\",\"url\":\"https:\\\/\\\/www.renouvelle.be\\\/fr\\\/\",\"name\":\"Renouvelle\",\"description\":\"L&#039;actualit\u00e9 de l&#039;\u00e9nergie durable\",\"potentialAction\":[{\"@type\":\"SearchAction\",\"target\":{\"@type\":\"EntryPoint\",\"urlTemplate\":\"https:\\\/\\\/www.renouvelle.be\\\/fr\\\/?s={search_term_string}\"},\"query-input\":{\"@type\":\"PropertyValueSpecification\",\"valueRequired\":true,\"valueName\":\"search_term_string\"}}],\"inLanguage\":\"fr-FR\"},{\"@type\":\"Person\",\"@id\":\"https:\\\/\\\/www.renouvelle.be\\\/fr\\\/#\\\/schema\\\/person\\\/9d743366fb269eeceaa8d60e98d289d3\",\"name\":\"Samuel Alves\",\"url\":\"https:\\\/\\\/www.renouvelle.be\\\/fr\\\/author\\\/salves\\\/\"}]}<\/script>\n<!-- \/ Yoast SEO plugin. -->","yoast_head_json":{"title":"Repowering\u00a0: le parc \u00e9olien de Perwez fait peau neuve - Renouvelle","description":"Le parc \u00e9olien de Perwez change de peau et se fait un lifting \u00e9nerg\u00e9tique qui lui permet de tripler sa capacit\u00e9 install\u00e9e.","robots":{"index":"index","follow":"follow","max-snippet":"max-snippet:-1","max-image-preview":"max-image-preview:large","max-video-preview":"max-video-preview:-1"},"canonical":"https:\/\/www.renouvelle.be\/fr\/repowering-le-parc-eolien-de-perwez-fait-peau-neuve\/","og_locale":"fr_FR","og_type":"article","og_title":"Repowering\u00a0: le parc \u00e9olien de Perwez fait peau neuve - Renouvelle","og_description":"Le parc \u00e9olien de Perwez change de peau et se fait un lifting \u00e9nerg\u00e9tique qui lui permet de tripler sa capacit\u00e9 install\u00e9e.","og_url":"https:\/\/www.renouvelle.be\/fr\/repowering-le-parc-eolien-de-perwez-fait-peau-neuve\/","og_site_name":"Renouvelle","article_published_time":"2024-07-09T07:09:14+00:00","article_modified_time":"2024-07-09T12:45:08+00:00","og_image":[{"width":1999,"height":1206,"url":"https:\/\/www.renouvelle.be\/wp-content\/uploads\/2024\/07\/iStock-1502848663-e1720442513838.jpg","type":"image\/jpeg"}],"author":"Samuel Alves","twitter_card":"summary_large_image","schema":{"@context":"https:\/\/schema.org","@graph":[{"@type":"Article","@id":"https:\/\/www.renouvelle.be\/fr\/repowering-le-parc-eolien-de-perwez-fait-peau-neuve\/#article","isPartOf":{"@id":"https:\/\/www.renouvelle.be\/fr\/repowering-le-parc-eolien-de-perwez-fait-peau-neuve\/"},"author":{"name":"Samuel Alves","@id":"https:\/\/www.renouvelle.be\/fr\/#\/schema\/person\/9d743366fb269eeceaa8d60e98d289d3"},"headline":"Repowering\u00a0: le parc \u00e9olien de Perwez fait peau neuve","datePublished":"2024-07-09T07:09:14+00:00","dateModified":"2024-07-09T12:45:08+00:00","mainEntityOfPage":{"@id":"https:\/\/www.renouvelle.be\/fr\/repowering-le-parc-eolien-de-perwez-fait-peau-neuve\/"},"wordCount":272,"image":{"@id":"https:\/\/www.renouvelle.be\/fr\/repowering-le-parc-eolien-de-perwez-fait-peau-neuve\/#primaryimage"},"thumbnailUrl":"https:\/\/www.renouvelle.be\/wp-content\/uploads\/2024\/07\/iStock-1502848663-e1720442513838.jpg","articleSection":["Actualit\u00e9 en Belgique"],"inLanguage":"fr-FR"},{"@type":"WebPage","@id":"https:\/\/www.renouvelle.be\/fr\/repowering-le-parc-eolien-de-perwez-fait-peau-neuve\/","url":"https:\/\/www.renouvelle.be\/fr\/repowering-le-parc-eolien-de-perwez-fait-peau-neuve\/","name":"Repowering\u00a0: le parc \u00e9olien de Perwez fait peau neuve - Renouvelle","isPartOf":{"@id":"https:\/\/www.renouvelle.be\/fr\/#website"},"primaryImageOfPage":{"@id":"https:\/\/www.renouvelle.be\/fr\/repowering-le-parc-eolien-de-perwez-fait-peau-neuve\/#primaryimage"},"image":{"@id":"https:\/\/www.renouvelle.be\/fr\/repowering-le-parc-eolien-de-perwez-fait-peau-neuve\/#primaryimage"},"thumbnailUrl":"https:\/\/www.renouvelle.be\/wp-content\/uploads\/2024\/07\/iStock-1502848663-e1720442513838.jpg","datePublished":"2024-07-09T07:09:14+00:00","dateModified":"2024-07-09T12:45:08+00:00","author":{"@id":"https:\/\/www.renouvelle.be\/fr\/#\/schema\/person\/9d743366fb269eeceaa8d60e98d289d3"},"description":"Le parc \u00e9olien de Perwez change de peau et se fait un lifting \u00e9nerg\u00e9tique qui lui permet de tripler sa capacit\u00e9 install\u00e9e.","breadcrumb":{"@id":"https:\/\/www.renouvelle.be\/fr\/repowering-le-parc-eolien-de-perwez-fait-peau-neuve\/#breadcrumb"},"inLanguage":"fr-FR","potentialAction":[{"@type":"ReadAction","target":["https:\/\/www.renouvelle.be\/fr\/repowering-le-parc-eolien-de-perwez-fait-peau-neuve\/"]}]},{"@type":"ImageObject","inLanguage":"fr-FR","@id":"https:\/\/www.renouvelle.be\/fr\/repowering-le-parc-eolien-de-perwez-fait-peau-neuve\/#primaryimage","url":"https:\/\/www.renouvelle.be\/wp-content\/uploads\/2024\/07\/iStock-1502848663-e1720442513838.jpg","contentUrl":"https:\/\/www.renouvelle.be\/wp-content\/uploads\/2024\/07\/iStock-1502848663-e1720442513838.jpg","width":1999,"height":1206,"caption":"\u00e9olien perwez"},{"@type":"BreadcrumbList","@id":"https:\/\/www.renouvelle.be\/fr\/repowering-le-parc-eolien-de-perwez-fait-peau-neuve\/#breadcrumb","itemListElement":[{"@type":"ListItem","position":1,"name":"Accueil","item":"https:\/\/www.renouvelle.be\/fr\/"},{"@type":"ListItem","position":2,"name":"Repowering\u00a0: le parc \u00e9olien de Perwez fait peau neuve"}]},{"@type":"WebSite","@id":"https:\/\/www.renouvelle.be\/fr\/#website","url":"https:\/\/www.renouvelle.be\/fr\/","name":"Renouvelle","description":"L&#039;actualit\u00e9 de l&#039;\u00e9nergie durable","potentialAction":[{"@type":"SearchAction","target":{"@type":"EntryPoint","urlTemplate":"https:\/\/www.renouvelle.be\/fr\/?s={search_term_string}"},"query-input":{"@type":"PropertyValueSpecification","valueRequired":true,"valueName":"search_term_string"}}],"inLanguage":"fr-FR"},{"@type":"Person","@id":"https:\/\/www.renouvelle.be\/fr\/#\/schema\/person\/9d743366fb269eeceaa8d60e98d289d3","name":"Samuel Alves","url":"https:\/\/www.renouvelle.be\/fr\/author\/salves\/"}]}},"_links":{"self":[{"href":"https:\/\/www.renouvelle.be\/fr\/wp-json\/wp\/v2\/posts\/13344","targetHints":{"allow":["GET"]}}],"collection":[{"href":"https:\/\/www.renouvelle.be\/fr\/wp-json\/wp\/v2\/posts"}],"about":[{"href":"https:\/\/www.renouvelle.be\/fr\/wp-json\/wp\/v2\/types\/post"}],"author":[{"embeddable":true,"href":"https:\/\/www.renouvelle.be\/fr\/wp-json\/wp\/v2\/users\/38"}],"replies":[{"embeddable":true,"href":"https:\/\/www.renouvelle.be\/fr\/wp-json\/wp\/v2\/comments?post=13344"}],"version-history":[{"count":3,"href":"https:\/\/www.renouvelle.be\/fr\/wp-json\/wp\/v2\/posts\/13344\/revisions"}],"predecessor-version":[{"id":13349,"href":"https:\/\/www.renouvelle.be\/fr\/wp-json\/wp\/v2\/posts\/13344\/revisions\/13349"}],"wp:featuredmedia":[{"embeddable":true,"href":"https:\/\/www.renouvelle.be\/fr\/wp-json\/wp\/v2\/media\/13346"}],"wp:attachment":[{"href":"https:\/\/www.renouvelle.be\/fr\/wp-json\/wp\/v2\/media?parent=13344"}],"wp:term":[{"taxonomy":"category","embeddable":true,"href":"https:\/\/www.renouvelle.be\/fr\/wp-json\/wp\/v2\/categories?post=13344"},{"taxonomy":"post_tag","embeddable":true,"href":"https:\/\/www.renouvelle.be\/fr\/wp-json\/wp\/v2\/tags?post=13344"},{"taxonomy":"section","embeddable":true,"href":"https:\/\/www.renouvelle.be\/fr\/wp-json\/wp\/v2\/section?post=13344"}],"curies":[{"name":"wp","href":"https:\/\/api.w.org\/{rel}","templated":true}]}}