{"id":13324,"date":"2024-07-08T09:28:25","date_gmt":"2024-07-08T07:28:25","guid":{"rendered":"https:\/\/www.renouvelle.be\/?p=13324"},"modified":"2024-07-08T09:28:35","modified_gmt":"2024-07-08T07:28:35","slug":"la-consommation-energie-belge-au-plus-bas-depuis-1995","status":"publish","type":"post","link":"https:\/\/www.renouvelle.be\/fr\/la-consommation-energie-belge-au-plus-bas-depuis-1995\/","title":{"rendered":"La consommation d&rsquo;\u00e9nergie belge au plus bas depuis 1995"},"content":{"rendered":"\n<p>Au-del\u00e0 de cette baisse de la consommation d\u2019\u00e9nergie dans le pays, on notera que la part des \u00e9nergies renouvelables continue de grandir. C\u2019est une des donn\u00e9es observ\u00e9es et publi\u00e9es dans le <a href=\"https:\/\/news.economie.fgov.be\/238838-la-consommation-energetique-au-plus-bas-depuis-1995\" target=\"_blank\" rel=\"noreferrer noopener\">Belgian Energy Data Overview<\/a> du SPF Economie.<\/p>\n\n\n\n<p>Le rapport r\u00e9v\u00e8le que la consommation finale d\u2019\u00e9nergie (c\u2019est-\u00e0-dire, celle consomm\u00e9e par les m\u00e9nages, l\u2019industrie et l\u2019agriculture) se chiffrait \u00e0 36,4 Mtep (million de tonnes \u00e9quivalent p\u00e9trole), marquant une baisse de 1,2% par rapport \u00e0 2022.<\/p>\n\n\n\n<p>A noter que celle utilis\u00e9e dans des buts non \u00e9nerg\u00e9tiques, comme pour la production plastique, est aussi prise en compte. Sont exclues celles li\u00e9es \u00e0 la consommation du secteur \u00e9nerg\u00e9tique lui-m\u00eame et aux transports internationaux (maritimes et a\u00e9riens).<\/p>\n\n\n\n<figure class=\"wp-block-image size-full\"><img loading=\"lazy\" decoding=\"async\" width=\"937\" height=\"544\" src=\"https:\/\/www.renouvelle.be\/wp-content\/uploads\/2024\/07\/consommation_energie_belgique.png\" alt=\"consommation d'\u00e9nergie belgique\" class=\"wp-image-13337\" srcset=\"https:\/\/www.renouvelle.be\/wp-content\/uploads\/2024\/07\/consommation_energie_belgique.png 937w, https:\/\/www.renouvelle.be\/wp-content\/uploads\/2024\/07\/consommation_energie_belgique-300x174.png 300w, https:\/\/www.renouvelle.be\/wp-content\/uploads\/2024\/07\/consommation_energie_belgique-768x446.png 768w\" sizes=\"auto, (max-width: 937px) 100vw, 937px\" \/><figcaption class=\"wp-element-caption\">Source : Belgian Energy Data Overview, SPF Economie<\/figcaption><\/figure>\n\n\n\n<p>Le niveau de consommation d\u2019\u00e9nergie finale a atteint son niveau le plus faible depuis 1995. Un constat d\u00fb \u00e0 la crise \u00e9nerg\u00e9tique, cons\u00e9quence de la situation g\u00e9opolitique en Ukraine. Une situation qui a oblig\u00e9 les citoyens \u00e0 revoir la fa\u00e7on dont ils utilisaient l\u2019\u00e9nergie au quotidien.<\/p>\n\n\n\n<p>En ce qui concerne <a href=\"https:\/\/www.renouvelle.be\/fr\/belgique-30-consommation-electricite-energies-renouvelables\/\" target=\"_blank\" rel=\"noreferrer noopener\">les \u00e9nergies renouvelables<\/a>, leur part dans la consommation finale \u00e9nerg\u00e9tique s\u2019\u00e9levait, en 2023, \u00e0 14,1%.<\/p>\n\n\n\n<p>L\u2019industrie a essentiellement consomm\u00e9 du gaz naturel (37,4%) et de l\u2019\u00e9lectricit\u00e9 (32,8%), quant au secteur du transport, ce sont les produits p\u00e9troliers qui ont domin\u00e9 sa consommation d\u2019\u00e9nergie avec 87,4%.<\/p>\n","protected":false},"excerpt":{"rendered":"<p>Au-del\u00e0 de cette baisse de la consommation d\u2019\u00e9nergie dans le pays, on notera que la part des \u00e9nergies renouvelables continue de grandir. C\u2019est une des donn\u00e9es observ\u00e9es et publi\u00e9es dans le Belgian Energy Data Overview du SPF Economie. Le rapport r\u00e9v\u00e8le que la consommation finale d\u2019\u00e9nergie (c\u2019est-\u00e0-dire, celle consomm\u00e9e par les m\u00e9nages, l\u2019industrie et l\u2019agriculture) se chiffrait \u00e0 36,4 Mtep (million de tonnes \u00e9quivalent p\u00e9trole), marquant une baisse de 1,2% par rapport \u00e0 2022. A noter que celle utilis\u00e9e dans des buts non \u00e9nerg\u00e9tiques, comme pour la production plastique, est aussi prise en compte. Sont exclues celles li\u00e9es \u00e0 la consommation du secteur \u00e9nerg\u00e9tique lui-m\u00eame et aux transports internationaux (maritimes et a\u00e9riens). Le niveau de consommation d\u2019\u00e9nergie finale a atteint son niveau le plus faible depuis 1995. Un constat d\u00fb \u00e0 la crise \u00e9nerg\u00e9tique, cons\u00e9quence de la situation g\u00e9opolitique en Ukraine. Une situation qui a oblig\u00e9 les citoyens \u00e0 revoir la fa\u00e7on dont ils utilisaient l\u2019\u00e9nergie au quotidien. En ce qui concerne les \u00e9nergies renouvelables, leur part dans la consommation finale \u00e9nerg\u00e9tique s\u2019\u00e9levait, en 2023, \u00e0 14,1%. L\u2019industrie a essentiellement consomm\u00e9 du gaz naturel (37,4%) et de l\u2019\u00e9lectricit\u00e9 (32,8%), quant au secteur du transport, ce sont les produits p\u00e9troliers qui ont domin\u00e9 sa consommation d\u2019\u00e9nergie avec 87,4%.<\/p>\n","protected":false},"author":38,"featured_media":13334,"comment_status":"closed","ping_status":"closed","sticky":false,"template":"","format":"standard","meta":{"_acf_changed":false,"footnotes":""},"categories":[17],"tags":[],"section":[8],"class_list":["post-13324","post","type-post","status-publish","format-standard","has-post-thumbnail","hentry","category-actualite-en-belgique","section-energie-renouvelables"],"acf":[],"yoast_head":"<!-- This site is optimized with the Yoast SEO plugin v27.5 - https:\/\/yoast.com\/product\/yoast-seo-wordpress\/ -->\n<title>La consommation d&#039;\u00e9nergie belge au plus bas depuis 1995 - Renouvelle<\/title>\n<meta name=\"description\" content=\"La consommation d&#039;\u00e9nergie en Belgique a atteint, en 2023, son niveau le plus faible depuis 1995. Un constat partag\u00e9 par le SPF Economie.\" \/>\n<meta name=\"robots\" content=\"index, follow, max-snippet:-1, max-image-preview:large, max-video-preview:-1\" \/>\n<link rel=\"canonical\" href=\"https:\/\/www.renouvelle.be\/fr\/la-consommation-energie-belge-au-plus-bas-depuis-1995\/\" \/>\n<meta property=\"og:locale\" content=\"fr_FR\" \/>\n<meta property=\"og:type\" content=\"article\" \/>\n<meta property=\"og:title\" content=\"La consommation d&#039;\u00e9nergie belge au plus bas depuis 1995 - Renouvelle\" \/>\n<meta property=\"og:description\" content=\"La consommation d&#039;\u00e9nergie en Belgique a atteint, en 2023, son niveau le plus faible depuis 1995. Un constat partag\u00e9 par le SPF Economie.\" \/>\n<meta property=\"og:url\" content=\"https:\/\/www.renouvelle.be\/fr\/la-consommation-energie-belge-au-plus-bas-depuis-1995\/\" \/>\n<meta property=\"og:site_name\" content=\"Renouvelle\" \/>\n<meta property=\"article:published_time\" content=\"2024-07-08T07:28:25+00:00\" \/>\n<meta property=\"article:modified_time\" content=\"2024-07-08T07:28:35+00:00\" \/>\n<meta property=\"og:image\" content=\"https:\/\/www.renouvelle.be\/wp-content\/uploads\/2024\/07\/iStock-1179604703-e1720095424706.jpg\" \/>\n\t<meta property=\"og:image:width\" content=\"2121\" \/>\n\t<meta property=\"og:image:height\" content=\"1216\" \/>\n\t<meta property=\"og:image:type\" content=\"image\/jpeg\" \/>\n<meta name=\"author\" content=\"Samuel Alves\" \/>\n<meta name=\"twitter:card\" content=\"summary_large_image\" \/>\n<script type=\"application\/ld+json\" class=\"yoast-schema-graph\">{\"@context\":\"https:\\\/\\\/schema.org\",\"@graph\":[{\"@type\":\"Article\",\"@id\":\"https:\\\/\\\/www.renouvelle.be\\\/fr\\\/la-consommation-energie-belge-au-plus-bas-depuis-1995\\\/#article\",\"isPartOf\":{\"@id\":\"https:\\\/\\\/www.renouvelle.be\\\/fr\\\/la-consommation-energie-belge-au-plus-bas-depuis-1995\\\/\"},\"author\":{\"name\":\"Samuel Alves\",\"@id\":\"https:\\\/\\\/www.renouvelle.be\\\/fr\\\/#\\\/schema\\\/person\\\/9d743366fb269eeceaa8d60e98d289d3\"},\"headline\":\"La consommation d&rsquo;\u00e9nergie belge au plus bas depuis 1995\",\"datePublished\":\"2024-07-08T07:28:25+00:00\",\"dateModified\":\"2024-07-08T07:28:35+00:00\",\"mainEntityOfPage\":{\"@id\":\"https:\\\/\\\/www.renouvelle.be\\\/fr\\\/la-consommation-energie-belge-au-plus-bas-depuis-1995\\\/\"},\"wordCount\":241,\"image\":{\"@id\":\"https:\\\/\\\/www.renouvelle.be\\\/fr\\\/la-consommation-energie-belge-au-plus-bas-depuis-1995\\\/#primaryimage\"},\"thumbnailUrl\":\"https:\\\/\\\/www.renouvelle.be\\\/wp-content\\\/uploads\\\/2024\\\/07\\\/iStock-1179604703-e1720095424706.jpg\",\"articleSection\":[\"Actualit\u00e9 en Belgique\"],\"inLanguage\":\"fr-FR\"},{\"@type\":\"WebPage\",\"@id\":\"https:\\\/\\\/www.renouvelle.be\\\/fr\\\/la-consommation-energie-belge-au-plus-bas-depuis-1995\\\/\",\"url\":\"https:\\\/\\\/www.renouvelle.be\\\/fr\\\/la-consommation-energie-belge-au-plus-bas-depuis-1995\\\/\",\"name\":\"La consommation d'\u00e9nergie belge au plus bas depuis 1995 - Renouvelle\",\"isPartOf\":{\"@id\":\"https:\\\/\\\/www.renouvelle.be\\\/fr\\\/#website\"},\"primaryImageOfPage\":{\"@id\":\"https:\\\/\\\/www.renouvelle.be\\\/fr\\\/la-consommation-energie-belge-au-plus-bas-depuis-1995\\\/#primaryimage\"},\"image\":{\"@id\":\"https:\\\/\\\/www.renouvelle.be\\\/fr\\\/la-consommation-energie-belge-au-plus-bas-depuis-1995\\\/#primaryimage\"},\"thumbnailUrl\":\"https:\\\/\\\/www.renouvelle.be\\\/wp-content\\\/uploads\\\/2024\\\/07\\\/iStock-1179604703-e1720095424706.jpg\",\"datePublished\":\"2024-07-08T07:28:25+00:00\",\"dateModified\":\"2024-07-08T07:28:35+00:00\",\"author\":{\"@id\":\"https:\\\/\\\/www.renouvelle.be\\\/fr\\\/#\\\/schema\\\/person\\\/9d743366fb269eeceaa8d60e98d289d3\"},\"description\":\"La consommation d'\u00e9nergie en Belgique a atteint, en 2023, son niveau le plus faible depuis 1995. Un constat partag\u00e9 par le SPF Economie.\",\"breadcrumb\":{\"@id\":\"https:\\\/\\\/www.renouvelle.be\\\/fr\\\/la-consommation-energie-belge-au-plus-bas-depuis-1995\\\/#breadcrumb\"},\"inLanguage\":\"fr-FR\",\"potentialAction\":[{\"@type\":\"ReadAction\",\"target\":[\"https:\\\/\\\/www.renouvelle.be\\\/fr\\\/la-consommation-energie-belge-au-plus-bas-depuis-1995\\\/\"]}]},{\"@type\":\"ImageObject\",\"inLanguage\":\"fr-FR\",\"@id\":\"https:\\\/\\\/www.renouvelle.be\\\/fr\\\/la-consommation-energie-belge-au-plus-bas-depuis-1995\\\/#primaryimage\",\"url\":\"https:\\\/\\\/www.renouvelle.be\\\/wp-content\\\/uploads\\\/2024\\\/07\\\/iStock-1179604703-e1720095424706.jpg\",\"contentUrl\":\"https:\\\/\\\/www.renouvelle.be\\\/wp-content\\\/uploads\\\/2024\\\/07\\\/iStock-1179604703-e1720095424706.jpg\",\"width\":2121,\"height\":1216,\"caption\":\"consommation d'\u00e9nergie\"},{\"@type\":\"BreadcrumbList\",\"@id\":\"https:\\\/\\\/www.renouvelle.be\\\/fr\\\/la-consommation-energie-belge-au-plus-bas-depuis-1995\\\/#breadcrumb\",\"itemListElement\":[{\"@type\":\"ListItem\",\"position\":1,\"name\":\"Accueil\",\"item\":\"https:\\\/\\\/www.renouvelle.be\\\/fr\\\/\"},{\"@type\":\"ListItem\",\"position\":2,\"name\":\"La consommation d&rsquo;\u00e9nergie belge au plus bas depuis 1995\"}]},{\"@type\":\"WebSite\",\"@id\":\"https:\\\/\\\/www.renouvelle.be\\\/fr\\\/#website\",\"url\":\"https:\\\/\\\/www.renouvelle.be\\\/fr\\\/\",\"name\":\"Renouvelle\",\"description\":\"L&#039;actualit\u00e9 de l&#039;\u00e9nergie durable\",\"potentialAction\":[{\"@type\":\"SearchAction\",\"target\":{\"@type\":\"EntryPoint\",\"urlTemplate\":\"https:\\\/\\\/www.renouvelle.be\\\/fr\\\/?s={search_term_string}\"},\"query-input\":{\"@type\":\"PropertyValueSpecification\",\"valueRequired\":true,\"valueName\":\"search_term_string\"}}],\"inLanguage\":\"fr-FR\"},{\"@type\":\"Person\",\"@id\":\"https:\\\/\\\/www.renouvelle.be\\\/fr\\\/#\\\/schema\\\/person\\\/9d743366fb269eeceaa8d60e98d289d3\",\"name\":\"Samuel Alves\",\"url\":\"https:\\\/\\\/www.renouvelle.be\\\/fr\\\/author\\\/salves\\\/\"}]}<\/script>\n<!-- \/ Yoast SEO plugin. -->","yoast_head_json":{"title":"La consommation d'\u00e9nergie belge au plus bas depuis 1995 - Renouvelle","description":"La consommation d'\u00e9nergie en Belgique a atteint, en 2023, son niveau le plus faible depuis 1995. Un constat partag\u00e9 par le SPF Economie.","robots":{"index":"index","follow":"follow","max-snippet":"max-snippet:-1","max-image-preview":"max-image-preview:large","max-video-preview":"max-video-preview:-1"},"canonical":"https:\/\/www.renouvelle.be\/fr\/la-consommation-energie-belge-au-plus-bas-depuis-1995\/","og_locale":"fr_FR","og_type":"article","og_title":"La consommation d'\u00e9nergie belge au plus bas depuis 1995 - Renouvelle","og_description":"La consommation d'\u00e9nergie en Belgique a atteint, en 2023, son niveau le plus faible depuis 1995. Un constat partag\u00e9 par le SPF Economie.","og_url":"https:\/\/www.renouvelle.be\/fr\/la-consommation-energie-belge-au-plus-bas-depuis-1995\/","og_site_name":"Renouvelle","article_published_time":"2024-07-08T07:28:25+00:00","article_modified_time":"2024-07-08T07:28:35+00:00","og_image":[{"width":2121,"height":1216,"url":"https:\/\/www.renouvelle.be\/wp-content\/uploads\/2024\/07\/iStock-1179604703-e1720095424706.jpg","type":"image\/jpeg"}],"author":"Samuel Alves","twitter_card":"summary_large_image","schema":{"@context":"https:\/\/schema.org","@graph":[{"@type":"Article","@id":"https:\/\/www.renouvelle.be\/fr\/la-consommation-energie-belge-au-plus-bas-depuis-1995\/#article","isPartOf":{"@id":"https:\/\/www.renouvelle.be\/fr\/la-consommation-energie-belge-au-plus-bas-depuis-1995\/"},"author":{"name":"Samuel Alves","@id":"https:\/\/www.renouvelle.be\/fr\/#\/schema\/person\/9d743366fb269eeceaa8d60e98d289d3"},"headline":"La consommation d&rsquo;\u00e9nergie belge au plus bas depuis 1995","datePublished":"2024-07-08T07:28:25+00:00","dateModified":"2024-07-08T07:28:35+00:00","mainEntityOfPage":{"@id":"https:\/\/www.renouvelle.be\/fr\/la-consommation-energie-belge-au-plus-bas-depuis-1995\/"},"wordCount":241,"image":{"@id":"https:\/\/www.renouvelle.be\/fr\/la-consommation-energie-belge-au-plus-bas-depuis-1995\/#primaryimage"},"thumbnailUrl":"https:\/\/www.renouvelle.be\/wp-content\/uploads\/2024\/07\/iStock-1179604703-e1720095424706.jpg","articleSection":["Actualit\u00e9 en Belgique"],"inLanguage":"fr-FR"},{"@type":"WebPage","@id":"https:\/\/www.renouvelle.be\/fr\/la-consommation-energie-belge-au-plus-bas-depuis-1995\/","url":"https:\/\/www.renouvelle.be\/fr\/la-consommation-energie-belge-au-plus-bas-depuis-1995\/","name":"La consommation d'\u00e9nergie belge au plus bas depuis 1995 - Renouvelle","isPartOf":{"@id":"https:\/\/www.renouvelle.be\/fr\/#website"},"primaryImageOfPage":{"@id":"https:\/\/www.renouvelle.be\/fr\/la-consommation-energie-belge-au-plus-bas-depuis-1995\/#primaryimage"},"image":{"@id":"https:\/\/www.renouvelle.be\/fr\/la-consommation-energie-belge-au-plus-bas-depuis-1995\/#primaryimage"},"thumbnailUrl":"https:\/\/www.renouvelle.be\/wp-content\/uploads\/2024\/07\/iStock-1179604703-e1720095424706.jpg","datePublished":"2024-07-08T07:28:25+00:00","dateModified":"2024-07-08T07:28:35+00:00","author":{"@id":"https:\/\/www.renouvelle.be\/fr\/#\/schema\/person\/9d743366fb269eeceaa8d60e98d289d3"},"description":"La consommation d'\u00e9nergie en Belgique a atteint, en 2023, son niveau le plus faible depuis 1995. Un constat partag\u00e9 par le SPF Economie.","breadcrumb":{"@id":"https:\/\/www.renouvelle.be\/fr\/la-consommation-energie-belge-au-plus-bas-depuis-1995\/#breadcrumb"},"inLanguage":"fr-FR","potentialAction":[{"@type":"ReadAction","target":["https:\/\/www.renouvelle.be\/fr\/la-consommation-energie-belge-au-plus-bas-depuis-1995\/"]}]},{"@type":"ImageObject","inLanguage":"fr-FR","@id":"https:\/\/www.renouvelle.be\/fr\/la-consommation-energie-belge-au-plus-bas-depuis-1995\/#primaryimage","url":"https:\/\/www.renouvelle.be\/wp-content\/uploads\/2024\/07\/iStock-1179604703-e1720095424706.jpg","contentUrl":"https:\/\/www.renouvelle.be\/wp-content\/uploads\/2024\/07\/iStock-1179604703-e1720095424706.jpg","width":2121,"height":1216,"caption":"consommation d'\u00e9nergie"},{"@type":"BreadcrumbList","@id":"https:\/\/www.renouvelle.be\/fr\/la-consommation-energie-belge-au-plus-bas-depuis-1995\/#breadcrumb","itemListElement":[{"@type":"ListItem","position":1,"name":"Accueil","item":"https:\/\/www.renouvelle.be\/fr\/"},{"@type":"ListItem","position":2,"name":"La consommation d&rsquo;\u00e9nergie belge au plus bas depuis 1995"}]},{"@type":"WebSite","@id":"https:\/\/www.renouvelle.be\/fr\/#website","url":"https:\/\/www.renouvelle.be\/fr\/","name":"Renouvelle","description":"L&#039;actualit\u00e9 de l&#039;\u00e9nergie durable","potentialAction":[{"@type":"SearchAction","target":{"@type":"EntryPoint","urlTemplate":"https:\/\/www.renouvelle.be\/fr\/?s={search_term_string}"},"query-input":{"@type":"PropertyValueSpecification","valueRequired":true,"valueName":"search_term_string"}}],"inLanguage":"fr-FR"},{"@type":"Person","@id":"https:\/\/www.renouvelle.be\/fr\/#\/schema\/person\/9d743366fb269eeceaa8d60e98d289d3","name":"Samuel Alves","url":"https:\/\/www.renouvelle.be\/fr\/author\/salves\/"}]}},"_links":{"self":[{"href":"https:\/\/www.renouvelle.be\/fr\/wp-json\/wp\/v2\/posts\/13324","targetHints":{"allow":["GET"]}}],"collection":[{"href":"https:\/\/www.renouvelle.be\/fr\/wp-json\/wp\/v2\/posts"}],"about":[{"href":"https:\/\/www.renouvelle.be\/fr\/wp-json\/wp\/v2\/types\/post"}],"author":[{"embeddable":true,"href":"https:\/\/www.renouvelle.be\/fr\/wp-json\/wp\/v2\/users\/38"}],"replies":[{"embeddable":true,"href":"https:\/\/www.renouvelle.be\/fr\/wp-json\/wp\/v2\/comments?post=13324"}],"version-history":[{"count":11,"href":"https:\/\/www.renouvelle.be\/fr\/wp-json\/wp\/v2\/posts\/13324\/revisions"}],"predecessor-version":[{"id":13339,"href":"https:\/\/www.renouvelle.be\/fr\/wp-json\/wp\/v2\/posts\/13324\/revisions\/13339"}],"wp:featuredmedia":[{"embeddable":true,"href":"https:\/\/www.renouvelle.be\/fr\/wp-json\/wp\/v2\/media\/13334"}],"wp:attachment":[{"href":"https:\/\/www.renouvelle.be\/fr\/wp-json\/wp\/v2\/media?parent=13324"}],"wp:term":[{"taxonomy":"category","embeddable":true,"href":"https:\/\/www.renouvelle.be\/fr\/wp-json\/wp\/v2\/categories?post=13324"},{"taxonomy":"post_tag","embeddable":true,"href":"https:\/\/www.renouvelle.be\/fr\/wp-json\/wp\/v2\/tags?post=13324"},{"taxonomy":"section","embeddable":true,"href":"https:\/\/www.renouvelle.be\/fr\/wp-json\/wp\/v2\/section?post=13324"}],"curies":[{"name":"wp","href":"https:\/\/api.w.org\/{rel}","templated":true}]}}