{"id":13311,"date":"2024-07-04T09:59:19","date_gmt":"2024-07-04T07:59:19","guid":{"rendered":"https:\/\/www.renouvelle.be\/?p=13311"},"modified":"2024-07-04T10:00:20","modified_gmt":"2024-07-04T08:00:20","slug":"des-vents-favorables-pour-energie-eolienne-en-europe","status":"publish","type":"post","link":"https:\/\/www.renouvelle.be\/fr\/des-vents-favorables-pour-energie-eolienne-en-europe\/","title":{"rendered":"Des vents favorables pour l&rsquo;\u00e9nergie \u00e9olienne en Europe"},"content":{"rendered":"\n<p>L\u2019ann\u00e9e derni\u00e8re, l\u2019\u00e9nergie \u00e9olienne repr\u00e9sentait 19% du mix \u00e9lectrique de l\u2019UE (18 % en Belgique) et pourrait atteindre 50% d\u2019ici 2050.<\/p>\n\n\n\n<p>Selon <a href=\"https:\/\/windeurope.org\/\" target=\"_blank\" rel=\"noreferrer noopener\">WindEurope<\/a>, en 2023, la production \u00e9olienne d\u2019\u00e9lectricit\u00e9 se r\u00e9partissait entre 89% de production onshore et 11% de production offshore. Combien d\u2019\u00e9oliennes cela repr\u00e9sente-t-il ? 103 370 \u00e9oliennes onshore et 3 630 offshore (dont 30 flottantes).<\/p>\n\n\n\n<p>En plus de continuer sa progression dans le mix \u00e9lectrique, l\u2019industrie \u00e9olienne constitue aussi une opportunit\u00e9 \u00e9conomique. Plus de 250 fabricants europ\u00e9ens produisent des composants n\u00e9cessaires pour les turbines, et le secteur emploie 350 000 personnes. Ce chiffre devrait augmenter pour atteindre 560 000 emplois d\u2019ici 2030. N\u2019oublions pas la contribution de l\u2019\u00e9olien au PIB de l\u2019Union europ\u00e9enne\u00a0qui s\u2019\u00e9l\u00e8ve \u00e0 52 milliards d\u2019euros. Les parcs \u00e9oliens versent \u00e9galement 10 milliards d\u2019euros de taxes aux municipalit\u00e9s, participant ainsi \u00e0 l\u2019\u00e9conomie locale \u00e0 travers le continent.<\/p>\n\n\n\n<p>L\u2019\u00e9olien c\u2018est aussi de la durabilit\u00e9\u00a0: il faut seulement entre 5 et 8 mois pour compenser l\u2019\u00e9nergie n\u00e9cessaire \u00e0 la construction d\u2019un parc \u00e9olien, et une \u00e9olienne <a href=\"https:\/\/lerevertdufutur.bandcamp.com\/track\/olien-anatomie-dun-recyclage\" target=\"_blank\" rel=\"noreferrer noopener\">se recycle jusqu\u2019\u00e0 90%<\/a>.<\/p>\n\n\n\n<p>C\u2019est \u00e9galement une garantie de s\u00e9curit\u00e9 \u00e9nerg\u00e9tique pour l\u2019Europe, car l\u2019\u00e9nergie \u00e9olienne \u00e9vite l\u2019importation de 100 milliards de m\u00b3 de combustibles fossiles chaque ann\u00e9e.<\/p>\n\n\n\n<p>Des chiffres qui sont autant d\u2019indices de la bonne sant\u00e9 du secteur mais celui-ci se heurte encore \u00e0 un d\u00e9veloppement trop lent ainsi qu\u2019aux difficult\u00e9s d\u2019\u00e9lectrification du continent.<\/p>\n\n\n\n<p>Pour cela, WindEurope a formul\u00e9 5 demandes pour soutenir un d\u00e9ploiement plus important de l\u2019\u00e9olien\u00a0:<\/p>\n\n\n\n<ul class=\"wp-block-list\">\n<li>Investir massivement dans les r\u00e9seaux \u00e9lectriques<\/li>\n\n\n\n<li>Acc\u00e9l\u00e9rer et faciliter les permis pour les \u00e9nergies renouvelables<\/li>\n\n\n\n<li>Soutenir l\u2019\u00e9lectrification de l\u2019industrie<\/li>\n\n\n\n<li>Assurer des conditions \u00e9quitables pour les \u00e9nergies propres en Europe<\/li>\n\n\n\n<li>Se concentrer sur de l\u2019innovation \u00e0 grande \u00e9chelle<\/li>\n<\/ul>\n\n\n\n<p>On l&rsquo;aura donc compris, il reste certes encore des choses \u00e0 faire pour continuer \u00e0 faire progresser l&rsquo;\u00e9olien plus rapidement en Europe mais <a href=\"https:\/\/www.renouvelle.be\/fr\/18-gw-capacite-eolienne-installee-europe-2023\/\" target=\"_blank\" rel=\"noreferrer noopener\">les chiffres de 2023<\/a> en montrent tout l&rsquo;int\u00e9r\u00eat pour l&rsquo;avenir de la transition \u00e9nerg\u00e9tique.<\/p>\n","protected":false},"excerpt":{"rendered":"<p>L\u2019ann\u00e9e derni\u00e8re, l\u2019\u00e9nergie \u00e9olienne repr\u00e9sentait 19% du mix \u00e9lectrique de l\u2019UE (18 % en Belgique) et pourrait atteindre 50% d\u2019ici 2050. Selon WindEurope, en 2023, la production \u00e9olienne d\u2019\u00e9lectricit\u00e9 se r\u00e9partissait entre 89% de production onshore et 11% de production offshore. Combien d\u2019\u00e9oliennes cela repr\u00e9sente-t-il ? 103 370 \u00e9oliennes onshore et 3 630 offshore (dont 30 flottantes). En plus de continuer sa progression dans le mix \u00e9lectrique, l\u2019industrie \u00e9olienne constitue aussi une opportunit\u00e9 \u00e9conomique. Plus de 250 fabricants europ\u00e9ens produisent des composants n\u00e9cessaires pour les turbines, et le secteur emploie 350 000 personnes. Ce chiffre devrait augmenter pour atteindre 560 000 emplois d\u2019ici 2030. N\u2019oublions pas la contribution de l\u2019\u00e9olien au PIB de l\u2019Union europ\u00e9enne\u00a0qui s\u2019\u00e9l\u00e8ve \u00e0 52 milliards d\u2019euros. Les parcs \u00e9oliens versent \u00e9galement 10 milliards d\u2019euros de taxes aux municipalit\u00e9s, participant ainsi \u00e0 l\u2019\u00e9conomie locale \u00e0 travers le continent. L\u2019\u00e9olien c\u2018est aussi de la durabilit\u00e9\u00a0: il faut seulement entre 5 et 8 mois pour compenser l\u2019\u00e9nergie n\u00e9cessaire \u00e0 la construction d\u2019un parc \u00e9olien, et une \u00e9olienne se recycle jusqu\u2019\u00e0 90%. C\u2019est \u00e9galement une garantie de s\u00e9curit\u00e9 \u00e9nerg\u00e9tique pour l\u2019Europe, car l\u2019\u00e9nergie \u00e9olienne \u00e9vite l\u2019importation de 100 milliards de m\u00b3 de combustibles fossiles chaque ann\u00e9e. Des chiffres qui sont autant d\u2019indices de la bonne sant\u00e9 du secteur mais celui-ci se heurte encore \u00e0 un d\u00e9veloppement trop lent ainsi qu\u2019aux difficult\u00e9s d\u2019\u00e9lectrification du continent. Pour cela, WindEurope a formul\u00e9 5 demandes pour soutenir un d\u00e9ploiement plus important de l\u2019\u00e9olien\u00a0: On l&rsquo;aura donc compris, il reste certes encore des choses \u00e0 faire pour continuer \u00e0 faire progresser l&rsquo;\u00e9olien plus rapidement en Europe mais les chiffres de 2023 en montrent tout l&rsquo;int\u00e9r\u00eat pour l&rsquo;avenir de la transition \u00e9nerg\u00e9tique.<\/p>\n","protected":false},"author":38,"featured_media":13313,"comment_status":"closed","ping_status":"closed","sticky":false,"template":"","format":"standard","meta":{"_acf_changed":false,"footnotes":""},"categories":[18],"tags":[],"section":[6],"class_list":["post-13311","post","type-post","status-publish","format-standard","has-post-thumbnail","hentry","category-actualite-internationale","section-eolien"],"acf":[],"yoast_head":"<!-- This site is optimized with the Yoast SEO plugin v27.5 - https:\/\/yoast.com\/product\/yoast-seo-wordpress\/ -->\n<title>Des vents favorables pour l&#039;\u00e9nergie \u00e9olienne en Europe - Renouvelle<\/title>\n<meta name=\"description\" content=\"L&#039;\u00e9nergie \u00e9olienne progresse et sera un atout majeur pour la s\u00e9curit\u00e9 \u00e9nerg\u00e9tique de l&#039;Europe. Pour cela, il faudra booster son d\u00e9ploiement.\" \/>\n<meta name=\"robots\" content=\"index, follow, max-snippet:-1, max-image-preview:large, max-video-preview:-1\" \/>\n<link rel=\"canonical\" href=\"https:\/\/www.renouvelle.be\/fr\/des-vents-favorables-pour-energie-eolienne-en-europe\/\" \/>\n<meta property=\"og:locale\" content=\"fr_FR\" \/>\n<meta property=\"og:type\" content=\"article\" \/>\n<meta property=\"og:title\" content=\"Des vents favorables pour l&#039;\u00e9nergie \u00e9olienne en Europe - Renouvelle\" \/>\n<meta property=\"og:description\" content=\"L&#039;\u00e9nergie \u00e9olienne progresse et sera un atout majeur pour la s\u00e9curit\u00e9 \u00e9nerg\u00e9tique de l&#039;Europe. Pour cela, il faudra booster son d\u00e9ploiement.\" \/>\n<meta property=\"og:url\" content=\"https:\/\/www.renouvelle.be\/fr\/des-vents-favorables-pour-energie-eolienne-en-europe\/\" \/>\n<meta property=\"og:site_name\" content=\"Renouvelle\" \/>\n<meta property=\"article:published_time\" content=\"2024-07-04T07:59:19+00:00\" \/>\n<meta property=\"article:modified_time\" content=\"2024-07-04T08:00:20+00:00\" \/>\n<meta property=\"og:image\" content=\"https:\/\/www.renouvelle.be\/wp-content\/uploads\/2024\/07\/sam-cumming-vD_8vGGvwoY-unsplash-scaled-e1720077882137.jpg\" \/>\n\t<meta property=\"og:image:width\" content=\"2560\" \/>\n\t<meta property=\"og:image:height\" content=\"1489\" \/>\n\t<meta property=\"og:image:type\" content=\"image\/jpeg\" \/>\n<meta name=\"author\" content=\"Samuel Alves\" \/>\n<meta name=\"twitter:card\" content=\"summary_large_image\" \/>\n<script type=\"application\/ld+json\" class=\"yoast-schema-graph\">{\"@context\":\"https:\\\/\\\/schema.org\",\"@graph\":[{\"@type\":\"Article\",\"@id\":\"https:\\\/\\\/www.renouvelle.be\\\/fr\\\/des-vents-favorables-pour-energie-eolienne-en-europe\\\/#article\",\"isPartOf\":{\"@id\":\"https:\\\/\\\/www.renouvelle.be\\\/fr\\\/des-vents-favorables-pour-energie-eolienne-en-europe\\\/\"},\"author\":{\"name\":\"Samuel Alves\",\"@id\":\"https:\\\/\\\/www.renouvelle.be\\\/fr\\\/#\\\/schema\\\/person\\\/9d743366fb269eeceaa8d60e98d289d3\"},\"headline\":\"Des vents favorables pour l&rsquo;\u00e9nergie \u00e9olienne en Europe\",\"datePublished\":\"2024-07-04T07:59:19+00:00\",\"dateModified\":\"2024-07-04T08:00:20+00:00\",\"mainEntityOfPage\":{\"@id\":\"https:\\\/\\\/www.renouvelle.be\\\/fr\\\/des-vents-favorables-pour-energie-eolienne-en-europe\\\/\"},\"wordCount\":344,\"image\":{\"@id\":\"https:\\\/\\\/www.renouvelle.be\\\/fr\\\/des-vents-favorables-pour-energie-eolienne-en-europe\\\/#primaryimage\"},\"thumbnailUrl\":\"https:\\\/\\\/www.renouvelle.be\\\/wp-content\\\/uploads\\\/2024\\\/07\\\/sam-cumming-vD_8vGGvwoY-unsplash-scaled-e1720077882137.jpg\",\"articleSection\":[\"Actualit\u00e9 internationale\"],\"inLanguage\":\"fr-FR\"},{\"@type\":\"WebPage\",\"@id\":\"https:\\\/\\\/www.renouvelle.be\\\/fr\\\/des-vents-favorables-pour-energie-eolienne-en-europe\\\/\",\"url\":\"https:\\\/\\\/www.renouvelle.be\\\/fr\\\/des-vents-favorables-pour-energie-eolienne-en-europe\\\/\",\"name\":\"Des vents favorables pour l'\u00e9nergie \u00e9olienne en Europe - Renouvelle\",\"isPartOf\":{\"@id\":\"https:\\\/\\\/www.renouvelle.be\\\/fr\\\/#website\"},\"primaryImageOfPage\":{\"@id\":\"https:\\\/\\\/www.renouvelle.be\\\/fr\\\/des-vents-favorables-pour-energie-eolienne-en-europe\\\/#primaryimage\"},\"image\":{\"@id\":\"https:\\\/\\\/www.renouvelle.be\\\/fr\\\/des-vents-favorables-pour-energie-eolienne-en-europe\\\/#primaryimage\"},\"thumbnailUrl\":\"https:\\\/\\\/www.renouvelle.be\\\/wp-content\\\/uploads\\\/2024\\\/07\\\/sam-cumming-vD_8vGGvwoY-unsplash-scaled-e1720077882137.jpg\",\"datePublished\":\"2024-07-04T07:59:19+00:00\",\"dateModified\":\"2024-07-04T08:00:20+00:00\",\"author\":{\"@id\":\"https:\\\/\\\/www.renouvelle.be\\\/fr\\\/#\\\/schema\\\/person\\\/9d743366fb269eeceaa8d60e98d289d3\"},\"description\":\"L'\u00e9nergie \u00e9olienne progresse et sera un atout majeur pour la s\u00e9curit\u00e9 \u00e9nerg\u00e9tique de l'Europe. Pour cela, il faudra booster son d\u00e9ploiement.\",\"breadcrumb\":{\"@id\":\"https:\\\/\\\/www.renouvelle.be\\\/fr\\\/des-vents-favorables-pour-energie-eolienne-en-europe\\\/#breadcrumb\"},\"inLanguage\":\"fr-FR\",\"potentialAction\":[{\"@type\":\"ReadAction\",\"target\":[\"https:\\\/\\\/www.renouvelle.be\\\/fr\\\/des-vents-favorables-pour-energie-eolienne-en-europe\\\/\"]}]},{\"@type\":\"ImageObject\",\"inLanguage\":\"fr-FR\",\"@id\":\"https:\\\/\\\/www.renouvelle.be\\\/fr\\\/des-vents-favorables-pour-energie-eolienne-en-europe\\\/#primaryimage\",\"url\":\"https:\\\/\\\/www.renouvelle.be\\\/wp-content\\\/uploads\\\/2024\\\/07\\\/sam-cumming-vD_8vGGvwoY-unsplash-scaled-e1720077882137.jpg\",\"contentUrl\":\"https:\\\/\\\/www.renouvelle.be\\\/wp-content\\\/uploads\\\/2024\\\/07\\\/sam-cumming-vD_8vGGvwoY-unsplash-scaled-e1720077882137.jpg\",\"width\":2560,\"height\":1489,\"caption\":\"\u00e9olienne\"},{\"@type\":\"BreadcrumbList\",\"@id\":\"https:\\\/\\\/www.renouvelle.be\\\/fr\\\/des-vents-favorables-pour-energie-eolienne-en-europe\\\/#breadcrumb\",\"itemListElement\":[{\"@type\":\"ListItem\",\"position\":1,\"name\":\"Accueil\",\"item\":\"https:\\\/\\\/www.renouvelle.be\\\/fr\\\/\"},{\"@type\":\"ListItem\",\"position\":2,\"name\":\"Des vents favorables pour l&rsquo;\u00e9nergie \u00e9olienne en Europe\"}]},{\"@type\":\"WebSite\",\"@id\":\"https:\\\/\\\/www.renouvelle.be\\\/fr\\\/#website\",\"url\":\"https:\\\/\\\/www.renouvelle.be\\\/fr\\\/\",\"name\":\"Renouvelle\",\"description\":\"L&#039;actualit\u00e9 de l&#039;\u00e9nergie durable\",\"potentialAction\":[{\"@type\":\"SearchAction\",\"target\":{\"@type\":\"EntryPoint\",\"urlTemplate\":\"https:\\\/\\\/www.renouvelle.be\\\/fr\\\/?s={search_term_string}\"},\"query-input\":{\"@type\":\"PropertyValueSpecification\",\"valueRequired\":true,\"valueName\":\"search_term_string\"}}],\"inLanguage\":\"fr-FR\"},{\"@type\":\"Person\",\"@id\":\"https:\\\/\\\/www.renouvelle.be\\\/fr\\\/#\\\/schema\\\/person\\\/9d743366fb269eeceaa8d60e98d289d3\",\"name\":\"Samuel Alves\",\"url\":\"https:\\\/\\\/www.renouvelle.be\\\/fr\\\/author\\\/salves\\\/\"}]}<\/script>\n<!-- \/ Yoast SEO plugin. -->","yoast_head_json":{"title":"Des vents favorables pour l'\u00e9nergie \u00e9olienne en Europe - Renouvelle","description":"L'\u00e9nergie \u00e9olienne progresse et sera un atout majeur pour la s\u00e9curit\u00e9 \u00e9nerg\u00e9tique de l'Europe. Pour cela, il faudra booster son d\u00e9ploiement.","robots":{"index":"index","follow":"follow","max-snippet":"max-snippet:-1","max-image-preview":"max-image-preview:large","max-video-preview":"max-video-preview:-1"},"canonical":"https:\/\/www.renouvelle.be\/fr\/des-vents-favorables-pour-energie-eolienne-en-europe\/","og_locale":"fr_FR","og_type":"article","og_title":"Des vents favorables pour l'\u00e9nergie \u00e9olienne en Europe - Renouvelle","og_description":"L'\u00e9nergie \u00e9olienne progresse et sera un atout majeur pour la s\u00e9curit\u00e9 \u00e9nerg\u00e9tique de l'Europe. Pour cela, il faudra booster son d\u00e9ploiement.","og_url":"https:\/\/www.renouvelle.be\/fr\/des-vents-favorables-pour-energie-eolienne-en-europe\/","og_site_name":"Renouvelle","article_published_time":"2024-07-04T07:59:19+00:00","article_modified_time":"2024-07-04T08:00:20+00:00","og_image":[{"width":2560,"height":1489,"url":"https:\/\/www.renouvelle.be\/wp-content\/uploads\/2024\/07\/sam-cumming-vD_8vGGvwoY-unsplash-scaled-e1720077882137.jpg","type":"image\/jpeg"}],"author":"Samuel Alves","twitter_card":"summary_large_image","schema":{"@context":"https:\/\/schema.org","@graph":[{"@type":"Article","@id":"https:\/\/www.renouvelle.be\/fr\/des-vents-favorables-pour-energie-eolienne-en-europe\/#article","isPartOf":{"@id":"https:\/\/www.renouvelle.be\/fr\/des-vents-favorables-pour-energie-eolienne-en-europe\/"},"author":{"name":"Samuel Alves","@id":"https:\/\/www.renouvelle.be\/fr\/#\/schema\/person\/9d743366fb269eeceaa8d60e98d289d3"},"headline":"Des vents favorables pour l&rsquo;\u00e9nergie \u00e9olienne en Europe","datePublished":"2024-07-04T07:59:19+00:00","dateModified":"2024-07-04T08:00:20+00:00","mainEntityOfPage":{"@id":"https:\/\/www.renouvelle.be\/fr\/des-vents-favorables-pour-energie-eolienne-en-europe\/"},"wordCount":344,"image":{"@id":"https:\/\/www.renouvelle.be\/fr\/des-vents-favorables-pour-energie-eolienne-en-europe\/#primaryimage"},"thumbnailUrl":"https:\/\/www.renouvelle.be\/wp-content\/uploads\/2024\/07\/sam-cumming-vD_8vGGvwoY-unsplash-scaled-e1720077882137.jpg","articleSection":["Actualit\u00e9 internationale"],"inLanguage":"fr-FR"},{"@type":"WebPage","@id":"https:\/\/www.renouvelle.be\/fr\/des-vents-favorables-pour-energie-eolienne-en-europe\/","url":"https:\/\/www.renouvelle.be\/fr\/des-vents-favorables-pour-energie-eolienne-en-europe\/","name":"Des vents favorables pour l'\u00e9nergie \u00e9olienne en Europe - Renouvelle","isPartOf":{"@id":"https:\/\/www.renouvelle.be\/fr\/#website"},"primaryImageOfPage":{"@id":"https:\/\/www.renouvelle.be\/fr\/des-vents-favorables-pour-energie-eolienne-en-europe\/#primaryimage"},"image":{"@id":"https:\/\/www.renouvelle.be\/fr\/des-vents-favorables-pour-energie-eolienne-en-europe\/#primaryimage"},"thumbnailUrl":"https:\/\/www.renouvelle.be\/wp-content\/uploads\/2024\/07\/sam-cumming-vD_8vGGvwoY-unsplash-scaled-e1720077882137.jpg","datePublished":"2024-07-04T07:59:19+00:00","dateModified":"2024-07-04T08:00:20+00:00","author":{"@id":"https:\/\/www.renouvelle.be\/fr\/#\/schema\/person\/9d743366fb269eeceaa8d60e98d289d3"},"description":"L'\u00e9nergie \u00e9olienne progresse et sera un atout majeur pour la s\u00e9curit\u00e9 \u00e9nerg\u00e9tique de l'Europe. Pour cela, il faudra booster son d\u00e9ploiement.","breadcrumb":{"@id":"https:\/\/www.renouvelle.be\/fr\/des-vents-favorables-pour-energie-eolienne-en-europe\/#breadcrumb"},"inLanguage":"fr-FR","potentialAction":[{"@type":"ReadAction","target":["https:\/\/www.renouvelle.be\/fr\/des-vents-favorables-pour-energie-eolienne-en-europe\/"]}]},{"@type":"ImageObject","inLanguage":"fr-FR","@id":"https:\/\/www.renouvelle.be\/fr\/des-vents-favorables-pour-energie-eolienne-en-europe\/#primaryimage","url":"https:\/\/www.renouvelle.be\/wp-content\/uploads\/2024\/07\/sam-cumming-vD_8vGGvwoY-unsplash-scaled-e1720077882137.jpg","contentUrl":"https:\/\/www.renouvelle.be\/wp-content\/uploads\/2024\/07\/sam-cumming-vD_8vGGvwoY-unsplash-scaled-e1720077882137.jpg","width":2560,"height":1489,"caption":"\u00e9olienne"},{"@type":"BreadcrumbList","@id":"https:\/\/www.renouvelle.be\/fr\/des-vents-favorables-pour-energie-eolienne-en-europe\/#breadcrumb","itemListElement":[{"@type":"ListItem","position":1,"name":"Accueil","item":"https:\/\/www.renouvelle.be\/fr\/"},{"@type":"ListItem","position":2,"name":"Des vents favorables pour l&rsquo;\u00e9nergie \u00e9olienne en Europe"}]},{"@type":"WebSite","@id":"https:\/\/www.renouvelle.be\/fr\/#website","url":"https:\/\/www.renouvelle.be\/fr\/","name":"Renouvelle","description":"L&#039;actualit\u00e9 de l&#039;\u00e9nergie durable","potentialAction":[{"@type":"SearchAction","target":{"@type":"EntryPoint","urlTemplate":"https:\/\/www.renouvelle.be\/fr\/?s={search_term_string}"},"query-input":{"@type":"PropertyValueSpecification","valueRequired":true,"valueName":"search_term_string"}}],"inLanguage":"fr-FR"},{"@type":"Person","@id":"https:\/\/www.renouvelle.be\/fr\/#\/schema\/person\/9d743366fb269eeceaa8d60e98d289d3","name":"Samuel Alves","url":"https:\/\/www.renouvelle.be\/fr\/author\/salves\/"}]}},"_links":{"self":[{"href":"https:\/\/www.renouvelle.be\/fr\/wp-json\/wp\/v2\/posts\/13311","targetHints":{"allow":["GET"]}}],"collection":[{"href":"https:\/\/www.renouvelle.be\/fr\/wp-json\/wp\/v2\/posts"}],"about":[{"href":"https:\/\/www.renouvelle.be\/fr\/wp-json\/wp\/v2\/types\/post"}],"author":[{"embeddable":true,"href":"https:\/\/www.renouvelle.be\/fr\/wp-json\/wp\/v2\/users\/38"}],"replies":[{"embeddable":true,"href":"https:\/\/www.renouvelle.be\/fr\/wp-json\/wp\/v2\/comments?post=13311"}],"version-history":[{"count":7,"href":"https:\/\/www.renouvelle.be\/fr\/wp-json\/wp\/v2\/posts\/13311\/revisions"}],"predecessor-version":[{"id":13322,"href":"https:\/\/www.renouvelle.be\/fr\/wp-json\/wp\/v2\/posts\/13311\/revisions\/13322"}],"wp:featuredmedia":[{"embeddable":true,"href":"https:\/\/www.renouvelle.be\/fr\/wp-json\/wp\/v2\/media\/13313"}],"wp:attachment":[{"href":"https:\/\/www.renouvelle.be\/fr\/wp-json\/wp\/v2\/media?parent=13311"}],"wp:term":[{"taxonomy":"category","embeddable":true,"href":"https:\/\/www.renouvelle.be\/fr\/wp-json\/wp\/v2\/categories?post=13311"},{"taxonomy":"post_tag","embeddable":true,"href":"https:\/\/www.renouvelle.be\/fr\/wp-json\/wp\/v2\/tags?post=13311"},{"taxonomy":"section","embeddable":true,"href":"https:\/\/www.renouvelle.be\/fr\/wp-json\/wp\/v2\/section?post=13311"}],"curies":[{"name":"wp","href":"https:\/\/api.w.org\/{rel}","templated":true}]}}