{"id":13272,"date":"2024-06-25T09:30:51","date_gmt":"2024-06-25T07:30:51","guid":{"rendered":"https:\/\/www.renouvelle.be\/?p=13272"},"modified":"2024-06-25T09:31:05","modified_gmt":"2024-06-25T07:31:05","slug":"le-v2g-ou-vehicle-to-grid-un-atout-pour-la-transition-energetique","status":"publish","type":"post","link":"https:\/\/www.renouvelle.be\/fr\/le-v2g-ou-vehicle-to-grid-un-atout-pour-la-transition-energetique\/","title":{"rendered":"Le V2G ou Vehicle-to-Grid, un atout pour la transition \u00e9nerg\u00e9tique"},"content":{"rendered":"\n<p>Nous vous avions d\u00e9j\u00e0 parl\u00e9 des avantages que repr\u00e9sentent les <a href=\"https:\/\/www.renouvelle.be\/fr\/le-chargement-bidirectionnel-pour-en-finir-avec-le-sens-unique\/\" target=\"_blank\" rel=\"noreferrer noopener\">v\u00e9hicules \u00e9lectriques<\/a> pour le r\u00e9seau et sp\u00e9cifiquement du V2G dont le caract\u00e8re \u00ab\u00a0bidirectionnel\u00a0\u00bb permet des \u00e9changes <strong>dans les deux sens<\/strong>. Actuellement, la majorit\u00e9 des mod\u00e8les sur le march\u00e9 sont unidirectionnels (\u00abV1G\u00bb) et sont donc incapables de d\u00e9charger leur batterie pour alimenter le m\u00e9nage ou le r\u00e9seau. Mais cela pourrait bien changer avec l\u2019int\u00e9r\u00eat croissant des fabricants automobiles pour le V2G \u00e9tant donn\u00e9 l&rsquo;opportunit\u00e9 que cela repr\u00e9sente, tant pour le propri\u00e9taire du v\u00e9hicule que pour le r\u00e9seau \u00e9lectrique.<\/p>\n\n\n\n<h2 class=\"wp-block-heading\"><strong>Mise en situation<\/strong><\/h2>\n\n\n\n<p>Il est 18h30, vous rentrez \u00e0 la maison et branchez votre voiture \u00e9lectrique \u00e0 la borne de recharge.<\/p>\n\n\n\n<p>Avec un v\u00e9hicule V1G, la charge commencerait imm\u00e9diatement, juste au moment o\u00f9 le r\u00e9seau est d\u00e9j\u00e0 fort sollicit\u00e9, du fait que tout un chacun rentre chez soi et allume des appareils \u00e9lectriques. C\u2019est le pic de consommation de fin de journ\u00e9e pendant lequel l&rsquo;\u00e9lectricit\u00e9 co\u00fbte le plus cher \u00e0 produire, et \u00e9met le plus de CO<sub>2<\/sub> \u00e0 cause d\u2019une sollicitation des centrales \u00e0 gaz.<\/p>\n\n\n\n<p>Avec un syst\u00e8me V2G et son application smartphone, vous pourrez g\u00e9rer la charge\/d\u00e9charge de votre v\u00e9hicule \u00e9lectrique en indiquant&nbsp;son \u00e9tat de charge actuel et celui d\u00e9sir\u00e9 pour sa prochaine utilisation en en pr\u00e9cisant la date et l\u2019heure. Apr\u00e8s cela, vous ne vous occupez plus de rien&nbsp;: la voiture alimentera l\u2019habitation en \u00e9lectricit\u00e9. Cette gestion vous permettra de r\u00e9aliser des \u00e9conomies tout en r\u00e9duisant la pression sur le r\u00e9seau \u00e9lectrique. En effet, une fois le pic de consommation pass\u00e9, le v\u00e9hicule chargera \u00e0 des moments o\u00f9 l&rsquo;\u00e9lectricit\u00e9 est bien moins ch\u00e8re, voire gratuite s&rsquo;il attend et que l&rsquo;\u00e9lectricit\u00e9 provient de vos panneaux photovolta\u00efques.<\/p>\n\n\n\n<p>Pour autant qu&rsquo;un tarif dynamique soit accessible (comme c&rsquo;est d\u00e9j\u00e0 le cas en Flandre), il sera \u00e9galement possible de revendre de l&rsquo;\u00e9lectricit\u00e9 sur le r\u00e9seau lorsque celui-ci en aura besoin. Un v\u00e9hicule \u00e9lectrique dispose d&rsquo;une grande capacit\u00e9 de batterie (entre 50 et 100 kWh) en comparaison des besoins journaliers d&rsquo;un m\u00e9nage (autour de 10 kWh pour une consommation annuelle de 3500 kWh), ce qui lui permet d&rsquo;alimenter, toute une nuit, le m\u00e9nage en \u00e9lectricit\u00e9.<\/p>\n\n\n\n<figure class=\"wp-block-image size-large\"><img loading=\"lazy\" decoding=\"async\" width=\"1024\" height=\"386\" src=\"https:\/\/www.renouvelle.be\/wp-content\/uploads\/2024\/06\/Schema-V2G-1024x386.png\" alt=\"Fonctionnement du V2G ou Vehicle-to-Grid\" class=\"wp-image-13281\" srcset=\"https:\/\/www.renouvelle.be\/wp-content\/uploads\/2024\/06\/Schema-V2G-1024x386.png 1024w, https:\/\/www.renouvelle.be\/wp-content\/uploads\/2024\/06\/Schema-V2G-300x113.png 300w, https:\/\/www.renouvelle.be\/wp-content\/uploads\/2024\/06\/Schema-V2G-768x290.png 768w, https:\/\/www.renouvelle.be\/wp-content\/uploads\/2024\/06\/Schema-V2G-1536x579.png 1536w, https:\/\/www.renouvelle.be\/wp-content\/uploads\/2024\/06\/Schema-V2G-2048x773.png 2048w, https:\/\/www.renouvelle.be\/wp-content\/uploads\/2024\/06\/Schema-V2G-1200x453.png 1200w\" sizes=\"auto, (max-width: 1024px) 100vw, 1024px\" \/><\/figure>\n\n\n\n<h2 class=\"wp-block-heading\">L&rsquo;<strong>int\u00e9r\u00eat du V2G pour le r\u00e9seau \u00e9lectrique<\/strong><\/h2>\n\n\n\n<p>On l\u2019aura compris, le V2G repr\u00e9sente une grande opportunit\u00e9 pour le r\u00e9seau car les batteries de ces v\u00e9hicules seront en mesure d&rsquo;absorber les exc\u00e8s de production sur le r\u00e9seau (par exemple, lors du pic de production solaire) et d&rsquo;alimenter celui-ci lorsqu&rsquo;il en est en manque (par exemple, lors du pic de consommation en fin de journ\u00e9e).<\/p>\n\n\n\n<p>Une flexibilit\u00e9 qui pourrait \u00eatre mise \u00e0 disposition du r\u00e9seau, moyennant une r\u00e9mun\u00e9ration de son gestionnaire. Cela se fait par l&rsquo;interm\u00e9diaire d&rsquo;un fournisseur de services de flexibilit\u00e9 (Flexibility Service Provider) qui g\u00e8re un portefeuille d&rsquo;actifs flexibles (c-\u00e0-d des batteries ou tout appareil \u00e9lectrique qui peut offrir de la flexibilit\u00e9). Il peut, \u00e0 tout moment, mobiliser une partie de ces appareils pour r\u00e9pondre aux besoins du r\u00e9seau.<\/p>\n\n\n\n<p>A ce jour, seule la flexibilit\u00e9 au niveau du r\u00e9seau national belge (Elia) est d\u00e9j\u00e0 mature, mais dans le futur, la flexibilit\u00e9 locale (ou \u00ab\u00a0basse tension\u00a0\u00bb) est amen\u00e9e \u00e0 se d\u00e9velopper pour r\u00e9pondre aux enjeux des gestionnaires de r\u00e9seau de distribution (SIBELGA, ORES, Fluvius, RESA, \u2026). Bien que les d\u00e9fis soient diff\u00e9rents, les deux niveaux ont besoin de plus de flexibilit\u00e9. Des garde-fous seront n\u00e9cessaires pour que le pilotage d&rsquo;actifs flexibles nationaux veille \u00e0 ne pas cr\u00e9er d\u2019\u00e9cart de tension sur le r\u00e9seau de distribution.<\/p>\n\n\n\n<h2 class=\"wp-block-heading\">Aspects techniques du V2G<\/h2>\n\n\n\n<p>Les v\u00e9hicules \u00e9lectriques V2G n\u00e9cessitent une borne de recharge homologu\u00e9e et, jusqu\u2019ici, seules trois marques ont obtenu cette homologation. La technologie est donc disponible bien qu\u2019encore \u00e0 ses d\u00e9buts.<\/p>\n\n\n\n<p>Alors, pourquoi le V2G n&rsquo;est-il pas en plein essor ? Pour l&rsquo;instant, l\u2019obstacle majeur est l&rsquo;harmonisation des protocoles de communication entre les v\u00e9hicules, les bornes et les acteurs de march\u00e9 en mesure de piloter le v\u00e9hicule pour contribuer \u00e0 l&rsquo;\u00e9quilibrage du r\u00e9seau. R\u00e9cemment, la norme <a href=\"https:\/\/www.iso.org\/fr\/standard\/77845.html\" target=\"_blank\" rel=\"noreferrer noopener\">ISO15118<\/a> a \u00e9t\u00e9 d\u00e9finie et facilite la communication de donn\u00e9es et l&rsquo;identification des v\u00e9hicules, ce qui fera progresser le V2G.<\/p>\n\n\n\n<h2 class=\"wp-block-heading\"><strong>Impact sur la dur\u00e9e de vie de la batterie<\/strong><\/h2>\n\n\n\n<p>Bien que les fabricants automobiles ne donnent pas encore de garantie sur la dur\u00e9e de vie de la batterie lorsqu\u2019elle est utilis\u00e9e pour un usage V2G, l&rsquo;impact sur la dur\u00e9e de vie est consid\u00e9r\u00e9 comme tr\u00e8s limit\u00e9. Le V2G utilise un courant de faible intensit\u00e9 compar\u00e9 \u00e0 l&rsquo;intensit\u00e9 n\u00e9cessaire pour faire acc\u00e9l\u00e9rer la voiture, ce qui implique une tr\u00e8s faible d\u00e9t\u00e9rioration des cellules.<\/p>\n","protected":false},"excerpt":{"rendered":"<p>Nous vous avions d\u00e9j\u00e0 parl\u00e9 des avantages que repr\u00e9sentent les v\u00e9hicules \u00e9lectriques pour le r\u00e9seau et sp\u00e9cifiquement du V2G dont le caract\u00e8re \u00ab\u00a0bidirectionnel\u00a0\u00bb permet des \u00e9changes dans les deux sens. Actuellement, la majorit\u00e9 des mod\u00e8les sur le march\u00e9 sont unidirectionnels (\u00abV1G\u00bb) et sont donc incapables de d\u00e9charger leur batterie pour alimenter le m\u00e9nage ou le r\u00e9seau. Mais cela pourrait bien changer avec l\u2019int\u00e9r\u00eat croissant des fabricants automobiles pour le V2G \u00e9tant donn\u00e9 l&rsquo;opportunit\u00e9 que cela repr\u00e9sente, tant pour le propri\u00e9taire du v\u00e9hicule que pour le r\u00e9seau \u00e9lectrique. Mise en situation Il est 18h30, vous rentrez \u00e0 la maison et branchez votre voiture \u00e9lectrique \u00e0 la borne de recharge. Avec un v\u00e9hicule V1G, la charge commencerait imm\u00e9diatement, juste au moment o\u00f9 le r\u00e9seau est d\u00e9j\u00e0 fort sollicit\u00e9, du fait que tout un chacun rentre chez soi et allume des appareils \u00e9lectriques. C\u2019est le pic de consommation de fin de journ\u00e9e pendant lequel l&rsquo;\u00e9lectricit\u00e9 co\u00fbte le plus cher \u00e0 produire, et \u00e9met le plus de CO2 \u00e0 cause d\u2019une sollicitation des centrales \u00e0 gaz. Avec un syst\u00e8me V2G et son application smartphone, vous pourrez g\u00e9rer la charge\/d\u00e9charge de votre v\u00e9hicule \u00e9lectrique en indiquant&nbsp;son \u00e9tat de charge actuel et celui d\u00e9sir\u00e9 pour sa prochaine utilisation en en pr\u00e9cisant la date et l\u2019heure. Apr\u00e8s cela, vous ne vous occupez plus de rien&nbsp;: la voiture alimentera l\u2019habitation en \u00e9lectricit\u00e9. Cette gestion vous permettra de r\u00e9aliser des \u00e9conomies tout en r\u00e9duisant la pression sur le r\u00e9seau \u00e9lectrique. En effet, une fois le pic de consommation pass\u00e9, le v\u00e9hicule chargera \u00e0 des moments o\u00f9 l&rsquo;\u00e9lectricit\u00e9 est bien moins ch\u00e8re, voire gratuite s&rsquo;il attend et que l&rsquo;\u00e9lectricit\u00e9 provient de vos panneaux photovolta\u00efques. Pour autant qu&rsquo;un tarif dynamique soit accessible (comme c&rsquo;est d\u00e9j\u00e0 le cas en Flandre), il sera &hellip; <a href=\"https:\/\/www.renouvelle.be\/fr\/le-v2g-ou-vehicle-to-grid-un-atout-pour-la-transition-energetique\/\" class=\"more-link\">Continue reading<span class=\"screen-reader-text\"> \u00ab\u00a0Le V2G ou Vehicle-to-Grid, un atout pour la transition \u00e9nerg\u00e9tique\u00a0\u00bb<\/span><\/a><\/p>\n","protected":false},"author":34,"featured_media":13284,"comment_status":"closed","ping_status":"closed","sticky":false,"template":"","format":"standard","meta":{"_acf_changed":false,"footnotes":""},"categories":[16],"tags":[],"section":[12],"class_list":["post-13272","post","type-post","status-publish","format-standard","has-post-thumbnail","hentry","category-actualite","section-mobilite"],"acf":[],"yoast_head":"<!-- This site is optimized with the Yoast SEO plugin v27.5 - https:\/\/yoast.com\/product\/yoast-seo-wordpress\/ -->\n<title>Le V2G ou Vehicle-to-Grid, un atout pour la transition \u00e9nerg\u00e9tique - Renouvelle<\/title>\n<meta name=\"description\" content=\"Les voitures \u00e9lectriques de type V2G pourraient-elles aider \u00e0 un r\u00e9\u00e9quilibrage du r\u00e9seau ? C&#039;est ce que laisse \u00e0 penser son fonctionnement.\" \/>\n<meta name=\"robots\" content=\"index, follow, max-snippet:-1, max-image-preview:large, max-video-preview:-1\" \/>\n<link rel=\"canonical\" href=\"https:\/\/www.renouvelle.be\/fr\/le-v2g-ou-vehicle-to-grid-un-atout-pour-la-transition-energetique\/\" \/>\n<meta property=\"og:locale\" content=\"fr_FR\" \/>\n<meta property=\"og:type\" content=\"article\" \/>\n<meta property=\"og:title\" content=\"Le V2G ou Vehicle-to-Grid, un atout pour la transition \u00e9nerg\u00e9tique - Renouvelle\" \/>\n<meta property=\"og:description\" content=\"Les voitures \u00e9lectriques de type V2G pourraient-elles aider \u00e0 un r\u00e9\u00e9quilibrage du r\u00e9seau ? C&#039;est ce que laisse \u00e0 penser son fonctionnement.\" \/>\n<meta property=\"og:url\" content=\"https:\/\/www.renouvelle.be\/fr\/le-v2g-ou-vehicle-to-grid-un-atout-pour-la-transition-energetique\/\" \/>\n<meta property=\"og:site_name\" content=\"Renouvelle\" \/>\n<meta property=\"article:published_time\" content=\"2024-06-25T07:30:51+00:00\" \/>\n<meta property=\"article:modified_time\" content=\"2024-06-25T07:31:05+00:00\" \/>\n<meta property=\"og:image\" content=\"https:\/\/www.renouvelle.be\/wp-content\/uploads\/2024\/06\/iStock-1473857493-e1718886296404.jpg\" \/>\n\t<meta property=\"og:image:width\" content=\"2120\" \/>\n\t<meta property=\"og:image:height\" content=\"1194\" \/>\n\t<meta property=\"og:image:type\" content=\"image\/jpeg\" \/>\n<meta name=\"author\" content=\"Olivier BOVEROUX\" \/>\n<meta name=\"twitter:card\" content=\"summary_large_image\" \/>\n<script type=\"application\/ld+json\" class=\"yoast-schema-graph\">{\"@context\":\"https:\\\/\\\/schema.org\",\"@graph\":[{\"@type\":\"Article\",\"@id\":\"https:\\\/\\\/www.renouvelle.be\\\/fr\\\/le-v2g-ou-vehicle-to-grid-un-atout-pour-la-transition-energetique\\\/#article\",\"isPartOf\":{\"@id\":\"https:\\\/\\\/www.renouvelle.be\\\/fr\\\/le-v2g-ou-vehicle-to-grid-un-atout-pour-la-transition-energetique\\\/\"},\"author\":{\"name\":\"Olivier BOVEROUX\",\"@id\":\"https:\\\/\\\/www.renouvelle.be\\\/fr\\\/#\\\/schema\\\/person\\\/339d070b54005d1c9bb9996bc1f6f7c9\"},\"headline\":\"Le V2G ou Vehicle-to-Grid, un atout pour la transition \u00e9nerg\u00e9tique\",\"datePublished\":\"2024-06-25T07:30:51+00:00\",\"dateModified\":\"2024-06-25T07:31:05+00:00\",\"mainEntityOfPage\":{\"@id\":\"https:\\\/\\\/www.renouvelle.be\\\/fr\\\/le-v2g-ou-vehicle-to-grid-un-atout-pour-la-transition-energetique\\\/\"},\"wordCount\":870,\"image\":{\"@id\":\"https:\\\/\\\/www.renouvelle.be\\\/fr\\\/le-v2g-ou-vehicle-to-grid-un-atout-pour-la-transition-energetique\\\/#primaryimage\"},\"thumbnailUrl\":\"https:\\\/\\\/www.renouvelle.be\\\/wp-content\\\/uploads\\\/2024\\\/06\\\/iStock-1473857493-e1718886296404.jpg\",\"articleSection\":[\"Actualit\u00e9\"],\"inLanguage\":\"fr-FR\"},{\"@type\":\"WebPage\",\"@id\":\"https:\\\/\\\/www.renouvelle.be\\\/fr\\\/le-v2g-ou-vehicle-to-grid-un-atout-pour-la-transition-energetique\\\/\",\"url\":\"https:\\\/\\\/www.renouvelle.be\\\/fr\\\/le-v2g-ou-vehicle-to-grid-un-atout-pour-la-transition-energetique\\\/\",\"name\":\"Le V2G ou Vehicle-to-Grid, un atout pour la transition \u00e9nerg\u00e9tique - Renouvelle\",\"isPartOf\":{\"@id\":\"https:\\\/\\\/www.renouvelle.be\\\/fr\\\/#website\"},\"primaryImageOfPage\":{\"@id\":\"https:\\\/\\\/www.renouvelle.be\\\/fr\\\/le-v2g-ou-vehicle-to-grid-un-atout-pour-la-transition-energetique\\\/#primaryimage\"},\"image\":{\"@id\":\"https:\\\/\\\/www.renouvelle.be\\\/fr\\\/le-v2g-ou-vehicle-to-grid-un-atout-pour-la-transition-energetique\\\/#primaryimage\"},\"thumbnailUrl\":\"https:\\\/\\\/www.renouvelle.be\\\/wp-content\\\/uploads\\\/2024\\\/06\\\/iStock-1473857493-e1718886296404.jpg\",\"datePublished\":\"2024-06-25T07:30:51+00:00\",\"dateModified\":\"2024-06-25T07:31:05+00:00\",\"author\":{\"@id\":\"https:\\\/\\\/www.renouvelle.be\\\/fr\\\/#\\\/schema\\\/person\\\/339d070b54005d1c9bb9996bc1f6f7c9\"},\"description\":\"Les voitures \u00e9lectriques de type V2G pourraient-elles aider \u00e0 un r\u00e9\u00e9quilibrage du r\u00e9seau ? C'est ce que laisse \u00e0 penser son fonctionnement.\",\"breadcrumb\":{\"@id\":\"https:\\\/\\\/www.renouvelle.be\\\/fr\\\/le-v2g-ou-vehicle-to-grid-un-atout-pour-la-transition-energetique\\\/#breadcrumb\"},\"inLanguage\":\"fr-FR\",\"potentialAction\":[{\"@type\":\"ReadAction\",\"target\":[\"https:\\\/\\\/www.renouvelle.be\\\/fr\\\/le-v2g-ou-vehicle-to-grid-un-atout-pour-la-transition-energetique\\\/\"]}]},{\"@type\":\"ImageObject\",\"inLanguage\":\"fr-FR\",\"@id\":\"https:\\\/\\\/www.renouvelle.be\\\/fr\\\/le-v2g-ou-vehicle-to-grid-un-atout-pour-la-transition-energetique\\\/#primaryimage\",\"url\":\"https:\\\/\\\/www.renouvelle.be\\\/wp-content\\\/uploads\\\/2024\\\/06\\\/iStock-1473857493-e1718886296404.jpg\",\"contentUrl\":\"https:\\\/\\\/www.renouvelle.be\\\/wp-content\\\/uploads\\\/2024\\\/06\\\/iStock-1473857493-e1718886296404.jpg\",\"width\":2120,\"height\":1194,\"caption\":\"V2G ou Vehicle-to-Grid\"},{\"@type\":\"BreadcrumbList\",\"@id\":\"https:\\\/\\\/www.renouvelle.be\\\/fr\\\/le-v2g-ou-vehicle-to-grid-un-atout-pour-la-transition-energetique\\\/#breadcrumb\",\"itemListElement\":[{\"@type\":\"ListItem\",\"position\":1,\"name\":\"Accueil\",\"item\":\"https:\\\/\\\/www.renouvelle.be\\\/fr\\\/\"},{\"@type\":\"ListItem\",\"position\":2,\"name\":\"Le V2G ou Vehicle-to-Grid, un atout pour la transition \u00e9nerg\u00e9tique\"}]},{\"@type\":\"WebSite\",\"@id\":\"https:\\\/\\\/www.renouvelle.be\\\/fr\\\/#website\",\"url\":\"https:\\\/\\\/www.renouvelle.be\\\/fr\\\/\",\"name\":\"Renouvelle\",\"description\":\"L&#039;actualit\u00e9 de l&#039;\u00e9nergie durable\",\"potentialAction\":[{\"@type\":\"SearchAction\",\"target\":{\"@type\":\"EntryPoint\",\"urlTemplate\":\"https:\\\/\\\/www.renouvelle.be\\\/fr\\\/?s={search_term_string}\"},\"query-input\":{\"@type\":\"PropertyValueSpecification\",\"valueRequired\":true,\"valueName\":\"search_term_string\"}}],\"inLanguage\":\"fr-FR\"},{\"@type\":\"Person\",\"@id\":\"https:\\\/\\\/www.renouvelle.be\\\/fr\\\/#\\\/schema\\\/person\\\/339d070b54005d1c9bb9996bc1f6f7c9\",\"name\":\"Olivier BOVEROUX\",\"url\":\"https:\\\/\\\/www.renouvelle.be\\\/fr\\\/author\\\/olivier-boveroux\\\/\"}]}<\/script>\n<!-- \/ Yoast SEO plugin. -->","yoast_head_json":{"title":"Le V2G ou Vehicle-to-Grid, un atout pour la transition \u00e9nerg\u00e9tique - Renouvelle","description":"Les voitures \u00e9lectriques de type V2G pourraient-elles aider \u00e0 un r\u00e9\u00e9quilibrage du r\u00e9seau ? C'est ce que laisse \u00e0 penser son fonctionnement.","robots":{"index":"index","follow":"follow","max-snippet":"max-snippet:-1","max-image-preview":"max-image-preview:large","max-video-preview":"max-video-preview:-1"},"canonical":"https:\/\/www.renouvelle.be\/fr\/le-v2g-ou-vehicle-to-grid-un-atout-pour-la-transition-energetique\/","og_locale":"fr_FR","og_type":"article","og_title":"Le V2G ou Vehicle-to-Grid, un atout pour la transition \u00e9nerg\u00e9tique - Renouvelle","og_description":"Les voitures \u00e9lectriques de type V2G pourraient-elles aider \u00e0 un r\u00e9\u00e9quilibrage du r\u00e9seau ? C'est ce que laisse \u00e0 penser son fonctionnement.","og_url":"https:\/\/www.renouvelle.be\/fr\/le-v2g-ou-vehicle-to-grid-un-atout-pour-la-transition-energetique\/","og_site_name":"Renouvelle","article_published_time":"2024-06-25T07:30:51+00:00","article_modified_time":"2024-06-25T07:31:05+00:00","og_image":[{"width":2120,"height":1194,"url":"https:\/\/www.renouvelle.be\/wp-content\/uploads\/2024\/06\/iStock-1473857493-e1718886296404.jpg","type":"image\/jpeg"}],"author":"Olivier BOVEROUX","twitter_card":"summary_large_image","schema":{"@context":"https:\/\/schema.org","@graph":[{"@type":"Article","@id":"https:\/\/www.renouvelle.be\/fr\/le-v2g-ou-vehicle-to-grid-un-atout-pour-la-transition-energetique\/#article","isPartOf":{"@id":"https:\/\/www.renouvelle.be\/fr\/le-v2g-ou-vehicle-to-grid-un-atout-pour-la-transition-energetique\/"},"author":{"name":"Olivier BOVEROUX","@id":"https:\/\/www.renouvelle.be\/fr\/#\/schema\/person\/339d070b54005d1c9bb9996bc1f6f7c9"},"headline":"Le V2G ou Vehicle-to-Grid, un atout pour la transition \u00e9nerg\u00e9tique","datePublished":"2024-06-25T07:30:51+00:00","dateModified":"2024-06-25T07:31:05+00:00","mainEntityOfPage":{"@id":"https:\/\/www.renouvelle.be\/fr\/le-v2g-ou-vehicle-to-grid-un-atout-pour-la-transition-energetique\/"},"wordCount":870,"image":{"@id":"https:\/\/www.renouvelle.be\/fr\/le-v2g-ou-vehicle-to-grid-un-atout-pour-la-transition-energetique\/#primaryimage"},"thumbnailUrl":"https:\/\/www.renouvelle.be\/wp-content\/uploads\/2024\/06\/iStock-1473857493-e1718886296404.jpg","articleSection":["Actualit\u00e9"],"inLanguage":"fr-FR"},{"@type":"WebPage","@id":"https:\/\/www.renouvelle.be\/fr\/le-v2g-ou-vehicle-to-grid-un-atout-pour-la-transition-energetique\/","url":"https:\/\/www.renouvelle.be\/fr\/le-v2g-ou-vehicle-to-grid-un-atout-pour-la-transition-energetique\/","name":"Le V2G ou Vehicle-to-Grid, un atout pour la transition \u00e9nerg\u00e9tique - Renouvelle","isPartOf":{"@id":"https:\/\/www.renouvelle.be\/fr\/#website"},"primaryImageOfPage":{"@id":"https:\/\/www.renouvelle.be\/fr\/le-v2g-ou-vehicle-to-grid-un-atout-pour-la-transition-energetique\/#primaryimage"},"image":{"@id":"https:\/\/www.renouvelle.be\/fr\/le-v2g-ou-vehicle-to-grid-un-atout-pour-la-transition-energetique\/#primaryimage"},"thumbnailUrl":"https:\/\/www.renouvelle.be\/wp-content\/uploads\/2024\/06\/iStock-1473857493-e1718886296404.jpg","datePublished":"2024-06-25T07:30:51+00:00","dateModified":"2024-06-25T07:31:05+00:00","author":{"@id":"https:\/\/www.renouvelle.be\/fr\/#\/schema\/person\/339d070b54005d1c9bb9996bc1f6f7c9"},"description":"Les voitures \u00e9lectriques de type V2G pourraient-elles aider \u00e0 un r\u00e9\u00e9quilibrage du r\u00e9seau ? C'est ce que laisse \u00e0 penser son fonctionnement.","breadcrumb":{"@id":"https:\/\/www.renouvelle.be\/fr\/le-v2g-ou-vehicle-to-grid-un-atout-pour-la-transition-energetique\/#breadcrumb"},"inLanguage":"fr-FR","potentialAction":[{"@type":"ReadAction","target":["https:\/\/www.renouvelle.be\/fr\/le-v2g-ou-vehicle-to-grid-un-atout-pour-la-transition-energetique\/"]}]},{"@type":"ImageObject","inLanguage":"fr-FR","@id":"https:\/\/www.renouvelle.be\/fr\/le-v2g-ou-vehicle-to-grid-un-atout-pour-la-transition-energetique\/#primaryimage","url":"https:\/\/www.renouvelle.be\/wp-content\/uploads\/2024\/06\/iStock-1473857493-e1718886296404.jpg","contentUrl":"https:\/\/www.renouvelle.be\/wp-content\/uploads\/2024\/06\/iStock-1473857493-e1718886296404.jpg","width":2120,"height":1194,"caption":"V2G ou Vehicle-to-Grid"},{"@type":"BreadcrumbList","@id":"https:\/\/www.renouvelle.be\/fr\/le-v2g-ou-vehicle-to-grid-un-atout-pour-la-transition-energetique\/#breadcrumb","itemListElement":[{"@type":"ListItem","position":1,"name":"Accueil","item":"https:\/\/www.renouvelle.be\/fr\/"},{"@type":"ListItem","position":2,"name":"Le V2G ou Vehicle-to-Grid, un atout pour la transition \u00e9nerg\u00e9tique"}]},{"@type":"WebSite","@id":"https:\/\/www.renouvelle.be\/fr\/#website","url":"https:\/\/www.renouvelle.be\/fr\/","name":"Renouvelle","description":"L&#039;actualit\u00e9 de l&#039;\u00e9nergie durable","potentialAction":[{"@type":"SearchAction","target":{"@type":"EntryPoint","urlTemplate":"https:\/\/www.renouvelle.be\/fr\/?s={search_term_string}"},"query-input":{"@type":"PropertyValueSpecification","valueRequired":true,"valueName":"search_term_string"}}],"inLanguage":"fr-FR"},{"@type":"Person","@id":"https:\/\/www.renouvelle.be\/fr\/#\/schema\/person\/339d070b54005d1c9bb9996bc1f6f7c9","name":"Olivier BOVEROUX","url":"https:\/\/www.renouvelle.be\/fr\/author\/olivier-boveroux\/"}]}},"_links":{"self":[{"href":"https:\/\/www.renouvelle.be\/fr\/wp-json\/wp\/v2\/posts\/13272","targetHints":{"allow":["GET"]}}],"collection":[{"href":"https:\/\/www.renouvelle.be\/fr\/wp-json\/wp\/v2\/posts"}],"about":[{"href":"https:\/\/www.renouvelle.be\/fr\/wp-json\/wp\/v2\/types\/post"}],"author":[{"embeddable":true,"href":"https:\/\/www.renouvelle.be\/fr\/wp-json\/wp\/v2\/users\/34"}],"replies":[{"embeddable":true,"href":"https:\/\/www.renouvelle.be\/fr\/wp-json\/wp\/v2\/comments?post=13272"}],"version-history":[{"count":13,"href":"https:\/\/www.renouvelle.be\/fr\/wp-json\/wp\/v2\/posts\/13272\/revisions"}],"predecessor-version":[{"id":13294,"href":"https:\/\/www.renouvelle.be\/fr\/wp-json\/wp\/v2\/posts\/13272\/revisions\/13294"}],"wp:featuredmedia":[{"embeddable":true,"href":"https:\/\/www.renouvelle.be\/fr\/wp-json\/wp\/v2\/media\/13284"}],"wp:attachment":[{"href":"https:\/\/www.renouvelle.be\/fr\/wp-json\/wp\/v2\/media?parent=13272"}],"wp:term":[{"taxonomy":"category","embeddable":true,"href":"https:\/\/www.renouvelle.be\/fr\/wp-json\/wp\/v2\/categories?post=13272"},{"taxonomy":"post_tag","embeddable":true,"href":"https:\/\/www.renouvelle.be\/fr\/wp-json\/wp\/v2\/tags?post=13272"},{"taxonomy":"section","embeddable":true,"href":"https:\/\/www.renouvelle.be\/fr\/wp-json\/wp\/v2\/section?post=13272"}],"curies":[{"name":"wp","href":"https:\/\/api.w.org\/{rel}","templated":true}]}}