{"id":13250,"date":"2024-06-21T11:38:15","date_gmt":"2024-06-21T09:38:15","guid":{"rendered":"https:\/\/www.renouvelle.be\/?p=13250"},"modified":"2025-01-17T10:26:32","modified_gmt":"2025-01-17T09:26:32","slug":"communaute-energie-renouvelable-a-aubange-une-premiere-en-wallonie","status":"publish","type":"post","link":"https:\/\/www.renouvelle.be\/fr\/communaute-energie-renouvelable-a-aubange-une-premiere-en-wallonie\/","title":{"rendered":"Communaut\u00e9 d&rsquo;\u00e9nergie renouvelable \u00e0 Aubange : une premi\u00e8re en Wallonie"},"content":{"rendered":"\n<h2 class=\"wp-block-heading\"><strong>Communiqu\u00e9 de presse conjoint de la Ville d&rsquo;Aubange, du Parc naturel de Gaume et d&rsquo;Energie Commune.<\/strong><\/h2>\n\n\n\n<p>La Ville d\u2019Aubange franchit une \u00e9tape importante avec la cr\u00e9ation de l\u2019ASBL \u00ab Communaut\u00e9 d\u2019\u00e9nergie renouvelable Soleil d\u2019Aubange \u00bb (CERSA), une communaut\u00e9 d\u2019\u00e9nergie renouvelable (CER) visant \u00e0 partager son \u00e9lectricit\u00e9 directement aux citoyens aubangeois, et fraichement reconnue par la CWaPE comme la premi\u00e8re CER de Wallonie ! Cette initiative s&rsquo;inscrit dans une d\u00e9marche de transition \u00e9nerg\u00e9tique men\u00e9e par le Groupe d\u2019Action Locale (GAL) <a href=\"https:\/\/parc-naturel-gaume.be\/\" target=\"_blank\" rel=\"noreferrer noopener\">Parc naturel de Gaume<\/a>, en partenariat avec la <a href=\"https:\/\/www.aubange.be\/joomla3\/\" target=\"_blank\" rel=\"noreferrer noopener\">Ville d\u2019Aubange<\/a> et l\u2019ASBL <a href=\"https:\/\/energiecommune.be\/\" target=\"_blank\" rel=\"noreferrer noopener\">Energie Commune<\/a>.<\/p>\n\n\n\n<figure class=\"wp-block-image size-full\"><img loading=\"lazy\" decoding=\"async\" width=\"853\" height=\"619\" src=\"https:\/\/www.renouvelle.be\/wp-content\/uploads\/2024\/06\/Aubange2.png\" alt=\"CERSA communaut\u00e9 d'\u00e9nergie renouvelable Wallonie\" class=\"wp-image-13255\" srcset=\"https:\/\/www.renouvelle.be\/wp-content\/uploads\/2024\/06\/Aubange2.png 853w, https:\/\/www.renouvelle.be\/wp-content\/uploads\/2024\/06\/Aubange2-300x218.png 300w, https:\/\/www.renouvelle.be\/wp-content\/uploads\/2024\/06\/Aubange2-768x557.png 768w\" sizes=\"auto, (max-width: 853px) 100vw, 853px\" \/><figcaption class=\"wp-element-caption\">CERSA (Communaut\u00e9 d&rsquo;\u00e9nergie renouvelable Soleil d&rsquo;Aubange)<\/figcaption><\/figure>\n\n\n\n<p>Compos\u00e9e de particuliers et de la Ville d&rsquo;Aubange, CERSA souhaite promouvoir une \u00e9conomie sociale et durable en milieu rural et urbain, en accord avec les principes du d\u00e9veloppement durable. Le processus menant \u00e0 la cr\u00e9ation de cette communaut\u00e9 a \u00e9t\u00e9 caract\u00e9ris\u00e9 par un engagement actif des membres fondateurs, participant \u00e0 des s\u00e9ances d&rsquo;information et r\u00e9unions de travail. Ils ont b\u00e9n\u00e9fici\u00e9 du soutien pr\u00e9cieux d&rsquo;Energie Commune, une entit\u00e9 sp\u00e9cialis\u00e9e dans l&rsquo;expertise l\u00e9gale et technique en mati\u00e8re d&rsquo;\u00e9nergie renouvelable, ainsi que du Parc naturel de Gaume, initiateur et porteur de ce projet.<\/p>\n\n\n\n<h2 class=\"wp-block-heading\">En pratique<\/h2>\n\n\n\n<p>La communaut\u00e9 d\u2019\u00e9nergie a la possibilit\u00e9 de mener diverses activit\u00e9s li\u00e9es au domaine de l&rsquo;\u00e9nergie, tout en respectant les objectifs sociaux, environnementaux et \u00e9conomiques qu&rsquo;elle s&rsquo;est fix\u00e9e. Parmi ces initiatives, la principale consiste donc au partage d\u2019\u00e9lectricit\u00e9 entre ses membres. Celui-ci se concr\u00e9tisera bient\u00f4t (la proc\u00e9dure suit son cours) \u00e0 partir d&rsquo;une nouvelle installation photovolta\u00efque r\u00e9cemment mise en service sur le toit du site du Service Travaux de la Ville d&rsquo;Aubange. Cette installation de 45 kWc (30 kVA) permettra de partager l&rsquo;exc\u00e9dent d&rsquo;\u00e9lectricit\u00e9 non autoconsomm\u00e9e par le Service Travaux avec les m\u00e9nages essentiellement, mais aussi les PME et autres institutions publiques, qui souhaiteraient rejoindre la communaut\u00e9 et son activit\u00e9 de partage, pour autant que l\u2019\u00e9quilibre ente injection et consommation du volume partag\u00e9 soit maintenu. <\/p>\n\n\n\n<p>CERSA vise, gr\u00e2ce au partage d&rsquo;\u00e9nergie, \u00e0 fournir un acc\u00e8s \u00e0 de l&rsquo;\u00e9nergie renouvelable locale \u00e0 un prix stable et comp\u00e9titif, pour des citoyens qui ne disposent pas de leur propre unit\u00e9 de production. Le but est que la communaut\u00e9 se d\u00e9veloppe progressivement \u00e0 mesure que de nouvelles installations et de nouveaux membres dits \u00ab clients actifs \u00bb s&rsquo;y ajoutent. Il convient de noter que cette activit\u00e9 de partage d&rsquo;\u00e9nergie entreprise au sein de CERSA peut couvrir l&rsquo;ensemble du territoire de la commune d&rsquo;Aubange.<\/p>\n\n\n\n<p>Actuellement compos\u00e9e de 7 membres, la CERSA est \u00e0 la recherche de personnes pr\u00eates \u00e0 s&rsquo;engager dans le d\u00e9veloppement \u00e9nerg\u00e9tique durable de sa commune.<\/p>\n\n\n\n<p>Le communiqu\u00e9 de presse complet est \u00e0 lire <a href=\"https:\/\/energiecommune.be\/wp-content\/uploads\/sites\/8\/2024\/07\/CE_Aubange_web.pdf\" target=\"_blank\" rel=\"noreferrer noopener\">ici<\/a>.<\/p>\n","protected":false},"excerpt":{"rendered":"<p>Communiqu\u00e9 de presse conjoint de la Ville d&rsquo;Aubange, du Parc naturel de Gaume et d&rsquo;Energie Commune. La Ville d\u2019Aubange franchit une \u00e9tape importante avec la cr\u00e9ation de l\u2019ASBL \u00ab Communaut\u00e9 d\u2019\u00e9nergie renouvelable Soleil d\u2019Aubange \u00bb (CERSA), une communaut\u00e9 d\u2019\u00e9nergie renouvelable (CER) visant \u00e0 partager son \u00e9lectricit\u00e9 directement aux citoyens aubangeois, et fraichement reconnue par la CWaPE comme la premi\u00e8re CER de Wallonie ! Cette initiative s&rsquo;inscrit dans une d\u00e9marche de transition \u00e9nerg\u00e9tique men\u00e9e par le Groupe d\u2019Action Locale (GAL) Parc naturel de Gaume, en partenariat avec la Ville d\u2019Aubange et l\u2019ASBL Energie Commune. Compos\u00e9e de particuliers et de la Ville d&rsquo;Aubange, CERSA souhaite promouvoir une \u00e9conomie sociale et durable en milieu rural et urbain, en accord avec les principes du d\u00e9veloppement durable. Le processus menant \u00e0 la cr\u00e9ation de cette communaut\u00e9 a \u00e9t\u00e9 caract\u00e9ris\u00e9 par un engagement actif des membres fondateurs, participant \u00e0 des s\u00e9ances d&rsquo;information et r\u00e9unions de travail. Ils ont b\u00e9n\u00e9fici\u00e9 du soutien pr\u00e9cieux d&rsquo;Energie Commune, une entit\u00e9 sp\u00e9cialis\u00e9e dans l&rsquo;expertise l\u00e9gale et technique en mati\u00e8re d&rsquo;\u00e9nergie renouvelable, ainsi que du Parc naturel de Gaume, initiateur et porteur de ce projet. En pratique La communaut\u00e9 d\u2019\u00e9nergie a la possibilit\u00e9 de mener diverses activit\u00e9s li\u00e9es au domaine de l&rsquo;\u00e9nergie, tout en respectant les objectifs sociaux, environnementaux et \u00e9conomiques qu&rsquo;elle s&rsquo;est fix\u00e9e. Parmi ces initiatives, la principale consiste donc au partage d\u2019\u00e9lectricit\u00e9 entre ses membres. Celui-ci se concr\u00e9tisera bient\u00f4t (la proc\u00e9dure suit son cours) \u00e0 partir d&rsquo;une nouvelle installation photovolta\u00efque r\u00e9cemment mise en service sur le toit du site du Service Travaux de la Ville d&rsquo;Aubange. Cette installation de 45 kWc (30 kVA) permettra de partager l&rsquo;exc\u00e9dent d&rsquo;\u00e9lectricit\u00e9 non autoconsomm\u00e9e par le Service Travaux avec les m\u00e9nages essentiellement, mais aussi les PME et autres institutions publiques, qui souhaiteraient rejoindre la &hellip; <a href=\"https:\/\/www.renouvelle.be\/fr\/communaute-energie-renouvelable-a-aubange-une-premiere-en-wallonie\/\" class=\"more-link\">Continue reading<span class=\"screen-reader-text\"> \u00ab\u00a0Communaut\u00e9 d&rsquo;\u00e9nergie renouvelable \u00e0 Aubange : une premi\u00e8re en Wallonie\u00a0\u00bb<\/span><\/a><\/p>\n","protected":false},"author":37,"featured_media":13268,"comment_status":"closed","ping_status":"closed","sticky":false,"template":"","format":"standard","meta":{"_acf_changed":false,"footnotes":""},"categories":[17],"tags":[],"section":[8],"class_list":["post-13250","post","type-post","status-publish","format-standard","has-post-thumbnail","hentry","category-actualite-en-belgique","section-energie-renouvelables"],"acf":[],"yoast_head":"<!-- This site is optimized with the Yoast SEO plugin v27.4 - https:\/\/yoast.com\/product\/yoast-seo-wordpress\/ -->\n<title>Communaut\u00e9 d&#039;\u00e9nergie renouvelable \u00e0 Aubange : une premi\u00e8re en Wallonie - Renouvelle<\/title>\n<meta name=\"description\" content=\"La Wallonie voit na\u00eetre sa premi\u00e8re communaut\u00e9 d&#039;\u00e9nergie renouvelable et c&#039;est dans la ville d&#039;Aubange que cela se passe.\" \/>\n<meta name=\"robots\" content=\"index, follow, max-snippet:-1, max-image-preview:large, max-video-preview:-1\" \/>\n<link rel=\"canonical\" href=\"https:\/\/www.renouvelle.be\/fr\/communaute-energie-renouvelable-a-aubange-une-premiere-en-wallonie\/\" \/>\n<meta property=\"og:locale\" content=\"fr_FR\" \/>\n<meta property=\"og:type\" content=\"article\" \/>\n<meta property=\"og:title\" content=\"Communaut\u00e9 d&#039;\u00e9nergie renouvelable \u00e0 Aubange : une premi\u00e8re en Wallonie - Renouvelle\" \/>\n<meta property=\"og:description\" content=\"La Wallonie voit na\u00eetre sa premi\u00e8re communaut\u00e9 d&#039;\u00e9nergie renouvelable et c&#039;est dans la ville d&#039;Aubange que cela se passe.\" \/>\n<meta property=\"og:url\" content=\"https:\/\/www.renouvelle.be\/fr\/communaute-energie-renouvelable-a-aubange-une-premiere-en-wallonie\/\" \/>\n<meta property=\"og:site_name\" content=\"Renouvelle\" \/>\n<meta property=\"article:published_time\" content=\"2024-06-21T09:38:15+00:00\" \/>\n<meta property=\"article:modified_time\" content=\"2025-01-17T09:26:32+00:00\" \/>\n<meta property=\"og:image\" content=\"https:\/\/www.renouvelle.be\/wp-content\/uploads\/2024\/06\/Aubange.png\" \/>\n\t<meta property=\"og:image:width\" content=\"1468\" \/>\n\t<meta property=\"og:image:height\" content=\"862\" \/>\n\t<meta property=\"og:image:type\" content=\"image\/png\" \/>\n<meta name=\"author\" content=\"Energie Commune\" \/>\n<meta name=\"twitter:card\" content=\"summary_large_image\" \/>\n<script type=\"application\/ld+json\" class=\"yoast-schema-graph\">{\"@context\":\"https:\\\/\\\/schema.org\",\"@graph\":[{\"@type\":\"Article\",\"@id\":\"https:\\\/\\\/www.renouvelle.be\\\/fr\\\/communaute-energie-renouvelable-a-aubange-une-premiere-en-wallonie\\\/#article\",\"isPartOf\":{\"@id\":\"https:\\\/\\\/www.renouvelle.be\\\/fr\\\/communaute-energie-renouvelable-a-aubange-une-premiere-en-wallonie\\\/\"},\"author\":{\"name\":\"Energie Commune\",\"@id\":\"https:\\\/\\\/www.renouvelle.be\\\/fr\\\/#\\\/schema\\\/person\\\/96868a7626a6f3bc5a1161742c280ef4\"},\"headline\":\"Communaut\u00e9 d&rsquo;\u00e9nergie renouvelable \u00e0 Aubange : une premi\u00e8re en Wallonie\",\"datePublished\":\"2024-06-21T09:38:15+00:00\",\"dateModified\":\"2025-01-17T09:26:32+00:00\",\"mainEntityOfPage\":{\"@id\":\"https:\\\/\\\/www.renouvelle.be\\\/fr\\\/communaute-energie-renouvelable-a-aubange-une-premiere-en-wallonie\\\/\"},\"wordCount\":495,\"image\":{\"@id\":\"https:\\\/\\\/www.renouvelle.be\\\/fr\\\/communaute-energie-renouvelable-a-aubange-une-premiere-en-wallonie\\\/#primaryimage\"},\"thumbnailUrl\":\"https:\\\/\\\/www.renouvelle.be\\\/wp-content\\\/uploads\\\/2024\\\/06\\\/Aubange.png\",\"articleSection\":[\"Actualit\u00e9 en Belgique\"],\"inLanguage\":\"fr-FR\"},{\"@type\":\"WebPage\",\"@id\":\"https:\\\/\\\/www.renouvelle.be\\\/fr\\\/communaute-energie-renouvelable-a-aubange-une-premiere-en-wallonie\\\/\",\"url\":\"https:\\\/\\\/www.renouvelle.be\\\/fr\\\/communaute-energie-renouvelable-a-aubange-une-premiere-en-wallonie\\\/\",\"name\":\"Communaut\u00e9 d'\u00e9nergie renouvelable \u00e0 Aubange : une premi\u00e8re en Wallonie - Renouvelle\",\"isPartOf\":{\"@id\":\"https:\\\/\\\/www.renouvelle.be\\\/fr\\\/#website\"},\"primaryImageOfPage\":{\"@id\":\"https:\\\/\\\/www.renouvelle.be\\\/fr\\\/communaute-energie-renouvelable-a-aubange-une-premiere-en-wallonie\\\/#primaryimage\"},\"image\":{\"@id\":\"https:\\\/\\\/www.renouvelle.be\\\/fr\\\/communaute-energie-renouvelable-a-aubange-une-premiere-en-wallonie\\\/#primaryimage\"},\"thumbnailUrl\":\"https:\\\/\\\/www.renouvelle.be\\\/wp-content\\\/uploads\\\/2024\\\/06\\\/Aubange.png\",\"datePublished\":\"2024-06-21T09:38:15+00:00\",\"dateModified\":\"2025-01-17T09:26:32+00:00\",\"author\":{\"@id\":\"https:\\\/\\\/www.renouvelle.be\\\/fr\\\/#\\\/schema\\\/person\\\/96868a7626a6f3bc5a1161742c280ef4\"},\"description\":\"La Wallonie voit na\u00eetre sa premi\u00e8re communaut\u00e9 d'\u00e9nergie renouvelable et c'est dans la ville d'Aubange que cela se passe.\",\"breadcrumb\":{\"@id\":\"https:\\\/\\\/www.renouvelle.be\\\/fr\\\/communaute-energie-renouvelable-a-aubange-une-premiere-en-wallonie\\\/#breadcrumb\"},\"inLanguage\":\"fr-FR\",\"potentialAction\":[{\"@type\":\"ReadAction\",\"target\":[\"https:\\\/\\\/www.renouvelle.be\\\/fr\\\/communaute-energie-renouvelable-a-aubange-une-premiere-en-wallonie\\\/\"]}]},{\"@type\":\"ImageObject\",\"inLanguage\":\"fr-FR\",\"@id\":\"https:\\\/\\\/www.renouvelle.be\\\/fr\\\/communaute-energie-renouvelable-a-aubange-une-premiere-en-wallonie\\\/#primaryimage\",\"url\":\"https:\\\/\\\/www.renouvelle.be\\\/wp-content\\\/uploads\\\/2024\\\/06\\\/Aubange.png\",\"contentUrl\":\"https:\\\/\\\/www.renouvelle.be\\\/wp-content\\\/uploads\\\/2024\\\/06\\\/Aubange.png\",\"width\":1468,\"height\":862,\"caption\":\"CERSA communaut\u00e9 \u00e9nergie renouvelable Wallonie\"},{\"@type\":\"BreadcrumbList\",\"@id\":\"https:\\\/\\\/www.renouvelle.be\\\/fr\\\/communaute-energie-renouvelable-a-aubange-une-premiere-en-wallonie\\\/#breadcrumb\",\"itemListElement\":[{\"@type\":\"ListItem\",\"position\":1,\"name\":\"Accueil\",\"item\":\"https:\\\/\\\/www.renouvelle.be\\\/fr\\\/\"},{\"@type\":\"ListItem\",\"position\":2,\"name\":\"Communaut\u00e9 d&rsquo;\u00e9nergie renouvelable \u00e0 Aubange : une premi\u00e8re en Wallonie\"}]},{\"@type\":\"WebSite\",\"@id\":\"https:\\\/\\\/www.renouvelle.be\\\/fr\\\/#website\",\"url\":\"https:\\\/\\\/www.renouvelle.be\\\/fr\\\/\",\"name\":\"Renouvelle\",\"description\":\"L&#039;actualit\u00e9 de l&#039;\u00e9nergie durable\",\"potentialAction\":[{\"@type\":\"SearchAction\",\"target\":{\"@type\":\"EntryPoint\",\"urlTemplate\":\"https:\\\/\\\/www.renouvelle.be\\\/fr\\\/?s={search_term_string}\"},\"query-input\":{\"@type\":\"PropertyValueSpecification\",\"valueRequired\":true,\"valueName\":\"search_term_string\"}}],\"inLanguage\":\"fr-FR\"},{\"@type\":\"Person\",\"@id\":\"https:\\\/\\\/www.renouvelle.be\\\/fr\\\/#\\\/schema\\\/person\\\/96868a7626a6f3bc5a1161742c280ef4\",\"name\":\"Energie Commune\",\"url\":\"https:\\\/\\\/www.renouvelle.be\\\/fr\\\/author\\\/energiecommune\\\/\"}]}<\/script>\n<!-- \/ Yoast SEO plugin. -->","yoast_head_json":{"title":"Communaut\u00e9 d'\u00e9nergie renouvelable \u00e0 Aubange : une premi\u00e8re en Wallonie - Renouvelle","description":"La Wallonie voit na\u00eetre sa premi\u00e8re communaut\u00e9 d'\u00e9nergie renouvelable et c'est dans la ville d'Aubange que cela se passe.","robots":{"index":"index","follow":"follow","max-snippet":"max-snippet:-1","max-image-preview":"max-image-preview:large","max-video-preview":"max-video-preview:-1"},"canonical":"https:\/\/www.renouvelle.be\/fr\/communaute-energie-renouvelable-a-aubange-une-premiere-en-wallonie\/","og_locale":"fr_FR","og_type":"article","og_title":"Communaut\u00e9 d'\u00e9nergie renouvelable \u00e0 Aubange : une premi\u00e8re en Wallonie - Renouvelle","og_description":"La Wallonie voit na\u00eetre sa premi\u00e8re communaut\u00e9 d'\u00e9nergie renouvelable et c'est dans la ville d'Aubange que cela se passe.","og_url":"https:\/\/www.renouvelle.be\/fr\/communaute-energie-renouvelable-a-aubange-une-premiere-en-wallonie\/","og_site_name":"Renouvelle","article_published_time":"2024-06-21T09:38:15+00:00","article_modified_time":"2025-01-17T09:26:32+00:00","og_image":[{"width":1468,"height":862,"url":"https:\/\/www.renouvelle.be\/wp-content\/uploads\/2024\/06\/Aubange.png","type":"image\/png"}],"author":"Energie Commune","twitter_card":"summary_large_image","schema":{"@context":"https:\/\/schema.org","@graph":[{"@type":"Article","@id":"https:\/\/www.renouvelle.be\/fr\/communaute-energie-renouvelable-a-aubange-une-premiere-en-wallonie\/#article","isPartOf":{"@id":"https:\/\/www.renouvelle.be\/fr\/communaute-energie-renouvelable-a-aubange-une-premiere-en-wallonie\/"},"author":{"name":"Energie Commune","@id":"https:\/\/www.renouvelle.be\/fr\/#\/schema\/person\/96868a7626a6f3bc5a1161742c280ef4"},"headline":"Communaut\u00e9 d&rsquo;\u00e9nergie renouvelable \u00e0 Aubange : une premi\u00e8re en Wallonie","datePublished":"2024-06-21T09:38:15+00:00","dateModified":"2025-01-17T09:26:32+00:00","mainEntityOfPage":{"@id":"https:\/\/www.renouvelle.be\/fr\/communaute-energie-renouvelable-a-aubange-une-premiere-en-wallonie\/"},"wordCount":495,"image":{"@id":"https:\/\/www.renouvelle.be\/fr\/communaute-energie-renouvelable-a-aubange-une-premiere-en-wallonie\/#primaryimage"},"thumbnailUrl":"https:\/\/www.renouvelle.be\/wp-content\/uploads\/2024\/06\/Aubange.png","articleSection":["Actualit\u00e9 en Belgique"],"inLanguage":"fr-FR"},{"@type":"WebPage","@id":"https:\/\/www.renouvelle.be\/fr\/communaute-energie-renouvelable-a-aubange-une-premiere-en-wallonie\/","url":"https:\/\/www.renouvelle.be\/fr\/communaute-energie-renouvelable-a-aubange-une-premiere-en-wallonie\/","name":"Communaut\u00e9 d'\u00e9nergie renouvelable \u00e0 Aubange : une premi\u00e8re en Wallonie - Renouvelle","isPartOf":{"@id":"https:\/\/www.renouvelle.be\/fr\/#website"},"primaryImageOfPage":{"@id":"https:\/\/www.renouvelle.be\/fr\/communaute-energie-renouvelable-a-aubange-une-premiere-en-wallonie\/#primaryimage"},"image":{"@id":"https:\/\/www.renouvelle.be\/fr\/communaute-energie-renouvelable-a-aubange-une-premiere-en-wallonie\/#primaryimage"},"thumbnailUrl":"https:\/\/www.renouvelle.be\/wp-content\/uploads\/2024\/06\/Aubange.png","datePublished":"2024-06-21T09:38:15+00:00","dateModified":"2025-01-17T09:26:32+00:00","author":{"@id":"https:\/\/www.renouvelle.be\/fr\/#\/schema\/person\/96868a7626a6f3bc5a1161742c280ef4"},"description":"La Wallonie voit na\u00eetre sa premi\u00e8re communaut\u00e9 d'\u00e9nergie renouvelable et c'est dans la ville d'Aubange que cela se passe.","breadcrumb":{"@id":"https:\/\/www.renouvelle.be\/fr\/communaute-energie-renouvelable-a-aubange-une-premiere-en-wallonie\/#breadcrumb"},"inLanguage":"fr-FR","potentialAction":[{"@type":"ReadAction","target":["https:\/\/www.renouvelle.be\/fr\/communaute-energie-renouvelable-a-aubange-une-premiere-en-wallonie\/"]}]},{"@type":"ImageObject","inLanguage":"fr-FR","@id":"https:\/\/www.renouvelle.be\/fr\/communaute-energie-renouvelable-a-aubange-une-premiere-en-wallonie\/#primaryimage","url":"https:\/\/www.renouvelle.be\/wp-content\/uploads\/2024\/06\/Aubange.png","contentUrl":"https:\/\/www.renouvelle.be\/wp-content\/uploads\/2024\/06\/Aubange.png","width":1468,"height":862,"caption":"CERSA communaut\u00e9 \u00e9nergie renouvelable Wallonie"},{"@type":"BreadcrumbList","@id":"https:\/\/www.renouvelle.be\/fr\/communaute-energie-renouvelable-a-aubange-une-premiere-en-wallonie\/#breadcrumb","itemListElement":[{"@type":"ListItem","position":1,"name":"Accueil","item":"https:\/\/www.renouvelle.be\/fr\/"},{"@type":"ListItem","position":2,"name":"Communaut\u00e9 d&rsquo;\u00e9nergie renouvelable \u00e0 Aubange : une premi\u00e8re en Wallonie"}]},{"@type":"WebSite","@id":"https:\/\/www.renouvelle.be\/fr\/#website","url":"https:\/\/www.renouvelle.be\/fr\/","name":"Renouvelle","description":"L&#039;actualit\u00e9 de l&#039;\u00e9nergie durable","potentialAction":[{"@type":"SearchAction","target":{"@type":"EntryPoint","urlTemplate":"https:\/\/www.renouvelle.be\/fr\/?s={search_term_string}"},"query-input":{"@type":"PropertyValueSpecification","valueRequired":true,"valueName":"search_term_string"}}],"inLanguage":"fr-FR"},{"@type":"Person","@id":"https:\/\/www.renouvelle.be\/fr\/#\/schema\/person\/96868a7626a6f3bc5a1161742c280ef4","name":"Energie Commune","url":"https:\/\/www.renouvelle.be\/fr\/author\/energiecommune\/"}]}},"_links":{"self":[{"href":"https:\/\/www.renouvelle.be\/fr\/wp-json\/wp\/v2\/posts\/13250","targetHints":{"allow":["GET"]}}],"collection":[{"href":"https:\/\/www.renouvelle.be\/fr\/wp-json\/wp\/v2\/posts"}],"about":[{"href":"https:\/\/www.renouvelle.be\/fr\/wp-json\/wp\/v2\/types\/post"}],"author":[{"embeddable":true,"href":"https:\/\/www.renouvelle.be\/fr\/wp-json\/wp\/v2\/users\/37"}],"replies":[{"embeddable":true,"href":"https:\/\/www.renouvelle.be\/fr\/wp-json\/wp\/v2\/comments?post=13250"}],"version-history":[{"count":10,"href":"https:\/\/www.renouvelle.be\/fr\/wp-json\/wp\/v2\/posts\/13250\/revisions"}],"predecessor-version":[{"id":14605,"href":"https:\/\/www.renouvelle.be\/fr\/wp-json\/wp\/v2\/posts\/13250\/revisions\/14605"}],"wp:featuredmedia":[{"embeddable":true,"href":"https:\/\/www.renouvelle.be\/fr\/wp-json\/wp\/v2\/media\/13268"}],"wp:attachment":[{"href":"https:\/\/www.renouvelle.be\/fr\/wp-json\/wp\/v2\/media?parent=13250"}],"wp:term":[{"taxonomy":"category","embeddable":true,"href":"https:\/\/www.renouvelle.be\/fr\/wp-json\/wp\/v2\/categories?post=13250"},{"taxonomy":"post_tag","embeddable":true,"href":"https:\/\/www.renouvelle.be\/fr\/wp-json\/wp\/v2\/tags?post=13250"},{"taxonomy":"section","embeddable":true,"href":"https:\/\/www.renouvelle.be\/fr\/wp-json\/wp\/v2\/section?post=13250"}],"curies":[{"name":"wp","href":"https:\/\/api.w.org\/{rel}","templated":true}]}}