{"id":13223,"date":"2024-06-13T15:03:47","date_gmt":"2024-06-13T13:03:47","guid":{"rendered":"https:\/\/www.renouvelle.be\/?p=13223"},"modified":"2024-06-13T15:03:55","modified_gmt":"2024-06-13T13:03:55","slug":"lenergie-eolienne-file-comme-le-vent-en-europe-et-dans-le-monde","status":"publish","type":"post","link":"https:\/\/www.renouvelle.be\/fr\/lenergie-eolienne-file-comme-le-vent-en-europe-et-dans-le-monde\/","title":{"rendered":"L&rsquo;\u00e9nergie \u00e9olienne file comme le vent en Europe et dans le monde"},"content":{"rendered":"\n<p>Il y a deux ans, l\u2019Union europ\u00e9enne lan\u00e7ait REPowerEU, une politique en r\u00e9ponse au chantage \u00e9nerg\u00e9tique de la Russie suite au conflit en Ukraine. Chantage qui, comme on le sait, a entra\u00een\u00e9 une importante crise des prix de l\u2019\u00e9nergie et menac\u00e9 son approvisionnement. REPowerEU a donc \u00e9t\u00e9 une riposte de l\u2019Union europ\u00e9enne pour reprendre la main sur son ind\u00e9pendance \u00e9nerg\u00e9tique.<\/p>\n\n\n\n<p>Gr\u00e2ce \u00e0 cette politique visant, entre autres, \u00e0 acc\u00e9l\u00e9rer le d\u00e9veloppement des \u00e9nergies renouvelables, les octrois de permis pour les parcs \u00e9oliens ont vu leur cadence acc\u00e9l\u00e9rer. Avec quels r\u00e9sultats&nbsp;? Une part de 19% dans le mix \u00e9lectrique de l\u2019UE, soit 5% de plus qu\u2019en 2021 et une production annuelle d\u2019\u00e9nergie \u00e9olienne qui passe de 375 TWh \u00e0 466 TWh. Un boost \u00e9olien qui a \u00e9vit\u00e9 119 millions de tonnes d\u2019\u00e9missions CO<sub>2<\/sub>, l\u2019ann\u00e9e pass\u00e9e.<\/p>\n\n\n\n<p>D\u00e9sormais, l\u2019industrie \u00e9olienne contribue \u00e0 hauteur de 52 milliards d\u2019euros au PIB de l\u2019UE et repr\u00e9sente 300 000 emplois dans le secteur. Des chiffres qui poursuivront leur croissance \u00e9tant donn\u00e9 l\u2019ambition de l\u2019UE de voir l\u2019\u00e9nergie \u00e9olienne atteindre 35% de son mix \u00e9lectrique d\u2019ici 2030, et plus de la moiti\u00e9 d\u2019ici 2050.<\/p>\n\n\n\n<p><strong>Un succ\u00e8s qui ne se d\u00e9ment pas<\/strong><\/p>\n\n\n\n<p>En 2023, l\u2019Europe avait install\u00e9 <a href=\"https:\/\/www.renouvelle.be\/fr\/18-gw-capacite-eolienne-installee-europe-2023\/\" target=\"_blank\" rel=\"noreferrer noopener\">une capacit\u00e9 suppl\u00e9mentaire de 18 GW<\/a> (dont 14,5 GW d\u2019\u00e9olien onshore), comptabilisant alors un total de 272 GW. Une trajectoire qui n\u2019est pas pr\u00e8s de s\u2019arr\u00eater si l\u2019on en croit quelques exemples de projets futurs.<\/p>\n\n\n\n<p>Au Danemark, c\u2019est un important appel d\u2019offres qui a \u00e9t\u00e9 lanc\u00e9 pour l\u2019installation de parcs \u00e9oliens offshore. Ces parcs cumuleront une puissance install\u00e9e de 6 GW qui viendront s\u2019ajouter aux 2,7 GW actuels. Mais d\u00e9j\u00e0 1 GW suppl\u00e9mentaire viendra s\u2019ajouter en 2027. Le parc devrait \u00eatre mis en service en 2030. Les Pays-Bas, quant \u00e0 eux, viennent de se voir attribu\u00e9&nbsp;4 GW d\u2019\u00e9olien en mer, divis\u00e9s en 2 parcs pour une mise en service en 2029.<\/p>\n\n\n\n<p>Plus au sud, la Gr\u00e8ce s\u2019imagine bien comme l\u2019exportateur d\u2019\u00e9nergie verte en Europe avec 12 GW de puissance install\u00e9e dans les 20 prochaines ann\u00e9es. N\u2019oublions pas les projets <a href=\"https:\/\/www.renouvelle.be\/fr\/un-premier-parc-eolien-flottant-commercial-en-bretagne\/\" target=\"_blank\" rel=\"noreferrer noopener\">d\u2019\u00e9olien flottant<\/a> qui se d\u00e9veloppe un peu partout au large des c\u00f4tes du continent.<\/p>\n\n\n\n<p>Mais cet enthousiasme est mondial&nbsp;puisque, d\u2019apr\u00e8s le <a href=\"https:\/\/gwec.net\/global-wind-report-2024\/\" target=\"_blank\" rel=\"noreferrer noopener\">Global Wind Energy Council<\/a>, c\u2019est environ 117 GW suppl\u00e9mentaires qui ont \u00e9t\u00e9 install\u00e9s l\u2019ann\u00e9e pass\u00e9e, soit une hausse de 50% par rapport \u00e0 2022.<\/p>\n\n\n\n<p>Autant d&rsquo;indicateurs d&rsquo;un bel envol assur\u00e9 pour l&rsquo;\u00e9nergie \u00e9olienne.<\/p>\n","protected":false},"excerpt":{"rendered":"<p>Il y a deux ans, l\u2019Union europ\u00e9enne lan\u00e7ait REPowerEU, une politique en r\u00e9ponse au chantage \u00e9nerg\u00e9tique de la Russie suite au conflit en Ukraine. Chantage qui, comme on le sait, a entra\u00een\u00e9 une importante crise des prix de l\u2019\u00e9nergie et menac\u00e9 son approvisionnement. REPowerEU a donc \u00e9t\u00e9 une riposte de l\u2019Union europ\u00e9enne pour reprendre la main sur son ind\u00e9pendance \u00e9nerg\u00e9tique. Gr\u00e2ce \u00e0 cette politique visant, entre autres, \u00e0 acc\u00e9l\u00e9rer le d\u00e9veloppement des \u00e9nergies renouvelables, les octrois de permis pour les parcs \u00e9oliens ont vu leur cadence acc\u00e9l\u00e9rer. Avec quels r\u00e9sultats&nbsp;? Une part de 19% dans le mix \u00e9lectrique de l\u2019UE, soit 5% de plus qu\u2019en 2021 et une production annuelle d\u2019\u00e9nergie \u00e9olienne qui passe de 375 TWh \u00e0 466 TWh. Un boost \u00e9olien qui a \u00e9vit\u00e9 119 millions de tonnes d\u2019\u00e9missions CO2, l\u2019ann\u00e9e pass\u00e9e. D\u00e9sormais, l\u2019industrie \u00e9olienne contribue \u00e0 hauteur de 52 milliards d\u2019euros au PIB de l\u2019UE et repr\u00e9sente 300 000 emplois dans le secteur. Des chiffres qui poursuivront leur croissance \u00e9tant donn\u00e9 l\u2019ambition de l\u2019UE de voir l\u2019\u00e9nergie \u00e9olienne atteindre 35% de son mix \u00e9lectrique d\u2019ici 2030, et plus de la moiti\u00e9 d\u2019ici 2050. Un succ\u00e8s qui ne se d\u00e9ment pas En 2023, l\u2019Europe avait install\u00e9 une capacit\u00e9 suppl\u00e9mentaire de 18 GW (dont 14,5 GW d\u2019\u00e9olien onshore), comptabilisant alors un total de 272 GW. Une trajectoire qui n\u2019est pas pr\u00e8s de s\u2019arr\u00eater si l\u2019on en croit quelques exemples de projets futurs. Au Danemark, c\u2019est un important appel d\u2019offres qui a \u00e9t\u00e9 lanc\u00e9 pour l\u2019installation de parcs \u00e9oliens offshore. Ces parcs cumuleront une puissance install\u00e9e de 6 GW qui viendront s\u2019ajouter aux 2,7 GW actuels. Mais d\u00e9j\u00e0 1 GW suppl\u00e9mentaire viendra s\u2019ajouter en 2027. Le parc devrait \u00eatre mis en service en 2030. Les Pays-Bas, quant \u00e0 eux, viennent &hellip; <a href=\"https:\/\/www.renouvelle.be\/fr\/lenergie-eolienne-file-comme-le-vent-en-europe-et-dans-le-monde\/\" class=\"more-link\">Continue reading<span class=\"screen-reader-text\"> \u00ab\u00a0L&rsquo;\u00e9nergie \u00e9olienne file comme le vent en Europe et dans le monde\u00a0\u00bb<\/span><\/a><\/p>\n","protected":false},"author":38,"featured_media":13225,"comment_status":"closed","ping_status":"closed","sticky":false,"template":"","format":"standard","meta":{"_acf_changed":false,"footnotes":""},"categories":[16],"tags":[],"section":[6],"class_list":["post-13223","post","type-post","status-publish","format-standard","has-post-thumbnail","hentry","category-actualite","section-eolien"],"acf":[],"yoast_head":"<!-- This site is optimized with the Yoast SEO plugin v27.5 - https:\/\/yoast.com\/product\/yoast-seo-wordpress\/ -->\n<title>L&#039;\u00e9nergie \u00e9olienne file comme le vent en Europe et dans le monde - Renouvelle<\/title>\n<meta name=\"description\" content=\"Les vents porteurs de l&#039;\u00e9nergie \u00e9olienne continuent d&#039;en faire envoler ses chiffres qui progressent en Europe et dans le monde.\" \/>\n<meta name=\"robots\" content=\"index, follow, max-snippet:-1, max-image-preview:large, max-video-preview:-1\" \/>\n<link rel=\"canonical\" href=\"https:\/\/www.renouvelle.be\/fr\/lenergie-eolienne-file-comme-le-vent-en-europe-et-dans-le-monde\/\" \/>\n<meta property=\"og:locale\" content=\"fr_FR\" \/>\n<meta property=\"og:type\" content=\"article\" \/>\n<meta property=\"og:title\" content=\"L&#039;\u00e9nergie \u00e9olienne file comme le vent en Europe et dans le monde - Renouvelle\" \/>\n<meta property=\"og:description\" content=\"Les vents porteurs de l&#039;\u00e9nergie \u00e9olienne continuent d&#039;en faire envoler ses chiffres qui progressent en Europe et dans le monde.\" \/>\n<meta property=\"og:url\" content=\"https:\/\/www.renouvelle.be\/fr\/lenergie-eolienne-file-comme-le-vent-en-europe-et-dans-le-monde\/\" \/>\n<meta property=\"og:site_name\" content=\"Renouvelle\" \/>\n<meta property=\"article:published_time\" content=\"2024-06-13T13:03:47+00:00\" \/>\n<meta property=\"article:modified_time\" content=\"2024-06-13T13:03:55+00:00\" \/>\n<meta property=\"og:image\" content=\"https:\/\/www.renouvelle.be\/wp-content\/uploads\/2024\/06\/pexels-harrycunningham-3619870-scaled.jpg\" \/>\n\t<meta property=\"og:image:width\" content=\"2560\" \/>\n\t<meta property=\"og:image:height\" content=\"1707\" \/>\n\t<meta property=\"og:image:type\" content=\"image\/jpeg\" \/>\n<meta name=\"author\" content=\"Samuel Alves\" \/>\n<meta name=\"twitter:card\" content=\"summary_large_image\" \/>\n<script type=\"application\/ld+json\" class=\"yoast-schema-graph\">{\"@context\":\"https:\\\/\\\/schema.org\",\"@graph\":[{\"@type\":\"Article\",\"@id\":\"https:\\\/\\\/www.renouvelle.be\\\/fr\\\/lenergie-eolienne-file-comme-le-vent-en-europe-et-dans-le-monde\\\/#article\",\"isPartOf\":{\"@id\":\"https:\\\/\\\/www.renouvelle.be\\\/fr\\\/lenergie-eolienne-file-comme-le-vent-en-europe-et-dans-le-monde\\\/\"},\"author\":{\"name\":\"Samuel Alves\",\"@id\":\"https:\\\/\\\/www.renouvelle.be\\\/fr\\\/#\\\/schema\\\/person\\\/9d743366fb269eeceaa8d60e98d289d3\"},\"headline\":\"L&rsquo;\u00e9nergie \u00e9olienne file comme le vent en Europe et dans le monde\",\"datePublished\":\"2024-06-13T13:03:47+00:00\",\"dateModified\":\"2024-06-13T13:03:55+00:00\",\"mainEntityOfPage\":{\"@id\":\"https:\\\/\\\/www.renouvelle.be\\\/fr\\\/lenergie-eolienne-file-comme-le-vent-en-europe-et-dans-le-monde\\\/\"},\"wordCount\":450,\"image\":{\"@id\":\"https:\\\/\\\/www.renouvelle.be\\\/fr\\\/lenergie-eolienne-file-comme-le-vent-en-europe-et-dans-le-monde\\\/#primaryimage\"},\"thumbnailUrl\":\"https:\\\/\\\/www.renouvelle.be\\\/wp-content\\\/uploads\\\/2024\\\/06\\\/pexels-harrycunningham-3619870-scaled.jpg\",\"articleSection\":[\"Actualit\u00e9\"],\"inLanguage\":\"fr-FR\"},{\"@type\":\"WebPage\",\"@id\":\"https:\\\/\\\/www.renouvelle.be\\\/fr\\\/lenergie-eolienne-file-comme-le-vent-en-europe-et-dans-le-monde\\\/\",\"url\":\"https:\\\/\\\/www.renouvelle.be\\\/fr\\\/lenergie-eolienne-file-comme-le-vent-en-europe-et-dans-le-monde\\\/\",\"name\":\"L'\u00e9nergie \u00e9olienne file comme le vent en Europe et dans le monde - Renouvelle\",\"isPartOf\":{\"@id\":\"https:\\\/\\\/www.renouvelle.be\\\/fr\\\/#website\"},\"primaryImageOfPage\":{\"@id\":\"https:\\\/\\\/www.renouvelle.be\\\/fr\\\/lenergie-eolienne-file-comme-le-vent-en-europe-et-dans-le-monde\\\/#primaryimage\"},\"image\":{\"@id\":\"https:\\\/\\\/www.renouvelle.be\\\/fr\\\/lenergie-eolienne-file-comme-le-vent-en-europe-et-dans-le-monde\\\/#primaryimage\"},\"thumbnailUrl\":\"https:\\\/\\\/www.renouvelle.be\\\/wp-content\\\/uploads\\\/2024\\\/06\\\/pexels-harrycunningham-3619870-scaled.jpg\",\"datePublished\":\"2024-06-13T13:03:47+00:00\",\"dateModified\":\"2024-06-13T13:03:55+00:00\",\"author\":{\"@id\":\"https:\\\/\\\/www.renouvelle.be\\\/fr\\\/#\\\/schema\\\/person\\\/9d743366fb269eeceaa8d60e98d289d3\"},\"description\":\"Les vents porteurs de l'\u00e9nergie \u00e9olienne continuent d'en faire envoler ses chiffres qui progressent en Europe et dans le monde.\",\"breadcrumb\":{\"@id\":\"https:\\\/\\\/www.renouvelle.be\\\/fr\\\/lenergie-eolienne-file-comme-le-vent-en-europe-et-dans-le-monde\\\/#breadcrumb\"},\"inLanguage\":\"fr-FR\",\"potentialAction\":[{\"@type\":\"ReadAction\",\"target\":[\"https:\\\/\\\/www.renouvelle.be\\\/fr\\\/lenergie-eolienne-file-comme-le-vent-en-europe-et-dans-le-monde\\\/\"]}]},{\"@type\":\"ImageObject\",\"inLanguage\":\"fr-FR\",\"@id\":\"https:\\\/\\\/www.renouvelle.be\\\/fr\\\/lenergie-eolienne-file-comme-le-vent-en-europe-et-dans-le-monde\\\/#primaryimage\",\"url\":\"https:\\\/\\\/www.renouvelle.be\\\/wp-content\\\/uploads\\\/2024\\\/06\\\/pexels-harrycunningham-3619870-scaled.jpg\",\"contentUrl\":\"https:\\\/\\\/www.renouvelle.be\\\/wp-content\\\/uploads\\\/2024\\\/06\\\/pexels-harrycunningham-3619870-scaled.jpg\",\"width\":2560,\"height\":1707,\"caption\":\"\u00e9nergie \u00e9olienne\"},{\"@type\":\"BreadcrumbList\",\"@id\":\"https:\\\/\\\/www.renouvelle.be\\\/fr\\\/lenergie-eolienne-file-comme-le-vent-en-europe-et-dans-le-monde\\\/#breadcrumb\",\"itemListElement\":[{\"@type\":\"ListItem\",\"position\":1,\"name\":\"Accueil\",\"item\":\"https:\\\/\\\/www.renouvelle.be\\\/fr\\\/\"},{\"@type\":\"ListItem\",\"position\":2,\"name\":\"L&rsquo;\u00e9nergie \u00e9olienne file comme le vent en Europe et dans le monde\"}]},{\"@type\":\"WebSite\",\"@id\":\"https:\\\/\\\/www.renouvelle.be\\\/fr\\\/#website\",\"url\":\"https:\\\/\\\/www.renouvelle.be\\\/fr\\\/\",\"name\":\"Renouvelle\",\"description\":\"L&#039;actualit\u00e9 de l&#039;\u00e9nergie durable\",\"potentialAction\":[{\"@type\":\"SearchAction\",\"target\":{\"@type\":\"EntryPoint\",\"urlTemplate\":\"https:\\\/\\\/www.renouvelle.be\\\/fr\\\/?s={search_term_string}\"},\"query-input\":{\"@type\":\"PropertyValueSpecification\",\"valueRequired\":true,\"valueName\":\"search_term_string\"}}],\"inLanguage\":\"fr-FR\"},{\"@type\":\"Person\",\"@id\":\"https:\\\/\\\/www.renouvelle.be\\\/fr\\\/#\\\/schema\\\/person\\\/9d743366fb269eeceaa8d60e98d289d3\",\"name\":\"Samuel Alves\",\"url\":\"https:\\\/\\\/www.renouvelle.be\\\/fr\\\/author\\\/salves\\\/\"}]}<\/script>\n<!-- \/ Yoast SEO plugin. -->","yoast_head_json":{"title":"L'\u00e9nergie \u00e9olienne file comme le vent en Europe et dans le monde - Renouvelle","description":"Les vents porteurs de l'\u00e9nergie \u00e9olienne continuent d'en faire envoler ses chiffres qui progressent en Europe et dans le monde.","robots":{"index":"index","follow":"follow","max-snippet":"max-snippet:-1","max-image-preview":"max-image-preview:large","max-video-preview":"max-video-preview:-1"},"canonical":"https:\/\/www.renouvelle.be\/fr\/lenergie-eolienne-file-comme-le-vent-en-europe-et-dans-le-monde\/","og_locale":"fr_FR","og_type":"article","og_title":"L'\u00e9nergie \u00e9olienne file comme le vent en Europe et dans le monde - Renouvelle","og_description":"Les vents porteurs de l'\u00e9nergie \u00e9olienne continuent d'en faire envoler ses chiffres qui progressent en Europe et dans le monde.","og_url":"https:\/\/www.renouvelle.be\/fr\/lenergie-eolienne-file-comme-le-vent-en-europe-et-dans-le-monde\/","og_site_name":"Renouvelle","article_published_time":"2024-06-13T13:03:47+00:00","article_modified_time":"2024-06-13T13:03:55+00:00","og_image":[{"width":2560,"height":1707,"url":"https:\/\/www.renouvelle.be\/wp-content\/uploads\/2024\/06\/pexels-harrycunningham-3619870-scaled.jpg","type":"image\/jpeg"}],"author":"Samuel Alves","twitter_card":"summary_large_image","schema":{"@context":"https:\/\/schema.org","@graph":[{"@type":"Article","@id":"https:\/\/www.renouvelle.be\/fr\/lenergie-eolienne-file-comme-le-vent-en-europe-et-dans-le-monde\/#article","isPartOf":{"@id":"https:\/\/www.renouvelle.be\/fr\/lenergie-eolienne-file-comme-le-vent-en-europe-et-dans-le-monde\/"},"author":{"name":"Samuel Alves","@id":"https:\/\/www.renouvelle.be\/fr\/#\/schema\/person\/9d743366fb269eeceaa8d60e98d289d3"},"headline":"L&rsquo;\u00e9nergie \u00e9olienne file comme le vent en Europe et dans le monde","datePublished":"2024-06-13T13:03:47+00:00","dateModified":"2024-06-13T13:03:55+00:00","mainEntityOfPage":{"@id":"https:\/\/www.renouvelle.be\/fr\/lenergie-eolienne-file-comme-le-vent-en-europe-et-dans-le-monde\/"},"wordCount":450,"image":{"@id":"https:\/\/www.renouvelle.be\/fr\/lenergie-eolienne-file-comme-le-vent-en-europe-et-dans-le-monde\/#primaryimage"},"thumbnailUrl":"https:\/\/www.renouvelle.be\/wp-content\/uploads\/2024\/06\/pexels-harrycunningham-3619870-scaled.jpg","articleSection":["Actualit\u00e9"],"inLanguage":"fr-FR"},{"@type":"WebPage","@id":"https:\/\/www.renouvelle.be\/fr\/lenergie-eolienne-file-comme-le-vent-en-europe-et-dans-le-monde\/","url":"https:\/\/www.renouvelle.be\/fr\/lenergie-eolienne-file-comme-le-vent-en-europe-et-dans-le-monde\/","name":"L'\u00e9nergie \u00e9olienne file comme le vent en Europe et dans le monde - Renouvelle","isPartOf":{"@id":"https:\/\/www.renouvelle.be\/fr\/#website"},"primaryImageOfPage":{"@id":"https:\/\/www.renouvelle.be\/fr\/lenergie-eolienne-file-comme-le-vent-en-europe-et-dans-le-monde\/#primaryimage"},"image":{"@id":"https:\/\/www.renouvelle.be\/fr\/lenergie-eolienne-file-comme-le-vent-en-europe-et-dans-le-monde\/#primaryimage"},"thumbnailUrl":"https:\/\/www.renouvelle.be\/wp-content\/uploads\/2024\/06\/pexels-harrycunningham-3619870-scaled.jpg","datePublished":"2024-06-13T13:03:47+00:00","dateModified":"2024-06-13T13:03:55+00:00","author":{"@id":"https:\/\/www.renouvelle.be\/fr\/#\/schema\/person\/9d743366fb269eeceaa8d60e98d289d3"},"description":"Les vents porteurs de l'\u00e9nergie \u00e9olienne continuent d'en faire envoler ses chiffres qui progressent en Europe et dans le monde.","breadcrumb":{"@id":"https:\/\/www.renouvelle.be\/fr\/lenergie-eolienne-file-comme-le-vent-en-europe-et-dans-le-monde\/#breadcrumb"},"inLanguage":"fr-FR","potentialAction":[{"@type":"ReadAction","target":["https:\/\/www.renouvelle.be\/fr\/lenergie-eolienne-file-comme-le-vent-en-europe-et-dans-le-monde\/"]}]},{"@type":"ImageObject","inLanguage":"fr-FR","@id":"https:\/\/www.renouvelle.be\/fr\/lenergie-eolienne-file-comme-le-vent-en-europe-et-dans-le-monde\/#primaryimage","url":"https:\/\/www.renouvelle.be\/wp-content\/uploads\/2024\/06\/pexels-harrycunningham-3619870-scaled.jpg","contentUrl":"https:\/\/www.renouvelle.be\/wp-content\/uploads\/2024\/06\/pexels-harrycunningham-3619870-scaled.jpg","width":2560,"height":1707,"caption":"\u00e9nergie \u00e9olienne"},{"@type":"BreadcrumbList","@id":"https:\/\/www.renouvelle.be\/fr\/lenergie-eolienne-file-comme-le-vent-en-europe-et-dans-le-monde\/#breadcrumb","itemListElement":[{"@type":"ListItem","position":1,"name":"Accueil","item":"https:\/\/www.renouvelle.be\/fr\/"},{"@type":"ListItem","position":2,"name":"L&rsquo;\u00e9nergie \u00e9olienne file comme le vent en Europe et dans le monde"}]},{"@type":"WebSite","@id":"https:\/\/www.renouvelle.be\/fr\/#website","url":"https:\/\/www.renouvelle.be\/fr\/","name":"Renouvelle","description":"L&#039;actualit\u00e9 de l&#039;\u00e9nergie durable","potentialAction":[{"@type":"SearchAction","target":{"@type":"EntryPoint","urlTemplate":"https:\/\/www.renouvelle.be\/fr\/?s={search_term_string}"},"query-input":{"@type":"PropertyValueSpecification","valueRequired":true,"valueName":"search_term_string"}}],"inLanguage":"fr-FR"},{"@type":"Person","@id":"https:\/\/www.renouvelle.be\/fr\/#\/schema\/person\/9d743366fb269eeceaa8d60e98d289d3","name":"Samuel Alves","url":"https:\/\/www.renouvelle.be\/fr\/author\/salves\/"}]}},"_links":{"self":[{"href":"https:\/\/www.renouvelle.be\/fr\/wp-json\/wp\/v2\/posts\/13223","targetHints":{"allow":["GET"]}}],"collection":[{"href":"https:\/\/www.renouvelle.be\/fr\/wp-json\/wp\/v2\/posts"}],"about":[{"href":"https:\/\/www.renouvelle.be\/fr\/wp-json\/wp\/v2\/types\/post"}],"author":[{"embeddable":true,"href":"https:\/\/www.renouvelle.be\/fr\/wp-json\/wp\/v2\/users\/38"}],"replies":[{"embeddable":true,"href":"https:\/\/www.renouvelle.be\/fr\/wp-json\/wp\/v2\/comments?post=13223"}],"version-history":[{"count":7,"href":"https:\/\/www.renouvelle.be\/fr\/wp-json\/wp\/v2\/posts\/13223\/revisions"}],"predecessor-version":[{"id":13238,"href":"https:\/\/www.renouvelle.be\/fr\/wp-json\/wp\/v2\/posts\/13223\/revisions\/13238"}],"wp:featuredmedia":[{"embeddable":true,"href":"https:\/\/www.renouvelle.be\/fr\/wp-json\/wp\/v2\/media\/13225"}],"wp:attachment":[{"href":"https:\/\/www.renouvelle.be\/fr\/wp-json\/wp\/v2\/media?parent=13223"}],"wp:term":[{"taxonomy":"category","embeddable":true,"href":"https:\/\/www.renouvelle.be\/fr\/wp-json\/wp\/v2\/categories?post=13223"},{"taxonomy":"post_tag","embeddable":true,"href":"https:\/\/www.renouvelle.be\/fr\/wp-json\/wp\/v2\/tags?post=13223"},{"taxonomy":"section","embeddable":true,"href":"https:\/\/www.renouvelle.be\/fr\/wp-json\/wp\/v2\/section?post=13223"}],"curies":[{"name":"wp","href":"https:\/\/api.w.org\/{rel}","templated":true}]}}