{"id":13196,"date":"2024-06-10T16:31:53","date_gmt":"2024-06-10T14:31:53","guid":{"rendered":"https:\/\/www.renouvelle.be\/?p=13196"},"modified":"2024-06-10T16:54:40","modified_gmt":"2024-06-10T14:54:40","slug":"la-suisse-sengage-pour-les-energies-renouvelables","status":"publish","type":"post","link":"https:\/\/www.renouvelle.be\/fr\/la-suisse-sengage-pour-les-energies-renouvelables\/","title":{"rendered":"La Suisse s&rsquo;engage pour les \u00e9nergies renouvelables"},"content":{"rendered":"\n<p>Soumis \u00e0 un r\u00e9f\u00e9rendum, le texte a \u00e9t\u00e9 soutenu par 68,7% des votants. Avec cette loi, la Suisse vise un approvisionnement s\u00fbr en \u00e9lectricit\u00e9 qui se repose sur les \u00e9nergies renouvelables. Afin de diminuer sa d\u00e9pendance aux importations, la Suisse compte augmenter la production hydraulique, \u00e9olienne et solaire. L\u2019objectif est de produire, au cours des 10 \u00e0 15 ans \u00e0 venir, plus d\u2019\u00e9lectricit\u00e9 renouvelable en misant sur le photovolta\u00efque et l\u2019hydraulique.<\/p>\n\n\n\n<p><a href=\"https:\/\/www.renouvelle.be\/fr\/toujours-plus-de-photovoltaique-dans-le-monde-en-2023\/\" target=\"_blank\" rel=\"noreferrer noopener\">D\u00e9ployer l\u2019\u00e9nergie solaire<\/a> se fera, d\u2019abord et avant tout, sur les b\u00e2timents. Le texte pr\u00e9voit une obligation pour les nouvelles constructions, d\u2019une surface sup\u00e9rieure \u00e0 300 m\u00b2, d\u2019installer des panneaux solaires sur les toits ou fa\u00e7ades. Si les cantons l\u2019estiment n\u00e9cessaire, ils pourront \u00e9largir cette obligation \u00e0 des surfaces \u00e9gales ou plus petites. Les \u00e9difices administratifs publics devront aussi suivre le mouvement sauf si l\u2019installation est techniquement impossible. La Suisse qui mise d\u00e9sormais sur les \u00e9nergies renouvelables vise une production solaire annuelle de 45 TWh en 2050, assurant 50% de la consommation \u00e9lectrique du pays.<\/p>\n\n\n\n<p>L\u2019hydraulique, qui avait d\u00e9j\u00e0 repr\u00e9sent\u00e9 un peu plus de 56% de la production nationale en 2023, sera \u00e9galement mis \u00e0 l\u2019honneur avec 16 projets suppl\u00e9mentaires dans les ann\u00e9es \u00e0 venir.<\/p>\n\n\n\n<p>Et pour ne rien g\u00e2cher, soulignons que la <a href=\"https:\/\/www.admin.ch\/gov\/fr\/accueil\/documentation\/votations\/20240609\/modification-de-la-loi-sur-l-energie-et-de-la-loi-sur-l-approvisionnement-en-electricite.html\" target=\"_blank\" rel=\"noreferrer noopener\">loi<\/a> soutiendra un renforcement des communaut\u00e9s d\u2019\u00e9nergie ainsi que de son partage.<\/p>\n","protected":false},"excerpt":{"rendered":"<p>Soumis \u00e0 un r\u00e9f\u00e9rendum, le texte a \u00e9t\u00e9 soutenu par 68,7% des votants. Avec cette loi, la Suisse vise un approvisionnement s\u00fbr en \u00e9lectricit\u00e9 qui se repose sur les \u00e9nergies renouvelables. Afin de diminuer sa d\u00e9pendance aux importations, la Suisse compte augmenter la production hydraulique, \u00e9olienne et solaire. L\u2019objectif est de produire, au cours des 10 \u00e0 15 ans \u00e0 venir, plus d\u2019\u00e9lectricit\u00e9 renouvelable en misant sur le photovolta\u00efque et l\u2019hydraulique. D\u00e9ployer l\u2019\u00e9nergie solaire se fera, d\u2019abord et avant tout, sur les b\u00e2timents. Le texte pr\u00e9voit une obligation pour les nouvelles constructions, d\u2019une surface sup\u00e9rieure \u00e0 300 m\u00b2, d\u2019installer des panneaux solaires sur les toits ou fa\u00e7ades. Si les cantons l\u2019estiment n\u00e9cessaire, ils pourront \u00e9largir cette obligation \u00e0 des surfaces \u00e9gales ou plus petites. Les \u00e9difices administratifs publics devront aussi suivre le mouvement sauf si l\u2019installation est techniquement impossible. La Suisse qui mise d\u00e9sormais sur les \u00e9nergies renouvelables vise une production solaire annuelle de 45 TWh en 2050, assurant 50% de la consommation \u00e9lectrique du pays. L\u2019hydraulique, qui avait d\u00e9j\u00e0 repr\u00e9sent\u00e9 un peu plus de 56% de la production nationale en 2023, sera \u00e9galement mis \u00e0 l\u2019honneur avec 16 projets suppl\u00e9mentaires dans les ann\u00e9es \u00e0 venir. Et pour ne rien g\u00e2cher, soulignons que la loi soutiendra un renforcement des communaut\u00e9s d\u2019\u00e9nergie ainsi que de son partage.<\/p>\n","protected":false},"author":38,"featured_media":13198,"comment_status":"closed","ping_status":"closed","sticky":false,"template":"","format":"standard","meta":{"_acf_changed":false,"footnotes":""},"categories":[18],"tags":[],"section":[8],"class_list":["post-13196","post","type-post","status-publish","format-standard","has-post-thumbnail","hentry","category-actualite-internationale","section-energie-renouvelables"],"acf":[],"yoast_head":"<!-- This site is optimized with the Yoast SEO plugin v27.5 - https:\/\/yoast.com\/product\/yoast-seo-wordpress\/ -->\n<title>La Suisse s&#039;engage pour les \u00e9nergies renouvelables - Renouvelle<\/title>\n<meta name=\"description\" content=\"La population Suisse valide la loi sur l&#039;\u00e9lectricit\u00e9 qui mettra les \u00e9nergies renouvelables au centre des futurs d\u00e9veloppements \u00e9nerg\u00e9tiques.\" \/>\n<meta name=\"robots\" content=\"index, follow, max-snippet:-1, max-image-preview:large, max-video-preview:-1\" \/>\n<link rel=\"canonical\" href=\"https:\/\/www.renouvelle.be\/fr\/la-suisse-sengage-pour-les-energies-renouvelables\/\" \/>\n<meta property=\"og:locale\" content=\"fr_FR\" \/>\n<meta property=\"og:type\" content=\"article\" \/>\n<meta property=\"og:title\" content=\"La Suisse s&#039;engage pour les \u00e9nergies renouvelables - Renouvelle\" \/>\n<meta property=\"og:description\" content=\"La population Suisse valide la loi sur l&#039;\u00e9lectricit\u00e9 qui mettra les \u00e9nergies renouvelables au centre des futurs d\u00e9veloppements \u00e9nerg\u00e9tiques.\" \/>\n<meta property=\"og:url\" content=\"https:\/\/www.renouvelle.be\/fr\/la-suisse-sengage-pour-les-energies-renouvelables\/\" \/>\n<meta property=\"og:site_name\" content=\"Renouvelle\" \/>\n<meta property=\"article:published_time\" content=\"2024-06-10T14:31:53+00:00\" \/>\n<meta property=\"article:modified_time\" content=\"2024-06-10T14:54:40+00:00\" \/>\n<meta property=\"og:image\" content=\"https:\/\/www.renouvelle.be\/wp-content\/uploads\/2024\/06\/pexels-allphoto-bangkok-1628521-13608781-scaled-e1718029522592.jpg\" \/>\n\t<meta property=\"og:image:width\" content=\"2560\" \/>\n\t<meta property=\"og:image:height\" content=\"1557\" \/>\n\t<meta property=\"og:image:type\" content=\"image\/jpeg\" \/>\n<meta name=\"author\" content=\"Samuel Alves\" \/>\n<meta name=\"twitter:card\" content=\"summary_large_image\" \/>\n<script type=\"application\/ld+json\" class=\"yoast-schema-graph\">{\"@context\":\"https:\\\/\\\/schema.org\",\"@graph\":[{\"@type\":\"Article\",\"@id\":\"https:\\\/\\\/www.renouvelle.be\\\/fr\\\/la-suisse-sengage-pour-les-energies-renouvelables\\\/#article\",\"isPartOf\":{\"@id\":\"https:\\\/\\\/www.renouvelle.be\\\/fr\\\/la-suisse-sengage-pour-les-energies-renouvelables\\\/\"},\"author\":{\"name\":\"Samuel Alves\",\"@id\":\"https:\\\/\\\/www.renouvelle.be\\\/fr\\\/#\\\/schema\\\/person\\\/9d743366fb269eeceaa8d60e98d289d3\"},\"headline\":\"La Suisse s&rsquo;engage pour les \u00e9nergies renouvelables\",\"datePublished\":\"2024-06-10T14:31:53+00:00\",\"dateModified\":\"2024-06-10T14:54:40+00:00\",\"mainEntityOfPage\":{\"@id\":\"https:\\\/\\\/www.renouvelle.be\\\/fr\\\/la-suisse-sengage-pour-les-energies-renouvelables\\\/\"},\"wordCount\":237,\"image\":{\"@id\":\"https:\\\/\\\/www.renouvelle.be\\\/fr\\\/la-suisse-sengage-pour-les-energies-renouvelables\\\/#primaryimage\"},\"thumbnailUrl\":\"https:\\\/\\\/www.renouvelle.be\\\/wp-content\\\/uploads\\\/2024\\\/06\\\/pexels-allphoto-bangkok-1628521-13608781-scaled-e1718029522592.jpg\",\"articleSection\":[\"Actualit\u00e9 internationale\"],\"inLanguage\":\"fr-FR\"},{\"@type\":\"WebPage\",\"@id\":\"https:\\\/\\\/www.renouvelle.be\\\/fr\\\/la-suisse-sengage-pour-les-energies-renouvelables\\\/\",\"url\":\"https:\\\/\\\/www.renouvelle.be\\\/fr\\\/la-suisse-sengage-pour-les-energies-renouvelables\\\/\",\"name\":\"La Suisse s'engage pour les \u00e9nergies renouvelables - Renouvelle\",\"isPartOf\":{\"@id\":\"https:\\\/\\\/www.renouvelle.be\\\/fr\\\/#website\"},\"primaryImageOfPage\":{\"@id\":\"https:\\\/\\\/www.renouvelle.be\\\/fr\\\/la-suisse-sengage-pour-les-energies-renouvelables\\\/#primaryimage\"},\"image\":{\"@id\":\"https:\\\/\\\/www.renouvelle.be\\\/fr\\\/la-suisse-sengage-pour-les-energies-renouvelables\\\/#primaryimage\"},\"thumbnailUrl\":\"https:\\\/\\\/www.renouvelle.be\\\/wp-content\\\/uploads\\\/2024\\\/06\\\/pexels-allphoto-bangkok-1628521-13608781-scaled-e1718029522592.jpg\",\"datePublished\":\"2024-06-10T14:31:53+00:00\",\"dateModified\":\"2024-06-10T14:54:40+00:00\",\"author\":{\"@id\":\"https:\\\/\\\/www.renouvelle.be\\\/fr\\\/#\\\/schema\\\/person\\\/9d743366fb269eeceaa8d60e98d289d3\"},\"description\":\"La population Suisse valide la loi sur l'\u00e9lectricit\u00e9 qui mettra les \u00e9nergies renouvelables au centre des futurs d\u00e9veloppements \u00e9nerg\u00e9tiques.\",\"breadcrumb\":{\"@id\":\"https:\\\/\\\/www.renouvelle.be\\\/fr\\\/la-suisse-sengage-pour-les-energies-renouvelables\\\/#breadcrumb\"},\"inLanguage\":\"fr-FR\",\"potentialAction\":[{\"@type\":\"ReadAction\",\"target\":[\"https:\\\/\\\/www.renouvelle.be\\\/fr\\\/la-suisse-sengage-pour-les-energies-renouvelables\\\/\"]}]},{\"@type\":\"ImageObject\",\"inLanguage\":\"fr-FR\",\"@id\":\"https:\\\/\\\/www.renouvelle.be\\\/fr\\\/la-suisse-sengage-pour-les-energies-renouvelables\\\/#primaryimage\",\"url\":\"https:\\\/\\\/www.renouvelle.be\\\/wp-content\\\/uploads\\\/2024\\\/06\\\/pexels-allphoto-bangkok-1628521-13608781-scaled-e1718029522592.jpg\",\"contentUrl\":\"https:\\\/\\\/www.renouvelle.be\\\/wp-content\\\/uploads\\\/2024\\\/06\\\/pexels-allphoto-bangkok-1628521-13608781-scaled-e1718029522592.jpg\",\"width\":2560,\"height\":1557,\"caption\":\"Suisse \u00e9nergies renouvelables\"},{\"@type\":\"BreadcrumbList\",\"@id\":\"https:\\\/\\\/www.renouvelle.be\\\/fr\\\/la-suisse-sengage-pour-les-energies-renouvelables\\\/#breadcrumb\",\"itemListElement\":[{\"@type\":\"ListItem\",\"position\":1,\"name\":\"Accueil\",\"item\":\"https:\\\/\\\/www.renouvelle.be\\\/fr\\\/\"},{\"@type\":\"ListItem\",\"position\":2,\"name\":\"La Suisse s&rsquo;engage pour les \u00e9nergies renouvelables\"}]},{\"@type\":\"WebSite\",\"@id\":\"https:\\\/\\\/www.renouvelle.be\\\/fr\\\/#website\",\"url\":\"https:\\\/\\\/www.renouvelle.be\\\/fr\\\/\",\"name\":\"Renouvelle\",\"description\":\"L&#039;actualit\u00e9 de l&#039;\u00e9nergie durable\",\"potentialAction\":[{\"@type\":\"SearchAction\",\"target\":{\"@type\":\"EntryPoint\",\"urlTemplate\":\"https:\\\/\\\/www.renouvelle.be\\\/fr\\\/?s={search_term_string}\"},\"query-input\":{\"@type\":\"PropertyValueSpecification\",\"valueRequired\":true,\"valueName\":\"search_term_string\"}}],\"inLanguage\":\"fr-FR\"},{\"@type\":\"Person\",\"@id\":\"https:\\\/\\\/www.renouvelle.be\\\/fr\\\/#\\\/schema\\\/person\\\/9d743366fb269eeceaa8d60e98d289d3\",\"name\":\"Samuel Alves\",\"url\":\"https:\\\/\\\/www.renouvelle.be\\\/fr\\\/author\\\/salves\\\/\"}]}<\/script>\n<!-- \/ Yoast SEO plugin. -->","yoast_head_json":{"title":"La Suisse s'engage pour les \u00e9nergies renouvelables - Renouvelle","description":"La population Suisse valide la loi sur l'\u00e9lectricit\u00e9 qui mettra les \u00e9nergies renouvelables au centre des futurs d\u00e9veloppements \u00e9nerg\u00e9tiques.","robots":{"index":"index","follow":"follow","max-snippet":"max-snippet:-1","max-image-preview":"max-image-preview:large","max-video-preview":"max-video-preview:-1"},"canonical":"https:\/\/www.renouvelle.be\/fr\/la-suisse-sengage-pour-les-energies-renouvelables\/","og_locale":"fr_FR","og_type":"article","og_title":"La Suisse s'engage pour les \u00e9nergies renouvelables - Renouvelle","og_description":"La population Suisse valide la loi sur l'\u00e9lectricit\u00e9 qui mettra les \u00e9nergies renouvelables au centre des futurs d\u00e9veloppements \u00e9nerg\u00e9tiques.","og_url":"https:\/\/www.renouvelle.be\/fr\/la-suisse-sengage-pour-les-energies-renouvelables\/","og_site_name":"Renouvelle","article_published_time":"2024-06-10T14:31:53+00:00","article_modified_time":"2024-06-10T14:54:40+00:00","og_image":[{"width":2560,"height":1557,"url":"https:\/\/www.renouvelle.be\/wp-content\/uploads\/2024\/06\/pexels-allphoto-bangkok-1628521-13608781-scaled-e1718029522592.jpg","type":"image\/jpeg"}],"author":"Samuel Alves","twitter_card":"summary_large_image","schema":{"@context":"https:\/\/schema.org","@graph":[{"@type":"Article","@id":"https:\/\/www.renouvelle.be\/fr\/la-suisse-sengage-pour-les-energies-renouvelables\/#article","isPartOf":{"@id":"https:\/\/www.renouvelle.be\/fr\/la-suisse-sengage-pour-les-energies-renouvelables\/"},"author":{"name":"Samuel Alves","@id":"https:\/\/www.renouvelle.be\/fr\/#\/schema\/person\/9d743366fb269eeceaa8d60e98d289d3"},"headline":"La Suisse s&rsquo;engage pour les \u00e9nergies renouvelables","datePublished":"2024-06-10T14:31:53+00:00","dateModified":"2024-06-10T14:54:40+00:00","mainEntityOfPage":{"@id":"https:\/\/www.renouvelle.be\/fr\/la-suisse-sengage-pour-les-energies-renouvelables\/"},"wordCount":237,"image":{"@id":"https:\/\/www.renouvelle.be\/fr\/la-suisse-sengage-pour-les-energies-renouvelables\/#primaryimage"},"thumbnailUrl":"https:\/\/www.renouvelle.be\/wp-content\/uploads\/2024\/06\/pexels-allphoto-bangkok-1628521-13608781-scaled-e1718029522592.jpg","articleSection":["Actualit\u00e9 internationale"],"inLanguage":"fr-FR"},{"@type":"WebPage","@id":"https:\/\/www.renouvelle.be\/fr\/la-suisse-sengage-pour-les-energies-renouvelables\/","url":"https:\/\/www.renouvelle.be\/fr\/la-suisse-sengage-pour-les-energies-renouvelables\/","name":"La Suisse s'engage pour les \u00e9nergies renouvelables - Renouvelle","isPartOf":{"@id":"https:\/\/www.renouvelle.be\/fr\/#website"},"primaryImageOfPage":{"@id":"https:\/\/www.renouvelle.be\/fr\/la-suisse-sengage-pour-les-energies-renouvelables\/#primaryimage"},"image":{"@id":"https:\/\/www.renouvelle.be\/fr\/la-suisse-sengage-pour-les-energies-renouvelables\/#primaryimage"},"thumbnailUrl":"https:\/\/www.renouvelle.be\/wp-content\/uploads\/2024\/06\/pexels-allphoto-bangkok-1628521-13608781-scaled-e1718029522592.jpg","datePublished":"2024-06-10T14:31:53+00:00","dateModified":"2024-06-10T14:54:40+00:00","author":{"@id":"https:\/\/www.renouvelle.be\/fr\/#\/schema\/person\/9d743366fb269eeceaa8d60e98d289d3"},"description":"La population Suisse valide la loi sur l'\u00e9lectricit\u00e9 qui mettra les \u00e9nergies renouvelables au centre des futurs d\u00e9veloppements \u00e9nerg\u00e9tiques.","breadcrumb":{"@id":"https:\/\/www.renouvelle.be\/fr\/la-suisse-sengage-pour-les-energies-renouvelables\/#breadcrumb"},"inLanguage":"fr-FR","potentialAction":[{"@type":"ReadAction","target":["https:\/\/www.renouvelle.be\/fr\/la-suisse-sengage-pour-les-energies-renouvelables\/"]}]},{"@type":"ImageObject","inLanguage":"fr-FR","@id":"https:\/\/www.renouvelle.be\/fr\/la-suisse-sengage-pour-les-energies-renouvelables\/#primaryimage","url":"https:\/\/www.renouvelle.be\/wp-content\/uploads\/2024\/06\/pexels-allphoto-bangkok-1628521-13608781-scaled-e1718029522592.jpg","contentUrl":"https:\/\/www.renouvelle.be\/wp-content\/uploads\/2024\/06\/pexels-allphoto-bangkok-1628521-13608781-scaled-e1718029522592.jpg","width":2560,"height":1557,"caption":"Suisse \u00e9nergies renouvelables"},{"@type":"BreadcrumbList","@id":"https:\/\/www.renouvelle.be\/fr\/la-suisse-sengage-pour-les-energies-renouvelables\/#breadcrumb","itemListElement":[{"@type":"ListItem","position":1,"name":"Accueil","item":"https:\/\/www.renouvelle.be\/fr\/"},{"@type":"ListItem","position":2,"name":"La Suisse s&rsquo;engage pour les \u00e9nergies renouvelables"}]},{"@type":"WebSite","@id":"https:\/\/www.renouvelle.be\/fr\/#website","url":"https:\/\/www.renouvelle.be\/fr\/","name":"Renouvelle","description":"L&#039;actualit\u00e9 de l&#039;\u00e9nergie durable","potentialAction":[{"@type":"SearchAction","target":{"@type":"EntryPoint","urlTemplate":"https:\/\/www.renouvelle.be\/fr\/?s={search_term_string}"},"query-input":{"@type":"PropertyValueSpecification","valueRequired":true,"valueName":"search_term_string"}}],"inLanguage":"fr-FR"},{"@type":"Person","@id":"https:\/\/www.renouvelle.be\/fr\/#\/schema\/person\/9d743366fb269eeceaa8d60e98d289d3","name":"Samuel Alves","url":"https:\/\/www.renouvelle.be\/fr\/author\/salves\/"}]}},"_links":{"self":[{"href":"https:\/\/www.renouvelle.be\/fr\/wp-json\/wp\/v2\/posts\/13196","targetHints":{"allow":["GET"]}}],"collection":[{"href":"https:\/\/www.renouvelle.be\/fr\/wp-json\/wp\/v2\/posts"}],"about":[{"href":"https:\/\/www.renouvelle.be\/fr\/wp-json\/wp\/v2\/types\/post"}],"author":[{"embeddable":true,"href":"https:\/\/www.renouvelle.be\/fr\/wp-json\/wp\/v2\/users\/38"}],"replies":[{"embeddable":true,"href":"https:\/\/www.renouvelle.be\/fr\/wp-json\/wp\/v2\/comments?post=13196"}],"version-history":[{"count":3,"href":"https:\/\/www.renouvelle.be\/fr\/wp-json\/wp\/v2\/posts\/13196\/revisions"}],"predecessor-version":[{"id":13202,"href":"https:\/\/www.renouvelle.be\/fr\/wp-json\/wp\/v2\/posts\/13196\/revisions\/13202"}],"wp:featuredmedia":[{"embeddable":true,"href":"https:\/\/www.renouvelle.be\/fr\/wp-json\/wp\/v2\/media\/13198"}],"wp:attachment":[{"href":"https:\/\/www.renouvelle.be\/fr\/wp-json\/wp\/v2\/media?parent=13196"}],"wp:term":[{"taxonomy":"category","embeddable":true,"href":"https:\/\/www.renouvelle.be\/fr\/wp-json\/wp\/v2\/categories?post=13196"},{"taxonomy":"post_tag","embeddable":true,"href":"https:\/\/www.renouvelle.be\/fr\/wp-json\/wp\/v2\/tags?post=13196"},{"taxonomy":"section","embeddable":true,"href":"https:\/\/www.renouvelle.be\/fr\/wp-json\/wp\/v2\/section?post=13196"}],"curies":[{"name":"wp","href":"https:\/\/api.w.org\/{rel}","templated":true}]}}