{"id":13170,"date":"2024-06-07T11:47:45","date_gmt":"2024-06-07T09:47:45","guid":{"rendered":"https:\/\/www.renouvelle.be\/?p=13170"},"modified":"2024-06-10T16:34:29","modified_gmt":"2024-06-10T14:34:29","slug":"renocampus-la-renovation-energetique-de-ulb","status":"publish","type":"post","link":"https:\/\/www.renouvelle.be\/fr\/renocampus-la-renovation-energetique-de-ulb\/","title":{"rendered":"RenoCampus : la r\u00e9novation \u00e9nerg\u00e9tique de l\u2019ULB"},"content":{"rendered":"\n<p>Pour lutter contre le r\u00e9chauffement climatique, on le sait, il faudra mettre fin \u00e0 la consommation d\u2019\u00e9nergie fossile. Pour cela, le d\u00e9veloppement des \u00e9nergies renouvelables doit s&rsquo;acc\u00e9l\u00e9rer, bien qu&rsquo;il soit d\u00e9j\u00e0 dans la bonne direction. Mais il faudra aussi compter sur la <a href=\"https:\/\/www.renouvelle.be\/fr\/ue-veut-des-batiments-a-zero-emissions-a-partir-de-2030\/\" target=\"_blank\" rel=\"noreferrer noopener\">r\u00e9novation \u00e9nerg\u00e9tique des b\u00e2timents<\/a>.<\/p>\n\n\n\n<p>L\u2019ULB s\u2019est d\u00e9j\u00e0 lanc\u00e9e dans cette aventure en fournissant des efforts en mati\u00e8re de consommation \u00e9nerg\u00e9tique. Depuis 2006, sa surface brute s\u2019est \u00e9tendue de 8% sur 15 ans mais sa consommation a, elle, \u00e9t\u00e9 r\u00e9duite d\u2019environ 19% en gaz, de 24% en \u00e9lectricit\u00e9 et de 45% en eau.<\/p>\n\n\n\n<p>Des diminutions encourageantes, et l\u2019ULB ne compte pas s\u2019arr\u00eater en si bon chemin\u00a0! Elle poursuit sa voie en visant la r\u00e9novation \u00e9nerg\u00e9tique de certains de ses b\u00e2timents, sur les campus de la Plaine et du Solbosch, ainsi que celle du r\u00e9seau de chaleur. \u00c0 la cl\u00e9, c\u2019est une \u00e9conomie annuelle \u00e9quivalente \u00e0 la consommation d\u2019\u00e9lectricit\u00e9 et de gaz de 270 m\u00e9nages par an.<\/p>\n\n\n\n<p>Comment va-t-elle s\u2019y prendre&nbsp;pour y arriver ? A travers un financement participatif innovant et citoyen&nbsp;qui rassemblera le grand public et les membres de la communaut\u00e9 universitaire afin d\u2019investir dans des actions de F\u2019in Common.<\/p>\n\n\n\n<p>Mais pourquoi innovant&nbsp;? Parce que l\u2019ULB remboursera la coop\u00e9rative F\u2019in Common en fonction des \u00e9conomies sur les factures d\u2019\u00e9nergie gr\u00e2ce aux travaux de r\u00e9novation \u00e9nerg\u00e9tique.<\/p>\n\n\n\n<p>Pour aider la transition \u00e9nerg\u00e9tique et participer \u00e0 l\u2019essor d\u2019un projet local, vous pouvez <a href=\"https:\/\/www.fincommon.coop\/renocampus\" target=\"_blank\" rel=\"noreferrer noopener\">investir dans lesdites actions<\/a> jusqu\u2019au 12 juillet 2024.<br><\/p>\n","protected":false},"excerpt":{"rendered":"<p>Pour lutter contre le r\u00e9chauffement climatique, on le sait, il faudra mettre fin \u00e0 la consommation d\u2019\u00e9nergie fossile. Pour cela, le d\u00e9veloppement des \u00e9nergies renouvelables doit s&rsquo;acc\u00e9l\u00e9rer, bien qu&rsquo;il soit d\u00e9j\u00e0 dans la bonne direction. Mais il faudra aussi compter sur la r\u00e9novation \u00e9nerg\u00e9tique des b\u00e2timents. L\u2019ULB s\u2019est d\u00e9j\u00e0 lanc\u00e9e dans cette aventure en fournissant des efforts en mati\u00e8re de consommation \u00e9nerg\u00e9tique. Depuis 2006, sa surface brute s\u2019est \u00e9tendue de 8% sur 15 ans mais sa consommation a, elle, \u00e9t\u00e9 r\u00e9duite d\u2019environ 19% en gaz, de 24% en \u00e9lectricit\u00e9 et de 45% en eau. Des diminutions encourageantes, et l\u2019ULB ne compte pas s\u2019arr\u00eater en si bon chemin\u00a0! Elle poursuit sa voie en visant la r\u00e9novation \u00e9nerg\u00e9tique de certains de ses b\u00e2timents, sur les campus de la Plaine et du Solbosch, ainsi que celle du r\u00e9seau de chaleur. \u00c0 la cl\u00e9, c\u2019est une \u00e9conomie annuelle \u00e9quivalente \u00e0 la consommation d\u2019\u00e9lectricit\u00e9 et de gaz de 270 m\u00e9nages par an. Comment va-t-elle s\u2019y prendre&nbsp;pour y arriver ? A travers un financement participatif innovant et citoyen&nbsp;qui rassemblera le grand public et les membres de la communaut\u00e9 universitaire afin d\u2019investir dans des actions de F\u2019in Common. Mais pourquoi innovant&nbsp;? Parce que l\u2019ULB remboursera la coop\u00e9rative F\u2019in Common en fonction des \u00e9conomies sur les factures d\u2019\u00e9nergie gr\u00e2ce aux travaux de r\u00e9novation \u00e9nerg\u00e9tique. Pour aider la transition \u00e9nerg\u00e9tique et participer \u00e0 l\u2019essor d\u2019un projet local, vous pouvez investir dans lesdites actions jusqu\u2019au 12 juillet 2024.<\/p>\n","protected":false},"author":38,"featured_media":13173,"comment_status":"closed","ping_status":"closed","sticky":false,"template":"","format":"standard","meta":{"_acf_changed":false,"footnotes":""},"categories":[17],"tags":[],"section":[],"class_list":["post-13170","post","type-post","status-publish","format-standard","has-post-thumbnail","hentry","category-actualite-en-belgique"],"acf":[],"yoast_head":"<!-- This site is optimized with the Yoast SEO plugin v27.4 - https:\/\/yoast.com\/product\/yoast-seo-wordpress\/ -->\n<title>RenoCampus : la r\u00e9novation \u00e9nerg\u00e9tique de l\u2019ULB - Renouvelle<\/title>\n<meta name=\"description\" content=\"La r\u00e9novation \u00e9nerg\u00e9tique, nous n&#039;y couperons pas. L&#039;ULB l&#039;a compris et se lance dans un projet de financement participatif avec F&#039;in Common.\" \/>\n<meta name=\"robots\" content=\"index, follow, max-snippet:-1, max-image-preview:large, max-video-preview:-1\" \/>\n<link rel=\"canonical\" href=\"https:\/\/www.renouvelle.be\/fr\/renocampus-la-renovation-energetique-de-ulb\/\" \/>\n<meta property=\"og:locale\" content=\"fr_FR\" \/>\n<meta property=\"og:type\" content=\"article\" \/>\n<meta property=\"og:title\" content=\"RenoCampus : la r\u00e9novation \u00e9nerg\u00e9tique de l\u2019ULB - Renouvelle\" \/>\n<meta property=\"og:description\" content=\"La r\u00e9novation \u00e9nerg\u00e9tique, nous n&#039;y couperons pas. L&#039;ULB l&#039;a compris et se lance dans un projet de financement participatif avec F&#039;in Common.\" \/>\n<meta property=\"og:url\" content=\"https:\/\/www.renouvelle.be\/fr\/renocampus-la-renovation-energetique-de-ulb\/\" \/>\n<meta property=\"og:site_name\" content=\"Renouvelle\" \/>\n<meta property=\"article:published_time\" content=\"2024-06-07T09:47:45+00:00\" \/>\n<meta property=\"article:modified_time\" content=\"2024-06-10T14:34:29+00:00\" \/>\n<meta property=\"og:image\" content=\"https:\/\/www.renouvelle.be\/wp-content\/uploads\/2024\/06\/iStock-1550270289-e1717684883777.jpg\" \/>\n\t<meta property=\"og:image:width\" content=\"2048\" \/>\n\t<meta property=\"og:image:height\" content=\"1368\" \/>\n\t<meta property=\"og:image:type\" content=\"image\/jpeg\" \/>\n<meta name=\"author\" content=\"Samuel Alves\" \/>\n<meta name=\"twitter:card\" content=\"summary_large_image\" \/>\n<script type=\"application\/ld+json\" class=\"yoast-schema-graph\">{\"@context\":\"https:\\\/\\\/schema.org\",\"@graph\":[{\"@type\":\"Article\",\"@id\":\"https:\\\/\\\/www.renouvelle.be\\\/fr\\\/renocampus-la-renovation-energetique-de-ulb\\\/#article\",\"isPartOf\":{\"@id\":\"https:\\\/\\\/www.renouvelle.be\\\/fr\\\/renocampus-la-renovation-energetique-de-ulb\\\/\"},\"author\":{\"name\":\"Samuel Alves\",\"@id\":\"https:\\\/\\\/www.renouvelle.be\\\/fr\\\/#\\\/schema\\\/person\\\/9d743366fb269eeceaa8d60e98d289d3\"},\"headline\":\"RenoCampus : la r\u00e9novation \u00e9nerg\u00e9tique de l\u2019ULB\",\"datePublished\":\"2024-06-07T09:47:45+00:00\",\"dateModified\":\"2024-06-10T14:34:29+00:00\",\"mainEntityOfPage\":{\"@id\":\"https:\\\/\\\/www.renouvelle.be\\\/fr\\\/renocampus-la-renovation-energetique-de-ulb\\\/\"},\"wordCount\":282,\"image\":{\"@id\":\"https:\\\/\\\/www.renouvelle.be\\\/fr\\\/renocampus-la-renovation-energetique-de-ulb\\\/#primaryimage\"},\"thumbnailUrl\":\"https:\\\/\\\/www.renouvelle.be\\\/wp-content\\\/uploads\\\/2024\\\/06\\\/iStock-1550270289-e1717684883777.jpg\",\"articleSection\":[\"Actualit\u00e9 en Belgique\"],\"inLanguage\":\"fr-FR\"},{\"@type\":\"WebPage\",\"@id\":\"https:\\\/\\\/www.renouvelle.be\\\/fr\\\/renocampus-la-renovation-energetique-de-ulb\\\/\",\"url\":\"https:\\\/\\\/www.renouvelle.be\\\/fr\\\/renocampus-la-renovation-energetique-de-ulb\\\/\",\"name\":\"RenoCampus : la r\u00e9novation \u00e9nerg\u00e9tique de l\u2019ULB - Renouvelle\",\"isPartOf\":{\"@id\":\"https:\\\/\\\/www.renouvelle.be\\\/fr\\\/#website\"},\"primaryImageOfPage\":{\"@id\":\"https:\\\/\\\/www.renouvelle.be\\\/fr\\\/renocampus-la-renovation-energetique-de-ulb\\\/#primaryimage\"},\"image\":{\"@id\":\"https:\\\/\\\/www.renouvelle.be\\\/fr\\\/renocampus-la-renovation-energetique-de-ulb\\\/#primaryimage\"},\"thumbnailUrl\":\"https:\\\/\\\/www.renouvelle.be\\\/wp-content\\\/uploads\\\/2024\\\/06\\\/iStock-1550270289-e1717684883777.jpg\",\"datePublished\":\"2024-06-07T09:47:45+00:00\",\"dateModified\":\"2024-06-10T14:34:29+00:00\",\"author\":{\"@id\":\"https:\\\/\\\/www.renouvelle.be\\\/fr\\\/#\\\/schema\\\/person\\\/9d743366fb269eeceaa8d60e98d289d3\"},\"description\":\"La r\u00e9novation \u00e9nerg\u00e9tique, nous n'y couperons pas. L'ULB l'a compris et se lance dans un projet de financement participatif avec F'in Common.\",\"breadcrumb\":{\"@id\":\"https:\\\/\\\/www.renouvelle.be\\\/fr\\\/renocampus-la-renovation-energetique-de-ulb\\\/#breadcrumb\"},\"inLanguage\":\"fr-FR\",\"potentialAction\":[{\"@type\":\"ReadAction\",\"target\":[\"https:\\\/\\\/www.renouvelle.be\\\/fr\\\/renocampus-la-renovation-energetique-de-ulb\\\/\"]}]},{\"@type\":\"ImageObject\",\"inLanguage\":\"fr-FR\",\"@id\":\"https:\\\/\\\/www.renouvelle.be\\\/fr\\\/renocampus-la-renovation-energetique-de-ulb\\\/#primaryimage\",\"url\":\"https:\\\/\\\/www.renouvelle.be\\\/wp-content\\\/uploads\\\/2024\\\/06\\\/iStock-1550270289-e1717684883777.jpg\",\"contentUrl\":\"https:\\\/\\\/www.renouvelle.be\\\/wp-content\\\/uploads\\\/2024\\\/06\\\/iStock-1550270289-e1717684883777.jpg\",\"width\":2048,\"height\":1368,\"caption\":\"r\u00e9novation \u00e9nerg\u00e9tique\"},{\"@type\":\"BreadcrumbList\",\"@id\":\"https:\\\/\\\/www.renouvelle.be\\\/fr\\\/renocampus-la-renovation-energetique-de-ulb\\\/#breadcrumb\",\"itemListElement\":[{\"@type\":\"ListItem\",\"position\":1,\"name\":\"Accueil\",\"item\":\"https:\\\/\\\/www.renouvelle.be\\\/fr\\\/\"},{\"@type\":\"ListItem\",\"position\":2,\"name\":\"RenoCampus : la r\u00e9novation \u00e9nerg\u00e9tique de l\u2019ULB\"}]},{\"@type\":\"WebSite\",\"@id\":\"https:\\\/\\\/www.renouvelle.be\\\/fr\\\/#website\",\"url\":\"https:\\\/\\\/www.renouvelle.be\\\/fr\\\/\",\"name\":\"Renouvelle\",\"description\":\"L&#039;actualit\u00e9 de l&#039;\u00e9nergie durable\",\"potentialAction\":[{\"@type\":\"SearchAction\",\"target\":{\"@type\":\"EntryPoint\",\"urlTemplate\":\"https:\\\/\\\/www.renouvelle.be\\\/fr\\\/?s={search_term_string}\"},\"query-input\":{\"@type\":\"PropertyValueSpecification\",\"valueRequired\":true,\"valueName\":\"search_term_string\"}}],\"inLanguage\":\"fr-FR\"},{\"@type\":\"Person\",\"@id\":\"https:\\\/\\\/www.renouvelle.be\\\/fr\\\/#\\\/schema\\\/person\\\/9d743366fb269eeceaa8d60e98d289d3\",\"name\":\"Samuel Alves\",\"url\":\"https:\\\/\\\/www.renouvelle.be\\\/fr\\\/author\\\/salves\\\/\"}]}<\/script>\n<!-- \/ Yoast SEO plugin. -->","yoast_head_json":{"title":"RenoCampus : la r\u00e9novation \u00e9nerg\u00e9tique de l\u2019ULB - Renouvelle","description":"La r\u00e9novation \u00e9nerg\u00e9tique, nous n'y couperons pas. L'ULB l'a compris et se lance dans un projet de financement participatif avec F'in Common.","robots":{"index":"index","follow":"follow","max-snippet":"max-snippet:-1","max-image-preview":"max-image-preview:large","max-video-preview":"max-video-preview:-1"},"canonical":"https:\/\/www.renouvelle.be\/fr\/renocampus-la-renovation-energetique-de-ulb\/","og_locale":"fr_FR","og_type":"article","og_title":"RenoCampus : la r\u00e9novation \u00e9nerg\u00e9tique de l\u2019ULB - Renouvelle","og_description":"La r\u00e9novation \u00e9nerg\u00e9tique, nous n'y couperons pas. L'ULB l'a compris et se lance dans un projet de financement participatif avec F'in Common.","og_url":"https:\/\/www.renouvelle.be\/fr\/renocampus-la-renovation-energetique-de-ulb\/","og_site_name":"Renouvelle","article_published_time":"2024-06-07T09:47:45+00:00","article_modified_time":"2024-06-10T14:34:29+00:00","og_image":[{"width":2048,"height":1368,"url":"https:\/\/www.renouvelle.be\/wp-content\/uploads\/2024\/06\/iStock-1550270289-e1717684883777.jpg","type":"image\/jpeg"}],"author":"Samuel Alves","twitter_card":"summary_large_image","schema":{"@context":"https:\/\/schema.org","@graph":[{"@type":"Article","@id":"https:\/\/www.renouvelle.be\/fr\/renocampus-la-renovation-energetique-de-ulb\/#article","isPartOf":{"@id":"https:\/\/www.renouvelle.be\/fr\/renocampus-la-renovation-energetique-de-ulb\/"},"author":{"name":"Samuel Alves","@id":"https:\/\/www.renouvelle.be\/fr\/#\/schema\/person\/9d743366fb269eeceaa8d60e98d289d3"},"headline":"RenoCampus : la r\u00e9novation \u00e9nerg\u00e9tique de l\u2019ULB","datePublished":"2024-06-07T09:47:45+00:00","dateModified":"2024-06-10T14:34:29+00:00","mainEntityOfPage":{"@id":"https:\/\/www.renouvelle.be\/fr\/renocampus-la-renovation-energetique-de-ulb\/"},"wordCount":282,"image":{"@id":"https:\/\/www.renouvelle.be\/fr\/renocampus-la-renovation-energetique-de-ulb\/#primaryimage"},"thumbnailUrl":"https:\/\/www.renouvelle.be\/wp-content\/uploads\/2024\/06\/iStock-1550270289-e1717684883777.jpg","articleSection":["Actualit\u00e9 en Belgique"],"inLanguage":"fr-FR"},{"@type":"WebPage","@id":"https:\/\/www.renouvelle.be\/fr\/renocampus-la-renovation-energetique-de-ulb\/","url":"https:\/\/www.renouvelle.be\/fr\/renocampus-la-renovation-energetique-de-ulb\/","name":"RenoCampus : la r\u00e9novation \u00e9nerg\u00e9tique de l\u2019ULB - Renouvelle","isPartOf":{"@id":"https:\/\/www.renouvelle.be\/fr\/#website"},"primaryImageOfPage":{"@id":"https:\/\/www.renouvelle.be\/fr\/renocampus-la-renovation-energetique-de-ulb\/#primaryimage"},"image":{"@id":"https:\/\/www.renouvelle.be\/fr\/renocampus-la-renovation-energetique-de-ulb\/#primaryimage"},"thumbnailUrl":"https:\/\/www.renouvelle.be\/wp-content\/uploads\/2024\/06\/iStock-1550270289-e1717684883777.jpg","datePublished":"2024-06-07T09:47:45+00:00","dateModified":"2024-06-10T14:34:29+00:00","author":{"@id":"https:\/\/www.renouvelle.be\/fr\/#\/schema\/person\/9d743366fb269eeceaa8d60e98d289d3"},"description":"La r\u00e9novation \u00e9nerg\u00e9tique, nous n'y couperons pas. L'ULB l'a compris et se lance dans un projet de financement participatif avec F'in Common.","breadcrumb":{"@id":"https:\/\/www.renouvelle.be\/fr\/renocampus-la-renovation-energetique-de-ulb\/#breadcrumb"},"inLanguage":"fr-FR","potentialAction":[{"@type":"ReadAction","target":["https:\/\/www.renouvelle.be\/fr\/renocampus-la-renovation-energetique-de-ulb\/"]}]},{"@type":"ImageObject","inLanguage":"fr-FR","@id":"https:\/\/www.renouvelle.be\/fr\/renocampus-la-renovation-energetique-de-ulb\/#primaryimage","url":"https:\/\/www.renouvelle.be\/wp-content\/uploads\/2024\/06\/iStock-1550270289-e1717684883777.jpg","contentUrl":"https:\/\/www.renouvelle.be\/wp-content\/uploads\/2024\/06\/iStock-1550270289-e1717684883777.jpg","width":2048,"height":1368,"caption":"r\u00e9novation \u00e9nerg\u00e9tique"},{"@type":"BreadcrumbList","@id":"https:\/\/www.renouvelle.be\/fr\/renocampus-la-renovation-energetique-de-ulb\/#breadcrumb","itemListElement":[{"@type":"ListItem","position":1,"name":"Accueil","item":"https:\/\/www.renouvelle.be\/fr\/"},{"@type":"ListItem","position":2,"name":"RenoCampus : la r\u00e9novation \u00e9nerg\u00e9tique de l\u2019ULB"}]},{"@type":"WebSite","@id":"https:\/\/www.renouvelle.be\/fr\/#website","url":"https:\/\/www.renouvelle.be\/fr\/","name":"Renouvelle","description":"L&#039;actualit\u00e9 de l&#039;\u00e9nergie durable","potentialAction":[{"@type":"SearchAction","target":{"@type":"EntryPoint","urlTemplate":"https:\/\/www.renouvelle.be\/fr\/?s={search_term_string}"},"query-input":{"@type":"PropertyValueSpecification","valueRequired":true,"valueName":"search_term_string"}}],"inLanguage":"fr-FR"},{"@type":"Person","@id":"https:\/\/www.renouvelle.be\/fr\/#\/schema\/person\/9d743366fb269eeceaa8d60e98d289d3","name":"Samuel Alves","url":"https:\/\/www.renouvelle.be\/fr\/author\/salves\/"}]}},"_links":{"self":[{"href":"https:\/\/www.renouvelle.be\/fr\/wp-json\/wp\/v2\/posts\/13170","targetHints":{"allow":["GET"]}}],"collection":[{"href":"https:\/\/www.renouvelle.be\/fr\/wp-json\/wp\/v2\/posts"}],"about":[{"href":"https:\/\/www.renouvelle.be\/fr\/wp-json\/wp\/v2\/types\/post"}],"author":[{"embeddable":true,"href":"https:\/\/www.renouvelle.be\/fr\/wp-json\/wp\/v2\/users\/38"}],"replies":[{"embeddable":true,"href":"https:\/\/www.renouvelle.be\/fr\/wp-json\/wp\/v2\/comments?post=13170"}],"version-history":[{"count":11,"href":"https:\/\/www.renouvelle.be\/fr\/wp-json\/wp\/v2\/posts\/13170\/revisions"}],"predecessor-version":[{"id":13201,"href":"https:\/\/www.renouvelle.be\/fr\/wp-json\/wp\/v2\/posts\/13170\/revisions\/13201"}],"wp:featuredmedia":[{"embeddable":true,"href":"https:\/\/www.renouvelle.be\/fr\/wp-json\/wp\/v2\/media\/13173"}],"wp:attachment":[{"href":"https:\/\/www.renouvelle.be\/fr\/wp-json\/wp\/v2\/media?parent=13170"}],"wp:term":[{"taxonomy":"category","embeddable":true,"href":"https:\/\/www.renouvelle.be\/fr\/wp-json\/wp\/v2\/categories?post=13170"},{"taxonomy":"post_tag","embeddable":true,"href":"https:\/\/www.renouvelle.be\/fr\/wp-json\/wp\/v2\/tags?post=13170"},{"taxonomy":"section","embeddable":true,"href":"https:\/\/www.renouvelle.be\/fr\/wp-json\/wp\/v2\/section?post=13170"}],"curies":[{"name":"wp","href":"https:\/\/api.w.org\/{rel}","templated":true}]}}