{"id":13138,"date":"2024-06-04T11:48:41","date_gmt":"2024-06-04T09:48:41","guid":{"rendered":"https:\/\/www.renouvelle.be\/?p=13138"},"modified":"2024-06-04T12:08:07","modified_gmt":"2024-06-04T10:08:07","slug":"installation-photovoltaique-en-wallonie-calculez-votre-potentiel","status":"publish","type":"post","link":"https:\/\/www.renouvelle.be\/fr\/installation-photovoltaique-en-wallonie-calculez-votre-potentiel\/","title":{"rendered":"Installation photovolta\u00efque en Wallonie\u00a0: calculez votre potentiel\u00a0!"},"content":{"rendered":"\n<p>Nombre id\u00e9al de panneaux solaires \u00e0 installer, prix d\u2019achat de l\u2019installation, \u00e9conomies annuelles r\u00e9alis\u00e9es\u2026 Voil\u00e0 quelques unes des donn\u00e9es indicatives que vous pourrez retrouver sur <a href=\"https:\/\/cartographie-solaire.spw.wallonie.be\/\" target=\"_blank\" rel=\"noreferrer noopener\">la carte du potentiel solaire en Wallonie<\/a>.<\/p>\n\n\n\n<p>L\u2019application, d\u00e9velopp\u00e9e en collaboration avec <a href=\"https:\/\/www.gim.be\/fr\" target=\"_blank\" rel=\"noreferrer noopener\">GIM<\/a> et <a href=\"https:\/\/energiecommune.be\/\" target=\"_blank\" rel=\"noreferrer noopener\">Energie Commune<\/a>, vous aidera \u00e0 y voir plus clair quant aux param\u00e8tres de votre future installation photovolta\u00efque. \u00a0<\/p>\n\n\n\n<p>Pour cela, il vous suffira d\u2019entrer l\u2019adresse du b\u00e2timent concern\u00e9. Gr\u00e2ce \u00e0 un code couleur, vous pourrez directement vous rendre compte des zones du toit les plus adapt\u00e9es \u00e0 votre installation.<\/p>\n\n\n\n<p>Un tableau sera \u00e9galement g\u00e9n\u00e9r\u00e9 pour vous fournir avec toutes les donn\u00e9es n\u00e9cessaires&nbsp;: nombre de panneaux, orientation, temps de retour sur investissement, etc.<\/p>\n\n\n\n<p>Et pour faciliter encore plus la vie des citoyens, le site vous propose une liste d\u2019installateurs certifi\u00e9s ainsi que leurs coordonn\u00e9es.<\/p>\n\n\n\n<p>En somme, un tr\u00e8s bel outil qui simplifiera l\u2019acc\u00e8s aux informations essentielles \u00e0 retenir pour une \u00e9ventuelle installation photovolta\u00efque et permettra \u00e0 des citoyens de <a href=\"https:\/\/www.renouvelle.be\/fr\/toujours-plus-de-photovoltaique-dans-le-monde-en-2023\/\" target=\"_blank\" rel=\"noreferrer noopener\">sauter le pas<\/a>. Une bonne nouvelle donc pour la transition \u00e9nerg\u00e9tique.<\/p>\n","protected":false},"excerpt":{"rendered":"<p>Nombre id\u00e9al de panneaux solaires \u00e0 installer, prix d\u2019achat de l\u2019installation, \u00e9conomies annuelles r\u00e9alis\u00e9es\u2026 Voil\u00e0 quelques unes des donn\u00e9es indicatives que vous pourrez retrouver sur la carte du potentiel solaire en Wallonie. L\u2019application, d\u00e9velopp\u00e9e en collaboration avec GIM et Energie Commune, vous aidera \u00e0 y voir plus clair quant aux param\u00e8tres de votre future installation photovolta\u00efque. \u00a0 Pour cela, il vous suffira d\u2019entrer l\u2019adresse du b\u00e2timent concern\u00e9. Gr\u00e2ce \u00e0 un code couleur, vous pourrez directement vous rendre compte des zones du toit les plus adapt\u00e9es \u00e0 votre installation. Un tableau sera \u00e9galement g\u00e9n\u00e9r\u00e9 pour vous fournir avec toutes les donn\u00e9es n\u00e9cessaires&nbsp;: nombre de panneaux, orientation, temps de retour sur investissement, etc. Et pour faciliter encore plus la vie des citoyens, le site vous propose une liste d\u2019installateurs certifi\u00e9s ainsi que leurs coordonn\u00e9es. En somme, un tr\u00e8s bel outil qui simplifiera l\u2019acc\u00e8s aux informations essentielles \u00e0 retenir pour une \u00e9ventuelle installation photovolta\u00efque et permettra \u00e0 des citoyens de sauter le pas. Une bonne nouvelle donc pour la transition \u00e9nerg\u00e9tique.<\/p>\n","protected":false},"author":38,"featured_media":13140,"comment_status":"closed","ping_status":"closed","sticky":false,"template":"","format":"standard","meta":{"_acf_changed":false,"footnotes":""},"categories":[17],"tags":[],"section":[13],"class_list":["post-13138","post","type-post","status-publish","format-standard","has-post-thumbnail","hentry","category-actualite-en-belgique","section-solaire"],"acf":[],"yoast_head":"<!-- This site is optimized with the Yoast SEO plugin v27.5 - https:\/\/yoast.com\/product\/yoast-seo-wordpress\/ -->\n<title>Installation photovolta\u00efque en Wallonie\u00a0: calculez votre potentiel\u00a0! - Renouvelle<\/title>\n<meta name=\"description\" content=\"Curieux de savoir ce que serait votre future installation photovolta\u00efque ? Avec le nouvel outil du SPW \u00c9nergie, c&#039;est maintenant possible !\" \/>\n<meta name=\"robots\" content=\"index, follow, max-snippet:-1, max-image-preview:large, max-video-preview:-1\" \/>\n<link rel=\"canonical\" href=\"https:\/\/www.renouvelle.be\/fr\/installation-photovoltaique-en-wallonie-calculez-votre-potentiel\/\" \/>\n<meta property=\"og:locale\" content=\"fr_FR\" \/>\n<meta property=\"og:type\" content=\"article\" \/>\n<meta property=\"og:title\" content=\"Installation photovolta\u00efque en Wallonie\u00a0: calculez votre potentiel\u00a0! - Renouvelle\" \/>\n<meta property=\"og:description\" content=\"Curieux de savoir ce que serait votre future installation photovolta\u00efque ? Avec le nouvel outil du SPW \u00c9nergie, c&#039;est maintenant possible !\" \/>\n<meta property=\"og:url\" content=\"https:\/\/www.renouvelle.be\/fr\/installation-photovoltaique-en-wallonie-calculez-votre-potentiel\/\" \/>\n<meta property=\"og:site_name\" content=\"Renouvelle\" \/>\n<meta property=\"article:published_time\" content=\"2024-06-04T09:48:41+00:00\" \/>\n<meta property=\"article:modified_time\" content=\"2024-06-04T10:08:07+00:00\" \/>\n<meta property=\"og:image\" content=\"https:\/\/www.renouvelle.be\/wp-content\/uploads\/2024\/06\/daria-nepriakhina-NFJ-Sj8ZcHQ-unsplash-scaled.jpg\" \/>\n\t<meta property=\"og:image:width\" content=\"2560\" \/>\n\t<meta property=\"og:image:height\" content=\"1553\" \/>\n\t<meta property=\"og:image:type\" content=\"image\/jpeg\" \/>\n<meta name=\"author\" content=\"Samuel Alves\" \/>\n<meta name=\"twitter:card\" content=\"summary_large_image\" \/>\n<script type=\"application\/ld+json\" class=\"yoast-schema-graph\">{\"@context\":\"https:\\\/\\\/schema.org\",\"@graph\":[{\"@type\":\"Article\",\"@id\":\"https:\\\/\\\/www.renouvelle.be\\\/fr\\\/installation-photovoltaique-en-wallonie-calculez-votre-potentiel\\\/#article\",\"isPartOf\":{\"@id\":\"https:\\\/\\\/www.renouvelle.be\\\/fr\\\/installation-photovoltaique-en-wallonie-calculez-votre-potentiel\\\/\"},\"author\":{\"name\":\"Samuel Alves\",\"@id\":\"https:\\\/\\\/www.renouvelle.be\\\/fr\\\/#\\\/schema\\\/person\\\/9d743366fb269eeceaa8d60e98d289d3\"},\"headline\":\"Installation photovolta\u00efque en Wallonie\u00a0: calculez votre potentiel\u00a0!\",\"datePublished\":\"2024-06-04T09:48:41+00:00\",\"dateModified\":\"2024-06-04T10:08:07+00:00\",\"mainEntityOfPage\":{\"@id\":\"https:\\\/\\\/www.renouvelle.be\\\/fr\\\/installation-photovoltaique-en-wallonie-calculez-votre-potentiel\\\/\"},\"wordCount\":198,\"image\":{\"@id\":\"https:\\\/\\\/www.renouvelle.be\\\/fr\\\/installation-photovoltaique-en-wallonie-calculez-votre-potentiel\\\/#primaryimage\"},\"thumbnailUrl\":\"https:\\\/\\\/www.renouvelle.be\\\/wp-content\\\/uploads\\\/2024\\\/06\\\/daria-nepriakhina-NFJ-Sj8ZcHQ-unsplash-scaled.jpg\",\"articleSection\":[\"Actualit\u00e9 en Belgique\"],\"inLanguage\":\"fr-FR\"},{\"@type\":\"WebPage\",\"@id\":\"https:\\\/\\\/www.renouvelle.be\\\/fr\\\/installation-photovoltaique-en-wallonie-calculez-votre-potentiel\\\/\",\"url\":\"https:\\\/\\\/www.renouvelle.be\\\/fr\\\/installation-photovoltaique-en-wallonie-calculez-votre-potentiel\\\/\",\"name\":\"Installation photovolta\u00efque en Wallonie\u00a0: calculez votre potentiel\u00a0! - Renouvelle\",\"isPartOf\":{\"@id\":\"https:\\\/\\\/www.renouvelle.be\\\/fr\\\/#website\"},\"primaryImageOfPage\":{\"@id\":\"https:\\\/\\\/www.renouvelle.be\\\/fr\\\/installation-photovoltaique-en-wallonie-calculez-votre-potentiel\\\/#primaryimage\"},\"image\":{\"@id\":\"https:\\\/\\\/www.renouvelle.be\\\/fr\\\/installation-photovoltaique-en-wallonie-calculez-votre-potentiel\\\/#primaryimage\"},\"thumbnailUrl\":\"https:\\\/\\\/www.renouvelle.be\\\/wp-content\\\/uploads\\\/2024\\\/06\\\/daria-nepriakhina-NFJ-Sj8ZcHQ-unsplash-scaled.jpg\",\"datePublished\":\"2024-06-04T09:48:41+00:00\",\"dateModified\":\"2024-06-04T10:08:07+00:00\",\"author\":{\"@id\":\"https:\\\/\\\/www.renouvelle.be\\\/fr\\\/#\\\/schema\\\/person\\\/9d743366fb269eeceaa8d60e98d289d3\"},\"description\":\"Curieux de savoir ce que serait votre future installation photovolta\u00efque ? Avec le nouvel outil du SPW \u00c9nergie, c'est maintenant possible !\",\"breadcrumb\":{\"@id\":\"https:\\\/\\\/www.renouvelle.be\\\/fr\\\/installation-photovoltaique-en-wallonie-calculez-votre-potentiel\\\/#breadcrumb\"},\"inLanguage\":\"fr-FR\",\"potentialAction\":[{\"@type\":\"ReadAction\",\"target\":[\"https:\\\/\\\/www.renouvelle.be\\\/fr\\\/installation-photovoltaique-en-wallonie-calculez-votre-potentiel\\\/\"]}]},{\"@type\":\"ImageObject\",\"inLanguage\":\"fr-FR\",\"@id\":\"https:\\\/\\\/www.renouvelle.be\\\/fr\\\/installation-photovoltaique-en-wallonie-calculez-votre-potentiel\\\/#primaryimage\",\"url\":\"https:\\\/\\\/www.renouvelle.be\\\/wp-content\\\/uploads\\\/2024\\\/06\\\/daria-nepriakhina-NFJ-Sj8ZcHQ-unsplash-scaled.jpg\",\"contentUrl\":\"https:\\\/\\\/www.renouvelle.be\\\/wp-content\\\/uploads\\\/2024\\\/06\\\/daria-nepriakhina-NFJ-Sj8ZcHQ-unsplash-scaled.jpg\",\"width\":2560,\"height\":1553,\"caption\":\"installation photovolta\u00efque\"},{\"@type\":\"BreadcrumbList\",\"@id\":\"https:\\\/\\\/www.renouvelle.be\\\/fr\\\/installation-photovoltaique-en-wallonie-calculez-votre-potentiel\\\/#breadcrumb\",\"itemListElement\":[{\"@type\":\"ListItem\",\"position\":1,\"name\":\"Accueil\",\"item\":\"https:\\\/\\\/www.renouvelle.be\\\/fr\\\/\"},{\"@type\":\"ListItem\",\"position\":2,\"name\":\"Installation photovolta\u00efque en Wallonie\u00a0: calculez votre potentiel\u00a0!\"}]},{\"@type\":\"WebSite\",\"@id\":\"https:\\\/\\\/www.renouvelle.be\\\/fr\\\/#website\",\"url\":\"https:\\\/\\\/www.renouvelle.be\\\/fr\\\/\",\"name\":\"Renouvelle\",\"description\":\"L&#039;actualit\u00e9 de l&#039;\u00e9nergie durable\",\"potentialAction\":[{\"@type\":\"SearchAction\",\"target\":{\"@type\":\"EntryPoint\",\"urlTemplate\":\"https:\\\/\\\/www.renouvelle.be\\\/fr\\\/?s={search_term_string}\"},\"query-input\":{\"@type\":\"PropertyValueSpecification\",\"valueRequired\":true,\"valueName\":\"search_term_string\"}}],\"inLanguage\":\"fr-FR\"},{\"@type\":\"Person\",\"@id\":\"https:\\\/\\\/www.renouvelle.be\\\/fr\\\/#\\\/schema\\\/person\\\/9d743366fb269eeceaa8d60e98d289d3\",\"name\":\"Samuel Alves\",\"url\":\"https:\\\/\\\/www.renouvelle.be\\\/fr\\\/author\\\/salves\\\/\"}]}<\/script>\n<!-- \/ Yoast SEO plugin. -->","yoast_head_json":{"title":"Installation photovolta\u00efque en Wallonie\u00a0: calculez votre potentiel\u00a0! - Renouvelle","description":"Curieux de savoir ce que serait votre future installation photovolta\u00efque ? Avec le nouvel outil du SPW \u00c9nergie, c'est maintenant possible !","robots":{"index":"index","follow":"follow","max-snippet":"max-snippet:-1","max-image-preview":"max-image-preview:large","max-video-preview":"max-video-preview:-1"},"canonical":"https:\/\/www.renouvelle.be\/fr\/installation-photovoltaique-en-wallonie-calculez-votre-potentiel\/","og_locale":"fr_FR","og_type":"article","og_title":"Installation photovolta\u00efque en Wallonie\u00a0: calculez votre potentiel\u00a0! - Renouvelle","og_description":"Curieux de savoir ce que serait votre future installation photovolta\u00efque ? Avec le nouvel outil du SPW \u00c9nergie, c'est maintenant possible !","og_url":"https:\/\/www.renouvelle.be\/fr\/installation-photovoltaique-en-wallonie-calculez-votre-potentiel\/","og_site_name":"Renouvelle","article_published_time":"2024-06-04T09:48:41+00:00","article_modified_time":"2024-06-04T10:08:07+00:00","og_image":[{"width":2560,"height":1553,"url":"https:\/\/www.renouvelle.be\/wp-content\/uploads\/2024\/06\/daria-nepriakhina-NFJ-Sj8ZcHQ-unsplash-scaled.jpg","type":"image\/jpeg"}],"author":"Samuel Alves","twitter_card":"summary_large_image","schema":{"@context":"https:\/\/schema.org","@graph":[{"@type":"Article","@id":"https:\/\/www.renouvelle.be\/fr\/installation-photovoltaique-en-wallonie-calculez-votre-potentiel\/#article","isPartOf":{"@id":"https:\/\/www.renouvelle.be\/fr\/installation-photovoltaique-en-wallonie-calculez-votre-potentiel\/"},"author":{"name":"Samuel Alves","@id":"https:\/\/www.renouvelle.be\/fr\/#\/schema\/person\/9d743366fb269eeceaa8d60e98d289d3"},"headline":"Installation photovolta\u00efque en Wallonie\u00a0: calculez votre potentiel\u00a0!","datePublished":"2024-06-04T09:48:41+00:00","dateModified":"2024-06-04T10:08:07+00:00","mainEntityOfPage":{"@id":"https:\/\/www.renouvelle.be\/fr\/installation-photovoltaique-en-wallonie-calculez-votre-potentiel\/"},"wordCount":198,"image":{"@id":"https:\/\/www.renouvelle.be\/fr\/installation-photovoltaique-en-wallonie-calculez-votre-potentiel\/#primaryimage"},"thumbnailUrl":"https:\/\/www.renouvelle.be\/wp-content\/uploads\/2024\/06\/daria-nepriakhina-NFJ-Sj8ZcHQ-unsplash-scaled.jpg","articleSection":["Actualit\u00e9 en Belgique"],"inLanguage":"fr-FR"},{"@type":"WebPage","@id":"https:\/\/www.renouvelle.be\/fr\/installation-photovoltaique-en-wallonie-calculez-votre-potentiel\/","url":"https:\/\/www.renouvelle.be\/fr\/installation-photovoltaique-en-wallonie-calculez-votre-potentiel\/","name":"Installation photovolta\u00efque en Wallonie\u00a0: calculez votre potentiel\u00a0! - Renouvelle","isPartOf":{"@id":"https:\/\/www.renouvelle.be\/fr\/#website"},"primaryImageOfPage":{"@id":"https:\/\/www.renouvelle.be\/fr\/installation-photovoltaique-en-wallonie-calculez-votre-potentiel\/#primaryimage"},"image":{"@id":"https:\/\/www.renouvelle.be\/fr\/installation-photovoltaique-en-wallonie-calculez-votre-potentiel\/#primaryimage"},"thumbnailUrl":"https:\/\/www.renouvelle.be\/wp-content\/uploads\/2024\/06\/daria-nepriakhina-NFJ-Sj8ZcHQ-unsplash-scaled.jpg","datePublished":"2024-06-04T09:48:41+00:00","dateModified":"2024-06-04T10:08:07+00:00","author":{"@id":"https:\/\/www.renouvelle.be\/fr\/#\/schema\/person\/9d743366fb269eeceaa8d60e98d289d3"},"description":"Curieux de savoir ce que serait votre future installation photovolta\u00efque ? Avec le nouvel outil du SPW \u00c9nergie, c'est maintenant possible !","breadcrumb":{"@id":"https:\/\/www.renouvelle.be\/fr\/installation-photovoltaique-en-wallonie-calculez-votre-potentiel\/#breadcrumb"},"inLanguage":"fr-FR","potentialAction":[{"@type":"ReadAction","target":["https:\/\/www.renouvelle.be\/fr\/installation-photovoltaique-en-wallonie-calculez-votre-potentiel\/"]}]},{"@type":"ImageObject","inLanguage":"fr-FR","@id":"https:\/\/www.renouvelle.be\/fr\/installation-photovoltaique-en-wallonie-calculez-votre-potentiel\/#primaryimage","url":"https:\/\/www.renouvelle.be\/wp-content\/uploads\/2024\/06\/daria-nepriakhina-NFJ-Sj8ZcHQ-unsplash-scaled.jpg","contentUrl":"https:\/\/www.renouvelle.be\/wp-content\/uploads\/2024\/06\/daria-nepriakhina-NFJ-Sj8ZcHQ-unsplash-scaled.jpg","width":2560,"height":1553,"caption":"installation photovolta\u00efque"},{"@type":"BreadcrumbList","@id":"https:\/\/www.renouvelle.be\/fr\/installation-photovoltaique-en-wallonie-calculez-votre-potentiel\/#breadcrumb","itemListElement":[{"@type":"ListItem","position":1,"name":"Accueil","item":"https:\/\/www.renouvelle.be\/fr\/"},{"@type":"ListItem","position":2,"name":"Installation photovolta\u00efque en Wallonie\u00a0: calculez votre potentiel\u00a0!"}]},{"@type":"WebSite","@id":"https:\/\/www.renouvelle.be\/fr\/#website","url":"https:\/\/www.renouvelle.be\/fr\/","name":"Renouvelle","description":"L&#039;actualit\u00e9 de l&#039;\u00e9nergie durable","potentialAction":[{"@type":"SearchAction","target":{"@type":"EntryPoint","urlTemplate":"https:\/\/www.renouvelle.be\/fr\/?s={search_term_string}"},"query-input":{"@type":"PropertyValueSpecification","valueRequired":true,"valueName":"search_term_string"}}],"inLanguage":"fr-FR"},{"@type":"Person","@id":"https:\/\/www.renouvelle.be\/fr\/#\/schema\/person\/9d743366fb269eeceaa8d60e98d289d3","name":"Samuel Alves","url":"https:\/\/www.renouvelle.be\/fr\/author\/salves\/"}]}},"_links":{"self":[{"href":"https:\/\/www.renouvelle.be\/fr\/wp-json\/wp\/v2\/posts\/13138","targetHints":{"allow":["GET"]}}],"collection":[{"href":"https:\/\/www.renouvelle.be\/fr\/wp-json\/wp\/v2\/posts"}],"about":[{"href":"https:\/\/www.renouvelle.be\/fr\/wp-json\/wp\/v2\/types\/post"}],"author":[{"embeddable":true,"href":"https:\/\/www.renouvelle.be\/fr\/wp-json\/wp\/v2\/users\/38"}],"replies":[{"embeddable":true,"href":"https:\/\/www.renouvelle.be\/fr\/wp-json\/wp\/v2\/comments?post=13138"}],"version-history":[{"count":5,"href":"https:\/\/www.renouvelle.be\/fr\/wp-json\/wp\/v2\/posts\/13138\/revisions"}],"predecessor-version":[{"id":13148,"href":"https:\/\/www.renouvelle.be\/fr\/wp-json\/wp\/v2\/posts\/13138\/revisions\/13148"}],"wp:featuredmedia":[{"embeddable":true,"href":"https:\/\/www.renouvelle.be\/fr\/wp-json\/wp\/v2\/media\/13140"}],"wp:attachment":[{"href":"https:\/\/www.renouvelle.be\/fr\/wp-json\/wp\/v2\/media?parent=13138"}],"wp:term":[{"taxonomy":"category","embeddable":true,"href":"https:\/\/www.renouvelle.be\/fr\/wp-json\/wp\/v2\/categories?post=13138"},{"taxonomy":"post_tag","embeddable":true,"href":"https:\/\/www.renouvelle.be\/fr\/wp-json\/wp\/v2\/tags?post=13138"},{"taxonomy":"section","embeddable":true,"href":"https:\/\/www.renouvelle.be\/fr\/wp-json\/wp\/v2\/section?post=13138"}],"curies":[{"name":"wp","href":"https:\/\/api.w.org\/{rel}","templated":true}]}}