{"id":13093,"date":"2024-06-04T09:12:49","date_gmt":"2024-06-04T07:12:49","guid":{"rendered":"https:\/\/www.renouvelle.be\/?p=13093"},"modified":"2024-06-04T09:47:05","modified_gmt":"2024-06-04T07:47:05","slug":"reinventons-nos-futurs-pour-une-transition-climatique-solidaire","status":"publish","type":"post","link":"https:\/\/www.renouvelle.be\/fr\/reinventons-nos-futurs-pour-une-transition-climatique-solidaire\/","title":{"rendered":"R\u00e9inventons nos futurs, pour une transition climatique solidaire"},"content":{"rendered":"\n<p><\/p>\n\n\n\n<p>Imaginer le futur est toujours un exercice difficile. Combien de c\u00e9l\u00e8bres voyants ou experts ne se sont-ils pas fourvoy\u00e9s dans des pr\u00e9dictions erron\u00e9es, allant des proph\u00e9ties apocalyptiques aux pr\u00e9visions \u00e9conomiques ou politiques \u00e0 c\u00f4t\u00e9 de la plaque&nbsp;?<\/p>\n\n\n\n<p>\u00c0 Charleroi, <a href=\"https:\/\/energiecommune.be\/\" target=\"_blank\" rel=\"noreferrer noopener\">Energie Commune<\/a> et le <a href=\"https:\/\/gsara.be\/\" target=\"_blank\" rel=\"noreferrer noopener\">GSARA<\/a> ont voulu relever ce d\u00e9fi avec des citoyens en lien avec le CPAS, peu habitu\u00e9s \u00e0 se plonger dans le long terme. Comment imaginer le futur quand le pr\u00e9sent vous tenaille avec ses urgences quotidiennes comme manger, se chauffer, se v\u00eatir, payer les factures&nbsp;? Quel r\u00f4le les citoyens peuvent-ils jouer dans un sc\u00e9nario o\u00f9 tout \u00ab&nbsp;se d\u00e9cide&nbsp;\u00bb bien au-dessus de leurs t\u00eates&nbsp;?<\/p>\n\n\n\n<p><strong>Pour mener \u00e0 bien ce projet, nous avons choisi de travailler avec deux groupes&nbsp;:<\/strong><\/p>\n\n\n\n<ul class=\"wp-block-list\">\n<li>l\u2019habitat solidaire de Couillet, qui rassemble des personnes \u00e9mergeant au CPAS qui veulent faire l\u2019exp\u00e9rience d\u2019une vie en communaut\u00e9 bas\u00e9e sur des liens de solidarit\u00e9, sur une prise de d\u00e9cision d\u00e9mocratique et sur la r\u00e9alisation de projets en lien avec le quartier ou avec la soci\u00e9t\u00e9. Avec ce groupe, nous avons d\u00e9velopp\u00e9 un projet de BD ancr\u00e9e dans une vision futuriste de Charleroi dans un monde post-apocalyptique;&nbsp;<br><\/li>\n\n\n\n<li>le groupe SIS (Service d\u2019Insertion Sociale) de l\u2019espace citoyen du CPAS \u00e0 Marchienne-au-Pont qui s\u2019est projet\u00e9 en 2050 en imaginant \u00e0 quoi ressemblerait le monde. Comme la situation est loin d\u2019\u00eatre positive, ils trouvent un moyen pour voyager dans le temps et retourner en 2023 en esp\u00e9rant modifier leur \u00ab\u00a0destin\u00a0\u00bb&#8230;<\/li>\n<\/ul>\n\n\n\n<p>Nous sommes partis des repr\u00e9sentations des participant\u00b7e\u00b7s pour aller plus loin et voir comment ils et elles se situent dans ce d\u00e9bat. Nous avons privil\u00e9gi\u00e9 les modes d\u2019expression artistique avec d\u2019un c\u00f4t\u00e9 (pour l\u2019habitat solidaire de Couillet) la cr\u00e9ation d\u2019un r\u00e9cit uchronique et de l\u2019autre (pour le groupe du CPAS de Marchienne-au-Pont) la cr\u00e9ation d\u2019un journal vid\u00e9o du futur.<\/p>\n\n\n\n<h2 class=\"wp-block-heading\"><strong>Pourquoi Charleroi&nbsp;?<\/strong><\/h2>\n\n\n\n<p>Marqu\u00e9e par son pass\u00e9 industriel, Charleroi est confront\u00e9e \u00e0 des d\u00e9fis sociaux et environnementaux importants. Ici comme ailleurs dans le monde, ce sont les personnes les plus pr\u00e9caris\u00e9es qui vivent dans les endroits les plus pollu\u00e9s et subissent le plus les effets du changement climatique. Symbole d\u2019une r\u00e9gion post-industrielle, Charleroi doit se reconstruire sur de nouvelles bases et envisager le futur dans toute sa complexit\u00e9 en tenant compte, bien s\u00fbr, de l\u2019urgence sociale et climatique.<\/p>\n\n\n\n<h2 class=\"wp-block-heading\"><strong>Imaginer le futur pour encourager son changement<\/strong><\/h2>\n\n\n\n<p>Les sc\u00e9narios futuristes, m\u00eame s&rsquo;ils ne se r\u00e9alisent pas toujours, encouragent la r\u00e9flexion sur les tendances actuelles et les changements potentiels. Ils poussent \u00e0 l&rsquo;adaptation et \u00e0 l&rsquo;\u00e9volution, for\u00e7ant les individus et les organisations \u00e0 se pr\u00e9parer \u00e0 diff\u00e9rents sc\u00e9narios. Les pr\u00e9occupations concernant le changement climatique ont, par exemple, conduit au d\u00e9veloppement de technologies vertes et de politiques de durabilit\u00e9.<\/p>\n\n\n\n<p>Bien qu&rsquo;imparfaite, la pr\u00e9vision sert aussi de guide moral. En envisageant les cons\u00e9quences futures de nos actions pr\u00e9sentes, nous sommes incit\u00e9s \u00e0 agir de mani\u00e8re responsable et \u00e9thique. L&rsquo;id\u00e9e d&rsquo;un avenir durable et prosp\u00e8re pour les g\u00e9n\u00e9rations futures est une motivation puissante pour adopter des comportements \u00e9cologiques et justes aujourd&rsquo;hui.<\/p>\n\n\n\n<h2 class=\"wp-block-heading\"><strong>Pourquoi parler du futur avec les personnes pr\u00e9caris\u00e9es&nbsp;?<\/strong><\/h2>\n\n\n\n<p>Ces personnes n\u2019ont souvent pas la parole et sont peu repr\u00e9sent\u00e9es et \u00e9cout\u00e9es dans les m\u00e9dias alors qu\u2019elles sont <a href=\"https:\/\/www.renouvelle.be\/fr\/la-precarite-energetique-touche-de-plus-en-plus-de-foyers-belges\/\" target=\"_blank\" rel=\"noreferrer noopener\">les plus confront\u00e9es<\/a> aux effets du changement climatique. D\u2019o\u00f9 l\u2019int\u00e9r\u00eat de r\u00e9fl\u00e9chir avec elles \u00e0 des solutions qui tiennent compte de leurs pr\u00e9occupations. Il ne s\u2019agit pas de livrer un \u00ab\u00a0mode d\u2019emploi\u00a0\u00bb pour le futur mais bien d\u2019imaginer des r\u00e9cits et d\u2019en d\u00e9battre \u00e0 plus grande \u00e9chelle. En imaginant un avenir commun, nous pouvons davantage nous rassembler autour d&rsquo;objectifs partag\u00e9s et de visions collectives. Cette vision commune est essentielle pour la coh\u00e9sion sociale et la solidarit\u00e9 entre les diff\u00e9rentes couches de la population.<\/p>\n\n\n\n<h2 class=\"wp-block-heading\"><strong>Une expo \u00e0 la maison de la presse de Charleroi<\/strong><\/h2>\n\n\n\n<p>Celle-ci pr\u00e9sente des extraits de la BD\u00a0et est visible \u00e0 la <a href=\"https:\/\/maisondelapresse.wordpress.com\/\" target=\"_blank\" rel=\"noreferrer noopener\">Maison de la presse de Charleroi<\/a>, du 7 juin au 15 juillet 2024.<\/p>\n\n\n<div class=\"wp-block-image\">\n<figure class=\"alignright size-full is-resized\"><img loading=\"lazy\" decoding=\"async\" width=\"605\" height=\"403\" src=\"https:\/\/www.renouvelle.be\/wp-content\/uploads\/2024\/06\/reinventons-nos-futurs.jpg\" alt=\"\" class=\"wp-image-13128\" style=\"width:467px;height:auto\" srcset=\"https:\/\/www.renouvelle.be\/wp-content\/uploads\/2024\/06\/reinventons-nos-futurs.jpg 605w, https:\/\/www.renouvelle.be\/wp-content\/uploads\/2024\/06\/reinventons-nos-futurs-300x200.jpg 300w\" sizes=\"auto, (max-width: 605px) 100vw, 605px\" \/><\/figure>\n<\/div>\n\n\n<p>Un <a href=\"https:\/\/view.genially.com\/65d7530602ca0200142dec8a\/video-presentation-reinventons-nos-futurs\" target=\"_blank\" rel=\"noreferrer noopener\">site interactif<\/a> issu des r\u00e9flexions men\u00e9es avec le groupe de Marchienne-au-Pont\u00a0y sera \u00e9galement pr\u00e9sent\u00e9.<br><br>En marge de l\u2019expo, une animation sera propos\u00e9e aux citoyens qui voudraient participer \u00e0 ce projet\u00a0: ils peuvent se faire prendre en photo devant un fond vert. Gr\u00e2ce \u00e0 des techniques de photos adapt\u00e9es en dessin, ils pourront ainsi incarner des personnages de la BD en cours de construction. \u00a0<\/p>\n","protected":false},"excerpt":{"rendered":"<p>Imaginer le futur est toujours un exercice difficile. Combien de c\u00e9l\u00e8bres voyants ou experts ne se sont-ils pas fourvoy\u00e9s dans des pr\u00e9dictions erron\u00e9es, allant des proph\u00e9ties apocalyptiques aux pr\u00e9visions \u00e9conomiques ou politiques \u00e0 c\u00f4t\u00e9 de la plaque&nbsp;? \u00c0 Charleroi, Energie Commune et le GSARA ont voulu relever ce d\u00e9fi avec des citoyens en lien avec le CPAS, peu habitu\u00e9s \u00e0 se plonger dans le long terme. Comment imaginer le futur quand le pr\u00e9sent vous tenaille avec ses urgences quotidiennes comme manger, se chauffer, se v\u00eatir, payer les factures&nbsp;? Quel r\u00f4le les citoyens peuvent-ils jouer dans un sc\u00e9nario o\u00f9 tout \u00ab&nbsp;se d\u00e9cide&nbsp;\u00bb bien au-dessus de leurs t\u00eates&nbsp;? Pour mener \u00e0 bien ce projet, nous avons choisi de travailler avec deux groupes&nbsp;: Nous sommes partis des repr\u00e9sentations des participant\u00b7e\u00b7s pour aller plus loin et voir comment ils et elles se situent dans ce d\u00e9bat. Nous avons privil\u00e9gi\u00e9 les modes d\u2019expression artistique avec d\u2019un c\u00f4t\u00e9 (pour l\u2019habitat solidaire de Couillet) la cr\u00e9ation d\u2019un r\u00e9cit uchronique et de l\u2019autre (pour le groupe du CPAS de Marchienne-au-Pont) la cr\u00e9ation d\u2019un journal vid\u00e9o du futur. Pourquoi Charleroi&nbsp;? Marqu\u00e9e par son pass\u00e9 industriel, Charleroi est confront\u00e9e \u00e0 des d\u00e9fis sociaux et environnementaux importants. Ici comme ailleurs dans le monde, ce sont les personnes les plus pr\u00e9caris\u00e9es qui vivent dans les endroits les plus pollu\u00e9s et subissent le plus les effets du changement climatique. Symbole d\u2019une r\u00e9gion post-industrielle, Charleroi doit se reconstruire sur de nouvelles bases et envisager le futur dans toute sa complexit\u00e9 en tenant compte, bien s\u00fbr, de l\u2019urgence sociale et climatique. Imaginer le futur pour encourager son changement Les sc\u00e9narios futuristes, m\u00eame s&rsquo;ils ne se r\u00e9alisent pas toujours, encouragent la r\u00e9flexion sur les tendances actuelles et les changements potentiels. Ils poussent \u00e0 l&rsquo;adaptation et \u00e0 &hellip; <a href=\"https:\/\/www.renouvelle.be\/fr\/reinventons-nos-futurs-pour-une-transition-climatique-solidaire\/\" class=\"more-link\">Continue reading<span class=\"screen-reader-text\"> \u00ab\u00a0R\u00e9inventons nos futurs, pour une transition climatique solidaire\u00a0\u00bb<\/span><\/a><\/p>\n","protected":false},"author":33,"featured_media":13115,"comment_status":"closed","ping_status":"closed","sticky":false,"template":"","format":"standard","meta":{"_acf_changed":false,"footnotes":""},"categories":[16],"tags":[],"section":[8],"class_list":["post-13093","post","type-post","status-publish","format-standard","has-post-thumbnail","hentry","category-actualite","section-energie-renouvelables"],"acf":[],"yoast_head":"<!-- This site is optimized with the Yoast SEO plugin v27.5 - https:\/\/yoast.com\/product\/yoast-seo-wordpress\/ -->\n<title>R\u00e9inventons nos futurs, pour une transition climatique solidaire - Renouvelle<\/title>\n<meta name=\"description\" content=\"Les personnes les plus pr\u00e9caris\u00e9es sont les plus touch\u00e9es par le changement climatique. Premi\u00e8res concern\u00e9es, elles imaginent le futur.\" \/>\n<meta name=\"robots\" content=\"index, follow, max-snippet:-1, max-image-preview:large, max-video-preview:-1\" \/>\n<link rel=\"canonical\" href=\"https:\/\/www.renouvelle.be\/fr\/reinventons-nos-futurs-pour-une-transition-climatique-solidaire\/\" \/>\n<meta property=\"og:locale\" content=\"fr_FR\" \/>\n<meta property=\"og:type\" content=\"article\" \/>\n<meta property=\"og:title\" content=\"R\u00e9inventons nos futurs, pour une transition climatique solidaire - Renouvelle\" \/>\n<meta property=\"og:description\" content=\"Les personnes les plus pr\u00e9caris\u00e9es sont les plus touch\u00e9es par le changement climatique. Premi\u00e8res concern\u00e9es, elles imaginent le futur.\" \/>\n<meta property=\"og:url\" content=\"https:\/\/www.renouvelle.be\/fr\/reinventons-nos-futurs-pour-une-transition-climatique-solidaire\/\" \/>\n<meta property=\"og:site_name\" content=\"Renouvelle\" \/>\n<meta property=\"article:published_time\" content=\"2024-06-04T07:12:49+00:00\" \/>\n<meta property=\"article:modified_time\" content=\"2024-06-04T07:47:05+00:00\" \/>\n<meta property=\"og:image\" content=\"https:\/\/www.renouvelle.be\/wp-content\/uploads\/2024\/06\/iStock-674596590.jpg\" \/>\n\t<meta property=\"og:image:width\" content=\"2335\" \/>\n\t<meta property=\"og:image:height\" content=\"1284\" \/>\n\t<meta property=\"og:image:type\" content=\"image\/jpeg\" \/>\n<meta name=\"author\" content=\"Roland D&#039;Hoop\" \/>\n<meta name=\"twitter:card\" content=\"summary_large_image\" \/>\n<script type=\"application\/ld+json\" class=\"yoast-schema-graph\">{\"@context\":\"https:\\\/\\\/schema.org\",\"@graph\":[{\"@type\":\"Article\",\"@id\":\"https:\\\/\\\/www.renouvelle.be\\\/fr\\\/reinventons-nos-futurs-pour-une-transition-climatique-solidaire\\\/#article\",\"isPartOf\":{\"@id\":\"https:\\\/\\\/www.renouvelle.be\\\/fr\\\/reinventons-nos-futurs-pour-une-transition-climatique-solidaire\\\/\"},\"author\":{\"name\":\"Roland D'Hoop\",\"@id\":\"https:\\\/\\\/www.renouvelle.be\\\/fr\\\/#\\\/schema\\\/person\\\/f7915fd49dbf3d7119b794b35aec9fef\"},\"headline\":\"R\u00e9inventons nos futurs, pour une transition climatique solidaire\",\"datePublished\":\"2024-06-04T07:12:49+00:00\",\"dateModified\":\"2024-06-04T07:47:05+00:00\",\"mainEntityOfPage\":{\"@id\":\"https:\\\/\\\/www.renouvelle.be\\\/fr\\\/reinventons-nos-futurs-pour-une-transition-climatique-solidaire\\\/\"},\"wordCount\":813,\"image\":{\"@id\":\"https:\\\/\\\/www.renouvelle.be\\\/fr\\\/reinventons-nos-futurs-pour-une-transition-climatique-solidaire\\\/#primaryimage\"},\"thumbnailUrl\":\"https:\\\/\\\/www.renouvelle.be\\\/wp-content\\\/uploads\\\/2024\\\/06\\\/iStock-674596590.jpg\",\"articleSection\":[\"Actualit\u00e9\"],\"inLanguage\":\"fr-FR\"},{\"@type\":\"WebPage\",\"@id\":\"https:\\\/\\\/www.renouvelle.be\\\/fr\\\/reinventons-nos-futurs-pour-une-transition-climatique-solidaire\\\/\",\"url\":\"https:\\\/\\\/www.renouvelle.be\\\/fr\\\/reinventons-nos-futurs-pour-une-transition-climatique-solidaire\\\/\",\"name\":\"R\u00e9inventons nos futurs, pour une transition climatique solidaire - Renouvelle\",\"isPartOf\":{\"@id\":\"https:\\\/\\\/www.renouvelle.be\\\/fr\\\/#website\"},\"primaryImageOfPage\":{\"@id\":\"https:\\\/\\\/www.renouvelle.be\\\/fr\\\/reinventons-nos-futurs-pour-une-transition-climatique-solidaire\\\/#primaryimage\"},\"image\":{\"@id\":\"https:\\\/\\\/www.renouvelle.be\\\/fr\\\/reinventons-nos-futurs-pour-une-transition-climatique-solidaire\\\/#primaryimage\"},\"thumbnailUrl\":\"https:\\\/\\\/www.renouvelle.be\\\/wp-content\\\/uploads\\\/2024\\\/06\\\/iStock-674596590.jpg\",\"datePublished\":\"2024-06-04T07:12:49+00:00\",\"dateModified\":\"2024-06-04T07:47:05+00:00\",\"author\":{\"@id\":\"https:\\\/\\\/www.renouvelle.be\\\/fr\\\/#\\\/schema\\\/person\\\/f7915fd49dbf3d7119b794b35aec9fef\"},\"description\":\"Les personnes les plus pr\u00e9caris\u00e9es sont les plus touch\u00e9es par le changement climatique. Premi\u00e8res concern\u00e9es, elles imaginent le futur.\",\"breadcrumb\":{\"@id\":\"https:\\\/\\\/www.renouvelle.be\\\/fr\\\/reinventons-nos-futurs-pour-une-transition-climatique-solidaire\\\/#breadcrumb\"},\"inLanguage\":\"fr-FR\",\"potentialAction\":[{\"@type\":\"ReadAction\",\"target\":[\"https:\\\/\\\/www.renouvelle.be\\\/fr\\\/reinventons-nos-futurs-pour-une-transition-climatique-solidaire\\\/\"]}]},{\"@type\":\"ImageObject\",\"inLanguage\":\"fr-FR\",\"@id\":\"https:\\\/\\\/www.renouvelle.be\\\/fr\\\/reinventons-nos-futurs-pour-une-transition-climatique-solidaire\\\/#primaryimage\",\"url\":\"https:\\\/\\\/www.renouvelle.be\\\/wp-content\\\/uploads\\\/2024\\\/06\\\/iStock-674596590.jpg\",\"contentUrl\":\"https:\\\/\\\/www.renouvelle.be\\\/wp-content\\\/uploads\\\/2024\\\/06\\\/iStock-674596590.jpg\",\"width\":2335,\"height\":1284,\"caption\":\"futur\"},{\"@type\":\"BreadcrumbList\",\"@id\":\"https:\\\/\\\/www.renouvelle.be\\\/fr\\\/reinventons-nos-futurs-pour-une-transition-climatique-solidaire\\\/#breadcrumb\",\"itemListElement\":[{\"@type\":\"ListItem\",\"position\":1,\"name\":\"Accueil\",\"item\":\"https:\\\/\\\/www.renouvelle.be\\\/fr\\\/\"},{\"@type\":\"ListItem\",\"position\":2,\"name\":\"R\u00e9inventons nos futurs, pour une transition climatique solidaire\"}]},{\"@type\":\"WebSite\",\"@id\":\"https:\\\/\\\/www.renouvelle.be\\\/fr\\\/#website\",\"url\":\"https:\\\/\\\/www.renouvelle.be\\\/fr\\\/\",\"name\":\"Renouvelle\",\"description\":\"L&#039;actualit\u00e9 de l&#039;\u00e9nergie durable\",\"potentialAction\":[{\"@type\":\"SearchAction\",\"target\":{\"@type\":\"EntryPoint\",\"urlTemplate\":\"https:\\\/\\\/www.renouvelle.be\\\/fr\\\/?s={search_term_string}\"},\"query-input\":{\"@type\":\"PropertyValueSpecification\",\"valueRequired\":true,\"valueName\":\"search_term_string\"}}],\"inLanguage\":\"fr-FR\"},{\"@type\":\"Person\",\"@id\":\"https:\\\/\\\/www.renouvelle.be\\\/fr\\\/#\\\/schema\\\/person\\\/f7915fd49dbf3d7119b794b35aec9fef\",\"name\":\"Roland D'Hoop\",\"url\":\"https:\\\/\\\/www.renouvelle.be\\\/fr\\\/author\\\/rdhoop\\\/\"}]}<\/script>\n<!-- \/ Yoast SEO plugin. -->","yoast_head_json":{"title":"R\u00e9inventons nos futurs, pour une transition climatique solidaire - Renouvelle","description":"Les personnes les plus pr\u00e9caris\u00e9es sont les plus touch\u00e9es par le changement climatique. Premi\u00e8res concern\u00e9es, elles imaginent le futur.","robots":{"index":"index","follow":"follow","max-snippet":"max-snippet:-1","max-image-preview":"max-image-preview:large","max-video-preview":"max-video-preview:-1"},"canonical":"https:\/\/www.renouvelle.be\/fr\/reinventons-nos-futurs-pour-une-transition-climatique-solidaire\/","og_locale":"fr_FR","og_type":"article","og_title":"R\u00e9inventons nos futurs, pour une transition climatique solidaire - Renouvelle","og_description":"Les personnes les plus pr\u00e9caris\u00e9es sont les plus touch\u00e9es par le changement climatique. Premi\u00e8res concern\u00e9es, elles imaginent le futur.","og_url":"https:\/\/www.renouvelle.be\/fr\/reinventons-nos-futurs-pour-une-transition-climatique-solidaire\/","og_site_name":"Renouvelle","article_published_time":"2024-06-04T07:12:49+00:00","article_modified_time":"2024-06-04T07:47:05+00:00","og_image":[{"width":2335,"height":1284,"url":"https:\/\/www.renouvelle.be\/wp-content\/uploads\/2024\/06\/iStock-674596590.jpg","type":"image\/jpeg"}],"author":"Roland D'Hoop","twitter_card":"summary_large_image","schema":{"@context":"https:\/\/schema.org","@graph":[{"@type":"Article","@id":"https:\/\/www.renouvelle.be\/fr\/reinventons-nos-futurs-pour-une-transition-climatique-solidaire\/#article","isPartOf":{"@id":"https:\/\/www.renouvelle.be\/fr\/reinventons-nos-futurs-pour-une-transition-climatique-solidaire\/"},"author":{"name":"Roland D'Hoop","@id":"https:\/\/www.renouvelle.be\/fr\/#\/schema\/person\/f7915fd49dbf3d7119b794b35aec9fef"},"headline":"R\u00e9inventons nos futurs, pour une transition climatique solidaire","datePublished":"2024-06-04T07:12:49+00:00","dateModified":"2024-06-04T07:47:05+00:00","mainEntityOfPage":{"@id":"https:\/\/www.renouvelle.be\/fr\/reinventons-nos-futurs-pour-une-transition-climatique-solidaire\/"},"wordCount":813,"image":{"@id":"https:\/\/www.renouvelle.be\/fr\/reinventons-nos-futurs-pour-une-transition-climatique-solidaire\/#primaryimage"},"thumbnailUrl":"https:\/\/www.renouvelle.be\/wp-content\/uploads\/2024\/06\/iStock-674596590.jpg","articleSection":["Actualit\u00e9"],"inLanguage":"fr-FR"},{"@type":"WebPage","@id":"https:\/\/www.renouvelle.be\/fr\/reinventons-nos-futurs-pour-une-transition-climatique-solidaire\/","url":"https:\/\/www.renouvelle.be\/fr\/reinventons-nos-futurs-pour-une-transition-climatique-solidaire\/","name":"R\u00e9inventons nos futurs, pour une transition climatique solidaire - Renouvelle","isPartOf":{"@id":"https:\/\/www.renouvelle.be\/fr\/#website"},"primaryImageOfPage":{"@id":"https:\/\/www.renouvelle.be\/fr\/reinventons-nos-futurs-pour-une-transition-climatique-solidaire\/#primaryimage"},"image":{"@id":"https:\/\/www.renouvelle.be\/fr\/reinventons-nos-futurs-pour-une-transition-climatique-solidaire\/#primaryimage"},"thumbnailUrl":"https:\/\/www.renouvelle.be\/wp-content\/uploads\/2024\/06\/iStock-674596590.jpg","datePublished":"2024-06-04T07:12:49+00:00","dateModified":"2024-06-04T07:47:05+00:00","author":{"@id":"https:\/\/www.renouvelle.be\/fr\/#\/schema\/person\/f7915fd49dbf3d7119b794b35aec9fef"},"description":"Les personnes les plus pr\u00e9caris\u00e9es sont les plus touch\u00e9es par le changement climatique. Premi\u00e8res concern\u00e9es, elles imaginent le futur.","breadcrumb":{"@id":"https:\/\/www.renouvelle.be\/fr\/reinventons-nos-futurs-pour-une-transition-climatique-solidaire\/#breadcrumb"},"inLanguage":"fr-FR","potentialAction":[{"@type":"ReadAction","target":["https:\/\/www.renouvelle.be\/fr\/reinventons-nos-futurs-pour-une-transition-climatique-solidaire\/"]}]},{"@type":"ImageObject","inLanguage":"fr-FR","@id":"https:\/\/www.renouvelle.be\/fr\/reinventons-nos-futurs-pour-une-transition-climatique-solidaire\/#primaryimage","url":"https:\/\/www.renouvelle.be\/wp-content\/uploads\/2024\/06\/iStock-674596590.jpg","contentUrl":"https:\/\/www.renouvelle.be\/wp-content\/uploads\/2024\/06\/iStock-674596590.jpg","width":2335,"height":1284,"caption":"futur"},{"@type":"BreadcrumbList","@id":"https:\/\/www.renouvelle.be\/fr\/reinventons-nos-futurs-pour-une-transition-climatique-solidaire\/#breadcrumb","itemListElement":[{"@type":"ListItem","position":1,"name":"Accueil","item":"https:\/\/www.renouvelle.be\/fr\/"},{"@type":"ListItem","position":2,"name":"R\u00e9inventons nos futurs, pour une transition climatique solidaire"}]},{"@type":"WebSite","@id":"https:\/\/www.renouvelle.be\/fr\/#website","url":"https:\/\/www.renouvelle.be\/fr\/","name":"Renouvelle","description":"L&#039;actualit\u00e9 de l&#039;\u00e9nergie durable","potentialAction":[{"@type":"SearchAction","target":{"@type":"EntryPoint","urlTemplate":"https:\/\/www.renouvelle.be\/fr\/?s={search_term_string}"},"query-input":{"@type":"PropertyValueSpecification","valueRequired":true,"valueName":"search_term_string"}}],"inLanguage":"fr-FR"},{"@type":"Person","@id":"https:\/\/www.renouvelle.be\/fr\/#\/schema\/person\/f7915fd49dbf3d7119b794b35aec9fef","name":"Roland D'Hoop","url":"https:\/\/www.renouvelle.be\/fr\/author\/rdhoop\/"}]}},"_links":{"self":[{"href":"https:\/\/www.renouvelle.be\/fr\/wp-json\/wp\/v2\/posts\/13093","targetHints":{"allow":["GET"]}}],"collection":[{"href":"https:\/\/www.renouvelle.be\/fr\/wp-json\/wp\/v2\/posts"}],"about":[{"href":"https:\/\/www.renouvelle.be\/fr\/wp-json\/wp\/v2\/types\/post"}],"author":[{"embeddable":true,"href":"https:\/\/www.renouvelle.be\/fr\/wp-json\/wp\/v2\/users\/33"}],"replies":[{"embeddable":true,"href":"https:\/\/www.renouvelle.be\/fr\/wp-json\/wp\/v2\/comments?post=13093"}],"version-history":[{"count":30,"href":"https:\/\/www.renouvelle.be\/fr\/wp-json\/wp\/v2\/posts\/13093\/revisions"}],"predecessor-version":[{"id":13136,"href":"https:\/\/www.renouvelle.be\/fr\/wp-json\/wp\/v2\/posts\/13093\/revisions\/13136"}],"wp:featuredmedia":[{"embeddable":true,"href":"https:\/\/www.renouvelle.be\/fr\/wp-json\/wp\/v2\/media\/13115"}],"wp:attachment":[{"href":"https:\/\/www.renouvelle.be\/fr\/wp-json\/wp\/v2\/media?parent=13093"}],"wp:term":[{"taxonomy":"category","embeddable":true,"href":"https:\/\/www.renouvelle.be\/fr\/wp-json\/wp\/v2\/categories?post=13093"},{"taxonomy":"post_tag","embeddable":true,"href":"https:\/\/www.renouvelle.be\/fr\/wp-json\/wp\/v2\/tags?post=13093"},{"taxonomy":"section","embeddable":true,"href":"https:\/\/www.renouvelle.be\/fr\/wp-json\/wp\/v2\/section?post=13093"}],"curies":[{"name":"wp","href":"https:\/\/api.w.org\/{rel}","templated":true}]}}