{"id":13074,"date":"2024-05-30T09:38:12","date_gmt":"2024-05-30T07:38:12","guid":{"rendered":"https:\/\/www.renouvelle.be\/?p=13074"},"modified":"2024-05-30T09:38:19","modified_gmt":"2024-05-30T07:38:19","slug":"la-precarite-energetique-touche-de-plus-en-plus-de-foyers-belges","status":"publish","type":"post","link":"https:\/\/www.renouvelle.be\/fr\/la-precarite-energetique-touche-de-plus-en-plus-de-foyers-belges\/","title":{"rendered":"La pr\u00e9carit\u00e9 \u00e9nerg\u00e9tique touche de plus en plus de foyers belges"},"content":{"rendered":"\n<p>C\u2019est plus pr\u00e9cis\u00e9ment 21,8% de foyers qui \u00e9taient concern\u00e9s, soit 6,9% de plus qu\u2019en 2021. Les chiffres partag\u00e9s dans le r\u00e9cent barom\u00e8tre de la <a href=\"https:\/\/kbs-frb.be\/fr\" target=\"_blank\" rel=\"noreferrer noopener\">Fondation Roi Baudouin<\/a> montrent que la consommation d\u2019\u00e9nergie continue d\u2019\u00eatre une source de pr\u00e9occupations pour beaucoup d\u2019entre nous.\u00a0<\/p>\n\n\n\n<p>Pour rappel, la pr\u00e9carit\u00e9 \u00e9nerg\u00e9tique est la difficult\u00e9 \u00e0 pouvoir r\u00e9pondre \u00e0 ses propres besoins \u00e9nerg\u00e9tiques pour des utilisations \u00e9l\u00e9mentaires&nbsp;: se chauffer, s\u2019\u00e9clairer, cuisiner, etc. Une situation qui r\u00e9sulte de plusieurs facteurs comme des revenus trop faibles, une habitation aux mauvaises performances \u00e9nerg\u00e9tiques ou encore des prix de l\u2019\u00e9nergie trop \u00e9lev\u00e9s.<\/p>\n\n\n\n<p>Consacrant 73 euros suppl\u00e9mentaires par mois aux factures \u00e9nerg\u00e9tiques, 13,5% des m\u00e9nages ont des co\u00fbts \u00e9nerg\u00e9tiques trop \u00e9lev\u00e9s par rapport \u00e0 leurs revenus. Une augmentation de la pr\u00e9carit\u00e9 \u00e9nerg\u00e9tique r\u00e9partie diff\u00e9remment selon les r\u00e9gions avec la Wallonie qui enregistre le taux le plus \u00e9lev\u00e9 grimpant \u00e0 29,2%. Suivent ensuite la R\u00e9gion de Bruxelles-Capitale avec 28,2% et la Flandre avec le taux le plus bas\u00a0: 16,4%.<\/p>\n\n\n\n<p>Cette situation est, sans surprise, la cons\u00e9quence de plusieurs crises successives (voire simultan\u00e9es) depuis ces derni\u00e8res ann\u00e9es. La pand\u00e9mie du COVID qui avait vu la demande en \u00e9lectricit\u00e9 fortement chuter pendant le confinement a \u00e9t\u00e9 suivie d\u2019une reprise rapide cr\u00e9ant un d\u00e9s\u00e9quilibre entre l\u2019offre et la demande, et donc une hausse des prix de l\u2019\u00e9nergie. Le conflit en Ukraine a aggrav\u00e9 les choses provoquant leur envol\u00e9e.<\/p>\n\n\n\n<p>En d\u00e9cembre 2022, le prix pour 1 MWh de gaz naturel \u00e9tait 2,5 fois plus \u00e9lev\u00e9 qu\u2019en 2018 et m\u00eame 4 fois plus qu\u2019en d\u00e9cembre 2020. Celui du mazout \u00e9tait plus \u00e9lev\u00e9 de 28% par rapport \u00e0 2021.<\/p>\n\n\n\n<p>Cette crise de l\u2019\u00e9nergie n\u2019a pas qu\u2019exclusivement touch\u00e9 les couches les plus fragiles de la soci\u00e9t\u00e9. La s\u00e9v\u00e9rit\u00e9 de cette crise a d\u00e9montr\u00e9 que la pr\u00e9carit\u00e9 \u00e9nerg\u00e9tique pouvait d\u00e9sormais toucher chacun d\u2019entre nous, y compris la classe moyenne. Si celle dite \u00ab&nbsp;centrale&nbsp;\u00bb reste stable, la classe moyenne \u00ab&nbsp;basse&nbsp;\u00bb quant \u00e0 elle passe de 36,2% en 2021 \u00e0 43% l\u2019ann\u00e9e qui suit. Les isol\u00e9s et familles monoparentales restent les plus vuln\u00e9rables face \u00e0 la pr\u00e9carit\u00e9 \u00e9nerg\u00e9tique et pour ces derni\u00e8res le taux passe de 24,8% \u00e0 37,4%.<\/p>\n\n\n\n<p><strong>Comment le renouvelable pourraient aider \u00e0 lutter contre la pr\u00e9carit\u00e9 \u00e9nerg\u00e9tique\u00a0?<\/strong><br>Les \u00e9nergies renouvelables ont des co\u00fbts de production inf\u00e9rieurs \u00e0 ceux des \u00e9nergies fossiles ainsi que des prix plus stables, ce qui a donc un impact positif sur les factures. Bien s\u00fbr, cela doit aussi s\u2019accompagner par la r\u00e9novation des logements. En am\u00e9liorer l&rsquo;efficacit\u00e9 \u00e9nerg\u00e9tique contribue \u00e0 une meilleure gestion des d\u00e9penses \u00e9nerg\u00e9tiques et donc des co\u00fbts allou\u00e9s \u00e0 l\u2019\u00e9nergie.<\/p>\n\n\n\n<p>Alors, comment inclure les personnes en pr\u00e9carit\u00e9 \u00e9nerg\u00e9tique dans la transition \u00e9nerg\u00e9tique afin qu\u2019elles puissent profiter des b\u00e9n\u00e9fices des \u00e9nergies renouvelables au m\u00eame titre que le reste de la soci\u00e9t\u00e9 ?<\/p>\n\n\n\n<p>Le <a href=\"https:\/\/energiecommune.be\/memorandum\/\" target=\"_blank\" rel=\"noreferrer noopener\">m\u00e9morandum d\u2019Energie Commune<\/a> propose plusieurs solutions concr\u00e8tes afin de d\u00e9carboner la lutte contre la pr\u00e9carit\u00e9 \u00e9nerg\u00e9tique\u00a0:<\/p>\n\n\n\n<ul class=\"wp-block-list\">\n<li>Soutenir financi\u00e8rement l\u2019acc\u00e8s \u00e0 une production d\u2019\u00e9nergie renouvelable et locale.<\/li>\n\n\n\n<li>Inciter l\u2019inclusion des personnes en pr\u00e9carit\u00e9 \u00e9nerg\u00e9tique dans le partage d\u2019\u00e9nergie via le fond social f\u00e9d\u00e9ral.<\/li>\n\n\n\n<li>Encourager le partage d\u2019\u00e9nergie au sein des logements sociaux.<\/li>\n\n\n\n<li>Cr\u00e9er des projets de partage d\u2019\u00e9nergie incluant des personnes en pr\u00e9carit\u00e9 \u00e9nerg\u00e9tique.<\/li>\n<\/ul>\n\n\n\n<p>D\u00e9mocratiser la transition \u00e9nerg\u00e9tique est donc essentielle afin que toute la soci\u00e9t\u00e9 puisse avoir \u00e9quitablement acc\u00e8s aux \u00e9nergies renouvelables.<\/p>\n\n\n\n<p><a id=\"_msocom_1\"><\/a><\/p>\n","protected":false},"excerpt":{"rendered":"<p>C\u2019est plus pr\u00e9cis\u00e9ment 21,8% de foyers qui \u00e9taient concern\u00e9s, soit 6,9% de plus qu\u2019en 2021. Les chiffres partag\u00e9s dans le r\u00e9cent barom\u00e8tre de la Fondation Roi Baudouin montrent que la consommation d\u2019\u00e9nergie continue d\u2019\u00eatre une source de pr\u00e9occupations pour beaucoup d\u2019entre nous.\u00a0 Pour rappel, la pr\u00e9carit\u00e9 \u00e9nerg\u00e9tique est la difficult\u00e9 \u00e0 pouvoir r\u00e9pondre \u00e0 ses propres besoins \u00e9nerg\u00e9tiques pour des utilisations \u00e9l\u00e9mentaires&nbsp;: se chauffer, s\u2019\u00e9clairer, cuisiner, etc. Une situation qui r\u00e9sulte de plusieurs facteurs comme des revenus trop faibles, une habitation aux mauvaises performances \u00e9nerg\u00e9tiques ou encore des prix de l\u2019\u00e9nergie trop \u00e9lev\u00e9s. Consacrant 73 euros suppl\u00e9mentaires par mois aux factures \u00e9nerg\u00e9tiques, 13,5% des m\u00e9nages ont des co\u00fbts \u00e9nerg\u00e9tiques trop \u00e9lev\u00e9s par rapport \u00e0 leurs revenus. Une augmentation de la pr\u00e9carit\u00e9 \u00e9nerg\u00e9tique r\u00e9partie diff\u00e9remment selon les r\u00e9gions avec la Wallonie qui enregistre le taux le plus \u00e9lev\u00e9 grimpant \u00e0 29,2%. Suivent ensuite la R\u00e9gion de Bruxelles-Capitale avec 28,2% et la Flandre avec le taux le plus bas\u00a0: 16,4%. Cette situation est, sans surprise, la cons\u00e9quence de plusieurs crises successives (voire simultan\u00e9es) depuis ces derni\u00e8res ann\u00e9es. La pand\u00e9mie du COVID qui avait vu la demande en \u00e9lectricit\u00e9 fortement chuter pendant le confinement a \u00e9t\u00e9 suivie d\u2019une reprise rapide cr\u00e9ant un d\u00e9s\u00e9quilibre entre l\u2019offre et la demande, et donc une hausse des prix de l\u2019\u00e9nergie. Le conflit en Ukraine a aggrav\u00e9 les choses provoquant leur envol\u00e9e. En d\u00e9cembre 2022, le prix pour 1 MWh de gaz naturel \u00e9tait 2,5 fois plus \u00e9lev\u00e9 qu\u2019en 2018 et m\u00eame 4 fois plus qu\u2019en d\u00e9cembre 2020. Celui du mazout \u00e9tait plus \u00e9lev\u00e9 de 28% par rapport \u00e0 2021. Cette crise de l\u2019\u00e9nergie n\u2019a pas qu\u2019exclusivement touch\u00e9 les couches les plus fragiles de la soci\u00e9t\u00e9. La s\u00e9v\u00e9rit\u00e9 de cette crise a d\u00e9montr\u00e9 que la pr\u00e9carit\u00e9 \u00e9nerg\u00e9tique pouvait &hellip; <a href=\"https:\/\/www.renouvelle.be\/fr\/la-precarite-energetique-touche-de-plus-en-plus-de-foyers-belges\/\" class=\"more-link\">Continue reading<span class=\"screen-reader-text\"> \u00ab\u00a0La pr\u00e9carit\u00e9 \u00e9nerg\u00e9tique touche de plus en plus de foyers belges\u00a0\u00bb<\/span><\/a><\/p>\n","protected":false},"author":38,"featured_media":13078,"comment_status":"closed","ping_status":"closed","sticky":false,"template":"","format":"standard","meta":{"_acf_changed":false,"footnotes":""},"categories":[17],"tags":[],"section":[],"class_list":["post-13074","post","type-post","status-publish","format-standard","has-post-thumbnail","hentry","category-actualite-en-belgique"],"acf":[],"yoast_head":"<!-- This site is optimized with the Yoast SEO plugin v27.4 - https:\/\/yoast.com\/product\/yoast-seo-wordpress\/ -->\n<title>La pr\u00e9carit\u00e9 \u00e9nerg\u00e9tique touche de plus en plus de foyers belges - Renouvelle<\/title>\n<meta name=\"description\" content=\"Depuis 2021, plus en plus de familles belges sont touch\u00e9es par la pr\u00e9carit\u00e9 \u00e9nerg\u00e9tique y compris la classe moyenne.\" \/>\n<meta name=\"robots\" content=\"index, follow, max-snippet:-1, max-image-preview:large, max-video-preview:-1\" \/>\n<link rel=\"canonical\" href=\"https:\/\/www.renouvelle.be\/fr\/la-precarite-energetique-touche-de-plus-en-plus-de-foyers-belges\/\" \/>\n<meta property=\"og:locale\" content=\"fr_FR\" \/>\n<meta property=\"og:type\" content=\"article\" \/>\n<meta property=\"og:title\" content=\"La pr\u00e9carit\u00e9 \u00e9nerg\u00e9tique touche de plus en plus de foyers belges - Renouvelle\" \/>\n<meta property=\"og:description\" content=\"Depuis 2021, plus en plus de familles belges sont touch\u00e9es par la pr\u00e9carit\u00e9 \u00e9nerg\u00e9tique y compris la classe moyenne.\" \/>\n<meta property=\"og:url\" content=\"https:\/\/www.renouvelle.be\/fr\/la-precarite-energetique-touche-de-plus-en-plus-de-foyers-belges\/\" \/>\n<meta property=\"og:site_name\" content=\"Renouvelle\" \/>\n<meta property=\"article:published_time\" content=\"2024-05-30T07:38:12+00:00\" \/>\n<meta property=\"article:modified_time\" content=\"2024-05-30T07:38:19+00:00\" \/>\n<meta property=\"og:image\" content=\"https:\/\/www.renouvelle.be\/wp-content\/uploads\/2024\/05\/iStock-1331346513-e1717053890633.jpg\" \/>\n\t<meta property=\"og:image:width\" content=\"2121\" \/>\n\t<meta property=\"og:image:height\" content=\"1307\" \/>\n\t<meta property=\"og:image:type\" content=\"image\/jpeg\" \/>\n<meta name=\"author\" content=\"Samuel Alves\" \/>\n<meta name=\"twitter:card\" content=\"summary_large_image\" \/>\n<script type=\"application\/ld+json\" class=\"yoast-schema-graph\">{\"@context\":\"https:\\\/\\\/schema.org\",\"@graph\":[{\"@type\":\"Article\",\"@id\":\"https:\\\/\\\/www.renouvelle.be\\\/fr\\\/la-precarite-energetique-touche-de-plus-en-plus-de-foyers-belges\\\/#article\",\"isPartOf\":{\"@id\":\"https:\\\/\\\/www.renouvelle.be\\\/fr\\\/la-precarite-energetique-touche-de-plus-en-plus-de-foyers-belges\\\/\"},\"author\":{\"name\":\"Samuel Alves\",\"@id\":\"https:\\\/\\\/www.renouvelle.be\\\/fr\\\/#\\\/schema\\\/person\\\/9d743366fb269eeceaa8d60e98d289d3\"},\"headline\":\"La pr\u00e9carit\u00e9 \u00e9nerg\u00e9tique touche de plus en plus de foyers belges\",\"datePublished\":\"2024-05-30T07:38:12+00:00\",\"dateModified\":\"2024-05-30T07:38:19+00:00\",\"mainEntityOfPage\":{\"@id\":\"https:\\\/\\\/www.renouvelle.be\\\/fr\\\/la-precarite-energetique-touche-de-plus-en-plus-de-foyers-belges\\\/\"},\"wordCount\":632,\"image\":{\"@id\":\"https:\\\/\\\/www.renouvelle.be\\\/fr\\\/la-precarite-energetique-touche-de-plus-en-plus-de-foyers-belges\\\/#primaryimage\"},\"thumbnailUrl\":\"https:\\\/\\\/www.renouvelle.be\\\/wp-content\\\/uploads\\\/2024\\\/05\\\/iStock-1331346513-e1717053890633.jpg\",\"articleSection\":[\"Actualit\u00e9 en Belgique\"],\"inLanguage\":\"fr-FR\"},{\"@type\":\"WebPage\",\"@id\":\"https:\\\/\\\/www.renouvelle.be\\\/fr\\\/la-precarite-energetique-touche-de-plus-en-plus-de-foyers-belges\\\/\",\"url\":\"https:\\\/\\\/www.renouvelle.be\\\/fr\\\/la-precarite-energetique-touche-de-plus-en-plus-de-foyers-belges\\\/\",\"name\":\"La pr\u00e9carit\u00e9 \u00e9nerg\u00e9tique touche de plus en plus de foyers belges - Renouvelle\",\"isPartOf\":{\"@id\":\"https:\\\/\\\/www.renouvelle.be\\\/fr\\\/#website\"},\"primaryImageOfPage\":{\"@id\":\"https:\\\/\\\/www.renouvelle.be\\\/fr\\\/la-precarite-energetique-touche-de-plus-en-plus-de-foyers-belges\\\/#primaryimage\"},\"image\":{\"@id\":\"https:\\\/\\\/www.renouvelle.be\\\/fr\\\/la-precarite-energetique-touche-de-plus-en-plus-de-foyers-belges\\\/#primaryimage\"},\"thumbnailUrl\":\"https:\\\/\\\/www.renouvelle.be\\\/wp-content\\\/uploads\\\/2024\\\/05\\\/iStock-1331346513-e1717053890633.jpg\",\"datePublished\":\"2024-05-30T07:38:12+00:00\",\"dateModified\":\"2024-05-30T07:38:19+00:00\",\"author\":{\"@id\":\"https:\\\/\\\/www.renouvelle.be\\\/fr\\\/#\\\/schema\\\/person\\\/9d743366fb269eeceaa8d60e98d289d3\"},\"description\":\"Depuis 2021, plus en plus de familles belges sont touch\u00e9es par la pr\u00e9carit\u00e9 \u00e9nerg\u00e9tique y compris la classe moyenne.\",\"breadcrumb\":{\"@id\":\"https:\\\/\\\/www.renouvelle.be\\\/fr\\\/la-precarite-energetique-touche-de-plus-en-plus-de-foyers-belges\\\/#breadcrumb\"},\"inLanguage\":\"fr-FR\",\"potentialAction\":[{\"@type\":\"ReadAction\",\"target\":[\"https:\\\/\\\/www.renouvelle.be\\\/fr\\\/la-precarite-energetique-touche-de-plus-en-plus-de-foyers-belges\\\/\"]}]},{\"@type\":\"ImageObject\",\"inLanguage\":\"fr-FR\",\"@id\":\"https:\\\/\\\/www.renouvelle.be\\\/fr\\\/la-precarite-energetique-touche-de-plus-en-plus-de-foyers-belges\\\/#primaryimage\",\"url\":\"https:\\\/\\\/www.renouvelle.be\\\/wp-content\\\/uploads\\\/2024\\\/05\\\/iStock-1331346513-e1717053890633.jpg\",\"contentUrl\":\"https:\\\/\\\/www.renouvelle.be\\\/wp-content\\\/uploads\\\/2024\\\/05\\\/iStock-1331346513-e1717053890633.jpg\",\"width\":2121,\"height\":1307,\"caption\":\"pr\u00e9carit\u00e9 \u00e9nerg\u00e9tique\"},{\"@type\":\"BreadcrumbList\",\"@id\":\"https:\\\/\\\/www.renouvelle.be\\\/fr\\\/la-precarite-energetique-touche-de-plus-en-plus-de-foyers-belges\\\/#breadcrumb\",\"itemListElement\":[{\"@type\":\"ListItem\",\"position\":1,\"name\":\"Accueil\",\"item\":\"https:\\\/\\\/www.renouvelle.be\\\/fr\\\/\"},{\"@type\":\"ListItem\",\"position\":2,\"name\":\"La pr\u00e9carit\u00e9 \u00e9nerg\u00e9tique touche de plus en plus de foyers belges\"}]},{\"@type\":\"WebSite\",\"@id\":\"https:\\\/\\\/www.renouvelle.be\\\/fr\\\/#website\",\"url\":\"https:\\\/\\\/www.renouvelle.be\\\/fr\\\/\",\"name\":\"Renouvelle\",\"description\":\"L&#039;actualit\u00e9 de l&#039;\u00e9nergie durable\",\"potentialAction\":[{\"@type\":\"SearchAction\",\"target\":{\"@type\":\"EntryPoint\",\"urlTemplate\":\"https:\\\/\\\/www.renouvelle.be\\\/fr\\\/?s={search_term_string}\"},\"query-input\":{\"@type\":\"PropertyValueSpecification\",\"valueRequired\":true,\"valueName\":\"search_term_string\"}}],\"inLanguage\":\"fr-FR\"},{\"@type\":\"Person\",\"@id\":\"https:\\\/\\\/www.renouvelle.be\\\/fr\\\/#\\\/schema\\\/person\\\/9d743366fb269eeceaa8d60e98d289d3\",\"name\":\"Samuel Alves\",\"url\":\"https:\\\/\\\/www.renouvelle.be\\\/fr\\\/author\\\/salves\\\/\"}]}<\/script>\n<!-- \/ Yoast SEO plugin. -->","yoast_head_json":{"title":"La pr\u00e9carit\u00e9 \u00e9nerg\u00e9tique touche de plus en plus de foyers belges - Renouvelle","description":"Depuis 2021, plus en plus de familles belges sont touch\u00e9es par la pr\u00e9carit\u00e9 \u00e9nerg\u00e9tique y compris la classe moyenne.","robots":{"index":"index","follow":"follow","max-snippet":"max-snippet:-1","max-image-preview":"max-image-preview:large","max-video-preview":"max-video-preview:-1"},"canonical":"https:\/\/www.renouvelle.be\/fr\/la-precarite-energetique-touche-de-plus-en-plus-de-foyers-belges\/","og_locale":"fr_FR","og_type":"article","og_title":"La pr\u00e9carit\u00e9 \u00e9nerg\u00e9tique touche de plus en plus de foyers belges - Renouvelle","og_description":"Depuis 2021, plus en plus de familles belges sont touch\u00e9es par la pr\u00e9carit\u00e9 \u00e9nerg\u00e9tique y compris la classe moyenne.","og_url":"https:\/\/www.renouvelle.be\/fr\/la-precarite-energetique-touche-de-plus-en-plus-de-foyers-belges\/","og_site_name":"Renouvelle","article_published_time":"2024-05-30T07:38:12+00:00","article_modified_time":"2024-05-30T07:38:19+00:00","og_image":[{"width":2121,"height":1307,"url":"https:\/\/www.renouvelle.be\/wp-content\/uploads\/2024\/05\/iStock-1331346513-e1717053890633.jpg","type":"image\/jpeg"}],"author":"Samuel Alves","twitter_card":"summary_large_image","schema":{"@context":"https:\/\/schema.org","@graph":[{"@type":"Article","@id":"https:\/\/www.renouvelle.be\/fr\/la-precarite-energetique-touche-de-plus-en-plus-de-foyers-belges\/#article","isPartOf":{"@id":"https:\/\/www.renouvelle.be\/fr\/la-precarite-energetique-touche-de-plus-en-plus-de-foyers-belges\/"},"author":{"name":"Samuel Alves","@id":"https:\/\/www.renouvelle.be\/fr\/#\/schema\/person\/9d743366fb269eeceaa8d60e98d289d3"},"headline":"La pr\u00e9carit\u00e9 \u00e9nerg\u00e9tique touche de plus en plus de foyers belges","datePublished":"2024-05-30T07:38:12+00:00","dateModified":"2024-05-30T07:38:19+00:00","mainEntityOfPage":{"@id":"https:\/\/www.renouvelle.be\/fr\/la-precarite-energetique-touche-de-plus-en-plus-de-foyers-belges\/"},"wordCount":632,"image":{"@id":"https:\/\/www.renouvelle.be\/fr\/la-precarite-energetique-touche-de-plus-en-plus-de-foyers-belges\/#primaryimage"},"thumbnailUrl":"https:\/\/www.renouvelle.be\/wp-content\/uploads\/2024\/05\/iStock-1331346513-e1717053890633.jpg","articleSection":["Actualit\u00e9 en Belgique"],"inLanguage":"fr-FR"},{"@type":"WebPage","@id":"https:\/\/www.renouvelle.be\/fr\/la-precarite-energetique-touche-de-plus-en-plus-de-foyers-belges\/","url":"https:\/\/www.renouvelle.be\/fr\/la-precarite-energetique-touche-de-plus-en-plus-de-foyers-belges\/","name":"La pr\u00e9carit\u00e9 \u00e9nerg\u00e9tique touche de plus en plus de foyers belges - Renouvelle","isPartOf":{"@id":"https:\/\/www.renouvelle.be\/fr\/#website"},"primaryImageOfPage":{"@id":"https:\/\/www.renouvelle.be\/fr\/la-precarite-energetique-touche-de-plus-en-plus-de-foyers-belges\/#primaryimage"},"image":{"@id":"https:\/\/www.renouvelle.be\/fr\/la-precarite-energetique-touche-de-plus-en-plus-de-foyers-belges\/#primaryimage"},"thumbnailUrl":"https:\/\/www.renouvelle.be\/wp-content\/uploads\/2024\/05\/iStock-1331346513-e1717053890633.jpg","datePublished":"2024-05-30T07:38:12+00:00","dateModified":"2024-05-30T07:38:19+00:00","author":{"@id":"https:\/\/www.renouvelle.be\/fr\/#\/schema\/person\/9d743366fb269eeceaa8d60e98d289d3"},"description":"Depuis 2021, plus en plus de familles belges sont touch\u00e9es par la pr\u00e9carit\u00e9 \u00e9nerg\u00e9tique y compris la classe moyenne.","breadcrumb":{"@id":"https:\/\/www.renouvelle.be\/fr\/la-precarite-energetique-touche-de-plus-en-plus-de-foyers-belges\/#breadcrumb"},"inLanguage":"fr-FR","potentialAction":[{"@type":"ReadAction","target":["https:\/\/www.renouvelle.be\/fr\/la-precarite-energetique-touche-de-plus-en-plus-de-foyers-belges\/"]}]},{"@type":"ImageObject","inLanguage":"fr-FR","@id":"https:\/\/www.renouvelle.be\/fr\/la-precarite-energetique-touche-de-plus-en-plus-de-foyers-belges\/#primaryimage","url":"https:\/\/www.renouvelle.be\/wp-content\/uploads\/2024\/05\/iStock-1331346513-e1717053890633.jpg","contentUrl":"https:\/\/www.renouvelle.be\/wp-content\/uploads\/2024\/05\/iStock-1331346513-e1717053890633.jpg","width":2121,"height":1307,"caption":"pr\u00e9carit\u00e9 \u00e9nerg\u00e9tique"},{"@type":"BreadcrumbList","@id":"https:\/\/www.renouvelle.be\/fr\/la-precarite-energetique-touche-de-plus-en-plus-de-foyers-belges\/#breadcrumb","itemListElement":[{"@type":"ListItem","position":1,"name":"Accueil","item":"https:\/\/www.renouvelle.be\/fr\/"},{"@type":"ListItem","position":2,"name":"La pr\u00e9carit\u00e9 \u00e9nerg\u00e9tique touche de plus en plus de foyers belges"}]},{"@type":"WebSite","@id":"https:\/\/www.renouvelle.be\/fr\/#website","url":"https:\/\/www.renouvelle.be\/fr\/","name":"Renouvelle","description":"L&#039;actualit\u00e9 de l&#039;\u00e9nergie durable","potentialAction":[{"@type":"SearchAction","target":{"@type":"EntryPoint","urlTemplate":"https:\/\/www.renouvelle.be\/fr\/?s={search_term_string}"},"query-input":{"@type":"PropertyValueSpecification","valueRequired":true,"valueName":"search_term_string"}}],"inLanguage":"fr-FR"},{"@type":"Person","@id":"https:\/\/www.renouvelle.be\/fr\/#\/schema\/person\/9d743366fb269eeceaa8d60e98d289d3","name":"Samuel Alves","url":"https:\/\/www.renouvelle.be\/fr\/author\/salves\/"}]}},"_links":{"self":[{"href":"https:\/\/www.renouvelle.be\/fr\/wp-json\/wp\/v2\/posts\/13074","targetHints":{"allow":["GET"]}}],"collection":[{"href":"https:\/\/www.renouvelle.be\/fr\/wp-json\/wp\/v2\/posts"}],"about":[{"href":"https:\/\/www.renouvelle.be\/fr\/wp-json\/wp\/v2\/types\/post"}],"author":[{"embeddable":true,"href":"https:\/\/www.renouvelle.be\/fr\/wp-json\/wp\/v2\/users\/38"}],"replies":[{"embeddable":true,"href":"https:\/\/www.renouvelle.be\/fr\/wp-json\/wp\/v2\/comments?post=13074"}],"version-history":[{"count":10,"href":"https:\/\/www.renouvelle.be\/fr\/wp-json\/wp\/v2\/posts\/13074\/revisions"}],"predecessor-version":[{"id":13086,"href":"https:\/\/www.renouvelle.be\/fr\/wp-json\/wp\/v2\/posts\/13074\/revisions\/13086"}],"wp:featuredmedia":[{"embeddable":true,"href":"https:\/\/www.renouvelle.be\/fr\/wp-json\/wp\/v2\/media\/13078"}],"wp:attachment":[{"href":"https:\/\/www.renouvelle.be\/fr\/wp-json\/wp\/v2\/media?parent=13074"}],"wp:term":[{"taxonomy":"category","embeddable":true,"href":"https:\/\/www.renouvelle.be\/fr\/wp-json\/wp\/v2\/categories?post=13074"},{"taxonomy":"post_tag","embeddable":true,"href":"https:\/\/www.renouvelle.be\/fr\/wp-json\/wp\/v2\/tags?post=13074"},{"taxonomy":"section","embeddable":true,"href":"https:\/\/www.renouvelle.be\/fr\/wp-json\/wp\/v2\/section?post=13074"}],"curies":[{"name":"wp","href":"https:\/\/api.w.org\/{rel}","templated":true}]}}