{"id":13027,"date":"2024-05-21T12:35:14","date_gmt":"2024-05-21T10:35:14","guid":{"rendered":"https:\/\/www.renouvelle.be\/?p=13027"},"modified":"2024-05-21T12:35:21","modified_gmt":"2024-05-21T10:35:21","slug":"un-premier-parc-eolien-flottant-commercial-en-bretagne","status":"publish","type":"post","link":"https:\/\/www.renouvelle.be\/fr\/un-premier-parc-eolien-flottant-commercial-en-bretagne\/","title":{"rendered":"Un premier parc \u00e9olien flottant commercial en Bretagne"},"content":{"rendered":"\n<p>L\u2019appel d\u2019offre a \u00e9t\u00e9 remport\u00e9 par <a href=\"https:\/\/www.pennavel.bzh\/\" target=\"_blank\" rel=\"noreferrer noopener\">Pennavel<\/a>, soci\u00e9t\u00e9 cr\u00e9\u00e9e par deux acteurs majeurs du secteur des \u00e9nergies renouvelables\u00a0en Europe : l\u2019allemand <a href=\"https:\/\/solar-distribution.baywa-re.de\/en\/\" target=\"_blank\" rel=\"noreferrer noopener\">BayWa r.e<\/a> et le belge <a href=\"https:\/\/www.elicio.be\/fr\/\" target=\"_blank\" rel=\"noreferrer noopener\">Elicio<\/a>. Ce dernier g\u00e8re d\u00e9j\u00e0 18 sites onshore et 3 offshore dans notre pays et est d\u00e9j\u00e0 pr\u00e9sent sur le sol fran\u00e7ais avec l\u2019exploitation de 12 parcs \u00e9oliens terrestres en r\u00e9gion bretonne.<\/p>\n\n\n\n<p>Et \u00e7a tombe bien puisque c\u2019est au large de la Bretagne que cette nouvelle capacit\u00e9 \u00e9olienne sera accueillie, plus pr\u00e9cis\u00e9ment \u00e0 19 km \u00e0 l\u2019ouest de Belle-\u00eele-en-Mer et \u00e0 33 km de Quiberon.<\/p>\n\n\n\n<p>Le parc \u00e9olien flottant, d\u2019une future puissance install\u00e9e de 250 MW, devrait \u00eatre mis en service en 2031 et fournir de l\u2019\u00e9nergie \u00e0 450 000 habitants.<\/p>\n\n\n\n<p>A l\u2019inverse des \u00e9oliennes \u00ab\u00a0pos\u00e9es\u00a0\u00bb, qui sont plant\u00e9es dans le sol marin, les \u00e9oliennes flottantes offrent la possibilit\u00e9 de s\u2019installer plus loin en mer et donc de profiter de vents plus puissants. Mais les eaux dont la profondeur est sup\u00e9rieure \u00e0 50m ne permettent pas l\u2019installation d\u2019\u00e9oliennes offshores \u00ab\u00a0fix\u00e9es\u00a0\u00bb. Les \u00e9oliennes flottantes offrent donc de nouvelles possibilit\u00e9s pour la production d\u2019\u00e9nergie renouvelable. La position et la stabilit\u00e9 de ces derni\u00e8res sont maintenues par des lignes d\u2019ancrage fix\u00e9es aux fonds marins. <\/p>\n\n\n\n<p><a id=\"_msocom_1\"><\/a><\/p>\n\n\n\n<figure class=\"wp-block-image size-full\"><img loading=\"lazy\" decoding=\"async\" width=\"974\" height=\"627\" src=\"https:\/\/www.renouvelle.be\/wp-content\/uploads\/2024\/05\/renouvelle_eolien_flottant-1.png\" alt=\"\u00e9olien flottant\" class=\"wp-image-13031\" srcset=\"https:\/\/www.renouvelle.be\/wp-content\/uploads\/2024\/05\/renouvelle_eolien_flottant-1.png 974w, https:\/\/www.renouvelle.be\/wp-content\/uploads\/2024\/05\/renouvelle_eolien_flottant-1-300x193.png 300w, https:\/\/www.renouvelle.be\/wp-content\/uploads\/2024\/05\/renouvelle_eolien_flottant-1-768x494.png 768w, https:\/\/www.renouvelle.be\/wp-content\/uploads\/2024\/05\/renouvelle_eolien_flottant-1-100x65.png 100w\" sizes=\"auto, (max-width: 974px) 100vw, 974px\" \/><\/figure>\n\n\n\n<p>Des projets pilotes ont d\u00e9j\u00e0 vu le jour en France, notamment au large du Croisic avec une premi\u00e8re \u00e9olienne flottante mise en service en 2018. En M\u00e9diterran\u00e9e, ce sont trois parcs pilotes qui sont en construction, dont deux d\u2019une capacit\u00e9 de 30 MW (EolMed et EFGL) et le dernier de 24 MW (Provence Grand Large).<\/p>\n\n\n\n<p><strong>L\u2019\u00e9olien flottant ailleurs en Europe<\/strong><\/p>\n\n\n\n<p>En Europe, plusieurs sites d\u2019\u00e9olien flottant existent et sont d\u00e9j\u00e0 en service depuis quelques ann\u00e9es comme au Portugal, au large des c\u00f4tes de Viana do Castelo, dans des eaux de 100 m\u00e8tres de profondeur. Mises en service en 2020, ses trois \u00e9oliennes cumulent une puissance install\u00e9e de 25,2 MW r\u00e9pondant aux besoins annuels en \u00e9nergie de 25 000 foyers et \u00e9vitant 33 000 tonnes d\u2019\u00e9missions de CO<sub>2<\/sub> par an.<\/p>\n\n\n\n<p>L\u2019\u00c9cosse poss\u00e8de, elle, deux sites d\u2019\u00e9olien flottant en mer du Nord. Tout d\u2019abord, le projet Hywind Scotland, au large de Peterhead, qui compte cinq turbines pour une capacit\u00e9 de 30 MW fournissant de l\u2019\u00e9nergie renouvelable \u00e0 35 000 foyers. Ce dernier a \u00e9t\u00e9 mis en service en 2017. Le Kincardine Offshore Windfarm se trouve, lui, au large d\u2019Aberdeen et compte cinq turbines de 9,5 MW et une de 2 MW qui ont \u00e9t\u00e9 mises en service en 2021 .<\/p>\n\n\n\n<p>La soci\u00e9t\u00e9 Equinor, \u00e0 l\u2019origine de Hywind Scotland, poss\u00e8de \u00e9galement une installation \u00e9olienne flottante en Norv\u00e8ge mais, paradoxe absolu, celle-ci ne fournit de l\u2019\u00e9nergie qu\u2019aux plateformes p\u00e9troli\u00e8res et gazi\u00e8res de l\u2019entreprise.<\/p>\n\n\n\n<p>Quoi qu\u2019il en soit, l&rsquo;int\u00e9r\u00eat croissant pour l&rsquo;<a href=\"https:\/\/www.renouvelle.be\/fr\/18-gw-capacite-eolienne-installee-europe-2023\/\" target=\"_blank\" rel=\"noreferrer noopener\">\u00e9nergie \u00e9olienne<\/a> et le d\u00e9veloppement de ses technologies ne pourront \u00eatre que positifs pour les citoyens qui pourront, dans le futur, b\u00e9n\u00e9ficier de toujours plus d\u2019\u00e9nergie renouvelable.<\/p>\n","protected":false},"excerpt":{"rendered":"<p>L\u2019appel d\u2019offre a \u00e9t\u00e9 remport\u00e9 par Pennavel, soci\u00e9t\u00e9 cr\u00e9\u00e9e par deux acteurs majeurs du secteur des \u00e9nergies renouvelables\u00a0en Europe : l\u2019allemand BayWa r.e et le belge Elicio. Ce dernier g\u00e8re d\u00e9j\u00e0 18 sites onshore et 3 offshore dans notre pays et est d\u00e9j\u00e0 pr\u00e9sent sur le sol fran\u00e7ais avec l\u2019exploitation de 12 parcs \u00e9oliens terrestres en r\u00e9gion bretonne. Et \u00e7a tombe bien puisque c\u2019est au large de la Bretagne que cette nouvelle capacit\u00e9 \u00e9olienne sera accueillie, plus pr\u00e9cis\u00e9ment \u00e0 19 km \u00e0 l\u2019ouest de Belle-\u00eele-en-Mer et \u00e0 33 km de Quiberon. Le parc \u00e9olien flottant, d\u2019une future puissance install\u00e9e de 250 MW, devrait \u00eatre mis en service en 2031 et fournir de l\u2019\u00e9nergie \u00e0 450 000 habitants. A l\u2019inverse des \u00e9oliennes \u00ab\u00a0pos\u00e9es\u00a0\u00bb, qui sont plant\u00e9es dans le sol marin, les \u00e9oliennes flottantes offrent la possibilit\u00e9 de s\u2019installer plus loin en mer et donc de profiter de vents plus puissants. Mais les eaux dont la profondeur est sup\u00e9rieure \u00e0 50m ne permettent pas l\u2019installation d\u2019\u00e9oliennes offshores \u00ab\u00a0fix\u00e9es\u00a0\u00bb. Les \u00e9oliennes flottantes offrent donc de nouvelles possibilit\u00e9s pour la production d\u2019\u00e9nergie renouvelable. La position et la stabilit\u00e9 de ces derni\u00e8res sont maintenues par des lignes d\u2019ancrage fix\u00e9es aux fonds marins. Des projets pilotes ont d\u00e9j\u00e0 vu le jour en France, notamment au large du Croisic avec une premi\u00e8re \u00e9olienne flottante mise en service en 2018. En M\u00e9diterran\u00e9e, ce sont trois parcs pilotes qui sont en construction, dont deux d\u2019une capacit\u00e9 de 30 MW (EolMed et EFGL) et le dernier de 24 MW (Provence Grand Large). L\u2019\u00e9olien flottant ailleurs en Europe En Europe, plusieurs sites d\u2019\u00e9olien flottant existent et sont d\u00e9j\u00e0 en service depuis quelques ann\u00e9es comme au Portugal, au large des c\u00f4tes de Viana do Castelo, dans des eaux de 100 m\u00e8tres de &hellip; <a href=\"https:\/\/www.renouvelle.be\/fr\/un-premier-parc-eolien-flottant-commercial-en-bretagne\/\" class=\"more-link\">Continue reading<span class=\"screen-reader-text\"> \u00ab\u00a0Un premier parc \u00e9olien flottant commercial en Bretagne\u00a0\u00bb<\/span><\/a><\/p>\n","protected":false},"author":38,"featured_media":13036,"comment_status":"closed","ping_status":"closed","sticky":false,"template":"","format":"standard","meta":{"_acf_changed":false,"footnotes":""},"categories":[18],"tags":[],"section":[6],"class_list":["post-13027","post","type-post","status-publish","format-standard","has-post-thumbnail","hentry","category-actualite-internationale","section-eolien"],"acf":[],"yoast_head":"<!-- This site is optimized with the Yoast SEO plugin v27.5 - https:\/\/yoast.com\/product\/yoast-seo-wordpress\/ -->\n<title>Un premier parc \u00e9olien flottant commercial en Bretagne - Renouvelle<\/title>\n<meta name=\"description\" content=\"La France valide la construction de son premier parc \u00e9olien flottant commercial qui sera le premier du genre au monde.\" \/>\n<meta name=\"robots\" content=\"index, follow, max-snippet:-1, max-image-preview:large, max-video-preview:-1\" \/>\n<link rel=\"canonical\" href=\"https:\/\/www.renouvelle.be\/fr\/un-premier-parc-eolien-flottant-commercial-en-bretagne\/\" \/>\n<meta property=\"og:locale\" content=\"fr_FR\" \/>\n<meta property=\"og:type\" content=\"article\" \/>\n<meta property=\"og:title\" content=\"Un premier parc \u00e9olien flottant commercial en Bretagne - Renouvelle\" \/>\n<meta property=\"og:description\" content=\"La France valide la construction de son premier parc \u00e9olien flottant commercial qui sera le premier du genre au monde.\" \/>\n<meta property=\"og:url\" content=\"https:\/\/www.renouvelle.be\/fr\/un-premier-parc-eolien-flottant-commercial-en-bretagne\/\" \/>\n<meta property=\"og:site_name\" content=\"Renouvelle\" \/>\n<meta property=\"article:published_time\" content=\"2024-05-21T10:35:14+00:00\" \/>\n<meta property=\"article:modified_time\" content=\"2024-05-21T10:35:21+00:00\" \/>\n<meta property=\"og:image\" content=\"https:\/\/www.renouvelle.be\/wp-content\/uploads\/2024\/05\/iStock-680881964-scaled.jpg\" \/>\n\t<meta property=\"og:image:width\" content=\"2560\" \/>\n\t<meta property=\"og:image:height\" content=\"1440\" \/>\n\t<meta property=\"og:image:type\" content=\"image\/jpeg\" \/>\n<meta name=\"author\" content=\"Samuel Alves\" \/>\n<meta name=\"twitter:card\" content=\"summary_large_image\" \/>\n<script type=\"application\/ld+json\" class=\"yoast-schema-graph\">{\"@context\":\"https:\\\/\\\/schema.org\",\"@graph\":[{\"@type\":\"Article\",\"@id\":\"https:\\\/\\\/www.renouvelle.be\\\/fr\\\/un-premier-parc-eolien-flottant-commercial-en-bretagne\\\/#article\",\"isPartOf\":{\"@id\":\"https:\\\/\\\/www.renouvelle.be\\\/fr\\\/un-premier-parc-eolien-flottant-commercial-en-bretagne\\\/\"},\"author\":{\"name\":\"Samuel Alves\",\"@id\":\"https:\\\/\\\/www.renouvelle.be\\\/fr\\\/#\\\/schema\\\/person\\\/9d743366fb269eeceaa8d60e98d289d3\"},\"headline\":\"Un premier parc \u00e9olien flottant commercial en Bretagne\",\"datePublished\":\"2024-05-21T10:35:14+00:00\",\"dateModified\":\"2024-05-21T10:35:21+00:00\",\"mainEntityOfPage\":{\"@id\":\"https:\\\/\\\/www.renouvelle.be\\\/fr\\\/un-premier-parc-eolien-flottant-commercial-en-bretagne\\\/\"},\"wordCount\":517,\"image\":{\"@id\":\"https:\\\/\\\/www.renouvelle.be\\\/fr\\\/un-premier-parc-eolien-flottant-commercial-en-bretagne\\\/#primaryimage\"},\"thumbnailUrl\":\"https:\\\/\\\/www.renouvelle.be\\\/wp-content\\\/uploads\\\/2024\\\/05\\\/iStock-680881964-scaled.jpg\",\"articleSection\":[\"Actualit\u00e9 internationale\"],\"inLanguage\":\"fr-FR\"},{\"@type\":\"WebPage\",\"@id\":\"https:\\\/\\\/www.renouvelle.be\\\/fr\\\/un-premier-parc-eolien-flottant-commercial-en-bretagne\\\/\",\"url\":\"https:\\\/\\\/www.renouvelle.be\\\/fr\\\/un-premier-parc-eolien-flottant-commercial-en-bretagne\\\/\",\"name\":\"Un premier parc \u00e9olien flottant commercial en Bretagne - Renouvelle\",\"isPartOf\":{\"@id\":\"https:\\\/\\\/www.renouvelle.be\\\/fr\\\/#website\"},\"primaryImageOfPage\":{\"@id\":\"https:\\\/\\\/www.renouvelle.be\\\/fr\\\/un-premier-parc-eolien-flottant-commercial-en-bretagne\\\/#primaryimage\"},\"image\":{\"@id\":\"https:\\\/\\\/www.renouvelle.be\\\/fr\\\/un-premier-parc-eolien-flottant-commercial-en-bretagne\\\/#primaryimage\"},\"thumbnailUrl\":\"https:\\\/\\\/www.renouvelle.be\\\/wp-content\\\/uploads\\\/2024\\\/05\\\/iStock-680881964-scaled.jpg\",\"datePublished\":\"2024-05-21T10:35:14+00:00\",\"dateModified\":\"2024-05-21T10:35:21+00:00\",\"author\":{\"@id\":\"https:\\\/\\\/www.renouvelle.be\\\/fr\\\/#\\\/schema\\\/person\\\/9d743366fb269eeceaa8d60e98d289d3\"},\"description\":\"La France valide la construction de son premier parc \u00e9olien flottant commercial qui sera le premier du genre au monde.\",\"breadcrumb\":{\"@id\":\"https:\\\/\\\/www.renouvelle.be\\\/fr\\\/un-premier-parc-eolien-flottant-commercial-en-bretagne\\\/#breadcrumb\"},\"inLanguage\":\"fr-FR\",\"potentialAction\":[{\"@type\":\"ReadAction\",\"target\":[\"https:\\\/\\\/www.renouvelle.be\\\/fr\\\/un-premier-parc-eolien-flottant-commercial-en-bretagne\\\/\"]}]},{\"@type\":\"ImageObject\",\"inLanguage\":\"fr-FR\",\"@id\":\"https:\\\/\\\/www.renouvelle.be\\\/fr\\\/un-premier-parc-eolien-flottant-commercial-en-bretagne\\\/#primaryimage\",\"url\":\"https:\\\/\\\/www.renouvelle.be\\\/wp-content\\\/uploads\\\/2024\\\/05\\\/iStock-680881964-scaled.jpg\",\"contentUrl\":\"https:\\\/\\\/www.renouvelle.be\\\/wp-content\\\/uploads\\\/2024\\\/05\\\/iStock-680881964-scaled.jpg\",\"width\":2560,\"height\":1440,\"caption\":\"\u00e9olien flottant\"},{\"@type\":\"BreadcrumbList\",\"@id\":\"https:\\\/\\\/www.renouvelle.be\\\/fr\\\/un-premier-parc-eolien-flottant-commercial-en-bretagne\\\/#breadcrumb\",\"itemListElement\":[{\"@type\":\"ListItem\",\"position\":1,\"name\":\"Accueil\",\"item\":\"https:\\\/\\\/www.renouvelle.be\\\/fr\\\/\"},{\"@type\":\"ListItem\",\"position\":2,\"name\":\"Un premier parc \u00e9olien flottant commercial en Bretagne\"}]},{\"@type\":\"WebSite\",\"@id\":\"https:\\\/\\\/www.renouvelle.be\\\/fr\\\/#website\",\"url\":\"https:\\\/\\\/www.renouvelle.be\\\/fr\\\/\",\"name\":\"Renouvelle\",\"description\":\"L&#039;actualit\u00e9 de l&#039;\u00e9nergie durable\",\"potentialAction\":[{\"@type\":\"SearchAction\",\"target\":{\"@type\":\"EntryPoint\",\"urlTemplate\":\"https:\\\/\\\/www.renouvelle.be\\\/fr\\\/?s={search_term_string}\"},\"query-input\":{\"@type\":\"PropertyValueSpecification\",\"valueRequired\":true,\"valueName\":\"search_term_string\"}}],\"inLanguage\":\"fr-FR\"},{\"@type\":\"Person\",\"@id\":\"https:\\\/\\\/www.renouvelle.be\\\/fr\\\/#\\\/schema\\\/person\\\/9d743366fb269eeceaa8d60e98d289d3\",\"name\":\"Samuel Alves\",\"url\":\"https:\\\/\\\/www.renouvelle.be\\\/fr\\\/author\\\/salves\\\/\"}]}<\/script>\n<!-- \/ Yoast SEO plugin. -->","yoast_head_json":{"title":"Un premier parc \u00e9olien flottant commercial en Bretagne - Renouvelle","description":"La France valide la construction de son premier parc \u00e9olien flottant commercial qui sera le premier du genre au monde.","robots":{"index":"index","follow":"follow","max-snippet":"max-snippet:-1","max-image-preview":"max-image-preview:large","max-video-preview":"max-video-preview:-1"},"canonical":"https:\/\/www.renouvelle.be\/fr\/un-premier-parc-eolien-flottant-commercial-en-bretagne\/","og_locale":"fr_FR","og_type":"article","og_title":"Un premier parc \u00e9olien flottant commercial en Bretagne - Renouvelle","og_description":"La France valide la construction de son premier parc \u00e9olien flottant commercial qui sera le premier du genre au monde.","og_url":"https:\/\/www.renouvelle.be\/fr\/un-premier-parc-eolien-flottant-commercial-en-bretagne\/","og_site_name":"Renouvelle","article_published_time":"2024-05-21T10:35:14+00:00","article_modified_time":"2024-05-21T10:35:21+00:00","og_image":[{"width":2560,"height":1440,"url":"https:\/\/www.renouvelle.be\/wp-content\/uploads\/2024\/05\/iStock-680881964-scaled.jpg","type":"image\/jpeg"}],"author":"Samuel Alves","twitter_card":"summary_large_image","schema":{"@context":"https:\/\/schema.org","@graph":[{"@type":"Article","@id":"https:\/\/www.renouvelle.be\/fr\/un-premier-parc-eolien-flottant-commercial-en-bretagne\/#article","isPartOf":{"@id":"https:\/\/www.renouvelle.be\/fr\/un-premier-parc-eolien-flottant-commercial-en-bretagne\/"},"author":{"name":"Samuel Alves","@id":"https:\/\/www.renouvelle.be\/fr\/#\/schema\/person\/9d743366fb269eeceaa8d60e98d289d3"},"headline":"Un premier parc \u00e9olien flottant commercial en Bretagne","datePublished":"2024-05-21T10:35:14+00:00","dateModified":"2024-05-21T10:35:21+00:00","mainEntityOfPage":{"@id":"https:\/\/www.renouvelle.be\/fr\/un-premier-parc-eolien-flottant-commercial-en-bretagne\/"},"wordCount":517,"image":{"@id":"https:\/\/www.renouvelle.be\/fr\/un-premier-parc-eolien-flottant-commercial-en-bretagne\/#primaryimage"},"thumbnailUrl":"https:\/\/www.renouvelle.be\/wp-content\/uploads\/2024\/05\/iStock-680881964-scaled.jpg","articleSection":["Actualit\u00e9 internationale"],"inLanguage":"fr-FR"},{"@type":"WebPage","@id":"https:\/\/www.renouvelle.be\/fr\/un-premier-parc-eolien-flottant-commercial-en-bretagne\/","url":"https:\/\/www.renouvelle.be\/fr\/un-premier-parc-eolien-flottant-commercial-en-bretagne\/","name":"Un premier parc \u00e9olien flottant commercial en Bretagne - Renouvelle","isPartOf":{"@id":"https:\/\/www.renouvelle.be\/fr\/#website"},"primaryImageOfPage":{"@id":"https:\/\/www.renouvelle.be\/fr\/un-premier-parc-eolien-flottant-commercial-en-bretagne\/#primaryimage"},"image":{"@id":"https:\/\/www.renouvelle.be\/fr\/un-premier-parc-eolien-flottant-commercial-en-bretagne\/#primaryimage"},"thumbnailUrl":"https:\/\/www.renouvelle.be\/wp-content\/uploads\/2024\/05\/iStock-680881964-scaled.jpg","datePublished":"2024-05-21T10:35:14+00:00","dateModified":"2024-05-21T10:35:21+00:00","author":{"@id":"https:\/\/www.renouvelle.be\/fr\/#\/schema\/person\/9d743366fb269eeceaa8d60e98d289d3"},"description":"La France valide la construction de son premier parc \u00e9olien flottant commercial qui sera le premier du genre au monde.","breadcrumb":{"@id":"https:\/\/www.renouvelle.be\/fr\/un-premier-parc-eolien-flottant-commercial-en-bretagne\/#breadcrumb"},"inLanguage":"fr-FR","potentialAction":[{"@type":"ReadAction","target":["https:\/\/www.renouvelle.be\/fr\/un-premier-parc-eolien-flottant-commercial-en-bretagne\/"]}]},{"@type":"ImageObject","inLanguage":"fr-FR","@id":"https:\/\/www.renouvelle.be\/fr\/un-premier-parc-eolien-flottant-commercial-en-bretagne\/#primaryimage","url":"https:\/\/www.renouvelle.be\/wp-content\/uploads\/2024\/05\/iStock-680881964-scaled.jpg","contentUrl":"https:\/\/www.renouvelle.be\/wp-content\/uploads\/2024\/05\/iStock-680881964-scaled.jpg","width":2560,"height":1440,"caption":"\u00e9olien flottant"},{"@type":"BreadcrumbList","@id":"https:\/\/www.renouvelle.be\/fr\/un-premier-parc-eolien-flottant-commercial-en-bretagne\/#breadcrumb","itemListElement":[{"@type":"ListItem","position":1,"name":"Accueil","item":"https:\/\/www.renouvelle.be\/fr\/"},{"@type":"ListItem","position":2,"name":"Un premier parc \u00e9olien flottant commercial en Bretagne"}]},{"@type":"WebSite","@id":"https:\/\/www.renouvelle.be\/fr\/#website","url":"https:\/\/www.renouvelle.be\/fr\/","name":"Renouvelle","description":"L&#039;actualit\u00e9 de l&#039;\u00e9nergie durable","potentialAction":[{"@type":"SearchAction","target":{"@type":"EntryPoint","urlTemplate":"https:\/\/www.renouvelle.be\/fr\/?s={search_term_string}"},"query-input":{"@type":"PropertyValueSpecification","valueRequired":true,"valueName":"search_term_string"}}],"inLanguage":"fr-FR"},{"@type":"Person","@id":"https:\/\/www.renouvelle.be\/fr\/#\/schema\/person\/9d743366fb269eeceaa8d60e98d289d3","name":"Samuel Alves","url":"https:\/\/www.renouvelle.be\/fr\/author\/salves\/"}]}},"_links":{"self":[{"href":"https:\/\/www.renouvelle.be\/fr\/wp-json\/wp\/v2\/posts\/13027","targetHints":{"allow":["GET"]}}],"collection":[{"href":"https:\/\/www.renouvelle.be\/fr\/wp-json\/wp\/v2\/posts"}],"about":[{"href":"https:\/\/www.renouvelle.be\/fr\/wp-json\/wp\/v2\/types\/post"}],"author":[{"embeddable":true,"href":"https:\/\/www.renouvelle.be\/fr\/wp-json\/wp\/v2\/users\/38"}],"replies":[{"embeddable":true,"href":"https:\/\/www.renouvelle.be\/fr\/wp-json\/wp\/v2\/comments?post=13027"}],"version-history":[{"count":6,"href":"https:\/\/www.renouvelle.be\/fr\/wp-json\/wp\/v2\/posts\/13027\/revisions"}],"predecessor-version":[{"id":13041,"href":"https:\/\/www.renouvelle.be\/fr\/wp-json\/wp\/v2\/posts\/13027\/revisions\/13041"}],"wp:featuredmedia":[{"embeddable":true,"href":"https:\/\/www.renouvelle.be\/fr\/wp-json\/wp\/v2\/media\/13036"}],"wp:attachment":[{"href":"https:\/\/www.renouvelle.be\/fr\/wp-json\/wp\/v2\/media?parent=13027"}],"wp:term":[{"taxonomy":"category","embeddable":true,"href":"https:\/\/www.renouvelle.be\/fr\/wp-json\/wp\/v2\/categories?post=13027"},{"taxonomy":"post_tag","embeddable":true,"href":"https:\/\/www.renouvelle.be\/fr\/wp-json\/wp\/v2\/tags?post=13027"},{"taxonomy":"section","embeddable":true,"href":"https:\/\/www.renouvelle.be\/fr\/wp-json\/wp\/v2\/section?post=13027"}],"curies":[{"name":"wp","href":"https:\/\/api.w.org\/{rel}","templated":true}]}}