{"id":12972,"date":"2024-05-14T13:02:04","date_gmt":"2024-05-14T11:02:04","guid":{"rendered":"https:\/\/www.renouvelle.be\/?p=12972"},"modified":"2024-05-14T13:02:14","modified_gmt":"2024-05-14T11:02:14","slug":"30-de-la-production-electrique-mondiale-issue-du-renouvelable-en-2023","status":"publish","type":"post","link":"https:\/\/www.renouvelle.be\/fr\/30-de-la-production-electrique-mondiale-issue-du-renouvelable-en-2023\/","title":{"rendered":"30% de la production \u00e9lectrique mondiale issue du renouvelable en 2023"},"content":{"rendered":"\n<p>Selon le rapport du groupe de r\u00e9flexion EMBER, cette premi\u00e8re a \u00e9t\u00e9 possible gr\u00e2ce \u00e0 la croissance de la capacit\u00e9 \u00e9olienne mais aussi, et surtout, \u00e0 celle du photovolta\u00efque comme le montre le graphique ci-dessous. Le <a href=\"https:\/\/ember-climate.org\/insights\/research\/global-electricity-review-2024\/#executive-summary\" target=\"_blank\" rel=\"noreferrer noopener\">rapport <\/a>partage une analyse bas\u00e9e sur l\u2019\u00e9tude de donn\u00e9es provenant de 215 pays y compris les derni\u00e8res donn\u00e9es de 2023 pour 80 pays repr\u00e9sentant 92% de la demande mondiale d\u2019\u00e9lectricit\u00e9.<\/p>\n\n\n\n<figure class=\"wp-block-image size-large\"><img loading=\"lazy\" decoding=\"async\" width=\"1024\" height=\"641\" src=\"https:\/\/www.renouvelle.be\/wp-content\/uploads\/2024\/05\/renouvelle_renouvelable-1024x641.png\" alt=\"renouvelable\" class=\"wp-image-12980\" srcset=\"https:\/\/www.renouvelle.be\/wp-content\/uploads\/2024\/05\/renouvelle_renouvelable-1024x641.png 1024w, https:\/\/www.renouvelle.be\/wp-content\/uploads\/2024\/05\/renouvelle_renouvelable-300x188.png 300w, https:\/\/www.renouvelle.be\/wp-content\/uploads\/2024\/05\/renouvelle_renouvelable-768x481.png 768w, https:\/\/www.renouvelle.be\/wp-content\/uploads\/2024\/05\/renouvelle_renouvelable-1200x751.png 1200w, https:\/\/www.renouvelle.be\/wp-content\/uploads\/2024\/05\/renouvelle_renouvelable.png 1228w\" sizes=\"auto, (max-width: 1024px) 100vw, 1024px\" \/><\/figure>\n\n\n\n<p>L\u2019installation de panneaux solaires a \u00e9t\u00e9 bon train avec <a href=\"https:\/\/www.renouvelle.be\/fr\/toujours-plus-de-photovoltaique-dans-le-monde-en-2023\/\" target=\"_blank\" rel=\"noreferrer noopener\">une augmentation<\/a> constante et rapide pendant 19 ans. Une \u00e9volution qui, si elle continue, devrait faire passer la capacit\u00e9 solaire mondiale d\u2019actuellement 1,5 TW \u00e0 plus de 6 TW d\u2019ici 2030. Repr\u00e9sentant ainsi 55% du total des \u00e9nergies renouvelables.<\/p>\n\n\n\n<p>Apr\u00e8s une baisse mod\u00e9r\u00e9e en 2024, la production d\u2019\u00e9nergie fossile devrait en conna\u00eetre de plus cons\u00e9quentes \u00e0 partir de 2025 gr\u00e2ce \u00e0 la croissance des productions d\u2019\u00e9nergie renouvelable (solaire et \u00e9olienne, principalement). De l\u00e0, d\u00e9coulera une diminution de la sollicitation aux combustibles fossiles qui sera accompagn\u00e9e d\u2019une r\u00e9duction des \u00e9missions CO2 associ\u00e9es dont le pic d\u2019augmentation en 2023 devrait \u00eatre le dernier.<\/p>\n\n\n\n<p>Bien s\u00fbr, le rythme de cette r\u00e9duction d\u00e9pendra de la rapidit\u00e9 \u00e0 laquelle la construction d&rsquo;infrastructures d&rsquo;\u00e9nergie renouvelable progressera pour atteindre le triplement de la capacit\u00e9 mondiale renouvelable d\u2019ici 2030. Etape d\u2019autant plus importante puisque le secteur de l\u2019\u00e9nergie est celui qui devra \u00eatre d\u00e9carbon\u00e9 en premier, d\u2019apr\u00e8s plusieurs analyses, d\u2019ici 2035 pour les pays de l\u2019OCDE et d\u2019ici 2045 dans le reste du globe.<\/p>\n\n\n\n<h2 class=\"wp-block-heading\"><strong>Le renouvelable dans le mix \u00e9lectrique de l\u2019UE<\/strong><\/h2>\n\n\n\n<p>Avec une contribution d\u2019environ 17%, l\u2019Union europ\u00e9enne \u00e9tait en t\u00eate dans la croissance mondiale de l\u2019\u00e9nergie solaire et \u00e9olienne en 2023. Soulignons \u00e9galement que l\u2019UE a la part la plus faible de combustibles fossiles dans son mix \u00e9lectrique qui compte pour 33% de ce dernier. Le reste est une combinaison d\u2019\u00e9nergie d\u00e9carbon\u00e9e&nbsp;dont 23% de nucl\u00e9aire, 17,5% d\u2019\u00e9olien, 12% d\u2019hydraulique et 9% de solaire.<\/p>\n\n\n\n<p>En 10 ans, l\u2019UE a \u00e9galement connu la deuxi\u00e8me plus grande diminution de la production d\u2019\u00e9lectricit\u00e9 \u00e0 partir du charbon, se classant juste apr\u00e8s les \u00c9tats-Unis.<\/p>\n\n\n\n<p>L\u2019objectif affich\u00e9 est d\u2019atteindre une part mondiale de 60% d\u2019\u00e9lectricit\u00e9 issue du renouvelable d\u2019ici la fin de la d\u00e9cennie.<\/p>\n","protected":false},"excerpt":{"rendered":"<p>Selon le rapport du groupe de r\u00e9flexion EMBER, cette premi\u00e8re a \u00e9t\u00e9 possible gr\u00e2ce \u00e0 la croissance de la capacit\u00e9 \u00e9olienne mais aussi, et surtout, \u00e0 celle du photovolta\u00efque comme le montre le graphique ci-dessous. Le rapport partage une analyse bas\u00e9e sur l\u2019\u00e9tude de donn\u00e9es provenant de 215 pays y compris les derni\u00e8res donn\u00e9es de 2023 pour 80 pays repr\u00e9sentant 92% de la demande mondiale d\u2019\u00e9lectricit\u00e9. L\u2019installation de panneaux solaires a \u00e9t\u00e9 bon train avec une augmentation constante et rapide pendant 19 ans. Une \u00e9volution qui, si elle continue, devrait faire passer la capacit\u00e9 solaire mondiale d\u2019actuellement 1,5 TW \u00e0 plus de 6 TW d\u2019ici 2030. Repr\u00e9sentant ainsi 55% du total des \u00e9nergies renouvelables. Apr\u00e8s une baisse mod\u00e9r\u00e9e en 2024, la production d\u2019\u00e9nergie fossile devrait en conna\u00eetre de plus cons\u00e9quentes \u00e0 partir de 2025 gr\u00e2ce \u00e0 la croissance des productions d\u2019\u00e9nergie renouvelable (solaire et \u00e9olienne, principalement). De l\u00e0, d\u00e9coulera une diminution de la sollicitation aux combustibles fossiles qui sera accompagn\u00e9e d\u2019une r\u00e9duction des \u00e9missions CO2 associ\u00e9es dont le pic d\u2019augmentation en 2023 devrait \u00eatre le dernier. Bien s\u00fbr, le rythme de cette r\u00e9duction d\u00e9pendra de la rapidit\u00e9 \u00e0 laquelle la construction d&rsquo;infrastructures d&rsquo;\u00e9nergie renouvelable progressera pour atteindre le triplement de la capacit\u00e9 mondiale renouvelable d\u2019ici 2030. Etape d\u2019autant plus importante puisque le secteur de l\u2019\u00e9nergie est celui qui devra \u00eatre d\u00e9carbon\u00e9 en premier, d\u2019apr\u00e8s plusieurs analyses, d\u2019ici 2035 pour les pays de l\u2019OCDE et d\u2019ici 2045 dans le reste du globe. Le renouvelable dans le mix \u00e9lectrique de l\u2019UE Avec une contribution d\u2019environ 17%, l\u2019Union europ\u00e9enne \u00e9tait en t\u00eate dans la croissance mondiale de l\u2019\u00e9nergie solaire et \u00e9olienne en 2023. Soulignons \u00e9galement que l\u2019UE a la part la plus faible de combustibles fossiles dans son mix \u00e9lectrique qui compte pour &hellip; <a href=\"https:\/\/www.renouvelle.be\/fr\/30-de-la-production-electrique-mondiale-issue-du-renouvelable-en-2023\/\" class=\"more-link\">Continue reading<span class=\"screen-reader-text\"> \u00ab\u00a030% de la production \u00e9lectrique mondiale issue du renouvelable en 2023\u00a0\u00bb<\/span><\/a><\/p>\n","protected":false},"author":38,"featured_media":12976,"comment_status":"closed","ping_status":"closed","sticky":false,"template":"","format":"standard","meta":{"_acf_changed":false,"footnotes":""},"categories":[18],"tags":[],"section":[8],"class_list":["post-12972","post","type-post","status-publish","format-standard","has-post-thumbnail","hentry","category-actualite-internationale","section-energie-renouvelables"],"acf":[],"yoast_head":"<!-- This site is optimized with the Yoast SEO plugin v27.5 - https:\/\/yoast.com\/product\/yoast-seo-wordpress\/ -->\n<title>30% de la production \u00e9lectrique mondiale issue du renouvelable en 2023 - Renouvelle<\/title>\n<meta name=\"description\" content=\"C&#039;est une premi\u00e8re ! La production \u00e9lectrique mondiale renouvelable a d\u00e9pass\u00e9 les 30%. Une bonne nouvelle pour la transition \u00e9nerg\u00e9tique.\" \/>\n<meta name=\"robots\" content=\"index, follow, max-snippet:-1, max-image-preview:large, max-video-preview:-1\" \/>\n<link rel=\"canonical\" href=\"https:\/\/www.renouvelle.be\/fr\/30-de-la-production-electrique-mondiale-issue-du-renouvelable-en-2023\/\" \/>\n<meta property=\"og:locale\" content=\"fr_FR\" \/>\n<meta property=\"og:type\" content=\"article\" \/>\n<meta property=\"og:title\" content=\"30% de la production \u00e9lectrique mondiale issue du renouvelable en 2023 - Renouvelle\" \/>\n<meta property=\"og:description\" content=\"C&#039;est une premi\u00e8re ! La production \u00e9lectrique mondiale renouvelable a d\u00e9pass\u00e9 les 30%. Une bonne nouvelle pour la transition \u00e9nerg\u00e9tique.\" \/>\n<meta property=\"og:url\" content=\"https:\/\/www.renouvelle.be\/fr\/30-de-la-production-electrique-mondiale-issue-du-renouvelable-en-2023\/\" \/>\n<meta property=\"og:site_name\" content=\"Renouvelle\" \/>\n<meta property=\"article:published_time\" content=\"2024-05-14T11:02:04+00:00\" \/>\n<meta property=\"article:modified_time\" content=\"2024-05-14T11:02:14+00:00\" \/>\n<meta property=\"og:image\" content=\"https:\/\/www.renouvelle.be\/wp-content\/uploads\/2024\/05\/iStock-1492572052-scaled-e1715680548659.jpg\" \/>\n\t<meta property=\"og:image:width\" content=\"1360\" \/>\n\t<meta property=\"og:image:height\" content=\"825\" \/>\n\t<meta property=\"og:image:type\" content=\"image\/jpeg\" \/>\n<meta name=\"author\" content=\"Samuel Alves\" \/>\n<meta name=\"twitter:card\" content=\"summary_large_image\" \/>\n<script type=\"application\/ld+json\" class=\"yoast-schema-graph\">{\"@context\":\"https:\\\/\\\/schema.org\",\"@graph\":[{\"@type\":\"Article\",\"@id\":\"https:\\\/\\\/www.renouvelle.be\\\/fr\\\/30-de-la-production-electrique-mondiale-issue-du-renouvelable-en-2023\\\/#article\",\"isPartOf\":{\"@id\":\"https:\\\/\\\/www.renouvelle.be\\\/fr\\\/30-de-la-production-electrique-mondiale-issue-du-renouvelable-en-2023\\\/\"},\"author\":{\"name\":\"Samuel Alves\",\"@id\":\"https:\\\/\\\/www.renouvelle.be\\\/fr\\\/#\\\/schema\\\/person\\\/9d743366fb269eeceaa8d60e98d289d3\"},\"headline\":\"30% de la production \u00e9lectrique mondiale issue du renouvelable en 2023\",\"datePublished\":\"2024-05-14T11:02:04+00:00\",\"dateModified\":\"2024-05-14T11:02:14+00:00\",\"mainEntityOfPage\":{\"@id\":\"https:\\\/\\\/www.renouvelle.be\\\/fr\\\/30-de-la-production-electrique-mondiale-issue-du-renouvelable-en-2023\\\/\"},\"wordCount\":402,\"image\":{\"@id\":\"https:\\\/\\\/www.renouvelle.be\\\/fr\\\/30-de-la-production-electrique-mondiale-issue-du-renouvelable-en-2023\\\/#primaryimage\"},\"thumbnailUrl\":\"https:\\\/\\\/www.renouvelle.be\\\/wp-content\\\/uploads\\\/2024\\\/05\\\/iStock-1492572052-scaled-e1715680548659.jpg\",\"articleSection\":[\"Actualit\u00e9 internationale\"],\"inLanguage\":\"fr-FR\"},{\"@type\":\"WebPage\",\"@id\":\"https:\\\/\\\/www.renouvelle.be\\\/fr\\\/30-de-la-production-electrique-mondiale-issue-du-renouvelable-en-2023\\\/\",\"url\":\"https:\\\/\\\/www.renouvelle.be\\\/fr\\\/30-de-la-production-electrique-mondiale-issue-du-renouvelable-en-2023\\\/\",\"name\":\"30% de la production \u00e9lectrique mondiale issue du renouvelable en 2023 - Renouvelle\",\"isPartOf\":{\"@id\":\"https:\\\/\\\/www.renouvelle.be\\\/fr\\\/#website\"},\"primaryImageOfPage\":{\"@id\":\"https:\\\/\\\/www.renouvelle.be\\\/fr\\\/30-de-la-production-electrique-mondiale-issue-du-renouvelable-en-2023\\\/#primaryimage\"},\"image\":{\"@id\":\"https:\\\/\\\/www.renouvelle.be\\\/fr\\\/30-de-la-production-electrique-mondiale-issue-du-renouvelable-en-2023\\\/#primaryimage\"},\"thumbnailUrl\":\"https:\\\/\\\/www.renouvelle.be\\\/wp-content\\\/uploads\\\/2024\\\/05\\\/iStock-1492572052-scaled-e1715680548659.jpg\",\"datePublished\":\"2024-05-14T11:02:04+00:00\",\"dateModified\":\"2024-05-14T11:02:14+00:00\",\"author\":{\"@id\":\"https:\\\/\\\/www.renouvelle.be\\\/fr\\\/#\\\/schema\\\/person\\\/9d743366fb269eeceaa8d60e98d289d3\"},\"description\":\"C'est une premi\u00e8re ! La production \u00e9lectrique mondiale renouvelable a d\u00e9pass\u00e9 les 30%. Une bonne nouvelle pour la transition \u00e9nerg\u00e9tique.\",\"breadcrumb\":{\"@id\":\"https:\\\/\\\/www.renouvelle.be\\\/fr\\\/30-de-la-production-electrique-mondiale-issue-du-renouvelable-en-2023\\\/#breadcrumb\"},\"inLanguage\":\"fr-FR\",\"potentialAction\":[{\"@type\":\"ReadAction\",\"target\":[\"https:\\\/\\\/www.renouvelle.be\\\/fr\\\/30-de-la-production-electrique-mondiale-issue-du-renouvelable-en-2023\\\/\"]}]},{\"@type\":\"ImageObject\",\"inLanguage\":\"fr-FR\",\"@id\":\"https:\\\/\\\/www.renouvelle.be\\\/fr\\\/30-de-la-production-electrique-mondiale-issue-du-renouvelable-en-2023\\\/#primaryimage\",\"url\":\"https:\\\/\\\/www.renouvelle.be\\\/wp-content\\\/uploads\\\/2024\\\/05\\\/iStock-1492572052-scaled-e1715680548659.jpg\",\"contentUrl\":\"https:\\\/\\\/www.renouvelle.be\\\/wp-content\\\/uploads\\\/2024\\\/05\\\/iStock-1492572052-scaled-e1715680548659.jpg\",\"width\":1360,\"height\":825,\"caption\":\"renouvelable\"},{\"@type\":\"BreadcrumbList\",\"@id\":\"https:\\\/\\\/www.renouvelle.be\\\/fr\\\/30-de-la-production-electrique-mondiale-issue-du-renouvelable-en-2023\\\/#breadcrumb\",\"itemListElement\":[{\"@type\":\"ListItem\",\"position\":1,\"name\":\"Accueil\",\"item\":\"https:\\\/\\\/www.renouvelle.be\\\/fr\\\/\"},{\"@type\":\"ListItem\",\"position\":2,\"name\":\"30% de la production \u00e9lectrique mondiale issue du renouvelable en 2023\"}]},{\"@type\":\"WebSite\",\"@id\":\"https:\\\/\\\/www.renouvelle.be\\\/fr\\\/#website\",\"url\":\"https:\\\/\\\/www.renouvelle.be\\\/fr\\\/\",\"name\":\"Renouvelle\",\"description\":\"L&#039;actualit\u00e9 de l&#039;\u00e9nergie durable\",\"potentialAction\":[{\"@type\":\"SearchAction\",\"target\":{\"@type\":\"EntryPoint\",\"urlTemplate\":\"https:\\\/\\\/www.renouvelle.be\\\/fr\\\/?s={search_term_string}\"},\"query-input\":{\"@type\":\"PropertyValueSpecification\",\"valueRequired\":true,\"valueName\":\"search_term_string\"}}],\"inLanguage\":\"fr-FR\"},{\"@type\":\"Person\",\"@id\":\"https:\\\/\\\/www.renouvelle.be\\\/fr\\\/#\\\/schema\\\/person\\\/9d743366fb269eeceaa8d60e98d289d3\",\"name\":\"Samuel Alves\",\"url\":\"https:\\\/\\\/www.renouvelle.be\\\/fr\\\/author\\\/salves\\\/\"}]}<\/script>\n<!-- \/ Yoast SEO plugin. -->","yoast_head_json":{"title":"30% de la production \u00e9lectrique mondiale issue du renouvelable en 2023 - Renouvelle","description":"C'est une premi\u00e8re ! La production \u00e9lectrique mondiale renouvelable a d\u00e9pass\u00e9 les 30%. Une bonne nouvelle pour la transition \u00e9nerg\u00e9tique.","robots":{"index":"index","follow":"follow","max-snippet":"max-snippet:-1","max-image-preview":"max-image-preview:large","max-video-preview":"max-video-preview:-1"},"canonical":"https:\/\/www.renouvelle.be\/fr\/30-de-la-production-electrique-mondiale-issue-du-renouvelable-en-2023\/","og_locale":"fr_FR","og_type":"article","og_title":"30% de la production \u00e9lectrique mondiale issue du renouvelable en 2023 - Renouvelle","og_description":"C'est une premi\u00e8re ! La production \u00e9lectrique mondiale renouvelable a d\u00e9pass\u00e9 les 30%. Une bonne nouvelle pour la transition \u00e9nerg\u00e9tique.","og_url":"https:\/\/www.renouvelle.be\/fr\/30-de-la-production-electrique-mondiale-issue-du-renouvelable-en-2023\/","og_site_name":"Renouvelle","article_published_time":"2024-05-14T11:02:04+00:00","article_modified_time":"2024-05-14T11:02:14+00:00","og_image":[{"width":1360,"height":825,"url":"https:\/\/www.renouvelle.be\/wp-content\/uploads\/2024\/05\/iStock-1492572052-scaled-e1715680548659.jpg","type":"image\/jpeg"}],"author":"Samuel Alves","twitter_card":"summary_large_image","schema":{"@context":"https:\/\/schema.org","@graph":[{"@type":"Article","@id":"https:\/\/www.renouvelle.be\/fr\/30-de-la-production-electrique-mondiale-issue-du-renouvelable-en-2023\/#article","isPartOf":{"@id":"https:\/\/www.renouvelle.be\/fr\/30-de-la-production-electrique-mondiale-issue-du-renouvelable-en-2023\/"},"author":{"name":"Samuel Alves","@id":"https:\/\/www.renouvelle.be\/fr\/#\/schema\/person\/9d743366fb269eeceaa8d60e98d289d3"},"headline":"30% de la production \u00e9lectrique mondiale issue du renouvelable en 2023","datePublished":"2024-05-14T11:02:04+00:00","dateModified":"2024-05-14T11:02:14+00:00","mainEntityOfPage":{"@id":"https:\/\/www.renouvelle.be\/fr\/30-de-la-production-electrique-mondiale-issue-du-renouvelable-en-2023\/"},"wordCount":402,"image":{"@id":"https:\/\/www.renouvelle.be\/fr\/30-de-la-production-electrique-mondiale-issue-du-renouvelable-en-2023\/#primaryimage"},"thumbnailUrl":"https:\/\/www.renouvelle.be\/wp-content\/uploads\/2024\/05\/iStock-1492572052-scaled-e1715680548659.jpg","articleSection":["Actualit\u00e9 internationale"],"inLanguage":"fr-FR"},{"@type":"WebPage","@id":"https:\/\/www.renouvelle.be\/fr\/30-de-la-production-electrique-mondiale-issue-du-renouvelable-en-2023\/","url":"https:\/\/www.renouvelle.be\/fr\/30-de-la-production-electrique-mondiale-issue-du-renouvelable-en-2023\/","name":"30% de la production \u00e9lectrique mondiale issue du renouvelable en 2023 - Renouvelle","isPartOf":{"@id":"https:\/\/www.renouvelle.be\/fr\/#website"},"primaryImageOfPage":{"@id":"https:\/\/www.renouvelle.be\/fr\/30-de-la-production-electrique-mondiale-issue-du-renouvelable-en-2023\/#primaryimage"},"image":{"@id":"https:\/\/www.renouvelle.be\/fr\/30-de-la-production-electrique-mondiale-issue-du-renouvelable-en-2023\/#primaryimage"},"thumbnailUrl":"https:\/\/www.renouvelle.be\/wp-content\/uploads\/2024\/05\/iStock-1492572052-scaled-e1715680548659.jpg","datePublished":"2024-05-14T11:02:04+00:00","dateModified":"2024-05-14T11:02:14+00:00","author":{"@id":"https:\/\/www.renouvelle.be\/fr\/#\/schema\/person\/9d743366fb269eeceaa8d60e98d289d3"},"description":"C'est une premi\u00e8re ! La production \u00e9lectrique mondiale renouvelable a d\u00e9pass\u00e9 les 30%. Une bonne nouvelle pour la transition \u00e9nerg\u00e9tique.","breadcrumb":{"@id":"https:\/\/www.renouvelle.be\/fr\/30-de-la-production-electrique-mondiale-issue-du-renouvelable-en-2023\/#breadcrumb"},"inLanguage":"fr-FR","potentialAction":[{"@type":"ReadAction","target":["https:\/\/www.renouvelle.be\/fr\/30-de-la-production-electrique-mondiale-issue-du-renouvelable-en-2023\/"]}]},{"@type":"ImageObject","inLanguage":"fr-FR","@id":"https:\/\/www.renouvelle.be\/fr\/30-de-la-production-electrique-mondiale-issue-du-renouvelable-en-2023\/#primaryimage","url":"https:\/\/www.renouvelle.be\/wp-content\/uploads\/2024\/05\/iStock-1492572052-scaled-e1715680548659.jpg","contentUrl":"https:\/\/www.renouvelle.be\/wp-content\/uploads\/2024\/05\/iStock-1492572052-scaled-e1715680548659.jpg","width":1360,"height":825,"caption":"renouvelable"},{"@type":"BreadcrumbList","@id":"https:\/\/www.renouvelle.be\/fr\/30-de-la-production-electrique-mondiale-issue-du-renouvelable-en-2023\/#breadcrumb","itemListElement":[{"@type":"ListItem","position":1,"name":"Accueil","item":"https:\/\/www.renouvelle.be\/fr\/"},{"@type":"ListItem","position":2,"name":"30% de la production \u00e9lectrique mondiale issue du renouvelable en 2023"}]},{"@type":"WebSite","@id":"https:\/\/www.renouvelle.be\/fr\/#website","url":"https:\/\/www.renouvelle.be\/fr\/","name":"Renouvelle","description":"L&#039;actualit\u00e9 de l&#039;\u00e9nergie durable","potentialAction":[{"@type":"SearchAction","target":{"@type":"EntryPoint","urlTemplate":"https:\/\/www.renouvelle.be\/fr\/?s={search_term_string}"},"query-input":{"@type":"PropertyValueSpecification","valueRequired":true,"valueName":"search_term_string"}}],"inLanguage":"fr-FR"},{"@type":"Person","@id":"https:\/\/www.renouvelle.be\/fr\/#\/schema\/person\/9d743366fb269eeceaa8d60e98d289d3","name":"Samuel Alves","url":"https:\/\/www.renouvelle.be\/fr\/author\/salves\/"}]}},"_links":{"self":[{"href":"https:\/\/www.renouvelle.be\/fr\/wp-json\/wp\/v2\/posts\/12972","targetHints":{"allow":["GET"]}}],"collection":[{"href":"https:\/\/www.renouvelle.be\/fr\/wp-json\/wp\/v2\/posts"}],"about":[{"href":"https:\/\/www.renouvelle.be\/fr\/wp-json\/wp\/v2\/types\/post"}],"author":[{"embeddable":true,"href":"https:\/\/www.renouvelle.be\/fr\/wp-json\/wp\/v2\/users\/38"}],"replies":[{"embeddable":true,"href":"https:\/\/www.renouvelle.be\/fr\/wp-json\/wp\/v2\/comments?post=12972"}],"version-history":[{"count":7,"href":"https:\/\/www.renouvelle.be\/fr\/wp-json\/wp\/v2\/posts\/12972\/revisions"}],"predecessor-version":[{"id":12985,"href":"https:\/\/www.renouvelle.be\/fr\/wp-json\/wp\/v2\/posts\/12972\/revisions\/12985"}],"wp:featuredmedia":[{"embeddable":true,"href":"https:\/\/www.renouvelle.be\/fr\/wp-json\/wp\/v2\/media\/12976"}],"wp:attachment":[{"href":"https:\/\/www.renouvelle.be\/fr\/wp-json\/wp\/v2\/media?parent=12972"}],"wp:term":[{"taxonomy":"category","embeddable":true,"href":"https:\/\/www.renouvelle.be\/fr\/wp-json\/wp\/v2\/categories?post=12972"},{"taxonomy":"post_tag","embeddable":true,"href":"https:\/\/www.renouvelle.be\/fr\/wp-json\/wp\/v2\/tags?post=12972"},{"taxonomy":"section","embeddable":true,"href":"https:\/\/www.renouvelle.be\/fr\/wp-json\/wp\/v2\/section?post=12972"}],"curies":[{"name":"wp","href":"https:\/\/api.w.org\/{rel}","templated":true}]}}