{"id":12920,"date":"2024-05-07T11:14:28","date_gmt":"2024-05-07T09:14:28","guid":{"rendered":"https:\/\/www.renouvelle.be\/?p=12920"},"modified":"2024-05-07T11:14:34","modified_gmt":"2024-05-07T09:14:34","slug":"chaleur-fatale-ou-toute-une-energie-de-perdue","status":"publish","type":"post","link":"https:\/\/www.renouvelle.be\/fr\/chaleur-fatale-ou-toute-une-energie-de-perdue\/","title":{"rendered":"Chaleur fatale ou toute une \u00e9nergie de perdue"},"content":{"rendered":"\n<p>Pour la faire courte, la chaleur fatale, c\u2019est de la chaleur r\u00e9siduelle produite pendant les processus industriels (usines, centrales thermiques ou \u00e9lectriques, \u2026). Cette chaleur ainsi rejet\u00e9e dans l\u2019atmosph\u00e8re est donc perdue alors qu\u2019elle pourrait \u00eatre utilis\u00e9e bien autrement&nbsp;!<\/p>\n\n\n\n<p>En effet, l\u2019exploitation de cette chaleur perdue repr\u00e9sente une occasion pour les industries de participer \u00e0 la transition \u00e9nerg\u00e9tique et d\u2019agir pour l\u2019environnement. Bien s\u00fbr, nous n\u2019oublions pas qu\u2019un changement de leurs modes de consommation et de production d\u2019\u00e9nergie devra aussi aller de pair.<\/p>\n\n\n\n<p>Mais revenons \u00e0 cette chaleur fatale. Celle-ci, si elle \u00e9tait r\u00e9cup\u00e9r\u00e9e, pourrait \u00eatre r\u00e9utilis\u00e9e comme source de chaleur pour des habitations ou produire de l\u2019\u00e9lectricit\u00e9. Une nouvelle source d\u2019\u00e9nergie qui contribuerait \u00e0 r\u00e9duire les \u00e9missions de gaz \u00e0 effet de serre li\u00e9es aux productions suppl\u00e9mentaires d\u2019\u00e9lectricit\u00e9 et de chaleur. Sans oublier l\u2019impact positif que cela aurait sur les factures d\u2019\u00e9nergie \u00e9tant donn\u00e9 la gestion plus efficace de cette derni\u00e8re.<\/p>\n\n\n\n<p>Quelques exemples des b\u00e9n\u00e9fices de cette r\u00e9cup\u00e9ration existent chez nos voisins fran\u00e7ais mais la Belgique ne sera pas en reste.<\/p>\n\n\n\n<p><strong>La France<\/strong><\/p>\n\n\n\n<p>En France, la verrerie O-I Glass, s\u2019\u00e9tant donn\u00e9 pour objectif l\u2019utilisation de 40% d\u2019\u00e9nergie renouvelable d\u2019ici 2030, a mis en place, dans son usine \u00e0 <a href=\"https:\/\/www.engie-solutions.com\/fr\/presse\/decarbonation-o-i-glass-veauche\" target=\"_blank\" rel=\"noreferrer noopener\">Veauche<\/a>, un syst\u00e8me de r\u00e9cup\u00e9ration de chaleur fatale. Ce dernier alimentera un r\u00e9seau de distribution interne qui couvrira 94% des besoins en chauffage de l\u2019usine. Mais \u00e7a n\u2019est pas tout puisque dans une autre de ses usines, \u00e0 Reims cette fois, elle fournit de l\u2019\u00e9nergie thermique \u00e0 1200 foyers et \u00e9conomise l\u2019\u00e9quivalent de 2630 tonnes de CO<sub>2<\/sub> par an.<\/p>\n\n\n\n<p>Dans le Port du Rhin, \u00e0 Strasbourg, ce sont deux entreprises, Blue Paper et Tr\u00e9di, qui ont apport\u00e9 leur pierre \u00e0 l\u2019\u00e9difice avec une chaleur r\u00e9cup\u00e9r\u00e9e et inject\u00e9e dans le r\u00e9seau de la ville chauffant ainsi 30.000 logements.<\/p>\n\n\n\n<p><strong>Et en Belgique alors&nbsp;?<\/strong><\/p>\n\n\n\n<p>A Charleroi, <a href=\"https:\/\/www.renouvelle.be\/fr\/projet-porte-ouest-de-charleroi-le-plus-grand-reseau-de-chaleur-de-wallonie\/\" target=\"_blank\" rel=\"noreferrer noopener\">le projet Porte Ouest<\/a> d\u00e9veloppe progressivement un r\u00e9seau de chaleur 100% renouvelable. Toujours bas\u00e9 sur la r\u00e9cup\u00e9ration de la chaleur fatale, l\u2019\u00e9nergie thermique du p\u00f4le industriel carolo atteste d\u2019un potentiel de, plus ou moins, 100 MW. Pouvant potentiellement alimenter entre 25.000 et 40.000 logements, il s\u2019agira du plus grand r\u00e9seau de chaleur en Wallonie.<\/p>\n\n\n\n<p>Mais pourquoi ne pas aussi transformer cette chaleur perdue en \u00e9lectricit\u00e9&nbsp;? C\u2019est \u00e0 cette question que la start-up &nbsp;<a href=\"https:\/\/www.thermopowersystems.com\/\" target=\"_blank\" rel=\"noreferrer noopener\">Thermo Power<\/a> s\u2019est donn\u00e9 pour mission de r\u00e9pondre. G\u00e9n\u00e9rer de l\u2019\u00e9lectricit\u00e9 gr\u00e2ce \u00e0 une diff\u00e9rence de temp\u00e9rature (thermo\u00e9lectricit\u00e9) est possible mais le processus \u00e9tait compliqu\u00e9 jusqu\u2019\u00e0 pr\u00e9sent \u00e9tant donn\u00e9 les mat\u00e9riaux rares et on\u00e9reux n\u00e9cessaires. L\u2019innovation, ici, vient de l\u2019alliage des petits modules qui est compos\u00e9 de fer et d\u2019aluminium. Ces deux m\u00e9taux sont pr\u00e9sents abondements dans la cro\u00fbte terrestre, accessibles et largement recyclables, facilitant donc un d\u00e9ploiement \u00e0 grande \u00e9chelle.<\/p>\n\n\n\n<p>Que \u00e7a soit pour chauffer ou produire de l\u2019\u00e9lectricit\u00e9, ces exemples d\u00e9montrent bien que les industries peuvent prendre, elles aussi, une part active \u00e0 la transition \u00e9nerg\u00e9tique et que la chaleur perdue n\u2019est plus une fatalit\u00e9.<\/p>\n","protected":false},"excerpt":{"rendered":"<p>Pour la faire courte, la chaleur fatale, c\u2019est de la chaleur r\u00e9siduelle produite pendant les processus industriels (usines, centrales thermiques ou \u00e9lectriques, \u2026). Cette chaleur ainsi rejet\u00e9e dans l\u2019atmosph\u00e8re est donc perdue alors qu\u2019elle pourrait \u00eatre utilis\u00e9e bien autrement&nbsp;! En effet, l\u2019exploitation de cette chaleur perdue repr\u00e9sente une occasion pour les industries de participer \u00e0 la transition \u00e9nerg\u00e9tique et d\u2019agir pour l\u2019environnement. Bien s\u00fbr, nous n\u2019oublions pas qu\u2019un changement de leurs modes de consommation et de production d\u2019\u00e9nergie devra aussi aller de pair. Mais revenons \u00e0 cette chaleur fatale. Celle-ci, si elle \u00e9tait r\u00e9cup\u00e9r\u00e9e, pourrait \u00eatre r\u00e9utilis\u00e9e comme source de chaleur pour des habitations ou produire de l\u2019\u00e9lectricit\u00e9. Une nouvelle source d\u2019\u00e9nergie qui contribuerait \u00e0 r\u00e9duire les \u00e9missions de gaz \u00e0 effet de serre li\u00e9es aux productions suppl\u00e9mentaires d\u2019\u00e9lectricit\u00e9 et de chaleur. Sans oublier l\u2019impact positif que cela aurait sur les factures d\u2019\u00e9nergie \u00e9tant donn\u00e9 la gestion plus efficace de cette derni\u00e8re. Quelques exemples des b\u00e9n\u00e9fices de cette r\u00e9cup\u00e9ration existent chez nos voisins fran\u00e7ais mais la Belgique ne sera pas en reste. La France En France, la verrerie O-I Glass, s\u2019\u00e9tant donn\u00e9 pour objectif l\u2019utilisation de 40% d\u2019\u00e9nergie renouvelable d\u2019ici 2030, a mis en place, dans son usine \u00e0 Veauche, un syst\u00e8me de r\u00e9cup\u00e9ration de chaleur fatale. Ce dernier alimentera un r\u00e9seau de distribution interne qui couvrira 94% des besoins en chauffage de l\u2019usine. Mais \u00e7a n\u2019est pas tout puisque dans une autre de ses usines, \u00e0 Reims cette fois, elle fournit de l\u2019\u00e9nergie thermique \u00e0 1200 foyers et \u00e9conomise l\u2019\u00e9quivalent de 2630 tonnes de CO2 par an. Dans le Port du Rhin, \u00e0 Strasbourg, ce sont deux entreprises, Blue Paper et Tr\u00e9di, qui ont apport\u00e9 leur pierre \u00e0 l\u2019\u00e9difice avec une chaleur r\u00e9cup\u00e9r\u00e9e et inject\u00e9e dans le r\u00e9seau de &hellip; <a href=\"https:\/\/www.renouvelle.be\/fr\/chaleur-fatale-ou-toute-une-energie-de-perdue\/\" class=\"more-link\">Continue reading<span class=\"screen-reader-text\"> \u00ab\u00a0Chaleur fatale ou toute une \u00e9nergie de perdue\u00a0\u00bb<\/span><\/a><\/p>\n","protected":false},"author":38,"featured_media":12925,"comment_status":"closed","ping_status":"closed","sticky":false,"template":"","format":"standard","meta":{"_acf_changed":false,"footnotes":""},"categories":[20],"tags":[],"section":[8],"class_list":["post-12920","post","type-post","status-publish","format-standard","has-post-thumbnail","hentry","category-technologies","section-energie-renouvelables"],"acf":[],"yoast_head":"<!-- This site is optimized with the Yoast SEO plugin v27.4 - https:\/\/yoast.com\/product\/yoast-seo-wordpress\/ -->\n<title>Chaleur fatale ou toute une \u00e9nergie de perdue - Renouvelle<\/title>\n<meta name=\"description\" content=\"Et si la chaleur fatale devenait une nouvelle source de chaleur et de production d&#039;\u00e9lectricit\u00e9 ? Pour chauffer, c&#039;est d\u00e9j\u00e0 la cas !\" \/>\n<meta name=\"robots\" content=\"index, follow, max-snippet:-1, max-image-preview:large, max-video-preview:-1\" \/>\n<link rel=\"canonical\" href=\"https:\/\/www.renouvelle.be\/fr\/chaleur-fatale-ou-toute-une-energie-de-perdue\/\" \/>\n<meta property=\"og:locale\" content=\"fr_FR\" \/>\n<meta property=\"og:type\" content=\"article\" \/>\n<meta property=\"og:title\" content=\"Chaleur fatale ou toute une \u00e9nergie de perdue - Renouvelle\" \/>\n<meta property=\"og:description\" content=\"Et si la chaleur fatale devenait une nouvelle source de chaleur et de production d&#039;\u00e9lectricit\u00e9 ? Pour chauffer, c&#039;est d\u00e9j\u00e0 la cas !\" \/>\n<meta property=\"og:url\" content=\"https:\/\/www.renouvelle.be\/fr\/chaleur-fatale-ou-toute-une-energie-de-perdue\/\" \/>\n<meta property=\"og:site_name\" content=\"Renouvelle\" \/>\n<meta property=\"article:published_time\" content=\"2024-05-07T09:14:28+00:00\" \/>\n<meta property=\"article:modified_time\" content=\"2024-05-07T09:14:34+00:00\" \/>\n<meta property=\"og:image\" content=\"https:\/\/www.renouvelle.be\/wp-content\/uploads\/2024\/04\/iStock-1069526610-1-e1714401322183-1024x609.jpg\" \/>\n\t<meta property=\"og:image:width\" content=\"1024\" \/>\n\t<meta property=\"og:image:height\" content=\"609\" \/>\n\t<meta property=\"og:image:type\" content=\"image\/jpeg\" \/>\n<meta name=\"author\" content=\"Samuel Alves\" \/>\n<meta name=\"twitter:card\" content=\"summary_large_image\" \/>\n<script type=\"application\/ld+json\" class=\"yoast-schema-graph\">{\"@context\":\"https:\\\/\\\/schema.org\",\"@graph\":[{\"@type\":\"Article\",\"@id\":\"https:\\\/\\\/www.renouvelle.be\\\/fr\\\/chaleur-fatale-ou-toute-une-energie-de-perdue\\\/#article\",\"isPartOf\":{\"@id\":\"https:\\\/\\\/www.renouvelle.be\\\/fr\\\/chaleur-fatale-ou-toute-une-energie-de-perdue\\\/\"},\"author\":{\"name\":\"Samuel Alves\",\"@id\":\"https:\\\/\\\/www.renouvelle.be\\\/fr\\\/#\\\/schema\\\/person\\\/9d743366fb269eeceaa8d60e98d289d3\"},\"headline\":\"Chaleur fatale ou toute une \u00e9nergie de perdue\",\"datePublished\":\"2024-05-07T09:14:28+00:00\",\"dateModified\":\"2024-05-07T09:14:34+00:00\",\"mainEntityOfPage\":{\"@id\":\"https:\\\/\\\/www.renouvelle.be\\\/fr\\\/chaleur-fatale-ou-toute-une-energie-de-perdue\\\/\"},\"wordCount\":557,\"image\":{\"@id\":\"https:\\\/\\\/www.renouvelle.be\\\/fr\\\/chaleur-fatale-ou-toute-une-energie-de-perdue\\\/#primaryimage\"},\"thumbnailUrl\":\"https:\\\/\\\/www.renouvelle.be\\\/wp-content\\\/uploads\\\/2024\\\/04\\\/iStock-1069526610-1-e1714401322183.jpg\",\"articleSection\":[\"Technologies\"],\"inLanguage\":\"fr-FR\"},{\"@type\":\"WebPage\",\"@id\":\"https:\\\/\\\/www.renouvelle.be\\\/fr\\\/chaleur-fatale-ou-toute-une-energie-de-perdue\\\/\",\"url\":\"https:\\\/\\\/www.renouvelle.be\\\/fr\\\/chaleur-fatale-ou-toute-une-energie-de-perdue\\\/\",\"name\":\"Chaleur fatale ou toute une \u00e9nergie de perdue - Renouvelle\",\"isPartOf\":{\"@id\":\"https:\\\/\\\/www.renouvelle.be\\\/fr\\\/#website\"},\"primaryImageOfPage\":{\"@id\":\"https:\\\/\\\/www.renouvelle.be\\\/fr\\\/chaleur-fatale-ou-toute-une-energie-de-perdue\\\/#primaryimage\"},\"image\":{\"@id\":\"https:\\\/\\\/www.renouvelle.be\\\/fr\\\/chaleur-fatale-ou-toute-une-energie-de-perdue\\\/#primaryimage\"},\"thumbnailUrl\":\"https:\\\/\\\/www.renouvelle.be\\\/wp-content\\\/uploads\\\/2024\\\/04\\\/iStock-1069526610-1-e1714401322183.jpg\",\"datePublished\":\"2024-05-07T09:14:28+00:00\",\"dateModified\":\"2024-05-07T09:14:34+00:00\",\"author\":{\"@id\":\"https:\\\/\\\/www.renouvelle.be\\\/fr\\\/#\\\/schema\\\/person\\\/9d743366fb269eeceaa8d60e98d289d3\"},\"description\":\"Et si la chaleur fatale devenait une nouvelle source de chaleur et de production d'\u00e9lectricit\u00e9 ? Pour chauffer, c'est d\u00e9j\u00e0 la cas !\",\"breadcrumb\":{\"@id\":\"https:\\\/\\\/www.renouvelle.be\\\/fr\\\/chaleur-fatale-ou-toute-une-energie-de-perdue\\\/#breadcrumb\"},\"inLanguage\":\"fr-FR\",\"potentialAction\":[{\"@type\":\"ReadAction\",\"target\":[\"https:\\\/\\\/www.renouvelle.be\\\/fr\\\/chaleur-fatale-ou-toute-une-energie-de-perdue\\\/\"]}]},{\"@type\":\"ImageObject\",\"inLanguage\":\"fr-FR\",\"@id\":\"https:\\\/\\\/www.renouvelle.be\\\/fr\\\/chaleur-fatale-ou-toute-une-energie-de-perdue\\\/#primaryimage\",\"url\":\"https:\\\/\\\/www.renouvelle.be\\\/wp-content\\\/uploads\\\/2024\\\/04\\\/iStock-1069526610-1-e1714401322183.jpg\",\"contentUrl\":\"https:\\\/\\\/www.renouvelle.be\\\/wp-content\\\/uploads\\\/2024\\\/04\\\/iStock-1069526610-1-e1714401322183.jpg\",\"width\":2121,\"height\":1261,\"caption\":\"chaleur fatale\"},{\"@type\":\"BreadcrumbList\",\"@id\":\"https:\\\/\\\/www.renouvelle.be\\\/fr\\\/chaleur-fatale-ou-toute-une-energie-de-perdue\\\/#breadcrumb\",\"itemListElement\":[{\"@type\":\"ListItem\",\"position\":1,\"name\":\"Accueil\",\"item\":\"https:\\\/\\\/www.renouvelle.be\\\/fr\\\/\"},{\"@type\":\"ListItem\",\"position\":2,\"name\":\"Chaleur fatale ou toute une \u00e9nergie de perdue\"}]},{\"@type\":\"WebSite\",\"@id\":\"https:\\\/\\\/www.renouvelle.be\\\/fr\\\/#website\",\"url\":\"https:\\\/\\\/www.renouvelle.be\\\/fr\\\/\",\"name\":\"Renouvelle\",\"description\":\"L&#039;actualit\u00e9 de l&#039;\u00e9nergie durable\",\"potentialAction\":[{\"@type\":\"SearchAction\",\"target\":{\"@type\":\"EntryPoint\",\"urlTemplate\":\"https:\\\/\\\/www.renouvelle.be\\\/fr\\\/?s={search_term_string}\"},\"query-input\":{\"@type\":\"PropertyValueSpecification\",\"valueRequired\":true,\"valueName\":\"search_term_string\"}}],\"inLanguage\":\"fr-FR\"},{\"@type\":\"Person\",\"@id\":\"https:\\\/\\\/www.renouvelle.be\\\/fr\\\/#\\\/schema\\\/person\\\/9d743366fb269eeceaa8d60e98d289d3\",\"name\":\"Samuel Alves\",\"url\":\"https:\\\/\\\/www.renouvelle.be\\\/fr\\\/author\\\/salves\\\/\"}]}<\/script>\n<!-- \/ Yoast SEO plugin. -->","yoast_head_json":{"title":"Chaleur fatale ou toute une \u00e9nergie de perdue - Renouvelle","description":"Et si la chaleur fatale devenait une nouvelle source de chaleur et de production d'\u00e9lectricit\u00e9 ? Pour chauffer, c'est d\u00e9j\u00e0 la cas !","robots":{"index":"index","follow":"follow","max-snippet":"max-snippet:-1","max-image-preview":"max-image-preview:large","max-video-preview":"max-video-preview:-1"},"canonical":"https:\/\/www.renouvelle.be\/fr\/chaleur-fatale-ou-toute-une-energie-de-perdue\/","og_locale":"fr_FR","og_type":"article","og_title":"Chaleur fatale ou toute une \u00e9nergie de perdue - Renouvelle","og_description":"Et si la chaleur fatale devenait une nouvelle source de chaleur et de production d'\u00e9lectricit\u00e9 ? Pour chauffer, c'est d\u00e9j\u00e0 la cas !","og_url":"https:\/\/www.renouvelle.be\/fr\/chaleur-fatale-ou-toute-une-energie-de-perdue\/","og_site_name":"Renouvelle","article_published_time":"2024-05-07T09:14:28+00:00","article_modified_time":"2024-05-07T09:14:34+00:00","og_image":[{"width":1024,"height":609,"url":"https:\/\/www.renouvelle.be\/wp-content\/uploads\/2024\/04\/iStock-1069526610-1-e1714401322183-1024x609.jpg","type":"image\/jpeg"}],"author":"Samuel Alves","twitter_card":"summary_large_image","schema":{"@context":"https:\/\/schema.org","@graph":[{"@type":"Article","@id":"https:\/\/www.renouvelle.be\/fr\/chaleur-fatale-ou-toute-une-energie-de-perdue\/#article","isPartOf":{"@id":"https:\/\/www.renouvelle.be\/fr\/chaleur-fatale-ou-toute-une-energie-de-perdue\/"},"author":{"name":"Samuel Alves","@id":"https:\/\/www.renouvelle.be\/fr\/#\/schema\/person\/9d743366fb269eeceaa8d60e98d289d3"},"headline":"Chaleur fatale ou toute une \u00e9nergie de perdue","datePublished":"2024-05-07T09:14:28+00:00","dateModified":"2024-05-07T09:14:34+00:00","mainEntityOfPage":{"@id":"https:\/\/www.renouvelle.be\/fr\/chaleur-fatale-ou-toute-une-energie-de-perdue\/"},"wordCount":557,"image":{"@id":"https:\/\/www.renouvelle.be\/fr\/chaleur-fatale-ou-toute-une-energie-de-perdue\/#primaryimage"},"thumbnailUrl":"https:\/\/www.renouvelle.be\/wp-content\/uploads\/2024\/04\/iStock-1069526610-1-e1714401322183.jpg","articleSection":["Technologies"],"inLanguage":"fr-FR"},{"@type":"WebPage","@id":"https:\/\/www.renouvelle.be\/fr\/chaleur-fatale-ou-toute-une-energie-de-perdue\/","url":"https:\/\/www.renouvelle.be\/fr\/chaleur-fatale-ou-toute-une-energie-de-perdue\/","name":"Chaleur fatale ou toute une \u00e9nergie de perdue - Renouvelle","isPartOf":{"@id":"https:\/\/www.renouvelle.be\/fr\/#website"},"primaryImageOfPage":{"@id":"https:\/\/www.renouvelle.be\/fr\/chaleur-fatale-ou-toute-une-energie-de-perdue\/#primaryimage"},"image":{"@id":"https:\/\/www.renouvelle.be\/fr\/chaleur-fatale-ou-toute-une-energie-de-perdue\/#primaryimage"},"thumbnailUrl":"https:\/\/www.renouvelle.be\/wp-content\/uploads\/2024\/04\/iStock-1069526610-1-e1714401322183.jpg","datePublished":"2024-05-07T09:14:28+00:00","dateModified":"2024-05-07T09:14:34+00:00","author":{"@id":"https:\/\/www.renouvelle.be\/fr\/#\/schema\/person\/9d743366fb269eeceaa8d60e98d289d3"},"description":"Et si la chaleur fatale devenait une nouvelle source de chaleur et de production d'\u00e9lectricit\u00e9 ? Pour chauffer, c'est d\u00e9j\u00e0 la cas !","breadcrumb":{"@id":"https:\/\/www.renouvelle.be\/fr\/chaleur-fatale-ou-toute-une-energie-de-perdue\/#breadcrumb"},"inLanguage":"fr-FR","potentialAction":[{"@type":"ReadAction","target":["https:\/\/www.renouvelle.be\/fr\/chaleur-fatale-ou-toute-une-energie-de-perdue\/"]}]},{"@type":"ImageObject","inLanguage":"fr-FR","@id":"https:\/\/www.renouvelle.be\/fr\/chaleur-fatale-ou-toute-une-energie-de-perdue\/#primaryimage","url":"https:\/\/www.renouvelle.be\/wp-content\/uploads\/2024\/04\/iStock-1069526610-1-e1714401322183.jpg","contentUrl":"https:\/\/www.renouvelle.be\/wp-content\/uploads\/2024\/04\/iStock-1069526610-1-e1714401322183.jpg","width":2121,"height":1261,"caption":"chaleur fatale"},{"@type":"BreadcrumbList","@id":"https:\/\/www.renouvelle.be\/fr\/chaleur-fatale-ou-toute-une-energie-de-perdue\/#breadcrumb","itemListElement":[{"@type":"ListItem","position":1,"name":"Accueil","item":"https:\/\/www.renouvelle.be\/fr\/"},{"@type":"ListItem","position":2,"name":"Chaleur fatale ou toute une \u00e9nergie de perdue"}]},{"@type":"WebSite","@id":"https:\/\/www.renouvelle.be\/fr\/#website","url":"https:\/\/www.renouvelle.be\/fr\/","name":"Renouvelle","description":"L&#039;actualit\u00e9 de l&#039;\u00e9nergie durable","potentialAction":[{"@type":"SearchAction","target":{"@type":"EntryPoint","urlTemplate":"https:\/\/www.renouvelle.be\/fr\/?s={search_term_string}"},"query-input":{"@type":"PropertyValueSpecification","valueRequired":true,"valueName":"search_term_string"}}],"inLanguage":"fr-FR"},{"@type":"Person","@id":"https:\/\/www.renouvelle.be\/fr\/#\/schema\/person\/9d743366fb269eeceaa8d60e98d289d3","name":"Samuel Alves","url":"https:\/\/www.renouvelle.be\/fr\/author\/salves\/"}]}},"_links":{"self":[{"href":"https:\/\/www.renouvelle.be\/fr\/wp-json\/wp\/v2\/posts\/12920","targetHints":{"allow":["GET"]}}],"collection":[{"href":"https:\/\/www.renouvelle.be\/fr\/wp-json\/wp\/v2\/posts"}],"about":[{"href":"https:\/\/www.renouvelle.be\/fr\/wp-json\/wp\/v2\/types\/post"}],"author":[{"embeddable":true,"href":"https:\/\/www.renouvelle.be\/fr\/wp-json\/wp\/v2\/users\/38"}],"replies":[{"embeddable":true,"href":"https:\/\/www.renouvelle.be\/fr\/wp-json\/wp\/v2\/comments?post=12920"}],"version-history":[{"count":4,"href":"https:\/\/www.renouvelle.be\/fr\/wp-json\/wp\/v2\/posts\/12920\/revisions"}],"predecessor-version":[{"id":12929,"href":"https:\/\/www.renouvelle.be\/fr\/wp-json\/wp\/v2\/posts\/12920\/revisions\/12929"}],"wp:featuredmedia":[{"embeddable":true,"href":"https:\/\/www.renouvelle.be\/fr\/wp-json\/wp\/v2\/media\/12925"}],"wp:attachment":[{"href":"https:\/\/www.renouvelle.be\/fr\/wp-json\/wp\/v2\/media?parent=12920"}],"wp:term":[{"taxonomy":"category","embeddable":true,"href":"https:\/\/www.renouvelle.be\/fr\/wp-json\/wp\/v2\/categories?post=12920"},{"taxonomy":"post_tag","embeddable":true,"href":"https:\/\/www.renouvelle.be\/fr\/wp-json\/wp\/v2\/tags?post=12920"},{"taxonomy":"section","embeddable":true,"href":"https:\/\/www.renouvelle.be\/fr\/wp-json\/wp\/v2\/section?post=12920"}],"curies":[{"name":"wp","href":"https:\/\/api.w.org\/{rel}","templated":true}]}}