{"id":12906,"date":"2024-04-30T09:03:56","date_gmt":"2024-04-30T07:03:56","guid":{"rendered":"https:\/\/www.renouvelle.be\/?p=12906"},"modified":"2024-04-30T09:06:20","modified_gmt":"2024-04-30T07:06:20","slug":"toujours-plus-de-photovoltaique-dans-le-monde-en-2023","status":"publish","type":"post","link":"https:\/\/www.renouvelle.be\/fr\/toujours-plus-de-photovoltaique-dans-le-monde-en-2023\/","title":{"rendered":"Toujours plus de photovolta\u00efque dans le monde en 2023"},"content":{"rendered":"\n<p>Selon le rapport de l\u2019Agence Internationale de l\u2019\u00c9nergie, la capacit\u00e9 install\u00e9e photovolta\u00efque est pass\u00e9e de 407,3 GW \u00e0 446 GW, sans oublier un stock cumul\u00e9 de modules solaires d\u2019environ 150 GW \u00e0 travers le monde.<\/p>\n\n\n\n<p>Sans surprise, c\u2019est la Chine qui a connu le plus gros record avec 235 GW (voire 277 GW) d\u2019installations photovolta\u00efques, repr\u00e9sentant donc plus de 60% de la nouvelle capacit\u00e9 mondiale install\u00e9e en 2023 et portant sa propre capacit\u00e9 solaire cumul\u00e9e \u00e0 662 GW.<\/p>\n\n\n\n<p>En Europe, la croissance a \u00e9t\u00e9 stable avec 61 GW de puissance install\u00e9e dont 55,8 GW dans l\u2019Union europ\u00e9enne. On y remarquera la perc\u00e9e de l\u2019Allemagne (14,3 GW) mais aussi de la Pologne (6 GW) et de l\u2019Italie (5,3 GW), ainsi que celle des Pays-Bas (4,2 GW).<\/p>\n\n\n\n<p>De l\u2019autre c\u00f4t\u00e9 de l\u2019Atlantique, deux pays sortent du lot avec les \u00c9tats-Unis qui, apr\u00e8s avoir connu un ralentissement des installations en 2022, a ajout\u00e9 33,2 GW de capacit\u00e9, l\u2019ann\u00e9e pass\u00e9e. Plus au sud, le Br\u00e9sil se place dans le top 10 mondial avec 11,9 GW de capacit\u00e9 suppl\u00e9mentaire.<\/p>\n\n\n\n<p>La croissance du march\u00e9 photovolta\u00efque, externe \u00e0 la Chine, a atteint 30% tandis que la croissance interne en Chine a, elle, atteint 120%. Un r\u00e9sultat qui explique facilement le d\u00e9veloppement fulgurant du photovolta\u00efque dans le pays.<\/p>\n\n\n\n<p><strong>Quelle part prend l\u2019\u00e9nergie solaire dans les diff\u00e9rents mix \u00e9lectriques&nbsp;?<\/strong><\/p>\n\n\n\n<p>Deux fois plus de pays ont franchi la barre des 10% d\u2019\u00e9nergie issue du solaire dans leur mix \u00e9lectrique et sont d\u00e9sormais 18 \u00e0 avoir d\u00e9pass\u00e9 ce stade, dont la Belgique qui fait partie du top 10 avec 11,6%.<\/p>\n\n\n\n<p>Avec cette rapide avanc\u00e9e, la saturation des r\u00e9seaux pose question quant aux futurs d\u00e9fis \u00e0 relever. Diff\u00e9rentes mesures techniques devront \u00eatre adopt\u00e9es et, surtout, mises en pratique pour pallier cette difficult\u00e9. Et pourquoi ne pas encourager <a href=\"https:\/\/www.renouvelle.be\/fr\/flexibilite-electrique-consommateur-en-4-gestes\/\" target=\"_blank\" rel=\"noreferrer noopener\">la flexibilit\u00e9 du consommateur&nbsp;<\/a>?<\/p>\n\n\n\n<p>L\u2019incertitude plane \u00e9galement sur la solidit\u00e9 des march\u00e9s de fabricants locaux. Ceux-ci sont <a href=\"https:\/\/www.renouvelle.be\/fr\/le-solaire-chinois-aveugle-industrie-photovoltaique-europeenne\/\" target=\"_blank\" rel=\"noreferrer noopener\">noy\u00e9s sous les vagues des surproductions chinoises<\/a> de panneaux solaires \u00e0 bas prix, parfois jusqu\u2019\u00e0 devoir fermer les portes de leurs usines.<\/p>\n\n\n\n<p>Malgr\u00e9 ces quelques obstacles, <a href=\"https:\/\/iea-pvps.org\/snapshot-reports\/snapshot-2024\/#_ftn1\" target=\"_blank\" rel=\"noreferrer noopener\">le rapport<\/a> fait \u00e9galement remarquer que le photovolta\u00efque a jou\u00e9 un r\u00f4le important dans la r\u00e9duction des \u00e9missions de CO<sub>2<\/sub> issue de la production \u00e9lectrique, avec plus de 75 % de la nouvelle capacit\u00e9 renouvelable install\u00e9e en 2023, repr\u00e9sentant pr\u00e8s de 60 % de la production issue de cette capacit\u00e9 .<\/p>\n","protected":false},"excerpt":{"rendered":"<p>Selon le rapport de l\u2019Agence Internationale de l\u2019\u00c9nergie, la capacit\u00e9 install\u00e9e photovolta\u00efque est pass\u00e9e de 407,3 GW \u00e0 446 GW, sans oublier un stock cumul\u00e9 de modules solaires d\u2019environ 150 GW \u00e0 travers le monde. Sans surprise, c\u2019est la Chine qui a connu le plus gros record avec 235 GW (voire 277 GW) d\u2019installations photovolta\u00efques, repr\u00e9sentant donc plus de 60% de la nouvelle capacit\u00e9 mondiale install\u00e9e en 2023 et portant sa propre capacit\u00e9 solaire cumul\u00e9e \u00e0 662 GW. En Europe, la croissance a \u00e9t\u00e9 stable avec 61 GW de puissance install\u00e9e dont 55,8 GW dans l\u2019Union europ\u00e9enne. On y remarquera la perc\u00e9e de l\u2019Allemagne (14,3 GW) mais aussi de la Pologne (6 GW) et de l\u2019Italie (5,3 GW), ainsi que celle des Pays-Bas (4,2 GW). De l\u2019autre c\u00f4t\u00e9 de l\u2019Atlantique, deux pays sortent du lot avec les \u00c9tats-Unis qui, apr\u00e8s avoir connu un ralentissement des installations en 2022, a ajout\u00e9 33,2 GW de capacit\u00e9, l\u2019ann\u00e9e pass\u00e9e. Plus au sud, le Br\u00e9sil se place dans le top 10 mondial avec 11,9 GW de capacit\u00e9 suppl\u00e9mentaire. La croissance du march\u00e9 photovolta\u00efque, externe \u00e0 la Chine, a atteint 30% tandis que la croissance interne en Chine a, elle, atteint 120%. Un r\u00e9sultat qui explique facilement le d\u00e9veloppement fulgurant du photovolta\u00efque dans le pays. Quelle part prend l\u2019\u00e9nergie solaire dans les diff\u00e9rents mix \u00e9lectriques&nbsp;? Deux fois plus de pays ont franchi la barre des 10% d\u2019\u00e9nergie issue du solaire dans leur mix \u00e9lectrique et sont d\u00e9sormais 18 \u00e0 avoir d\u00e9pass\u00e9 ce stade, dont la Belgique qui fait partie du top 10 avec 11,6%. Avec cette rapide avanc\u00e9e, la saturation des r\u00e9seaux pose question quant aux futurs d\u00e9fis \u00e0 relever. Diff\u00e9rentes mesures techniques devront \u00eatre adopt\u00e9es et, surtout, mises en pratique pour pallier cette difficult\u00e9. &hellip; <a href=\"https:\/\/www.renouvelle.be\/fr\/toujours-plus-de-photovoltaique-dans-le-monde-en-2023\/\" class=\"more-link\">Continue reading<span class=\"screen-reader-text\"> \u00ab\u00a0Toujours plus de photovolta\u00efque dans le monde en 2023\u00a0\u00bb<\/span><\/a><\/p>\n","protected":false},"author":38,"featured_media":12908,"comment_status":"closed","ping_status":"closed","sticky":false,"template":"","format":"standard","meta":{"_acf_changed":false,"footnotes":""},"categories":[18],"tags":[],"section":[13],"class_list":["post-12906","post","type-post","status-publish","format-standard","has-post-thumbnail","hentry","category-actualite-internationale","section-solaire"],"acf":[],"yoast_head":"<!-- This site is optimized with the Yoast SEO plugin v27.5 - https:\/\/yoast.com\/product\/yoast-seo-wordpress\/ -->\n<title>Toujours plus de photovolta\u00efque dans le monde en 2023 - Renouvelle<\/title>\n<meta name=\"description\" content=\"La capacit\u00e9 install\u00e9e photovolta\u00efque continue sa progression passant de 1,2 TW en 2022 \u00e0 1,6 TW l&#039;ann\u00e9e pass\u00e9e.\" \/>\n<meta name=\"robots\" content=\"index, follow, max-snippet:-1, max-image-preview:large, max-video-preview:-1\" \/>\n<link rel=\"canonical\" href=\"https:\/\/www.renouvelle.be\/fr\/toujours-plus-de-photovoltaique-dans-le-monde-en-2023\/\" \/>\n<meta property=\"og:locale\" content=\"fr_FR\" \/>\n<meta property=\"og:type\" content=\"article\" \/>\n<meta property=\"og:title\" content=\"Toujours plus de photovolta\u00efque dans le monde en 2023 - Renouvelle\" \/>\n<meta property=\"og:description\" content=\"La capacit\u00e9 install\u00e9e photovolta\u00efque continue sa progression passant de 1,2 TW en 2022 \u00e0 1,6 TW l&#039;ann\u00e9e pass\u00e9e.\" \/>\n<meta property=\"og:url\" content=\"https:\/\/www.renouvelle.be\/fr\/toujours-plus-de-photovoltaique-dans-le-monde-en-2023\/\" \/>\n<meta property=\"og:site_name\" content=\"Renouvelle\" \/>\n<meta property=\"article:published_time\" content=\"2024-04-30T07:03:56+00:00\" \/>\n<meta property=\"article:modified_time\" content=\"2024-04-30T07:06:20+00:00\" \/>\n<meta property=\"og:image\" content=\"https:\/\/www.renouvelle.be\/wp-content\/uploads\/2024\/04\/pexels-kindelmedia-9875408-scaled-e1713959947128.jpg\" \/>\n\t<meta property=\"og:image:width\" content=\"2560\" \/>\n\t<meta property=\"og:image:height\" content=\"1757\" \/>\n\t<meta property=\"og:image:type\" content=\"image\/jpeg\" \/>\n<meta name=\"author\" content=\"Samuel Alves\" \/>\n<meta name=\"twitter:card\" content=\"summary_large_image\" \/>\n<script type=\"application\/ld+json\" class=\"yoast-schema-graph\">{\"@context\":\"https:\\\/\\\/schema.org\",\"@graph\":[{\"@type\":\"Article\",\"@id\":\"https:\\\/\\\/www.renouvelle.be\\\/fr\\\/toujours-plus-de-photovoltaique-dans-le-monde-en-2023\\\/#article\",\"isPartOf\":{\"@id\":\"https:\\\/\\\/www.renouvelle.be\\\/fr\\\/toujours-plus-de-photovoltaique-dans-le-monde-en-2023\\\/\"},\"author\":{\"name\":\"Samuel Alves\",\"@id\":\"https:\\\/\\\/www.renouvelle.be\\\/fr\\\/#\\\/schema\\\/person\\\/9d743366fb269eeceaa8d60e98d289d3\"},\"headline\":\"Toujours plus de photovolta\u00efque dans le monde en 2023\",\"datePublished\":\"2024-04-30T07:03:56+00:00\",\"dateModified\":\"2024-04-30T07:06:20+00:00\",\"mainEntityOfPage\":{\"@id\":\"https:\\\/\\\/www.renouvelle.be\\\/fr\\\/toujours-plus-de-photovoltaique-dans-le-monde-en-2023\\\/\"},\"wordCount\":413,\"image\":{\"@id\":\"https:\\\/\\\/www.renouvelle.be\\\/fr\\\/toujours-plus-de-photovoltaique-dans-le-monde-en-2023\\\/#primaryimage\"},\"thumbnailUrl\":\"https:\\\/\\\/www.renouvelle.be\\\/wp-content\\\/uploads\\\/2024\\\/04\\\/pexels-kindelmedia-9875408-scaled-e1713959947128.jpg\",\"articleSection\":[\"Actualit\u00e9 internationale\"],\"inLanguage\":\"fr-FR\"},{\"@type\":\"WebPage\",\"@id\":\"https:\\\/\\\/www.renouvelle.be\\\/fr\\\/toujours-plus-de-photovoltaique-dans-le-monde-en-2023\\\/\",\"url\":\"https:\\\/\\\/www.renouvelle.be\\\/fr\\\/toujours-plus-de-photovoltaique-dans-le-monde-en-2023\\\/\",\"name\":\"Toujours plus de photovolta\u00efque dans le monde en 2023 - Renouvelle\",\"isPartOf\":{\"@id\":\"https:\\\/\\\/www.renouvelle.be\\\/fr\\\/#website\"},\"primaryImageOfPage\":{\"@id\":\"https:\\\/\\\/www.renouvelle.be\\\/fr\\\/toujours-plus-de-photovoltaique-dans-le-monde-en-2023\\\/#primaryimage\"},\"image\":{\"@id\":\"https:\\\/\\\/www.renouvelle.be\\\/fr\\\/toujours-plus-de-photovoltaique-dans-le-monde-en-2023\\\/#primaryimage\"},\"thumbnailUrl\":\"https:\\\/\\\/www.renouvelle.be\\\/wp-content\\\/uploads\\\/2024\\\/04\\\/pexels-kindelmedia-9875408-scaled-e1713959947128.jpg\",\"datePublished\":\"2024-04-30T07:03:56+00:00\",\"dateModified\":\"2024-04-30T07:06:20+00:00\",\"author\":{\"@id\":\"https:\\\/\\\/www.renouvelle.be\\\/fr\\\/#\\\/schema\\\/person\\\/9d743366fb269eeceaa8d60e98d289d3\"},\"description\":\"La capacit\u00e9 install\u00e9e photovolta\u00efque continue sa progression passant de 1,2 TW en 2022 \u00e0 1,6 TW l'ann\u00e9e pass\u00e9e.\",\"breadcrumb\":{\"@id\":\"https:\\\/\\\/www.renouvelle.be\\\/fr\\\/toujours-plus-de-photovoltaique-dans-le-monde-en-2023\\\/#breadcrumb\"},\"inLanguage\":\"fr-FR\",\"potentialAction\":[{\"@type\":\"ReadAction\",\"target\":[\"https:\\\/\\\/www.renouvelle.be\\\/fr\\\/toujours-plus-de-photovoltaique-dans-le-monde-en-2023\\\/\"]}]},{\"@type\":\"ImageObject\",\"inLanguage\":\"fr-FR\",\"@id\":\"https:\\\/\\\/www.renouvelle.be\\\/fr\\\/toujours-plus-de-photovoltaique-dans-le-monde-en-2023\\\/#primaryimage\",\"url\":\"https:\\\/\\\/www.renouvelle.be\\\/wp-content\\\/uploads\\\/2024\\\/04\\\/pexels-kindelmedia-9875408-scaled-e1713959947128.jpg\",\"contentUrl\":\"https:\\\/\\\/www.renouvelle.be\\\/wp-content\\\/uploads\\\/2024\\\/04\\\/pexels-kindelmedia-9875408-scaled-e1713959947128.jpg\",\"width\":2560,\"height\":1757,\"caption\":\"photovolta\u00efque\"},{\"@type\":\"BreadcrumbList\",\"@id\":\"https:\\\/\\\/www.renouvelle.be\\\/fr\\\/toujours-plus-de-photovoltaique-dans-le-monde-en-2023\\\/#breadcrumb\",\"itemListElement\":[{\"@type\":\"ListItem\",\"position\":1,\"name\":\"Accueil\",\"item\":\"https:\\\/\\\/www.renouvelle.be\\\/fr\\\/\"},{\"@type\":\"ListItem\",\"position\":2,\"name\":\"Toujours plus de photovolta\u00efque dans le monde en 2023\"}]},{\"@type\":\"WebSite\",\"@id\":\"https:\\\/\\\/www.renouvelle.be\\\/fr\\\/#website\",\"url\":\"https:\\\/\\\/www.renouvelle.be\\\/fr\\\/\",\"name\":\"Renouvelle\",\"description\":\"L&#039;actualit\u00e9 de l&#039;\u00e9nergie durable\",\"potentialAction\":[{\"@type\":\"SearchAction\",\"target\":{\"@type\":\"EntryPoint\",\"urlTemplate\":\"https:\\\/\\\/www.renouvelle.be\\\/fr\\\/?s={search_term_string}\"},\"query-input\":{\"@type\":\"PropertyValueSpecification\",\"valueRequired\":true,\"valueName\":\"search_term_string\"}}],\"inLanguage\":\"fr-FR\"},{\"@type\":\"Person\",\"@id\":\"https:\\\/\\\/www.renouvelle.be\\\/fr\\\/#\\\/schema\\\/person\\\/9d743366fb269eeceaa8d60e98d289d3\",\"name\":\"Samuel Alves\",\"url\":\"https:\\\/\\\/www.renouvelle.be\\\/fr\\\/author\\\/salves\\\/\"}]}<\/script>\n<!-- \/ Yoast SEO plugin. -->","yoast_head_json":{"title":"Toujours plus de photovolta\u00efque dans le monde en 2023 - Renouvelle","description":"La capacit\u00e9 install\u00e9e photovolta\u00efque continue sa progression passant de 1,2 TW en 2022 \u00e0 1,6 TW l'ann\u00e9e pass\u00e9e.","robots":{"index":"index","follow":"follow","max-snippet":"max-snippet:-1","max-image-preview":"max-image-preview:large","max-video-preview":"max-video-preview:-1"},"canonical":"https:\/\/www.renouvelle.be\/fr\/toujours-plus-de-photovoltaique-dans-le-monde-en-2023\/","og_locale":"fr_FR","og_type":"article","og_title":"Toujours plus de photovolta\u00efque dans le monde en 2023 - Renouvelle","og_description":"La capacit\u00e9 install\u00e9e photovolta\u00efque continue sa progression passant de 1,2 TW en 2022 \u00e0 1,6 TW l'ann\u00e9e pass\u00e9e.","og_url":"https:\/\/www.renouvelle.be\/fr\/toujours-plus-de-photovoltaique-dans-le-monde-en-2023\/","og_site_name":"Renouvelle","article_published_time":"2024-04-30T07:03:56+00:00","article_modified_time":"2024-04-30T07:06:20+00:00","og_image":[{"width":2560,"height":1757,"url":"https:\/\/www.renouvelle.be\/wp-content\/uploads\/2024\/04\/pexels-kindelmedia-9875408-scaled-e1713959947128.jpg","type":"image\/jpeg"}],"author":"Samuel Alves","twitter_card":"summary_large_image","schema":{"@context":"https:\/\/schema.org","@graph":[{"@type":"Article","@id":"https:\/\/www.renouvelle.be\/fr\/toujours-plus-de-photovoltaique-dans-le-monde-en-2023\/#article","isPartOf":{"@id":"https:\/\/www.renouvelle.be\/fr\/toujours-plus-de-photovoltaique-dans-le-monde-en-2023\/"},"author":{"name":"Samuel Alves","@id":"https:\/\/www.renouvelle.be\/fr\/#\/schema\/person\/9d743366fb269eeceaa8d60e98d289d3"},"headline":"Toujours plus de photovolta\u00efque dans le monde en 2023","datePublished":"2024-04-30T07:03:56+00:00","dateModified":"2024-04-30T07:06:20+00:00","mainEntityOfPage":{"@id":"https:\/\/www.renouvelle.be\/fr\/toujours-plus-de-photovoltaique-dans-le-monde-en-2023\/"},"wordCount":413,"image":{"@id":"https:\/\/www.renouvelle.be\/fr\/toujours-plus-de-photovoltaique-dans-le-monde-en-2023\/#primaryimage"},"thumbnailUrl":"https:\/\/www.renouvelle.be\/wp-content\/uploads\/2024\/04\/pexels-kindelmedia-9875408-scaled-e1713959947128.jpg","articleSection":["Actualit\u00e9 internationale"],"inLanguage":"fr-FR"},{"@type":"WebPage","@id":"https:\/\/www.renouvelle.be\/fr\/toujours-plus-de-photovoltaique-dans-le-monde-en-2023\/","url":"https:\/\/www.renouvelle.be\/fr\/toujours-plus-de-photovoltaique-dans-le-monde-en-2023\/","name":"Toujours plus de photovolta\u00efque dans le monde en 2023 - Renouvelle","isPartOf":{"@id":"https:\/\/www.renouvelle.be\/fr\/#website"},"primaryImageOfPage":{"@id":"https:\/\/www.renouvelle.be\/fr\/toujours-plus-de-photovoltaique-dans-le-monde-en-2023\/#primaryimage"},"image":{"@id":"https:\/\/www.renouvelle.be\/fr\/toujours-plus-de-photovoltaique-dans-le-monde-en-2023\/#primaryimage"},"thumbnailUrl":"https:\/\/www.renouvelle.be\/wp-content\/uploads\/2024\/04\/pexels-kindelmedia-9875408-scaled-e1713959947128.jpg","datePublished":"2024-04-30T07:03:56+00:00","dateModified":"2024-04-30T07:06:20+00:00","author":{"@id":"https:\/\/www.renouvelle.be\/fr\/#\/schema\/person\/9d743366fb269eeceaa8d60e98d289d3"},"description":"La capacit\u00e9 install\u00e9e photovolta\u00efque continue sa progression passant de 1,2 TW en 2022 \u00e0 1,6 TW l'ann\u00e9e pass\u00e9e.","breadcrumb":{"@id":"https:\/\/www.renouvelle.be\/fr\/toujours-plus-de-photovoltaique-dans-le-monde-en-2023\/#breadcrumb"},"inLanguage":"fr-FR","potentialAction":[{"@type":"ReadAction","target":["https:\/\/www.renouvelle.be\/fr\/toujours-plus-de-photovoltaique-dans-le-monde-en-2023\/"]}]},{"@type":"ImageObject","inLanguage":"fr-FR","@id":"https:\/\/www.renouvelle.be\/fr\/toujours-plus-de-photovoltaique-dans-le-monde-en-2023\/#primaryimage","url":"https:\/\/www.renouvelle.be\/wp-content\/uploads\/2024\/04\/pexels-kindelmedia-9875408-scaled-e1713959947128.jpg","contentUrl":"https:\/\/www.renouvelle.be\/wp-content\/uploads\/2024\/04\/pexels-kindelmedia-9875408-scaled-e1713959947128.jpg","width":2560,"height":1757,"caption":"photovolta\u00efque"},{"@type":"BreadcrumbList","@id":"https:\/\/www.renouvelle.be\/fr\/toujours-plus-de-photovoltaique-dans-le-monde-en-2023\/#breadcrumb","itemListElement":[{"@type":"ListItem","position":1,"name":"Accueil","item":"https:\/\/www.renouvelle.be\/fr\/"},{"@type":"ListItem","position":2,"name":"Toujours plus de photovolta\u00efque dans le monde en 2023"}]},{"@type":"WebSite","@id":"https:\/\/www.renouvelle.be\/fr\/#website","url":"https:\/\/www.renouvelle.be\/fr\/","name":"Renouvelle","description":"L&#039;actualit\u00e9 de l&#039;\u00e9nergie durable","potentialAction":[{"@type":"SearchAction","target":{"@type":"EntryPoint","urlTemplate":"https:\/\/www.renouvelle.be\/fr\/?s={search_term_string}"},"query-input":{"@type":"PropertyValueSpecification","valueRequired":true,"valueName":"search_term_string"}}],"inLanguage":"fr-FR"},{"@type":"Person","@id":"https:\/\/www.renouvelle.be\/fr\/#\/schema\/person\/9d743366fb269eeceaa8d60e98d289d3","name":"Samuel Alves","url":"https:\/\/www.renouvelle.be\/fr\/author\/salves\/"}]}},"_links":{"self":[{"href":"https:\/\/www.renouvelle.be\/fr\/wp-json\/wp\/v2\/posts\/12906","targetHints":{"allow":["GET"]}}],"collection":[{"href":"https:\/\/www.renouvelle.be\/fr\/wp-json\/wp\/v2\/posts"}],"about":[{"href":"https:\/\/www.renouvelle.be\/fr\/wp-json\/wp\/v2\/types\/post"}],"author":[{"embeddable":true,"href":"https:\/\/www.renouvelle.be\/fr\/wp-json\/wp\/v2\/users\/38"}],"replies":[{"embeddable":true,"href":"https:\/\/www.renouvelle.be\/fr\/wp-json\/wp\/v2\/comments?post=12906"}],"version-history":[{"count":3,"href":"https:\/\/www.renouvelle.be\/fr\/wp-json\/wp\/v2\/posts\/12906\/revisions"}],"predecessor-version":[{"id":12928,"href":"https:\/\/www.renouvelle.be\/fr\/wp-json\/wp\/v2\/posts\/12906\/revisions\/12928"}],"wp:featuredmedia":[{"embeddable":true,"href":"https:\/\/www.renouvelle.be\/fr\/wp-json\/wp\/v2\/media\/12908"}],"wp:attachment":[{"href":"https:\/\/www.renouvelle.be\/fr\/wp-json\/wp\/v2\/media?parent=12906"}],"wp:term":[{"taxonomy":"category","embeddable":true,"href":"https:\/\/www.renouvelle.be\/fr\/wp-json\/wp\/v2\/categories?post=12906"},{"taxonomy":"post_tag","embeddable":true,"href":"https:\/\/www.renouvelle.be\/fr\/wp-json\/wp\/v2\/tags?post=12906"},{"taxonomy":"section","embeddable":true,"href":"https:\/\/www.renouvelle.be\/fr\/wp-json\/wp\/v2\/section?post=12906"}],"curies":[{"name":"wp","href":"https:\/\/api.w.org\/{rel}","templated":true}]}}