{"id":12876,"date":"2024-04-23T10:20:04","date_gmt":"2024-04-23T08:20:04","guid":{"rendered":"https:\/\/www.renouvelle.be\/?p=12876"},"modified":"2024-04-23T10:20:11","modified_gmt":"2024-04-23T08:20:11","slug":"ue-certifications-dabsorptions-de-carbone-un-ecran-de-fumee","status":"publish","type":"post","link":"https:\/\/www.renouvelle.be\/fr\/ue-certifications-dabsorptions-de-carbone-un-ecran-de-fumee\/","title":{"rendered":"UE : certifications d\u2019absorptions de carbone, un \u00e9cran de fum\u00e9e\u00a0?"},"content":{"rendered":"\n<p>Premi\u00e8re mondiale, ce registre sera \u00e9tabli pour la certification d&rsquo;absorptions de carbone par proc\u00e9d\u00e9 naturel ou industriel. En r\u00e9sum\u00e9, il s\u2019agit d\u2019un syst\u00e8me de v\u00e9rification qui valide (ou non) les activit\u00e9s ou les technologies mises en place par une entreprise pour la captation du CO<sub>2<\/sub> dans l\u2019atmosph\u00e8re ainsi que son stockage.<\/p>\n\n\n\n<p>Dans les processus naturels de capture du CO<sub>2<\/sub>, on retrouve, par exemple, la plantation d\u2019arbres, approche la plus courante du genre. Pour ce qui est des proc\u00e9d\u00e9s industriels, l\u2019UE mise sur des technologies comme des ventilateurs de grande taille pour aspirer le carbone directement dans l\u2019air et le stocker de mani\u00e8re permanente.<\/p>\n\n\n\n<p>Avec pour objectif de r\u00e9duire de 90% les \u00e9missions de gaz \u00e0 effet de serre d\u2019ici 2040, l\u2019adoption de ce syst\u00e8me de registre vise \u00e0 intensifier les absorptions de carbone. La Commission a \u00e9valu\u00e9 \u00e0 450 millions de tonnes la quantit\u00e9 de CO<sub>2<\/sub> \u00e0 capturer, annuellement, d\u2019ici 2050. Pour atteindre ce but, l\u2019UE compte sur une captation d\u2019au moins 50 millions de tonnes par an d\u2019ici 2030, suivie d\u2019une \u00e9tape interm\u00e9diaire de 200 tonnes annuelles d\u2019ici 2040, avant 450 millions en 2050.<\/p>\n\n\n\n<p>Mais de quels types d\u2019absorption parle-t-on&nbsp;?<\/p>\n\n\n\n<ul class=\"wp-block-list\">\n<li><strong>Les absorptions permanentes&nbsp;:<\/strong> captage direct dans l\u2019atmosph\u00e8re, la bio\u00e9nergie avec captage et stockage du carbone, capables de pi\u00e9ger le CO<sub>2<\/sub> pendant plusieurs si\u00e8cles.<\/li>\n\n\n\n<li><strong>Le stockage temporaire dans des produits durables<\/strong> comme ceux de la construction en bois par exemple (dur\u00e9e d\u2019au moins 35 ans).<\/li>\n\n\n\n<li><strong>Le stockage provisoire dans les sols agricoles<\/strong> gr\u00e2ce \u00e0 des pratiques comme la restauration des for\u00eats et des sols, la gestion des zones humides ou le d\u00e9veloppement d\u2019herbiers marins.<\/li>\n\n\n\n<li><strong>La r\u00e9duction des \u00e9missions de CO<sub>2<\/sub> provenant des sols <\/strong>gr\u00e2ce \u00e0 l\u2019agriculture sans labour et aux cultures de couverture entre les r\u00e9coltes.<\/li>\n<\/ul>\n\n\n\n<p>Les pratiques des deux derniers points doivent \u00eatre r\u00e9alis\u00e9es pendant au moins 5 ans pour obtenir la certification.<\/p>\n\n\n\n<h2 class=\"wp-block-heading\"><strong>Une nouvelle forme de greenwashing&nbsp;?<\/strong><\/h2>\n\n\n\n<p>Bien que le syst\u00e8me de certification d\u2019absorptions de carbone soit pr\u00e9sent\u00e9 comme un moyen d\u2019\u00e9viter le greenwashing des industries, il y a certaines ombres au tableau comme le fait que, pour le moment, cette certification reste volontaire. Et que penser du fait que le stockage temporaire est consid\u00e9r\u00e9 comme une absorption au m\u00eame titre qu\u2019une absorption permanente&nbsp;? <\/p>\n\n\n\n<p>Cela sans oublier que la Commission pr\u00e9voit \u00e9galement la possibilit\u00e9 que les absorptions puissent \u00eatre prises en compte dans le <a href=\"https:\/\/climate.ec.europa.eu\/eu-action\/eu-emissions-trading-system-eu-ets_fr\" target=\"_blank\" rel=\"noreferrer noopener\">SEQE<\/a> (syst\u00e8me d\u2019\u00e9change de quotas d\u2019\u00e9mission), qui plafonne actuellement la quantit\u00e9 de CO<sub>2<\/sub> que l\u2019industrie et les producteurs d\u2019\u00e9lectricit\u00e9 sont autoris\u00e9s \u00e0 \u00e9mettre.<\/p>\n\n\n\n<p>Cela offrirait aux entreprises un moyen de compenser leur propre pollution en monnayant des certificats d\u2019absorptions, ou de simplement mettre en avant leur compensation sans remettre en question leur comportement de consommation et pratiques polluantes.<\/p>\n\n\n\n<p>Les certifications posent aussi question quant au reporting <a href=\"https:\/\/www.renouvelle.be\/fr\/esg-et-csrd-alphabet-de-la-durabilite\/\" target=\"_blank\" rel=\"noreferrer noopener\">ESG<\/a>&nbsp;: une entreprise sera-t-elle bien cot\u00e9e pour son absorption du carbone malgr\u00e9 le fait qu\u2019elle le r\u00e9utilise pour produire des plastiques&nbsp;?<\/p>\n\n\n\n<p>Cette validation d\u2019un <a href=\"https:\/\/www.consilium.europa.eu\/fr\/press\/press-releases\/2024\/02\/20\/climate-action-council-and-parliament-agree-to-establish-an-eu-carbon-removals-certification-framework\/#:~:text=La%20Commission%20europ%C3%A9enne%20a%20propos%C3%A9,politique%20climatique%20de%20l'UE.\" target=\"_blank\" rel=\"noreferrer noopener\">registre des absorptions de carbone<\/a> laisse encore bien des myst\u00e8res en suspens. Esp\u00e9rons qu\u2019il ne s\u2019agit pas d\u2019un \u00e9ni\u00e8me effet d\u2019annonce.<\/p>\n","protected":false},"excerpt":{"rendered":"<p>Premi\u00e8re mondiale, ce registre sera \u00e9tabli pour la certification d&rsquo;absorptions de carbone par proc\u00e9d\u00e9 naturel ou industriel. En r\u00e9sum\u00e9, il s\u2019agit d\u2019un syst\u00e8me de v\u00e9rification qui valide (ou non) les activit\u00e9s ou les technologies mises en place par une entreprise pour la captation du CO2 dans l\u2019atmosph\u00e8re ainsi que son stockage. Dans les processus naturels de capture du CO2, on retrouve, par exemple, la plantation d\u2019arbres, approche la plus courante du genre. Pour ce qui est des proc\u00e9d\u00e9s industriels, l\u2019UE mise sur des technologies comme des ventilateurs de grande taille pour aspirer le carbone directement dans l\u2019air et le stocker de mani\u00e8re permanente. Avec pour objectif de r\u00e9duire de 90% les \u00e9missions de gaz \u00e0 effet de serre d\u2019ici 2040, l\u2019adoption de ce syst\u00e8me de registre vise \u00e0 intensifier les absorptions de carbone. La Commission a \u00e9valu\u00e9 \u00e0 450 millions de tonnes la quantit\u00e9 de CO2 \u00e0 capturer, annuellement, d\u2019ici 2050. Pour atteindre ce but, l\u2019UE compte sur une captation d\u2019au moins 50 millions de tonnes par an d\u2019ici 2030, suivie d\u2019une \u00e9tape interm\u00e9diaire de 200 tonnes annuelles d\u2019ici 2040, avant 450 millions en 2050. Mais de quels types d\u2019absorption parle-t-on&nbsp;? Les pratiques des deux derniers points doivent \u00eatre r\u00e9alis\u00e9es pendant au moins 5 ans pour obtenir la certification. Une nouvelle forme de greenwashing&nbsp;? Bien que le syst\u00e8me de certification d\u2019absorptions de carbone soit pr\u00e9sent\u00e9 comme un moyen d\u2019\u00e9viter le greenwashing des industries, il y a certaines ombres au tableau comme le fait que, pour le moment, cette certification reste volontaire. Et que penser du fait que le stockage temporaire est consid\u00e9r\u00e9 comme une absorption au m\u00eame titre qu\u2019une absorption permanente&nbsp;? Cela sans oublier que la Commission pr\u00e9voit \u00e9galement la possibilit\u00e9 que les absorptions puissent \u00eatre prises en compte dans &hellip; <a href=\"https:\/\/www.renouvelle.be\/fr\/ue-certifications-dabsorptions-de-carbone-un-ecran-de-fumee\/\" class=\"more-link\">Continue reading<span class=\"screen-reader-text\"> \u00ab\u00a0UE : certifications d\u2019absorptions de carbone, un \u00e9cran de fum\u00e9e\u00a0?\u00a0\u00bb<\/span><\/a><\/p>\n","protected":false},"author":38,"featured_media":12879,"comment_status":"closed","ping_status":"closed","sticky":false,"template":"","format":"standard","meta":{"_acf_changed":false,"footnotes":""},"categories":[18],"tags":[],"section":[8],"class_list":["post-12876","post","type-post","status-publish","format-standard","has-post-thumbnail","hentry","category-actualite-internationale","section-energie-renouvelables"],"acf":[],"yoast_head":"<!-- This site is optimized with the Yoast SEO plugin v27.5 - https:\/\/yoast.com\/product\/yoast-seo-wordpress\/ -->\n<title>UE : certifications d\u2019absorptions de carbone, un \u00e9cran de fum\u00e9e\u00a0? - Renouvelle<\/title>\n<meta name=\"description\" content=\"Le Parlement europ\u00e9en a approuv\u00e9 un syst\u00e8me de certification d&#039;absorptions de carbone. Greenwashing de plus ou geste concret ?\" \/>\n<meta name=\"robots\" content=\"index, follow, max-snippet:-1, max-image-preview:large, max-video-preview:-1\" \/>\n<link rel=\"canonical\" href=\"https:\/\/www.renouvelle.be\/fr\/ue-certifications-dabsorptions-de-carbone-un-ecran-de-fumee\/\" \/>\n<meta property=\"og:locale\" content=\"fr_FR\" \/>\n<meta property=\"og:type\" content=\"article\" \/>\n<meta property=\"og:title\" content=\"UE : certifications d\u2019absorptions de carbone, un \u00e9cran de fum\u00e9e\u00a0? - Renouvelle\" \/>\n<meta property=\"og:description\" content=\"Le Parlement europ\u00e9en a approuv\u00e9 un syst\u00e8me de certification d&#039;absorptions de carbone. Greenwashing de plus ou geste concret ?\" \/>\n<meta property=\"og:url\" content=\"https:\/\/www.renouvelle.be\/fr\/ue-certifications-dabsorptions-de-carbone-un-ecran-de-fumee\/\" \/>\n<meta property=\"og:site_name\" content=\"Renouvelle\" \/>\n<meta property=\"article:published_time\" content=\"2024-04-23T08:20:04+00:00\" \/>\n<meta property=\"article:modified_time\" content=\"2024-04-23T08:20:11+00:00\" \/>\n<meta property=\"og:image\" content=\"https:\/\/www.renouvelle.be\/wp-content\/uploads\/2024\/04\/pexels-pixabay-39553-scaled-e1713770470951.jpg\" \/>\n\t<meta property=\"og:image:width\" content=\"2103\" \/>\n\t<meta property=\"og:image:height\" content=\"1305\" \/>\n\t<meta property=\"og:image:type\" content=\"image\/jpeg\" \/>\n<meta name=\"author\" content=\"Samuel Alves\" \/>\n<meta name=\"twitter:card\" content=\"summary_large_image\" \/>\n<script type=\"application\/ld+json\" class=\"yoast-schema-graph\">{\"@context\":\"https:\\\/\\\/schema.org\",\"@graph\":[{\"@type\":\"Article\",\"@id\":\"https:\\\/\\\/www.renouvelle.be\\\/fr\\\/ue-certifications-dabsorptions-de-carbone-un-ecran-de-fumee\\\/#article\",\"isPartOf\":{\"@id\":\"https:\\\/\\\/www.renouvelle.be\\\/fr\\\/ue-certifications-dabsorptions-de-carbone-un-ecran-de-fumee\\\/\"},\"author\":{\"name\":\"Samuel Alves\",\"@id\":\"https:\\\/\\\/www.renouvelle.be\\\/fr\\\/#\\\/schema\\\/person\\\/9d743366fb269eeceaa8d60e98d289d3\"},\"headline\":\"UE : certifications d\u2019absorptions de carbone, un \u00e9cran de fum\u00e9e\u00a0?\",\"datePublished\":\"2024-04-23T08:20:04+00:00\",\"dateModified\":\"2024-04-23T08:20:11+00:00\",\"mainEntityOfPage\":{\"@id\":\"https:\\\/\\\/www.renouvelle.be\\\/fr\\\/ue-certifications-dabsorptions-de-carbone-un-ecran-de-fumee\\\/\"},\"wordCount\":567,\"image\":{\"@id\":\"https:\\\/\\\/www.renouvelle.be\\\/fr\\\/ue-certifications-dabsorptions-de-carbone-un-ecran-de-fumee\\\/#primaryimage\"},\"thumbnailUrl\":\"https:\\\/\\\/www.renouvelle.be\\\/wp-content\\\/uploads\\\/2024\\\/04\\\/pexels-pixabay-39553-scaled-e1713770470951.jpg\",\"articleSection\":[\"Actualit\u00e9 internationale\"],\"inLanguage\":\"fr-FR\"},{\"@type\":\"WebPage\",\"@id\":\"https:\\\/\\\/www.renouvelle.be\\\/fr\\\/ue-certifications-dabsorptions-de-carbone-un-ecran-de-fumee\\\/\",\"url\":\"https:\\\/\\\/www.renouvelle.be\\\/fr\\\/ue-certifications-dabsorptions-de-carbone-un-ecran-de-fumee\\\/\",\"name\":\"UE : certifications d\u2019absorptions de carbone, un \u00e9cran de fum\u00e9e\u00a0? - Renouvelle\",\"isPartOf\":{\"@id\":\"https:\\\/\\\/www.renouvelle.be\\\/fr\\\/#website\"},\"primaryImageOfPage\":{\"@id\":\"https:\\\/\\\/www.renouvelle.be\\\/fr\\\/ue-certifications-dabsorptions-de-carbone-un-ecran-de-fumee\\\/#primaryimage\"},\"image\":{\"@id\":\"https:\\\/\\\/www.renouvelle.be\\\/fr\\\/ue-certifications-dabsorptions-de-carbone-un-ecran-de-fumee\\\/#primaryimage\"},\"thumbnailUrl\":\"https:\\\/\\\/www.renouvelle.be\\\/wp-content\\\/uploads\\\/2024\\\/04\\\/pexels-pixabay-39553-scaled-e1713770470951.jpg\",\"datePublished\":\"2024-04-23T08:20:04+00:00\",\"dateModified\":\"2024-04-23T08:20:11+00:00\",\"author\":{\"@id\":\"https:\\\/\\\/www.renouvelle.be\\\/fr\\\/#\\\/schema\\\/person\\\/9d743366fb269eeceaa8d60e98d289d3\"},\"description\":\"Le Parlement europ\u00e9en a approuv\u00e9 un syst\u00e8me de certification d'absorptions de carbone. Greenwashing de plus ou geste concret ?\",\"breadcrumb\":{\"@id\":\"https:\\\/\\\/www.renouvelle.be\\\/fr\\\/ue-certifications-dabsorptions-de-carbone-un-ecran-de-fumee\\\/#breadcrumb\"},\"inLanguage\":\"fr-FR\",\"potentialAction\":[{\"@type\":\"ReadAction\",\"target\":[\"https:\\\/\\\/www.renouvelle.be\\\/fr\\\/ue-certifications-dabsorptions-de-carbone-un-ecran-de-fumee\\\/\"]}]},{\"@type\":\"ImageObject\",\"inLanguage\":\"fr-FR\",\"@id\":\"https:\\\/\\\/www.renouvelle.be\\\/fr\\\/ue-certifications-dabsorptions-de-carbone-un-ecran-de-fumee\\\/#primaryimage\",\"url\":\"https:\\\/\\\/www.renouvelle.be\\\/wp-content\\\/uploads\\\/2024\\\/04\\\/pexels-pixabay-39553-scaled-e1713770470951.jpg\",\"contentUrl\":\"https:\\\/\\\/www.renouvelle.be\\\/wp-content\\\/uploads\\\/2024\\\/04\\\/pexels-pixabay-39553-scaled-e1713770470951.jpg\",\"width\":2103,\"height\":1305,\"caption\":\"absorption de carbone\"},{\"@type\":\"BreadcrumbList\",\"@id\":\"https:\\\/\\\/www.renouvelle.be\\\/fr\\\/ue-certifications-dabsorptions-de-carbone-un-ecran-de-fumee\\\/#breadcrumb\",\"itemListElement\":[{\"@type\":\"ListItem\",\"position\":1,\"name\":\"Accueil\",\"item\":\"https:\\\/\\\/www.renouvelle.be\\\/fr\\\/\"},{\"@type\":\"ListItem\",\"position\":2,\"name\":\"UE : certifications d\u2019absorptions de carbone, un \u00e9cran de fum\u00e9e\u00a0?\"}]},{\"@type\":\"WebSite\",\"@id\":\"https:\\\/\\\/www.renouvelle.be\\\/fr\\\/#website\",\"url\":\"https:\\\/\\\/www.renouvelle.be\\\/fr\\\/\",\"name\":\"Renouvelle\",\"description\":\"L&#039;actualit\u00e9 de l&#039;\u00e9nergie durable\",\"potentialAction\":[{\"@type\":\"SearchAction\",\"target\":{\"@type\":\"EntryPoint\",\"urlTemplate\":\"https:\\\/\\\/www.renouvelle.be\\\/fr\\\/?s={search_term_string}\"},\"query-input\":{\"@type\":\"PropertyValueSpecification\",\"valueRequired\":true,\"valueName\":\"search_term_string\"}}],\"inLanguage\":\"fr-FR\"},{\"@type\":\"Person\",\"@id\":\"https:\\\/\\\/www.renouvelle.be\\\/fr\\\/#\\\/schema\\\/person\\\/9d743366fb269eeceaa8d60e98d289d3\",\"name\":\"Samuel Alves\",\"url\":\"https:\\\/\\\/www.renouvelle.be\\\/fr\\\/author\\\/salves\\\/\"}]}<\/script>\n<!-- \/ Yoast SEO plugin. -->","yoast_head_json":{"title":"UE : certifications d\u2019absorptions de carbone, un \u00e9cran de fum\u00e9e\u00a0? - Renouvelle","description":"Le Parlement europ\u00e9en a approuv\u00e9 un syst\u00e8me de certification d'absorptions de carbone. Greenwashing de plus ou geste concret ?","robots":{"index":"index","follow":"follow","max-snippet":"max-snippet:-1","max-image-preview":"max-image-preview:large","max-video-preview":"max-video-preview:-1"},"canonical":"https:\/\/www.renouvelle.be\/fr\/ue-certifications-dabsorptions-de-carbone-un-ecran-de-fumee\/","og_locale":"fr_FR","og_type":"article","og_title":"UE : certifications d\u2019absorptions de carbone, un \u00e9cran de fum\u00e9e\u00a0? - Renouvelle","og_description":"Le Parlement europ\u00e9en a approuv\u00e9 un syst\u00e8me de certification d'absorptions de carbone. Greenwashing de plus ou geste concret ?","og_url":"https:\/\/www.renouvelle.be\/fr\/ue-certifications-dabsorptions-de-carbone-un-ecran-de-fumee\/","og_site_name":"Renouvelle","article_published_time":"2024-04-23T08:20:04+00:00","article_modified_time":"2024-04-23T08:20:11+00:00","og_image":[{"width":2103,"height":1305,"url":"https:\/\/www.renouvelle.be\/wp-content\/uploads\/2024\/04\/pexels-pixabay-39553-scaled-e1713770470951.jpg","type":"image\/jpeg"}],"author":"Samuel Alves","twitter_card":"summary_large_image","schema":{"@context":"https:\/\/schema.org","@graph":[{"@type":"Article","@id":"https:\/\/www.renouvelle.be\/fr\/ue-certifications-dabsorptions-de-carbone-un-ecran-de-fumee\/#article","isPartOf":{"@id":"https:\/\/www.renouvelle.be\/fr\/ue-certifications-dabsorptions-de-carbone-un-ecran-de-fumee\/"},"author":{"name":"Samuel Alves","@id":"https:\/\/www.renouvelle.be\/fr\/#\/schema\/person\/9d743366fb269eeceaa8d60e98d289d3"},"headline":"UE : certifications d\u2019absorptions de carbone, un \u00e9cran de fum\u00e9e\u00a0?","datePublished":"2024-04-23T08:20:04+00:00","dateModified":"2024-04-23T08:20:11+00:00","mainEntityOfPage":{"@id":"https:\/\/www.renouvelle.be\/fr\/ue-certifications-dabsorptions-de-carbone-un-ecran-de-fumee\/"},"wordCount":567,"image":{"@id":"https:\/\/www.renouvelle.be\/fr\/ue-certifications-dabsorptions-de-carbone-un-ecran-de-fumee\/#primaryimage"},"thumbnailUrl":"https:\/\/www.renouvelle.be\/wp-content\/uploads\/2024\/04\/pexels-pixabay-39553-scaled-e1713770470951.jpg","articleSection":["Actualit\u00e9 internationale"],"inLanguage":"fr-FR"},{"@type":"WebPage","@id":"https:\/\/www.renouvelle.be\/fr\/ue-certifications-dabsorptions-de-carbone-un-ecran-de-fumee\/","url":"https:\/\/www.renouvelle.be\/fr\/ue-certifications-dabsorptions-de-carbone-un-ecran-de-fumee\/","name":"UE : certifications d\u2019absorptions de carbone, un \u00e9cran de fum\u00e9e\u00a0? - Renouvelle","isPartOf":{"@id":"https:\/\/www.renouvelle.be\/fr\/#website"},"primaryImageOfPage":{"@id":"https:\/\/www.renouvelle.be\/fr\/ue-certifications-dabsorptions-de-carbone-un-ecran-de-fumee\/#primaryimage"},"image":{"@id":"https:\/\/www.renouvelle.be\/fr\/ue-certifications-dabsorptions-de-carbone-un-ecran-de-fumee\/#primaryimage"},"thumbnailUrl":"https:\/\/www.renouvelle.be\/wp-content\/uploads\/2024\/04\/pexels-pixabay-39553-scaled-e1713770470951.jpg","datePublished":"2024-04-23T08:20:04+00:00","dateModified":"2024-04-23T08:20:11+00:00","author":{"@id":"https:\/\/www.renouvelle.be\/fr\/#\/schema\/person\/9d743366fb269eeceaa8d60e98d289d3"},"description":"Le Parlement europ\u00e9en a approuv\u00e9 un syst\u00e8me de certification d'absorptions de carbone. Greenwashing de plus ou geste concret ?","breadcrumb":{"@id":"https:\/\/www.renouvelle.be\/fr\/ue-certifications-dabsorptions-de-carbone-un-ecran-de-fumee\/#breadcrumb"},"inLanguage":"fr-FR","potentialAction":[{"@type":"ReadAction","target":["https:\/\/www.renouvelle.be\/fr\/ue-certifications-dabsorptions-de-carbone-un-ecran-de-fumee\/"]}]},{"@type":"ImageObject","inLanguage":"fr-FR","@id":"https:\/\/www.renouvelle.be\/fr\/ue-certifications-dabsorptions-de-carbone-un-ecran-de-fumee\/#primaryimage","url":"https:\/\/www.renouvelle.be\/wp-content\/uploads\/2024\/04\/pexels-pixabay-39553-scaled-e1713770470951.jpg","contentUrl":"https:\/\/www.renouvelle.be\/wp-content\/uploads\/2024\/04\/pexels-pixabay-39553-scaled-e1713770470951.jpg","width":2103,"height":1305,"caption":"absorption de carbone"},{"@type":"BreadcrumbList","@id":"https:\/\/www.renouvelle.be\/fr\/ue-certifications-dabsorptions-de-carbone-un-ecran-de-fumee\/#breadcrumb","itemListElement":[{"@type":"ListItem","position":1,"name":"Accueil","item":"https:\/\/www.renouvelle.be\/fr\/"},{"@type":"ListItem","position":2,"name":"UE : certifications d\u2019absorptions de carbone, un \u00e9cran de fum\u00e9e\u00a0?"}]},{"@type":"WebSite","@id":"https:\/\/www.renouvelle.be\/fr\/#website","url":"https:\/\/www.renouvelle.be\/fr\/","name":"Renouvelle","description":"L&#039;actualit\u00e9 de l&#039;\u00e9nergie durable","potentialAction":[{"@type":"SearchAction","target":{"@type":"EntryPoint","urlTemplate":"https:\/\/www.renouvelle.be\/fr\/?s={search_term_string}"},"query-input":{"@type":"PropertyValueSpecification","valueRequired":true,"valueName":"search_term_string"}}],"inLanguage":"fr-FR"},{"@type":"Person","@id":"https:\/\/www.renouvelle.be\/fr\/#\/schema\/person\/9d743366fb269eeceaa8d60e98d289d3","name":"Samuel Alves","url":"https:\/\/www.renouvelle.be\/fr\/author\/salves\/"}]}},"_links":{"self":[{"href":"https:\/\/www.renouvelle.be\/fr\/wp-json\/wp\/v2\/posts\/12876","targetHints":{"allow":["GET"]}}],"collection":[{"href":"https:\/\/www.renouvelle.be\/fr\/wp-json\/wp\/v2\/posts"}],"about":[{"href":"https:\/\/www.renouvelle.be\/fr\/wp-json\/wp\/v2\/types\/post"}],"author":[{"embeddable":true,"href":"https:\/\/www.renouvelle.be\/fr\/wp-json\/wp\/v2\/users\/38"}],"replies":[{"embeddable":true,"href":"https:\/\/www.renouvelle.be\/fr\/wp-json\/wp\/v2\/comments?post=12876"}],"version-history":[{"count":16,"href":"https:\/\/www.renouvelle.be\/fr\/wp-json\/wp\/v2\/posts\/12876\/revisions"}],"predecessor-version":[{"id":12894,"href":"https:\/\/www.renouvelle.be\/fr\/wp-json\/wp\/v2\/posts\/12876\/revisions\/12894"}],"wp:featuredmedia":[{"embeddable":true,"href":"https:\/\/www.renouvelle.be\/fr\/wp-json\/wp\/v2\/media\/12879"}],"wp:attachment":[{"href":"https:\/\/www.renouvelle.be\/fr\/wp-json\/wp\/v2\/media?parent=12876"}],"wp:term":[{"taxonomy":"category","embeddable":true,"href":"https:\/\/www.renouvelle.be\/fr\/wp-json\/wp\/v2\/categories?post=12876"},{"taxonomy":"post_tag","embeddable":true,"href":"https:\/\/www.renouvelle.be\/fr\/wp-json\/wp\/v2\/tags?post=12876"},{"taxonomy":"section","embeddable":true,"href":"https:\/\/www.renouvelle.be\/fr\/wp-json\/wp\/v2\/section?post=12876"}],"curies":[{"name":"wp","href":"https:\/\/api.w.org\/{rel}","templated":true}]}}