{"id":12863,"date":"2024-04-19T13:18:05","date_gmt":"2024-04-19T11:18:05","guid":{"rendered":"https:\/\/www.renouvelle.be\/?p=12863"},"modified":"2024-04-19T15:04:32","modified_gmt":"2024-04-19T13:04:32","slug":"bruxelles-installe-son-premier-reseau-de-chaleur-par-geothermie","status":"publish","type":"post","link":"https:\/\/www.renouvelle.be\/fr\/bruxelles-installe-son-premier-reseau-de-chaleur-par-geothermie\/","title":{"rendered":"Bruxelles installe son premier r\u00e9seau de chaleur par g\u00e9othermie"},"content":{"rendered":"\n<p>Cette fa\u00e7on de consommer l\u2019\u00e9nergie est d\u00e9j\u00e0 appliqu\u00e9e par des particuliers alors pourquoi la nouvelle de cette installation \u00e0 Bruxelles est-elle si in\u00e9dite ? La r\u00e9ponse r\u00e9side dans le fait qu\u2019il s\u2019agit, ici, de la mise en place d\u2019un r\u00e9seau aliment\u00e9 par la g\u00e9othermie, le premier du genre dans la capitale.<\/p>\n\n\n\n<p>Celui-ci sera aliment\u00e9 par la g\u00e9othermie et fournira de la chaleur \u00e0 tout un quartier. Merci aux \u00e9nergies renouvelables\u00a0! Des extensions seront m\u00eame envisageables pour \u00e9tendre ce r\u00e9seau et permettre \u00e0 d\u2019autres b\u00e2timents du quartier de venir s\u2019y connecter.<\/p>\n\n\n\n<p>Le projet qui s\u2019\u00e9tend sur 4 hectares, accueillera un p\u00f4le acad\u00e9mique, 460 logements \u00e9tudiants, 130 logements familiaux ainsi qu\u2019une halle alimentaire et la Maison de l\u2019autisme.<\/p>\n\n\n\n<p>Tout ce petit monde sera donc aliment\u00e9 en chaleur par ce nouveau r\u00e9seau g\u00e9othermique, un des plus importants de Belgique. Pour de rendre cela possible, le syst\u00e8me en circuit ferm\u00e9, se compose de 132 sondes qui s\u2019enfoncent \u00e0 120 m\u00e8tres de profondeur pour capter la chaleur du sol. Celles-ci sont reli\u00e9es \u00e0 une pompe \u00e0 chaleur.<\/p>\n\n\n\n<p>Actuellement, sous exploit\u00e9e en Europe, la g\u00e9othermie permettrait, au m\u00eame titre que le solaire ou l\u2019\u00e9olien, d\u2019acc\u00e9l\u00e9rer la d\u00e9carbonation de l\u2019\u00e9nergie. Esp\u00e9rons que le projet <a href=\"https:\/\/usquare.brussels\/en\" target=\"_blank\" rel=\"noreferrer noopener\">Usquare<\/a> inspire d\u2019autres initiatives concr\u00e8tes\u00a0!<\/p>\n\n\n\n<p><em>Image : SAU-MSI.Brussels<\/em><\/p>\n","protected":false},"excerpt":{"rendered":"<p>Cette fa\u00e7on de consommer l\u2019\u00e9nergie est d\u00e9j\u00e0 appliqu\u00e9e par des particuliers alors pourquoi la nouvelle de cette installation \u00e0 Bruxelles est-elle si in\u00e9dite ? La r\u00e9ponse r\u00e9side dans le fait qu\u2019il s\u2019agit, ici, de la mise en place d\u2019un r\u00e9seau aliment\u00e9 par la g\u00e9othermie, le premier du genre dans la capitale. Celui-ci sera aliment\u00e9 par la g\u00e9othermie et fournira de la chaleur \u00e0 tout un quartier. Merci aux \u00e9nergies renouvelables\u00a0! Des extensions seront m\u00eame envisageables pour \u00e9tendre ce r\u00e9seau et permettre \u00e0 d\u2019autres b\u00e2timents du quartier de venir s\u2019y connecter. Le projet qui s\u2019\u00e9tend sur 4 hectares, accueillera un p\u00f4le acad\u00e9mique, 460 logements \u00e9tudiants, 130 logements familiaux ainsi qu\u2019une halle alimentaire et la Maison de l\u2019autisme. Tout ce petit monde sera donc aliment\u00e9 en chaleur par ce nouveau r\u00e9seau g\u00e9othermique, un des plus importants de Belgique. Pour de rendre cela possible, le syst\u00e8me en circuit ferm\u00e9, se compose de 132 sondes qui s\u2019enfoncent \u00e0 120 m\u00e8tres de profondeur pour capter la chaleur du sol. Celles-ci sont reli\u00e9es \u00e0 une pompe \u00e0 chaleur. Actuellement, sous exploit\u00e9e en Europe, la g\u00e9othermie permettrait, au m\u00eame titre que le solaire ou l\u2019\u00e9olien, d\u2019acc\u00e9l\u00e9rer la d\u00e9carbonation de l\u2019\u00e9nergie. Esp\u00e9rons que le projet Usquare inspire d\u2019autres initiatives concr\u00e8tes\u00a0! Image : SAU-MSI.Brussels<\/p>\n","protected":false},"author":38,"featured_media":12866,"comment_status":"closed","ping_status":"closed","sticky":false,"template":"","format":"standard","meta":{"_acf_changed":false,"footnotes":""},"categories":[17],"tags":[],"section":[9],"class_list":["post-12863","post","type-post","status-publish","format-standard","has-post-thumbnail","hentry","category-actualite-en-belgique","section-geothermie-pac"],"acf":[],"yoast_head":"<!-- This site is optimized with the Yoast SEO plugin v27.5 - https:\/\/yoast.com\/product\/yoast-seo-wordpress\/ -->\n<title>Bruxelles installe son premier r\u00e9seau de chaleur par g\u00e9othermie - Renouvelle<\/title>\n<meta name=\"description\" content=\"Bruxelles voit na\u00eetre son premier r\u00e9seau de chaleur aliment\u00e9 par la g\u00e9othermie. Un projet qui, on l&#039;esp\u00e8re, incitera d&#039;autres initiatives.\" \/>\n<meta name=\"robots\" content=\"index, follow, max-snippet:-1, max-image-preview:large, max-video-preview:-1\" \/>\n<link rel=\"canonical\" href=\"https:\/\/www.renouvelle.be\/fr\/bruxelles-installe-son-premier-reseau-de-chaleur-par-geothermie\/\" \/>\n<meta property=\"og:locale\" content=\"fr_FR\" \/>\n<meta property=\"og:type\" content=\"article\" \/>\n<meta property=\"og:title\" content=\"Bruxelles installe son premier r\u00e9seau de chaleur par g\u00e9othermie - Renouvelle\" \/>\n<meta property=\"og:description\" content=\"Bruxelles voit na\u00eetre son premier r\u00e9seau de chaleur aliment\u00e9 par la g\u00e9othermie. Un projet qui, on l&#039;esp\u00e8re, incitera d&#039;autres initiatives.\" \/>\n<meta property=\"og:url\" content=\"https:\/\/www.renouvelle.be\/fr\/bruxelles-installe-son-premier-reseau-de-chaleur-par-geothermie\/\" \/>\n<meta property=\"og:site_name\" content=\"Renouvelle\" \/>\n<meta property=\"article:published_time\" content=\"2024-04-19T11:18:05+00:00\" \/>\n<meta property=\"article:modified_time\" content=\"2024-04-19T13:04:32+00:00\" \/>\n<meta property=\"og:image\" content=\"https:\/\/www.renouvelle.be\/wp-content\/uploads\/2024\/04\/Photo-Caserne-Ixelles-Usquare_Photo-de-SAU-MSI.jpg\" \/>\n\t<meta property=\"og:image:width\" content=\"2016\" \/>\n\t<meta property=\"og:image:height\" content=\"1512\" \/>\n\t<meta property=\"og:image:type\" content=\"image\/jpeg\" \/>\n<meta name=\"author\" content=\"Samuel Alves\" \/>\n<meta name=\"twitter:card\" content=\"summary_large_image\" \/>\n<script type=\"application\/ld+json\" class=\"yoast-schema-graph\">{\"@context\":\"https:\\\/\\\/schema.org\",\"@graph\":[{\"@type\":\"Article\",\"@id\":\"https:\\\/\\\/www.renouvelle.be\\\/fr\\\/bruxelles-installe-son-premier-reseau-de-chaleur-par-geothermie\\\/#article\",\"isPartOf\":{\"@id\":\"https:\\\/\\\/www.renouvelle.be\\\/fr\\\/bruxelles-installe-son-premier-reseau-de-chaleur-par-geothermie\\\/\"},\"author\":{\"name\":\"Samuel Alves\",\"@id\":\"https:\\\/\\\/www.renouvelle.be\\\/fr\\\/#\\\/schema\\\/person\\\/9d743366fb269eeceaa8d60e98d289d3\"},\"headline\":\"Bruxelles installe son premier r\u00e9seau de chaleur par g\u00e9othermie\",\"datePublished\":\"2024-04-19T11:18:05+00:00\",\"dateModified\":\"2024-04-19T13:04:32+00:00\",\"mainEntityOfPage\":{\"@id\":\"https:\\\/\\\/www.renouvelle.be\\\/fr\\\/bruxelles-installe-son-premier-reseau-de-chaleur-par-geothermie\\\/\"},\"wordCount\":245,\"image\":{\"@id\":\"https:\\\/\\\/www.renouvelle.be\\\/fr\\\/bruxelles-installe-son-premier-reseau-de-chaleur-par-geothermie\\\/#primaryimage\"},\"thumbnailUrl\":\"https:\\\/\\\/www.renouvelle.be\\\/wp-content\\\/uploads\\\/2024\\\/04\\\/Photo-Caserne-Ixelles-Usquare_Photo-de-SAU-MSI.jpg\",\"articleSection\":[\"Actualit\u00e9 en Belgique\"],\"inLanguage\":\"fr-FR\"},{\"@type\":\"WebPage\",\"@id\":\"https:\\\/\\\/www.renouvelle.be\\\/fr\\\/bruxelles-installe-son-premier-reseau-de-chaleur-par-geothermie\\\/\",\"url\":\"https:\\\/\\\/www.renouvelle.be\\\/fr\\\/bruxelles-installe-son-premier-reseau-de-chaleur-par-geothermie\\\/\",\"name\":\"Bruxelles installe son premier r\u00e9seau de chaleur par g\u00e9othermie - Renouvelle\",\"isPartOf\":{\"@id\":\"https:\\\/\\\/www.renouvelle.be\\\/fr\\\/#website\"},\"primaryImageOfPage\":{\"@id\":\"https:\\\/\\\/www.renouvelle.be\\\/fr\\\/bruxelles-installe-son-premier-reseau-de-chaleur-par-geothermie\\\/#primaryimage\"},\"image\":{\"@id\":\"https:\\\/\\\/www.renouvelle.be\\\/fr\\\/bruxelles-installe-son-premier-reseau-de-chaleur-par-geothermie\\\/#primaryimage\"},\"thumbnailUrl\":\"https:\\\/\\\/www.renouvelle.be\\\/wp-content\\\/uploads\\\/2024\\\/04\\\/Photo-Caserne-Ixelles-Usquare_Photo-de-SAU-MSI.jpg\",\"datePublished\":\"2024-04-19T11:18:05+00:00\",\"dateModified\":\"2024-04-19T13:04:32+00:00\",\"author\":{\"@id\":\"https:\\\/\\\/www.renouvelle.be\\\/fr\\\/#\\\/schema\\\/person\\\/9d743366fb269eeceaa8d60e98d289d3\"},\"description\":\"Bruxelles voit na\u00eetre son premier r\u00e9seau de chaleur aliment\u00e9 par la g\u00e9othermie. Un projet qui, on l'esp\u00e8re, incitera d'autres initiatives.\",\"breadcrumb\":{\"@id\":\"https:\\\/\\\/www.renouvelle.be\\\/fr\\\/bruxelles-installe-son-premier-reseau-de-chaleur-par-geothermie\\\/#breadcrumb\"},\"inLanguage\":\"fr-FR\",\"potentialAction\":[{\"@type\":\"ReadAction\",\"target\":[\"https:\\\/\\\/www.renouvelle.be\\\/fr\\\/bruxelles-installe-son-premier-reseau-de-chaleur-par-geothermie\\\/\"]}]},{\"@type\":\"ImageObject\",\"inLanguage\":\"fr-FR\",\"@id\":\"https:\\\/\\\/www.renouvelle.be\\\/fr\\\/bruxelles-installe-son-premier-reseau-de-chaleur-par-geothermie\\\/#primaryimage\",\"url\":\"https:\\\/\\\/www.renouvelle.be\\\/wp-content\\\/uploads\\\/2024\\\/04\\\/Photo-Caserne-Ixelles-Usquare_Photo-de-SAU-MSI.jpg\",\"contentUrl\":\"https:\\\/\\\/www.renouvelle.be\\\/wp-content\\\/uploads\\\/2024\\\/04\\\/Photo-Caserne-Ixelles-Usquare_Photo-de-SAU-MSI.jpg\",\"width\":2016,\"height\":1512,\"caption\":\"Source image : SAU-MSI Brussels\"},{\"@type\":\"BreadcrumbList\",\"@id\":\"https:\\\/\\\/www.renouvelle.be\\\/fr\\\/bruxelles-installe-son-premier-reseau-de-chaleur-par-geothermie\\\/#breadcrumb\",\"itemListElement\":[{\"@type\":\"ListItem\",\"position\":1,\"name\":\"Accueil\",\"item\":\"https:\\\/\\\/www.renouvelle.be\\\/fr\\\/\"},{\"@type\":\"ListItem\",\"position\":2,\"name\":\"Bruxelles installe son premier r\u00e9seau de chaleur par g\u00e9othermie\"}]},{\"@type\":\"WebSite\",\"@id\":\"https:\\\/\\\/www.renouvelle.be\\\/fr\\\/#website\",\"url\":\"https:\\\/\\\/www.renouvelle.be\\\/fr\\\/\",\"name\":\"Renouvelle\",\"description\":\"L&#039;actualit\u00e9 de l&#039;\u00e9nergie durable\",\"potentialAction\":[{\"@type\":\"SearchAction\",\"target\":{\"@type\":\"EntryPoint\",\"urlTemplate\":\"https:\\\/\\\/www.renouvelle.be\\\/fr\\\/?s={search_term_string}\"},\"query-input\":{\"@type\":\"PropertyValueSpecification\",\"valueRequired\":true,\"valueName\":\"search_term_string\"}}],\"inLanguage\":\"fr-FR\"},{\"@type\":\"Person\",\"@id\":\"https:\\\/\\\/www.renouvelle.be\\\/fr\\\/#\\\/schema\\\/person\\\/9d743366fb269eeceaa8d60e98d289d3\",\"name\":\"Samuel Alves\",\"url\":\"https:\\\/\\\/www.renouvelle.be\\\/fr\\\/author\\\/salves\\\/\"}]}<\/script>\n<!-- \/ Yoast SEO plugin. -->","yoast_head_json":{"title":"Bruxelles installe son premier r\u00e9seau de chaleur par g\u00e9othermie - Renouvelle","description":"Bruxelles voit na\u00eetre son premier r\u00e9seau de chaleur aliment\u00e9 par la g\u00e9othermie. Un projet qui, on l'esp\u00e8re, incitera d'autres initiatives.","robots":{"index":"index","follow":"follow","max-snippet":"max-snippet:-1","max-image-preview":"max-image-preview:large","max-video-preview":"max-video-preview:-1"},"canonical":"https:\/\/www.renouvelle.be\/fr\/bruxelles-installe-son-premier-reseau-de-chaleur-par-geothermie\/","og_locale":"fr_FR","og_type":"article","og_title":"Bruxelles installe son premier r\u00e9seau de chaleur par g\u00e9othermie - Renouvelle","og_description":"Bruxelles voit na\u00eetre son premier r\u00e9seau de chaleur aliment\u00e9 par la g\u00e9othermie. Un projet qui, on l'esp\u00e8re, incitera d'autres initiatives.","og_url":"https:\/\/www.renouvelle.be\/fr\/bruxelles-installe-son-premier-reseau-de-chaleur-par-geothermie\/","og_site_name":"Renouvelle","article_published_time":"2024-04-19T11:18:05+00:00","article_modified_time":"2024-04-19T13:04:32+00:00","og_image":[{"width":2016,"height":1512,"url":"https:\/\/www.renouvelle.be\/wp-content\/uploads\/2024\/04\/Photo-Caserne-Ixelles-Usquare_Photo-de-SAU-MSI.jpg","type":"image\/jpeg"}],"author":"Samuel Alves","twitter_card":"summary_large_image","schema":{"@context":"https:\/\/schema.org","@graph":[{"@type":"Article","@id":"https:\/\/www.renouvelle.be\/fr\/bruxelles-installe-son-premier-reseau-de-chaleur-par-geothermie\/#article","isPartOf":{"@id":"https:\/\/www.renouvelle.be\/fr\/bruxelles-installe-son-premier-reseau-de-chaleur-par-geothermie\/"},"author":{"name":"Samuel Alves","@id":"https:\/\/www.renouvelle.be\/fr\/#\/schema\/person\/9d743366fb269eeceaa8d60e98d289d3"},"headline":"Bruxelles installe son premier r\u00e9seau de chaleur par g\u00e9othermie","datePublished":"2024-04-19T11:18:05+00:00","dateModified":"2024-04-19T13:04:32+00:00","mainEntityOfPage":{"@id":"https:\/\/www.renouvelle.be\/fr\/bruxelles-installe-son-premier-reseau-de-chaleur-par-geothermie\/"},"wordCount":245,"image":{"@id":"https:\/\/www.renouvelle.be\/fr\/bruxelles-installe-son-premier-reseau-de-chaleur-par-geothermie\/#primaryimage"},"thumbnailUrl":"https:\/\/www.renouvelle.be\/wp-content\/uploads\/2024\/04\/Photo-Caserne-Ixelles-Usquare_Photo-de-SAU-MSI.jpg","articleSection":["Actualit\u00e9 en Belgique"],"inLanguage":"fr-FR"},{"@type":"WebPage","@id":"https:\/\/www.renouvelle.be\/fr\/bruxelles-installe-son-premier-reseau-de-chaleur-par-geothermie\/","url":"https:\/\/www.renouvelle.be\/fr\/bruxelles-installe-son-premier-reseau-de-chaleur-par-geothermie\/","name":"Bruxelles installe son premier r\u00e9seau de chaleur par g\u00e9othermie - Renouvelle","isPartOf":{"@id":"https:\/\/www.renouvelle.be\/fr\/#website"},"primaryImageOfPage":{"@id":"https:\/\/www.renouvelle.be\/fr\/bruxelles-installe-son-premier-reseau-de-chaleur-par-geothermie\/#primaryimage"},"image":{"@id":"https:\/\/www.renouvelle.be\/fr\/bruxelles-installe-son-premier-reseau-de-chaleur-par-geothermie\/#primaryimage"},"thumbnailUrl":"https:\/\/www.renouvelle.be\/wp-content\/uploads\/2024\/04\/Photo-Caserne-Ixelles-Usquare_Photo-de-SAU-MSI.jpg","datePublished":"2024-04-19T11:18:05+00:00","dateModified":"2024-04-19T13:04:32+00:00","author":{"@id":"https:\/\/www.renouvelle.be\/fr\/#\/schema\/person\/9d743366fb269eeceaa8d60e98d289d3"},"description":"Bruxelles voit na\u00eetre son premier r\u00e9seau de chaleur aliment\u00e9 par la g\u00e9othermie. Un projet qui, on l'esp\u00e8re, incitera d'autres initiatives.","breadcrumb":{"@id":"https:\/\/www.renouvelle.be\/fr\/bruxelles-installe-son-premier-reseau-de-chaleur-par-geothermie\/#breadcrumb"},"inLanguage":"fr-FR","potentialAction":[{"@type":"ReadAction","target":["https:\/\/www.renouvelle.be\/fr\/bruxelles-installe-son-premier-reseau-de-chaleur-par-geothermie\/"]}]},{"@type":"ImageObject","inLanguage":"fr-FR","@id":"https:\/\/www.renouvelle.be\/fr\/bruxelles-installe-son-premier-reseau-de-chaleur-par-geothermie\/#primaryimage","url":"https:\/\/www.renouvelle.be\/wp-content\/uploads\/2024\/04\/Photo-Caserne-Ixelles-Usquare_Photo-de-SAU-MSI.jpg","contentUrl":"https:\/\/www.renouvelle.be\/wp-content\/uploads\/2024\/04\/Photo-Caserne-Ixelles-Usquare_Photo-de-SAU-MSI.jpg","width":2016,"height":1512,"caption":"Source image : SAU-MSI Brussels"},{"@type":"BreadcrumbList","@id":"https:\/\/www.renouvelle.be\/fr\/bruxelles-installe-son-premier-reseau-de-chaleur-par-geothermie\/#breadcrumb","itemListElement":[{"@type":"ListItem","position":1,"name":"Accueil","item":"https:\/\/www.renouvelle.be\/fr\/"},{"@type":"ListItem","position":2,"name":"Bruxelles installe son premier r\u00e9seau de chaleur par g\u00e9othermie"}]},{"@type":"WebSite","@id":"https:\/\/www.renouvelle.be\/fr\/#website","url":"https:\/\/www.renouvelle.be\/fr\/","name":"Renouvelle","description":"L&#039;actualit\u00e9 de l&#039;\u00e9nergie durable","potentialAction":[{"@type":"SearchAction","target":{"@type":"EntryPoint","urlTemplate":"https:\/\/www.renouvelle.be\/fr\/?s={search_term_string}"},"query-input":{"@type":"PropertyValueSpecification","valueRequired":true,"valueName":"search_term_string"}}],"inLanguage":"fr-FR"},{"@type":"Person","@id":"https:\/\/www.renouvelle.be\/fr\/#\/schema\/person\/9d743366fb269eeceaa8d60e98d289d3","name":"Samuel Alves","url":"https:\/\/www.renouvelle.be\/fr\/author\/salves\/"}]}},"_links":{"self":[{"href":"https:\/\/www.renouvelle.be\/fr\/wp-json\/wp\/v2\/posts\/12863","targetHints":{"allow":["GET"]}}],"collection":[{"href":"https:\/\/www.renouvelle.be\/fr\/wp-json\/wp\/v2\/posts"}],"about":[{"href":"https:\/\/www.renouvelle.be\/fr\/wp-json\/wp\/v2\/types\/post"}],"author":[{"embeddable":true,"href":"https:\/\/www.renouvelle.be\/fr\/wp-json\/wp\/v2\/users\/38"}],"replies":[{"embeddable":true,"href":"https:\/\/www.renouvelle.be\/fr\/wp-json\/wp\/v2\/comments?post=12863"}],"version-history":[{"count":10,"href":"https:\/\/www.renouvelle.be\/fr\/wp-json\/wp\/v2\/posts\/12863\/revisions"}],"predecessor-version":[{"id":12875,"href":"https:\/\/www.renouvelle.be\/fr\/wp-json\/wp\/v2\/posts\/12863\/revisions\/12875"}],"wp:featuredmedia":[{"embeddable":true,"href":"https:\/\/www.renouvelle.be\/fr\/wp-json\/wp\/v2\/media\/12866"}],"wp:attachment":[{"href":"https:\/\/www.renouvelle.be\/fr\/wp-json\/wp\/v2\/media?parent=12863"}],"wp:term":[{"taxonomy":"category","embeddable":true,"href":"https:\/\/www.renouvelle.be\/fr\/wp-json\/wp\/v2\/categories?post=12863"},{"taxonomy":"post_tag","embeddable":true,"href":"https:\/\/www.renouvelle.be\/fr\/wp-json\/wp\/v2\/tags?post=12863"},{"taxonomy":"section","embeddable":true,"href":"https:\/\/www.renouvelle.be\/fr\/wp-json\/wp\/v2\/section?post=12863"}],"curies":[{"name":"wp","href":"https:\/\/api.w.org\/{rel}","templated":true}]}}