{"id":12846,"date":"2024-04-18T10:22:07","date_gmt":"2024-04-18T08:22:07","guid":{"rendered":"https:\/\/www.renouvelle.be\/?p=12846"},"modified":"2024-04-18T10:22:16","modified_gmt":"2024-04-18T08:22:16","slug":"foresi-le-programme-europeen-de-recyclage-photovoltaique","status":"publish","type":"post","link":"https:\/\/www.renouvelle.be\/fr\/foresi-le-programme-europeen-de-recyclage-photovoltaique\/","title":{"rendered":"FORESi, le programme europ\u00e9en de recyclage photovolta\u00efque"},"content":{"rendered":"\n<p>Comme nous l\u2019avons d\u00e9j\u00e0 abord\u00e9 dans <a href=\"https:\/\/lerevertdufutur.bandcamp.com\/track\/olien-anatomie-dun-recyclage\" target=\"_blank\" rel=\"noreferrer noopener\">notre podcast<\/a>, les \u00e9oliennes ont un potentiel recyclable certain mais qu\u2019en est-il pour le photovolta\u00efque\u00a0?<\/p>\n\n\n\n<figure class=\"wp-block-image size-large\"><img loading=\"lazy\" decoding=\"async\" width=\"1024\" height=\"379\" src=\"https:\/\/www.renouvelle.be\/wp-content\/uploads\/2024\/04\/Recyclage-Panneaux-solaires-Renouvelle-1024x379.png\" alt=\"recyclage panneaux solaires\" class=\"wp-image-12858\" srcset=\"https:\/\/www.renouvelle.be\/wp-content\/uploads\/2024\/04\/Recyclage-Panneaux-solaires-Renouvelle-1024x379.png 1024w, https:\/\/www.renouvelle.be\/wp-content\/uploads\/2024\/04\/Recyclage-Panneaux-solaires-Renouvelle-300x111.png 300w, https:\/\/www.renouvelle.be\/wp-content\/uploads\/2024\/04\/Recyclage-Panneaux-solaires-Renouvelle-768x284.png 768w, https:\/\/www.renouvelle.be\/wp-content\/uploads\/2024\/04\/Recyclage-Panneaux-solaires-Renouvelle-1536x568.png 1536w, https:\/\/www.renouvelle.be\/wp-content\/uploads\/2024\/04\/Recyclage-Panneaux-solaires-Renouvelle-2048x757.png 2048w, https:\/\/www.renouvelle.be\/wp-content\/uploads\/2024\/04\/Recyclage-Panneaux-solaires-Renouvelle-1200x444.png 1200w\" sizes=\"auto, (max-width: 1024px) 100vw, 1024px\" \/><\/figure>\n\n\n\n<p>Le silicium ultra pur, \u00e9l\u00e9ment essentiel des panneaux solaires, ne compte que pour un faible pourcentage du panneau mais a un impact environnemental important. En effet, de son extraction \u00e0 son incorporation dans les panneaux photovolta\u00efques, les \u00e9tapes du processus demandent beaucoup d\u2019\u00e9nergie et d\u2019eau.<\/p>\n\n\n\n<p>Mais pour atteindre la neutralit\u00e9 climatique d\u2019ici 2050, l\u2019Europe devra d\u00e9velopper, plus rapidement, les \u00e9nergies vertes, une croissance qui fera la part belle \u00e0 l\u2019\u00e9olien et au solaire. D\u00e8s lors comment concilier le besoin d\u2019assurer notre ind\u00e9pendance \u00e9nerg\u00e9tique et celui de diminuer <a href=\"https:\/\/www.renouvelle.be\/fr\/la-transition-energetique-se-creuse-la-tete-sur-ses-materiaux\/\" target=\"_blank\" rel=\"noreferrer noopener\">l\u2019impact carbone li\u00e9 aux mat\u00e9riaux<\/a> n\u00e9cessaires \u00e0 la transition \u00e9nerg\u00e9tique\u00a0?<\/p>\n\n\n\n<p>Avec l\u2019objectif final de d\u00e9velopper une \u00e9conomie circulaire du silicium en Europe, FORESi veut tenter de r\u00e9pondre \u00e0 l\u2019augmentation du parc photovolta\u00efque europ\u00e9en en tirant la meilleure partie possible de son recyclage.<\/p>\n\n\n\n<p>Actuellement, ce recyclage se fait \u00e0 un niveau national suivant des niveaux de technologies diff\u00e9rentes. Financ\u00e9 dans le cadre du programme <a href=\"https:\/\/research-and-innovation.ec.europa.eu\/funding\/funding-opportunities\/funding-programmes-and-open-calls\/horizon-europe_en?prefLang=fr\" target=\"_blank\" rel=\"noreferrer noopener\">Horizon Europe<\/a>, le projet sera d\u00e9ploy\u00e9 sur trois ans avec pour objectif de prouver la faisabilit\u00e9 technique de l\u2019int\u00e9gralit\u00e9 du processus de recyclage photovolta\u00efque et de l\u2019uniformiser \u00e0 travers l\u2019Europe. <\/p>\n\n\n\n<p>Pour cela, le projet FORESi \u00e9valuera les pratiques europ\u00e9ennes de recyclage des panneaux solaires afin de d\u00e9velopper des m\u00e9thodes de collecte durable de ces derniers. Les panneaux qui \u00e9choueront aux tests pour une possible r\u00e9utilisation seront d\u00e9mont\u00e9s pour la r\u00e9cup\u00e9ration du silicium. Celui-ci sera purifi\u00e9 gr\u00e2ce \u00e0 des technologies innovantes pour l\u2019int\u00e9grer dans des nouveaux panneaux photovolta\u00efques.<\/p>\n\n\n\n<p>Rendez-vous en 2027 pour les premiers r\u00e9sultats.<\/p>\n","protected":false},"excerpt":{"rendered":"<p>Comme nous l\u2019avons d\u00e9j\u00e0 abord\u00e9 dans notre podcast, les \u00e9oliennes ont un potentiel recyclable certain mais qu\u2019en est-il pour le photovolta\u00efque\u00a0? Le silicium ultra pur, \u00e9l\u00e9ment essentiel des panneaux solaires, ne compte que pour un faible pourcentage du panneau mais a un impact environnemental important. En effet, de son extraction \u00e0 son incorporation dans les panneaux photovolta\u00efques, les \u00e9tapes du processus demandent beaucoup d\u2019\u00e9nergie et d\u2019eau. Mais pour atteindre la neutralit\u00e9 climatique d\u2019ici 2050, l\u2019Europe devra d\u00e9velopper, plus rapidement, les \u00e9nergies vertes, une croissance qui fera la part belle \u00e0 l\u2019\u00e9olien et au solaire. D\u00e8s lors comment concilier le besoin d\u2019assurer notre ind\u00e9pendance \u00e9nerg\u00e9tique et celui de diminuer l\u2019impact carbone li\u00e9 aux mat\u00e9riaux n\u00e9cessaires \u00e0 la transition \u00e9nerg\u00e9tique\u00a0? Avec l\u2019objectif final de d\u00e9velopper une \u00e9conomie circulaire du silicium en Europe, FORESi veut tenter de r\u00e9pondre \u00e0 l\u2019augmentation du parc photovolta\u00efque europ\u00e9en en tirant la meilleure partie possible de son recyclage. Actuellement, ce recyclage se fait \u00e0 un niveau national suivant des niveaux de technologies diff\u00e9rentes. Financ\u00e9 dans le cadre du programme Horizon Europe, le projet sera d\u00e9ploy\u00e9 sur trois ans avec pour objectif de prouver la faisabilit\u00e9 technique de l\u2019int\u00e9gralit\u00e9 du processus de recyclage photovolta\u00efque et de l\u2019uniformiser \u00e0 travers l\u2019Europe. Pour cela, le projet FORESi \u00e9valuera les pratiques europ\u00e9ennes de recyclage des panneaux solaires afin de d\u00e9velopper des m\u00e9thodes de collecte durable de ces derniers. Les panneaux qui \u00e9choueront aux tests pour une possible r\u00e9utilisation seront d\u00e9mont\u00e9s pour la r\u00e9cup\u00e9ration du silicium. Celui-ci sera purifi\u00e9 gr\u00e2ce \u00e0 des technologies innovantes pour l\u2019int\u00e9grer dans des nouveaux panneaux photovolta\u00efques. Rendez-vous en 2027 pour les premiers r\u00e9sultats.<\/p>\n","protected":false},"author":38,"featured_media":12848,"comment_status":"closed","ping_status":"closed","sticky":false,"template":"","format":"standard","meta":{"_acf_changed":false,"footnotes":""},"categories":[20],"tags":[],"section":[13],"class_list":["post-12846","post","type-post","status-publish","format-standard","has-post-thumbnail","hentry","category-technologies","section-solaire"],"acf":[],"yoast_head":"<!-- This site is optimized with the Yoast SEO plugin v27.4 - https:\/\/yoast.com\/product\/yoast-seo-wordpress\/ -->\n<title>FORESi, le programme europ\u00e9en de recyclage photovolta\u00efque - Renouvelle<\/title>\n<meta name=\"description\" content=\"Pourrait-on r\u00e9utiliser le silicium gr\u00e2ce au recyclage photovolta\u00efque ? C&#039;est ce que compte d\u00e9montrer FORESi, programme de recherche europ\u00e9en.\" \/>\n<meta name=\"robots\" content=\"index, follow, max-snippet:-1, max-image-preview:large, max-video-preview:-1\" \/>\n<link rel=\"canonical\" href=\"https:\/\/www.renouvelle.be\/fr\/foresi-le-programme-europeen-de-recyclage-photovoltaique\/\" \/>\n<meta property=\"og:locale\" content=\"fr_FR\" \/>\n<meta property=\"og:type\" content=\"article\" \/>\n<meta property=\"og:title\" content=\"FORESi, le programme europ\u00e9en de recyclage photovolta\u00efque - Renouvelle\" \/>\n<meta property=\"og:description\" content=\"Pourrait-on r\u00e9utiliser le silicium gr\u00e2ce au recyclage photovolta\u00efque ? C&#039;est ce que compte d\u00e9montrer FORESi, programme de recherche europ\u00e9en.\" \/>\n<meta property=\"og:url\" content=\"https:\/\/www.renouvelle.be\/fr\/foresi-le-programme-europeen-de-recyclage-photovoltaique\/\" \/>\n<meta property=\"og:site_name\" content=\"Renouvelle\" \/>\n<meta property=\"article:published_time\" content=\"2024-04-18T08:22:07+00:00\" \/>\n<meta property=\"article:modified_time\" content=\"2024-04-18T08:22:16+00:00\" \/>\n<meta property=\"og:image\" content=\"https:\/\/www.renouvelle.be\/wp-content\/uploads\/2024\/04\/pexels-los-muertos-crew-8853509-scaled-e1712841745299.jpg\" \/>\n\t<meta property=\"og:image:width\" content=\"2560\" \/>\n\t<meta property=\"og:image:height\" content=\"1621\" \/>\n\t<meta property=\"og:image:type\" content=\"image\/jpeg\" \/>\n<meta name=\"author\" content=\"Samuel Alves\" \/>\n<meta name=\"twitter:card\" content=\"summary_large_image\" \/>\n<script type=\"application\/ld+json\" class=\"yoast-schema-graph\">{\"@context\":\"https:\\\/\\\/schema.org\",\"@graph\":[{\"@type\":\"Article\",\"@id\":\"https:\\\/\\\/www.renouvelle.be\\\/fr\\\/foresi-le-programme-europeen-de-recyclage-photovoltaique\\\/#article\",\"isPartOf\":{\"@id\":\"https:\\\/\\\/www.renouvelle.be\\\/fr\\\/foresi-le-programme-europeen-de-recyclage-photovoltaique\\\/\"},\"author\":{\"name\":\"Samuel Alves\",\"@id\":\"https:\\\/\\\/www.renouvelle.be\\\/fr\\\/#\\\/schema\\\/person\\\/9d743366fb269eeceaa8d60e98d289d3\"},\"headline\":\"FORESi, le programme europ\u00e9en de recyclage photovolta\u00efque\",\"datePublished\":\"2024-04-18T08:22:07+00:00\",\"dateModified\":\"2024-04-18T08:22:16+00:00\",\"mainEntityOfPage\":{\"@id\":\"https:\\\/\\\/www.renouvelle.be\\\/fr\\\/foresi-le-programme-europeen-de-recyclage-photovoltaique\\\/\"},\"wordCount\":311,\"image\":{\"@id\":\"https:\\\/\\\/www.renouvelle.be\\\/fr\\\/foresi-le-programme-europeen-de-recyclage-photovoltaique\\\/#primaryimage\"},\"thumbnailUrl\":\"https:\\\/\\\/www.renouvelle.be\\\/wp-content\\\/uploads\\\/2024\\\/04\\\/pexels-los-muertos-crew-8853509-scaled-e1712841745299.jpg\",\"articleSection\":[\"Technologies\"],\"inLanguage\":\"fr-FR\"},{\"@type\":\"WebPage\",\"@id\":\"https:\\\/\\\/www.renouvelle.be\\\/fr\\\/foresi-le-programme-europeen-de-recyclage-photovoltaique\\\/\",\"url\":\"https:\\\/\\\/www.renouvelle.be\\\/fr\\\/foresi-le-programme-europeen-de-recyclage-photovoltaique\\\/\",\"name\":\"FORESi, le programme europ\u00e9en de recyclage photovolta\u00efque - Renouvelle\",\"isPartOf\":{\"@id\":\"https:\\\/\\\/www.renouvelle.be\\\/fr\\\/#website\"},\"primaryImageOfPage\":{\"@id\":\"https:\\\/\\\/www.renouvelle.be\\\/fr\\\/foresi-le-programme-europeen-de-recyclage-photovoltaique\\\/#primaryimage\"},\"image\":{\"@id\":\"https:\\\/\\\/www.renouvelle.be\\\/fr\\\/foresi-le-programme-europeen-de-recyclage-photovoltaique\\\/#primaryimage\"},\"thumbnailUrl\":\"https:\\\/\\\/www.renouvelle.be\\\/wp-content\\\/uploads\\\/2024\\\/04\\\/pexels-los-muertos-crew-8853509-scaled-e1712841745299.jpg\",\"datePublished\":\"2024-04-18T08:22:07+00:00\",\"dateModified\":\"2024-04-18T08:22:16+00:00\",\"author\":{\"@id\":\"https:\\\/\\\/www.renouvelle.be\\\/fr\\\/#\\\/schema\\\/person\\\/9d743366fb269eeceaa8d60e98d289d3\"},\"description\":\"Pourrait-on r\u00e9utiliser le silicium gr\u00e2ce au recyclage photovolta\u00efque ? C'est ce que compte d\u00e9montrer FORESi, programme de recherche europ\u00e9en.\",\"breadcrumb\":{\"@id\":\"https:\\\/\\\/www.renouvelle.be\\\/fr\\\/foresi-le-programme-europeen-de-recyclage-photovoltaique\\\/#breadcrumb\"},\"inLanguage\":\"fr-FR\",\"potentialAction\":[{\"@type\":\"ReadAction\",\"target\":[\"https:\\\/\\\/www.renouvelle.be\\\/fr\\\/foresi-le-programme-europeen-de-recyclage-photovoltaique\\\/\"]}]},{\"@type\":\"ImageObject\",\"inLanguage\":\"fr-FR\",\"@id\":\"https:\\\/\\\/www.renouvelle.be\\\/fr\\\/foresi-le-programme-europeen-de-recyclage-photovoltaique\\\/#primaryimage\",\"url\":\"https:\\\/\\\/www.renouvelle.be\\\/wp-content\\\/uploads\\\/2024\\\/04\\\/pexels-los-muertos-crew-8853509-scaled-e1712841745299.jpg\",\"contentUrl\":\"https:\\\/\\\/www.renouvelle.be\\\/wp-content\\\/uploads\\\/2024\\\/04\\\/pexels-los-muertos-crew-8853509-scaled-e1712841745299.jpg\",\"width\":2560,\"height\":1621,\"caption\":\"recyclage photovolta\u00efque FORESi\"},{\"@type\":\"BreadcrumbList\",\"@id\":\"https:\\\/\\\/www.renouvelle.be\\\/fr\\\/foresi-le-programme-europeen-de-recyclage-photovoltaique\\\/#breadcrumb\",\"itemListElement\":[{\"@type\":\"ListItem\",\"position\":1,\"name\":\"Accueil\",\"item\":\"https:\\\/\\\/www.renouvelle.be\\\/fr\\\/\"},{\"@type\":\"ListItem\",\"position\":2,\"name\":\"FORESi, le programme europ\u00e9en de recyclage photovolta\u00efque\"}]},{\"@type\":\"WebSite\",\"@id\":\"https:\\\/\\\/www.renouvelle.be\\\/fr\\\/#website\",\"url\":\"https:\\\/\\\/www.renouvelle.be\\\/fr\\\/\",\"name\":\"Renouvelle\",\"description\":\"L&#039;actualit\u00e9 de l&#039;\u00e9nergie durable\",\"potentialAction\":[{\"@type\":\"SearchAction\",\"target\":{\"@type\":\"EntryPoint\",\"urlTemplate\":\"https:\\\/\\\/www.renouvelle.be\\\/fr\\\/?s={search_term_string}\"},\"query-input\":{\"@type\":\"PropertyValueSpecification\",\"valueRequired\":true,\"valueName\":\"search_term_string\"}}],\"inLanguage\":\"fr-FR\"},{\"@type\":\"Person\",\"@id\":\"https:\\\/\\\/www.renouvelle.be\\\/fr\\\/#\\\/schema\\\/person\\\/9d743366fb269eeceaa8d60e98d289d3\",\"name\":\"Samuel Alves\",\"url\":\"https:\\\/\\\/www.renouvelle.be\\\/fr\\\/author\\\/salves\\\/\"}]}<\/script>\n<!-- \/ Yoast SEO plugin. -->","yoast_head_json":{"title":"FORESi, le programme europ\u00e9en de recyclage photovolta\u00efque - Renouvelle","description":"Pourrait-on r\u00e9utiliser le silicium gr\u00e2ce au recyclage photovolta\u00efque ? C'est ce que compte d\u00e9montrer FORESi, programme de recherche europ\u00e9en.","robots":{"index":"index","follow":"follow","max-snippet":"max-snippet:-1","max-image-preview":"max-image-preview:large","max-video-preview":"max-video-preview:-1"},"canonical":"https:\/\/www.renouvelle.be\/fr\/foresi-le-programme-europeen-de-recyclage-photovoltaique\/","og_locale":"fr_FR","og_type":"article","og_title":"FORESi, le programme europ\u00e9en de recyclage photovolta\u00efque - Renouvelle","og_description":"Pourrait-on r\u00e9utiliser le silicium gr\u00e2ce au recyclage photovolta\u00efque ? C'est ce que compte d\u00e9montrer FORESi, programme de recherche europ\u00e9en.","og_url":"https:\/\/www.renouvelle.be\/fr\/foresi-le-programme-europeen-de-recyclage-photovoltaique\/","og_site_name":"Renouvelle","article_published_time":"2024-04-18T08:22:07+00:00","article_modified_time":"2024-04-18T08:22:16+00:00","og_image":[{"width":2560,"height":1621,"url":"https:\/\/www.renouvelle.be\/wp-content\/uploads\/2024\/04\/pexels-los-muertos-crew-8853509-scaled-e1712841745299.jpg","type":"image\/jpeg"}],"author":"Samuel Alves","twitter_card":"summary_large_image","schema":{"@context":"https:\/\/schema.org","@graph":[{"@type":"Article","@id":"https:\/\/www.renouvelle.be\/fr\/foresi-le-programme-europeen-de-recyclage-photovoltaique\/#article","isPartOf":{"@id":"https:\/\/www.renouvelle.be\/fr\/foresi-le-programme-europeen-de-recyclage-photovoltaique\/"},"author":{"name":"Samuel Alves","@id":"https:\/\/www.renouvelle.be\/fr\/#\/schema\/person\/9d743366fb269eeceaa8d60e98d289d3"},"headline":"FORESi, le programme europ\u00e9en de recyclage photovolta\u00efque","datePublished":"2024-04-18T08:22:07+00:00","dateModified":"2024-04-18T08:22:16+00:00","mainEntityOfPage":{"@id":"https:\/\/www.renouvelle.be\/fr\/foresi-le-programme-europeen-de-recyclage-photovoltaique\/"},"wordCount":311,"image":{"@id":"https:\/\/www.renouvelle.be\/fr\/foresi-le-programme-europeen-de-recyclage-photovoltaique\/#primaryimage"},"thumbnailUrl":"https:\/\/www.renouvelle.be\/wp-content\/uploads\/2024\/04\/pexels-los-muertos-crew-8853509-scaled-e1712841745299.jpg","articleSection":["Technologies"],"inLanguage":"fr-FR"},{"@type":"WebPage","@id":"https:\/\/www.renouvelle.be\/fr\/foresi-le-programme-europeen-de-recyclage-photovoltaique\/","url":"https:\/\/www.renouvelle.be\/fr\/foresi-le-programme-europeen-de-recyclage-photovoltaique\/","name":"FORESi, le programme europ\u00e9en de recyclage photovolta\u00efque - Renouvelle","isPartOf":{"@id":"https:\/\/www.renouvelle.be\/fr\/#website"},"primaryImageOfPage":{"@id":"https:\/\/www.renouvelle.be\/fr\/foresi-le-programme-europeen-de-recyclage-photovoltaique\/#primaryimage"},"image":{"@id":"https:\/\/www.renouvelle.be\/fr\/foresi-le-programme-europeen-de-recyclage-photovoltaique\/#primaryimage"},"thumbnailUrl":"https:\/\/www.renouvelle.be\/wp-content\/uploads\/2024\/04\/pexels-los-muertos-crew-8853509-scaled-e1712841745299.jpg","datePublished":"2024-04-18T08:22:07+00:00","dateModified":"2024-04-18T08:22:16+00:00","author":{"@id":"https:\/\/www.renouvelle.be\/fr\/#\/schema\/person\/9d743366fb269eeceaa8d60e98d289d3"},"description":"Pourrait-on r\u00e9utiliser le silicium gr\u00e2ce au recyclage photovolta\u00efque ? C'est ce que compte d\u00e9montrer FORESi, programme de recherche europ\u00e9en.","breadcrumb":{"@id":"https:\/\/www.renouvelle.be\/fr\/foresi-le-programme-europeen-de-recyclage-photovoltaique\/#breadcrumb"},"inLanguage":"fr-FR","potentialAction":[{"@type":"ReadAction","target":["https:\/\/www.renouvelle.be\/fr\/foresi-le-programme-europeen-de-recyclage-photovoltaique\/"]}]},{"@type":"ImageObject","inLanguage":"fr-FR","@id":"https:\/\/www.renouvelle.be\/fr\/foresi-le-programme-europeen-de-recyclage-photovoltaique\/#primaryimage","url":"https:\/\/www.renouvelle.be\/wp-content\/uploads\/2024\/04\/pexels-los-muertos-crew-8853509-scaled-e1712841745299.jpg","contentUrl":"https:\/\/www.renouvelle.be\/wp-content\/uploads\/2024\/04\/pexels-los-muertos-crew-8853509-scaled-e1712841745299.jpg","width":2560,"height":1621,"caption":"recyclage photovolta\u00efque FORESi"},{"@type":"BreadcrumbList","@id":"https:\/\/www.renouvelle.be\/fr\/foresi-le-programme-europeen-de-recyclage-photovoltaique\/#breadcrumb","itemListElement":[{"@type":"ListItem","position":1,"name":"Accueil","item":"https:\/\/www.renouvelle.be\/fr\/"},{"@type":"ListItem","position":2,"name":"FORESi, le programme europ\u00e9en de recyclage photovolta\u00efque"}]},{"@type":"WebSite","@id":"https:\/\/www.renouvelle.be\/fr\/#website","url":"https:\/\/www.renouvelle.be\/fr\/","name":"Renouvelle","description":"L&#039;actualit\u00e9 de l&#039;\u00e9nergie durable","potentialAction":[{"@type":"SearchAction","target":{"@type":"EntryPoint","urlTemplate":"https:\/\/www.renouvelle.be\/fr\/?s={search_term_string}"},"query-input":{"@type":"PropertyValueSpecification","valueRequired":true,"valueName":"search_term_string"}}],"inLanguage":"fr-FR"},{"@type":"Person","@id":"https:\/\/www.renouvelle.be\/fr\/#\/schema\/person\/9d743366fb269eeceaa8d60e98d289d3","name":"Samuel Alves","url":"https:\/\/www.renouvelle.be\/fr\/author\/salves\/"}]}},"_links":{"self":[{"href":"https:\/\/www.renouvelle.be\/fr\/wp-json\/wp\/v2\/posts\/12846","targetHints":{"allow":["GET"]}}],"collection":[{"href":"https:\/\/www.renouvelle.be\/fr\/wp-json\/wp\/v2\/posts"}],"about":[{"href":"https:\/\/www.renouvelle.be\/fr\/wp-json\/wp\/v2\/types\/post"}],"author":[{"embeddable":true,"href":"https:\/\/www.renouvelle.be\/fr\/wp-json\/wp\/v2\/users\/38"}],"replies":[{"embeddable":true,"href":"https:\/\/www.renouvelle.be\/fr\/wp-json\/wp\/v2\/comments?post=12846"}],"version-history":[{"count":6,"href":"https:\/\/www.renouvelle.be\/fr\/wp-json\/wp\/v2\/posts\/12846\/revisions"}],"predecessor-version":[{"id":12862,"href":"https:\/\/www.renouvelle.be\/fr\/wp-json\/wp\/v2\/posts\/12846\/revisions\/12862"}],"wp:featuredmedia":[{"embeddable":true,"href":"https:\/\/www.renouvelle.be\/fr\/wp-json\/wp\/v2\/media\/12848"}],"wp:attachment":[{"href":"https:\/\/www.renouvelle.be\/fr\/wp-json\/wp\/v2\/media?parent=12846"}],"wp:term":[{"taxonomy":"category","embeddable":true,"href":"https:\/\/www.renouvelle.be\/fr\/wp-json\/wp\/v2\/categories?post=12846"},{"taxonomy":"post_tag","embeddable":true,"href":"https:\/\/www.renouvelle.be\/fr\/wp-json\/wp\/v2\/tags?post=12846"},{"taxonomy":"section","embeddable":true,"href":"https:\/\/www.renouvelle.be\/fr\/wp-json\/wp\/v2\/section?post=12846"}],"curies":[{"name":"wp","href":"https:\/\/api.w.org\/{rel}","templated":true}]}}