{"id":12829,"date":"2024-04-16T09:09:01","date_gmt":"2024-04-16T07:09:01","guid":{"rendered":"https:\/\/www.renouvelle.be\/?p=12829"},"modified":"2024-04-18T09:32:23","modified_gmt":"2024-04-18T07:32:23","slug":"eoliennes-en-foret","status":"publish","type":"post","link":"https:\/\/www.renouvelle.be\/fr\/eoliennes-en-foret\/","title":{"rendered":"Des \u00e9oliennes en for\u00eat pour lutter contre le changement climatique"},"content":{"rendered":"\n<p>L\u2019implantation en for\u00eat se justifie au travers de plusieurs avantages&nbsp;: elle permet d\u2019\u00e9loigner les parcs \u00e9oliens des habitats et des activit\u00e9s humaines. Le regroupement d\u2019\u00e9oliennes en for\u00eat diminue \u00e9galement les impacts en termes de paysage dans d\u2019autres zones plus ouvertes. Enfin, la v\u00e9g\u00e9tation dense de la for\u00eat fait office d\u2019\u00e9cran acoustique.<\/p>\n\n\n\n<p>Une distance d\u2019environ 35 m entre la canop\u00e9e et le bas des pales est actuellement recommand\u00e9e par le D\u00e9partement de la Nature et des For\u00eats (SPW ARNE) afin de limiter l\u2019impact sur les populations de chauves-souris. Selon la hauteur des arbres qui les entourent, les \u00e9oliennes implant\u00e9es en for\u00eat seront donc g\u00e9n\u00e9ralement hautes (minimum 180 m, 200 m ou plus) en bout de pale. Qui dit \u00e9olienne plus haute dit \u00e9olienne plus productive. Cela permet d\u2019offrir une grande production d\u2019\u00e9lectricit\u00e9 pour un faible impact au sol.<\/p>\n\n\n\n<h2 class=\"wp-block-heading\"><strong>Lutter contre le d\u00e9r\u00e8glement climatique, aussi pour la sant\u00e9 de nos for\u00eats<\/strong><\/h2>\n\n\n\n<p>Les for\u00eats wallonnes d\u2019\u00e9pic\u00e9as (qui pr\u00e9f\u00e8rent un climat frais et humide) souffrent du d\u00e9r\u00e8glement climatique et des s\u00e9cheresses et canicules qui en r\u00e9sultent. <a href=\"https:\/\/srfb.be\/informations-sur-les-forets\/scolyte\/\" target=\"_blank\" rel=\"noreferrer noopener\">Les scolytes<\/a> (petits col\u00e9opt\u00e8res) ravagent nos for\u00eats ardennaises affaiblies par le manque d\u2019eau. Cela repr\u00e9sente d\u2019\u00e9normes pertes pour le secteur forestier&nbsp;: des \u00e9cor\u00e7ages et abattages doivent \u00eatre envisag\u00e9s pour tenter de ralentir la propagation des scolytes.<\/p>\n\n\n\n<p>Rappelons que la production d\u2019\u00e9lectricit\u00e9 par les \u00e9oliennes permet de r\u00e9duire les \u00e9missions de gaz \u00e0 effet de serre responsables du d\u00e9r\u00e8glement climatique et, par voie de cons\u00e9quence, de prot\u00e9ger la for\u00eat des impacts de ce d\u00e9r\u00e8glement. Dans une monoculture d\u2019\u00e9pic\u00e9as, une telle implantation offrirait l\u2019occasion de repeupler les zones de d\u00e9boisement temporaires et celles de compensation, en choisissant des esp\u00e8ces plus r\u00e9sistantes au d\u00e9r\u00e8glement climatique en cours et en amenant une plus grande diversit\u00e9 d\u2019esp\u00e8ces propice \u00e0 <a href=\"https:\/\/foretresiliente.be\/\" target=\"_blank\" rel=\"noreferrer noopener\">la r\u00e9silience foresti\u00e8re<\/a>.<\/p>\n\n\n\n<h2 class=\"wp-block-heading\"><strong>Les impacts environnementaux <\/strong>des \u00e9oliennes en for\u00eat<\/h2>\n\n\n\n<p>En Wallonie, Le Code du d\u00e9veloppement territorial (CoDT) autorise l&rsquo;implantation des \u00e9oliennes en for\u00eat en dehors des peuplements de feuillus qui pr\u00e9sentent un grand int\u00e9r\u00eat biologique. Les projets \u00e9tudi\u00e9s s\u2019envisagent donc dans des for\u00eats d\u2019\u00e9pic\u00e9as, dont la valeur biologique est consid\u00e9r\u00e9e comme faible.<\/p>\n\n\n\n<p>Comme pour des impl\u00e9mentations en zone agricole, il faut consid\u00e9rer les impacts sur le milieu biologique sp\u00e9cifique \u00e0 chaque projet. L\u2019\u00e9tude d\u2019incidences environnementales est obligatoire et analyse attentivement la situation locale, les essences d\u2019arbres pr\u00e9sentes, les travaux sp\u00e9cifiques \u00e0 effectuer et leurs impacts. Elle \u00e9met des recommandations pour des emplacements d\u2019installation plus adapt\u00e9s et des mesures de compensation.<\/p>\n\n\n\n<p>Il est souvent recommand\u00e9 par les auteurs d\u2019\u00e9tudes d\u2019incidences et le D\u00e9partement de la Nature et des For\u00eats de replanter le double ou le triple des arbres qui auront d\u00fb \u00eatre coup\u00e9s pour le chantier en guise de compensation.<\/p>\n\n\n\n<h2 class=\"wp-block-heading\"><strong>Un petit coin de for\u00eat contre une belle \u00e9pargne de CO<sub>2<\/sub><\/strong><\/h2>\n\n\n\n<p>La fondation d\u2019une \u00e9olienne n\u00e9cessite une surface circulaire d\u2019un diam\u00e8tre de 19 \u00e0 23 m, soit une surface d\u2019environ 0,04 ha. Les aires de manutention et les nouveaux chemins d\u2019acc\u00e8s n\u00e9cessitent un d\u00e9boisement pendant toute la dur\u00e9e d\u2019exploitation. Ce dernier est aussi recommand\u00e9 autour des \u00e9oliennes pour \u00e9viter des impacts sur les populations de chauves-souris mais un reverdissement sera possible, avec des arbustes bas. Les surfaces o\u00f9 des coupes sont n\u00e9cessaires pour am\u00e9nager provisoirement les aires de montage, de grutage, \u00e9largir les chemins d\u2019acc\u00e8s\u2026 pourront \u00eatre rebois\u00e9es une fois les \u00e9oliennes construites. On peut consid\u00e9rer, sur base de l\u2019exemple de 2 projets d\u00e9velopp\u00e9s actuellement dans des for\u00eats wallonnes (Gouvy et Malmedy), que l\u2019ensemble de l\u2019impact du d\u00e9boisement permanent se situe entre 0,2 et 0,4 ha.<\/p>\n\n\n\n<p>Les \u00e9oliennes de ces m\u00eame projets permettent d\u2019\u00e9viter entre 2.200 et 3.700 tonnes d\u2019\u00e9quivalent CO<sub>2 <\/sub>(en fonction des configurations des sites, conditions de vent, de la hauteur des \u00e9oliennes,\u2026), en rempla\u00e7ant une production d\u2019\u00e9lectricit\u00e9 issue de moyens carbon\u00e9s. La for\u00eat wallonne quant \u00e0 elle, absorberait entre 3 et 5 tonnes d\u2019\u00e9quivalent CO<sub>2<\/sub> chaque ann\u00e9e sur une surface de d\u00e9boisement similaire \u00e0 celle n\u00e9cessaire pour implanter une \u00e9olienne.<br><br>Dans tous les cas, le sujet m\u00e9rite <a href=\"https:\/\/www.lalibre.be\/debats\/2024\/04\/10\/eoliennes-en-foret-ardennaise-un-dossier-qui-merite-de-convoquer-la-raison-plutot-que-les-emotions-JWZ7N5YS5ZBIVMMVNE5GUHO4XM\/\" target=\"_blank\" rel=\"noreferrer noopener\">une r\u00e9flexion bas\u00e9e sur des faits<\/a> et moins sur l&rsquo;\u00e9motion, pour comprendre que <a href=\"https:\/\/www.renouvelle.be\/fr\/eoliennes-biodiversite-marine-coexistence-positive-mer-du-nord\/\" target=\"_blank\" rel=\"noreferrer noopener\">transition \u00e9nerg\u00e9tique et \u00e9cologie peuvent cohabiter<\/a>.<\/p>\n","protected":false},"excerpt":{"rendered":"<p>L\u2019implantation en for\u00eat se justifie au travers de plusieurs avantages&nbsp;: elle permet d\u2019\u00e9loigner les parcs \u00e9oliens des habitats et des activit\u00e9s humaines. Le regroupement d\u2019\u00e9oliennes en for\u00eat diminue \u00e9galement les impacts en termes de paysage dans d\u2019autres zones plus ouvertes. Enfin, la v\u00e9g\u00e9tation dense de la for\u00eat fait office d\u2019\u00e9cran acoustique. Une distance d\u2019environ 35 m entre la canop\u00e9e et le bas des pales est actuellement recommand\u00e9e par le D\u00e9partement de la Nature et des For\u00eats (SPW ARNE) afin de limiter l\u2019impact sur les populations de chauves-souris. Selon la hauteur des arbres qui les entourent, les \u00e9oliennes implant\u00e9es en for\u00eat seront donc g\u00e9n\u00e9ralement hautes (minimum 180 m, 200 m ou plus) en bout de pale. Qui dit \u00e9olienne plus haute dit \u00e9olienne plus productive. Cela permet d\u2019offrir une grande production d\u2019\u00e9lectricit\u00e9 pour un faible impact au sol. Lutter contre le d\u00e9r\u00e8glement climatique, aussi pour la sant\u00e9 de nos for\u00eats Les for\u00eats wallonnes d\u2019\u00e9pic\u00e9as (qui pr\u00e9f\u00e8rent un climat frais et humide) souffrent du d\u00e9r\u00e8glement climatique et des s\u00e9cheresses et canicules qui en r\u00e9sultent. Les scolytes (petits col\u00e9opt\u00e8res) ravagent nos for\u00eats ardennaises affaiblies par le manque d\u2019eau. Cela repr\u00e9sente d\u2019\u00e9normes pertes pour le secteur forestier&nbsp;: des \u00e9cor\u00e7ages et abattages doivent \u00eatre envisag\u00e9s pour tenter de ralentir la propagation des scolytes. Rappelons que la production d\u2019\u00e9lectricit\u00e9 par les \u00e9oliennes permet de r\u00e9duire les \u00e9missions de gaz \u00e0 effet de serre responsables du d\u00e9r\u00e8glement climatique et, par voie de cons\u00e9quence, de prot\u00e9ger la for\u00eat des impacts de ce d\u00e9r\u00e8glement. Dans une monoculture d\u2019\u00e9pic\u00e9as, une telle implantation offrirait l\u2019occasion de repeupler les zones de d\u00e9boisement temporaires et celles de compensation, en choisissant des esp\u00e8ces plus r\u00e9sistantes au d\u00e9r\u00e8glement climatique en cours et en amenant une plus grande diversit\u00e9 d\u2019esp\u00e8ces propice \u00e0 la r\u00e9silience foresti\u00e8re. Les &hellip; <a href=\"https:\/\/www.renouvelle.be\/fr\/eoliennes-en-foret\/\" class=\"more-link\">Continue reading<span class=\"screen-reader-text\"> \u00ab\u00a0Des \u00e9oliennes en for\u00eat pour lutter contre le changement climatique\u00a0\u00bb<\/span><\/a><\/p>\n","protected":false},"author":9,"featured_media":12832,"comment_status":"closed","ping_status":"closed","sticky":false,"template":"","format":"standard","meta":{"_acf_changed":false,"footnotes":""},"categories":[21],"tags":[],"section":[6],"class_list":["post-12829","post","type-post","status-publish","format-standard","has-post-thumbnail","hentry","category-debats","section-eolien"],"acf":[],"yoast_head":"<!-- This site is optimized with the Yoast SEO plugin v27.4 - https:\/\/yoast.com\/product\/yoast-seo-wordpress\/ -->\n<title>Des \u00e9oliennes en for\u00eat pour lutter contre le changement climatique - Renouvelle<\/title>\n<meta name=\"description\" content=\"Des \u00e9oliennes en for\u00eat ? Une id\u00e9e qui pose un certains nombres de questions pour les plus sceptiques mais celle-ci a plusieurs avantages.\" \/>\n<meta name=\"robots\" content=\"index, follow, max-snippet:-1, max-image-preview:large, max-video-preview:-1\" \/>\n<link rel=\"canonical\" href=\"https:\/\/www.renouvelle.be\/fr\/eoliennes-en-foret\/\" \/>\n<meta property=\"og:locale\" content=\"fr_FR\" \/>\n<meta property=\"og:type\" content=\"article\" \/>\n<meta property=\"og:title\" content=\"Des \u00e9oliennes en for\u00eat pour lutter contre le changement climatique - Renouvelle\" \/>\n<meta property=\"og:description\" content=\"Des \u00e9oliennes en for\u00eat ? Une id\u00e9e qui pose un certains nombres de questions pour les plus sceptiques mais celle-ci a plusieurs avantages.\" \/>\n<meta property=\"og:url\" content=\"https:\/\/www.renouvelle.be\/fr\/eoliennes-en-foret\/\" \/>\n<meta property=\"og:site_name\" content=\"Renouvelle\" \/>\n<meta property=\"article:published_time\" content=\"2024-04-16T07:09:01+00:00\" \/>\n<meta property=\"article:modified_time\" content=\"2024-04-18T07:32:23+00:00\" \/>\n<meta property=\"og:image\" content=\"https:\/\/www.renouvelle.be\/wp-content\/uploads\/2024\/04\/iStock-1166043850-e1712666963861-1024x660.jpg\" \/>\n\t<meta property=\"og:image:width\" content=\"1024\" \/>\n\t<meta property=\"og:image:height\" content=\"660\" \/>\n\t<meta property=\"og:image:type\" content=\"image\/jpeg\" \/>\n<meta name=\"author\" content=\"Johanna D&#039;hernoncourt\" \/>\n<meta name=\"twitter:card\" content=\"summary_large_image\" \/>\n<script type=\"application\/ld+json\" class=\"yoast-schema-graph\">{\"@context\":\"https:\\\/\\\/schema.org\",\"@graph\":[{\"@type\":\"Article\",\"@id\":\"https:\\\/\\\/www.renouvelle.be\\\/fr\\\/eoliennes-en-foret\\\/#article\",\"isPartOf\":{\"@id\":\"https:\\\/\\\/www.renouvelle.be\\\/fr\\\/eoliennes-en-foret\\\/\"},\"author\":{\"name\":\"Johanna D'hernoncourt\",\"@id\":\"https:\\\/\\\/www.renouvelle.be\\\/fr\\\/#\\\/schema\\\/person\\\/f4eff35e1c33b24317aedb9f1834fa6e\"},\"headline\":\"Des \u00e9oliennes en for\u00eat pour lutter contre le changement climatique\",\"datePublished\":\"2024-04-16T07:09:01+00:00\",\"dateModified\":\"2024-04-18T07:32:23+00:00\",\"mainEntityOfPage\":{\"@id\":\"https:\\\/\\\/www.renouvelle.be\\\/fr\\\/eoliennes-en-foret\\\/\"},\"wordCount\":792,\"image\":{\"@id\":\"https:\\\/\\\/www.renouvelle.be\\\/fr\\\/eoliennes-en-foret\\\/#primaryimage\"},\"thumbnailUrl\":\"https:\\\/\\\/www.renouvelle.be\\\/wp-content\\\/uploads\\\/2024\\\/04\\\/iStock-1166043850-e1712666963861.jpg\",\"articleSection\":[\"D\u00e9bats\"],\"inLanguage\":\"fr-FR\"},{\"@type\":\"WebPage\",\"@id\":\"https:\\\/\\\/www.renouvelle.be\\\/fr\\\/eoliennes-en-foret\\\/\",\"url\":\"https:\\\/\\\/www.renouvelle.be\\\/fr\\\/eoliennes-en-foret\\\/\",\"name\":\"Des \u00e9oliennes en for\u00eat pour lutter contre le changement climatique - Renouvelle\",\"isPartOf\":{\"@id\":\"https:\\\/\\\/www.renouvelle.be\\\/fr\\\/#website\"},\"primaryImageOfPage\":{\"@id\":\"https:\\\/\\\/www.renouvelle.be\\\/fr\\\/eoliennes-en-foret\\\/#primaryimage\"},\"image\":{\"@id\":\"https:\\\/\\\/www.renouvelle.be\\\/fr\\\/eoliennes-en-foret\\\/#primaryimage\"},\"thumbnailUrl\":\"https:\\\/\\\/www.renouvelle.be\\\/wp-content\\\/uploads\\\/2024\\\/04\\\/iStock-1166043850-e1712666963861.jpg\",\"datePublished\":\"2024-04-16T07:09:01+00:00\",\"dateModified\":\"2024-04-18T07:32:23+00:00\",\"author\":{\"@id\":\"https:\\\/\\\/www.renouvelle.be\\\/fr\\\/#\\\/schema\\\/person\\\/f4eff35e1c33b24317aedb9f1834fa6e\"},\"description\":\"Des \u00e9oliennes en for\u00eat ? Une id\u00e9e qui pose un certains nombres de questions pour les plus sceptiques mais celle-ci a plusieurs avantages.\",\"breadcrumb\":{\"@id\":\"https:\\\/\\\/www.renouvelle.be\\\/fr\\\/eoliennes-en-foret\\\/#breadcrumb\"},\"inLanguage\":\"fr-FR\",\"potentialAction\":[{\"@type\":\"ReadAction\",\"target\":[\"https:\\\/\\\/www.renouvelle.be\\\/fr\\\/eoliennes-en-foret\\\/\"]}]},{\"@type\":\"ImageObject\",\"inLanguage\":\"fr-FR\",\"@id\":\"https:\\\/\\\/www.renouvelle.be\\\/fr\\\/eoliennes-en-foret\\\/#primaryimage\",\"url\":\"https:\\\/\\\/www.renouvelle.be\\\/wp-content\\\/uploads\\\/2024\\\/04\\\/iStock-1166043850-e1712666963861.jpg\",\"contentUrl\":\"https:\\\/\\\/www.renouvelle.be\\\/wp-content\\\/uploads\\\/2024\\\/04\\\/iStock-1166043850-e1712666963861.jpg\",\"width\":2000,\"height\":1290,\"caption\":\"\u00e9oliennes en for\u00eat\"},{\"@type\":\"BreadcrumbList\",\"@id\":\"https:\\\/\\\/www.renouvelle.be\\\/fr\\\/eoliennes-en-foret\\\/#breadcrumb\",\"itemListElement\":[{\"@type\":\"ListItem\",\"position\":1,\"name\":\"Accueil\",\"item\":\"https:\\\/\\\/www.renouvelle.be\\\/fr\\\/\"},{\"@type\":\"ListItem\",\"position\":2,\"name\":\"Des \u00e9oliennes en for\u00eat pour lutter contre le changement climatique\"}]},{\"@type\":\"WebSite\",\"@id\":\"https:\\\/\\\/www.renouvelle.be\\\/fr\\\/#website\",\"url\":\"https:\\\/\\\/www.renouvelle.be\\\/fr\\\/\",\"name\":\"Renouvelle\",\"description\":\"L&#039;actualit\u00e9 de l&#039;\u00e9nergie durable\",\"potentialAction\":[{\"@type\":\"SearchAction\",\"target\":{\"@type\":\"EntryPoint\",\"urlTemplate\":\"https:\\\/\\\/www.renouvelle.be\\\/fr\\\/?s={search_term_string}\"},\"query-input\":{\"@type\":\"PropertyValueSpecification\",\"valueRequired\":true,\"valueName\":\"search_term_string\"}}],\"inLanguage\":\"fr-FR\"},{\"@type\":\"Person\",\"@id\":\"https:\\\/\\\/www.renouvelle.be\\\/fr\\\/#\\\/schema\\\/person\\\/f4eff35e1c33b24317aedb9f1834fa6e\",\"name\":\"Johanna D'hernoncourt\",\"url\":\"https:\\\/\\\/www.renouvelle.be\\\/fr\\\/author\\\/johannadhernoncourt\\\/\"}]}<\/script>\n<!-- \/ Yoast SEO plugin. -->","yoast_head_json":{"title":"Des \u00e9oliennes en for\u00eat pour lutter contre le changement climatique - Renouvelle","description":"Des \u00e9oliennes en for\u00eat ? Une id\u00e9e qui pose un certains nombres de questions pour les plus sceptiques mais celle-ci a plusieurs avantages.","robots":{"index":"index","follow":"follow","max-snippet":"max-snippet:-1","max-image-preview":"max-image-preview:large","max-video-preview":"max-video-preview:-1"},"canonical":"https:\/\/www.renouvelle.be\/fr\/eoliennes-en-foret\/","og_locale":"fr_FR","og_type":"article","og_title":"Des \u00e9oliennes en for\u00eat pour lutter contre le changement climatique - Renouvelle","og_description":"Des \u00e9oliennes en for\u00eat ? Une id\u00e9e qui pose un certains nombres de questions pour les plus sceptiques mais celle-ci a plusieurs avantages.","og_url":"https:\/\/www.renouvelle.be\/fr\/eoliennes-en-foret\/","og_site_name":"Renouvelle","article_published_time":"2024-04-16T07:09:01+00:00","article_modified_time":"2024-04-18T07:32:23+00:00","og_image":[{"width":1024,"height":660,"url":"https:\/\/www.renouvelle.be\/wp-content\/uploads\/2024\/04\/iStock-1166043850-e1712666963861-1024x660.jpg","type":"image\/jpeg"}],"author":"Johanna D'hernoncourt","twitter_card":"summary_large_image","schema":{"@context":"https:\/\/schema.org","@graph":[{"@type":"Article","@id":"https:\/\/www.renouvelle.be\/fr\/eoliennes-en-foret\/#article","isPartOf":{"@id":"https:\/\/www.renouvelle.be\/fr\/eoliennes-en-foret\/"},"author":{"name":"Johanna D'hernoncourt","@id":"https:\/\/www.renouvelle.be\/fr\/#\/schema\/person\/f4eff35e1c33b24317aedb9f1834fa6e"},"headline":"Des \u00e9oliennes en for\u00eat pour lutter contre le changement climatique","datePublished":"2024-04-16T07:09:01+00:00","dateModified":"2024-04-18T07:32:23+00:00","mainEntityOfPage":{"@id":"https:\/\/www.renouvelle.be\/fr\/eoliennes-en-foret\/"},"wordCount":792,"image":{"@id":"https:\/\/www.renouvelle.be\/fr\/eoliennes-en-foret\/#primaryimage"},"thumbnailUrl":"https:\/\/www.renouvelle.be\/wp-content\/uploads\/2024\/04\/iStock-1166043850-e1712666963861.jpg","articleSection":["D\u00e9bats"],"inLanguage":"fr-FR"},{"@type":"WebPage","@id":"https:\/\/www.renouvelle.be\/fr\/eoliennes-en-foret\/","url":"https:\/\/www.renouvelle.be\/fr\/eoliennes-en-foret\/","name":"Des \u00e9oliennes en for\u00eat pour lutter contre le changement climatique - Renouvelle","isPartOf":{"@id":"https:\/\/www.renouvelle.be\/fr\/#website"},"primaryImageOfPage":{"@id":"https:\/\/www.renouvelle.be\/fr\/eoliennes-en-foret\/#primaryimage"},"image":{"@id":"https:\/\/www.renouvelle.be\/fr\/eoliennes-en-foret\/#primaryimage"},"thumbnailUrl":"https:\/\/www.renouvelle.be\/wp-content\/uploads\/2024\/04\/iStock-1166043850-e1712666963861.jpg","datePublished":"2024-04-16T07:09:01+00:00","dateModified":"2024-04-18T07:32:23+00:00","author":{"@id":"https:\/\/www.renouvelle.be\/fr\/#\/schema\/person\/f4eff35e1c33b24317aedb9f1834fa6e"},"description":"Des \u00e9oliennes en for\u00eat ? Une id\u00e9e qui pose un certains nombres de questions pour les plus sceptiques mais celle-ci a plusieurs avantages.","breadcrumb":{"@id":"https:\/\/www.renouvelle.be\/fr\/eoliennes-en-foret\/#breadcrumb"},"inLanguage":"fr-FR","potentialAction":[{"@type":"ReadAction","target":["https:\/\/www.renouvelle.be\/fr\/eoliennes-en-foret\/"]}]},{"@type":"ImageObject","inLanguage":"fr-FR","@id":"https:\/\/www.renouvelle.be\/fr\/eoliennes-en-foret\/#primaryimage","url":"https:\/\/www.renouvelle.be\/wp-content\/uploads\/2024\/04\/iStock-1166043850-e1712666963861.jpg","contentUrl":"https:\/\/www.renouvelle.be\/wp-content\/uploads\/2024\/04\/iStock-1166043850-e1712666963861.jpg","width":2000,"height":1290,"caption":"\u00e9oliennes en for\u00eat"},{"@type":"BreadcrumbList","@id":"https:\/\/www.renouvelle.be\/fr\/eoliennes-en-foret\/#breadcrumb","itemListElement":[{"@type":"ListItem","position":1,"name":"Accueil","item":"https:\/\/www.renouvelle.be\/fr\/"},{"@type":"ListItem","position":2,"name":"Des \u00e9oliennes en for\u00eat pour lutter contre le changement climatique"}]},{"@type":"WebSite","@id":"https:\/\/www.renouvelle.be\/fr\/#website","url":"https:\/\/www.renouvelle.be\/fr\/","name":"Renouvelle","description":"L&#039;actualit\u00e9 de l&#039;\u00e9nergie durable","potentialAction":[{"@type":"SearchAction","target":{"@type":"EntryPoint","urlTemplate":"https:\/\/www.renouvelle.be\/fr\/?s={search_term_string}"},"query-input":{"@type":"PropertyValueSpecification","valueRequired":true,"valueName":"search_term_string"}}],"inLanguage":"fr-FR"},{"@type":"Person","@id":"https:\/\/www.renouvelle.be\/fr\/#\/schema\/person\/f4eff35e1c33b24317aedb9f1834fa6e","name":"Johanna D'hernoncourt","url":"https:\/\/www.renouvelle.be\/fr\/author\/johannadhernoncourt\/"}]}},"_links":{"self":[{"href":"https:\/\/www.renouvelle.be\/fr\/wp-json\/wp\/v2\/posts\/12829","targetHints":{"allow":["GET"]}}],"collection":[{"href":"https:\/\/www.renouvelle.be\/fr\/wp-json\/wp\/v2\/posts"}],"about":[{"href":"https:\/\/www.renouvelle.be\/fr\/wp-json\/wp\/v2\/types\/post"}],"author":[{"embeddable":true,"href":"https:\/\/www.renouvelle.be\/fr\/wp-json\/wp\/v2\/users\/9"}],"replies":[{"embeddable":true,"href":"https:\/\/www.renouvelle.be\/fr\/wp-json\/wp\/v2\/comments?post=12829"}],"version-history":[{"count":14,"href":"https:\/\/www.renouvelle.be\/fr\/wp-json\/wp\/v2\/posts\/12829\/revisions"}],"predecessor-version":[{"id":12857,"href":"https:\/\/www.renouvelle.be\/fr\/wp-json\/wp\/v2\/posts\/12829\/revisions\/12857"}],"wp:featuredmedia":[{"embeddable":true,"href":"https:\/\/www.renouvelle.be\/fr\/wp-json\/wp\/v2\/media\/12832"}],"wp:attachment":[{"href":"https:\/\/www.renouvelle.be\/fr\/wp-json\/wp\/v2\/media?parent=12829"}],"wp:term":[{"taxonomy":"category","embeddable":true,"href":"https:\/\/www.renouvelle.be\/fr\/wp-json\/wp\/v2\/categories?post=12829"},{"taxonomy":"post_tag","embeddable":true,"href":"https:\/\/www.renouvelle.be\/fr\/wp-json\/wp\/v2\/tags?post=12829"},{"taxonomy":"section","embeddable":true,"href":"https:\/\/www.renouvelle.be\/fr\/wp-json\/wp\/v2\/section?post=12829"}],"curies":[{"name":"wp","href":"https:\/\/api.w.org\/{rel}","templated":true}]}}